{"id":171572,"date":"2026-06-30T18:17:54","date_gmt":"2026-06-30T16:17:54","guid":{"rendered":"https:\/\/www.bellunopress.it\/?p=171572"},"modified":"2026-06-30T18:17:54","modified_gmt":"2026-06-30T16:17:54","slug":"stefani-nomina-achille-di-falco-dg-dellulss-1-dolomiti-figura-di-alto-profilo-grazie-al-predecessore-dal-ben","status":"publish","type":"post","link":"https:\/\/www.bellunopress.it\/fr\/2026\/06\/30\/stefani-nomina-achille-di-falco-dg-dellulss-1-dolomiti-figura-di-alto-profilo-grazie-al-predecessore-dal-ben\/","title":{"rendered":"Stefani nomina Achille Di Falco DG dell&#8217;Ulss 1 Dolomiti. &#8220;Figura di alto profilo. Grazie al predecessore Dal Ben&#8221;"},"content":{"rendered":"<p>Ieri avevamo dato notizia delle nomine dei nuovi primari da parte del commissario Giuseppe Dal Ben. Oggi, 30 giugno 2026, il Presidente della Regione Veneto, Alberto Stefani, ha nominato il nuovo Direttore Generale dell\u2019Ulss 1 Dolomiti nella persona del\u00a0 dottor Achille Di Falco, fino a oggi Direttore dei Servizi Sociali dell\u2019Ulss 8 Berica.<\/p>\n<p>Da domani, primo luglio, Di Falco assumer\u00e0 l\u2019incarico di DG a Belluno, con contratto triennale subentrando al dottor Giuseppe Dal Ben, il cui in carico era stato prorogato con la formula del commissario fino al 30 giugno a supporto delle Olimpiadi e Paralimpiadi di Milano-Cortina 2026.<\/p>\n<p>Di Falco ha ricoperto numerosi incarichi dirigenziali nell\u2019ambito della sanit\u00e0 veneta, tra cui l\u2019Azienda Ospedale Universit\u00e0 di Padova e l\u2019Area Sanit\u00e0 e Sociale della Regione Veneto.<\/p>\n<p>Classe 1973, Ha conseguito la laurea magistrale in Scienze Infermieristiche e Ostetriche all\u2019Universit\u00e0 di Padova e in Scienze Economiche all\u2019Universit\u00e0 di Roma.<\/p>\n<p>\u201cSi tratta di una figura dirigenziale di alto profilo \u2013 sottolinea Stefani \u2013 sia per il lungo e prestigioso curriculum, sia per la grande esperienza maturata in svariati incarichi dirigenziali nell\u2019ambito della sanit\u00e0 veneta. Gli auguro buon lavoro, convinto che il suo livello professionale e umano sar\u00e0 prezioso al servizio della sanit\u00e0 bellunese e dei suoi abitanti. Rivolgo al dottor Dal Ben \u2013 conclude Stefani &#8211; un grazie di cuore per quanto fatto in anni e anni di lavoro ai vertici di tante Aziende venete, con l\u2019impresa della gestione sanitaria delle Olimpiadi. Sono certo che la sua straordinaria esperienza di manager non andr\u00e0 perduta\u201d.<\/p>","protected":false},"excerpt":{"rendered":"<p>Ieri avevamo dato notizia delle nomine dei nuovi primari da parte del commissario Giuseppe Dal Ben. Oggi, 30 giugno 2026, il Presidente della Regione Veneto, Alberto Stefani, ha nominato il nuovo Direttore Generale dell\u2019Ulss 1 Dolomiti nella persona del\u00a0 dottor Achille Di Falco, fino a oggi Direttore dei Servizi Sociali dell\u2019Ulss 8 Berica. Da domani, [&hellip;]<\/p>\n","protected":false},"author":2,"featured_media":171573,"comment_status":"closed","ping_status":"open","sticky":false,"template":"","format":"standard","meta":{"footnotes":""},"categories":[26,17],"tags":[],"class_list":["post-171572","post","type-post","status-publish","format-standard","has-post-thumbnail","category-prima-pagina","category-sanita"],"yoast_head":"<!-- This site is optimized with the Yoast SEO plugin v28.4 - https:\/\/yoast.com\/product\/yoast-seo-wordpress\/ -->\n<title>Stefani nomina Achille Di Falco DG dell&#039;Ulss 1 Dolomiti. &quot;Figura di alto profilo. Grazie al predecessore Dal Ben&quot; - Bellunopress - Dolomiti<\/title>\n<meta name=\"robots\" content=\"index, follow, max-snippet:-1, max-image-preview:large, max-video-preview:-1\" \/>\n<link rel=\"canonical\" href=\"https:\/\/www.bellunopress.it\/fr\/2026\/06\/30\/stefani-nomina-achille-di-falco-dg-dellulss-1-dolomiti-figura-di-alto-profilo-grazie-al-predecessore-dal-ben\/\" \/>\n<meta property=\"og:locale\" content=\"fr_FR\" \/>\n<meta property=\"og:type\" content=\"article\" \/>\n<meta property=\"og:title\" content=\"Stefani nomina Achille Di Falco DG dell&#039;Ulss 1 Dolomiti. &quot;Figura di alto profilo. Grazie al predecessore Dal Ben&quot; - Bellunopress - Dolomiti\" \/>\n<meta property=\"og:description\" content=\"Ieri avevamo dato notizia delle nomine dei nuovi primari da parte del commissario Giuseppe Dal Ben. Oggi, 30 giugno 2026, il Presidente della Regione Veneto, Alberto Stefani, ha nominato il nuovo Direttore Generale dell\u2019Ulss 1 Dolomiti nella persona del\u00a0 dottor Achille Di Falco, fino a oggi Direttore dei Servizi Sociali dell\u2019Ulss 8 Berica. Da domani, [&hellip;]\" \/>\n<meta property=\"og:url\" content=\"https:\/\/www.bellunopress.it\/fr\/2026\/06\/30\/stefani-nomina-achille-di-falco-dg-dellulss-1-dolomiti-figura-di-alto-profilo-grazie-al-predecessore-dal-ben\/\" \/>\n<meta property=\"og:site_name\" content=\"Bellunopress - Dolomiti\" \/>\n<meta property=\"article:publisher\" content=\"https:\/\/www.facebook.com\/profile.php?id=100008943462799\" \/>\n<meta property=\"article:published_time\" content=\"2026-06-30T16:17:54+00:00\" \/>\n<meta property=\"og:image\" content=\"https:\/\/www.bellunopress.it\/wp-content\/uploads\/2026\/06\/Achille-Di-Falco-DG-Ulss-Dolomiti.jpg\" \/>\n\t<meta property=\"og:image:width\" content=\"582\" \/>\n\t<meta property=\"og:image:height\" content=\"600\" \/>\n\t<meta property=\"og:image:type\" content=\"image\/jpeg\" \/>\n<meta name=\"author\" content=\"redazione\" \/>\n<meta name=\"twitter:card\" content=\"summary_large_image\" \/>\n<meta name=\"twitter:creator\" content=\"@bellunopress\" \/>\n<meta name=\"twitter:site\" content=\"@bellunopress\" \/>\n<meta name=\"twitter:label1\" content=\"Written by\" \/>\n\t<meta name=\"twitter:data1\" content=\"redazione\" \/>\n\t<meta name=\"twitter:label2\" content=\"Est. reading time\" \/>\n\t<meta name=\"twitter:data2\" content=\"2 minutes\" \/>\n<script type=\"application\/ld+json\" class=\"yoast-schema-graph\">{\"@context\":\"https:\\\/\\\/schema.org\",\"@graph\":[{\"@type\":\"Article\",\"@id\":\"https:\\\/\\\/www.bellunopress.it\\\/2026\\\/06\\\/30\\\/stefani-nomina-achille-di-falco-dg-dellulss-1-dolomiti-figura-di-alto-profilo-grazie-al-predecessore-dal-ben\\\/#article\",\"isPartOf\":{\"@id\":\"https:\\\/\\\/www.bellunopress.it\\\/2026\\\/06\\\/30\\\/stefani-nomina-achille-di-falco-dg-dellulss-1-dolomiti-figura-di-alto-profilo-grazie-al-predecessore-dal-ben\\\/\"},\"author\":{\"name\":\"redazione\",\"@id\":\"https:\\\/\\\/www.bellunopress.it\\\/#\\\/schema\\\/person\\\/79bb06722b37ece1c03d3e94beb30d73\"},\"headline\":\"Stefani nomina Achille Di Falco DG dell&#8217;Ulss 1 Dolomiti. &#8220;Figura di alto profilo. Grazie al predecessore Dal Ben&#8221;\",\"datePublished\":\"2026-06-30T16:17:54+00:00\",\"mainEntityOfPage\":{\"@id\":\"https:\\\/\\\/www.bellunopress.it\\\/2026\\\/06\\\/30\\\/stefani-nomina-achille-di-falco-dg-dellulss-1-dolomiti-figura-di-alto-profilo-grazie-al-predecessore-dal-ben\\\/\"},\"wordCount\":269,\"publisher\":{\"@id\":\"https:\\\/\\\/www.bellunopress.it\\\/#organization\"},\"image\":{\"@id\":\"https:\\\/\\\/www.bellunopress.it\\\/2026\\\/06\\\/30\\\/stefani-nomina-achille-di-falco-dg-dellulss-1-dolomiti-figura-di-alto-profilo-grazie-al-predecessore-dal-ben\\\/#primaryimage\"},\"thumbnailUrl\":\"https:\\\/\\\/www.bellunopress.it\\\/wp-content\\\/uploads\\\/2026\\\/06\\\/Achille-Di-Falco-DG-Ulss-Dolomiti.jpg\",\"articleSection\":[\"Prima Pagina\",\"Sanit\u00e0 Medicina\"],\"inLanguage\":\"fr-FR\"},{\"@type\":\"WebPage\",\"@id\":\"https:\\\/\\\/www.bellunopress.it\\\/2026\\\/06\\\/30\\\/stefani-nomina-achille-di-falco-dg-dellulss-1-dolomiti-figura-di-alto-profilo-grazie-al-predecessore-dal-ben\\\/\",\"url\":\"https:\\\/\\\/www.bellunopress.it\\\/2026\\\/06\\\/30\\\/stefani-nomina-achille-di-falco-dg-dellulss-1-dolomiti-figura-di-alto-profilo-grazie-al-predecessore-dal-ben\\\/\",\"name\":\"Stefani nomina Achille Di Falco DG dell'Ulss 1 Dolomiti. \\\"Figura di alto profilo. Grazie al predecessore Dal Ben\\\" - Bellunopress - Dolomiti\",\"isPartOf\":{\"@id\":\"https:\\\/\\\/www.bellunopress.it\\\/#website\"},\"primaryImageOfPage\":{\"@id\":\"https:\\\/\\\/www.bellunopress.it\\\/2026\\\/06\\\/30\\\/stefani-nomina-achille-di-falco-dg-dellulss-1-dolomiti-figura-di-alto-profilo-grazie-al-predecessore-dal-ben\\\/#primaryimage\"},\"image\":{\"@id\":\"https:\\\/\\\/www.bellunopress.it\\\/2026\\\/06\\\/30\\\/stefani-nomina-achille-di-falco-dg-dellulss-1-dolomiti-figura-di-alto-profilo-grazie-al-predecessore-dal-ben\\\/#primaryimage\"},\"thumbnailUrl\":\"https:\\\/\\\/www.bellunopress.it\\\/wp-content\\\/uploads\\\/2026\\\/06\\\/Achille-Di-Falco-DG-Ulss-Dolomiti.jpg\",\"datePublished\":\"2026-06-30T16:17:54+00:00\",\"breadcrumb\":{\"@id\":\"https:\\\/\\\/www.bellunopress.it\\\/2026\\\/06\\\/30\\\/stefani-nomina-achille-di-falco-dg-dellulss-1-dolomiti-figura-di-alto-profilo-grazie-al-predecessore-dal-ben\\\/#breadcrumb\"},\"inLanguage\":\"fr-FR\",\"potentialAction\":[{\"@type\":\"ReadAction\",\"target\":[\"https:\\\/\\\/www.bellunopress.it\\\/2026\\\/06\\\/30\\\/stefani-nomina-achille-di-falco-dg-dellulss-1-dolomiti-figura-di-alto-profilo-grazie-al-predecessore-dal-ben\\\/\"]}]},{\"@type\":\"ImageObject\",\"inLanguage\":\"fr-FR\",\"@id\":\"https:\\\/\\\/www.bellunopress.it\\\/2026\\\/06\\\/30\\\/stefani-nomina-achille-di-falco-dg-dellulss-1-dolomiti-figura-di-alto-profilo-grazie-al-predecessore-dal-ben\\\/#primaryimage\",\"url\":\"https:\\\/\\\/www.bellunopress.it\\\/wp-content\\\/uploads\\\/2026\\\/06\\\/Achille-Di-Falco-DG-Ulss-Dolomiti.jpg\",\"contentUrl\":\"https:\\\/\\\/www.bellunopress.it\\\/wp-content\\\/uploads\\\/2026\\\/06\\\/Achille-Di-Falco-DG-Ulss-Dolomiti.jpg\",\"width\":582,\"height\":600,\"caption\":\"Achille Di Falco - DG Ulss 1 Dolomiti\"},{\"@type\":\"BreadcrumbList\",\"@id\":\"https:\\\/\\\/www.bellunopress.it\\\/2026\\\/06\\\/30\\\/stefani-nomina-achille-di-falco-dg-dellulss-1-dolomiti-figura-di-alto-profilo-grazie-al-predecessore-dal-ben\\\/#breadcrumb\",\"itemListElement\":[{\"@type\":\"ListItem\",\"position\":1,\"name\":\"Home\",\"item\":\"https:\\\/\\\/www.bellunopress.it\\\/\"},{\"@type\":\"ListItem\",\"position\":2,\"name\":\"Stefani nomina Achille Di Falco DG dell&#8217;Ulss 1 Dolomiti. &#8220;Figura di alto profilo. Grazie al predecessore Dal Ben&#8221;\"}]},{\"@type\":\"WebSite\",\"@id\":\"https:\\\/\\\/www.bellunopress.it\\\/#website\",\"url\":\"https:\\\/\\\/www.bellunopress.it\\\/\",\"name\":\"Bellunopress - Dolomiti\",\"description\":\"e-mail: redazione@bellunopress.it\",\"publisher\":{\"@id\":\"https:\\\/\\\/www.bellunopress.it\\\/#organization\"},\"potentialAction\":[{\"@type\":\"SearchAction\",\"target\":{\"@type\":\"EntryPoint\",\"urlTemplate\":\"https:\\\/\\\/www.bellunopress.it\\\/?s={search_term_string}\"},\"query-input\":{\"@type\":\"PropertyValueSpecification\",\"valueRequired\":true,\"valueName\":\"search_term_string\"}}],\"inLanguage\":\"fr-FR\"},{\"@type\":\"Organization\",\"@id\":\"https:\\\/\\\/www.bellunopress.it\\\/#organization\",\"name\":\"Bellunopress\",\"url\":\"https:\\\/\\\/www.bellunopress.it\\\/\",\"logo\":{\"@type\":\"ImageObject\",\"inLanguage\":\"fr-FR\",\"@id\":\"https:\\\/\\\/www.bellunopress.it\\\/#\\\/schema\\\/logo\\\/image\\\/\",\"url\":\"https:\\\/\\\/www.bellunopress.it\\\/wp-content\\\/uploads\\\/2011\\\/05\\\/cropped-logo-bellunopress-.jpg\",\"contentUrl\":\"https:\\\/\\\/www.bellunopress.it\\\/wp-content\\\/uploads\\\/2011\\\/05\\\/cropped-logo-bellunopress-.jpg\",\"width\":512,\"height\":512,\"caption\":\"Bellunopress\"},\"image\":{\"@id\":\"https:\\\/\\\/www.bellunopress.it\\\/#\\\/schema\\\/logo\\\/image\\\/\"},\"sameAs\":[\"https:\\\/\\\/www.facebook.com\\\/profile.php?id=100008943462799\",\"https:\\\/\\\/x.com\\\/bellunopress\",\"https:\\\/\\\/www.linkedin.com\\\/hp\\\/?dnr=JBzUWaJfMUw8vbXJJ2tVW5-I3jZKvC4wsoxE&amp;amp;amp;amp;amp;amp;trk=nav_responsive_tab_home\",\"https:\\\/\\\/www.youtube.com\\\/channel\\\/UCxL0wu1uN0_3_7hGG0306cw\"]},{\"@type\":\"Person\",\"@id\":\"https:\\\/\\\/www.bellunopress.it\\\/#\\\/schema\\\/person\\\/79bb06722b37ece1c03d3e94beb30d73\",\"name\":\"redazione\",\"image\":{\"@type\":\"ImageObject\",\"inLanguage\":\"fr-FR\",\"@id\":\"https:\\\/\\\/secure.gravatar.com\\\/avatar\\\/37d968a2e67a6fd04c169c4bdef102d0bc5d31b2546345219e348575eb80e9a0?s=96&d=mm&r=g\",\"url\":\"https:\\\/\\\/secure.gravatar.com\\\/avatar\\\/37d968a2e67a6fd04c169c4bdef102d0bc5d31b2546345219e348575eb80e9a0?s=96&d=mm&r=g\",\"contentUrl\":\"https:\\\/\\\/secure.gravatar.com\\\/avatar\\\/37d968a2e67a6fd04c169c4bdef102d0bc5d31b2546345219e348575eb80e9a0?s=96&d=mm&r=g\",\"caption\":\"redazione\"},\"sameAs\":[\"http:\\\/\\\/www.bellunopress.it\",\"https:\\\/\\\/x.com\\\/bellunopress\"],\"url\":\"https:\\\/\\\/www.bellunopress.it\\\/fr\\\/author\\\/redazione\\\/\"}]}<\/script>\n<!-- \/ Yoast SEO plugin. -->","yoast_head_json":{"title":"Stefani nomina Achille Di Falco DG dell'Ulss 1 Dolomiti. \"Figura di alto profilo. Grazie al predecessore Dal Ben\" - Bellunopress - Dolomiti","robots":{"index":"index","follow":"follow","max-snippet":"max-snippet:-1","max-image-preview":"max-image-preview:large","max-video-preview":"max-video-preview:-1"},"canonical":"https:\/\/www.bellunopress.it\/fr\/2026\/06\/30\/stefani-nomina-achille-di-falco-dg-dellulss-1-dolomiti-figura-di-alto-profilo-grazie-al-predecessore-dal-ben\/","og_locale":"fr_FR","og_type":"article","og_title":"Stefani nomina Achille Di Falco DG dell'Ulss 1 Dolomiti. \"Figura di alto profilo. Grazie al predecessore Dal Ben\" - Bellunopress - Dolomiti","og_description":"Ieri avevamo dato notizia delle nomine dei nuovi primari da parte del commissario Giuseppe Dal Ben. Oggi, 30 giugno 2026, il Presidente della Regione Veneto, Alberto Stefani, ha nominato il nuovo Direttore Generale dell\u2019Ulss 1 Dolomiti nella persona del\u00a0 dottor Achille Di Falco, fino a oggi Direttore dei Servizi Sociali dell\u2019Ulss 8 Berica. Da domani, [&hellip;]","og_url":"https:\/\/www.bellunopress.it\/fr\/2026\/06\/30\/stefani-nomina-achille-di-falco-dg-dellulss-1-dolomiti-figura-di-alto-profilo-grazie-al-predecessore-dal-ben\/","og_site_name":"Bellunopress - Dolomiti","article_publisher":"https:\/\/www.facebook.com\/profile.php?id=100008943462799","article_published_time":"2026-06-30T16:17:54+00:00","og_image":[{"width":582,"height":600,"url":"https:\/\/www.bellunopress.it\/wp-content\/uploads\/2026\/06\/Achille-Di-Falco-DG-Ulss-Dolomiti.jpg","type":"image\/jpeg"}],"author":"redazione","twitter_card":"summary_large_image","twitter_creator":"@bellunopress","twitter_site":"@bellunopress","twitter_misc":{"Written by":"redazione","Est. reading time":"2 minutes"},"schema":{"@context":"https:\/\/schema.org","@graph":[{"@type":"Article","@id":"https:\/\/www.bellunopress.it\/2026\/06\/30\/stefani-nomina-achille-di-falco-dg-dellulss-1-dolomiti-figura-di-alto-profilo-grazie-al-predecessore-dal-ben\/#article","isPartOf":{"@id":"https:\/\/www.bellunopress.it\/2026\/06\/30\/stefani-nomina-achille-di-falco-dg-dellulss-1-dolomiti-figura-di-alto-profilo-grazie-al-predecessore-dal-ben\/"},"author":{"name":"redazione","@id":"https:\/\/www.bellunopress.it\/#\/schema\/person\/79bb06722b37ece1c03d3e94beb30d73"},"headline":"Stefani nomina Achille Di Falco DG dell&#8217;Ulss 1 Dolomiti. &#8220;Figura di alto profilo. Grazie al predecessore Dal Ben&#8221;","datePublished":"2026-06-30T16:17:54+00:00","mainEntityOfPage":{"@id":"https:\/\/www.bellunopress.it\/2026\/06\/30\/stefani-nomina-achille-di-falco-dg-dellulss-1-dolomiti-figura-di-alto-profilo-grazie-al-predecessore-dal-ben\/"},"wordCount":269,"publisher":{"@id":"https:\/\/www.bellunopress.it\/#organization"},"image":{"@id":"https:\/\/www.bellunopress.it\/2026\/06\/30\/stefani-nomina-achille-di-falco-dg-dellulss-1-dolomiti-figura-di-alto-profilo-grazie-al-predecessore-dal-ben\/#primaryimage"},"thumbnailUrl":"https:\/\/www.bellunopress.it\/wp-content\/uploads\/2026\/06\/Achille-Di-Falco-DG-Ulss-Dolomiti.jpg","articleSection":["Prima Pagina","Sanit\u00e0 Medicina"],"inLanguage":"fr-FR"},{"@type":"WebPage","@id":"https:\/\/www.bellunopress.it\/2026\/06\/30\/stefani-nomina-achille-di-falco-dg-dellulss-1-dolomiti-figura-di-alto-profilo-grazie-al-predecessore-dal-ben\/","url":"https:\/\/www.bellunopress.it\/2026\/06\/30\/stefani-nomina-achille-di-falco-dg-dellulss-1-dolomiti-figura-di-alto-profilo-grazie-al-predecessore-dal-ben\/","name":"Stefani nomina Achille Di Falco DG dell'Ulss 1 Dolomiti. \"Figura di alto profilo. Grazie al predecessore Dal Ben\" - Bellunopress - Dolomiti","isPartOf":{"@id":"https:\/\/www.bellunopress.it\/#website"},"primaryImageOfPage":{"@id":"https:\/\/www.bellunopress.it\/2026\/06\/30\/stefani-nomina-achille-di-falco-dg-dellulss-1-dolomiti-figura-di-alto-profilo-grazie-al-predecessore-dal-ben\/#primaryimage"},"image":{"@id":"https:\/\/www.bellunopress.it\/2026\/06\/30\/stefani-nomina-achille-di-falco-dg-dellulss-1-dolomiti-figura-di-alto-profilo-grazie-al-predecessore-dal-ben\/#primaryimage"},"thumbnailUrl":"https:\/\/www.bellunopress.it\/wp-content\/uploads\/2026\/06\/Achille-Di-Falco-DG-Ulss-Dolomiti.jpg","datePublished":"2026-06-30T16:17:54+00:00","breadcrumb":{"@id":"https:\/\/www.bellunopress.it\/2026\/06\/30\/stefani-nomina-achille-di-falco-dg-dellulss-1-dolomiti-figura-di-alto-profilo-grazie-al-predecessore-dal-ben\/#breadcrumb"},"inLanguage":"fr-FR","potentialAction":[{"@type":"ReadAction","target":["https:\/\/www.bellunopress.it\/2026\/06\/30\/stefani-nomina-achille-di-falco-dg-dellulss-1-dolomiti-figura-di-alto-profilo-grazie-al-predecessore-dal-ben\/"]}]},{"@type":"ImageObject","inLanguage":"fr-FR","@id":"https:\/\/www.bellunopress.it\/2026\/06\/30\/stefani-nomina-achille-di-falco-dg-dellulss-1-dolomiti-figura-di-alto-profilo-grazie-al-predecessore-dal-ben\/#primaryimage","url":"https:\/\/www.bellunopress.it\/wp-content\/uploads\/2026\/06\/Achille-Di-Falco-DG-Ulss-Dolomiti.jpg","contentUrl":"https:\/\/www.bellunopress.it\/wp-content\/uploads\/2026\/06\/Achille-Di-Falco-DG-Ulss-Dolomiti.jpg","width":582,"height":600,"caption":"Achille Di Falco - DG Ulss 1 Dolomiti"},{"@type":"BreadcrumbList","@id":"https:\/\/www.bellunopress.it\/2026\/06\/30\/stefani-nomina-achille-di-falco-dg-dellulss-1-dolomiti-figura-di-alto-profilo-grazie-al-predecessore-dal-ben\/#breadcrumb","itemListElement":[{"@type":"ListItem","position":1,"name":"Home","item":"https:\/\/www.bellunopress.it\/"},{"@type":"ListItem","position":2,"name":"Stefani nomina Achille Di Falco DG dell&#8217;Ulss 1 Dolomiti. &#8220;Figura di alto profilo. Grazie al predecessore Dal Ben&#8221;"}]},{"@type":"WebSite","@id":"https:\/\/www.bellunopress.it\/#website","url":"https:\/\/www.bellunopress.it\/","name":"Bellunopress - Dolomiti","description":"e-mail: redazione@bellunopress.it","publisher":{"@id":"https:\/\/www.bellunopress.it\/#organization"},"potentialAction":[{"@type":"SearchAction","target":{"@type":"EntryPoint","urlTemplate":"https:\/\/www.bellunopress.it\/?s={search_term_string}"},"query-input":{"@type":"PropertyValueSpecification","valueRequired":true,"valueName":"search_term_string"}}],"inLanguage":"fr-FR"},{"@type":"Organization","@id":"https:\/\/www.bellunopress.it\/#organization","name":"Bellunopress","url":"https:\/\/www.bellunopress.it\/","logo":{"@type":"ImageObject","inLanguage":"fr-FR","@id":"https:\/\/www.bellunopress.it\/#\/schema\/logo\/image\/","url":"https:\/\/www.bellunopress.it\/wp-content\/uploads\/2011\/05\/cropped-logo-bellunopress-.jpg","contentUrl":"https:\/\/www.bellunopress.it\/wp-content\/uploads\/2011\/05\/cropped-logo-bellunopress-.jpg","width":512,"height":512,"caption":"Bellunopress"},"image":{"@id":"https:\/\/www.bellunopress.it\/#\/schema\/logo\/image\/"},"sameAs":["https:\/\/www.facebook.com\/profile.php?id=100008943462799","https:\/\/x.com\/bellunopress","https:\/\/www.linkedin.com\/hp\/?dnr=JBzUWaJfMUw8vbXJJ2tVW5-I3jZKvC4wsoxE&amp;amp;amp;amp;amp;amp;trk=nav_responsive_tab_home","https:\/\/www.youtube.com\/channel\/UCxL0wu1uN0_3_7hGG0306cw"]},{"@type":"Person","@id":"https:\/\/www.bellunopress.it\/#\/schema\/person\/79bb06722b37ece1c03d3e94beb30d73","name":"r\u00e9daction","image":{"@type":"ImageObject","inLanguage":"fr-FR","@id":"https:\/\/secure.gravatar.com\/avatar\/37d968a2e67a6fd04c169c4bdef102d0bc5d31b2546345219e348575eb80e9a0?s=96&d=mm&r=g","url":"https:\/\/secure.gravatar.com\/avatar\/37d968a2e67a6fd04c169c4bdef102d0bc5d31b2546345219e348575eb80e9a0?s=96&d=mm&r=g","contentUrl":"https:\/\/secure.gravatar.com\/avatar\/37d968a2e67a6fd04c169c4bdef102d0bc5d31b2546345219e348575eb80e9a0?s=96&d=mm&r=g","caption":"redazione"},"sameAs":["http:\/\/www.bellunopress.it","https:\/\/x.com\/bellunopress"],"url":"https:\/\/www.bellunopress.it\/fr\/author\/redazione\/"}]}},"_links":{"self":[{"href":"https:\/\/www.bellunopress.it\/fr\/wp-json\/wp\/v2\/posts\/171572","targetHints":{"allow":["GET"]}}],"collection":[{"href":"https:\/\/www.bellunopress.it\/fr\/wp-json\/wp\/v2\/posts"}],"about":[{"href":"https:\/\/www.bellunopress.it\/fr\/wp-json\/wp\/v2\/types\/post"}],"author":[{"embeddable":true,"href":"https:\/\/www.bellunopress.it\/fr\/wp-json\/wp\/v2\/users\/2"}],"replies":[{"embeddable":true,"href":"https:\/\/www.bellunopress.it\/fr\/wp-json\/wp\/v2\/comments?post=171572"}],"version-history":[{"count":1,"href":"https:\/\/www.bellunopress.it\/fr\/wp-json\/wp\/v2\/posts\/171572\/revisions"}],"predecessor-version":[{"id":171574,"href":"https:\/\/www.bellunopress.it\/fr\/wp-json\/wp\/v2\/posts\/171572\/revisions\/171574"}],"wp:featuredmedia":[{"embeddable":true,"href":"https:\/\/www.bellunopress.it\/fr\/wp-json\/wp\/v2\/media\/171573"}],"wp:attachment":[{"href":"https:\/\/www.bellunopress.it\/fr\/wp-json\/wp\/v2\/media?parent=171572"}],"wp:term":[{"taxonomy":"category","embeddable":true,"href":"https:\/\/www.bellunopress.it\/fr\/wp-json\/wp\/v2\/categories?post=171572"},{"taxonomy":"post_tag","embeddable":true,"href":"https:\/\/www.bellunopress.it\/fr\/wp-json\/wp\/v2\/tags?post=171572"}],"curies":[{"name":"wp","href":"https:\/\/api.w.org\/{rel}","templated":true}]}}