{"id":171569,"date":"2026-06-30T17:57:29","date_gmt":"2026-06-30T15:57:29","guid":{"rendered":"https:\/\/www.bellunopress.it\/?p=171569"},"modified":"2026-06-30T17:57:43","modified_gmt":"2026-06-30T15:57:43","slug":"belluno-premio-san-martino-2026-candidature-entro-il-30-agosto","status":"publish","type":"post","link":"https:\/\/www.bellunopress.it\/fr\/2026\/06\/30\/belluno-premio-san-martino-2026-candidature-entro-il-30-agosto\/","title":{"rendered":"Belluno, Premio San Martino 2026: candidature entro il 30 agosto"},"content":{"rendered":"<p>Il Premio San Martino \u00e8 stato istituito nel 1972 per rendere merito a chi si sia distinto per azioni concrete nel campo delle scienze, delle lettere, delle arti, della musica, delle attivit\u00e0 produttive, del lavoro, della scuola, dello sport, dell\u2019ambiente, anche con iniziative di carattere, sociale, assistenziale e filantropico.<br \/>\nIl termine per presentare le candidature di persone fisiche maggiorenni oppure di Associazioni\/Enti del Terzo Settore e, inoltre, di persone minorenni, che si ritengano meritevoli dell&#8217;assegnazione del Premio per l\u2019anno 2026 \u00e8 il 30 agosto.<\/p>\n<p>Come stabilisce il Regolamento, le persone proposte devono essere viventi e native del Comune di Belluno, oppure devono operare o aver operato nello stesso Comune.<br \/>\nL&#8217;Associazione\/Ente del Terzo Settore deve ugualmente avere la sede nel Comune di Belluno, oppure operarvi o avervi operato.<br \/>\nPi\u00f9 cittadini del Comune di Belluno, a esclusione dei consiglieri comunali e della Giunta, possono avanzare una propria proposta relativa all\u2019assegnazione del Premio, corredandola della documentazione che ritengano opportuno trasmettere e utilizzando il modello predefinito, scaricabile dal sito Internet istituzionale, alla voce Amministrazione &gt; Documenti e dati&gt; Modulistica &gt; Modello unico candidature Premio San Martino (link diretto https:\/\/tinyurl.com\/3n8j6f75 ).<\/p>\n<p>Le candidature, inoltre, dovranno essere sostenute da non meno di 25 e da non pi\u00f9 di 100 firme di cittadini del Comune.<br \/>\nA titolo di esempio, si potranno, quindi, presentare:<br \/>\n\u2022 una candidatura di persona maggiorenne e una di persona minorenne,<br \/>\n\u2022 oppure una candidatura di associazione e una di persona minorenne,<br \/>\n\u2022 oppure la sola candidatura di persona maggiorenne,<br \/>\n\u2022 oppure la sola candidatura di associazione,<br \/>\n\u2022 oppure la sola candidatura di persona minorenne.<\/p>\n<p>I moduli di candidatura, indirizzati all\u2019Ufficio della Presidenza del Consiglio comunale, dovranno essere presentati entro il 30 agosto a mezzo lettera raccomandata (A\/R) o a mezzo PEC, o consegnate a mano, in busta chiusa, all\u2019Ufficio Protocollo del<br \/>\nComune di Belluno accessibile dal luned\u00ec al venerd\u00ec, dalle 9 alle 12, e il gioved\u00ec anche dalle 15 alle 17.<br \/>\nLe proposte dovranno rimanere assolutamente riservate.<\/p>\n<p>Ogni altra informazione \u00e8 dettagliata nel Regolamento del Premio, disponibile online, nel sito Internet del Comune, nella sezione Amministrazione &gt; Documenti e dati&gt; Documenti funzionamento interno &gt; Regolamento Premio San Martino (link diretto <a href=\"https:\/\/tinyurl.com\/5ttzwds8\">https:\/\/tinyurl.com\/5ttzwds8<\/a> ).<br \/>\nL\u2019anno scorso il Premio \u00e8 stato assegnato a Fra Roberto Rizzato per la categoria adulti e a Leonardo D\u2019Inc\u00e0 per la categoria giovani.<\/p>","protected":false},"excerpt":{"rendered":"<p>Il Premio San Martino \u00e8 stato istituito nel 1972 per rendere merito a chi si sia distinto per azioni concrete nel campo delle scienze, delle lettere, delle arti, della musica, delle attivit\u00e0 produttive, del lavoro, della scuola, dello sport, dell\u2019ambiente, anche con iniziative di carattere, sociale, assistenziale e filantropico. Il termine per presentare le candidature [&hellip;]<\/p>\n","protected":false},"author":2,"featured_media":135582,"comment_status":"closed","ping_status":"open","sticky":false,"template":"","format":"standard","meta":{"footnotes":""},"categories":[8],"tags":[],"class_list":["post-171569","post","type-post","status-publish","format-standard","has-post-thumbnail","category-societa-istituzioni"],"yoast_head":"<!-- This site is optimized with the Yoast SEO plugin v28.4 - https:\/\/yoast.com\/product\/yoast-seo-wordpress\/ -->\n<title>Belluno, Premio San Martino 2026: candidature entro il 30 agosto - Bellunopress - Dolomiti<\/title>\n<meta name=\"robots\" content=\"index, follow, max-snippet:-1, max-image-preview:large, max-video-preview:-1\" \/>\n<link rel=\"canonical\" href=\"https:\/\/www.bellunopress.it\/fr\/2026\/06\/30\/belluno-premio-san-martino-2026-candidature-entro-il-30-agosto\/\" \/>\n<meta property=\"og:locale\" content=\"fr_FR\" \/>\n<meta property=\"og:type\" content=\"article\" \/>\n<meta property=\"og:title\" content=\"Belluno, Premio San Martino 2026: candidature entro il 30 agosto - Bellunopress - Dolomiti\" \/>\n<meta property=\"og:description\" content=\"Il Premio San Martino \u00e8 stato istituito nel 1972 per rendere merito a chi si sia distinto per azioni concrete nel campo delle scienze, delle lettere, delle arti, della musica, delle attivit\u00e0 produttive, del lavoro, della scuola, dello sport, dell\u2019ambiente, anche con iniziative di carattere, sociale, assistenziale e filantropico. Il termine per presentare le candidature [&hellip;]\" \/>\n<meta property=\"og:url\" content=\"https:\/\/www.bellunopress.it\/fr\/2026\/06\/30\/belluno-premio-san-martino-2026-candidature-entro-il-30-agosto\/\" \/>\n<meta property=\"og:site_name\" content=\"Bellunopress - Dolomiti\" \/>\n<meta property=\"article:publisher\" content=\"https:\/\/www.facebook.com\/profile.php?id=100008943462799\" \/>\n<meta property=\"article:published_time\" content=\"2026-06-30T15:57:29+00:00\" \/>\n<meta property=\"article:modified_time\" content=\"2026-06-30T15:57:43+00:00\" \/>\n<meta property=\"og:image\" content=\"https:\/\/www.bellunopress.it\/wp-content\/uploads\/2022\/08\/Premio-San-Martino-Belluno_edited.jpg\" \/>\n\t<meta property=\"og:image:width\" content=\"295\" \/>\n\t<meta property=\"og:image:height\" content=\"300\" \/>\n\t<meta property=\"og:image:type\" content=\"image\/jpeg\" \/>\n<meta name=\"author\" content=\"redazione\" \/>\n<meta name=\"twitter:card\" content=\"summary_large_image\" \/>\n<meta name=\"twitter:creator\" content=\"@bellunopress\" \/>\n<meta name=\"twitter:site\" content=\"@bellunopress\" \/>\n<meta name=\"twitter:label1\" content=\"\u00c9crit par\" \/>\n\t<meta name=\"twitter:data1\" content=\"redazione\" \/>\n\t<meta name=\"twitter:label2\" content=\"Dur\u00e9e de lecture estim\u00e9e\" \/>\n\t<meta name=\"twitter:data2\" content=\"3 minutes\" \/>\n<script type=\"application\/ld+json\" class=\"yoast-schema-graph\">{\"@context\":\"https:\\\/\\\/schema.org\",\"@graph\":[{\"@type\":\"Article\",\"@id\":\"https:\\\/\\\/www.bellunopress.it\\\/2026\\\/06\\\/30\\\/belluno-premio-san-martino-2026-candidature-entro-il-30-agosto\\\/#article\",\"isPartOf\":{\"@id\":\"https:\\\/\\\/www.bellunopress.it\\\/2026\\\/06\\\/30\\\/belluno-premio-san-martino-2026-candidature-entro-il-30-agosto\\\/\"},\"author\":{\"name\":\"redazione\",\"@id\":\"https:\\\/\\\/www.bellunopress.it\\\/#\\\/schema\\\/person\\\/79bb06722b37ece1c03d3e94beb30d73\"},\"headline\":\"Belluno, Premio San Martino 2026: candidature entro il 30 agosto\",\"datePublished\":\"2026-06-30T15:57:29+00:00\",\"dateModified\":\"2026-06-30T15:57:43+00:00\",\"mainEntityOfPage\":{\"@id\":\"https:\\\/\\\/www.bellunopress.it\\\/2026\\\/06\\\/30\\\/belluno-premio-san-martino-2026-candidature-entro-il-30-agosto\\\/\"},\"wordCount\":391,\"publisher\":{\"@id\":\"https:\\\/\\\/www.bellunopress.it\\\/#organization\"},\"image\":{\"@id\":\"https:\\\/\\\/www.bellunopress.it\\\/2026\\\/06\\\/30\\\/belluno-premio-san-martino-2026-candidature-entro-il-30-agosto\\\/#primaryimage\"},\"thumbnailUrl\":\"https:\\\/\\\/www.bellunopress.it\\\/wp-content\\\/uploads\\\/2022\\\/08\\\/Premio-San-Martino-Belluno_edited.jpg\",\"articleSection\":[\"Societ\u00e0, Associazioni, Istituzioni\"],\"inLanguage\":\"fr-FR\"},{\"@type\":\"WebPage\",\"@id\":\"https:\\\/\\\/www.bellunopress.it\\\/2026\\\/06\\\/30\\\/belluno-premio-san-martino-2026-candidature-entro-il-30-agosto\\\/\",\"url\":\"https:\\\/\\\/www.bellunopress.it\\\/2026\\\/06\\\/30\\\/belluno-premio-san-martino-2026-candidature-entro-il-30-agosto\\\/\",\"name\":\"Belluno, Premio San Martino 2026: candidature entro il 30 agosto - Bellunopress - Dolomiti\",\"isPartOf\":{\"@id\":\"https:\\\/\\\/www.bellunopress.it\\\/#website\"},\"primaryImageOfPage\":{\"@id\":\"https:\\\/\\\/www.bellunopress.it\\\/2026\\\/06\\\/30\\\/belluno-premio-san-martino-2026-candidature-entro-il-30-agosto\\\/#primaryimage\"},\"image\":{\"@id\":\"https:\\\/\\\/www.bellunopress.it\\\/2026\\\/06\\\/30\\\/belluno-premio-san-martino-2026-candidature-entro-il-30-agosto\\\/#primaryimage\"},\"thumbnailUrl\":\"https:\\\/\\\/www.bellunopress.it\\\/wp-content\\\/uploads\\\/2022\\\/08\\\/Premio-San-Martino-Belluno_edited.jpg\",\"datePublished\":\"2026-06-30T15:57:29+00:00\",\"dateModified\":\"2026-06-30T15:57:43+00:00\",\"breadcrumb\":{\"@id\":\"https:\\\/\\\/www.bellunopress.it\\\/2026\\\/06\\\/30\\\/belluno-premio-san-martino-2026-candidature-entro-il-30-agosto\\\/#breadcrumb\"},\"inLanguage\":\"fr-FR\",\"potentialAction\":[{\"@type\":\"ReadAction\",\"target\":[\"https:\\\/\\\/www.bellunopress.it\\\/2026\\\/06\\\/30\\\/belluno-premio-san-martino-2026-candidature-entro-il-30-agosto\\\/\"]}]},{\"@type\":\"ImageObject\",\"inLanguage\":\"fr-FR\",\"@id\":\"https:\\\/\\\/www.bellunopress.it\\\/2026\\\/06\\\/30\\\/belluno-premio-san-martino-2026-candidature-entro-il-30-agosto\\\/#primaryimage\",\"url\":\"https:\\\/\\\/www.bellunopress.it\\\/wp-content\\\/uploads\\\/2022\\\/08\\\/Premio-San-Martino-Belluno_edited.jpg\",\"contentUrl\":\"https:\\\/\\\/www.bellunopress.it\\\/wp-content\\\/uploads\\\/2022\\\/08\\\/Premio-San-Martino-Belluno_edited.jpg\",\"width\":295,\"height\":300},{\"@type\":\"BreadcrumbList\",\"@id\":\"https:\\\/\\\/www.bellunopress.it\\\/2026\\\/06\\\/30\\\/belluno-premio-san-martino-2026-candidature-entro-il-30-agosto\\\/#breadcrumb\",\"itemListElement\":[{\"@type\":\"ListItem\",\"position\":1,\"name\":\"Home\",\"item\":\"https:\\\/\\\/www.bellunopress.it\\\/\"},{\"@type\":\"ListItem\",\"position\":2,\"name\":\"Belluno, Premio San Martino 2026: candidature entro il 30 agosto\"}]},{\"@type\":\"WebSite\",\"@id\":\"https:\\\/\\\/www.bellunopress.it\\\/#website\",\"url\":\"https:\\\/\\\/www.bellunopress.it\\\/\",\"name\":\"Bellunopress - Dolomiti\",\"description\":\"e-mail: redazione@bellunopress.it\",\"publisher\":{\"@id\":\"https:\\\/\\\/www.bellunopress.it\\\/#organization\"},\"potentialAction\":[{\"@type\":\"SearchAction\",\"target\":{\"@type\":\"EntryPoint\",\"urlTemplate\":\"https:\\\/\\\/www.bellunopress.it\\\/?s={search_term_string}\"},\"query-input\":{\"@type\":\"PropertyValueSpecification\",\"valueRequired\":true,\"valueName\":\"search_term_string\"}}],\"inLanguage\":\"fr-FR\"},{\"@type\":\"Organization\",\"@id\":\"https:\\\/\\\/www.bellunopress.it\\\/#organization\",\"name\":\"Bellunopress\",\"url\":\"https:\\\/\\\/www.bellunopress.it\\\/\",\"logo\":{\"@type\":\"ImageObject\",\"inLanguage\":\"fr-FR\",\"@id\":\"https:\\\/\\\/www.bellunopress.it\\\/#\\\/schema\\\/logo\\\/image\\\/\",\"url\":\"https:\\\/\\\/www.bellunopress.it\\\/wp-content\\\/uploads\\\/2011\\\/05\\\/cropped-logo-bellunopress-.jpg\",\"contentUrl\":\"https:\\\/\\\/www.bellunopress.it\\\/wp-content\\\/uploads\\\/2011\\\/05\\\/cropped-logo-bellunopress-.jpg\",\"width\":512,\"height\":512,\"caption\":\"Bellunopress\"},\"image\":{\"@id\":\"https:\\\/\\\/www.bellunopress.it\\\/#\\\/schema\\\/logo\\\/image\\\/\"},\"sameAs\":[\"https:\\\/\\\/www.facebook.com\\\/profile.php?id=100008943462799\",\"https:\\\/\\\/x.com\\\/bellunopress\",\"https:\\\/\\\/www.linkedin.com\\\/hp\\\/?dnr=JBzUWaJfMUw8vbXJJ2tVW5-I3jZKvC4wsoxE&amp;amp;amp;amp;amp;amp;trk=nav_responsive_tab_home\",\"https:\\\/\\\/www.youtube.com\\\/channel\\\/UCxL0wu1uN0_3_7hGG0306cw\"]},{\"@type\":\"Person\",\"@id\":\"https:\\\/\\\/www.bellunopress.it\\\/#\\\/schema\\\/person\\\/79bb06722b37ece1c03d3e94beb30d73\",\"name\":\"redazione\",\"image\":{\"@type\":\"ImageObject\",\"inLanguage\":\"fr-FR\",\"@id\":\"https:\\\/\\\/secure.gravatar.com\\\/avatar\\\/37d968a2e67a6fd04c169c4bdef102d0bc5d31b2546345219e348575eb80e9a0?s=96&d=mm&r=g\",\"url\":\"https:\\\/\\\/secure.gravatar.com\\\/avatar\\\/37d968a2e67a6fd04c169c4bdef102d0bc5d31b2546345219e348575eb80e9a0?s=96&d=mm&r=g\",\"contentUrl\":\"https:\\\/\\\/secure.gravatar.com\\\/avatar\\\/37d968a2e67a6fd04c169c4bdef102d0bc5d31b2546345219e348575eb80e9a0?s=96&d=mm&r=g\",\"caption\":\"redazione\"},\"sameAs\":[\"http:\\\/\\\/www.bellunopress.it\",\"https:\\\/\\\/x.com\\\/bellunopress\"],\"url\":\"https:\\\/\\\/www.bellunopress.it\\\/fr\\\/author\\\/redazione\\\/\"}]}<\/script>\n<!-- \/ Yoast SEO plugin. -->","yoast_head_json":{"title":"Belluno, Premio San Martino 2026: candidature entro il 30 agosto - Bellunopress - Dolomiti","robots":{"index":"index","follow":"follow","max-snippet":"max-snippet:-1","max-image-preview":"max-image-preview:large","max-video-preview":"max-video-preview:-1"},"canonical":"https:\/\/www.bellunopress.it\/fr\/2026\/06\/30\/belluno-premio-san-martino-2026-candidature-entro-il-30-agosto\/","og_locale":"fr_FR","og_type":"article","og_title":"Belluno, Premio San Martino 2026: candidature entro il 30 agosto - Bellunopress - Dolomiti","og_description":"Il Premio San Martino \u00e8 stato istituito nel 1972 per rendere merito a chi si sia distinto per azioni concrete nel campo delle scienze, delle lettere, delle arti, della musica, delle attivit\u00e0 produttive, del lavoro, della scuola, dello sport, dell\u2019ambiente, anche con iniziative di carattere, sociale, assistenziale e filantropico. Il termine per presentare le candidature [&hellip;]","og_url":"https:\/\/www.bellunopress.it\/fr\/2026\/06\/30\/belluno-premio-san-martino-2026-candidature-entro-il-30-agosto\/","og_site_name":"Bellunopress - Dolomiti","article_publisher":"https:\/\/www.facebook.com\/profile.php?id=100008943462799","article_published_time":"2026-06-30T15:57:29+00:00","article_modified_time":"2026-06-30T15:57:43+00:00","og_image":[{"width":295,"height":300,"url":"https:\/\/www.bellunopress.it\/wp-content\/uploads\/2022\/08\/Premio-San-Martino-Belluno_edited.jpg","type":"image\/jpeg"}],"author":"redazione","twitter_card":"summary_large_image","twitter_creator":"@bellunopress","twitter_site":"@bellunopress","twitter_misc":{"\u00c9crit par":"redazione","Dur\u00e9e de lecture estim\u00e9e":"3 minutes"},"schema":{"@context":"https:\/\/schema.org","@graph":[{"@type":"Article","@id":"https:\/\/www.bellunopress.it\/2026\/06\/30\/belluno-premio-san-martino-2026-candidature-entro-il-30-agosto\/#article","isPartOf":{"@id":"https:\/\/www.bellunopress.it\/2026\/06\/30\/belluno-premio-san-martino-2026-candidature-entro-il-30-agosto\/"},"author":{"name":"redazione","@id":"https:\/\/www.bellunopress.it\/#\/schema\/person\/79bb06722b37ece1c03d3e94beb30d73"},"headline":"Belluno, Premio San Martino 2026: candidature entro il 30 agosto","datePublished":"2026-06-30T15:57:29+00:00","dateModified":"2026-06-30T15:57:43+00:00","mainEntityOfPage":{"@id":"https:\/\/www.bellunopress.it\/2026\/06\/30\/belluno-premio-san-martino-2026-candidature-entro-il-30-agosto\/"},"wordCount":391,"publisher":{"@id":"https:\/\/www.bellunopress.it\/#organization"},"image":{"@id":"https:\/\/www.bellunopress.it\/2026\/06\/30\/belluno-premio-san-martino-2026-candidature-entro-il-30-agosto\/#primaryimage"},"thumbnailUrl":"https:\/\/www.bellunopress.it\/wp-content\/uploads\/2022\/08\/Premio-San-Martino-Belluno_edited.jpg","articleSection":["Societ\u00e0, Associazioni, Istituzioni"],"inLanguage":"fr-FR"},{"@type":"WebPage","@id":"https:\/\/www.bellunopress.it\/2026\/06\/30\/belluno-premio-san-martino-2026-candidature-entro-il-30-agosto\/","url":"https:\/\/www.bellunopress.it\/2026\/06\/30\/belluno-premio-san-martino-2026-candidature-entro-il-30-agosto\/","name":"Belluno, Premio San Martino 2026: candidature entro il 30 agosto - Bellunopress - Dolomiti","isPartOf":{"@id":"https:\/\/www.bellunopress.it\/#website"},"primaryImageOfPage":{"@id":"https:\/\/www.bellunopress.it\/2026\/06\/30\/belluno-premio-san-martino-2026-candidature-entro-il-30-agosto\/#primaryimage"},"image":{"@id":"https:\/\/www.bellunopress.it\/2026\/06\/30\/belluno-premio-san-martino-2026-candidature-entro-il-30-agosto\/#primaryimage"},"thumbnailUrl":"https:\/\/www.bellunopress.it\/wp-content\/uploads\/2022\/08\/Premio-San-Martino-Belluno_edited.jpg","datePublished":"2026-06-30T15:57:29+00:00","dateModified":"2026-06-30T15:57:43+00:00","breadcrumb":{"@id":"https:\/\/www.bellunopress.it\/2026\/06\/30\/belluno-premio-san-martino-2026-candidature-entro-il-30-agosto\/#breadcrumb"},"inLanguage":"fr-FR","potentialAction":[{"@type":"ReadAction","target":["https:\/\/www.bellunopress.it\/2026\/06\/30\/belluno-premio-san-martino-2026-candidature-entro-il-30-agosto\/"]}]},{"@type":"ImageObject","inLanguage":"fr-FR","@id":"https:\/\/www.bellunopress.it\/2026\/06\/30\/belluno-premio-san-martino-2026-candidature-entro-il-30-agosto\/#primaryimage","url":"https:\/\/www.bellunopress.it\/wp-content\/uploads\/2022\/08\/Premio-San-Martino-Belluno_edited.jpg","contentUrl":"https:\/\/www.bellunopress.it\/wp-content\/uploads\/2022\/08\/Premio-San-Martino-Belluno_edited.jpg","width":295,"height":300},{"@type":"BreadcrumbList","@id":"https:\/\/www.bellunopress.it\/2026\/06\/30\/belluno-premio-san-martino-2026-candidature-entro-il-30-agosto\/#breadcrumb","itemListElement":[{"@type":"ListItem","position":1,"name":"Home","item":"https:\/\/www.bellunopress.it\/"},{"@type":"ListItem","position":2,"name":"Belluno, Premio San Martino 2026: candidature entro il 30 agosto"}]},{"@type":"WebSite","@id":"https:\/\/www.bellunopress.it\/#website","url":"https:\/\/www.bellunopress.it\/","name":"Bellunopress - Dolomiti","description":"e-mail: redazione@bellunopress.it","publisher":{"@id":"https:\/\/www.bellunopress.it\/#organization"},"potentialAction":[{"@type":"SearchAction","target":{"@type":"EntryPoint","urlTemplate":"https:\/\/www.bellunopress.it\/?s={search_term_string}"},"query-input":{"@type":"PropertyValueSpecification","valueRequired":true,"valueName":"search_term_string"}}],"inLanguage":"fr-FR"},{"@type":"Organization","@id":"https:\/\/www.bellunopress.it\/#organization","name":"Bellunopress","url":"https:\/\/www.bellunopress.it\/","logo":{"@type":"ImageObject","inLanguage":"fr-FR","@id":"https:\/\/www.bellunopress.it\/#\/schema\/logo\/image\/","url":"https:\/\/www.bellunopress.it\/wp-content\/uploads\/2011\/05\/cropped-logo-bellunopress-.jpg","contentUrl":"https:\/\/www.bellunopress.it\/wp-content\/uploads\/2011\/05\/cropped-logo-bellunopress-.jpg","width":512,"height":512,"caption":"Bellunopress"},"image":{"@id":"https:\/\/www.bellunopress.it\/#\/schema\/logo\/image\/"},"sameAs":["https:\/\/www.facebook.com\/profile.php?id=100008943462799","https:\/\/x.com\/bellunopress","https:\/\/www.linkedin.com\/hp\/?dnr=JBzUWaJfMUw8vbXJJ2tVW5-I3jZKvC4wsoxE&amp;amp;amp;amp;amp;amp;trk=nav_responsive_tab_home","https:\/\/www.youtube.com\/channel\/UCxL0wu1uN0_3_7hGG0306cw"]},{"@type":"Person","@id":"https:\/\/www.bellunopress.it\/#\/schema\/person\/79bb06722b37ece1c03d3e94beb30d73","name":"r\u00e9daction","image":{"@type":"ImageObject","inLanguage":"fr-FR","@id":"https:\/\/secure.gravatar.com\/avatar\/37d968a2e67a6fd04c169c4bdef102d0bc5d31b2546345219e348575eb80e9a0?s=96&d=mm&r=g","url":"https:\/\/secure.gravatar.com\/avatar\/37d968a2e67a6fd04c169c4bdef102d0bc5d31b2546345219e348575eb80e9a0?s=96&d=mm&r=g","contentUrl":"https:\/\/secure.gravatar.com\/avatar\/37d968a2e67a6fd04c169c4bdef102d0bc5d31b2546345219e348575eb80e9a0?s=96&d=mm&r=g","caption":"redazione"},"sameAs":["http:\/\/www.bellunopress.it","https:\/\/x.com\/bellunopress"],"url":"https:\/\/www.bellunopress.it\/fr\/author\/redazione\/"}]}},"_links":{"self":[{"href":"https:\/\/www.bellunopress.it\/fr\/wp-json\/wp\/v2\/posts\/171569","targetHints":{"allow":["GET"]}}],"collection":[{"href":"https:\/\/www.bellunopress.it\/fr\/wp-json\/wp\/v2\/posts"}],"about":[{"href":"https:\/\/www.bellunopress.it\/fr\/wp-json\/wp\/v2\/types\/post"}],"author":[{"embeddable":true,"href":"https:\/\/www.bellunopress.it\/fr\/wp-json\/wp\/v2\/users\/2"}],"replies":[{"embeddable":true,"href":"https:\/\/www.bellunopress.it\/fr\/wp-json\/wp\/v2\/comments?post=171569"}],"version-history":[{"count":2,"href":"https:\/\/www.bellunopress.it\/fr\/wp-json\/wp\/v2\/posts\/171569\/revisions"}],"predecessor-version":[{"id":171571,"href":"https:\/\/www.bellunopress.it\/fr\/wp-json\/wp\/v2\/posts\/171569\/revisions\/171571"}],"wp:featuredmedia":[{"embeddable":true,"href":"https:\/\/www.bellunopress.it\/fr\/wp-json\/wp\/v2\/media\/135582"}],"wp:attachment":[{"href":"https:\/\/www.bellunopress.it\/fr\/wp-json\/wp\/v2\/media?parent=171569"}],"wp:term":[{"taxonomy":"category","embeddable":true,"href":"https:\/\/www.bellunopress.it\/fr\/wp-json\/wp\/v2\/categories?post=171569"},{"taxonomy":"post_tag","embeddable":true,"href":"https:\/\/www.bellunopress.it\/fr\/wp-json\/wp\/v2\/tags?post=171569"}],"curies":[{"name":"wp","href":"https:\/\/api.w.org\/{rel}","templated":true}]}}