{"id":171535,"date":"2026-06-29T15:52:53","date_gmt":"2026-06-29T13:52:53","guid":{"rendered":"https:\/\/www.bellunopress.it\/?p=171535"},"modified":"2026-06-29T15:57:23","modified_gmt":"2026-06-29T13:57:23","slug":"oltre-la-citta-le-dolomiti-bellunesi-come-nuova-frontiera-per-i-digital-nomad","status":"publish","type":"post","link":"https:\/\/www.bellunopress.it\/fr\/2026\/06\/29\/oltre-la-citta-le-dolomiti-bellunesi-come-nuova-frontiera-per-i-digital-nomad\/","title":{"rendered":"Oltre la citt\u00e0: le Dolomiti Bellunesi come nuova frontiera per i Digital nomad"},"content":{"rendered":"<p data-path-to-node=\"3\">Il modello del &#8220;South Working&#8221; e delle residency per nomadi digitali sta dimostrando, da Nord a Sud, che la tecnologia non serve solo ad accelerare le comunicazioni, ma pu\u00f2 diventare uno strumento potente di rigenerazione territoriale. L\u2019esempio virtuoso del <i data-path-to-node=\"3\" data-index-in-node=\"259\">Madonie Nomad Residency<\/i> a Castelbuono ci insegna che il crollo demografico non \u00e8 un destino ineluttabile, ma una sfida che pu\u00f2 essere vinta trasformando la distanza dai centri urbani in un valore aggiunto: la qualit\u00e0 della vita.<\/p>\n<p data-path-to-node=\"4\">Se la Sicilia si candida a essere un laboratorio di &#8220;Smart Land&#8221; nel cuore del Mediterraneo, le Dolomiti Bellunesi possiedono tutte le carte in regola per diventare l\u2019equivalente alpino di questa rivoluzione.<\/p>\n<p data-path-to-node=\"6\">Il nomade digitale moderno non cerca solo una connessione veloce; cerca un ambiente che favorisca il <i data-path-to-node=\"6\" data-index-in-node=\"101\">work-life balance<\/i> e una profonda riconnessione con la natura, lontano dai ritmi alienanti delle metropoli.<\/p>\n<p data-path-to-node=\"7\">Le Dolomiti Bellunesi offrono:<\/p>\n<ul data-path-to-node=\"8\">\n<li>\n<p data-path-to-node=\"8,0,0\">Panorami incomparabili: Lavorare con vista sulle vette patrimonio UNESCO non \u00e8 solo un piacere estetico, ma un potente stimolo creativo e un antidoto allo stress da schermo.<\/p>\n<\/li>\n<li>\n<p data-path-to-node=\"8,1,0\">Un ecosistema per il &#8220;Deep Work&#8221;: Come proposto nel format del <i data-path-to-node=\"8,1,0\" data-index-in-node=\"63\">Madonie Nomad Residency<\/i>, il successo di una comunit\u00e0 di lavoratori da remoto risiede nell&#8217;equilibrio tra spazi di collaborazione e momenti di assoluta concentrazione (<i data-path-to-node=\"8,1,0\" data-index-in-node=\"230\">quiet hours<\/i>). La quiete dei nostri borghi montani \u00e8 l&#8217;ambiente ideale per massimizzare la produttivit\u00e0.<\/p>\n<\/li>\n<li>\n<p data-path-to-node=\"8,2,0\">Autenticit\u00e0 montana: Vivere come <i data-path-to-node=\"8,2,0\" data-index-in-node=\"33\">temporary locals<\/i> permette ai professionisti di integrare le proprie competenze globali con il tessuto sociale locale, creando scambi di valore che vanno oltre la mera permanenza turistica.<\/p>\n<\/li>\n<\/ul>\n<h3 data-path-to-node=\"9\">Costruire una &#8220;Smart Land&#8221; montana<\/h3>\n<p data-path-to-node=\"10\">Il successo di iniziative come quella siciliana ci suggerisce che per combattere lo spopolamento non bastano le infrastrutture fisiche; serve una visione. Le Dolomiti Bellunesi hanno il potenziale per diventare un hub internazionale dove:<\/p>\n<ol start=\"1\" data-path-to-node=\"11\">\n<li>\n<p data-path-to-node=\"11,0,0\">Rigenerazione territoriale: il coworking diffuso pu\u00f2 rianimare edifici storici o spazi sottoutilizzati nei nostri paesi.<\/p>\n<\/li>\n<li>\n<p data-path-to-node=\"11,1,0\">Contaminazione di talenti: portare professionisti da tutto il mondo significa arricchire la comunit\u00e0 locale con nuove idee, strategie di comunicazione digitale e competenze nell&#8217;ambito della <i data-path-to-node=\"11,1,0\" data-index-in-node=\"191\">Creator Economy<\/i>.<\/p>\n<\/li>\n<li>\n<p data-path-to-node=\"11,2,0\">Sostenibilit\u00e0: vivere e lavorare in montagna promuove modelli di sviluppo che rispettano l&#8217;ambiente, rendendo i piccoli comuni non pi\u00f9 luoghi da cui fuggire, ma mete ambite per chi sceglie di fare innovazione lontano dal caos.<\/p>\n<\/li>\n<\/ol>\n<p data-path-to-node=\"13\">\u00c8 tempo che le Dolomiti Bellunesi guardino oltre il turismo stagionale. Ispirandoci a progetti che trasformano il lavoro da remoto in un volano di sviluppo sostenibile, possiamo costruire un percorso che unisca le nostre eccellenze naturalistiche a una rete capillare di servizi per nomadi digitali.<\/p>\n<p data-path-to-node=\"14\">Dobbiamo trasformare le nostre montagne in un cantiere sociale permanente, dove la connettivit\u00e0 digitale si sposa con la solidit\u00e0 delle tradizioni dolomitiche. Il futuro del lavoro \u00e8 ovunque ci sia una connessione stabile e una comunit\u00e0 pronta ad accogliere; le Dolomiti Bellunesi sono pronte a fare la loro parte.<\/p>\n<p data-path-to-node=\"0\">Il <b data-path-to-node=\"0\" data-index-in-node=\"3\">Madonie Nomad Residency<\/b> (Castelbuono, 4-6 settembre 2026) \u00e8 un evento ibrido che mira a contrastare lo spopolamento delle aree interne siciliane trasformandole in hub per nomadi digitali.<\/p>\n<p data-path-to-node=\"1\">Il progetto si articola in due fasi:<\/p>\n<ul data-path-to-node=\"2\">\n<li>\n<p data-path-to-node=\"2,0,0\">Il Festival: tre giornate di talk e workshop su <i data-path-to-node=\"2,0,0\" data-index-in-node=\"48\">Future of Work<\/i>, salute mentale, <i data-path-to-node=\"2,0,0\" data-index-in-node=\"80\">work-life balance<\/i> e community digitali.<\/p>\n<\/li>\n<li>\n<p data-path-to-node=\"2,1,0\">La Residency: un periodo di due settimane di <i data-path-to-node=\"2,1,0\" data-index-in-node=\"45\">co-living<\/i> e <i data-path-to-node=\"2,1,0\" data-index-in-node=\"57\">co-working<\/i> diffuso, pensato per permettere ai professionisti di vivere nel territorio come &#8220;temporary locals&#8221;, unendo produttivit\u00e0 e immersione nella natura.<\/p>\n<\/li>\n<\/ul>\n<p data-path-to-node=\"3\">L&#8217;iniziativa vuole candidare il Parco delle Madonie a modello di &#8220;Smart Land&#8221;, dimostrando che il lavoro da remoto pu\u00f2 generare sviluppo sostenibile e nuove opportunit\u00e0 economiche in contesti non urbani.<\/p>","protected":false},"excerpt":{"rendered":"<p>Il modello del &#8220;South Working&#8221; e delle residency per nomadi digitali sta dimostrando, da Nord a Sud, che la tecnologia non serve solo ad accelerare le comunicazioni, ma pu\u00f2 diventare uno strumento potente di rigenerazione territoriale. L\u2019esempio virtuoso del Madonie Nomad Residency a Castelbuono ci insegna che il crollo demografico non \u00e8 un destino ineluttabile, [&hellip;]<\/p>\n","protected":false},"author":2,"featured_media":118123,"comment_status":"closed","ping_status":"open","sticky":false,"template":"","format":"standard","meta":{"footnotes":""},"categories":[3446,36],"tags":[],"class_list":["post-171535","post","type-post","status-publish","format-standard","has-post-thumbnail","category-featured","category-lavoro-economia"],"yoast_head":"<!-- This site is optimized with the Yoast SEO plugin v28.4 - https:\/\/yoast.com\/product\/yoast-seo-wordpress\/ -->\n<title>Oltre la citt\u00e0: le Dolomiti Bellunesi come nuova frontiera per i Digital nomad - Bellunopress - Dolomiti<\/title>\n<meta name=\"robots\" content=\"index, follow, max-snippet:-1, max-image-preview:large, max-video-preview:-1\" \/>\n<link rel=\"canonical\" href=\"https:\/\/www.bellunopress.it\/fr\/2026\/06\/29\/oltre-la-citta-le-dolomiti-bellunesi-come-nuova-frontiera-per-i-digital-nomad\/\" \/>\n<meta property=\"og:locale\" content=\"fr_FR\" \/>\n<meta property=\"og:type\" content=\"article\" \/>\n<meta property=\"og:title\" content=\"Oltre la citt\u00e0: le Dolomiti Bellunesi come nuova frontiera per i Digital nomad - Bellunopress - Dolomiti\" \/>\n<meta property=\"og:description\" content=\"Il modello del &#8220;South Working&#8221; e delle residency per nomadi digitali sta dimostrando, da Nord a Sud, che la tecnologia non serve solo ad accelerare le comunicazioni, ma pu\u00f2 diventare uno strumento potente di rigenerazione territoriale. L\u2019esempio virtuoso del Madonie Nomad Residency a Castelbuono ci insegna che il crollo demografico non \u00e8 un destino ineluttabile, [&hellip;]\" \/>\n<meta property=\"og:url\" content=\"https:\/\/www.bellunopress.it\/fr\/2026\/06\/29\/oltre-la-citta-le-dolomiti-bellunesi-come-nuova-frontiera-per-i-digital-nomad\/\" \/>\n<meta property=\"og:site_name\" content=\"Bellunopress - Dolomiti\" \/>\n<meta property=\"article:publisher\" content=\"https:\/\/www.facebook.com\/profile.php?id=100008943462799\" \/>\n<meta property=\"article:published_time\" content=\"2026-06-29T13:52:53+00:00\" \/>\n<meta property=\"article:modified_time\" content=\"2026-06-29T13:57:23+00:00\" \/>\n<meta property=\"og:image\" content=\"https:\/\/www.bellunopress.it\/wp-content\/uploads\/2020\/10\/3_Cime_di_Lavaredo_Fondazione_Fantastiche_Dolomiti_edited.jpg\" \/>\n\t<meta property=\"og:image:width\" content=\"800\" \/>\n\t<meta property=\"og:image:height\" content=\"531\" \/>\n\t<meta property=\"og:image:type\" content=\"image\/jpeg\" \/>\n<meta name=\"author\" content=\"redazione\" \/>\n<meta name=\"twitter:card\" content=\"summary_large_image\" \/>\n<meta name=\"twitter:creator\" content=\"@bellunopress\" \/>\n<meta name=\"twitter:site\" content=\"@bellunopress\" \/>\n<meta name=\"twitter:label1\" content=\"\u00c9crit par\" \/>\n\t<meta name=\"twitter:data1\" content=\"redazione\" \/>\n\t<meta name=\"twitter:label2\" content=\"Dur\u00e9e de lecture estim\u00e9e\" \/>\n\t<meta name=\"twitter:data2\" content=\"4 minutes\" \/>\n<script type=\"application\/ld+json\" class=\"yoast-schema-graph\">{\"@context\":\"https:\\\/\\\/schema.org\",\"@graph\":[{\"@type\":\"Article\",\"@id\":\"https:\\\/\\\/www.bellunopress.it\\\/2026\\\/06\\\/29\\\/oltre-la-citta-le-dolomiti-bellunesi-come-nuova-frontiera-per-i-digital-nomad\\\/#article\",\"isPartOf\":{\"@id\":\"https:\\\/\\\/www.bellunopress.it\\\/2026\\\/06\\\/29\\\/oltre-la-citta-le-dolomiti-bellunesi-come-nuova-frontiera-per-i-digital-nomad\\\/\"},\"author\":{\"name\":\"redazione\",\"@id\":\"https:\\\/\\\/www.bellunopress.it\\\/#\\\/schema\\\/person\\\/79bb06722b37ece1c03d3e94beb30d73\"},\"headline\":\"Oltre la citt\u00e0: le Dolomiti Bellunesi come nuova frontiera per i Digital nomad\",\"datePublished\":\"2026-06-29T13:52:53+00:00\",\"dateModified\":\"2026-06-29T13:57:23+00:00\",\"mainEntityOfPage\":{\"@id\":\"https:\\\/\\\/www.bellunopress.it\\\/2026\\\/06\\\/29\\\/oltre-la-citta-le-dolomiti-bellunesi-come-nuova-frontiera-per-i-digital-nomad\\\/\"},\"wordCount\":587,\"publisher\":{\"@id\":\"https:\\\/\\\/www.bellunopress.it\\\/#organization\"},\"image\":{\"@id\":\"https:\\\/\\\/www.bellunopress.it\\\/2026\\\/06\\\/29\\\/oltre-la-citta-le-dolomiti-bellunesi-come-nuova-frontiera-per-i-digital-nomad\\\/#primaryimage\"},\"thumbnailUrl\":\"https:\\\/\\\/www.bellunopress.it\\\/wp-content\\\/uploads\\\/2020\\\/10\\\/3_Cime_di_Lavaredo_Fondazione_Fantastiche_Dolomiti_edited.jpg\",\"articleSection\":[\"Featured\",\"Lavoro, Economia, Turismo\"],\"inLanguage\":\"fr-FR\"},{\"@type\":\"WebPage\",\"@id\":\"https:\\\/\\\/www.bellunopress.it\\\/2026\\\/06\\\/29\\\/oltre-la-citta-le-dolomiti-bellunesi-come-nuova-frontiera-per-i-digital-nomad\\\/\",\"url\":\"https:\\\/\\\/www.bellunopress.it\\\/2026\\\/06\\\/29\\\/oltre-la-citta-le-dolomiti-bellunesi-come-nuova-frontiera-per-i-digital-nomad\\\/\",\"name\":\"Oltre la citt\u00e0: le Dolomiti Bellunesi come nuova frontiera per i Digital nomad - Bellunopress - Dolomiti\",\"isPartOf\":{\"@id\":\"https:\\\/\\\/www.bellunopress.it\\\/#website\"},\"primaryImageOfPage\":{\"@id\":\"https:\\\/\\\/www.bellunopress.it\\\/2026\\\/06\\\/29\\\/oltre-la-citta-le-dolomiti-bellunesi-come-nuova-frontiera-per-i-digital-nomad\\\/#primaryimage\"},\"image\":{\"@id\":\"https:\\\/\\\/www.bellunopress.it\\\/2026\\\/06\\\/29\\\/oltre-la-citta-le-dolomiti-bellunesi-come-nuova-frontiera-per-i-digital-nomad\\\/#primaryimage\"},\"thumbnailUrl\":\"https:\\\/\\\/www.bellunopress.it\\\/wp-content\\\/uploads\\\/2020\\\/10\\\/3_Cime_di_Lavaredo_Fondazione_Fantastiche_Dolomiti_edited.jpg\",\"datePublished\":\"2026-06-29T13:52:53+00:00\",\"dateModified\":\"2026-06-29T13:57:23+00:00\",\"breadcrumb\":{\"@id\":\"https:\\\/\\\/www.bellunopress.it\\\/2026\\\/06\\\/29\\\/oltre-la-citta-le-dolomiti-bellunesi-come-nuova-frontiera-per-i-digital-nomad\\\/#breadcrumb\"},\"inLanguage\":\"fr-FR\",\"potentialAction\":[{\"@type\":\"ReadAction\",\"target\":[\"https:\\\/\\\/www.bellunopress.it\\\/2026\\\/06\\\/29\\\/oltre-la-citta-le-dolomiti-bellunesi-come-nuova-frontiera-per-i-digital-nomad\\\/\"]}]},{\"@type\":\"ImageObject\",\"inLanguage\":\"fr-FR\",\"@id\":\"https:\\\/\\\/www.bellunopress.it\\\/2026\\\/06\\\/29\\\/oltre-la-citta-le-dolomiti-bellunesi-come-nuova-frontiera-per-i-digital-nomad\\\/#primaryimage\",\"url\":\"https:\\\/\\\/www.bellunopress.it\\\/wp-content\\\/uploads\\\/2020\\\/10\\\/3_Cime_di_Lavaredo_Fondazione_Fantastiche_Dolomiti_edited.jpg\",\"contentUrl\":\"https:\\\/\\\/www.bellunopress.it\\\/wp-content\\\/uploads\\\/2020\\\/10\\\/3_Cime_di_Lavaredo_Fondazione_Fantastiche_Dolomiti_edited.jpg\",\"width\":800,\"height\":531,\"caption\":\"Tramonto sulle Tre Cime di Lavaredo\"},{\"@type\":\"BreadcrumbList\",\"@id\":\"https:\\\/\\\/www.bellunopress.it\\\/2026\\\/06\\\/29\\\/oltre-la-citta-le-dolomiti-bellunesi-come-nuova-frontiera-per-i-digital-nomad\\\/#breadcrumb\",\"itemListElement\":[{\"@type\":\"ListItem\",\"position\":1,\"name\":\"Home\",\"item\":\"https:\\\/\\\/www.bellunopress.it\\\/\"},{\"@type\":\"ListItem\",\"position\":2,\"name\":\"Oltre la citt\u00e0: le Dolomiti Bellunesi come nuova frontiera per i Digital nomad\"}]},{\"@type\":\"WebSite\",\"@id\":\"https:\\\/\\\/www.bellunopress.it\\\/#website\",\"url\":\"https:\\\/\\\/www.bellunopress.it\\\/\",\"name\":\"Bellunopress - Dolomiti\",\"description\":\"e-mail: redazione@bellunopress.it\",\"publisher\":{\"@id\":\"https:\\\/\\\/www.bellunopress.it\\\/#organization\"},\"potentialAction\":[{\"@type\":\"SearchAction\",\"target\":{\"@type\":\"EntryPoint\",\"urlTemplate\":\"https:\\\/\\\/www.bellunopress.it\\\/?s={search_term_string}\"},\"query-input\":{\"@type\":\"PropertyValueSpecification\",\"valueRequired\":true,\"valueName\":\"search_term_string\"}}],\"inLanguage\":\"fr-FR\"},{\"@type\":\"Organization\",\"@id\":\"https:\\\/\\\/www.bellunopress.it\\\/#organization\",\"name\":\"Bellunopress\",\"url\":\"https:\\\/\\\/www.bellunopress.it\\\/\",\"logo\":{\"@type\":\"ImageObject\",\"inLanguage\":\"fr-FR\",\"@id\":\"https:\\\/\\\/www.bellunopress.it\\\/#\\\/schema\\\/logo\\\/image\\\/\",\"url\":\"https:\\\/\\\/www.bellunopress.it\\\/wp-content\\\/uploads\\\/2011\\\/05\\\/cropped-logo-bellunopress-.jpg\",\"contentUrl\":\"https:\\\/\\\/www.bellunopress.it\\\/wp-content\\\/uploads\\\/2011\\\/05\\\/cropped-logo-bellunopress-.jpg\",\"width\":512,\"height\":512,\"caption\":\"Bellunopress\"},\"image\":{\"@id\":\"https:\\\/\\\/www.bellunopress.it\\\/#\\\/schema\\\/logo\\\/image\\\/\"},\"sameAs\":[\"https:\\\/\\\/www.facebook.com\\\/profile.php?id=100008943462799\",\"https:\\\/\\\/x.com\\\/bellunopress\",\"https:\\\/\\\/www.linkedin.com\\\/hp\\\/?dnr=JBzUWaJfMUw8vbXJJ2tVW5-I3jZKvC4wsoxE&amp;amp;amp;amp;amp;amp;trk=nav_responsive_tab_home\",\"https:\\\/\\\/www.youtube.com\\\/channel\\\/UCxL0wu1uN0_3_7hGG0306cw\"]},{\"@type\":\"Person\",\"@id\":\"https:\\\/\\\/www.bellunopress.it\\\/#\\\/schema\\\/person\\\/79bb06722b37ece1c03d3e94beb30d73\",\"name\":\"redazione\",\"image\":{\"@type\":\"ImageObject\",\"inLanguage\":\"fr-FR\",\"@id\":\"https:\\\/\\\/secure.gravatar.com\\\/avatar\\\/37d968a2e67a6fd04c169c4bdef102d0bc5d31b2546345219e348575eb80e9a0?s=96&d=mm&r=g\",\"url\":\"https:\\\/\\\/secure.gravatar.com\\\/avatar\\\/37d968a2e67a6fd04c169c4bdef102d0bc5d31b2546345219e348575eb80e9a0?s=96&d=mm&r=g\",\"contentUrl\":\"https:\\\/\\\/secure.gravatar.com\\\/avatar\\\/37d968a2e67a6fd04c169c4bdef102d0bc5d31b2546345219e348575eb80e9a0?s=96&d=mm&r=g\",\"caption\":\"redazione\"},\"sameAs\":[\"http:\\\/\\\/www.bellunopress.it\",\"https:\\\/\\\/x.com\\\/bellunopress\"],\"url\":\"https:\\\/\\\/www.bellunopress.it\\\/fr\\\/author\\\/redazione\\\/\"}]}<\/script>\n<!-- \/ Yoast SEO plugin. -->","yoast_head_json":{"title":"Oltre la citt\u00e0: le Dolomiti Bellunesi come nuova frontiera per i Digital nomad - Bellunopress - Dolomiti","robots":{"index":"index","follow":"follow","max-snippet":"max-snippet:-1","max-image-preview":"max-image-preview:large","max-video-preview":"max-video-preview:-1"},"canonical":"https:\/\/www.bellunopress.it\/fr\/2026\/06\/29\/oltre-la-citta-le-dolomiti-bellunesi-come-nuova-frontiera-per-i-digital-nomad\/","og_locale":"fr_FR","og_type":"article","og_title":"Oltre la citt\u00e0: le Dolomiti Bellunesi come nuova frontiera per i Digital nomad - Bellunopress - Dolomiti","og_description":"Il modello del &#8220;South Working&#8221; e delle residency per nomadi digitali sta dimostrando, da Nord a Sud, che la tecnologia non serve solo ad accelerare le comunicazioni, ma pu\u00f2 diventare uno strumento potente di rigenerazione territoriale. L\u2019esempio virtuoso del Madonie Nomad Residency a Castelbuono ci insegna che il crollo demografico non \u00e8 un destino ineluttabile, [&hellip;]","og_url":"https:\/\/www.bellunopress.it\/fr\/2026\/06\/29\/oltre-la-citta-le-dolomiti-bellunesi-come-nuova-frontiera-per-i-digital-nomad\/","og_site_name":"Bellunopress - Dolomiti","article_publisher":"https:\/\/www.facebook.com\/profile.php?id=100008943462799","article_published_time":"2026-06-29T13:52:53+00:00","article_modified_time":"2026-06-29T13:57:23+00:00","og_image":[{"width":800,"height":531,"url":"https:\/\/www.bellunopress.it\/wp-content\/uploads\/2020\/10\/3_Cime_di_Lavaredo_Fondazione_Fantastiche_Dolomiti_edited.jpg","type":"image\/jpeg"}],"author":"redazione","twitter_card":"summary_large_image","twitter_creator":"@bellunopress","twitter_site":"@bellunopress","twitter_misc":{"\u00c9crit par":"redazione","Dur\u00e9e de lecture estim\u00e9e":"4 minutes"},"schema":{"@context":"https:\/\/schema.org","@graph":[{"@type":"Article","@id":"https:\/\/www.bellunopress.it\/2026\/06\/29\/oltre-la-citta-le-dolomiti-bellunesi-come-nuova-frontiera-per-i-digital-nomad\/#article","isPartOf":{"@id":"https:\/\/www.bellunopress.it\/2026\/06\/29\/oltre-la-citta-le-dolomiti-bellunesi-come-nuova-frontiera-per-i-digital-nomad\/"},"author":{"name":"redazione","@id":"https:\/\/www.bellunopress.it\/#\/schema\/person\/79bb06722b37ece1c03d3e94beb30d73"},"headline":"Oltre la citt\u00e0: le Dolomiti Bellunesi come nuova frontiera per i Digital nomad","datePublished":"2026-06-29T13:52:53+00:00","dateModified":"2026-06-29T13:57:23+00:00","mainEntityOfPage":{"@id":"https:\/\/www.bellunopress.it\/2026\/06\/29\/oltre-la-citta-le-dolomiti-bellunesi-come-nuova-frontiera-per-i-digital-nomad\/"},"wordCount":587,"publisher":{"@id":"https:\/\/www.bellunopress.it\/#organization"},"image":{"@id":"https:\/\/www.bellunopress.it\/2026\/06\/29\/oltre-la-citta-le-dolomiti-bellunesi-come-nuova-frontiera-per-i-digital-nomad\/#primaryimage"},"thumbnailUrl":"https:\/\/www.bellunopress.it\/wp-content\/uploads\/2020\/10\/3_Cime_di_Lavaredo_Fondazione_Fantastiche_Dolomiti_edited.jpg","articleSection":["Featured","Lavoro, Economia, Turismo"],"inLanguage":"fr-FR"},{"@type":"WebPage","@id":"https:\/\/www.bellunopress.it\/2026\/06\/29\/oltre-la-citta-le-dolomiti-bellunesi-come-nuova-frontiera-per-i-digital-nomad\/","url":"https:\/\/www.bellunopress.it\/2026\/06\/29\/oltre-la-citta-le-dolomiti-bellunesi-come-nuova-frontiera-per-i-digital-nomad\/","name":"Oltre la citt\u00e0: le Dolomiti Bellunesi come nuova frontiera per i Digital nomad - Bellunopress - Dolomiti","isPartOf":{"@id":"https:\/\/www.bellunopress.it\/#website"},"primaryImageOfPage":{"@id":"https:\/\/www.bellunopress.it\/2026\/06\/29\/oltre-la-citta-le-dolomiti-bellunesi-come-nuova-frontiera-per-i-digital-nomad\/#primaryimage"},"image":{"@id":"https:\/\/www.bellunopress.it\/2026\/06\/29\/oltre-la-citta-le-dolomiti-bellunesi-come-nuova-frontiera-per-i-digital-nomad\/#primaryimage"},"thumbnailUrl":"https:\/\/www.bellunopress.it\/wp-content\/uploads\/2020\/10\/3_Cime_di_Lavaredo_Fondazione_Fantastiche_Dolomiti_edited.jpg","datePublished":"2026-06-29T13:52:53+00:00","dateModified":"2026-06-29T13:57:23+00:00","breadcrumb":{"@id":"https:\/\/www.bellunopress.it\/2026\/06\/29\/oltre-la-citta-le-dolomiti-bellunesi-come-nuova-frontiera-per-i-digital-nomad\/#breadcrumb"},"inLanguage":"fr-FR","potentialAction":[{"@type":"ReadAction","target":["https:\/\/www.bellunopress.it\/2026\/06\/29\/oltre-la-citta-le-dolomiti-bellunesi-come-nuova-frontiera-per-i-digital-nomad\/"]}]},{"@type":"ImageObject","inLanguage":"fr-FR","@id":"https:\/\/www.bellunopress.it\/2026\/06\/29\/oltre-la-citta-le-dolomiti-bellunesi-come-nuova-frontiera-per-i-digital-nomad\/#primaryimage","url":"https:\/\/www.bellunopress.it\/wp-content\/uploads\/2020\/10\/3_Cime_di_Lavaredo_Fondazione_Fantastiche_Dolomiti_edited.jpg","contentUrl":"https:\/\/www.bellunopress.it\/wp-content\/uploads\/2020\/10\/3_Cime_di_Lavaredo_Fondazione_Fantastiche_Dolomiti_edited.jpg","width":800,"height":531,"caption":"Tramonto sulle Tre Cime di Lavaredo"},{"@type":"BreadcrumbList","@id":"https:\/\/www.bellunopress.it\/2026\/06\/29\/oltre-la-citta-le-dolomiti-bellunesi-come-nuova-frontiera-per-i-digital-nomad\/#breadcrumb","itemListElement":[{"@type":"ListItem","position":1,"name":"Home","item":"https:\/\/www.bellunopress.it\/"},{"@type":"ListItem","position":2,"name":"Oltre la citt\u00e0: le Dolomiti Bellunesi come nuova frontiera per i Digital nomad"}]},{"@type":"WebSite","@id":"https:\/\/www.bellunopress.it\/#website","url":"https:\/\/www.bellunopress.it\/","name":"Bellunopress - Dolomiti","description":"e-mail: redazione@bellunopress.it","publisher":{"@id":"https:\/\/www.bellunopress.it\/#organization"},"potentialAction":[{"@type":"SearchAction","target":{"@type":"EntryPoint","urlTemplate":"https:\/\/www.bellunopress.it\/?s={search_term_string}"},"query-input":{"@type":"PropertyValueSpecification","valueRequired":true,"valueName":"search_term_string"}}],"inLanguage":"fr-FR"},{"@type":"Organization","@id":"https:\/\/www.bellunopress.it\/#organization","name":"Bellunopress","url":"https:\/\/www.bellunopress.it\/","logo":{"@type":"ImageObject","inLanguage":"fr-FR","@id":"https:\/\/www.bellunopress.it\/#\/schema\/logo\/image\/","url":"https:\/\/www.bellunopress.it\/wp-content\/uploads\/2011\/05\/cropped-logo-bellunopress-.jpg","contentUrl":"https:\/\/www.bellunopress.it\/wp-content\/uploads\/2011\/05\/cropped-logo-bellunopress-.jpg","width":512,"height":512,"caption":"Bellunopress"},"image":{"@id":"https:\/\/www.bellunopress.it\/#\/schema\/logo\/image\/"},"sameAs":["https:\/\/www.facebook.com\/profile.php?id=100008943462799","https:\/\/x.com\/bellunopress","https:\/\/www.linkedin.com\/hp\/?dnr=JBzUWaJfMUw8vbXJJ2tVW5-I3jZKvC4wsoxE&amp;amp;amp;amp;amp;amp;trk=nav_responsive_tab_home","https:\/\/www.youtube.com\/channel\/UCxL0wu1uN0_3_7hGG0306cw"]},{"@type":"Person","@id":"https:\/\/www.bellunopress.it\/#\/schema\/person\/79bb06722b37ece1c03d3e94beb30d73","name":"r\u00e9daction","image":{"@type":"ImageObject","inLanguage":"fr-FR","@id":"https:\/\/secure.gravatar.com\/avatar\/37d968a2e67a6fd04c169c4bdef102d0bc5d31b2546345219e348575eb80e9a0?s=96&d=mm&r=g","url":"https:\/\/secure.gravatar.com\/avatar\/37d968a2e67a6fd04c169c4bdef102d0bc5d31b2546345219e348575eb80e9a0?s=96&d=mm&r=g","contentUrl":"https:\/\/secure.gravatar.com\/avatar\/37d968a2e67a6fd04c169c4bdef102d0bc5d31b2546345219e348575eb80e9a0?s=96&d=mm&r=g","caption":"redazione"},"sameAs":["http:\/\/www.bellunopress.it","https:\/\/x.com\/bellunopress"],"url":"https:\/\/www.bellunopress.it\/fr\/author\/redazione\/"}]}},"_links":{"self":[{"href":"https:\/\/www.bellunopress.it\/fr\/wp-json\/wp\/v2\/posts\/171535","targetHints":{"allow":["GET"]}}],"collection":[{"href":"https:\/\/www.bellunopress.it\/fr\/wp-json\/wp\/v2\/posts"}],"about":[{"href":"https:\/\/www.bellunopress.it\/fr\/wp-json\/wp\/v2\/types\/post"}],"author":[{"embeddable":true,"href":"https:\/\/www.bellunopress.it\/fr\/wp-json\/wp\/v2\/users\/2"}],"replies":[{"embeddable":true,"href":"https:\/\/www.bellunopress.it\/fr\/wp-json\/wp\/v2\/comments?post=171535"}],"version-history":[{"count":2,"href":"https:\/\/www.bellunopress.it\/fr\/wp-json\/wp\/v2\/posts\/171535\/revisions"}],"predecessor-version":[{"id":171537,"href":"https:\/\/www.bellunopress.it\/fr\/wp-json\/wp\/v2\/posts\/171535\/revisions\/171537"}],"wp:featuredmedia":[{"embeddable":true,"href":"https:\/\/www.bellunopress.it\/fr\/wp-json\/wp\/v2\/media\/118123"}],"wp:attachment":[{"href":"https:\/\/www.bellunopress.it\/fr\/wp-json\/wp\/v2\/media?parent=171535"}],"wp:term":[{"taxonomy":"category","embeddable":true,"href":"https:\/\/www.bellunopress.it\/fr\/wp-json\/wp\/v2\/categories?post=171535"},{"taxonomy":"post_tag","embeddable":true,"href":"https:\/\/www.bellunopress.it\/fr\/wp-json\/wp\/v2\/tags?post=171535"}],"curies":[{"name":"wp","href":"https:\/\/api.w.org\/{rel}","templated":true}]}}