{"id":171533,"date":"2026-06-29T15:37:23","date_gmt":"2026-06-29T13:37:23","guid":{"rendered":"https:\/\/www.bellunopress.it\/?p=171533"},"modified":"2026-06-29T15:37:23","modified_gmt":"2026-06-29T13:37:23","slug":"nuovi-primari-in-ulss-dolomiti","status":"publish","type":"post","link":"https:\/\/www.bellunopress.it\/fr\/2026\/06\/29\/nuovi-primari-in-ulss-dolomiti\/","title":{"rendered":"Nuovi primari in Ulss Dolomiti"},"content":{"rendered":"<p>Belluno, 29\/06\/2026 &#8211; Questa mattina il commissario Dal Ben ha ringraziato il dr Federico Botto, apprezzato primario della Ortopedia di Agordo, in pensione dai prossimi giorni, e augurato buon lavoro ai nuovi 4 primari nominati in questi giorni:<br \/>\n\u2022 Matteo Borella, nuovo direttore della Ortopedia di Agordo<br \/>\n\u2022 Salvatore Candioli, nuovo direttore della Chirurgia di Pieve<br \/>\n\u2022 Valerio Valeriano, nuovo direttore del SISP<\/p>\n<p>Inoltre, sono stati affidati gli incarichi di direttore di unit\u00e0 semplice dipartimentale di Ematologia alla dottoressa Mariagrazia Michieli e di Epidemiologia al dottor Nahuel Fiorito.<br \/>\nInfine, al dr Gianfranco Albertin \u00e8 stato affidato l\u2019incarico di Direttore di Dipartimento di Prevenzione per sostituire il dr Sandro Cinquetti, in pensione dal 1 luglio.<br \/>\nOggi \u00e8 stato deliberato anche il trattenimento in servizio oltre i limiti di et\u00e0 al dr Corrado D\u2019Antimo direttore della Ortopedia di Belluno, a cui va il ringraziamento dell\u2019Azienda tutta per lo spirito di servizio.<\/p>\n<p>Alcune note sui curricula dei nuovi direttori :<\/p>\n<p>Matteo Borella, direttore Ortopedia Agordo \u2013 dal 1 luglio 2026<br \/>\nFormazione Accademica Il Dr. Matteo Borella si \u00e8 laureato in Medicina e Chirurgia nel 2011 presso l&#8217;Universit\u00e0 degli Studi di Padova, dove ha successivamente conseguito la specializzazione in Ortopedia e Traumatologia nel 2017.<br \/>\nEsperienza Clinica e Ruoli Ricoperti La sua carriera si \u00e8 sviluppata principalmente all&#8217;interno dell&#8217;Azienda ULSS 1 Dolomiti: dall&#8217;agosto 2017 ha prestato servizio come Dirigente Medico di Ortopedia e Traumatologia a tempo indeterminato presso l&#8217;Ospedale di Belluno. A testimonianza della sua comprovata esperienza, ha ricoperto l&#8217;incarico di Responsabile della Struttura Semplice (UOS) di Chirurgia del Ginocchio.<br \/>\nCompetenze Specifiche e Profilo Internazionale Il Dr. Borella possiede un&#8217;elevata specializzazione nella chirurgia del ginocchio, competenza che ha perfezionato anche a livello internazionale grazie a una Fellowship di sei mesi svolta in Francia (tra il 2014 e il 2015) presso il rinomato Centre Orthop\u00e9dique Santy di Lione. Ha inoltre un&#8217;ottima padronanza delle lingue inglese e francese.<br \/>\nRicerca e Aggiornamento Continuo \u00c8 un professionista molto attivo dal punto di vista scientifico: \u00e8 autore di diverse pubblicazioni su riviste internazionali riguardanti la chirurgia protesica del ginocchio, la gestione delle fratture e le riparazioni meniscali. Partecipa costantemente come relatore e moderatore a congressi nazionali e internazionali e ha acquisito certificazioni per l&#8217;utilizzo delle pi\u00f9 moderne tecnologie ortopediche, inclusi i sistemi di chirurgia robotica per protesi di anca e ginocchio.<\/p>\n<p>Salvatore Candioli -chirurgia Pieve \u2013 dal 1 Luglio 2026<br \/>\nIl Dott. Candioli, laureato e specializzato con lode presso l&#8217;Universit\u00e0 &#8220;La Sapienza&#8221; di Roma, arricchisce il nostro presidio con un curriculum di altissimo profilo, che include un Dottorato di Ricerca in Tecnologie Avanzate in Chirurgia e un Master in Colonproctologia. Dal 2009 presta servizio presso l&#8217;Ospedale &#8220;San Martino&#8221; di Belluno, dove ha maturato una solida esperienza clinica e gestionale, arrivando a ricoprire anche i ruoli di Sostituto del Direttore e Direttore facente funzione della Chirurgia Generale.<br \/>\nNel corso della sua carriera, il Dott. Candioli ha all&#8217;attivo una vastissima casistica operatoria, con oltre 3.800 interventi eseguiti in qualit\u00e0 di primo operatore. \u00c8 un esperto riconosciuto nella chirurgia laparoscopica mininvasiva e robotica, con particolare vocazione per la chirurgia oncologica gastro-enterica e colo-rettale, la chirurgia della parete addominale, l&#8217;emergenza-urgenza e la proctologia.<\/p>\n<p>Valerio Valeriano \u2013 SISP \u2013 dal 1 ottobre 2026<br \/>\nIl Dott. Valeriano Valerio \u00e8 un medico specialista in Igiene e Medicina Preventiva, formatosi presso l&#8217;Universit\u00e0 degli Studi di Padova. Ha consolidato le proprie competenze organizzative conseguendo un Master di II livello in Management e Direzione delle Strutture Sanitarie.<br \/>\nNel corso della sua solida carriera come Dirigente Medico, ha maturato una profonda esperienza nel campo dell&#8217;Epidemiologia e della Sanit\u00e0 Pubblica, prestando servizio presso l&#8217;ASL di Reggio Emilia, l&#8217;AULSS 3 Serenissima e, attualmente, l&#8217;AULSS 6 Euganea. Dal 2023 ricopre un incarico di altissima professionalit\u00e0 nell&#8217;ambito &#8220;Ambiente, igiene urbana e lotta ai vettori&#8221;.<br \/>\nIl Dott. Valerio si \u00e8 distinto per le sue spiccate capacit\u00e0 organizzative e per l&#8217;approccio innovativo nella gestione di emergenze sanitarie e climatiche complesse. Ha avuto un ruolo di primo piano nel fronteggiare l&#8217;emergenza legata al virus West-Nile nel 2022 e altre criticit\u00e0 ambientali (come la siccit\u00e0 e le emergenze climatiche), guidando processi di digitalizzazione, creando nuovi modelli di sorveglianza e coordinando le reti di prevenzione sul territorio. \u00c8 inoltre autore di pubblicazioni scientifiche internazionali nel campo dell&#8217;epidemiologia delle malattie infettive.<\/p>\n<p>&nbsp;<\/p>","protected":false},"excerpt":{"rendered":"<p>Belluno, 29\/06\/2026 &#8211; Questa mattina il commissario Dal Ben ha ringraziato il dr Federico Botto, apprezzato primario della Ortopedia di Agordo, in pensione dai prossimi giorni, e augurato buon lavoro ai nuovi 4 primari nominati in questi giorni: \u2022 Matteo Borella, nuovo direttore della Ortopedia di Agordo \u2022 Salvatore Candioli, nuovo direttore della Chirurgia di [&hellip;]<\/p>\n","protected":false},"author":2,"featured_media":141664,"comment_status":"closed","ping_status":"open","sticky":false,"template":"","format":"standard","meta":{"footnotes":""},"categories":[26,17],"tags":[],"class_list":["post-171533","post","type-post","status-publish","format-standard","has-post-thumbnail","category-prima-pagina","category-sanita"],"yoast_head":"<!-- This site is optimized with the Yoast SEO plugin v28.4 - https:\/\/yoast.com\/product\/yoast-seo-wordpress\/ -->\n<title>Nuovi primari in Ulss Dolomiti - Bellunopress - Dolomiti<\/title>\n<meta name=\"robots\" content=\"index, follow, max-snippet:-1, max-image-preview:large, max-video-preview:-1\" \/>\n<link rel=\"canonical\" href=\"https:\/\/www.bellunopress.it\/fr\/2026\/06\/29\/nuovi-primari-in-ulss-dolomiti\/\" \/>\n<meta property=\"og:locale\" content=\"fr_FR\" \/>\n<meta property=\"og:type\" content=\"article\" \/>\n<meta property=\"og:title\" content=\"Nuovi primari in Ulss Dolomiti - Bellunopress - Dolomiti\" \/>\n<meta property=\"og:description\" content=\"Belluno, 29\/06\/2026 &#8211; Questa mattina il commissario Dal Ben ha ringraziato il dr Federico Botto, apprezzato primario della Ortopedia di Agordo, in pensione dai prossimi giorni, e augurato buon lavoro ai nuovi 4 primari nominati in questi giorni: \u2022 Matteo Borella, nuovo direttore della Ortopedia di Agordo \u2022 Salvatore Candioli, nuovo direttore della Chirurgia di [&hellip;]\" \/>\n<meta property=\"og:url\" content=\"https:\/\/www.bellunopress.it\/fr\/2026\/06\/29\/nuovi-primari-in-ulss-dolomiti\/\" \/>\n<meta property=\"og:site_name\" content=\"Bellunopress - Dolomiti\" \/>\n<meta property=\"article:publisher\" content=\"https:\/\/www.facebook.com\/profile.php?id=100008943462799\" \/>\n<meta property=\"article:published_time\" content=\"2026-06-29T13:37:23+00:00\" \/>\n<meta property=\"og:image\" content=\"https:\/\/www.bellunopress.it\/wp-content\/uploads\/2023\/05\/Ulss-commissario-Giuseppe-Dal-Ben_edited.jpg\" \/>\n\t<meta property=\"og:image:width\" content=\"607\" \/>\n\t<meta property=\"og:image:height\" content=\"722\" \/>\n\t<meta property=\"og:image:type\" content=\"image\/jpeg\" \/>\n<meta name=\"author\" content=\"redazione\" \/>\n<meta name=\"twitter:card\" content=\"summary_large_image\" \/>\n<meta name=\"twitter:creator\" content=\"@bellunopress\" \/>\n<meta name=\"twitter:site\" content=\"@bellunopress\" \/>\n<meta name=\"twitter:label1\" content=\"\u00c9crit par\" \/>\n\t<meta name=\"twitter:data1\" content=\"redazione\" \/>\n\t<meta name=\"twitter:label2\" content=\"Dur\u00e9e de lecture estim\u00e9e\" \/>\n\t<meta name=\"twitter:data2\" content=\"4 minutes\" \/>\n<script type=\"application\/ld+json\" class=\"yoast-schema-graph\">{\"@context\":\"https:\\\/\\\/schema.org\",\"@graph\":[{\"@type\":\"Article\",\"@id\":\"https:\\\/\\\/www.bellunopress.it\\\/2026\\\/06\\\/29\\\/nuovi-primari-in-ulss-dolomiti\\\/#article\",\"isPartOf\":{\"@id\":\"https:\\\/\\\/www.bellunopress.it\\\/2026\\\/06\\\/29\\\/nuovi-primari-in-ulss-dolomiti\\\/\"},\"author\":{\"name\":\"redazione\",\"@id\":\"https:\\\/\\\/www.bellunopress.it\\\/#\\\/schema\\\/person\\\/79bb06722b37ece1c03d3e94beb30d73\"},\"headline\":\"Nuovi primari in Ulss Dolomiti\",\"datePublished\":\"2026-06-29T13:37:23+00:00\",\"mainEntityOfPage\":{\"@id\":\"https:\\\/\\\/www.bellunopress.it\\\/2026\\\/06\\\/29\\\/nuovi-primari-in-ulss-dolomiti\\\/\"},\"wordCount\":693,\"publisher\":{\"@id\":\"https:\\\/\\\/www.bellunopress.it\\\/#organization\"},\"image\":{\"@id\":\"https:\\\/\\\/www.bellunopress.it\\\/2026\\\/06\\\/29\\\/nuovi-primari-in-ulss-dolomiti\\\/#primaryimage\"},\"thumbnailUrl\":\"https:\\\/\\\/www.bellunopress.it\\\/wp-content\\\/uploads\\\/2023\\\/05\\\/Ulss-commissario-Giuseppe-Dal-Ben_edited.jpg\",\"articleSection\":[\"Prima Pagina\",\"Sanit\u00e0 Medicina\"],\"inLanguage\":\"fr-FR\"},{\"@type\":\"WebPage\",\"@id\":\"https:\\\/\\\/www.bellunopress.it\\\/2026\\\/06\\\/29\\\/nuovi-primari-in-ulss-dolomiti\\\/\",\"url\":\"https:\\\/\\\/www.bellunopress.it\\\/2026\\\/06\\\/29\\\/nuovi-primari-in-ulss-dolomiti\\\/\",\"name\":\"Nuovi primari in Ulss Dolomiti - Bellunopress - Dolomiti\",\"isPartOf\":{\"@id\":\"https:\\\/\\\/www.bellunopress.it\\\/#website\"},\"primaryImageOfPage\":{\"@id\":\"https:\\\/\\\/www.bellunopress.it\\\/2026\\\/06\\\/29\\\/nuovi-primari-in-ulss-dolomiti\\\/#primaryimage\"},\"image\":{\"@id\":\"https:\\\/\\\/www.bellunopress.it\\\/2026\\\/06\\\/29\\\/nuovi-primari-in-ulss-dolomiti\\\/#primaryimage\"},\"thumbnailUrl\":\"https:\\\/\\\/www.bellunopress.it\\\/wp-content\\\/uploads\\\/2023\\\/05\\\/Ulss-commissario-Giuseppe-Dal-Ben_edited.jpg\",\"datePublished\":\"2026-06-29T13:37:23+00:00\",\"breadcrumb\":{\"@id\":\"https:\\\/\\\/www.bellunopress.it\\\/2026\\\/06\\\/29\\\/nuovi-primari-in-ulss-dolomiti\\\/#breadcrumb\"},\"inLanguage\":\"fr-FR\",\"potentialAction\":[{\"@type\":\"ReadAction\",\"target\":[\"https:\\\/\\\/www.bellunopress.it\\\/2026\\\/06\\\/29\\\/nuovi-primari-in-ulss-dolomiti\\\/\"]}]},{\"@type\":\"ImageObject\",\"inLanguage\":\"fr-FR\",\"@id\":\"https:\\\/\\\/www.bellunopress.it\\\/2026\\\/06\\\/29\\\/nuovi-primari-in-ulss-dolomiti\\\/#primaryimage\",\"url\":\"https:\\\/\\\/www.bellunopress.it\\\/wp-content\\\/uploads\\\/2023\\\/05\\\/Ulss-commissario-Giuseppe-Dal-Ben_edited.jpg\",\"contentUrl\":\"https:\\\/\\\/www.bellunopress.it\\\/wp-content\\\/uploads\\\/2023\\\/05\\\/Ulss-commissario-Giuseppe-Dal-Ben_edited.jpg\",\"width\":607,\"height\":722,\"caption\":\"Giuseppe Dal Ben, commissario Ulss Dolomiti\"},{\"@type\":\"BreadcrumbList\",\"@id\":\"https:\\\/\\\/www.bellunopress.it\\\/2026\\\/06\\\/29\\\/nuovi-primari-in-ulss-dolomiti\\\/#breadcrumb\",\"itemListElement\":[{\"@type\":\"ListItem\",\"position\":1,\"name\":\"Home\",\"item\":\"https:\\\/\\\/www.bellunopress.it\\\/\"},{\"@type\":\"ListItem\",\"position\":2,\"name\":\"Nuovi primari in Ulss Dolomiti\"}]},{\"@type\":\"WebSite\",\"@id\":\"https:\\\/\\\/www.bellunopress.it\\\/#website\",\"url\":\"https:\\\/\\\/www.bellunopress.it\\\/\",\"name\":\"Bellunopress - Dolomiti\",\"description\":\"e-mail: redazione@bellunopress.it\",\"publisher\":{\"@id\":\"https:\\\/\\\/www.bellunopress.it\\\/#organization\"},\"potentialAction\":[{\"@type\":\"SearchAction\",\"target\":{\"@type\":\"EntryPoint\",\"urlTemplate\":\"https:\\\/\\\/www.bellunopress.it\\\/?s={search_term_string}\"},\"query-input\":{\"@type\":\"PropertyValueSpecification\",\"valueRequired\":true,\"valueName\":\"search_term_string\"}}],\"inLanguage\":\"fr-FR\"},{\"@type\":\"Organization\",\"@id\":\"https:\\\/\\\/www.bellunopress.it\\\/#organization\",\"name\":\"Bellunopress\",\"url\":\"https:\\\/\\\/www.bellunopress.it\\\/\",\"logo\":{\"@type\":\"ImageObject\",\"inLanguage\":\"fr-FR\",\"@id\":\"https:\\\/\\\/www.bellunopress.it\\\/#\\\/schema\\\/logo\\\/image\\\/\",\"url\":\"https:\\\/\\\/www.bellunopress.it\\\/wp-content\\\/uploads\\\/2011\\\/05\\\/cropped-logo-bellunopress-.jpg\",\"contentUrl\":\"https:\\\/\\\/www.bellunopress.it\\\/wp-content\\\/uploads\\\/2011\\\/05\\\/cropped-logo-bellunopress-.jpg\",\"width\":512,\"height\":512,\"caption\":\"Bellunopress\"},\"image\":{\"@id\":\"https:\\\/\\\/www.bellunopress.it\\\/#\\\/schema\\\/logo\\\/image\\\/\"},\"sameAs\":[\"https:\\\/\\\/www.facebook.com\\\/profile.php?id=100008943462799\",\"https:\\\/\\\/x.com\\\/bellunopress\",\"https:\\\/\\\/www.linkedin.com\\\/hp\\\/?dnr=JBzUWaJfMUw8vbXJJ2tVW5-I3jZKvC4wsoxE&amp;amp;amp;amp;amp;amp;trk=nav_responsive_tab_home\",\"https:\\\/\\\/www.youtube.com\\\/channel\\\/UCxL0wu1uN0_3_7hGG0306cw\"]},{\"@type\":\"Person\",\"@id\":\"https:\\\/\\\/www.bellunopress.it\\\/#\\\/schema\\\/person\\\/79bb06722b37ece1c03d3e94beb30d73\",\"name\":\"redazione\",\"image\":{\"@type\":\"ImageObject\",\"inLanguage\":\"fr-FR\",\"@id\":\"https:\\\/\\\/secure.gravatar.com\\\/avatar\\\/37d968a2e67a6fd04c169c4bdef102d0bc5d31b2546345219e348575eb80e9a0?s=96&d=mm&r=g\",\"url\":\"https:\\\/\\\/secure.gravatar.com\\\/avatar\\\/37d968a2e67a6fd04c169c4bdef102d0bc5d31b2546345219e348575eb80e9a0?s=96&d=mm&r=g\",\"contentUrl\":\"https:\\\/\\\/secure.gravatar.com\\\/avatar\\\/37d968a2e67a6fd04c169c4bdef102d0bc5d31b2546345219e348575eb80e9a0?s=96&d=mm&r=g\",\"caption\":\"redazione\"},\"sameAs\":[\"http:\\\/\\\/www.bellunopress.it\",\"https:\\\/\\\/x.com\\\/bellunopress\"],\"url\":\"https:\\\/\\\/www.bellunopress.it\\\/fr\\\/author\\\/redazione\\\/\"}]}<\/script>\n<!-- \/ Yoast SEO plugin. -->","yoast_head_json":{"title":"Nuovi primari in Ulss Dolomiti - Bellunopress - Dolomiti","robots":{"index":"index","follow":"follow","max-snippet":"max-snippet:-1","max-image-preview":"max-image-preview:large","max-video-preview":"max-video-preview:-1"},"canonical":"https:\/\/www.bellunopress.it\/fr\/2026\/06\/29\/nuovi-primari-in-ulss-dolomiti\/","og_locale":"fr_FR","og_type":"article","og_title":"Nuovi primari in Ulss Dolomiti - Bellunopress - Dolomiti","og_description":"Belluno, 29\/06\/2026 &#8211; Questa mattina il commissario Dal Ben ha ringraziato il dr Federico Botto, apprezzato primario della Ortopedia di Agordo, in pensione dai prossimi giorni, e augurato buon lavoro ai nuovi 4 primari nominati in questi giorni: \u2022 Matteo Borella, nuovo direttore della Ortopedia di Agordo \u2022 Salvatore Candioli, nuovo direttore della Chirurgia di [&hellip;]","og_url":"https:\/\/www.bellunopress.it\/fr\/2026\/06\/29\/nuovi-primari-in-ulss-dolomiti\/","og_site_name":"Bellunopress - Dolomiti","article_publisher":"https:\/\/www.facebook.com\/profile.php?id=100008943462799","article_published_time":"2026-06-29T13:37:23+00:00","og_image":[{"width":607,"height":722,"url":"https:\/\/www.bellunopress.it\/wp-content\/uploads\/2023\/05\/Ulss-commissario-Giuseppe-Dal-Ben_edited.jpg","type":"image\/jpeg"}],"author":"redazione","twitter_card":"summary_large_image","twitter_creator":"@bellunopress","twitter_site":"@bellunopress","twitter_misc":{"\u00c9crit par":"redazione","Dur\u00e9e de lecture estim\u00e9e":"4 minutes"},"schema":{"@context":"https:\/\/schema.org","@graph":[{"@type":"Article","@id":"https:\/\/www.bellunopress.it\/2026\/06\/29\/nuovi-primari-in-ulss-dolomiti\/#article","isPartOf":{"@id":"https:\/\/www.bellunopress.it\/2026\/06\/29\/nuovi-primari-in-ulss-dolomiti\/"},"author":{"name":"redazione","@id":"https:\/\/www.bellunopress.it\/#\/schema\/person\/79bb06722b37ece1c03d3e94beb30d73"},"headline":"Nuovi primari in Ulss Dolomiti","datePublished":"2026-06-29T13:37:23+00:00","mainEntityOfPage":{"@id":"https:\/\/www.bellunopress.it\/2026\/06\/29\/nuovi-primari-in-ulss-dolomiti\/"},"wordCount":693,"publisher":{"@id":"https:\/\/www.bellunopress.it\/#organization"},"image":{"@id":"https:\/\/www.bellunopress.it\/2026\/06\/29\/nuovi-primari-in-ulss-dolomiti\/#primaryimage"},"thumbnailUrl":"https:\/\/www.bellunopress.it\/wp-content\/uploads\/2023\/05\/Ulss-commissario-Giuseppe-Dal-Ben_edited.jpg","articleSection":["Prima Pagina","Sanit\u00e0 Medicina"],"inLanguage":"fr-FR"},{"@type":"WebPage","@id":"https:\/\/www.bellunopress.it\/2026\/06\/29\/nuovi-primari-in-ulss-dolomiti\/","url":"https:\/\/www.bellunopress.it\/2026\/06\/29\/nuovi-primari-in-ulss-dolomiti\/","name":"Nuovi primari in Ulss Dolomiti - Bellunopress - Dolomiti","isPartOf":{"@id":"https:\/\/www.bellunopress.it\/#website"},"primaryImageOfPage":{"@id":"https:\/\/www.bellunopress.it\/2026\/06\/29\/nuovi-primari-in-ulss-dolomiti\/#primaryimage"},"image":{"@id":"https:\/\/www.bellunopress.it\/2026\/06\/29\/nuovi-primari-in-ulss-dolomiti\/#primaryimage"},"thumbnailUrl":"https:\/\/www.bellunopress.it\/wp-content\/uploads\/2023\/05\/Ulss-commissario-Giuseppe-Dal-Ben_edited.jpg","datePublished":"2026-06-29T13:37:23+00:00","breadcrumb":{"@id":"https:\/\/www.bellunopress.it\/2026\/06\/29\/nuovi-primari-in-ulss-dolomiti\/#breadcrumb"},"inLanguage":"fr-FR","potentialAction":[{"@type":"ReadAction","target":["https:\/\/www.bellunopress.it\/2026\/06\/29\/nuovi-primari-in-ulss-dolomiti\/"]}]},{"@type":"ImageObject","inLanguage":"fr-FR","@id":"https:\/\/www.bellunopress.it\/2026\/06\/29\/nuovi-primari-in-ulss-dolomiti\/#primaryimage","url":"https:\/\/www.bellunopress.it\/wp-content\/uploads\/2023\/05\/Ulss-commissario-Giuseppe-Dal-Ben_edited.jpg","contentUrl":"https:\/\/www.bellunopress.it\/wp-content\/uploads\/2023\/05\/Ulss-commissario-Giuseppe-Dal-Ben_edited.jpg","width":607,"height":722,"caption":"Giuseppe Dal Ben, commissario Ulss Dolomiti"},{"@type":"BreadcrumbList","@id":"https:\/\/www.bellunopress.it\/2026\/06\/29\/nuovi-primari-in-ulss-dolomiti\/#breadcrumb","itemListElement":[{"@type":"ListItem","position":1,"name":"Home","item":"https:\/\/www.bellunopress.it\/"},{"@type":"ListItem","position":2,"name":"Nuovi primari in Ulss Dolomiti"}]},{"@type":"WebSite","@id":"https:\/\/www.bellunopress.it\/#website","url":"https:\/\/www.bellunopress.it\/","name":"Bellunopress - Dolomiti","description":"e-mail: redazione@bellunopress.it","publisher":{"@id":"https:\/\/www.bellunopress.it\/#organization"},"potentialAction":[{"@type":"SearchAction","target":{"@type":"EntryPoint","urlTemplate":"https:\/\/www.bellunopress.it\/?s={search_term_string}"},"query-input":{"@type":"PropertyValueSpecification","valueRequired":true,"valueName":"search_term_string"}}],"inLanguage":"fr-FR"},{"@type":"Organization","@id":"https:\/\/www.bellunopress.it\/#organization","name":"Bellunopress","url":"https:\/\/www.bellunopress.it\/","logo":{"@type":"ImageObject","inLanguage":"fr-FR","@id":"https:\/\/www.bellunopress.it\/#\/schema\/logo\/image\/","url":"https:\/\/www.bellunopress.it\/wp-content\/uploads\/2011\/05\/cropped-logo-bellunopress-.jpg","contentUrl":"https:\/\/www.bellunopress.it\/wp-content\/uploads\/2011\/05\/cropped-logo-bellunopress-.jpg","width":512,"height":512,"caption":"Bellunopress"},"image":{"@id":"https:\/\/www.bellunopress.it\/#\/schema\/logo\/image\/"},"sameAs":["https:\/\/www.facebook.com\/profile.php?id=100008943462799","https:\/\/x.com\/bellunopress","https:\/\/www.linkedin.com\/hp\/?dnr=JBzUWaJfMUw8vbXJJ2tVW5-I3jZKvC4wsoxE&amp;amp;amp;amp;amp;amp;trk=nav_responsive_tab_home","https:\/\/www.youtube.com\/channel\/UCxL0wu1uN0_3_7hGG0306cw"]},{"@type":"Person","@id":"https:\/\/www.bellunopress.it\/#\/schema\/person\/79bb06722b37ece1c03d3e94beb30d73","name":"r\u00e9daction","image":{"@type":"ImageObject","inLanguage":"fr-FR","@id":"https:\/\/secure.gravatar.com\/avatar\/37d968a2e67a6fd04c169c4bdef102d0bc5d31b2546345219e348575eb80e9a0?s=96&d=mm&r=g","url":"https:\/\/secure.gravatar.com\/avatar\/37d968a2e67a6fd04c169c4bdef102d0bc5d31b2546345219e348575eb80e9a0?s=96&d=mm&r=g","contentUrl":"https:\/\/secure.gravatar.com\/avatar\/37d968a2e67a6fd04c169c4bdef102d0bc5d31b2546345219e348575eb80e9a0?s=96&d=mm&r=g","caption":"redazione"},"sameAs":["http:\/\/www.bellunopress.it","https:\/\/x.com\/bellunopress"],"url":"https:\/\/www.bellunopress.it\/fr\/author\/redazione\/"}]}},"_links":{"self":[{"href":"https:\/\/www.bellunopress.it\/fr\/wp-json\/wp\/v2\/posts\/171533","targetHints":{"allow":["GET"]}}],"collection":[{"href":"https:\/\/www.bellunopress.it\/fr\/wp-json\/wp\/v2\/posts"}],"about":[{"href":"https:\/\/www.bellunopress.it\/fr\/wp-json\/wp\/v2\/types\/post"}],"author":[{"embeddable":true,"href":"https:\/\/www.bellunopress.it\/fr\/wp-json\/wp\/v2\/users\/2"}],"replies":[{"embeddable":true,"href":"https:\/\/www.bellunopress.it\/fr\/wp-json\/wp\/v2\/comments?post=171533"}],"version-history":[{"count":1,"href":"https:\/\/www.bellunopress.it\/fr\/wp-json\/wp\/v2\/posts\/171533\/revisions"}],"predecessor-version":[{"id":171534,"href":"https:\/\/www.bellunopress.it\/fr\/wp-json\/wp\/v2\/posts\/171533\/revisions\/171534"}],"wp:featuredmedia":[{"embeddable":true,"href":"https:\/\/www.bellunopress.it\/fr\/wp-json\/wp\/v2\/media\/141664"}],"wp:attachment":[{"href":"https:\/\/www.bellunopress.it\/fr\/wp-json\/wp\/v2\/media?parent=171533"}],"wp:term":[{"taxonomy":"category","embeddable":true,"href":"https:\/\/www.bellunopress.it\/fr\/wp-json\/wp\/v2\/categories?post=171533"},{"taxonomy":"post_tag","embeddable":true,"href":"https:\/\/www.bellunopress.it\/fr\/wp-json\/wp\/v2\/tags?post=171533"}],"curies":[{"name":"wp","href":"https:\/\/api.w.org\/{rel}","templated":true}]}}