{"id":171530,"date":"2026-06-29T13:49:41","date_gmt":"2026-06-29T11:49:41","guid":{"rendered":"https:\/\/www.bellunopress.it\/?p=171530"},"modified":"2026-06-29T13:49:41","modified_gmt":"2026-06-29T11:49:41","slug":"feltre-riflessioni-sulla-democrazia-sabato-4-luglio-incontro-con-lo-storico-marco-mondini-a-villa-guarnieri","status":"publish","type":"post","link":"https:\/\/www.bellunopress.it\/fr\/2026\/06\/29\/feltre-riflessioni-sulla-democrazia-sabato-4-luglio-incontro-con-lo-storico-marco-mondini-a-villa-guarnieri\/","title":{"rendered":"Feltre, riflessioni sulla democrazia: sabato 4 luglio incontro con lo storico Marco Mondini a Villa Guarnieri"},"content":{"rendered":"<div class=\"container\">\n<div id=\"model-response-message-contentr_f8cef61933a3f57e\" class=\"markdown markdown-main-panel enable-luminous-fast-follows enable-updated-hr-color\" dir=\"ltr\" aria-busy=\"false\" aria-live=\"polite\">\n<p data-path-to-node=\"3\"><b data-path-to-node=\"3\" data-index-in-node=\"0\">Un appuntamento per ripercorrere le radici della nostra Repubblica e analizzare la nascita dell\u2019Italia democratica attraverso lo sguardo di uno dei pi\u00f9 autorevoli storici contemporanei.<\/b><\/p>\n<p data-path-to-node=\"4\">Feltre, 29\/06\/2026 &#8211; Nell&#8217;ambito del ricco programma di iniziative intitolato &#8220;Quale Democrazia&#8221;, che anima la citt\u00e0 di Feltre dal 2 giugno fino al 30 settembre 2026, si terr\u00e0 un incontro di grande spessore culturale dedicato alla nostra storia repubblicana.<\/p>\n<p data-path-to-node=\"6\">Sabato 4 luglio, alle ore 18:30, la suggestiva cornice di Villa Guarnieri ospiter\u00e0 un approfondimento dal titolo emblematico: <i data-path-to-node=\"6\" data-index-in-node=\"126\">&#8220;La prima notte della Repubblica \u2013 Il 2 giugno 1946 e la nascita dell&#8217;Italia democratica&#8221;<\/i>.<\/p>\n<p data-path-to-node=\"7\">A guidare il pubblico in questo viaggio nel tempo sar\u00e0 il professor Marco Mondini, docente di Storia contemporanea all&#8217;Universit\u00e0 di Padova. Mondini, tra i pi\u00f9 apprezzati studiosi italiani in materia, \u00e8 un esperto riconosciuto a livello nazionale per le sue analisi sulla Prima guerra mondiale, sui fenomeni del nazionalismo e sui complessi processi che hanno portato alla costruzione dell&#8217;identit\u00e0 nazionale italiana.<\/p>\n<p data-path-to-node=\"8\">L&#8217;incontro si inserisce in un percorso di riflessione collettiva promosso da una vasta rete di soggetti organizzatori del territorio, che con il patrocinio di Isbrec e Anpi, e la collaborazione di diversi partner, mira a interrogarsi sui valori fondanti della convivenza civile e della democrazia moderna.<\/p>\n<p data-path-to-node=\"10\">La serata non sar\u00e0 solo un momento di analisi storica, ma anche un&#8217;occasione di convivialit\u00e0 e condivisione. Al termine della presentazione, infatti, \u00e8 previsto un aperitivo. Inoltre, durante l&#8217;evento, verr\u00e0 presentato ufficialmente il primo numero del panfilo legato alla rassegna, un ulteriore strumento di approfondimento per i cittadini che vorranno continuare a riflettere sui temi trattati.<\/p>\n<p data-path-to-node=\"11\">Un invito, dunque, a tutta la cittadinanza a partecipare a un momento di crescita collettiva, per comprendere meglio il passato e riflettere, con consapevolezza, sul presente e sul futuro della nostra democrazia.<\/p>\n<\/div>\n<\/div>","protected":false},"excerpt":{"rendered":"<p>Un appuntamento per ripercorrere le radici della nostra Repubblica e analizzare la nascita dell\u2019Italia democratica attraverso lo sguardo di uno dei pi\u00f9 autorevoli storici contemporanei. Feltre, 29\/06\/2026 &#8211; Nell&#8217;ambito del ricco programma di iniziative intitolato &#8220;Quale Democrazia&#8221;, che anima la citt\u00e0 di Feltre dal 2 giugno fino al 30 settembre 2026, si terr\u00e0 un incontro [&hellip;]<\/p>\n","protected":false},"author":2,"featured_media":171531,"comment_status":"closed","ping_status":"open","sticky":false,"template":"","format":"standard","meta":{"footnotes":""},"categories":[27,3,25],"tags":[],"class_list":["post-171530","post","type-post","status-publish","format-standard","has-post-thumbnail","category-appuntamenti","category-arte-cultura-spettacoli-scienza-archivi","category-pausa-caffe"],"yoast_head":"<!-- This site is optimized with the Yoast SEO plugin v28.4 - https:\/\/yoast.com\/product\/yoast-seo-wordpress\/ -->\n<title>Feltre, riflessioni sulla democrazia: sabato 4 luglio incontro con lo storico Marco Mondini a Villa Guarnieri - Bellunopress - Dolomiti<\/title>\n<meta name=\"robots\" content=\"index, follow, max-snippet:-1, max-image-preview:large, max-video-preview:-1\" \/>\n<link rel=\"canonical\" href=\"https:\/\/www.bellunopress.it\/fr\/2026\/06\/29\/feltre-riflessioni-sulla-democrazia-sabato-4-luglio-incontro-con-lo-storico-marco-mondini-a-villa-guarnieri\/\" \/>\n<meta property=\"og:locale\" content=\"fr_FR\" \/>\n<meta property=\"og:type\" content=\"article\" \/>\n<meta property=\"og:title\" content=\"Feltre, riflessioni sulla democrazia: sabato 4 luglio incontro con lo storico Marco Mondini a Villa Guarnieri - Bellunopress - Dolomiti\" \/>\n<meta property=\"og:description\" content=\"Un appuntamento per ripercorrere le radici della nostra Repubblica e analizzare la nascita dell\u2019Italia democratica attraverso lo sguardo di uno dei pi\u00f9 autorevoli storici contemporanei. Feltre, 29\/06\/2026 &#8211; Nell&#8217;ambito del ricco programma di iniziative intitolato &#8220;Quale Democrazia&#8221;, che anima la citt\u00e0 di Feltre dal 2 giugno fino al 30 settembre 2026, si terr\u00e0 un incontro [&hellip;]\" \/>\n<meta property=\"og:url\" content=\"https:\/\/www.bellunopress.it\/fr\/2026\/06\/29\/feltre-riflessioni-sulla-democrazia-sabato-4-luglio-incontro-con-lo-storico-marco-mondini-a-villa-guarnieri\/\" \/>\n<meta property=\"og:site_name\" content=\"Bellunopress - Dolomiti\" \/>\n<meta property=\"article:publisher\" content=\"https:\/\/www.facebook.com\/profile.php?id=100008943462799\" \/>\n<meta property=\"article:published_time\" content=\"2026-06-29T11:49:41+00:00\" \/>\n<meta property=\"og:image\" content=\"https:\/\/www.bellunopress.it\/wp-content\/uploads\/2026\/06\/quale-democrazia-Feltre.jpeg\" \/>\n\t<meta property=\"og:image:width\" content=\"500\" \/>\n\t<meta property=\"og:image:height\" content=\"420\" \/>\n\t<meta property=\"og:image:type\" content=\"image\/jpeg\" \/>\n<meta name=\"author\" content=\"redazione\" \/>\n<meta name=\"twitter:card\" content=\"summary_large_image\" \/>\n<meta name=\"twitter:creator\" content=\"@bellunopress\" \/>\n<meta name=\"twitter:site\" content=\"@bellunopress\" \/>\n<meta name=\"twitter:label1\" content=\"Written by\" \/>\n\t<meta name=\"twitter:data1\" content=\"redazione\" \/>\n\t<meta name=\"twitter:label2\" content=\"Est. reading time\" \/>\n\t<meta name=\"twitter:data2\" content=\"2 minutes\" \/>\n<script type=\"application\/ld+json\" class=\"yoast-schema-graph\">{\"@context\":\"https:\\\/\\\/schema.org\",\"@graph\":[{\"@type\":\"Article\",\"@id\":\"https:\\\/\\\/www.bellunopress.it\\\/2026\\\/06\\\/29\\\/feltre-riflessioni-sulla-democrazia-sabato-4-luglio-incontro-con-lo-storico-marco-mondini-a-villa-guarnieri\\\/#article\",\"isPartOf\":{\"@id\":\"https:\\\/\\\/www.bellunopress.it\\\/2026\\\/06\\\/29\\\/feltre-riflessioni-sulla-democrazia-sabato-4-luglio-incontro-con-lo-storico-marco-mondini-a-villa-guarnieri\\\/\"},\"author\":{\"name\":\"redazione\",\"@id\":\"https:\\\/\\\/www.bellunopress.it\\\/#\\\/schema\\\/person\\\/79bb06722b37ece1c03d3e94beb30d73\"},\"headline\":\"Feltre, riflessioni sulla democrazia: sabato 4 luglio incontro con lo storico Marco Mondini a Villa Guarnieri\",\"datePublished\":\"2026-06-29T11:49:41+00:00\",\"mainEntityOfPage\":{\"@id\":\"https:\\\/\\\/www.bellunopress.it\\\/2026\\\/06\\\/29\\\/feltre-riflessioni-sulla-democrazia-sabato-4-luglio-incontro-con-lo-storico-marco-mondini-a-villa-guarnieri\\\/\"},\"wordCount\":304,\"publisher\":{\"@id\":\"https:\\\/\\\/www.bellunopress.it\\\/#organization\"},\"image\":{\"@id\":\"https:\\\/\\\/www.bellunopress.it\\\/2026\\\/06\\\/29\\\/feltre-riflessioni-sulla-democrazia-sabato-4-luglio-incontro-con-lo-storico-marco-mondini-a-villa-guarnieri\\\/#primaryimage\"},\"thumbnailUrl\":\"https:\\\/\\\/www.bellunopress.it\\\/wp-content\\\/uploads\\\/2026\\\/06\\\/quale-democrazia-Feltre.jpeg\",\"articleSection\":[\"Appuntamenti, Eventi\",\"Arte, Cultura, Spettacoli, Scienza\",\"Pausa Caff\u00e8\"],\"inLanguage\":\"fr-FR\"},{\"@type\":\"WebPage\",\"@id\":\"https:\\\/\\\/www.bellunopress.it\\\/2026\\\/06\\\/29\\\/feltre-riflessioni-sulla-democrazia-sabato-4-luglio-incontro-con-lo-storico-marco-mondini-a-villa-guarnieri\\\/\",\"url\":\"https:\\\/\\\/www.bellunopress.it\\\/2026\\\/06\\\/29\\\/feltre-riflessioni-sulla-democrazia-sabato-4-luglio-incontro-con-lo-storico-marco-mondini-a-villa-guarnieri\\\/\",\"name\":\"Feltre, riflessioni sulla democrazia: sabato 4 luglio incontro con lo storico Marco Mondini a Villa Guarnieri - Bellunopress - Dolomiti\",\"isPartOf\":{\"@id\":\"https:\\\/\\\/www.bellunopress.it\\\/#website\"},\"primaryImageOfPage\":{\"@id\":\"https:\\\/\\\/www.bellunopress.it\\\/2026\\\/06\\\/29\\\/feltre-riflessioni-sulla-democrazia-sabato-4-luglio-incontro-con-lo-storico-marco-mondini-a-villa-guarnieri\\\/#primaryimage\"},\"image\":{\"@id\":\"https:\\\/\\\/www.bellunopress.it\\\/2026\\\/06\\\/29\\\/feltre-riflessioni-sulla-democrazia-sabato-4-luglio-incontro-con-lo-storico-marco-mondini-a-villa-guarnieri\\\/#primaryimage\"},\"thumbnailUrl\":\"https:\\\/\\\/www.bellunopress.it\\\/wp-content\\\/uploads\\\/2026\\\/06\\\/quale-democrazia-Feltre.jpeg\",\"datePublished\":\"2026-06-29T11:49:41+00:00\",\"breadcrumb\":{\"@id\":\"https:\\\/\\\/www.bellunopress.it\\\/2026\\\/06\\\/29\\\/feltre-riflessioni-sulla-democrazia-sabato-4-luglio-incontro-con-lo-storico-marco-mondini-a-villa-guarnieri\\\/#breadcrumb\"},\"inLanguage\":\"fr-FR\",\"potentialAction\":[{\"@type\":\"ReadAction\",\"target\":[\"https:\\\/\\\/www.bellunopress.it\\\/2026\\\/06\\\/29\\\/feltre-riflessioni-sulla-democrazia-sabato-4-luglio-incontro-con-lo-storico-marco-mondini-a-villa-guarnieri\\\/\"]}]},{\"@type\":\"ImageObject\",\"inLanguage\":\"fr-FR\",\"@id\":\"https:\\\/\\\/www.bellunopress.it\\\/2026\\\/06\\\/29\\\/feltre-riflessioni-sulla-democrazia-sabato-4-luglio-incontro-con-lo-storico-marco-mondini-a-villa-guarnieri\\\/#primaryimage\",\"url\":\"https:\\\/\\\/www.bellunopress.it\\\/wp-content\\\/uploads\\\/2026\\\/06\\\/quale-democrazia-Feltre.jpeg\",\"contentUrl\":\"https:\\\/\\\/www.bellunopress.it\\\/wp-content\\\/uploads\\\/2026\\\/06\\\/quale-democrazia-Feltre.jpeg\",\"width\":500,\"height\":420},{\"@type\":\"BreadcrumbList\",\"@id\":\"https:\\\/\\\/www.bellunopress.it\\\/2026\\\/06\\\/29\\\/feltre-riflessioni-sulla-democrazia-sabato-4-luglio-incontro-con-lo-storico-marco-mondini-a-villa-guarnieri\\\/#breadcrumb\",\"itemListElement\":[{\"@type\":\"ListItem\",\"position\":1,\"name\":\"Home\",\"item\":\"https:\\\/\\\/www.bellunopress.it\\\/\"},{\"@type\":\"ListItem\",\"position\":2,\"name\":\"Feltre, riflessioni sulla democrazia: sabato 4 luglio incontro con lo storico Marco Mondini a Villa Guarnieri\"}]},{\"@type\":\"WebSite\",\"@id\":\"https:\\\/\\\/www.bellunopress.it\\\/#website\",\"url\":\"https:\\\/\\\/www.bellunopress.it\\\/\",\"name\":\"Bellunopress - Dolomiti\",\"description\":\"e-mail: redazione@bellunopress.it\",\"publisher\":{\"@id\":\"https:\\\/\\\/www.bellunopress.it\\\/#organization\"},\"potentialAction\":[{\"@type\":\"SearchAction\",\"target\":{\"@type\":\"EntryPoint\",\"urlTemplate\":\"https:\\\/\\\/www.bellunopress.it\\\/?s={search_term_string}\"},\"query-input\":{\"@type\":\"PropertyValueSpecification\",\"valueRequired\":true,\"valueName\":\"search_term_string\"}}],\"inLanguage\":\"fr-FR\"},{\"@type\":\"Organization\",\"@id\":\"https:\\\/\\\/www.bellunopress.it\\\/#organization\",\"name\":\"Bellunopress\",\"url\":\"https:\\\/\\\/www.bellunopress.it\\\/\",\"logo\":{\"@type\":\"ImageObject\",\"inLanguage\":\"fr-FR\",\"@id\":\"https:\\\/\\\/www.bellunopress.it\\\/#\\\/schema\\\/logo\\\/image\\\/\",\"url\":\"https:\\\/\\\/www.bellunopress.it\\\/wp-content\\\/uploads\\\/2011\\\/05\\\/cropped-logo-bellunopress-.jpg\",\"contentUrl\":\"https:\\\/\\\/www.bellunopress.it\\\/wp-content\\\/uploads\\\/2011\\\/05\\\/cropped-logo-bellunopress-.jpg\",\"width\":512,\"height\":512,\"caption\":\"Bellunopress\"},\"image\":{\"@id\":\"https:\\\/\\\/www.bellunopress.it\\\/#\\\/schema\\\/logo\\\/image\\\/\"},\"sameAs\":[\"https:\\\/\\\/www.facebook.com\\\/profile.php?id=100008943462799\",\"https:\\\/\\\/x.com\\\/bellunopress\",\"https:\\\/\\\/www.linkedin.com\\\/hp\\\/?dnr=JBzUWaJfMUw8vbXJJ2tVW5-I3jZKvC4wsoxE&amp;amp;amp;amp;amp;amp;trk=nav_responsive_tab_home\",\"https:\\\/\\\/www.youtube.com\\\/channel\\\/UCxL0wu1uN0_3_7hGG0306cw\"]},{\"@type\":\"Person\",\"@id\":\"https:\\\/\\\/www.bellunopress.it\\\/#\\\/schema\\\/person\\\/79bb06722b37ece1c03d3e94beb30d73\",\"name\":\"redazione\",\"image\":{\"@type\":\"ImageObject\",\"inLanguage\":\"fr-FR\",\"@id\":\"https:\\\/\\\/secure.gravatar.com\\\/avatar\\\/37d968a2e67a6fd04c169c4bdef102d0bc5d31b2546345219e348575eb80e9a0?s=96&d=mm&r=g\",\"url\":\"https:\\\/\\\/secure.gravatar.com\\\/avatar\\\/37d968a2e67a6fd04c169c4bdef102d0bc5d31b2546345219e348575eb80e9a0?s=96&d=mm&r=g\",\"contentUrl\":\"https:\\\/\\\/secure.gravatar.com\\\/avatar\\\/37d968a2e67a6fd04c169c4bdef102d0bc5d31b2546345219e348575eb80e9a0?s=96&d=mm&r=g\",\"caption\":\"redazione\"},\"sameAs\":[\"http:\\\/\\\/www.bellunopress.it\",\"https:\\\/\\\/x.com\\\/bellunopress\"],\"url\":\"https:\\\/\\\/www.bellunopress.it\\\/fr\\\/author\\\/redazione\\\/\"}]}<\/script>\n<!-- \/ Yoast SEO plugin. -->","yoast_head_json":{"title":"Feltre, riflessioni sulla democrazia: sabato 4 luglio incontro con lo storico Marco Mondini a Villa Guarnieri - Bellunopress - Dolomiti","robots":{"index":"index","follow":"follow","max-snippet":"max-snippet:-1","max-image-preview":"max-image-preview:large","max-video-preview":"max-video-preview:-1"},"canonical":"https:\/\/www.bellunopress.it\/fr\/2026\/06\/29\/feltre-riflessioni-sulla-democrazia-sabato-4-luglio-incontro-con-lo-storico-marco-mondini-a-villa-guarnieri\/","og_locale":"fr_FR","og_type":"article","og_title":"Feltre, riflessioni sulla democrazia: sabato 4 luglio incontro con lo storico Marco Mondini a Villa Guarnieri - Bellunopress - Dolomiti","og_description":"Un appuntamento per ripercorrere le radici della nostra Repubblica e analizzare la nascita dell\u2019Italia democratica attraverso lo sguardo di uno dei pi\u00f9 autorevoli storici contemporanei. Feltre, 29\/06\/2026 &#8211; Nell&#8217;ambito del ricco programma di iniziative intitolato &#8220;Quale Democrazia&#8221;, che anima la citt\u00e0 di Feltre dal 2 giugno fino al 30 settembre 2026, si terr\u00e0 un incontro [&hellip;]","og_url":"https:\/\/www.bellunopress.it\/fr\/2026\/06\/29\/feltre-riflessioni-sulla-democrazia-sabato-4-luglio-incontro-con-lo-storico-marco-mondini-a-villa-guarnieri\/","og_site_name":"Bellunopress - Dolomiti","article_publisher":"https:\/\/www.facebook.com\/profile.php?id=100008943462799","article_published_time":"2026-06-29T11:49:41+00:00","og_image":[{"width":500,"height":420,"url":"https:\/\/www.bellunopress.it\/wp-content\/uploads\/2026\/06\/quale-democrazia-Feltre.jpeg","type":"image\/jpeg"}],"author":"redazione","twitter_card":"summary_large_image","twitter_creator":"@bellunopress","twitter_site":"@bellunopress","twitter_misc":{"Written by":"redazione","Est. reading time":"2 minutes"},"schema":{"@context":"https:\/\/schema.org","@graph":[{"@type":"Article","@id":"https:\/\/www.bellunopress.it\/2026\/06\/29\/feltre-riflessioni-sulla-democrazia-sabato-4-luglio-incontro-con-lo-storico-marco-mondini-a-villa-guarnieri\/#article","isPartOf":{"@id":"https:\/\/www.bellunopress.it\/2026\/06\/29\/feltre-riflessioni-sulla-democrazia-sabato-4-luglio-incontro-con-lo-storico-marco-mondini-a-villa-guarnieri\/"},"author":{"name":"redazione","@id":"https:\/\/www.bellunopress.it\/#\/schema\/person\/79bb06722b37ece1c03d3e94beb30d73"},"headline":"Feltre, riflessioni sulla democrazia: sabato 4 luglio incontro con lo storico Marco Mondini a Villa Guarnieri","datePublished":"2026-06-29T11:49:41+00:00","mainEntityOfPage":{"@id":"https:\/\/www.bellunopress.it\/2026\/06\/29\/feltre-riflessioni-sulla-democrazia-sabato-4-luglio-incontro-con-lo-storico-marco-mondini-a-villa-guarnieri\/"},"wordCount":304,"publisher":{"@id":"https:\/\/www.bellunopress.it\/#organization"},"image":{"@id":"https:\/\/www.bellunopress.it\/2026\/06\/29\/feltre-riflessioni-sulla-democrazia-sabato-4-luglio-incontro-con-lo-storico-marco-mondini-a-villa-guarnieri\/#primaryimage"},"thumbnailUrl":"https:\/\/www.bellunopress.it\/wp-content\/uploads\/2026\/06\/quale-democrazia-Feltre.jpeg","articleSection":["Appuntamenti, Eventi","Arte, Cultura, Spettacoli, Scienza","Pausa Caff\u00e8"],"inLanguage":"fr-FR"},{"@type":"WebPage","@id":"https:\/\/www.bellunopress.it\/2026\/06\/29\/feltre-riflessioni-sulla-democrazia-sabato-4-luglio-incontro-con-lo-storico-marco-mondini-a-villa-guarnieri\/","url":"https:\/\/www.bellunopress.it\/2026\/06\/29\/feltre-riflessioni-sulla-democrazia-sabato-4-luglio-incontro-con-lo-storico-marco-mondini-a-villa-guarnieri\/","name":"Feltre, riflessioni sulla democrazia: sabato 4 luglio incontro con lo storico Marco Mondini a Villa Guarnieri - Bellunopress - Dolomiti","isPartOf":{"@id":"https:\/\/www.bellunopress.it\/#website"},"primaryImageOfPage":{"@id":"https:\/\/www.bellunopress.it\/2026\/06\/29\/feltre-riflessioni-sulla-democrazia-sabato-4-luglio-incontro-con-lo-storico-marco-mondini-a-villa-guarnieri\/#primaryimage"},"image":{"@id":"https:\/\/www.bellunopress.it\/2026\/06\/29\/feltre-riflessioni-sulla-democrazia-sabato-4-luglio-incontro-con-lo-storico-marco-mondini-a-villa-guarnieri\/#primaryimage"},"thumbnailUrl":"https:\/\/www.bellunopress.it\/wp-content\/uploads\/2026\/06\/quale-democrazia-Feltre.jpeg","datePublished":"2026-06-29T11:49:41+00:00","breadcrumb":{"@id":"https:\/\/www.bellunopress.it\/2026\/06\/29\/feltre-riflessioni-sulla-democrazia-sabato-4-luglio-incontro-con-lo-storico-marco-mondini-a-villa-guarnieri\/#breadcrumb"},"inLanguage":"fr-FR","potentialAction":[{"@type":"ReadAction","target":["https:\/\/www.bellunopress.it\/2026\/06\/29\/feltre-riflessioni-sulla-democrazia-sabato-4-luglio-incontro-con-lo-storico-marco-mondini-a-villa-guarnieri\/"]}]},{"@type":"ImageObject","inLanguage":"fr-FR","@id":"https:\/\/www.bellunopress.it\/2026\/06\/29\/feltre-riflessioni-sulla-democrazia-sabato-4-luglio-incontro-con-lo-storico-marco-mondini-a-villa-guarnieri\/#primaryimage","url":"https:\/\/www.bellunopress.it\/wp-content\/uploads\/2026\/06\/quale-democrazia-Feltre.jpeg","contentUrl":"https:\/\/www.bellunopress.it\/wp-content\/uploads\/2026\/06\/quale-democrazia-Feltre.jpeg","width":500,"height":420},{"@type":"BreadcrumbList","@id":"https:\/\/www.bellunopress.it\/2026\/06\/29\/feltre-riflessioni-sulla-democrazia-sabato-4-luglio-incontro-con-lo-storico-marco-mondini-a-villa-guarnieri\/#breadcrumb","itemListElement":[{"@type":"ListItem","position":1,"name":"Home","item":"https:\/\/www.bellunopress.it\/"},{"@type":"ListItem","position":2,"name":"Feltre, riflessioni sulla democrazia: sabato 4 luglio incontro con lo storico Marco Mondini a Villa Guarnieri"}]},{"@type":"WebSite","@id":"https:\/\/www.bellunopress.it\/#website","url":"https:\/\/www.bellunopress.it\/","name":"Bellunopress - Dolomiti","description":"e-mail: redazione@bellunopress.it","publisher":{"@id":"https:\/\/www.bellunopress.it\/#organization"},"potentialAction":[{"@type":"SearchAction","target":{"@type":"EntryPoint","urlTemplate":"https:\/\/www.bellunopress.it\/?s={search_term_string}"},"query-input":{"@type":"PropertyValueSpecification","valueRequired":true,"valueName":"search_term_string"}}],"inLanguage":"fr-FR"},{"@type":"Organization","@id":"https:\/\/www.bellunopress.it\/#organization","name":"Bellunopress","url":"https:\/\/www.bellunopress.it\/","logo":{"@type":"ImageObject","inLanguage":"fr-FR","@id":"https:\/\/www.bellunopress.it\/#\/schema\/logo\/image\/","url":"https:\/\/www.bellunopress.it\/wp-content\/uploads\/2011\/05\/cropped-logo-bellunopress-.jpg","contentUrl":"https:\/\/www.bellunopress.it\/wp-content\/uploads\/2011\/05\/cropped-logo-bellunopress-.jpg","width":512,"height":512,"caption":"Bellunopress"},"image":{"@id":"https:\/\/www.bellunopress.it\/#\/schema\/logo\/image\/"},"sameAs":["https:\/\/www.facebook.com\/profile.php?id=100008943462799","https:\/\/x.com\/bellunopress","https:\/\/www.linkedin.com\/hp\/?dnr=JBzUWaJfMUw8vbXJJ2tVW5-I3jZKvC4wsoxE&amp;amp;amp;amp;amp;amp;trk=nav_responsive_tab_home","https:\/\/www.youtube.com\/channel\/UCxL0wu1uN0_3_7hGG0306cw"]},{"@type":"Person","@id":"https:\/\/www.bellunopress.it\/#\/schema\/person\/79bb06722b37ece1c03d3e94beb30d73","name":"r\u00e9daction","image":{"@type":"ImageObject","inLanguage":"fr-FR","@id":"https:\/\/secure.gravatar.com\/avatar\/37d968a2e67a6fd04c169c4bdef102d0bc5d31b2546345219e348575eb80e9a0?s=96&d=mm&r=g","url":"https:\/\/secure.gravatar.com\/avatar\/37d968a2e67a6fd04c169c4bdef102d0bc5d31b2546345219e348575eb80e9a0?s=96&d=mm&r=g","contentUrl":"https:\/\/secure.gravatar.com\/avatar\/37d968a2e67a6fd04c169c4bdef102d0bc5d31b2546345219e348575eb80e9a0?s=96&d=mm&r=g","caption":"redazione"},"sameAs":["http:\/\/www.bellunopress.it","https:\/\/x.com\/bellunopress"],"url":"https:\/\/www.bellunopress.it\/fr\/author\/redazione\/"}]}},"_links":{"self":[{"href":"https:\/\/www.bellunopress.it\/fr\/wp-json\/wp\/v2\/posts\/171530","targetHints":{"allow":["GET"]}}],"collection":[{"href":"https:\/\/www.bellunopress.it\/fr\/wp-json\/wp\/v2\/posts"}],"about":[{"href":"https:\/\/www.bellunopress.it\/fr\/wp-json\/wp\/v2\/types\/post"}],"author":[{"embeddable":true,"href":"https:\/\/www.bellunopress.it\/fr\/wp-json\/wp\/v2\/users\/2"}],"replies":[{"embeddable":true,"href":"https:\/\/www.bellunopress.it\/fr\/wp-json\/wp\/v2\/comments?post=171530"}],"version-history":[{"count":1,"href":"https:\/\/www.bellunopress.it\/fr\/wp-json\/wp\/v2\/posts\/171530\/revisions"}],"predecessor-version":[{"id":171532,"href":"https:\/\/www.bellunopress.it\/fr\/wp-json\/wp\/v2\/posts\/171530\/revisions\/171532"}],"wp:featuredmedia":[{"embeddable":true,"href":"https:\/\/www.bellunopress.it\/fr\/wp-json\/wp\/v2\/media\/171531"}],"wp:attachment":[{"href":"https:\/\/www.bellunopress.it\/fr\/wp-json\/wp\/v2\/media?parent=171530"}],"wp:term":[{"taxonomy":"category","embeddable":true,"href":"https:\/\/www.bellunopress.it\/fr\/wp-json\/wp\/v2\/categories?post=171530"},{"taxonomy":"post_tag","embeddable":true,"href":"https:\/\/www.bellunopress.it\/fr\/wp-json\/wp\/v2\/tags?post=171530"}],"curies":[{"name":"wp","href":"https:\/\/api.w.org\/{rel}","templated":true}]}}