{"id":171524,"date":"2026-06-29T13:25:01","date_gmt":"2026-06-29T11:25:01","guid":{"rendered":"https:\/\/www.bellunopress.it\/?p=171524"},"modified":"2026-06-29T13:25:01","modified_gmt":"2026-06-29T11:25:01","slug":"leredita-di-luigi-fant-a-feltre-il-tributo-alla-sartoria-bellunese-che-sfida-il-futuro","status":"publish","type":"post","link":"https:\/\/www.bellunopress.it\/fr\/2026\/06\/29\/leredita-di-luigi-fant-a-feltre-il-tributo-alla-sartoria-bellunese-che-sfida-il-futuro\/","title":{"rendered":"L\u2019eredit\u00e0 di Luigi Fant: a Feltre il tributo alla sartoria bellunese che sfida il futuro"},"content":{"rendered":"<p data-path-to-node=\"3\"><b data-path-to-node=\"3\" data-index-in-node=\"0\">Confartigianato Imprese Belluno e l\u2019istituto Brustolon celebrano il maestro sartoriale, simbolo di un settore in controtendenza che cresce e scommette sui giovani.<\/b><\/p>\n<p data-path-to-node=\"4\">Un omaggio sentito, non solo alla memoria, ma a un\u2019arte che rifiuta di scomparire. Nel contesto della 40\u00aa edizione della Mostra dell\u2019Artigianato Artistico e Tradizionale di Feltre, Confartigianato Imprese Belluno ha reso onore alla figura di Luigi Fant, indiscusso simbolo della sartoria locale, attraverso un convegno e un\u2019esposizione di abiti sartoriali che hanno raccontato, filo dopo filo, l\u2019eccellenza del territorio.<\/p>\n<p data-path-to-node=\"6\">Mentre in molti settori la produzione di serie sembra dominare il mercato, la sartoria artigianale bellunese si conferma una realt\u00e0 in netta controtendenza. I dati del Centro Studi di Confartigianato Imprese Veneto parlano chiaro: tra il 2018 e il 2025, le imprese artigiane del settore a Belluno sono aumentate del 21% (passando da 19 a 23 unit\u00e0), con una crescita degli addetti del 30% (da 20 a 26). Performance decisamente migliori rispetto al dato regionale, che segna una stagnazione (+1,3% di imprese) e un calo occupazionale (-7%).<\/p>\n<p data-path-to-node=\"7\">Anche il saldo occupazionale \u00e8 indicativo: in un Veneto che fatica a mantenere i livelli occupazionali nel settore della confezione, la provincia di Belluno si distingue con saldi costantemente positivi o in pareggio, chiudendo il 2025 con un attivo di 15 unit\u00e0.<\/p>\n<p data-path-to-node=\"9\">Nonostante il successo, il settore affronta l\u2019annosa questione del reperimento della manodopera. Il 79% dei sarti richiesti sul mercato veneto \u00e8 di difficile reperimento e, in quasi 7 casi su 10, i colloqui di lavoro vanno deserti per mancanza di candidati. Inoltre, emerge un mestiere in profonda trasformazione: l\u201982% dei neoassunti necessita di formazione interna e il 30% delle aziende richiede competenze &#8220;Green&#8221;, legate alla sostenibilit\u00e0 dei materiali, ormai un requisito fondamentale.<\/p>\n<p data-path-to-node=\"11\">&#8220;Il nostro obiettivo, condiviso con il Maestro Fant, \u00e8 portare l\u2019artigianato nel futuro&#8221;, ha spiegato Claudia Scarzanella, presidente di Confartigianato Imprese Belluno. L\u2019eredit\u00e0 di Fant vive oggi attraverso il coinvolgimento concreto delle nuove generazioni. \u00c8 proprio per questo che l\u2019associazione ha puntato sui ragazzi dell\u2019Istituto Brustolon di Belluno, coinvolgendoli attivamente nel progetto.<\/p>\n<p data-path-to-node=\"12\">Proprio i docenti dell\u2019Istituto, Andrea Trinceri e Claudio Sanchini, hanno raccontato la rinascita dell\u2019indirizzo moda: in soli sei anni, grazie a una scommessa vinta, il corso \u00e8 passato dall\u2019incertezza a contare oggi cinque classi e circa 100 studenti. &#8220;Il nostro obiettivo \u2013 sottolineano i docenti \u2013 non \u00e8 creare esecutori, ma custodi del Made in Italy&#8221;.<\/p>\n<p data-path-to-node=\"14\">Durante il convegno &#8220;Storie cucite a mano&#8221;, Eros Cortese, vicepresidente della federazione regionale moda di Confartigianato, ha ricordato la nobilt\u00e0 del mestiere: &#8220;In un mercato che insegue la quantit\u00e0, voi difendete la qualit\u00e0. Celebrare un maestro significa celebrare un\u2019intera categoria&#8221;.<\/p>\n<p data-path-to-node=\"15\">La giornata si \u00e8 conclusa con un momento di forte commozione: la consegna, da parte di Claudia Scarzanella, di una targa alla memoria alle figlie del Maestro Luigi Fant. Un tributo che ha unito le eccellenze sartoriali provenienti da tutto il Veneto \u2013 tra cui le realt\u00e0 di Pedavena, Tambre, Padova, Lonigo, Montebelluna e Verona \u2013 unite dal medesimo obiettivo: ricordare la storia per trasformarla, ancora una volta, in bellezza.<\/p>","protected":false},"excerpt":{"rendered":"<p>Confartigianato Imprese Belluno e l\u2019istituto Brustolon celebrano il maestro sartoriale, simbolo di un settore in controtendenza che cresce e scommette sui giovani. Un omaggio sentito, non solo alla memoria, ma a un\u2019arte che rifiuta di scomparire. Nel contesto della 40\u00aa edizione della Mostra dell\u2019Artigianato Artistico e Tradizionale di Feltre, Confartigianato Imprese Belluno ha reso onore [&hellip;]<\/p>\n","protected":false},"author":2,"featured_media":171525,"comment_status":"closed","ping_status":"open","sticky":false,"template":"","format":"standard","meta":{"footnotes":""},"categories":[36,26],"tags":[],"class_list":["post-171524","post","type-post","status-publish","format-standard","has-post-thumbnail","category-lavoro-economia","category-prima-pagina"],"yoast_head":"<!-- This site is optimized with the Yoast SEO plugin v28.4 - https:\/\/yoast.com\/product\/yoast-seo-wordpress\/ -->\n<title>L\u2019eredit\u00e0 di Luigi Fant: a Feltre il tributo alla sartoria bellunese che sfida il futuro - Bellunopress - Dolomiti<\/title>\n<meta name=\"robots\" content=\"index, follow, max-snippet:-1, max-image-preview:large, max-video-preview:-1\" \/>\n<link rel=\"canonical\" href=\"https:\/\/www.bellunopress.it\/fr\/2026\/06\/29\/leredita-di-luigi-fant-a-feltre-il-tributo-alla-sartoria-bellunese-che-sfida-il-futuro\/\" \/>\n<meta property=\"og:locale\" content=\"fr_FR\" \/>\n<meta property=\"og:type\" content=\"article\" \/>\n<meta property=\"og:title\" content=\"L\u2019eredit\u00e0 di Luigi Fant: a Feltre il tributo alla sartoria bellunese che sfida il futuro - Bellunopress - Dolomiti\" \/>\n<meta property=\"og:description\" content=\"Confartigianato Imprese Belluno e l\u2019istituto Brustolon celebrano il maestro sartoriale, simbolo di un settore in controtendenza che cresce e scommette sui giovani. Un omaggio sentito, non solo alla memoria, ma a un\u2019arte che rifiuta di scomparire. Nel contesto della 40\u00aa edizione della Mostra dell\u2019Artigianato Artistico e Tradizionale di Feltre, Confartigianato Imprese Belluno ha reso onore [&hellip;]\" \/>\n<meta property=\"og:url\" content=\"https:\/\/www.bellunopress.it\/fr\/2026\/06\/29\/leredita-di-luigi-fant-a-feltre-il-tributo-alla-sartoria-bellunese-che-sfida-il-futuro\/\" \/>\n<meta property=\"og:site_name\" content=\"Bellunopress - Dolomiti\" \/>\n<meta property=\"article:publisher\" content=\"https:\/\/www.facebook.com\/profile.php?id=100008943462799\" \/>\n<meta property=\"article:published_time\" content=\"2026-06-29T11:25:01+00:00\" \/>\n<meta property=\"og:image\" content=\"https:\/\/www.bellunopress.it\/wp-content\/uploads\/2026\/06\/Confartigianato-targa-alle-figlie-di-fant-sarto.jpg\" \/>\n\t<meta property=\"og:image:width\" content=\"600\" \/>\n\t<meta property=\"og:image:height\" content=\"381\" \/>\n\t<meta property=\"og:image:type\" content=\"image\/jpeg\" \/>\n<meta name=\"author\" content=\"redazione\" \/>\n<meta name=\"twitter:card\" content=\"summary_large_image\" \/>\n<meta name=\"twitter:creator\" content=\"@bellunopress\" \/>\n<meta name=\"twitter:site\" content=\"@bellunopress\" \/>\n<meta name=\"twitter:label1\" content=\"\u00c9crit par\" \/>\n\t<meta name=\"twitter:data1\" content=\"redazione\" \/>\n\t<meta name=\"twitter:label2\" content=\"Dur\u00e9e de lecture estim\u00e9e\" \/>\n\t<meta name=\"twitter:data2\" content=\"3 minutes\" \/>\n<script type=\"application\/ld+json\" class=\"yoast-schema-graph\">{\"@context\":\"https:\\\/\\\/schema.org\",\"@graph\":[{\"@type\":\"Article\",\"@id\":\"https:\\\/\\\/www.bellunopress.it\\\/2026\\\/06\\\/29\\\/leredita-di-luigi-fant-a-feltre-il-tributo-alla-sartoria-bellunese-che-sfida-il-futuro\\\/#article\",\"isPartOf\":{\"@id\":\"https:\\\/\\\/www.bellunopress.it\\\/2026\\\/06\\\/29\\\/leredita-di-luigi-fant-a-feltre-il-tributo-alla-sartoria-bellunese-che-sfida-il-futuro\\\/\"},\"author\":{\"name\":\"redazione\",\"@id\":\"https:\\\/\\\/www.bellunopress.it\\\/#\\\/schema\\\/person\\\/79bb06722b37ece1c03d3e94beb30d73\"},\"headline\":\"L\u2019eredit\u00e0 di Luigi Fant: a Feltre il tributo alla sartoria bellunese che sfida il futuro\",\"datePublished\":\"2026-06-29T11:25:01+00:00\",\"mainEntityOfPage\":{\"@id\":\"https:\\\/\\\/www.bellunopress.it\\\/2026\\\/06\\\/29\\\/leredita-di-luigi-fant-a-feltre-il-tributo-alla-sartoria-bellunese-che-sfida-il-futuro\\\/\"},\"wordCount\":503,\"publisher\":{\"@id\":\"https:\\\/\\\/www.bellunopress.it\\\/#organization\"},\"image\":{\"@id\":\"https:\\\/\\\/www.bellunopress.it\\\/2026\\\/06\\\/29\\\/leredita-di-luigi-fant-a-feltre-il-tributo-alla-sartoria-bellunese-che-sfida-il-futuro\\\/#primaryimage\"},\"thumbnailUrl\":\"https:\\\/\\\/www.bellunopress.it\\\/wp-content\\\/uploads\\\/2026\\\/06\\\/Confartigianato-targa-alle-figlie-di-fant-sarto.jpg\",\"articleSection\":[\"Lavoro, Economia, Turismo\",\"Prima Pagina\"],\"inLanguage\":\"fr-FR\"},{\"@type\":\"WebPage\",\"@id\":\"https:\\\/\\\/www.bellunopress.it\\\/2026\\\/06\\\/29\\\/leredita-di-luigi-fant-a-feltre-il-tributo-alla-sartoria-bellunese-che-sfida-il-futuro\\\/\",\"url\":\"https:\\\/\\\/www.bellunopress.it\\\/2026\\\/06\\\/29\\\/leredita-di-luigi-fant-a-feltre-il-tributo-alla-sartoria-bellunese-che-sfida-il-futuro\\\/\",\"name\":\"L\u2019eredit\u00e0 di Luigi Fant: a Feltre il tributo alla sartoria bellunese che sfida il futuro - Bellunopress - Dolomiti\",\"isPartOf\":{\"@id\":\"https:\\\/\\\/www.bellunopress.it\\\/#website\"},\"primaryImageOfPage\":{\"@id\":\"https:\\\/\\\/www.bellunopress.it\\\/2026\\\/06\\\/29\\\/leredita-di-luigi-fant-a-feltre-il-tributo-alla-sartoria-bellunese-che-sfida-il-futuro\\\/#primaryimage\"},\"image\":{\"@id\":\"https:\\\/\\\/www.bellunopress.it\\\/2026\\\/06\\\/29\\\/leredita-di-luigi-fant-a-feltre-il-tributo-alla-sartoria-bellunese-che-sfida-il-futuro\\\/#primaryimage\"},\"thumbnailUrl\":\"https:\\\/\\\/www.bellunopress.it\\\/wp-content\\\/uploads\\\/2026\\\/06\\\/Confartigianato-targa-alle-figlie-di-fant-sarto.jpg\",\"datePublished\":\"2026-06-29T11:25:01+00:00\",\"breadcrumb\":{\"@id\":\"https:\\\/\\\/www.bellunopress.it\\\/2026\\\/06\\\/29\\\/leredita-di-luigi-fant-a-feltre-il-tributo-alla-sartoria-bellunese-che-sfida-il-futuro\\\/#breadcrumb\"},\"inLanguage\":\"fr-FR\",\"potentialAction\":[{\"@type\":\"ReadAction\",\"target\":[\"https:\\\/\\\/www.bellunopress.it\\\/2026\\\/06\\\/29\\\/leredita-di-luigi-fant-a-feltre-il-tributo-alla-sartoria-bellunese-che-sfida-il-futuro\\\/\"]}]},{\"@type\":\"ImageObject\",\"inLanguage\":\"fr-FR\",\"@id\":\"https:\\\/\\\/www.bellunopress.it\\\/2026\\\/06\\\/29\\\/leredita-di-luigi-fant-a-feltre-il-tributo-alla-sartoria-bellunese-che-sfida-il-futuro\\\/#primaryimage\",\"url\":\"https:\\\/\\\/www.bellunopress.it\\\/wp-content\\\/uploads\\\/2026\\\/06\\\/Confartigianato-targa-alle-figlie-di-fant-sarto.jpg\",\"contentUrl\":\"https:\\\/\\\/www.bellunopress.it\\\/wp-content\\\/uploads\\\/2026\\\/06\\\/Confartigianato-targa-alle-figlie-di-fant-sarto.jpg\",\"width\":600,\"height\":381,\"caption\":\"La consegna della targa dalla presidente Scarzanella alle figlie del maestro Luigi Fant\"},{\"@type\":\"BreadcrumbList\",\"@id\":\"https:\\\/\\\/www.bellunopress.it\\\/2026\\\/06\\\/29\\\/leredita-di-luigi-fant-a-feltre-il-tributo-alla-sartoria-bellunese-che-sfida-il-futuro\\\/#breadcrumb\",\"itemListElement\":[{\"@type\":\"ListItem\",\"position\":1,\"name\":\"Home\",\"item\":\"https:\\\/\\\/www.bellunopress.it\\\/\"},{\"@type\":\"ListItem\",\"position\":2,\"name\":\"L\u2019eredit\u00e0 di Luigi Fant: a Feltre il tributo alla sartoria bellunese che sfida il futuro\"}]},{\"@type\":\"WebSite\",\"@id\":\"https:\\\/\\\/www.bellunopress.it\\\/#website\",\"url\":\"https:\\\/\\\/www.bellunopress.it\\\/\",\"name\":\"Bellunopress - Dolomiti\",\"description\":\"e-mail: redazione@bellunopress.it\",\"publisher\":{\"@id\":\"https:\\\/\\\/www.bellunopress.it\\\/#organization\"},\"potentialAction\":[{\"@type\":\"SearchAction\",\"target\":{\"@type\":\"EntryPoint\",\"urlTemplate\":\"https:\\\/\\\/www.bellunopress.it\\\/?s={search_term_string}\"},\"query-input\":{\"@type\":\"PropertyValueSpecification\",\"valueRequired\":true,\"valueName\":\"search_term_string\"}}],\"inLanguage\":\"fr-FR\"},{\"@type\":\"Organization\",\"@id\":\"https:\\\/\\\/www.bellunopress.it\\\/#organization\",\"name\":\"Bellunopress\",\"url\":\"https:\\\/\\\/www.bellunopress.it\\\/\",\"logo\":{\"@type\":\"ImageObject\",\"inLanguage\":\"fr-FR\",\"@id\":\"https:\\\/\\\/www.bellunopress.it\\\/#\\\/schema\\\/logo\\\/image\\\/\",\"url\":\"https:\\\/\\\/www.bellunopress.it\\\/wp-content\\\/uploads\\\/2011\\\/05\\\/cropped-logo-bellunopress-.jpg\",\"contentUrl\":\"https:\\\/\\\/www.bellunopress.it\\\/wp-content\\\/uploads\\\/2011\\\/05\\\/cropped-logo-bellunopress-.jpg\",\"width\":512,\"height\":512,\"caption\":\"Bellunopress\"},\"image\":{\"@id\":\"https:\\\/\\\/www.bellunopress.it\\\/#\\\/schema\\\/logo\\\/image\\\/\"},\"sameAs\":[\"https:\\\/\\\/www.facebook.com\\\/profile.php?id=100008943462799\",\"https:\\\/\\\/x.com\\\/bellunopress\",\"https:\\\/\\\/www.linkedin.com\\\/hp\\\/?dnr=JBzUWaJfMUw8vbXJJ2tVW5-I3jZKvC4wsoxE&amp;amp;amp;amp;amp;amp;trk=nav_responsive_tab_home\",\"https:\\\/\\\/www.youtube.com\\\/channel\\\/UCxL0wu1uN0_3_7hGG0306cw\"]},{\"@type\":\"Person\",\"@id\":\"https:\\\/\\\/www.bellunopress.it\\\/#\\\/schema\\\/person\\\/79bb06722b37ece1c03d3e94beb30d73\",\"name\":\"redazione\",\"image\":{\"@type\":\"ImageObject\",\"inLanguage\":\"fr-FR\",\"@id\":\"https:\\\/\\\/secure.gravatar.com\\\/avatar\\\/37d968a2e67a6fd04c169c4bdef102d0bc5d31b2546345219e348575eb80e9a0?s=96&d=mm&r=g\",\"url\":\"https:\\\/\\\/secure.gravatar.com\\\/avatar\\\/37d968a2e67a6fd04c169c4bdef102d0bc5d31b2546345219e348575eb80e9a0?s=96&d=mm&r=g\",\"contentUrl\":\"https:\\\/\\\/secure.gravatar.com\\\/avatar\\\/37d968a2e67a6fd04c169c4bdef102d0bc5d31b2546345219e348575eb80e9a0?s=96&d=mm&r=g\",\"caption\":\"redazione\"},\"sameAs\":[\"http:\\\/\\\/www.bellunopress.it\",\"https:\\\/\\\/x.com\\\/bellunopress\"],\"url\":\"https:\\\/\\\/www.bellunopress.it\\\/fr\\\/author\\\/redazione\\\/\"}]}<\/script>\n<!-- \/ Yoast SEO plugin. -->","yoast_head_json":{"title":"L\u2019eredit\u00e0 di Luigi Fant: a Feltre il tributo alla sartoria bellunese che sfida il futuro - Bellunopress - Dolomiti","robots":{"index":"index","follow":"follow","max-snippet":"max-snippet:-1","max-image-preview":"max-image-preview:large","max-video-preview":"max-video-preview:-1"},"canonical":"https:\/\/www.bellunopress.it\/fr\/2026\/06\/29\/leredita-di-luigi-fant-a-feltre-il-tributo-alla-sartoria-bellunese-che-sfida-il-futuro\/","og_locale":"fr_FR","og_type":"article","og_title":"L\u2019eredit\u00e0 di Luigi Fant: a Feltre il tributo alla sartoria bellunese che sfida il futuro - Bellunopress - Dolomiti","og_description":"Confartigianato Imprese Belluno e l\u2019istituto Brustolon celebrano il maestro sartoriale, simbolo di un settore in controtendenza che cresce e scommette sui giovani. Un omaggio sentito, non solo alla memoria, ma a un\u2019arte che rifiuta di scomparire. Nel contesto della 40\u00aa edizione della Mostra dell\u2019Artigianato Artistico e Tradizionale di Feltre, Confartigianato Imprese Belluno ha reso onore [&hellip;]","og_url":"https:\/\/www.bellunopress.it\/fr\/2026\/06\/29\/leredita-di-luigi-fant-a-feltre-il-tributo-alla-sartoria-bellunese-che-sfida-il-futuro\/","og_site_name":"Bellunopress - Dolomiti","article_publisher":"https:\/\/www.facebook.com\/profile.php?id=100008943462799","article_published_time":"2026-06-29T11:25:01+00:00","og_image":[{"width":600,"height":381,"url":"https:\/\/www.bellunopress.it\/wp-content\/uploads\/2026\/06\/Confartigianato-targa-alle-figlie-di-fant-sarto.jpg","type":"image\/jpeg"}],"author":"redazione","twitter_card":"summary_large_image","twitter_creator":"@bellunopress","twitter_site":"@bellunopress","twitter_misc":{"\u00c9crit par":"redazione","Dur\u00e9e de lecture estim\u00e9e":"3 minutes"},"schema":{"@context":"https:\/\/schema.org","@graph":[{"@type":"Article","@id":"https:\/\/www.bellunopress.it\/2026\/06\/29\/leredita-di-luigi-fant-a-feltre-il-tributo-alla-sartoria-bellunese-che-sfida-il-futuro\/#article","isPartOf":{"@id":"https:\/\/www.bellunopress.it\/2026\/06\/29\/leredita-di-luigi-fant-a-feltre-il-tributo-alla-sartoria-bellunese-che-sfida-il-futuro\/"},"author":{"name":"redazione","@id":"https:\/\/www.bellunopress.it\/#\/schema\/person\/79bb06722b37ece1c03d3e94beb30d73"},"headline":"L\u2019eredit\u00e0 di Luigi Fant: a Feltre il tributo alla sartoria bellunese che sfida il futuro","datePublished":"2026-06-29T11:25:01+00:00","mainEntityOfPage":{"@id":"https:\/\/www.bellunopress.it\/2026\/06\/29\/leredita-di-luigi-fant-a-feltre-il-tributo-alla-sartoria-bellunese-che-sfida-il-futuro\/"},"wordCount":503,"publisher":{"@id":"https:\/\/www.bellunopress.it\/#organization"},"image":{"@id":"https:\/\/www.bellunopress.it\/2026\/06\/29\/leredita-di-luigi-fant-a-feltre-il-tributo-alla-sartoria-bellunese-che-sfida-il-futuro\/#primaryimage"},"thumbnailUrl":"https:\/\/www.bellunopress.it\/wp-content\/uploads\/2026\/06\/Confartigianato-targa-alle-figlie-di-fant-sarto.jpg","articleSection":["Lavoro, Economia, Turismo","Prima Pagina"],"inLanguage":"fr-FR"},{"@type":"WebPage","@id":"https:\/\/www.bellunopress.it\/2026\/06\/29\/leredita-di-luigi-fant-a-feltre-il-tributo-alla-sartoria-bellunese-che-sfida-il-futuro\/","url":"https:\/\/www.bellunopress.it\/2026\/06\/29\/leredita-di-luigi-fant-a-feltre-il-tributo-alla-sartoria-bellunese-che-sfida-il-futuro\/","name":"L\u2019eredit\u00e0 di Luigi Fant: a Feltre il tributo alla sartoria bellunese che sfida il futuro - Bellunopress - Dolomiti","isPartOf":{"@id":"https:\/\/www.bellunopress.it\/#website"},"primaryImageOfPage":{"@id":"https:\/\/www.bellunopress.it\/2026\/06\/29\/leredita-di-luigi-fant-a-feltre-il-tributo-alla-sartoria-bellunese-che-sfida-il-futuro\/#primaryimage"},"image":{"@id":"https:\/\/www.bellunopress.it\/2026\/06\/29\/leredita-di-luigi-fant-a-feltre-il-tributo-alla-sartoria-bellunese-che-sfida-il-futuro\/#primaryimage"},"thumbnailUrl":"https:\/\/www.bellunopress.it\/wp-content\/uploads\/2026\/06\/Confartigianato-targa-alle-figlie-di-fant-sarto.jpg","datePublished":"2026-06-29T11:25:01+00:00","breadcrumb":{"@id":"https:\/\/www.bellunopress.it\/2026\/06\/29\/leredita-di-luigi-fant-a-feltre-il-tributo-alla-sartoria-bellunese-che-sfida-il-futuro\/#breadcrumb"},"inLanguage":"fr-FR","potentialAction":[{"@type":"ReadAction","target":["https:\/\/www.bellunopress.it\/2026\/06\/29\/leredita-di-luigi-fant-a-feltre-il-tributo-alla-sartoria-bellunese-che-sfida-il-futuro\/"]}]},{"@type":"ImageObject","inLanguage":"fr-FR","@id":"https:\/\/www.bellunopress.it\/2026\/06\/29\/leredita-di-luigi-fant-a-feltre-il-tributo-alla-sartoria-bellunese-che-sfida-il-futuro\/#primaryimage","url":"https:\/\/www.bellunopress.it\/wp-content\/uploads\/2026\/06\/Confartigianato-targa-alle-figlie-di-fant-sarto.jpg","contentUrl":"https:\/\/www.bellunopress.it\/wp-content\/uploads\/2026\/06\/Confartigianato-targa-alle-figlie-di-fant-sarto.jpg","width":600,"height":381,"caption":"La consegna della targa dalla presidente Scarzanella alle figlie del maestro Luigi Fant"},{"@type":"BreadcrumbList","@id":"https:\/\/www.bellunopress.it\/2026\/06\/29\/leredita-di-luigi-fant-a-feltre-il-tributo-alla-sartoria-bellunese-che-sfida-il-futuro\/#breadcrumb","itemListElement":[{"@type":"ListItem","position":1,"name":"Home","item":"https:\/\/www.bellunopress.it\/"},{"@type":"ListItem","position":2,"name":"L\u2019eredit\u00e0 di Luigi Fant: a Feltre il tributo alla sartoria bellunese che sfida il futuro"}]},{"@type":"WebSite","@id":"https:\/\/www.bellunopress.it\/#website","url":"https:\/\/www.bellunopress.it\/","name":"Bellunopress - Dolomiti","description":"e-mail: redazione@bellunopress.it","publisher":{"@id":"https:\/\/www.bellunopress.it\/#organization"},"potentialAction":[{"@type":"SearchAction","target":{"@type":"EntryPoint","urlTemplate":"https:\/\/www.bellunopress.it\/?s={search_term_string}"},"query-input":{"@type":"PropertyValueSpecification","valueRequired":true,"valueName":"search_term_string"}}],"inLanguage":"fr-FR"},{"@type":"Organization","@id":"https:\/\/www.bellunopress.it\/#organization","name":"Bellunopress","url":"https:\/\/www.bellunopress.it\/","logo":{"@type":"ImageObject","inLanguage":"fr-FR","@id":"https:\/\/www.bellunopress.it\/#\/schema\/logo\/image\/","url":"https:\/\/www.bellunopress.it\/wp-content\/uploads\/2011\/05\/cropped-logo-bellunopress-.jpg","contentUrl":"https:\/\/www.bellunopress.it\/wp-content\/uploads\/2011\/05\/cropped-logo-bellunopress-.jpg","width":512,"height":512,"caption":"Bellunopress"},"image":{"@id":"https:\/\/www.bellunopress.it\/#\/schema\/logo\/image\/"},"sameAs":["https:\/\/www.facebook.com\/profile.php?id=100008943462799","https:\/\/x.com\/bellunopress","https:\/\/www.linkedin.com\/hp\/?dnr=JBzUWaJfMUw8vbXJJ2tVW5-I3jZKvC4wsoxE&amp;amp;amp;amp;amp;amp;trk=nav_responsive_tab_home","https:\/\/www.youtube.com\/channel\/UCxL0wu1uN0_3_7hGG0306cw"]},{"@type":"Person","@id":"https:\/\/www.bellunopress.it\/#\/schema\/person\/79bb06722b37ece1c03d3e94beb30d73","name":"r\u00e9daction","image":{"@type":"ImageObject","inLanguage":"fr-FR","@id":"https:\/\/secure.gravatar.com\/avatar\/37d968a2e67a6fd04c169c4bdef102d0bc5d31b2546345219e348575eb80e9a0?s=96&d=mm&r=g","url":"https:\/\/secure.gravatar.com\/avatar\/37d968a2e67a6fd04c169c4bdef102d0bc5d31b2546345219e348575eb80e9a0?s=96&d=mm&r=g","contentUrl":"https:\/\/secure.gravatar.com\/avatar\/37d968a2e67a6fd04c169c4bdef102d0bc5d31b2546345219e348575eb80e9a0?s=96&d=mm&r=g","caption":"redazione"},"sameAs":["http:\/\/www.bellunopress.it","https:\/\/x.com\/bellunopress"],"url":"https:\/\/www.bellunopress.it\/fr\/author\/redazione\/"}]}},"_links":{"self":[{"href":"https:\/\/www.bellunopress.it\/fr\/wp-json\/wp\/v2\/posts\/171524","targetHints":{"allow":["GET"]}}],"collection":[{"href":"https:\/\/www.bellunopress.it\/fr\/wp-json\/wp\/v2\/posts"}],"about":[{"href":"https:\/\/www.bellunopress.it\/fr\/wp-json\/wp\/v2\/types\/post"}],"author":[{"embeddable":true,"href":"https:\/\/www.bellunopress.it\/fr\/wp-json\/wp\/v2\/users\/2"}],"replies":[{"embeddable":true,"href":"https:\/\/www.bellunopress.it\/fr\/wp-json\/wp\/v2\/comments?post=171524"}],"version-history":[{"count":1,"href":"https:\/\/www.bellunopress.it\/fr\/wp-json\/wp\/v2\/posts\/171524\/revisions"}],"predecessor-version":[{"id":171526,"href":"https:\/\/www.bellunopress.it\/fr\/wp-json\/wp\/v2\/posts\/171524\/revisions\/171526"}],"wp:featuredmedia":[{"embeddable":true,"href":"https:\/\/www.bellunopress.it\/fr\/wp-json\/wp\/v2\/media\/171525"}],"wp:attachment":[{"href":"https:\/\/www.bellunopress.it\/fr\/wp-json\/wp\/v2\/media?parent=171524"}],"wp:term":[{"taxonomy":"category","embeddable":true,"href":"https:\/\/www.bellunopress.it\/fr\/wp-json\/wp\/v2\/categories?post=171524"},{"taxonomy":"post_tag","embeddable":true,"href":"https:\/\/www.bellunopress.it\/fr\/wp-json\/wp\/v2\/tags?post=171524"}],"curies":[{"name":"wp","href":"https:\/\/api.w.org\/{rel}","templated":true}]}}