{"id":171519,"date":"2026-06-29T10:29:06","date_gmt":"2026-06-29T08:29:06","guid":{"rendered":"https:\/\/www.bellunopress.it\/?p=171519"},"modified":"2026-06-29T10:29:06","modified_gmt":"2026-06-29T08:29:06","slug":"cortinateatro-linferiorita-mentale-della-donna-di-giovanna-gra-con-veronica-pivetti","status":"publish","type":"post","link":"https:\/\/www.bellunopress.it\/fr\/2026\/06\/29\/cortinateatro-linferiorita-mentale-della-donna-di-giovanna-gra-con-veronica-pivetti\/","title":{"rendered":"CortinAteatro. \u201cL\u2019inferiorit\u00e0 mentale della donna\u201d di Giovanna Gra, con Veronica Pivetti"},"content":{"rendered":"<p><strong>Venerd\u00ec 3 luglio 2026 alle 20:45 all&#8217;Alexander Girardi Hall di Cortina d&#8217;Ampezzo<\/strong><\/p>\n<p><strong>Un monologo che con ironia ribalta i luoghi comuni della cultura maschilista<\/strong><\/p>\n<p><strong>Un&#8217;estate che esalta il talento femminile<\/strong><\/p>\n<p>A Cortina d\u2019Ampezzo fiorisce un\u2019estate all\u2019insegna della musica e del teatro con CortinAteatro: dal 3 luglio al 19 settembre (dopo i due spettacoli primaverili di avvio) il centro della Regina delle Dolomiti e alcune delle location paesaggistiche pi\u00f9 iconiche della Conca Ampezzana ospitano la stagione culturale promossa e sostenuta dal Comune di Cortina d\u2019Ampezzo e ideata e coordinata dall\u2019associazione Musincantus, divenuta il punto di riferimento per i concerti e gli spettacoli teatrali di alto livello sulle Dolomiti.<\/p>\n<p>Ci\u00f2 che caratterizza l\u2019estate 2026 \u00e8 l\u2019attenzione per l\u2019universo creativo femminile, con spettacoli dedicati a iconiche artiste e grandi interpreti sul palco, a cominciare da Veronica Pivetti che venerd\u00ec 3 luglio sar\u00e0 all\u2019Alexander Girardi Hall alle 20.45 con L\u2019inferiorit\u00e0 mentale della donna di Giovanna Gra (una produzione ArtistiAssociati \u2013 Centro di produzione teatrale in collaborazione con Pigra Srl). Un monologo ironico e provocatorio, liberamente ispirato al trattato \u201cL\u2019inferiorit\u00e0 mentale della donna\u201d di Paul Julius Moebius, che affronta i pregiudizi di genere attraverso testi scientifici e culturali del passato. Partendo dai testi pi\u00f9 paradossali e discriminanti del secolo scorso, lo spettacolo mette in scena teorie pseudo-scientifiche che per anni hanno sostenuto l\u2019inferiorit\u00e0 femminile. Con uno sguardo lucido e sarcastico, Veronica Pivetti ribalta questi contenuti, trasformandoli in un racconto teatrale brillante e attuale.<\/p>\n<p>Ad accompagnarla sul palco c\u2019\u00e8 il musicista Alessandro Nidi, che, con interventi musicali ispirati alla figura femminile, contribuisce a creare un dialogo continuo tra parola e musica.<br \/>\nTra ironia, narrazione personale e citazioni storiche \u2013 da Lombroso alle teorie mediche novecentesche \u2013 lo spettacolo costruisce un percorso che mette in luce l\u2019assurdit\u00e0 della cultura maschilista. L\u2019inferiorit\u00e0 mentale della donna \u00e8 un monologo intelligente e coinvolgente, che unisce teatro civile e comicit\u00e0, invitando il pubblico a riflettere sui condizionamenti culturali e sulla loro evoluzione nel tempo.\u00a0Paziente lei stessa \u2013 causa una passata depressione \u2013, Pivetti non manca di raccontare al pubblico alcuni singolari episodi personali e di ricordare, con le parole di Lombroso, che\u2026 \u201cil maschio \u00e8 una femmina pi\u00f9 perfetta\u201d.<\/p>\n<p>Il prossimo appuntamento. Sabato 18 luglio sar\u00e0 la volta dell\u2019operetta. Alle 20.45 all\u2019Alexander Girardi Hall andr\u00e0 in scena Cin-Ci-La, uno dei titoli pi\u00f9 celebri del repertorio, un successo lungo un secolo ma sempre attuale, con le musiche di Carlo Lombardo e Virgilio Ranzato e gli interpreti della Compagnia Corrado Abbati (che \u00e8 anche event partner). Scritta nel 1925 da Lombardo e Ranzato, ispirati dall\u2019esotismo in gran voga all\u2019epoca, \u00e8 una favola in musica ambientata a Macao, con due giovani ed ingenui sposi, Ciclamino e Myosotis, eredi al trono.<br \/>\nDomenica 12 luglio alle 10 al Rifugio Averau, inoltre, CortinAteatro collaborer\u00e0 con Una Montagna di Libri per accompagnare musicalmente l\u2019incontro con lo scrittore Erri De Luca e il suo \u201cDiscorso per un amico\u201d. Si esibir\u00e0 il Trio Na Fuoia, ensemble che propone un repertorio tra tradizione e modernit\u00e0, nell\u2019ottica di divulgare e rinnovare il patrimonio musicale delle vallate dolomitiche. La partecipazione \u00e8 libera, con la possibilit\u00e0 di fermarsi al rifugio per il pranzo.<br \/>\nCortinAteatro \u00e8 sostenuta dal Ministero della Cultura, dalla Regione Veneto, da RetEventi Provincia di Belluno, e realizzata anche grazie al contributo del main partner Prosecco DOC, di CortinaBanca e de La Cooperativa di Cortina.<br \/>\nRai Radio Techet\u00e9 \u00e8 media partner di CortinAteatro 2026, insieme a Teatro.it, Corriere delle Alpi e Radio Cortina.<\/p>\n<p>Biglietti: Infopoint di Cortina d\u2019Ampezzo, Cooperativa di Cortina (reparto cartoleria), vivaticket.com<\/p>\n<p>&nbsp;<\/p>","protected":false},"excerpt":{"rendered":"<p>Venerd\u00ec 3 luglio 2026 alle 20:45 all&#8217;Alexander Girardi Hall di Cortina d&#8217;Ampezzo Un monologo che con ironia ribalta i luoghi comuni della cultura maschilista Un&#8217;estate che esalta il talento femminile A Cortina d\u2019Ampezzo fiorisce un\u2019estate all\u2019insegna della musica e del teatro con CortinAteatro: dal 3 luglio al 19 settembre (dopo i due spettacoli primaverili di [&hellip;]<\/p>\n","protected":false},"author":2,"featured_media":117786,"comment_status":"closed","ping_status":"open","sticky":false,"template":"","format":"standard","meta":{"footnotes":""},"categories":[27,25],"tags":[],"class_list":["post-171519","post","type-post","status-publish","format-standard","has-post-thumbnail","category-appuntamenti","category-pausa-caffe"],"yoast_head":"<!-- This site is optimized with the Yoast SEO plugin v28.4 - https:\/\/yoast.com\/product\/yoast-seo-wordpress\/ -->\n<title>CortinAteatro. \u201cL\u2019inferiorit\u00e0 mentale della donna\u201d di Giovanna Gra, con Veronica Pivetti - Bellunopress - Dolomiti<\/title>\n<meta name=\"robots\" content=\"index, follow, max-snippet:-1, max-image-preview:large, max-video-preview:-1\" \/>\n<link rel=\"canonical\" href=\"https:\/\/www.bellunopress.it\/fr\/2026\/06\/29\/cortinateatro-linferiorita-mentale-della-donna-di-giovanna-gra-con-veronica-pivetti\/\" \/>\n<meta property=\"og:locale\" content=\"fr_FR\" \/>\n<meta property=\"og:type\" content=\"article\" \/>\n<meta property=\"og:title\" content=\"CortinAteatro. \u201cL\u2019inferiorit\u00e0 mentale della donna\u201d di Giovanna Gra, con Veronica Pivetti - Bellunopress - Dolomiti\" \/>\n<meta property=\"og:description\" content=\"Venerd\u00ec 3 luglio 2026 alle 20:45 all&#8217;Alexander Girardi Hall di Cortina d&#8217;Ampezzo Un monologo che con ironia ribalta i luoghi comuni della cultura maschilista Un&#8217;estate che esalta il talento femminile A Cortina d\u2019Ampezzo fiorisce un\u2019estate all\u2019insegna della musica e del teatro con CortinAteatro: dal 3 luglio al 19 settembre (dopo i due spettacoli primaverili di [&hellip;]\" \/>\n<meta property=\"og:url\" content=\"https:\/\/www.bellunopress.it\/fr\/2026\/06\/29\/cortinateatro-linferiorita-mentale-della-donna-di-giovanna-gra-con-veronica-pivetti\/\" \/>\n<meta property=\"og:site_name\" content=\"Bellunopress - Dolomiti\" \/>\n<meta property=\"article:publisher\" content=\"https:\/\/www.facebook.com\/profile.php?id=100008943462799\" \/>\n<meta property=\"article:published_time\" content=\"2026-06-29T08:29:06+00:00\" \/>\n<meta property=\"og:image\" content=\"https:\/\/www.bellunopress.it\/wp-content\/uploads\/2020\/09\/Alexander-Hall-Cortina.jpg\" \/>\n\t<meta property=\"og:image:width\" content=\"800\" \/>\n\t<meta property=\"og:image:height\" content=\"600\" \/>\n\t<meta property=\"og:image:type\" content=\"image\/jpeg\" \/>\n<meta name=\"author\" content=\"redazione\" \/>\n<meta name=\"twitter:card\" content=\"summary_large_image\" \/>\n<meta name=\"twitter:creator\" content=\"@bellunopress\" \/>\n<meta name=\"twitter:site\" content=\"@bellunopress\" \/>\n<meta name=\"twitter:label1\" content=\"\u00c9crit par\" \/>\n\t<meta name=\"twitter:data1\" content=\"redazione\" \/>\n\t<meta name=\"twitter:label2\" content=\"Dur\u00e9e de lecture estim\u00e9e\" \/>\n\t<meta name=\"twitter:data2\" content=\"4 minutes\" \/>\n<script type=\"application\/ld+json\" class=\"yoast-schema-graph\">{\"@context\":\"https:\\\/\\\/schema.org\",\"@graph\":[{\"@type\":\"Article\",\"@id\":\"https:\\\/\\\/www.bellunopress.it\\\/2026\\\/06\\\/29\\\/cortinateatro-linferiorita-mentale-della-donna-di-giovanna-gra-con-veronica-pivetti\\\/#article\",\"isPartOf\":{\"@id\":\"https:\\\/\\\/www.bellunopress.it\\\/2026\\\/06\\\/29\\\/cortinateatro-linferiorita-mentale-della-donna-di-giovanna-gra-con-veronica-pivetti\\\/\"},\"author\":{\"name\":\"redazione\",\"@id\":\"https:\\\/\\\/www.bellunopress.it\\\/#\\\/schema\\\/person\\\/79bb06722b37ece1c03d3e94beb30d73\"},\"headline\":\"CortinAteatro. \u201cL\u2019inferiorit\u00e0 mentale della donna\u201d di Giovanna Gra, con Veronica Pivetti\",\"datePublished\":\"2026-06-29T08:29:06+00:00\",\"mainEntityOfPage\":{\"@id\":\"https:\\\/\\\/www.bellunopress.it\\\/2026\\\/06\\\/29\\\/cortinateatro-linferiorita-mentale-della-donna-di-giovanna-gra-con-veronica-pivetti\\\/\"},\"wordCount\":595,\"publisher\":{\"@id\":\"https:\\\/\\\/www.bellunopress.it\\\/#organization\"},\"image\":{\"@id\":\"https:\\\/\\\/www.bellunopress.it\\\/2026\\\/06\\\/29\\\/cortinateatro-linferiorita-mentale-della-donna-di-giovanna-gra-con-veronica-pivetti\\\/#primaryimage\"},\"thumbnailUrl\":\"https:\\\/\\\/www.bellunopress.it\\\/wp-content\\\/uploads\\\/2020\\\/09\\\/Alexander-Hall-Cortina.jpg\",\"articleSection\":[\"Appuntamenti, Eventi\",\"Pausa Caff\u00e8\"],\"inLanguage\":\"fr-FR\"},{\"@type\":\"WebPage\",\"@id\":\"https:\\\/\\\/www.bellunopress.it\\\/2026\\\/06\\\/29\\\/cortinateatro-linferiorita-mentale-della-donna-di-giovanna-gra-con-veronica-pivetti\\\/\",\"url\":\"https:\\\/\\\/www.bellunopress.it\\\/2026\\\/06\\\/29\\\/cortinateatro-linferiorita-mentale-della-donna-di-giovanna-gra-con-veronica-pivetti\\\/\",\"name\":\"CortinAteatro. \u201cL\u2019inferiorit\u00e0 mentale della donna\u201d di Giovanna Gra, con Veronica Pivetti - Bellunopress - Dolomiti\",\"isPartOf\":{\"@id\":\"https:\\\/\\\/www.bellunopress.it\\\/#website\"},\"primaryImageOfPage\":{\"@id\":\"https:\\\/\\\/www.bellunopress.it\\\/2026\\\/06\\\/29\\\/cortinateatro-linferiorita-mentale-della-donna-di-giovanna-gra-con-veronica-pivetti\\\/#primaryimage\"},\"image\":{\"@id\":\"https:\\\/\\\/www.bellunopress.it\\\/2026\\\/06\\\/29\\\/cortinateatro-linferiorita-mentale-della-donna-di-giovanna-gra-con-veronica-pivetti\\\/#primaryimage\"},\"thumbnailUrl\":\"https:\\\/\\\/www.bellunopress.it\\\/wp-content\\\/uploads\\\/2020\\\/09\\\/Alexander-Hall-Cortina.jpg\",\"datePublished\":\"2026-06-29T08:29:06+00:00\",\"breadcrumb\":{\"@id\":\"https:\\\/\\\/www.bellunopress.it\\\/2026\\\/06\\\/29\\\/cortinateatro-linferiorita-mentale-della-donna-di-giovanna-gra-con-veronica-pivetti\\\/#breadcrumb\"},\"inLanguage\":\"fr-FR\",\"potentialAction\":[{\"@type\":\"ReadAction\",\"target\":[\"https:\\\/\\\/www.bellunopress.it\\\/2026\\\/06\\\/29\\\/cortinateatro-linferiorita-mentale-della-donna-di-giovanna-gra-con-veronica-pivetti\\\/\"]}]},{\"@type\":\"ImageObject\",\"inLanguage\":\"fr-FR\",\"@id\":\"https:\\\/\\\/www.bellunopress.it\\\/2026\\\/06\\\/29\\\/cortinateatro-linferiorita-mentale-della-donna-di-giovanna-gra-con-veronica-pivetti\\\/#primaryimage\",\"url\":\"https:\\\/\\\/www.bellunopress.it\\\/wp-content\\\/uploads\\\/2020\\\/09\\\/Alexander-Hall-Cortina.jpg\",\"contentUrl\":\"https:\\\/\\\/www.bellunopress.it\\\/wp-content\\\/uploads\\\/2020\\\/09\\\/Alexander-Hall-Cortina.jpg\",\"width\":800,\"height\":600,\"caption\":\"Alexander Girardi Hall - Cortina d'Ampezzo\"},{\"@type\":\"BreadcrumbList\",\"@id\":\"https:\\\/\\\/www.bellunopress.it\\\/2026\\\/06\\\/29\\\/cortinateatro-linferiorita-mentale-della-donna-di-giovanna-gra-con-veronica-pivetti\\\/#breadcrumb\",\"itemListElement\":[{\"@type\":\"ListItem\",\"position\":1,\"name\":\"Home\",\"item\":\"https:\\\/\\\/www.bellunopress.it\\\/\"},{\"@type\":\"ListItem\",\"position\":2,\"name\":\"CortinAteatro. \u201cL\u2019inferiorit\u00e0 mentale della donna\u201d di Giovanna Gra, con Veronica Pivetti\"}]},{\"@type\":\"WebSite\",\"@id\":\"https:\\\/\\\/www.bellunopress.it\\\/#website\",\"url\":\"https:\\\/\\\/www.bellunopress.it\\\/\",\"name\":\"Bellunopress - Dolomiti\",\"description\":\"e-mail: redazione@bellunopress.it\",\"publisher\":{\"@id\":\"https:\\\/\\\/www.bellunopress.it\\\/#organization\"},\"potentialAction\":[{\"@type\":\"SearchAction\",\"target\":{\"@type\":\"EntryPoint\",\"urlTemplate\":\"https:\\\/\\\/www.bellunopress.it\\\/?s={search_term_string}\"},\"query-input\":{\"@type\":\"PropertyValueSpecification\",\"valueRequired\":true,\"valueName\":\"search_term_string\"}}],\"inLanguage\":\"fr-FR\"},{\"@type\":\"Organization\",\"@id\":\"https:\\\/\\\/www.bellunopress.it\\\/#organization\",\"name\":\"Bellunopress\",\"url\":\"https:\\\/\\\/www.bellunopress.it\\\/\",\"logo\":{\"@type\":\"ImageObject\",\"inLanguage\":\"fr-FR\",\"@id\":\"https:\\\/\\\/www.bellunopress.it\\\/#\\\/schema\\\/logo\\\/image\\\/\",\"url\":\"https:\\\/\\\/www.bellunopress.it\\\/wp-content\\\/uploads\\\/2011\\\/05\\\/cropped-logo-bellunopress-.jpg\",\"contentUrl\":\"https:\\\/\\\/www.bellunopress.it\\\/wp-content\\\/uploads\\\/2011\\\/05\\\/cropped-logo-bellunopress-.jpg\",\"width\":512,\"height\":512,\"caption\":\"Bellunopress\"},\"image\":{\"@id\":\"https:\\\/\\\/www.bellunopress.it\\\/#\\\/schema\\\/logo\\\/image\\\/\"},\"sameAs\":[\"https:\\\/\\\/www.facebook.com\\\/profile.php?id=100008943462799\",\"https:\\\/\\\/x.com\\\/bellunopress\",\"https:\\\/\\\/www.linkedin.com\\\/hp\\\/?dnr=JBzUWaJfMUw8vbXJJ2tVW5-I3jZKvC4wsoxE&amp;amp;amp;amp;amp;amp;trk=nav_responsive_tab_home\",\"https:\\\/\\\/www.youtube.com\\\/channel\\\/UCxL0wu1uN0_3_7hGG0306cw\"]},{\"@type\":\"Person\",\"@id\":\"https:\\\/\\\/www.bellunopress.it\\\/#\\\/schema\\\/person\\\/79bb06722b37ece1c03d3e94beb30d73\",\"name\":\"redazione\",\"image\":{\"@type\":\"ImageObject\",\"inLanguage\":\"fr-FR\",\"@id\":\"https:\\\/\\\/secure.gravatar.com\\\/avatar\\\/37d968a2e67a6fd04c169c4bdef102d0bc5d31b2546345219e348575eb80e9a0?s=96&d=mm&r=g\",\"url\":\"https:\\\/\\\/secure.gravatar.com\\\/avatar\\\/37d968a2e67a6fd04c169c4bdef102d0bc5d31b2546345219e348575eb80e9a0?s=96&d=mm&r=g\",\"contentUrl\":\"https:\\\/\\\/secure.gravatar.com\\\/avatar\\\/37d968a2e67a6fd04c169c4bdef102d0bc5d31b2546345219e348575eb80e9a0?s=96&d=mm&r=g\",\"caption\":\"redazione\"},\"sameAs\":[\"http:\\\/\\\/www.bellunopress.it\",\"https:\\\/\\\/x.com\\\/bellunopress\"],\"url\":\"https:\\\/\\\/www.bellunopress.it\\\/fr\\\/author\\\/redazione\\\/\"}]}<\/script>\n<!-- \/ Yoast SEO plugin. -->","yoast_head_json":{"title":"CortinAteatro. \u201cL\u2019inferiorit\u00e0 mentale della donna\u201d di Giovanna Gra, con Veronica Pivetti - Bellunopress - Dolomiti","robots":{"index":"index","follow":"follow","max-snippet":"max-snippet:-1","max-image-preview":"max-image-preview:large","max-video-preview":"max-video-preview:-1"},"canonical":"https:\/\/www.bellunopress.it\/fr\/2026\/06\/29\/cortinateatro-linferiorita-mentale-della-donna-di-giovanna-gra-con-veronica-pivetti\/","og_locale":"fr_FR","og_type":"article","og_title":"CortinAteatro. \u201cL\u2019inferiorit\u00e0 mentale della donna\u201d di Giovanna Gra, con Veronica Pivetti - Bellunopress - Dolomiti","og_description":"Venerd\u00ec 3 luglio 2026 alle 20:45 all&#8217;Alexander Girardi Hall di Cortina d&#8217;Ampezzo Un monologo che con ironia ribalta i luoghi comuni della cultura maschilista Un&#8217;estate che esalta il talento femminile A Cortina d\u2019Ampezzo fiorisce un\u2019estate all\u2019insegna della musica e del teatro con CortinAteatro: dal 3 luglio al 19 settembre (dopo i due spettacoli primaverili di [&hellip;]","og_url":"https:\/\/www.bellunopress.it\/fr\/2026\/06\/29\/cortinateatro-linferiorita-mentale-della-donna-di-giovanna-gra-con-veronica-pivetti\/","og_site_name":"Bellunopress - Dolomiti","article_publisher":"https:\/\/www.facebook.com\/profile.php?id=100008943462799","article_published_time":"2026-06-29T08:29:06+00:00","og_image":[{"width":800,"height":600,"url":"https:\/\/www.bellunopress.it\/wp-content\/uploads\/2020\/09\/Alexander-Hall-Cortina.jpg","type":"image\/jpeg"}],"author":"redazione","twitter_card":"summary_large_image","twitter_creator":"@bellunopress","twitter_site":"@bellunopress","twitter_misc":{"\u00c9crit par":"redazione","Dur\u00e9e de lecture estim\u00e9e":"4 minutes"},"schema":{"@context":"https:\/\/schema.org","@graph":[{"@type":"Article","@id":"https:\/\/www.bellunopress.it\/2026\/06\/29\/cortinateatro-linferiorita-mentale-della-donna-di-giovanna-gra-con-veronica-pivetti\/#article","isPartOf":{"@id":"https:\/\/www.bellunopress.it\/2026\/06\/29\/cortinateatro-linferiorita-mentale-della-donna-di-giovanna-gra-con-veronica-pivetti\/"},"author":{"name":"redazione","@id":"https:\/\/www.bellunopress.it\/#\/schema\/person\/79bb06722b37ece1c03d3e94beb30d73"},"headline":"CortinAteatro. \u201cL\u2019inferiorit\u00e0 mentale della donna\u201d di Giovanna Gra, con Veronica Pivetti","datePublished":"2026-06-29T08:29:06+00:00","mainEntityOfPage":{"@id":"https:\/\/www.bellunopress.it\/2026\/06\/29\/cortinateatro-linferiorita-mentale-della-donna-di-giovanna-gra-con-veronica-pivetti\/"},"wordCount":595,"publisher":{"@id":"https:\/\/www.bellunopress.it\/#organization"},"image":{"@id":"https:\/\/www.bellunopress.it\/2026\/06\/29\/cortinateatro-linferiorita-mentale-della-donna-di-giovanna-gra-con-veronica-pivetti\/#primaryimage"},"thumbnailUrl":"https:\/\/www.bellunopress.it\/wp-content\/uploads\/2020\/09\/Alexander-Hall-Cortina.jpg","articleSection":["Appuntamenti, Eventi","Pausa Caff\u00e8"],"inLanguage":"fr-FR"},{"@type":"WebPage","@id":"https:\/\/www.bellunopress.it\/2026\/06\/29\/cortinateatro-linferiorita-mentale-della-donna-di-giovanna-gra-con-veronica-pivetti\/","url":"https:\/\/www.bellunopress.it\/2026\/06\/29\/cortinateatro-linferiorita-mentale-della-donna-di-giovanna-gra-con-veronica-pivetti\/","name":"CortinAteatro. \u201cL\u2019inferiorit\u00e0 mentale della donna\u201d di Giovanna Gra, con Veronica Pivetti - Bellunopress - Dolomiti","isPartOf":{"@id":"https:\/\/www.bellunopress.it\/#website"},"primaryImageOfPage":{"@id":"https:\/\/www.bellunopress.it\/2026\/06\/29\/cortinateatro-linferiorita-mentale-della-donna-di-giovanna-gra-con-veronica-pivetti\/#primaryimage"},"image":{"@id":"https:\/\/www.bellunopress.it\/2026\/06\/29\/cortinateatro-linferiorita-mentale-della-donna-di-giovanna-gra-con-veronica-pivetti\/#primaryimage"},"thumbnailUrl":"https:\/\/www.bellunopress.it\/wp-content\/uploads\/2020\/09\/Alexander-Hall-Cortina.jpg","datePublished":"2026-06-29T08:29:06+00:00","breadcrumb":{"@id":"https:\/\/www.bellunopress.it\/2026\/06\/29\/cortinateatro-linferiorita-mentale-della-donna-di-giovanna-gra-con-veronica-pivetti\/#breadcrumb"},"inLanguage":"fr-FR","potentialAction":[{"@type":"ReadAction","target":["https:\/\/www.bellunopress.it\/2026\/06\/29\/cortinateatro-linferiorita-mentale-della-donna-di-giovanna-gra-con-veronica-pivetti\/"]}]},{"@type":"ImageObject","inLanguage":"fr-FR","@id":"https:\/\/www.bellunopress.it\/2026\/06\/29\/cortinateatro-linferiorita-mentale-della-donna-di-giovanna-gra-con-veronica-pivetti\/#primaryimage","url":"https:\/\/www.bellunopress.it\/wp-content\/uploads\/2020\/09\/Alexander-Hall-Cortina.jpg","contentUrl":"https:\/\/www.bellunopress.it\/wp-content\/uploads\/2020\/09\/Alexander-Hall-Cortina.jpg","width":800,"height":600,"caption":"Alexander Girardi Hall - Cortina d'Ampezzo"},{"@type":"BreadcrumbList","@id":"https:\/\/www.bellunopress.it\/2026\/06\/29\/cortinateatro-linferiorita-mentale-della-donna-di-giovanna-gra-con-veronica-pivetti\/#breadcrumb","itemListElement":[{"@type":"ListItem","position":1,"name":"Home","item":"https:\/\/www.bellunopress.it\/"},{"@type":"ListItem","position":2,"name":"CortinAteatro. \u201cL\u2019inferiorit\u00e0 mentale della donna\u201d di Giovanna Gra, con Veronica Pivetti"}]},{"@type":"WebSite","@id":"https:\/\/www.bellunopress.it\/#website","url":"https:\/\/www.bellunopress.it\/","name":"Bellunopress - Dolomiti","description":"e-mail: redazione@bellunopress.it","publisher":{"@id":"https:\/\/www.bellunopress.it\/#organization"},"potentialAction":[{"@type":"SearchAction","target":{"@type":"EntryPoint","urlTemplate":"https:\/\/www.bellunopress.it\/?s={search_term_string}"},"query-input":{"@type":"PropertyValueSpecification","valueRequired":true,"valueName":"search_term_string"}}],"inLanguage":"fr-FR"},{"@type":"Organization","@id":"https:\/\/www.bellunopress.it\/#organization","name":"Bellunopress","url":"https:\/\/www.bellunopress.it\/","logo":{"@type":"ImageObject","inLanguage":"fr-FR","@id":"https:\/\/www.bellunopress.it\/#\/schema\/logo\/image\/","url":"https:\/\/www.bellunopress.it\/wp-content\/uploads\/2011\/05\/cropped-logo-bellunopress-.jpg","contentUrl":"https:\/\/www.bellunopress.it\/wp-content\/uploads\/2011\/05\/cropped-logo-bellunopress-.jpg","width":512,"height":512,"caption":"Bellunopress"},"image":{"@id":"https:\/\/www.bellunopress.it\/#\/schema\/logo\/image\/"},"sameAs":["https:\/\/www.facebook.com\/profile.php?id=100008943462799","https:\/\/x.com\/bellunopress","https:\/\/www.linkedin.com\/hp\/?dnr=JBzUWaJfMUw8vbXJJ2tVW5-I3jZKvC4wsoxE&amp;amp;amp;amp;amp;amp;trk=nav_responsive_tab_home","https:\/\/www.youtube.com\/channel\/UCxL0wu1uN0_3_7hGG0306cw"]},{"@type":"Person","@id":"https:\/\/www.bellunopress.it\/#\/schema\/person\/79bb06722b37ece1c03d3e94beb30d73","name":"r\u00e9daction","image":{"@type":"ImageObject","inLanguage":"fr-FR","@id":"https:\/\/secure.gravatar.com\/avatar\/37d968a2e67a6fd04c169c4bdef102d0bc5d31b2546345219e348575eb80e9a0?s=96&d=mm&r=g","url":"https:\/\/secure.gravatar.com\/avatar\/37d968a2e67a6fd04c169c4bdef102d0bc5d31b2546345219e348575eb80e9a0?s=96&d=mm&r=g","contentUrl":"https:\/\/secure.gravatar.com\/avatar\/37d968a2e67a6fd04c169c4bdef102d0bc5d31b2546345219e348575eb80e9a0?s=96&d=mm&r=g","caption":"redazione"},"sameAs":["http:\/\/www.bellunopress.it","https:\/\/x.com\/bellunopress"],"url":"https:\/\/www.bellunopress.it\/fr\/author\/redazione\/"}]}},"_links":{"self":[{"href":"https:\/\/www.bellunopress.it\/fr\/wp-json\/wp\/v2\/posts\/171519","targetHints":{"allow":["GET"]}}],"collection":[{"href":"https:\/\/www.bellunopress.it\/fr\/wp-json\/wp\/v2\/posts"}],"about":[{"href":"https:\/\/www.bellunopress.it\/fr\/wp-json\/wp\/v2\/types\/post"}],"author":[{"embeddable":true,"href":"https:\/\/www.bellunopress.it\/fr\/wp-json\/wp\/v2\/users\/2"}],"replies":[{"embeddable":true,"href":"https:\/\/www.bellunopress.it\/fr\/wp-json\/wp\/v2\/comments?post=171519"}],"version-history":[{"count":1,"href":"https:\/\/www.bellunopress.it\/fr\/wp-json\/wp\/v2\/posts\/171519\/revisions"}],"predecessor-version":[{"id":171520,"href":"https:\/\/www.bellunopress.it\/fr\/wp-json\/wp\/v2\/posts\/171519\/revisions\/171520"}],"wp:featuredmedia":[{"embeddable":true,"href":"https:\/\/www.bellunopress.it\/fr\/wp-json\/wp\/v2\/media\/117786"}],"wp:attachment":[{"href":"https:\/\/www.bellunopress.it\/fr\/wp-json\/wp\/v2\/media?parent=171519"}],"wp:term":[{"taxonomy":"category","embeddable":true,"href":"https:\/\/www.bellunopress.it\/fr\/wp-json\/wp\/v2\/categories?post=171519"},{"taxonomy":"post_tag","embeddable":true,"href":"https:\/\/www.bellunopress.it\/fr\/wp-json\/wp\/v2\/tags?post=171519"}],"curies":[{"name":"wp","href":"https:\/\/api.w.org\/{rel}","templated":true}]}}