{"id":171514,"date":"2026-06-29T07:28:10","date_gmt":"2026-06-29T05:28:10","guid":{"rendered":"https:\/\/www.bellunopress.it\/?p=171514"},"modified":"2026-06-29T07:28:10","modified_gmt":"2026-06-29T05:28:10","slug":"sessantanni-di-alta-via-n-1-il-futuro-della-montagna-corre-tra-le-vette-con-il-cai-belluno","status":"publish","type":"post","link":"https:\/\/www.bellunopress.it\/fr\/2026\/06\/29\/sessantanni-di-alta-via-n-1-il-futuro-della-montagna-corre-tra-le-vette-con-il-cai-belluno\/","title":{"rendered":"Sessant\u2019anni di Alta Via n. 1: il futuro della montagna corre tra le vette con il CAI Belluno"},"content":{"rendered":"<p data-path-to-node=\"3\">Belluno, 29\/06\/2026 <b data-path-to-node=\"3\" data-index-in-node=\"0\">\u2013<\/b> Le Dolomiti non sono solo rocce, sentieri e panorami da cartolina: sono un\u2019eredit\u00e0 viva, fatta di storie che si intrecciano di generazione in generazione. Per celebrare il 60\u00b0 anniversario dell\u2019Alta Via numero 1, uno dei tracciati pi\u00f9 iconici e affascinanti del mondo, il CAI Sezione di Belluno ha scelto la strada pi\u00f9 nobile: affidare questa ricorrenza al passo e all\u2019entusiasmo dei pi\u00f9 giovani.<\/p>\n<p data-path-to-node=\"4\">Dal 25 al 28 giugno 2026, quindici ragazzi del gruppo di Alpinismo Giovanile, guidati con sapienza dagli accompagnatori e dai collaboratori della sezione bellunese, hanno vissuto un\u2019avventura indimenticabile nel cuore pulsante delle Dolomiti. Un percorso non solo fisico, ma esperienziale, che ha permesso di ripercorrere la storia del mito dell\u2019Alta Via, immersi nella straordinaria cornice del Parco Nazionale delle Dolomiti Bellunesi.<\/p>\n<p data-path-to-node=\"6\">L\u2019itinerario ha preso il via da Passo Duran, snodandosi per quattro giorni tra le bellezze selvagge della montagna bellunese. Il gruppo ha fatto tappa al Rifugio Sommariva al Pramperet e al suggestivo Rifugio Pian de Fontana, per poi affrontare la discesa attraverso la Val Vescov\u00e0 e la Val Vachera, fino a raggiungere il Rifugio Bianchet.<\/p>\n<p data-path-to-node=\"7\">Ad accompagnare i giovani escursionisti in questo cammino, durato quattro giorni, sono state condizioni meteorologiche ideali: un sole splendente e un cielo terso hanno incorniciato ogni passo, regalando ai ragazzi panorami mozzafiato, da loro stessi definiti \u00abi migliori mai visti\u00bb.<\/p>\n<p data-path-to-node=\"9\">Il successo dell\u2019iniziativa non si misura solo in chilometri percorsi. \u00ab\u00c8 stata la gioia di vivere bei momenti con i nuovi amici e l\u2019emozione di avvistare gli animali selvatici a rendere speciale questo viaggio\u00bb, raccontano i partecipanti.<\/p>\n<p data-path-to-node=\"10\">Un ringraziamento sentito \u00e8 andato ai gestori dei rifugi che, con dedizione e calore, hanno saputo trasmettere ai ragazzi il valore autentico dell\u2019accoglienza ad alta quota, ristorandoli dopo le fatiche del sentiero.<\/p>\n<p data-path-to-node=\"12\">L\u2019avventura si \u00e8 conclusa in un clima di festa presso il Rifugio Bianchet, dove i giovani alpinisti sono stati accolti dalle famiglie, da una pattuglia dei Carabinieri Forestali e dal presidente del CAI di Belluno. Un momento di convivialit\u00e0 che ha sancito la riuscita di un\u2019impresa celebrativa carica di significato.<\/p>\n<p data-path-to-node=\"13\">\u00abVedere questi ragazzi camminare con cos\u00ec tanto entusiasmo sulle tracce di chi, sessant\u2019anni fa, ha intuito la meraviglia dell\u2019Alta Via n. 1 \u00e8 la dimostrazione che il futuro della montagna \u00e8 in ottime mani\u00bb, hanno commentato con soddisfazione gli accompagnatori dell\u2019Alpinismo Giovanile.<\/p>\n<p data-path-to-node=\"14\">L\u2019anniversario si trasforma cos\u00ec da semplice memoria storica in un ponte verso il futuro: un passo in avanti per l\u2019alpinismo locale e per la consapevolezza che, custodire le vette, significa innanzitutto farle amare a chi, un domani, continuer\u00e0 a percorrerle.<\/p>","protected":false},"excerpt":{"rendered":"<p>Belluno, 29\/06\/2026 \u2013 Le Dolomiti non sono solo rocce, sentieri e panorami da cartolina: sono un\u2019eredit\u00e0 viva, fatta di storie che si intrecciano di generazione in generazione. Per celebrare il 60\u00b0 anniversario dell\u2019Alta Via numero 1, uno dei tracciati pi\u00f9 iconici e affascinanti del mondo, il CAI Sezione di Belluno ha scelto la strada pi\u00f9 [&hellip;]<\/p>\n","protected":false},"author":2,"featured_media":171515,"comment_status":"closed","ping_status":"open","sticky":false,"template":"","format":"standard","meta":{"footnotes":""},"categories":[8,4],"tags":[],"class_list":["post-171514","post","type-post","status-publish","format-standard","has-post-thumbnail","category-societa-istituzioni","category-sport"],"yoast_head":"<!-- This site is optimized with the Yoast SEO plugin v28.4 - https:\/\/yoast.com\/product\/yoast-seo-wordpress\/ -->\n<title>Sessant\u2019anni di Alta Via n. 1: il futuro della montagna corre tra le vette con il CAI Belluno - Bellunopress - Dolomiti<\/title>\n<meta name=\"robots\" content=\"index, follow, max-snippet:-1, max-image-preview:large, max-video-preview:-1\" \/>\n<link rel=\"canonical\" href=\"https:\/\/www.bellunopress.it\/fr\/2026\/06\/29\/sessantanni-di-alta-via-n-1-il-futuro-della-montagna-corre-tra-le-vette-con-il-cai-belluno\/\" \/>\n<meta property=\"og:locale\" content=\"fr_FR\" \/>\n<meta property=\"og:type\" content=\"article\" \/>\n<meta property=\"og:title\" content=\"Sessant\u2019anni di Alta Via n. 1: il futuro della montagna corre tra le vette con il CAI Belluno - Bellunopress - Dolomiti\" \/>\n<meta property=\"og:description\" content=\"Belluno, 29\/06\/2026 \u2013 Le Dolomiti non sono solo rocce, sentieri e panorami da cartolina: sono un\u2019eredit\u00e0 viva, fatta di storie che si intrecciano di generazione in generazione. Per celebrare il 60\u00b0 anniversario dell\u2019Alta Via numero 1, uno dei tracciati pi\u00f9 iconici e affascinanti del mondo, il CAI Sezione di Belluno ha scelto la strada pi\u00f9 [&hellip;]\" \/>\n<meta property=\"og:url\" content=\"https:\/\/www.bellunopress.it\/fr\/2026\/06\/29\/sessantanni-di-alta-via-n-1-il-futuro-della-montagna-corre-tra-le-vette-con-il-cai-belluno\/\" \/>\n<meta property=\"og:site_name\" content=\"Bellunopress - Dolomiti\" \/>\n<meta property=\"article:publisher\" content=\"https:\/\/www.facebook.com\/profile.php?id=100008943462799\" \/>\n<meta property=\"article:published_time\" content=\"2026-06-29T05:28:10+00:00\" \/>\n<meta property=\"og:image\" content=\"https:\/\/www.bellunopress.it\/wp-content\/uploads\/2026\/06\/alta-via-n-1-con-il-Cai.jpeg\" \/>\n\t<meta property=\"og:image:width\" content=\"600\" \/>\n\t<meta property=\"og:image:height\" content=\"405\" \/>\n\t<meta property=\"og:image:type\" content=\"image\/jpeg\" \/>\n<meta name=\"author\" content=\"redazione\" \/>\n<meta name=\"twitter:card\" content=\"summary_large_image\" \/>\n<meta name=\"twitter:creator\" content=\"@bellunopress\" \/>\n<meta name=\"twitter:site\" content=\"@bellunopress\" \/>\n<meta name=\"twitter:label1\" content=\"\u00c9crit par\" \/>\n\t<meta name=\"twitter:data1\" content=\"redazione\" \/>\n\t<meta name=\"twitter:label2\" content=\"Dur\u00e9e de lecture estim\u00e9e\" \/>\n\t<meta name=\"twitter:data2\" content=\"3 minutes\" \/>\n<script type=\"application\/ld+json\" class=\"yoast-schema-graph\">{\"@context\":\"https:\\\/\\\/schema.org\",\"@graph\":[{\"@type\":\"Article\",\"@id\":\"https:\\\/\\\/www.bellunopress.it\\\/2026\\\/06\\\/29\\\/sessantanni-di-alta-via-n-1-il-futuro-della-montagna-corre-tra-le-vette-con-il-cai-belluno\\\/#article\",\"isPartOf\":{\"@id\":\"https:\\\/\\\/www.bellunopress.it\\\/2026\\\/06\\\/29\\\/sessantanni-di-alta-via-n-1-il-futuro-della-montagna-corre-tra-le-vette-con-il-cai-belluno\\\/\"},\"author\":{\"name\":\"redazione\",\"@id\":\"https:\\\/\\\/www.bellunopress.it\\\/#\\\/schema\\\/person\\\/79bb06722b37ece1c03d3e94beb30d73\"},\"headline\":\"Sessant\u2019anni di Alta Via n. 1: il futuro della montagna corre tra le vette con il CAI Belluno\",\"datePublished\":\"2026-06-29T05:28:10+00:00\",\"mainEntityOfPage\":{\"@id\":\"https:\\\/\\\/www.bellunopress.it\\\/2026\\\/06\\\/29\\\/sessantanni-di-alta-via-n-1-il-futuro-della-montagna-corre-tra-le-vette-con-il-cai-belluno\\\/\"},\"wordCount\":444,\"publisher\":{\"@id\":\"https:\\\/\\\/www.bellunopress.it\\\/#organization\"},\"image\":{\"@id\":\"https:\\\/\\\/www.bellunopress.it\\\/2026\\\/06\\\/29\\\/sessantanni-di-alta-via-n-1-il-futuro-della-montagna-corre-tra-le-vette-con-il-cai-belluno\\\/#primaryimage\"},\"thumbnailUrl\":\"https:\\\/\\\/www.bellunopress.it\\\/wp-content\\\/uploads\\\/2026\\\/06\\\/alta-via-n-1-con-il-Cai.jpeg\",\"articleSection\":[\"Societ\u00e0, Associazioni, Istituzioni\",\"Sport, tempo libero\"],\"inLanguage\":\"fr-FR\"},{\"@type\":\"WebPage\",\"@id\":\"https:\\\/\\\/www.bellunopress.it\\\/2026\\\/06\\\/29\\\/sessantanni-di-alta-via-n-1-il-futuro-della-montagna-corre-tra-le-vette-con-il-cai-belluno\\\/\",\"url\":\"https:\\\/\\\/www.bellunopress.it\\\/2026\\\/06\\\/29\\\/sessantanni-di-alta-via-n-1-il-futuro-della-montagna-corre-tra-le-vette-con-il-cai-belluno\\\/\",\"name\":\"Sessant\u2019anni di Alta Via n. 1: il futuro della montagna corre tra le vette con il CAI Belluno - Bellunopress - Dolomiti\",\"isPartOf\":{\"@id\":\"https:\\\/\\\/www.bellunopress.it\\\/#website\"},\"primaryImageOfPage\":{\"@id\":\"https:\\\/\\\/www.bellunopress.it\\\/2026\\\/06\\\/29\\\/sessantanni-di-alta-via-n-1-il-futuro-della-montagna-corre-tra-le-vette-con-il-cai-belluno\\\/#primaryimage\"},\"image\":{\"@id\":\"https:\\\/\\\/www.bellunopress.it\\\/2026\\\/06\\\/29\\\/sessantanni-di-alta-via-n-1-il-futuro-della-montagna-corre-tra-le-vette-con-il-cai-belluno\\\/#primaryimage\"},\"thumbnailUrl\":\"https:\\\/\\\/www.bellunopress.it\\\/wp-content\\\/uploads\\\/2026\\\/06\\\/alta-via-n-1-con-il-Cai.jpeg\",\"datePublished\":\"2026-06-29T05:28:10+00:00\",\"breadcrumb\":{\"@id\":\"https:\\\/\\\/www.bellunopress.it\\\/2026\\\/06\\\/29\\\/sessantanni-di-alta-via-n-1-il-futuro-della-montagna-corre-tra-le-vette-con-il-cai-belluno\\\/#breadcrumb\"},\"inLanguage\":\"fr-FR\",\"potentialAction\":[{\"@type\":\"ReadAction\",\"target\":[\"https:\\\/\\\/www.bellunopress.it\\\/2026\\\/06\\\/29\\\/sessantanni-di-alta-via-n-1-il-futuro-della-montagna-corre-tra-le-vette-con-il-cai-belluno\\\/\"]}]},{\"@type\":\"ImageObject\",\"inLanguage\":\"fr-FR\",\"@id\":\"https:\\\/\\\/www.bellunopress.it\\\/2026\\\/06\\\/29\\\/sessantanni-di-alta-via-n-1-il-futuro-della-montagna-corre-tra-le-vette-con-il-cai-belluno\\\/#primaryimage\",\"url\":\"https:\\\/\\\/www.bellunopress.it\\\/wp-content\\\/uploads\\\/2026\\\/06\\\/alta-via-n-1-con-il-Cai.jpeg\",\"contentUrl\":\"https:\\\/\\\/www.bellunopress.it\\\/wp-content\\\/uploads\\\/2026\\\/06\\\/alta-via-n-1-con-il-Cai.jpeg\",\"width\":600,\"height\":405},{\"@type\":\"BreadcrumbList\",\"@id\":\"https:\\\/\\\/www.bellunopress.it\\\/2026\\\/06\\\/29\\\/sessantanni-di-alta-via-n-1-il-futuro-della-montagna-corre-tra-le-vette-con-il-cai-belluno\\\/#breadcrumb\",\"itemListElement\":[{\"@type\":\"ListItem\",\"position\":1,\"name\":\"Home\",\"item\":\"https:\\\/\\\/www.bellunopress.it\\\/\"},{\"@type\":\"ListItem\",\"position\":2,\"name\":\"Sessant\u2019anni di Alta Via n. 1: il futuro della montagna corre tra le vette con il CAI Belluno\"}]},{\"@type\":\"WebSite\",\"@id\":\"https:\\\/\\\/www.bellunopress.it\\\/#website\",\"url\":\"https:\\\/\\\/www.bellunopress.it\\\/\",\"name\":\"Bellunopress - Dolomiti\",\"description\":\"e-mail: redazione@bellunopress.it\",\"publisher\":{\"@id\":\"https:\\\/\\\/www.bellunopress.it\\\/#organization\"},\"potentialAction\":[{\"@type\":\"SearchAction\",\"target\":{\"@type\":\"EntryPoint\",\"urlTemplate\":\"https:\\\/\\\/www.bellunopress.it\\\/?s={search_term_string}\"},\"query-input\":{\"@type\":\"PropertyValueSpecification\",\"valueRequired\":true,\"valueName\":\"search_term_string\"}}],\"inLanguage\":\"fr-FR\"},{\"@type\":\"Organization\",\"@id\":\"https:\\\/\\\/www.bellunopress.it\\\/#organization\",\"name\":\"Bellunopress\",\"url\":\"https:\\\/\\\/www.bellunopress.it\\\/\",\"logo\":{\"@type\":\"ImageObject\",\"inLanguage\":\"fr-FR\",\"@id\":\"https:\\\/\\\/www.bellunopress.it\\\/#\\\/schema\\\/logo\\\/image\\\/\",\"url\":\"https:\\\/\\\/www.bellunopress.it\\\/wp-content\\\/uploads\\\/2011\\\/05\\\/cropped-logo-bellunopress-.jpg\",\"contentUrl\":\"https:\\\/\\\/www.bellunopress.it\\\/wp-content\\\/uploads\\\/2011\\\/05\\\/cropped-logo-bellunopress-.jpg\",\"width\":512,\"height\":512,\"caption\":\"Bellunopress\"},\"image\":{\"@id\":\"https:\\\/\\\/www.bellunopress.it\\\/#\\\/schema\\\/logo\\\/image\\\/\"},\"sameAs\":[\"https:\\\/\\\/www.facebook.com\\\/profile.php?id=100008943462799\",\"https:\\\/\\\/x.com\\\/bellunopress\",\"https:\\\/\\\/www.linkedin.com\\\/hp\\\/?dnr=JBzUWaJfMUw8vbXJJ2tVW5-I3jZKvC4wsoxE&amp;amp;amp;amp;amp;amp;trk=nav_responsive_tab_home\",\"https:\\\/\\\/www.youtube.com\\\/channel\\\/UCxL0wu1uN0_3_7hGG0306cw\"]},{\"@type\":\"Person\",\"@id\":\"https:\\\/\\\/www.bellunopress.it\\\/#\\\/schema\\\/person\\\/79bb06722b37ece1c03d3e94beb30d73\",\"name\":\"redazione\",\"image\":{\"@type\":\"ImageObject\",\"inLanguage\":\"fr-FR\",\"@id\":\"https:\\\/\\\/secure.gravatar.com\\\/avatar\\\/37d968a2e67a6fd04c169c4bdef102d0bc5d31b2546345219e348575eb80e9a0?s=96&d=mm&r=g\",\"url\":\"https:\\\/\\\/secure.gravatar.com\\\/avatar\\\/37d968a2e67a6fd04c169c4bdef102d0bc5d31b2546345219e348575eb80e9a0?s=96&d=mm&r=g\",\"contentUrl\":\"https:\\\/\\\/secure.gravatar.com\\\/avatar\\\/37d968a2e67a6fd04c169c4bdef102d0bc5d31b2546345219e348575eb80e9a0?s=96&d=mm&r=g\",\"caption\":\"redazione\"},\"sameAs\":[\"http:\\\/\\\/www.bellunopress.it\",\"https:\\\/\\\/x.com\\\/bellunopress\"],\"url\":\"https:\\\/\\\/www.bellunopress.it\\\/fr\\\/author\\\/redazione\\\/\"}]}<\/script>\n<!-- \/ Yoast SEO plugin. -->","yoast_head_json":{"title":"Sessant\u2019anni di Alta Via n. 1: il futuro della montagna corre tra le vette con il CAI Belluno - Bellunopress - Dolomiti","robots":{"index":"index","follow":"follow","max-snippet":"max-snippet:-1","max-image-preview":"max-image-preview:large","max-video-preview":"max-video-preview:-1"},"canonical":"https:\/\/www.bellunopress.it\/fr\/2026\/06\/29\/sessantanni-di-alta-via-n-1-il-futuro-della-montagna-corre-tra-le-vette-con-il-cai-belluno\/","og_locale":"fr_FR","og_type":"article","og_title":"Sessant\u2019anni di Alta Via n. 1: il futuro della montagna corre tra le vette con il CAI Belluno - Bellunopress - Dolomiti","og_description":"Belluno, 29\/06\/2026 \u2013 Le Dolomiti non sono solo rocce, sentieri e panorami da cartolina: sono un\u2019eredit\u00e0 viva, fatta di storie che si intrecciano di generazione in generazione. Per celebrare il 60\u00b0 anniversario dell\u2019Alta Via numero 1, uno dei tracciati pi\u00f9 iconici e affascinanti del mondo, il CAI Sezione di Belluno ha scelto la strada pi\u00f9 [&hellip;]","og_url":"https:\/\/www.bellunopress.it\/fr\/2026\/06\/29\/sessantanni-di-alta-via-n-1-il-futuro-della-montagna-corre-tra-le-vette-con-il-cai-belluno\/","og_site_name":"Bellunopress - Dolomiti","article_publisher":"https:\/\/www.facebook.com\/profile.php?id=100008943462799","article_published_time":"2026-06-29T05:28:10+00:00","og_image":[{"width":600,"height":405,"url":"https:\/\/www.bellunopress.it\/wp-content\/uploads\/2026\/06\/alta-via-n-1-con-il-Cai.jpeg","type":"image\/jpeg"}],"author":"redazione","twitter_card":"summary_large_image","twitter_creator":"@bellunopress","twitter_site":"@bellunopress","twitter_misc":{"\u00c9crit par":"redazione","Dur\u00e9e de lecture estim\u00e9e":"3 minutes"},"schema":{"@context":"https:\/\/schema.org","@graph":[{"@type":"Article","@id":"https:\/\/www.bellunopress.it\/2026\/06\/29\/sessantanni-di-alta-via-n-1-il-futuro-della-montagna-corre-tra-le-vette-con-il-cai-belluno\/#article","isPartOf":{"@id":"https:\/\/www.bellunopress.it\/2026\/06\/29\/sessantanni-di-alta-via-n-1-il-futuro-della-montagna-corre-tra-le-vette-con-il-cai-belluno\/"},"author":{"name":"redazione","@id":"https:\/\/www.bellunopress.it\/#\/schema\/person\/79bb06722b37ece1c03d3e94beb30d73"},"headline":"Sessant\u2019anni di Alta Via n. 1: il futuro della montagna corre tra le vette con il CAI Belluno","datePublished":"2026-06-29T05:28:10+00:00","mainEntityOfPage":{"@id":"https:\/\/www.bellunopress.it\/2026\/06\/29\/sessantanni-di-alta-via-n-1-il-futuro-della-montagna-corre-tra-le-vette-con-il-cai-belluno\/"},"wordCount":444,"publisher":{"@id":"https:\/\/www.bellunopress.it\/#organization"},"image":{"@id":"https:\/\/www.bellunopress.it\/2026\/06\/29\/sessantanni-di-alta-via-n-1-il-futuro-della-montagna-corre-tra-le-vette-con-il-cai-belluno\/#primaryimage"},"thumbnailUrl":"https:\/\/www.bellunopress.it\/wp-content\/uploads\/2026\/06\/alta-via-n-1-con-il-Cai.jpeg","articleSection":["Societ\u00e0, Associazioni, Istituzioni","Sport, tempo libero"],"inLanguage":"fr-FR"},{"@type":"WebPage","@id":"https:\/\/www.bellunopress.it\/2026\/06\/29\/sessantanni-di-alta-via-n-1-il-futuro-della-montagna-corre-tra-le-vette-con-il-cai-belluno\/","url":"https:\/\/www.bellunopress.it\/2026\/06\/29\/sessantanni-di-alta-via-n-1-il-futuro-della-montagna-corre-tra-le-vette-con-il-cai-belluno\/","name":"Sessant\u2019anni di Alta Via n. 1: il futuro della montagna corre tra le vette con il CAI Belluno - Bellunopress - Dolomiti","isPartOf":{"@id":"https:\/\/www.bellunopress.it\/#website"},"primaryImageOfPage":{"@id":"https:\/\/www.bellunopress.it\/2026\/06\/29\/sessantanni-di-alta-via-n-1-il-futuro-della-montagna-corre-tra-le-vette-con-il-cai-belluno\/#primaryimage"},"image":{"@id":"https:\/\/www.bellunopress.it\/2026\/06\/29\/sessantanni-di-alta-via-n-1-il-futuro-della-montagna-corre-tra-le-vette-con-il-cai-belluno\/#primaryimage"},"thumbnailUrl":"https:\/\/www.bellunopress.it\/wp-content\/uploads\/2026\/06\/alta-via-n-1-con-il-Cai.jpeg","datePublished":"2026-06-29T05:28:10+00:00","breadcrumb":{"@id":"https:\/\/www.bellunopress.it\/2026\/06\/29\/sessantanni-di-alta-via-n-1-il-futuro-della-montagna-corre-tra-le-vette-con-il-cai-belluno\/#breadcrumb"},"inLanguage":"fr-FR","potentialAction":[{"@type":"ReadAction","target":["https:\/\/www.bellunopress.it\/2026\/06\/29\/sessantanni-di-alta-via-n-1-il-futuro-della-montagna-corre-tra-le-vette-con-il-cai-belluno\/"]}]},{"@type":"ImageObject","inLanguage":"fr-FR","@id":"https:\/\/www.bellunopress.it\/2026\/06\/29\/sessantanni-di-alta-via-n-1-il-futuro-della-montagna-corre-tra-le-vette-con-il-cai-belluno\/#primaryimage","url":"https:\/\/www.bellunopress.it\/wp-content\/uploads\/2026\/06\/alta-via-n-1-con-il-Cai.jpeg","contentUrl":"https:\/\/www.bellunopress.it\/wp-content\/uploads\/2026\/06\/alta-via-n-1-con-il-Cai.jpeg","width":600,"height":405},{"@type":"BreadcrumbList","@id":"https:\/\/www.bellunopress.it\/2026\/06\/29\/sessantanni-di-alta-via-n-1-il-futuro-della-montagna-corre-tra-le-vette-con-il-cai-belluno\/#breadcrumb","itemListElement":[{"@type":"ListItem","position":1,"name":"Home","item":"https:\/\/www.bellunopress.it\/"},{"@type":"ListItem","position":2,"name":"Sessant\u2019anni di Alta Via n. 1: il futuro della montagna corre tra le vette con il CAI Belluno"}]},{"@type":"WebSite","@id":"https:\/\/www.bellunopress.it\/#website","url":"https:\/\/www.bellunopress.it\/","name":"Bellunopress - Dolomiti","description":"e-mail: redazione@bellunopress.it","publisher":{"@id":"https:\/\/www.bellunopress.it\/#organization"},"potentialAction":[{"@type":"SearchAction","target":{"@type":"EntryPoint","urlTemplate":"https:\/\/www.bellunopress.it\/?s={search_term_string}"},"query-input":{"@type":"PropertyValueSpecification","valueRequired":true,"valueName":"search_term_string"}}],"inLanguage":"fr-FR"},{"@type":"Organization","@id":"https:\/\/www.bellunopress.it\/#organization","name":"Bellunopress","url":"https:\/\/www.bellunopress.it\/","logo":{"@type":"ImageObject","inLanguage":"fr-FR","@id":"https:\/\/www.bellunopress.it\/#\/schema\/logo\/image\/","url":"https:\/\/www.bellunopress.it\/wp-content\/uploads\/2011\/05\/cropped-logo-bellunopress-.jpg","contentUrl":"https:\/\/www.bellunopress.it\/wp-content\/uploads\/2011\/05\/cropped-logo-bellunopress-.jpg","width":512,"height":512,"caption":"Bellunopress"},"image":{"@id":"https:\/\/www.bellunopress.it\/#\/schema\/logo\/image\/"},"sameAs":["https:\/\/www.facebook.com\/profile.php?id=100008943462799","https:\/\/x.com\/bellunopress","https:\/\/www.linkedin.com\/hp\/?dnr=JBzUWaJfMUw8vbXJJ2tVW5-I3jZKvC4wsoxE&amp;amp;amp;amp;amp;amp;trk=nav_responsive_tab_home","https:\/\/www.youtube.com\/channel\/UCxL0wu1uN0_3_7hGG0306cw"]},{"@type":"Person","@id":"https:\/\/www.bellunopress.it\/#\/schema\/person\/79bb06722b37ece1c03d3e94beb30d73","name":"r\u00e9daction","image":{"@type":"ImageObject","inLanguage":"fr-FR","@id":"https:\/\/secure.gravatar.com\/avatar\/37d968a2e67a6fd04c169c4bdef102d0bc5d31b2546345219e348575eb80e9a0?s=96&d=mm&r=g","url":"https:\/\/secure.gravatar.com\/avatar\/37d968a2e67a6fd04c169c4bdef102d0bc5d31b2546345219e348575eb80e9a0?s=96&d=mm&r=g","contentUrl":"https:\/\/secure.gravatar.com\/avatar\/37d968a2e67a6fd04c169c4bdef102d0bc5d31b2546345219e348575eb80e9a0?s=96&d=mm&r=g","caption":"redazione"},"sameAs":["http:\/\/www.bellunopress.it","https:\/\/x.com\/bellunopress"],"url":"https:\/\/www.bellunopress.it\/fr\/author\/redazione\/"}]}},"_links":{"self":[{"href":"https:\/\/www.bellunopress.it\/fr\/wp-json\/wp\/v2\/posts\/171514","targetHints":{"allow":["GET"]}}],"collection":[{"href":"https:\/\/www.bellunopress.it\/fr\/wp-json\/wp\/v2\/posts"}],"about":[{"href":"https:\/\/www.bellunopress.it\/fr\/wp-json\/wp\/v2\/types\/post"}],"author":[{"embeddable":true,"href":"https:\/\/www.bellunopress.it\/fr\/wp-json\/wp\/v2\/users\/2"}],"replies":[{"embeddable":true,"href":"https:\/\/www.bellunopress.it\/fr\/wp-json\/wp\/v2\/comments?post=171514"}],"version-history":[{"count":1,"href":"https:\/\/www.bellunopress.it\/fr\/wp-json\/wp\/v2\/posts\/171514\/revisions"}],"predecessor-version":[{"id":171516,"href":"https:\/\/www.bellunopress.it\/fr\/wp-json\/wp\/v2\/posts\/171514\/revisions\/171516"}],"wp:featuredmedia":[{"embeddable":true,"href":"https:\/\/www.bellunopress.it\/fr\/wp-json\/wp\/v2\/media\/171515"}],"wp:attachment":[{"href":"https:\/\/www.bellunopress.it\/fr\/wp-json\/wp\/v2\/media?parent=171514"}],"wp:term":[{"taxonomy":"category","embeddable":true,"href":"https:\/\/www.bellunopress.it\/fr\/wp-json\/wp\/v2\/categories?post=171514"},{"taxonomy":"post_tag","embeddable":true,"href":"https:\/\/www.bellunopress.it\/fr\/wp-json\/wp\/v2\/tags?post=171514"}],"curies":[{"name":"wp","href":"https:\/\/api.w.org\/{rel}","templated":true}]}}