{"id":171506,"date":"2026-06-28T14:33:09","date_gmt":"2026-06-28T12:33:09","guid":{"rendered":"https:\/\/www.bellunopress.it\/?p=171506"},"modified":"2026-06-28T21:57:09","modified_gmt":"2026-06-28T19:57:09","slug":"clare-torry-lurlo-che-divenne-immortale","status":"publish","type":"post","link":"https:\/\/www.bellunopress.it\/fr\/2026\/06\/28\/clare-torry-lurlo-che-divenne-immortale\/","title":{"rendered":"Clare Torry, l\u2019urlo che divenne immortale"},"content":{"rendered":"<p data-path-to-node=\"3\">Londra, 1973. Negli studi di Abbey Road, l\u2019atmosfera \u00e8 satura di ambizione. I Pink Floyd stanno cesellando quello che diventer\u00e0 il monumento del rock, <a href=\"https:\/\/www.youtube.com\/watch?v=vTfWeyS--Cs&amp;list=RDvTfWeyS--Cs&amp;start_radio=1\"><i data-path-to-node=\"3\" data-index-in-node=\"151\">The Dark Side of the Moon<\/i><\/a>. Ma c\u2019\u00e8 un vuoto, un silenzio che pesa nel brano di Richard Wright, allora chiamato &#8220;The Mortality Sequence&#8221;. Serve una voce. Non una cantante che interpreti parole, ma uno strumento umano capace di tradurre l\u2019indicibile.<\/p>\n<p data-path-to-node=\"4\">\u00c8 qui che entra in scena Clare Torry, una turnista di 25 anni con un paio di scarpe comode e, pare, molta voglia di essere altrove: aveva gi\u00e0 acquistato i biglietti per il concerto di Chuck Berry. Accett\u00f2 la chiamata del tecnico Alan Parsons solo per le 30 sterline offerte dalla sessione domenicale. Non sapeva che quel giorno stava firmando il suo destino.<\/p>\n<p data-path-to-node=\"6\">Le istruzioni della band furono un enigma filosofico: <i data-path-to-node=\"6\" data-index-in-node=\"54\">&#8220;Canta la morte. Niente parole, solo emozione&#8221;<\/i>. Dopo un primo approccio timido e convenzionale, Clare chiuse gli occhi. In quel momento, accadde l&#8217;incredibile. Non stava solo cantando: stava canalizzando un tormento atavico, un\u2019agonia che si trasfigurava in ascesa spirituale. Dietro il vetro della regia, i membri della band rimasero pietrificati. Quella take, eseguita in un\u2019unica, febbrile sessione, non era un\u2019esecuzione vocale. Era composizione pura.<\/p>\n<p data-path-to-node=\"7\">Eppure, per il mondo \u2013 e per l&#8217;industria discografica dell&#8217;epoca \u2013 Clare era solo una comparsa. Per tre decenni, il suo nome fu confinato nei crediti come semplice &#8220;vocalist&#8221;, un\u2019esecutrice al soldo di giganti. La legge, cieca di fronte all&#8217;arte, non riconosceva a un cantante il diritto d&#8217;autore su una melodia improvvisata.<\/p>\n<p data-path-to-node=\"9\">Il riscatto arriv\u00f2 solo 32 anni dopo, nel 2005. Clare Torry non si arrese all&#8217;oblio e port\u00f2 la EMI e i Pink Floyd davanti all&#8217;Alta Corte di Giustizia britannica. Fu una battaglia legale epocale: la sentenza sanc\u00ec un principio destinato a cambiare la storia della musica: l&#8217;improvvisazione melodica costituisce a tutti gli effetti un atto creativo.<\/p>\n<p data-path-to-node=\"10\">La vittoria fu totale. Da quel momento, le nuove edizioni del capolavoro dei Floyd riportano la dicitura &#8220;Wright\/Torry&#8221;. Non si tratta solo di una questione di royalties arretrate \u2013 che hanno trasformato quelle 30 sterline in una fortuna milionaria \u2013 ma di un riconoscimento tardivo e definitivo. Clare Torry non aveva &#8220;accompagnato&#8221; la musica di Wright; l&#8217;aveva completata, definita e, in gran parte, creata.<\/p>\n<p data-path-to-node=\"12\">Oggi, <i data-path-to-node=\"12\" data-index-in-node=\"6\">The Great Gig in the Sky<\/i> non \u00e8 pi\u00f9 solo un pregevole esercizio tastieristico arricchito da una voce. \u00c8 il documento sonoro di una donna che, in una domenica sera di cinquant&#8217;anni fa, ha saputo trasformare un&#8217;assenza in un&#8217;epifania.<\/p>\n<p data-path-to-node=\"13\">Quando oggi quel vinile gira e l&#8217;urlo liberatorio di Clare esplode nelle casse, il mondo non ascolta pi\u00f9 una &#8220;turnista&#8221;. Ascolta il genio creativo di un&#8217;artista che, lottando contro il tempo e la burocrazia, si \u00e8 ripresa il suo posto tra gli immortali della musica. La giustizia \u00e8 arrivata in ritardo, ma per la storia del rock, Clare Torry ha avuto l&#8217;ultima parola. E, come insegna quel brano, \u00e8 una parola che spiega tutto.<\/p>","protected":false},"excerpt":{"rendered":"<p>Londra, 1973. Negli studi di Abbey Road, l\u2019atmosfera \u00e8 satura di ambizione. I Pink Floyd stanno cesellando quello che diventer\u00e0 il monumento del rock, The Dark Side of the Moon. Ma c\u2019\u00e8 un vuoto, un silenzio che pesa nel brano di Richard Wright, allora chiamato &#8220;The Mortality Sequence&#8221;. Serve una voce. Non una cantante che [&hellip;]<\/p>\n","protected":false},"author":2,"featured_media":171507,"comment_status":"closed","ping_status":"open","sticky":false,"template":"","format":"standard","meta":{"footnotes":""},"categories":[3,25],"tags":[],"class_list":["post-171506","post","type-post","status-publish","format-standard","has-post-thumbnail","category-arte-cultura-spettacoli-scienza-archivi","category-pausa-caffe"],"yoast_head":"<!-- This site is optimized with the Yoast SEO plugin v28.4 - https:\/\/yoast.com\/product\/yoast-seo-wordpress\/ -->\n<title>Clare Torry, l\u2019urlo che divenne immortale - Bellunopress - Dolomiti<\/title>\n<meta name=\"robots\" content=\"index, follow, max-snippet:-1, max-image-preview:large, max-video-preview:-1\" \/>\n<link rel=\"canonical\" href=\"https:\/\/www.bellunopress.it\/fr\/2026\/06\/28\/clare-torry-lurlo-che-divenne-immortale\/\" \/>\n<meta property=\"og:locale\" content=\"fr_FR\" \/>\n<meta property=\"og:type\" content=\"article\" \/>\n<meta property=\"og:title\" content=\"Clare Torry, l\u2019urlo che divenne immortale - Bellunopress - Dolomiti\" \/>\n<meta property=\"og:description\" content=\"Londra, 1973. Negli studi di Abbey Road, l\u2019atmosfera \u00e8 satura di ambizione. I Pink Floyd stanno cesellando quello che diventer\u00e0 il monumento del rock, The Dark Side of the Moon. Ma c\u2019\u00e8 un vuoto, un silenzio che pesa nel brano di Richard Wright, allora chiamato &#8220;The Mortality Sequence&#8221;. Serve una voce. Non una cantante che [&hellip;]\" \/>\n<meta property=\"og:url\" content=\"https:\/\/www.bellunopress.it\/fr\/2026\/06\/28\/clare-torry-lurlo-che-divenne-immortale\/\" \/>\n<meta property=\"og:site_name\" content=\"Bellunopress - Dolomiti\" \/>\n<meta property=\"article:publisher\" content=\"https:\/\/www.facebook.com\/profile.php?id=100008943462799\" \/>\n<meta property=\"article:published_time\" content=\"2026-06-28T12:33:09+00:00\" \/>\n<meta property=\"article:modified_time\" content=\"2026-06-28T19:57:09+00:00\" \/>\n<meta property=\"og:image\" content=\"https:\/\/www.bellunopress.it\/wp-content\/uploads\/2026\/06\/Clare-Torry-immagina-AI.jpg\" \/>\n\t<meta property=\"og:image:width\" content=\"600\" \/>\n\t<meta property=\"og:image:height\" content=\"449\" \/>\n\t<meta property=\"og:image:type\" content=\"image\/jpeg\" \/>\n<meta name=\"author\" content=\"redazione\" \/>\n<meta name=\"twitter:card\" content=\"summary_large_image\" \/>\n<meta name=\"twitter:creator\" content=\"@bellunopress\" \/>\n<meta name=\"twitter:site\" content=\"@bellunopress\" \/>\n<meta name=\"twitter:label1\" content=\"Written by\" \/>\n\t<meta name=\"twitter:data1\" content=\"redazione\" \/>\n\t<meta name=\"twitter:label2\" content=\"Est. reading time\" \/>\n\t<meta name=\"twitter:data2\" content=\"3 minutes\" \/>\n<script type=\"application\/ld+json\" class=\"yoast-schema-graph\">{\"@context\":\"https:\\\/\\\/schema.org\",\"@graph\":[{\"@type\":\"Article\",\"@id\":\"https:\\\/\\\/www.bellunopress.it\\\/2026\\\/06\\\/28\\\/clare-torry-lurlo-che-divenne-immortale\\\/#article\",\"isPartOf\":{\"@id\":\"https:\\\/\\\/www.bellunopress.it\\\/2026\\\/06\\\/28\\\/clare-torry-lurlo-che-divenne-immortale\\\/\"},\"author\":{\"name\":\"redazione\",\"@id\":\"https:\\\/\\\/www.bellunopress.it\\\/#\\\/schema\\\/person\\\/79bb06722b37ece1c03d3e94beb30d73\"},\"headline\":\"Clare Torry, l\u2019urlo che divenne immortale\",\"datePublished\":\"2026-06-28T12:33:09+00:00\",\"dateModified\":\"2026-06-28T19:57:09+00:00\",\"mainEntityOfPage\":{\"@id\":\"https:\\\/\\\/www.bellunopress.it\\\/2026\\\/06\\\/28\\\/clare-torry-lurlo-che-divenne-immortale\\\/\"},\"wordCount\":498,\"publisher\":{\"@id\":\"https:\\\/\\\/www.bellunopress.it\\\/#organization\"},\"image\":{\"@id\":\"https:\\\/\\\/www.bellunopress.it\\\/2026\\\/06\\\/28\\\/clare-torry-lurlo-che-divenne-immortale\\\/#primaryimage\"},\"thumbnailUrl\":\"https:\\\/\\\/www.bellunopress.it\\\/wp-content\\\/uploads\\\/2026\\\/06\\\/Clare-Torry-immagina-AI.jpg\",\"articleSection\":[\"Arte, Cultura, Spettacoli, Scienza\",\"Pausa Caff\u00e8\"],\"inLanguage\":\"fr-FR\"},{\"@type\":\"WebPage\",\"@id\":\"https:\\\/\\\/www.bellunopress.it\\\/2026\\\/06\\\/28\\\/clare-torry-lurlo-che-divenne-immortale\\\/\",\"url\":\"https:\\\/\\\/www.bellunopress.it\\\/2026\\\/06\\\/28\\\/clare-torry-lurlo-che-divenne-immortale\\\/\",\"name\":\"Clare Torry, l\u2019urlo che divenne immortale - Bellunopress - Dolomiti\",\"isPartOf\":{\"@id\":\"https:\\\/\\\/www.bellunopress.it\\\/#website\"},\"primaryImageOfPage\":{\"@id\":\"https:\\\/\\\/www.bellunopress.it\\\/2026\\\/06\\\/28\\\/clare-torry-lurlo-che-divenne-immortale\\\/#primaryimage\"},\"image\":{\"@id\":\"https:\\\/\\\/www.bellunopress.it\\\/2026\\\/06\\\/28\\\/clare-torry-lurlo-che-divenne-immortale\\\/#primaryimage\"},\"thumbnailUrl\":\"https:\\\/\\\/www.bellunopress.it\\\/wp-content\\\/uploads\\\/2026\\\/06\\\/Clare-Torry-immagina-AI.jpg\",\"datePublished\":\"2026-06-28T12:33:09+00:00\",\"dateModified\":\"2026-06-28T19:57:09+00:00\",\"breadcrumb\":{\"@id\":\"https:\\\/\\\/www.bellunopress.it\\\/2026\\\/06\\\/28\\\/clare-torry-lurlo-che-divenne-immortale\\\/#breadcrumb\"},\"inLanguage\":\"fr-FR\",\"potentialAction\":[{\"@type\":\"ReadAction\",\"target\":[\"https:\\\/\\\/www.bellunopress.it\\\/2026\\\/06\\\/28\\\/clare-torry-lurlo-che-divenne-immortale\\\/\"]}]},{\"@type\":\"ImageObject\",\"inLanguage\":\"fr-FR\",\"@id\":\"https:\\\/\\\/www.bellunopress.it\\\/2026\\\/06\\\/28\\\/clare-torry-lurlo-che-divenne-immortale\\\/#primaryimage\",\"url\":\"https:\\\/\\\/www.bellunopress.it\\\/wp-content\\\/uploads\\\/2026\\\/06\\\/Clare-Torry-immagina-AI.jpg\",\"contentUrl\":\"https:\\\/\\\/www.bellunopress.it\\\/wp-content\\\/uploads\\\/2026\\\/06\\\/Clare-Torry-immagina-AI.jpg\",\"width\":600,\"height\":449,\"caption\":\"Clare Torry\"},{\"@type\":\"BreadcrumbList\",\"@id\":\"https:\\\/\\\/www.bellunopress.it\\\/2026\\\/06\\\/28\\\/clare-torry-lurlo-che-divenne-immortale\\\/#breadcrumb\",\"itemListElement\":[{\"@type\":\"ListItem\",\"position\":1,\"name\":\"Home\",\"item\":\"https:\\\/\\\/www.bellunopress.it\\\/\"},{\"@type\":\"ListItem\",\"position\":2,\"name\":\"Clare Torry, l\u2019urlo che divenne immortale\"}]},{\"@type\":\"WebSite\",\"@id\":\"https:\\\/\\\/www.bellunopress.it\\\/#website\",\"url\":\"https:\\\/\\\/www.bellunopress.it\\\/\",\"name\":\"Bellunopress - Dolomiti\",\"description\":\"e-mail: redazione@bellunopress.it\",\"publisher\":{\"@id\":\"https:\\\/\\\/www.bellunopress.it\\\/#organization\"},\"potentialAction\":[{\"@type\":\"SearchAction\",\"target\":{\"@type\":\"EntryPoint\",\"urlTemplate\":\"https:\\\/\\\/www.bellunopress.it\\\/?s={search_term_string}\"},\"query-input\":{\"@type\":\"PropertyValueSpecification\",\"valueRequired\":true,\"valueName\":\"search_term_string\"}}],\"inLanguage\":\"fr-FR\"},{\"@type\":\"Organization\",\"@id\":\"https:\\\/\\\/www.bellunopress.it\\\/#organization\",\"name\":\"Bellunopress\",\"url\":\"https:\\\/\\\/www.bellunopress.it\\\/\",\"logo\":{\"@type\":\"ImageObject\",\"inLanguage\":\"fr-FR\",\"@id\":\"https:\\\/\\\/www.bellunopress.it\\\/#\\\/schema\\\/logo\\\/image\\\/\",\"url\":\"https:\\\/\\\/www.bellunopress.it\\\/wp-content\\\/uploads\\\/2011\\\/05\\\/cropped-logo-bellunopress-.jpg\",\"contentUrl\":\"https:\\\/\\\/www.bellunopress.it\\\/wp-content\\\/uploads\\\/2011\\\/05\\\/cropped-logo-bellunopress-.jpg\",\"width\":512,\"height\":512,\"caption\":\"Bellunopress\"},\"image\":{\"@id\":\"https:\\\/\\\/www.bellunopress.it\\\/#\\\/schema\\\/logo\\\/image\\\/\"},\"sameAs\":[\"https:\\\/\\\/www.facebook.com\\\/profile.php?id=100008943462799\",\"https:\\\/\\\/x.com\\\/bellunopress\",\"https:\\\/\\\/www.linkedin.com\\\/hp\\\/?dnr=JBzUWaJfMUw8vbXJJ2tVW5-I3jZKvC4wsoxE&amp;amp;amp;amp;amp;amp;trk=nav_responsive_tab_home\",\"https:\\\/\\\/www.youtube.com\\\/channel\\\/UCxL0wu1uN0_3_7hGG0306cw\"]},{\"@type\":\"Person\",\"@id\":\"https:\\\/\\\/www.bellunopress.it\\\/#\\\/schema\\\/person\\\/79bb06722b37ece1c03d3e94beb30d73\",\"name\":\"redazione\",\"image\":{\"@type\":\"ImageObject\",\"inLanguage\":\"fr-FR\",\"@id\":\"https:\\\/\\\/secure.gravatar.com\\\/avatar\\\/37d968a2e67a6fd04c169c4bdef102d0bc5d31b2546345219e348575eb80e9a0?s=96&d=mm&r=g\",\"url\":\"https:\\\/\\\/secure.gravatar.com\\\/avatar\\\/37d968a2e67a6fd04c169c4bdef102d0bc5d31b2546345219e348575eb80e9a0?s=96&d=mm&r=g\",\"contentUrl\":\"https:\\\/\\\/secure.gravatar.com\\\/avatar\\\/37d968a2e67a6fd04c169c4bdef102d0bc5d31b2546345219e348575eb80e9a0?s=96&d=mm&r=g\",\"caption\":\"redazione\"},\"sameAs\":[\"http:\\\/\\\/www.bellunopress.it\",\"https:\\\/\\\/x.com\\\/bellunopress\"],\"url\":\"https:\\\/\\\/www.bellunopress.it\\\/fr\\\/author\\\/redazione\\\/\"}]}<\/script>\n<!-- \/ Yoast SEO plugin. -->","yoast_head_json":{"title":"Clare Torry, l\u2019urlo che divenne immortale - Bellunopress - Dolomiti","robots":{"index":"index","follow":"follow","max-snippet":"max-snippet:-1","max-image-preview":"max-image-preview:large","max-video-preview":"max-video-preview:-1"},"canonical":"https:\/\/www.bellunopress.it\/fr\/2026\/06\/28\/clare-torry-lurlo-che-divenne-immortale\/","og_locale":"fr_FR","og_type":"article","og_title":"Clare Torry, l\u2019urlo che divenne immortale - Bellunopress - Dolomiti","og_description":"Londra, 1973. Negli studi di Abbey Road, l\u2019atmosfera \u00e8 satura di ambizione. I Pink Floyd stanno cesellando quello che diventer\u00e0 il monumento del rock, The Dark Side of the Moon. Ma c\u2019\u00e8 un vuoto, un silenzio che pesa nel brano di Richard Wright, allora chiamato &#8220;The Mortality Sequence&#8221;. Serve una voce. Non una cantante che [&hellip;]","og_url":"https:\/\/www.bellunopress.it\/fr\/2026\/06\/28\/clare-torry-lurlo-che-divenne-immortale\/","og_site_name":"Bellunopress - Dolomiti","article_publisher":"https:\/\/www.facebook.com\/profile.php?id=100008943462799","article_published_time":"2026-06-28T12:33:09+00:00","article_modified_time":"2026-06-28T19:57:09+00:00","og_image":[{"width":600,"height":449,"url":"https:\/\/www.bellunopress.it\/wp-content\/uploads\/2026\/06\/Clare-Torry-immagina-AI.jpg","type":"image\/jpeg"}],"author":"redazione","twitter_card":"summary_large_image","twitter_creator":"@bellunopress","twitter_site":"@bellunopress","twitter_misc":{"Written by":"redazione","Est. reading time":"3 minutes"},"schema":{"@context":"https:\/\/schema.org","@graph":[{"@type":"Article","@id":"https:\/\/www.bellunopress.it\/2026\/06\/28\/clare-torry-lurlo-che-divenne-immortale\/#article","isPartOf":{"@id":"https:\/\/www.bellunopress.it\/2026\/06\/28\/clare-torry-lurlo-che-divenne-immortale\/"},"author":{"name":"redazione","@id":"https:\/\/www.bellunopress.it\/#\/schema\/person\/79bb06722b37ece1c03d3e94beb30d73"},"headline":"Clare Torry, l\u2019urlo che divenne immortale","datePublished":"2026-06-28T12:33:09+00:00","dateModified":"2026-06-28T19:57:09+00:00","mainEntityOfPage":{"@id":"https:\/\/www.bellunopress.it\/2026\/06\/28\/clare-torry-lurlo-che-divenne-immortale\/"},"wordCount":498,"publisher":{"@id":"https:\/\/www.bellunopress.it\/#organization"},"image":{"@id":"https:\/\/www.bellunopress.it\/2026\/06\/28\/clare-torry-lurlo-che-divenne-immortale\/#primaryimage"},"thumbnailUrl":"https:\/\/www.bellunopress.it\/wp-content\/uploads\/2026\/06\/Clare-Torry-immagina-AI.jpg","articleSection":["Arte, Cultura, Spettacoli, Scienza","Pausa Caff\u00e8"],"inLanguage":"fr-FR"},{"@type":"WebPage","@id":"https:\/\/www.bellunopress.it\/2026\/06\/28\/clare-torry-lurlo-che-divenne-immortale\/","url":"https:\/\/www.bellunopress.it\/2026\/06\/28\/clare-torry-lurlo-che-divenne-immortale\/","name":"Clare Torry, l\u2019urlo che divenne immortale - Bellunopress - Dolomiti","isPartOf":{"@id":"https:\/\/www.bellunopress.it\/#website"},"primaryImageOfPage":{"@id":"https:\/\/www.bellunopress.it\/2026\/06\/28\/clare-torry-lurlo-che-divenne-immortale\/#primaryimage"},"image":{"@id":"https:\/\/www.bellunopress.it\/2026\/06\/28\/clare-torry-lurlo-che-divenne-immortale\/#primaryimage"},"thumbnailUrl":"https:\/\/www.bellunopress.it\/wp-content\/uploads\/2026\/06\/Clare-Torry-immagina-AI.jpg","datePublished":"2026-06-28T12:33:09+00:00","dateModified":"2026-06-28T19:57:09+00:00","breadcrumb":{"@id":"https:\/\/www.bellunopress.it\/2026\/06\/28\/clare-torry-lurlo-che-divenne-immortale\/#breadcrumb"},"inLanguage":"fr-FR","potentialAction":[{"@type":"ReadAction","target":["https:\/\/www.bellunopress.it\/2026\/06\/28\/clare-torry-lurlo-che-divenne-immortale\/"]}]},{"@type":"ImageObject","inLanguage":"fr-FR","@id":"https:\/\/www.bellunopress.it\/2026\/06\/28\/clare-torry-lurlo-che-divenne-immortale\/#primaryimage","url":"https:\/\/www.bellunopress.it\/wp-content\/uploads\/2026\/06\/Clare-Torry-immagina-AI.jpg","contentUrl":"https:\/\/www.bellunopress.it\/wp-content\/uploads\/2026\/06\/Clare-Torry-immagina-AI.jpg","width":600,"height":449,"caption":"Clare Torry"},{"@type":"BreadcrumbList","@id":"https:\/\/www.bellunopress.it\/2026\/06\/28\/clare-torry-lurlo-che-divenne-immortale\/#breadcrumb","itemListElement":[{"@type":"ListItem","position":1,"name":"Home","item":"https:\/\/www.bellunopress.it\/"},{"@type":"ListItem","position":2,"name":"Clare Torry, l\u2019urlo che divenne immortale"}]},{"@type":"WebSite","@id":"https:\/\/www.bellunopress.it\/#website","url":"https:\/\/www.bellunopress.it\/","name":"Bellunopress - Dolomiti","description":"e-mail: redazione@bellunopress.it","publisher":{"@id":"https:\/\/www.bellunopress.it\/#organization"},"potentialAction":[{"@type":"SearchAction","target":{"@type":"EntryPoint","urlTemplate":"https:\/\/www.bellunopress.it\/?s={search_term_string}"},"query-input":{"@type":"PropertyValueSpecification","valueRequired":true,"valueName":"search_term_string"}}],"inLanguage":"fr-FR"},{"@type":"Organization","@id":"https:\/\/www.bellunopress.it\/#organization","name":"Bellunopress","url":"https:\/\/www.bellunopress.it\/","logo":{"@type":"ImageObject","inLanguage":"fr-FR","@id":"https:\/\/www.bellunopress.it\/#\/schema\/logo\/image\/","url":"https:\/\/www.bellunopress.it\/wp-content\/uploads\/2011\/05\/cropped-logo-bellunopress-.jpg","contentUrl":"https:\/\/www.bellunopress.it\/wp-content\/uploads\/2011\/05\/cropped-logo-bellunopress-.jpg","width":512,"height":512,"caption":"Bellunopress"},"image":{"@id":"https:\/\/www.bellunopress.it\/#\/schema\/logo\/image\/"},"sameAs":["https:\/\/www.facebook.com\/profile.php?id=100008943462799","https:\/\/x.com\/bellunopress","https:\/\/www.linkedin.com\/hp\/?dnr=JBzUWaJfMUw8vbXJJ2tVW5-I3jZKvC4wsoxE&amp;amp;amp;amp;amp;amp;trk=nav_responsive_tab_home","https:\/\/www.youtube.com\/channel\/UCxL0wu1uN0_3_7hGG0306cw"]},{"@type":"Person","@id":"https:\/\/www.bellunopress.it\/#\/schema\/person\/79bb06722b37ece1c03d3e94beb30d73","name":"r\u00e9daction","image":{"@type":"ImageObject","inLanguage":"fr-FR","@id":"https:\/\/secure.gravatar.com\/avatar\/37d968a2e67a6fd04c169c4bdef102d0bc5d31b2546345219e348575eb80e9a0?s=96&d=mm&r=g","url":"https:\/\/secure.gravatar.com\/avatar\/37d968a2e67a6fd04c169c4bdef102d0bc5d31b2546345219e348575eb80e9a0?s=96&d=mm&r=g","contentUrl":"https:\/\/secure.gravatar.com\/avatar\/37d968a2e67a6fd04c169c4bdef102d0bc5d31b2546345219e348575eb80e9a0?s=96&d=mm&r=g","caption":"redazione"},"sameAs":["http:\/\/www.bellunopress.it","https:\/\/x.com\/bellunopress"],"url":"https:\/\/www.bellunopress.it\/fr\/author\/redazione\/"}]}},"_links":{"self":[{"href":"https:\/\/www.bellunopress.it\/fr\/wp-json\/wp\/v2\/posts\/171506","targetHints":{"allow":["GET"]}}],"collection":[{"href":"https:\/\/www.bellunopress.it\/fr\/wp-json\/wp\/v2\/posts"}],"about":[{"href":"https:\/\/www.bellunopress.it\/fr\/wp-json\/wp\/v2\/types\/post"}],"author":[{"embeddable":true,"href":"https:\/\/www.bellunopress.it\/fr\/wp-json\/wp\/v2\/users\/2"}],"replies":[{"embeddable":true,"href":"https:\/\/www.bellunopress.it\/fr\/wp-json\/wp\/v2\/comments?post=171506"}],"version-history":[{"count":2,"href":"https:\/\/www.bellunopress.it\/fr\/wp-json\/wp\/v2\/posts\/171506\/revisions"}],"predecessor-version":[{"id":171513,"href":"https:\/\/www.bellunopress.it\/fr\/wp-json\/wp\/v2\/posts\/171506\/revisions\/171513"}],"wp:featuredmedia":[{"embeddable":true,"href":"https:\/\/www.bellunopress.it\/fr\/wp-json\/wp\/v2\/media\/171507"}],"wp:attachment":[{"href":"https:\/\/www.bellunopress.it\/fr\/wp-json\/wp\/v2\/media?parent=171506"}],"wp:term":[{"taxonomy":"category","embeddable":true,"href":"https:\/\/www.bellunopress.it\/fr\/wp-json\/wp\/v2\/categories?post=171506"},{"taxonomy":"post_tag","embeddable":true,"href":"https:\/\/www.bellunopress.it\/fr\/wp-json\/wp\/v2\/tags?post=171506"}],"curies":[{"name":"wp","href":"https:\/\/api.w.org\/{rel}","templated":true}]}}