{"id":171503,"date":"2026-06-28T13:31:02","date_gmt":"2026-06-28T11:31:02","guid":{"rendered":"https:\/\/www.bellunopress.it\/?p=171503"},"modified":"2026-06-28T13:31:02","modified_gmt":"2026-06-28T11:31:02","slug":"maltempo-e-caldo-intenso-allerta-gialla-in-veneto-anche-per-lunedi-29-giugno","status":"publish","type":"post","link":"https:\/\/www.bellunopress.it\/fr\/2026\/06\/28\/maltempo-e-caldo-intenso-allerta-gialla-in-veneto-anche-per-lunedi-29-giugno\/","title":{"rendered":"Maltempo e caldo intenso: allerta gialla in Veneto anche per luned\u00ec 29 giugno"},"content":{"rendered":"<p data-path-to-node=\"3\">Venezia, 28 giugno 2026 \u2013 La Protezione Civile del Veneto, attraverso il Centro Funzionale Decentrato, ha emesso un nuovo bollettino di allerta gialla (fase di attenzione) per la giornata di luned\u00ec 29 giugno su tutto il territorio regionale.<\/p>\n<h3 data-path-to-node=\"4\">Ondata di calore e disagio fisico<\/h3>\n<p data-path-to-node=\"5\">Nonostante l&#8217;allerta meteo, l&#8217;emergenza caldo non accenna a diminuire. Per l&#8217;intera giornata di domani, su tutto il territorio veneto, permarr\u00e0 una condizione di disagio fisico prevalentemente intenso, motivo per cui \u00e8 stata confermata l&#8217;allerta gialla per ondate di calore.<\/p>\n<h3 data-path-to-node=\"6\">Instabilit\u00e0 in arrivo: rischio temporali sulle Dolomiti<\/h3>\n<p data-path-to-node=\"7\">Oltre al caldo, la giornata di luned\u00ec sar\u00e0 caratterizzata da un aumento dell&#8217;instabilit\u00e0 atmosferica. Le previsioni indicano:<\/p>\n<ul data-path-to-node=\"8\">\n<li>\n<p data-path-to-node=\"8,0,0\">Probabili rovesci e temporali: attesi principalmente sulle zone montane e sulle aree pedemontane occidentali.<\/p>\n<\/li>\n<li>\n<p data-path-to-node=\"8,1,0\">Fenomeni intensi: sulle Dolomiti (province di Belluno), \u00e8 elevata la probabilit\u00e0 di fenomeni significativi, inclusi rovesci intensi, forti raffiche di vento e locali grandinate.<\/p>\n<\/li>\n<li>\n<p data-path-to-node=\"8,2,0\">Prealpi: anche le aree prealpine potrebbero essere interessate da fenomeni temporaleschi, sebbene con una probabilit\u00e0 inferiore rispetto alle zone dolomitiche.<\/p>\n<\/li>\n<\/ul>\n<p data-path-to-node=\"9\">Di conseguenza, per quanto riguarda il rischio temporali, l&#8217;allerta gialla \u00e8 stata dichiarata specificamente per le zone delle Dolomiti orientali e occidentali (provincia di Belluno).<\/p>","protected":false},"excerpt":{"rendered":"<p>Venezia, 28 giugno 2026 \u2013 La Protezione Civile del Veneto, attraverso il Centro Funzionale Decentrato, ha emesso un nuovo bollettino di allerta gialla (fase di attenzione) per la giornata di luned\u00ec 29 giugno su tutto il territorio regionale. Ondata di calore e disagio fisico Nonostante l&#8217;allerta meteo, l&#8217;emergenza caldo non accenna a diminuire. Per l&#8217;intera [&hellip;]<\/p>\n","protected":false},"author":2,"featured_media":171504,"comment_status":"closed","ping_status":"open","sticky":false,"template":"","format":"standard","meta":{"footnotes":""},"categories":[38,26],"tags":[],"class_list":["post-171503","post","type-post","status-publish","format-standard","has-post-thumbnail","category-natura-ambiente","category-prima-pagina"],"yoast_head":"<!-- This site is optimized with the Yoast SEO plugin v28.4 - https:\/\/yoast.com\/product\/yoast-seo-wordpress\/ -->\n<title>Maltempo e caldo intenso: allerta gialla in Veneto anche per luned\u00ec 29 giugno - Bellunopress - Dolomiti<\/title>\n<meta name=\"robots\" content=\"index, follow, max-snippet:-1, max-image-preview:large, max-video-preview:-1\" \/>\n<link rel=\"canonical\" href=\"https:\/\/www.bellunopress.it\/fr\/2026\/06\/28\/maltempo-e-caldo-intenso-allerta-gialla-in-veneto-anche-per-lunedi-29-giugno\/\" \/>\n<meta property=\"og:locale\" content=\"fr_FR\" \/>\n<meta property=\"og:type\" content=\"article\" \/>\n<meta property=\"og:title\" content=\"Maltempo e caldo intenso: allerta gialla in Veneto anche per luned\u00ec 29 giugno - Bellunopress - Dolomiti\" \/>\n<meta property=\"og:description\" content=\"Venezia, 28 giugno 2026 \u2013 La Protezione Civile del Veneto, attraverso il Centro Funzionale Decentrato, ha emesso un nuovo bollettino di allerta gialla (fase di attenzione) per la giornata di luned\u00ec 29 giugno su tutto il territorio regionale. Ondata di calore e disagio fisico Nonostante l&#8217;allerta meteo, l&#8217;emergenza caldo non accenna a diminuire. Per l&#8217;intera [&hellip;]\" \/>\n<meta property=\"og:url\" content=\"https:\/\/www.bellunopress.it\/fr\/2026\/06\/28\/maltempo-e-caldo-intenso-allerta-gialla-in-veneto-anche-per-lunedi-29-giugno\/\" \/>\n<meta property=\"og:site_name\" content=\"Bellunopress - Dolomiti\" \/>\n<meta property=\"article:publisher\" content=\"https:\/\/www.facebook.com\/profile.php?id=100008943462799\" \/>\n<meta property=\"article:published_time\" content=\"2026-06-28T11:31:02+00:00\" \/>\n<meta property=\"og:image\" content=\"https:\/\/www.bellunopress.it\/wp-content\/uploads\/2026\/06\/dolomiti-sentieri.jpg\" \/>\n\t<meta property=\"og:image:width\" content=\"442\" \/>\n\t<meta property=\"og:image:height\" content=\"322\" \/>\n\t<meta property=\"og:image:type\" content=\"image\/jpeg\" \/>\n<meta name=\"author\" content=\"redazione\" \/>\n<meta name=\"twitter:card\" content=\"summary_large_image\" \/>\n<meta name=\"twitter:creator\" content=\"@bellunopress\" \/>\n<meta name=\"twitter:site\" content=\"@bellunopress\" \/>\n<meta name=\"twitter:label1\" content=\"Written by\" \/>\n\t<meta name=\"twitter:data1\" content=\"redazione\" \/>\n\t<meta name=\"twitter:label2\" content=\"Est. reading time\" \/>\n\t<meta name=\"twitter:data2\" content=\"2 minutes\" \/>\n<script type=\"application\/ld+json\" class=\"yoast-schema-graph\">{\"@context\":\"https:\\\/\\\/schema.org\",\"@graph\":[{\"@type\":\"Article\",\"@id\":\"https:\\\/\\\/www.bellunopress.it\\\/2026\\\/06\\\/28\\\/maltempo-e-caldo-intenso-allerta-gialla-in-veneto-anche-per-lunedi-29-giugno\\\/#article\",\"isPartOf\":{\"@id\":\"https:\\\/\\\/www.bellunopress.it\\\/2026\\\/06\\\/28\\\/maltempo-e-caldo-intenso-allerta-gialla-in-veneto-anche-per-lunedi-29-giugno\\\/\"},\"author\":{\"name\":\"redazione\",\"@id\":\"https:\\\/\\\/www.bellunopress.it\\\/#\\\/schema\\\/person\\\/79bb06722b37ece1c03d3e94beb30d73\"},\"headline\":\"Maltempo e caldo intenso: allerta gialla in Veneto anche per luned\u00ec 29 giugno\",\"datePublished\":\"2026-06-28T11:31:02+00:00\",\"mainEntityOfPage\":{\"@id\":\"https:\\\/\\\/www.bellunopress.it\\\/2026\\\/06\\\/28\\\/maltempo-e-caldo-intenso-allerta-gialla-in-veneto-anche-per-lunedi-29-giugno\\\/\"},\"wordCount\":201,\"publisher\":{\"@id\":\"https:\\\/\\\/www.bellunopress.it\\\/#organization\"},\"image\":{\"@id\":\"https:\\\/\\\/www.bellunopress.it\\\/2026\\\/06\\\/28\\\/maltempo-e-caldo-intenso-allerta-gialla-in-veneto-anche-per-lunedi-29-giugno\\\/#primaryimage\"},\"thumbnailUrl\":\"https:\\\/\\\/www.bellunopress.it\\\/wp-content\\\/uploads\\\/2026\\\/06\\\/dolomiti-sentieri.jpg\",\"articleSection\":[\"Meteo, natura, ambiente, animali\",\"Prima Pagina\"],\"inLanguage\":\"fr-FR\"},{\"@type\":\"WebPage\",\"@id\":\"https:\\\/\\\/www.bellunopress.it\\\/2026\\\/06\\\/28\\\/maltempo-e-caldo-intenso-allerta-gialla-in-veneto-anche-per-lunedi-29-giugno\\\/\",\"url\":\"https:\\\/\\\/www.bellunopress.it\\\/2026\\\/06\\\/28\\\/maltempo-e-caldo-intenso-allerta-gialla-in-veneto-anche-per-lunedi-29-giugno\\\/\",\"name\":\"Maltempo e caldo intenso: allerta gialla in Veneto anche per luned\u00ec 29 giugno - Bellunopress - Dolomiti\",\"isPartOf\":{\"@id\":\"https:\\\/\\\/www.bellunopress.it\\\/#website\"},\"primaryImageOfPage\":{\"@id\":\"https:\\\/\\\/www.bellunopress.it\\\/2026\\\/06\\\/28\\\/maltempo-e-caldo-intenso-allerta-gialla-in-veneto-anche-per-lunedi-29-giugno\\\/#primaryimage\"},\"image\":{\"@id\":\"https:\\\/\\\/www.bellunopress.it\\\/2026\\\/06\\\/28\\\/maltempo-e-caldo-intenso-allerta-gialla-in-veneto-anche-per-lunedi-29-giugno\\\/#primaryimage\"},\"thumbnailUrl\":\"https:\\\/\\\/www.bellunopress.it\\\/wp-content\\\/uploads\\\/2026\\\/06\\\/dolomiti-sentieri.jpg\",\"datePublished\":\"2026-06-28T11:31:02+00:00\",\"breadcrumb\":{\"@id\":\"https:\\\/\\\/www.bellunopress.it\\\/2026\\\/06\\\/28\\\/maltempo-e-caldo-intenso-allerta-gialla-in-veneto-anche-per-lunedi-29-giugno\\\/#breadcrumb\"},\"inLanguage\":\"fr-FR\",\"potentialAction\":[{\"@type\":\"ReadAction\",\"target\":[\"https:\\\/\\\/www.bellunopress.it\\\/2026\\\/06\\\/28\\\/maltempo-e-caldo-intenso-allerta-gialla-in-veneto-anche-per-lunedi-29-giugno\\\/\"]}]},{\"@type\":\"ImageObject\",\"inLanguage\":\"fr-FR\",\"@id\":\"https:\\\/\\\/www.bellunopress.it\\\/2026\\\/06\\\/28\\\/maltempo-e-caldo-intenso-allerta-gialla-in-veneto-anche-per-lunedi-29-giugno\\\/#primaryimage\",\"url\":\"https:\\\/\\\/www.bellunopress.it\\\/wp-content\\\/uploads\\\/2026\\\/06\\\/dolomiti-sentieri.jpg\",\"contentUrl\":\"https:\\\/\\\/www.bellunopress.it\\\/wp-content\\\/uploads\\\/2026\\\/06\\\/dolomiti-sentieri.jpg\",\"width\":442,\"height\":322},{\"@type\":\"BreadcrumbList\",\"@id\":\"https:\\\/\\\/www.bellunopress.it\\\/2026\\\/06\\\/28\\\/maltempo-e-caldo-intenso-allerta-gialla-in-veneto-anche-per-lunedi-29-giugno\\\/#breadcrumb\",\"itemListElement\":[{\"@type\":\"ListItem\",\"position\":1,\"name\":\"Home\",\"item\":\"https:\\\/\\\/www.bellunopress.it\\\/\"},{\"@type\":\"ListItem\",\"position\":2,\"name\":\"Maltempo e caldo intenso: allerta gialla in Veneto anche per luned\u00ec 29 giugno\"}]},{\"@type\":\"WebSite\",\"@id\":\"https:\\\/\\\/www.bellunopress.it\\\/#website\",\"url\":\"https:\\\/\\\/www.bellunopress.it\\\/\",\"name\":\"Bellunopress - Dolomiti\",\"description\":\"e-mail: redazione@bellunopress.it\",\"publisher\":{\"@id\":\"https:\\\/\\\/www.bellunopress.it\\\/#organization\"},\"potentialAction\":[{\"@type\":\"SearchAction\",\"target\":{\"@type\":\"EntryPoint\",\"urlTemplate\":\"https:\\\/\\\/www.bellunopress.it\\\/?s={search_term_string}\"},\"query-input\":{\"@type\":\"PropertyValueSpecification\",\"valueRequired\":true,\"valueName\":\"search_term_string\"}}],\"inLanguage\":\"fr-FR\"},{\"@type\":\"Organization\",\"@id\":\"https:\\\/\\\/www.bellunopress.it\\\/#organization\",\"name\":\"Bellunopress\",\"url\":\"https:\\\/\\\/www.bellunopress.it\\\/\",\"logo\":{\"@type\":\"ImageObject\",\"inLanguage\":\"fr-FR\",\"@id\":\"https:\\\/\\\/www.bellunopress.it\\\/#\\\/schema\\\/logo\\\/image\\\/\",\"url\":\"https:\\\/\\\/www.bellunopress.it\\\/wp-content\\\/uploads\\\/2011\\\/05\\\/cropped-logo-bellunopress-.jpg\",\"contentUrl\":\"https:\\\/\\\/www.bellunopress.it\\\/wp-content\\\/uploads\\\/2011\\\/05\\\/cropped-logo-bellunopress-.jpg\",\"width\":512,\"height\":512,\"caption\":\"Bellunopress\"},\"image\":{\"@id\":\"https:\\\/\\\/www.bellunopress.it\\\/#\\\/schema\\\/logo\\\/image\\\/\"},\"sameAs\":[\"https:\\\/\\\/www.facebook.com\\\/profile.php?id=100008943462799\",\"https:\\\/\\\/x.com\\\/bellunopress\",\"https:\\\/\\\/www.linkedin.com\\\/hp\\\/?dnr=JBzUWaJfMUw8vbXJJ2tVW5-I3jZKvC4wsoxE&amp;amp;amp;amp;amp;amp;trk=nav_responsive_tab_home\",\"https:\\\/\\\/www.youtube.com\\\/channel\\\/UCxL0wu1uN0_3_7hGG0306cw\"]},{\"@type\":\"Person\",\"@id\":\"https:\\\/\\\/www.bellunopress.it\\\/#\\\/schema\\\/person\\\/79bb06722b37ece1c03d3e94beb30d73\",\"name\":\"redazione\",\"image\":{\"@type\":\"ImageObject\",\"inLanguage\":\"fr-FR\",\"@id\":\"https:\\\/\\\/secure.gravatar.com\\\/avatar\\\/37d968a2e67a6fd04c169c4bdef102d0bc5d31b2546345219e348575eb80e9a0?s=96&d=mm&r=g\",\"url\":\"https:\\\/\\\/secure.gravatar.com\\\/avatar\\\/37d968a2e67a6fd04c169c4bdef102d0bc5d31b2546345219e348575eb80e9a0?s=96&d=mm&r=g\",\"contentUrl\":\"https:\\\/\\\/secure.gravatar.com\\\/avatar\\\/37d968a2e67a6fd04c169c4bdef102d0bc5d31b2546345219e348575eb80e9a0?s=96&d=mm&r=g\",\"caption\":\"redazione\"},\"sameAs\":[\"http:\\\/\\\/www.bellunopress.it\",\"https:\\\/\\\/x.com\\\/bellunopress\"],\"url\":\"https:\\\/\\\/www.bellunopress.it\\\/fr\\\/author\\\/redazione\\\/\"}]}<\/script>\n<!-- \/ Yoast SEO plugin. -->","yoast_head_json":{"title":"Maltempo e caldo intenso: allerta gialla in Veneto anche per luned\u00ec 29 giugno - Bellunopress - Dolomiti","robots":{"index":"index","follow":"follow","max-snippet":"max-snippet:-1","max-image-preview":"max-image-preview:large","max-video-preview":"max-video-preview:-1"},"canonical":"https:\/\/www.bellunopress.it\/fr\/2026\/06\/28\/maltempo-e-caldo-intenso-allerta-gialla-in-veneto-anche-per-lunedi-29-giugno\/","og_locale":"fr_FR","og_type":"article","og_title":"Maltempo e caldo intenso: allerta gialla in Veneto anche per luned\u00ec 29 giugno - Bellunopress - Dolomiti","og_description":"Venezia, 28 giugno 2026 \u2013 La Protezione Civile del Veneto, attraverso il Centro Funzionale Decentrato, ha emesso un nuovo bollettino di allerta gialla (fase di attenzione) per la giornata di luned\u00ec 29 giugno su tutto il territorio regionale. Ondata di calore e disagio fisico Nonostante l&#8217;allerta meteo, l&#8217;emergenza caldo non accenna a diminuire. Per l&#8217;intera [&hellip;]","og_url":"https:\/\/www.bellunopress.it\/fr\/2026\/06\/28\/maltempo-e-caldo-intenso-allerta-gialla-in-veneto-anche-per-lunedi-29-giugno\/","og_site_name":"Bellunopress - Dolomiti","article_publisher":"https:\/\/www.facebook.com\/profile.php?id=100008943462799","article_published_time":"2026-06-28T11:31:02+00:00","og_image":[{"width":442,"height":322,"url":"https:\/\/www.bellunopress.it\/wp-content\/uploads\/2026\/06\/dolomiti-sentieri.jpg","type":"image\/jpeg"}],"author":"redazione","twitter_card":"summary_large_image","twitter_creator":"@bellunopress","twitter_site":"@bellunopress","twitter_misc":{"Written by":"redazione","Est. reading time":"2 minutes"},"schema":{"@context":"https:\/\/schema.org","@graph":[{"@type":"Article","@id":"https:\/\/www.bellunopress.it\/2026\/06\/28\/maltempo-e-caldo-intenso-allerta-gialla-in-veneto-anche-per-lunedi-29-giugno\/#article","isPartOf":{"@id":"https:\/\/www.bellunopress.it\/2026\/06\/28\/maltempo-e-caldo-intenso-allerta-gialla-in-veneto-anche-per-lunedi-29-giugno\/"},"author":{"name":"redazione","@id":"https:\/\/www.bellunopress.it\/#\/schema\/person\/79bb06722b37ece1c03d3e94beb30d73"},"headline":"Maltempo e caldo intenso: allerta gialla in Veneto anche per luned\u00ec 29 giugno","datePublished":"2026-06-28T11:31:02+00:00","mainEntityOfPage":{"@id":"https:\/\/www.bellunopress.it\/2026\/06\/28\/maltempo-e-caldo-intenso-allerta-gialla-in-veneto-anche-per-lunedi-29-giugno\/"},"wordCount":201,"publisher":{"@id":"https:\/\/www.bellunopress.it\/#organization"},"image":{"@id":"https:\/\/www.bellunopress.it\/2026\/06\/28\/maltempo-e-caldo-intenso-allerta-gialla-in-veneto-anche-per-lunedi-29-giugno\/#primaryimage"},"thumbnailUrl":"https:\/\/www.bellunopress.it\/wp-content\/uploads\/2026\/06\/dolomiti-sentieri.jpg","articleSection":["Meteo, natura, ambiente, animali","Prima Pagina"],"inLanguage":"fr-FR"},{"@type":"WebPage","@id":"https:\/\/www.bellunopress.it\/2026\/06\/28\/maltempo-e-caldo-intenso-allerta-gialla-in-veneto-anche-per-lunedi-29-giugno\/","url":"https:\/\/www.bellunopress.it\/2026\/06\/28\/maltempo-e-caldo-intenso-allerta-gialla-in-veneto-anche-per-lunedi-29-giugno\/","name":"Maltempo e caldo intenso: allerta gialla in Veneto anche per luned\u00ec 29 giugno - Bellunopress - Dolomiti","isPartOf":{"@id":"https:\/\/www.bellunopress.it\/#website"},"primaryImageOfPage":{"@id":"https:\/\/www.bellunopress.it\/2026\/06\/28\/maltempo-e-caldo-intenso-allerta-gialla-in-veneto-anche-per-lunedi-29-giugno\/#primaryimage"},"image":{"@id":"https:\/\/www.bellunopress.it\/2026\/06\/28\/maltempo-e-caldo-intenso-allerta-gialla-in-veneto-anche-per-lunedi-29-giugno\/#primaryimage"},"thumbnailUrl":"https:\/\/www.bellunopress.it\/wp-content\/uploads\/2026\/06\/dolomiti-sentieri.jpg","datePublished":"2026-06-28T11:31:02+00:00","breadcrumb":{"@id":"https:\/\/www.bellunopress.it\/2026\/06\/28\/maltempo-e-caldo-intenso-allerta-gialla-in-veneto-anche-per-lunedi-29-giugno\/#breadcrumb"},"inLanguage":"fr-FR","potentialAction":[{"@type":"ReadAction","target":["https:\/\/www.bellunopress.it\/2026\/06\/28\/maltempo-e-caldo-intenso-allerta-gialla-in-veneto-anche-per-lunedi-29-giugno\/"]}]},{"@type":"ImageObject","inLanguage":"fr-FR","@id":"https:\/\/www.bellunopress.it\/2026\/06\/28\/maltempo-e-caldo-intenso-allerta-gialla-in-veneto-anche-per-lunedi-29-giugno\/#primaryimage","url":"https:\/\/www.bellunopress.it\/wp-content\/uploads\/2026\/06\/dolomiti-sentieri.jpg","contentUrl":"https:\/\/www.bellunopress.it\/wp-content\/uploads\/2026\/06\/dolomiti-sentieri.jpg","width":442,"height":322},{"@type":"BreadcrumbList","@id":"https:\/\/www.bellunopress.it\/2026\/06\/28\/maltempo-e-caldo-intenso-allerta-gialla-in-veneto-anche-per-lunedi-29-giugno\/#breadcrumb","itemListElement":[{"@type":"ListItem","position":1,"name":"Home","item":"https:\/\/www.bellunopress.it\/"},{"@type":"ListItem","position":2,"name":"Maltempo e caldo intenso: allerta gialla in Veneto anche per luned\u00ec 29 giugno"}]},{"@type":"WebSite","@id":"https:\/\/www.bellunopress.it\/#website","url":"https:\/\/www.bellunopress.it\/","name":"Bellunopress - Dolomiti","description":"e-mail: redazione@bellunopress.it","publisher":{"@id":"https:\/\/www.bellunopress.it\/#organization"},"potentialAction":[{"@type":"SearchAction","target":{"@type":"EntryPoint","urlTemplate":"https:\/\/www.bellunopress.it\/?s={search_term_string}"},"query-input":{"@type":"PropertyValueSpecification","valueRequired":true,"valueName":"search_term_string"}}],"inLanguage":"fr-FR"},{"@type":"Organization","@id":"https:\/\/www.bellunopress.it\/#organization","name":"Bellunopress","url":"https:\/\/www.bellunopress.it\/","logo":{"@type":"ImageObject","inLanguage":"fr-FR","@id":"https:\/\/www.bellunopress.it\/#\/schema\/logo\/image\/","url":"https:\/\/www.bellunopress.it\/wp-content\/uploads\/2011\/05\/cropped-logo-bellunopress-.jpg","contentUrl":"https:\/\/www.bellunopress.it\/wp-content\/uploads\/2011\/05\/cropped-logo-bellunopress-.jpg","width":512,"height":512,"caption":"Bellunopress"},"image":{"@id":"https:\/\/www.bellunopress.it\/#\/schema\/logo\/image\/"},"sameAs":["https:\/\/www.facebook.com\/profile.php?id=100008943462799","https:\/\/x.com\/bellunopress","https:\/\/www.linkedin.com\/hp\/?dnr=JBzUWaJfMUw8vbXJJ2tVW5-I3jZKvC4wsoxE&amp;amp;amp;amp;amp;amp;trk=nav_responsive_tab_home","https:\/\/www.youtube.com\/channel\/UCxL0wu1uN0_3_7hGG0306cw"]},{"@type":"Person","@id":"https:\/\/www.bellunopress.it\/#\/schema\/person\/79bb06722b37ece1c03d3e94beb30d73","name":"r\u00e9daction","image":{"@type":"ImageObject","inLanguage":"fr-FR","@id":"https:\/\/secure.gravatar.com\/avatar\/37d968a2e67a6fd04c169c4bdef102d0bc5d31b2546345219e348575eb80e9a0?s=96&d=mm&r=g","url":"https:\/\/secure.gravatar.com\/avatar\/37d968a2e67a6fd04c169c4bdef102d0bc5d31b2546345219e348575eb80e9a0?s=96&d=mm&r=g","contentUrl":"https:\/\/secure.gravatar.com\/avatar\/37d968a2e67a6fd04c169c4bdef102d0bc5d31b2546345219e348575eb80e9a0?s=96&d=mm&r=g","caption":"redazione"},"sameAs":["http:\/\/www.bellunopress.it","https:\/\/x.com\/bellunopress"],"url":"https:\/\/www.bellunopress.it\/fr\/author\/redazione\/"}]}},"_links":{"self":[{"href":"https:\/\/www.bellunopress.it\/fr\/wp-json\/wp\/v2\/posts\/171503","targetHints":{"allow":["GET"]}}],"collection":[{"href":"https:\/\/www.bellunopress.it\/fr\/wp-json\/wp\/v2\/posts"}],"about":[{"href":"https:\/\/www.bellunopress.it\/fr\/wp-json\/wp\/v2\/types\/post"}],"author":[{"embeddable":true,"href":"https:\/\/www.bellunopress.it\/fr\/wp-json\/wp\/v2\/users\/2"}],"replies":[{"embeddable":true,"href":"https:\/\/www.bellunopress.it\/fr\/wp-json\/wp\/v2\/comments?post=171503"}],"version-history":[{"count":1,"href":"https:\/\/www.bellunopress.it\/fr\/wp-json\/wp\/v2\/posts\/171503\/revisions"}],"predecessor-version":[{"id":171505,"href":"https:\/\/www.bellunopress.it\/fr\/wp-json\/wp\/v2\/posts\/171503\/revisions\/171505"}],"wp:featuredmedia":[{"embeddable":true,"href":"https:\/\/www.bellunopress.it\/fr\/wp-json\/wp\/v2\/media\/171504"}],"wp:attachment":[{"href":"https:\/\/www.bellunopress.it\/fr\/wp-json\/wp\/v2\/media?parent=171503"}],"wp:term":[{"taxonomy":"category","embeddable":true,"href":"https:\/\/www.bellunopress.it\/fr\/wp-json\/wp\/v2\/categories?post=171503"},{"taxonomy":"post_tag","embeddable":true,"href":"https:\/\/www.bellunopress.it\/fr\/wp-json\/wp\/v2\/tags?post=171503"}],"curies":[{"name":"wp","href":"https:\/\/api.w.org\/{rel}","templated":true}]}}