{"id":171496,"date":"2026-06-27T20:09:47","date_gmt":"2026-06-27T18:09:47","guid":{"rendered":"https:\/\/www.bellunopress.it\/?p=171496"},"modified":"2026-06-27T20:09:47","modified_gmt":"2026-06-27T18:09:47","slug":"meteo-ancora-ondate-di-calore-sul-veneto-allerta-gialla-per-disagio-fisico-anche-domani-28-giugno","status":"publish","type":"post","link":"https:\/\/www.bellunopress.it\/fr\/2026\/06\/27\/meteo-ancora-ondate-di-calore-sul-veneto-allerta-gialla-per-disagio-fisico-anche-domani-28-giugno\/","title":{"rendered":"Meteo, ancora ondate di calore sul Veneto. Allerta gialla per disagio fisico anche domani 28 giugno"},"content":{"rendered":"<p>Venezia, 27 giugno 2026\u00a0 \u00a0&#8211;\u00a0 \u00a0Permangono sul territorio veneto condizioni di disagio fisico stazionario ed intenso almeno fino a luned\u00ec. Potrebbero verificarsi rovesci o temporali prevalentemente sulle zone montane e pedemontane nelle ore pomeridiane o serali.<\/p>\n<p>Alla luce di queste valutazioni, anche per la giornata di domani domenica 28 giugno il Centro funzionale decentrato della Protezione civile del Veneto ha dichiarato l\u2019allerta gialla (fase di attenzione) per disagio fisico da calore in tutto il territorio regionale.<\/p>","protected":false},"excerpt":{"rendered":"<p>Venezia, 27 giugno 2026\u00a0 \u00a0&#8211;\u00a0 \u00a0Permangono sul territorio veneto condizioni di disagio fisico stazionario ed intenso almeno fino a luned\u00ec. Potrebbero verificarsi rovesci o temporali prevalentemente sulle zone montane e pedemontane nelle ore pomeridiane o serali. Alla luce di queste valutazioni, anche per la giornata di domani domenica 28 giugno il Centro funzionale decentrato della [&hellip;]<\/p>\n","protected":false},"author":2,"featured_media":171497,"comment_status":"closed","ping_status":"open","sticky":false,"template":"","format":"standard","meta":{"footnotes":""},"categories":[38],"tags":[],"class_list":["post-171496","post","type-post","status-publish","format-standard","has-post-thumbnail","category-natura-ambiente"],"yoast_head":"<!-- This site is optimized with the Yoast SEO plugin v28.4 - https:\/\/yoast.com\/product\/yoast-seo-wordpress\/ -->\n<title>Meteo, ancora ondate di calore sul Veneto. Allerta gialla per disagio fisico anche domani 28 giugno - Bellunopress - Dolomiti<\/title>\n<meta name=\"robots\" content=\"index, follow, max-snippet:-1, max-image-preview:large, max-video-preview:-1\" \/>\n<link rel=\"canonical\" href=\"https:\/\/www.bellunopress.it\/fr\/2026\/06\/27\/meteo-ancora-ondate-di-calore-sul-veneto-allerta-gialla-per-disagio-fisico-anche-domani-28-giugno\/\" \/>\n<meta property=\"og:locale\" content=\"fr_FR\" \/>\n<meta property=\"og:type\" content=\"article\" \/>\n<meta property=\"og:title\" content=\"Meteo, ancora ondate di calore sul Veneto. Allerta gialla per disagio fisico anche domani 28 giugno - Bellunopress - Dolomiti\" \/>\n<meta property=\"og:description\" content=\"Venezia, 27 giugno 2026\u00a0 \u00a0&#8211;\u00a0 \u00a0Permangono sul territorio veneto condizioni di disagio fisico stazionario ed intenso almeno fino a luned\u00ec. Potrebbero verificarsi rovesci o temporali prevalentemente sulle zone montane e pedemontane nelle ore pomeridiane o serali. Alla luce di queste valutazioni, anche per la giornata di domani domenica 28 giugno il Centro funzionale decentrato della [&hellip;]\" \/>\n<meta property=\"og:url\" content=\"https:\/\/www.bellunopress.it\/fr\/2026\/06\/27\/meteo-ancora-ondate-di-calore-sul-veneto-allerta-gialla-per-disagio-fisico-anche-domani-28-giugno\/\" \/>\n<meta property=\"og:site_name\" content=\"Bellunopress - Dolomiti\" \/>\n<meta property=\"article:publisher\" content=\"https:\/\/www.facebook.com\/profile.php?id=100008943462799\" \/>\n<meta property=\"article:published_time\" content=\"2026-06-27T18:09:47+00:00\" \/>\n<meta property=\"og:image\" content=\"https:\/\/www.bellunopress.it\/wp-content\/uploads\/2026\/06\/sole-sentiero-montagna.jpg\" \/>\n\t<meta property=\"og:image:width\" content=\"500\" \/>\n\t<meta property=\"og:image:height\" content=\"386\" \/>\n\t<meta property=\"og:image:type\" content=\"image\/jpeg\" \/>\n<meta name=\"author\" content=\"redazione\" \/>\n<meta name=\"twitter:card\" content=\"summary_large_image\" \/>\n<meta name=\"twitter:creator\" content=\"@bellunopress\" \/>\n<meta name=\"twitter:site\" content=\"@bellunopress\" \/>\n<meta name=\"twitter:label1\" content=\"\u00c9crit par\" \/>\n\t<meta name=\"twitter:data1\" content=\"redazione\" \/>\n\t<meta name=\"twitter:label2\" content=\"Dur\u00e9e de lecture estim\u00e9e\" \/>\n\t<meta name=\"twitter:data2\" content=\"1 minute\" \/>\n<script type=\"application\/ld+json\" class=\"yoast-schema-graph\">{\"@context\":\"https:\\\/\\\/schema.org\",\"@graph\":[{\"@type\":\"Article\",\"@id\":\"https:\\\/\\\/www.bellunopress.it\\\/2026\\\/06\\\/27\\\/meteo-ancora-ondate-di-calore-sul-veneto-allerta-gialla-per-disagio-fisico-anche-domani-28-giugno\\\/#article\",\"isPartOf\":{\"@id\":\"https:\\\/\\\/www.bellunopress.it\\\/2026\\\/06\\\/27\\\/meteo-ancora-ondate-di-calore-sul-veneto-allerta-gialla-per-disagio-fisico-anche-domani-28-giugno\\\/\"},\"author\":{\"name\":\"redazione\",\"@id\":\"https:\\\/\\\/www.bellunopress.it\\\/#\\\/schema\\\/person\\\/79bb06722b37ece1c03d3e94beb30d73\"},\"headline\":\"Meteo, ancora ondate di calore sul Veneto. Allerta gialla per disagio fisico anche domani 28 giugno\",\"datePublished\":\"2026-06-27T18:09:47+00:00\",\"mainEntityOfPage\":{\"@id\":\"https:\\\/\\\/www.bellunopress.it\\\/2026\\\/06\\\/27\\\/meteo-ancora-ondate-di-calore-sul-veneto-allerta-gialla-per-disagio-fisico-anche-domani-28-giugno\\\/\"},\"wordCount\":89,\"publisher\":{\"@id\":\"https:\\\/\\\/www.bellunopress.it\\\/#organization\"},\"image\":{\"@id\":\"https:\\\/\\\/www.bellunopress.it\\\/2026\\\/06\\\/27\\\/meteo-ancora-ondate-di-calore-sul-veneto-allerta-gialla-per-disagio-fisico-anche-domani-28-giugno\\\/#primaryimage\"},\"thumbnailUrl\":\"https:\\\/\\\/www.bellunopress.it\\\/wp-content\\\/uploads\\\/2026\\\/06\\\/sole-sentiero-montagna.jpg\",\"articleSection\":[\"Meteo, natura, ambiente, animali\"],\"inLanguage\":\"fr-FR\"},{\"@type\":\"WebPage\",\"@id\":\"https:\\\/\\\/www.bellunopress.it\\\/2026\\\/06\\\/27\\\/meteo-ancora-ondate-di-calore-sul-veneto-allerta-gialla-per-disagio-fisico-anche-domani-28-giugno\\\/\",\"url\":\"https:\\\/\\\/www.bellunopress.it\\\/2026\\\/06\\\/27\\\/meteo-ancora-ondate-di-calore-sul-veneto-allerta-gialla-per-disagio-fisico-anche-domani-28-giugno\\\/\",\"name\":\"Meteo, ancora ondate di calore sul Veneto. Allerta gialla per disagio fisico anche domani 28 giugno - Bellunopress - Dolomiti\",\"isPartOf\":{\"@id\":\"https:\\\/\\\/www.bellunopress.it\\\/#website\"},\"primaryImageOfPage\":{\"@id\":\"https:\\\/\\\/www.bellunopress.it\\\/2026\\\/06\\\/27\\\/meteo-ancora-ondate-di-calore-sul-veneto-allerta-gialla-per-disagio-fisico-anche-domani-28-giugno\\\/#primaryimage\"},\"image\":{\"@id\":\"https:\\\/\\\/www.bellunopress.it\\\/2026\\\/06\\\/27\\\/meteo-ancora-ondate-di-calore-sul-veneto-allerta-gialla-per-disagio-fisico-anche-domani-28-giugno\\\/#primaryimage\"},\"thumbnailUrl\":\"https:\\\/\\\/www.bellunopress.it\\\/wp-content\\\/uploads\\\/2026\\\/06\\\/sole-sentiero-montagna.jpg\",\"datePublished\":\"2026-06-27T18:09:47+00:00\",\"breadcrumb\":{\"@id\":\"https:\\\/\\\/www.bellunopress.it\\\/2026\\\/06\\\/27\\\/meteo-ancora-ondate-di-calore-sul-veneto-allerta-gialla-per-disagio-fisico-anche-domani-28-giugno\\\/#breadcrumb\"},\"inLanguage\":\"fr-FR\",\"potentialAction\":[{\"@type\":\"ReadAction\",\"target\":[\"https:\\\/\\\/www.bellunopress.it\\\/2026\\\/06\\\/27\\\/meteo-ancora-ondate-di-calore-sul-veneto-allerta-gialla-per-disagio-fisico-anche-domani-28-giugno\\\/\"]}]},{\"@type\":\"ImageObject\",\"inLanguage\":\"fr-FR\",\"@id\":\"https:\\\/\\\/www.bellunopress.it\\\/2026\\\/06\\\/27\\\/meteo-ancora-ondate-di-calore-sul-veneto-allerta-gialla-per-disagio-fisico-anche-domani-28-giugno\\\/#primaryimage\",\"url\":\"https:\\\/\\\/www.bellunopress.it\\\/wp-content\\\/uploads\\\/2026\\\/06\\\/sole-sentiero-montagna.jpg\",\"contentUrl\":\"https:\\\/\\\/www.bellunopress.it\\\/wp-content\\\/uploads\\\/2026\\\/06\\\/sole-sentiero-montagna.jpg\",\"width\":500,\"height\":386},{\"@type\":\"BreadcrumbList\",\"@id\":\"https:\\\/\\\/www.bellunopress.it\\\/2026\\\/06\\\/27\\\/meteo-ancora-ondate-di-calore-sul-veneto-allerta-gialla-per-disagio-fisico-anche-domani-28-giugno\\\/#breadcrumb\",\"itemListElement\":[{\"@type\":\"ListItem\",\"position\":1,\"name\":\"Home\",\"item\":\"https:\\\/\\\/www.bellunopress.it\\\/\"},{\"@type\":\"ListItem\",\"position\":2,\"name\":\"Meteo, ancora ondate di calore sul Veneto. Allerta gialla per disagio fisico anche domani 28 giugno\"}]},{\"@type\":\"WebSite\",\"@id\":\"https:\\\/\\\/www.bellunopress.it\\\/#website\",\"url\":\"https:\\\/\\\/www.bellunopress.it\\\/\",\"name\":\"Bellunopress - Dolomiti\",\"description\":\"e-mail: redazione@bellunopress.it\",\"publisher\":{\"@id\":\"https:\\\/\\\/www.bellunopress.it\\\/#organization\"},\"potentialAction\":[{\"@type\":\"SearchAction\",\"target\":{\"@type\":\"EntryPoint\",\"urlTemplate\":\"https:\\\/\\\/www.bellunopress.it\\\/?s={search_term_string}\"},\"query-input\":{\"@type\":\"PropertyValueSpecification\",\"valueRequired\":true,\"valueName\":\"search_term_string\"}}],\"inLanguage\":\"fr-FR\"},{\"@type\":\"Organization\",\"@id\":\"https:\\\/\\\/www.bellunopress.it\\\/#organization\",\"name\":\"Bellunopress\",\"url\":\"https:\\\/\\\/www.bellunopress.it\\\/\",\"logo\":{\"@type\":\"ImageObject\",\"inLanguage\":\"fr-FR\",\"@id\":\"https:\\\/\\\/www.bellunopress.it\\\/#\\\/schema\\\/logo\\\/image\\\/\",\"url\":\"https:\\\/\\\/www.bellunopress.it\\\/wp-content\\\/uploads\\\/2011\\\/05\\\/cropped-logo-bellunopress-.jpg\",\"contentUrl\":\"https:\\\/\\\/www.bellunopress.it\\\/wp-content\\\/uploads\\\/2011\\\/05\\\/cropped-logo-bellunopress-.jpg\",\"width\":512,\"height\":512,\"caption\":\"Bellunopress\"},\"image\":{\"@id\":\"https:\\\/\\\/www.bellunopress.it\\\/#\\\/schema\\\/logo\\\/image\\\/\"},\"sameAs\":[\"https:\\\/\\\/www.facebook.com\\\/profile.php?id=100008943462799\",\"https:\\\/\\\/x.com\\\/bellunopress\",\"https:\\\/\\\/www.linkedin.com\\\/hp\\\/?dnr=JBzUWaJfMUw8vbXJJ2tVW5-I3jZKvC4wsoxE&amp;amp;amp;amp;amp;amp;trk=nav_responsive_tab_home\",\"https:\\\/\\\/www.youtube.com\\\/channel\\\/UCxL0wu1uN0_3_7hGG0306cw\"]},{\"@type\":\"Person\",\"@id\":\"https:\\\/\\\/www.bellunopress.it\\\/#\\\/schema\\\/person\\\/79bb06722b37ece1c03d3e94beb30d73\",\"name\":\"redazione\",\"image\":{\"@type\":\"ImageObject\",\"inLanguage\":\"fr-FR\",\"@id\":\"https:\\\/\\\/secure.gravatar.com\\\/avatar\\\/37d968a2e67a6fd04c169c4bdef102d0bc5d31b2546345219e348575eb80e9a0?s=96&d=mm&r=g\",\"url\":\"https:\\\/\\\/secure.gravatar.com\\\/avatar\\\/37d968a2e67a6fd04c169c4bdef102d0bc5d31b2546345219e348575eb80e9a0?s=96&d=mm&r=g\",\"contentUrl\":\"https:\\\/\\\/secure.gravatar.com\\\/avatar\\\/37d968a2e67a6fd04c169c4bdef102d0bc5d31b2546345219e348575eb80e9a0?s=96&d=mm&r=g\",\"caption\":\"redazione\"},\"sameAs\":[\"http:\\\/\\\/www.bellunopress.it\",\"https:\\\/\\\/x.com\\\/bellunopress\"],\"url\":\"https:\\\/\\\/www.bellunopress.it\\\/fr\\\/author\\\/redazione\\\/\"}]}<\/script>\n<!-- \/ Yoast SEO plugin. -->","yoast_head_json":{"title":"Meteo, ancora ondate di calore sul Veneto. Allerta gialla per disagio fisico anche domani 28 giugno - Bellunopress - Dolomiti","robots":{"index":"index","follow":"follow","max-snippet":"max-snippet:-1","max-image-preview":"max-image-preview:large","max-video-preview":"max-video-preview:-1"},"canonical":"https:\/\/www.bellunopress.it\/fr\/2026\/06\/27\/meteo-ancora-ondate-di-calore-sul-veneto-allerta-gialla-per-disagio-fisico-anche-domani-28-giugno\/","og_locale":"fr_FR","og_type":"article","og_title":"Meteo, ancora ondate di calore sul Veneto. Allerta gialla per disagio fisico anche domani 28 giugno - Bellunopress - Dolomiti","og_description":"Venezia, 27 giugno 2026\u00a0 \u00a0&#8211;\u00a0 \u00a0Permangono sul territorio veneto condizioni di disagio fisico stazionario ed intenso almeno fino a luned\u00ec. Potrebbero verificarsi rovesci o temporali prevalentemente sulle zone montane e pedemontane nelle ore pomeridiane o serali. Alla luce di queste valutazioni, anche per la giornata di domani domenica 28 giugno il Centro funzionale decentrato della [&hellip;]","og_url":"https:\/\/www.bellunopress.it\/fr\/2026\/06\/27\/meteo-ancora-ondate-di-calore-sul-veneto-allerta-gialla-per-disagio-fisico-anche-domani-28-giugno\/","og_site_name":"Bellunopress - Dolomiti","article_publisher":"https:\/\/www.facebook.com\/profile.php?id=100008943462799","article_published_time":"2026-06-27T18:09:47+00:00","og_image":[{"width":500,"height":386,"url":"https:\/\/www.bellunopress.it\/wp-content\/uploads\/2026\/06\/sole-sentiero-montagna.jpg","type":"image\/jpeg"}],"author":"redazione","twitter_card":"summary_large_image","twitter_creator":"@bellunopress","twitter_site":"@bellunopress","twitter_misc":{"\u00c9crit par":"redazione","Dur\u00e9e de lecture estim\u00e9e":"1 minute"},"schema":{"@context":"https:\/\/schema.org","@graph":[{"@type":"Article","@id":"https:\/\/www.bellunopress.it\/2026\/06\/27\/meteo-ancora-ondate-di-calore-sul-veneto-allerta-gialla-per-disagio-fisico-anche-domani-28-giugno\/#article","isPartOf":{"@id":"https:\/\/www.bellunopress.it\/2026\/06\/27\/meteo-ancora-ondate-di-calore-sul-veneto-allerta-gialla-per-disagio-fisico-anche-domani-28-giugno\/"},"author":{"name":"redazione","@id":"https:\/\/www.bellunopress.it\/#\/schema\/person\/79bb06722b37ece1c03d3e94beb30d73"},"headline":"Meteo, ancora ondate di calore sul Veneto. Allerta gialla per disagio fisico anche domani 28 giugno","datePublished":"2026-06-27T18:09:47+00:00","mainEntityOfPage":{"@id":"https:\/\/www.bellunopress.it\/2026\/06\/27\/meteo-ancora-ondate-di-calore-sul-veneto-allerta-gialla-per-disagio-fisico-anche-domani-28-giugno\/"},"wordCount":89,"publisher":{"@id":"https:\/\/www.bellunopress.it\/#organization"},"image":{"@id":"https:\/\/www.bellunopress.it\/2026\/06\/27\/meteo-ancora-ondate-di-calore-sul-veneto-allerta-gialla-per-disagio-fisico-anche-domani-28-giugno\/#primaryimage"},"thumbnailUrl":"https:\/\/www.bellunopress.it\/wp-content\/uploads\/2026\/06\/sole-sentiero-montagna.jpg","articleSection":["Meteo, natura, ambiente, animali"],"inLanguage":"fr-FR"},{"@type":"WebPage","@id":"https:\/\/www.bellunopress.it\/2026\/06\/27\/meteo-ancora-ondate-di-calore-sul-veneto-allerta-gialla-per-disagio-fisico-anche-domani-28-giugno\/","url":"https:\/\/www.bellunopress.it\/2026\/06\/27\/meteo-ancora-ondate-di-calore-sul-veneto-allerta-gialla-per-disagio-fisico-anche-domani-28-giugno\/","name":"Meteo, ancora ondate di calore sul Veneto. Allerta gialla per disagio fisico anche domani 28 giugno - Bellunopress - Dolomiti","isPartOf":{"@id":"https:\/\/www.bellunopress.it\/#website"},"primaryImageOfPage":{"@id":"https:\/\/www.bellunopress.it\/2026\/06\/27\/meteo-ancora-ondate-di-calore-sul-veneto-allerta-gialla-per-disagio-fisico-anche-domani-28-giugno\/#primaryimage"},"image":{"@id":"https:\/\/www.bellunopress.it\/2026\/06\/27\/meteo-ancora-ondate-di-calore-sul-veneto-allerta-gialla-per-disagio-fisico-anche-domani-28-giugno\/#primaryimage"},"thumbnailUrl":"https:\/\/www.bellunopress.it\/wp-content\/uploads\/2026\/06\/sole-sentiero-montagna.jpg","datePublished":"2026-06-27T18:09:47+00:00","breadcrumb":{"@id":"https:\/\/www.bellunopress.it\/2026\/06\/27\/meteo-ancora-ondate-di-calore-sul-veneto-allerta-gialla-per-disagio-fisico-anche-domani-28-giugno\/#breadcrumb"},"inLanguage":"fr-FR","potentialAction":[{"@type":"ReadAction","target":["https:\/\/www.bellunopress.it\/2026\/06\/27\/meteo-ancora-ondate-di-calore-sul-veneto-allerta-gialla-per-disagio-fisico-anche-domani-28-giugno\/"]}]},{"@type":"ImageObject","inLanguage":"fr-FR","@id":"https:\/\/www.bellunopress.it\/2026\/06\/27\/meteo-ancora-ondate-di-calore-sul-veneto-allerta-gialla-per-disagio-fisico-anche-domani-28-giugno\/#primaryimage","url":"https:\/\/www.bellunopress.it\/wp-content\/uploads\/2026\/06\/sole-sentiero-montagna.jpg","contentUrl":"https:\/\/www.bellunopress.it\/wp-content\/uploads\/2026\/06\/sole-sentiero-montagna.jpg","width":500,"height":386},{"@type":"BreadcrumbList","@id":"https:\/\/www.bellunopress.it\/2026\/06\/27\/meteo-ancora-ondate-di-calore-sul-veneto-allerta-gialla-per-disagio-fisico-anche-domani-28-giugno\/#breadcrumb","itemListElement":[{"@type":"ListItem","position":1,"name":"Home","item":"https:\/\/www.bellunopress.it\/"},{"@type":"ListItem","position":2,"name":"Meteo, ancora ondate di calore sul Veneto. Allerta gialla per disagio fisico anche domani 28 giugno"}]},{"@type":"WebSite","@id":"https:\/\/www.bellunopress.it\/#website","url":"https:\/\/www.bellunopress.it\/","name":"Bellunopress - Dolomiti","description":"e-mail: redazione@bellunopress.it","publisher":{"@id":"https:\/\/www.bellunopress.it\/#organization"},"potentialAction":[{"@type":"SearchAction","target":{"@type":"EntryPoint","urlTemplate":"https:\/\/www.bellunopress.it\/?s={search_term_string}"},"query-input":{"@type":"PropertyValueSpecification","valueRequired":true,"valueName":"search_term_string"}}],"inLanguage":"fr-FR"},{"@type":"Organization","@id":"https:\/\/www.bellunopress.it\/#organization","name":"Bellunopress","url":"https:\/\/www.bellunopress.it\/","logo":{"@type":"ImageObject","inLanguage":"fr-FR","@id":"https:\/\/www.bellunopress.it\/#\/schema\/logo\/image\/","url":"https:\/\/www.bellunopress.it\/wp-content\/uploads\/2011\/05\/cropped-logo-bellunopress-.jpg","contentUrl":"https:\/\/www.bellunopress.it\/wp-content\/uploads\/2011\/05\/cropped-logo-bellunopress-.jpg","width":512,"height":512,"caption":"Bellunopress"},"image":{"@id":"https:\/\/www.bellunopress.it\/#\/schema\/logo\/image\/"},"sameAs":["https:\/\/www.facebook.com\/profile.php?id=100008943462799","https:\/\/x.com\/bellunopress","https:\/\/www.linkedin.com\/hp\/?dnr=JBzUWaJfMUw8vbXJJ2tVW5-I3jZKvC4wsoxE&amp;amp;amp;amp;amp;amp;trk=nav_responsive_tab_home","https:\/\/www.youtube.com\/channel\/UCxL0wu1uN0_3_7hGG0306cw"]},{"@type":"Person","@id":"https:\/\/www.bellunopress.it\/#\/schema\/person\/79bb06722b37ece1c03d3e94beb30d73","name":"r\u00e9daction","image":{"@type":"ImageObject","inLanguage":"fr-FR","@id":"https:\/\/secure.gravatar.com\/avatar\/37d968a2e67a6fd04c169c4bdef102d0bc5d31b2546345219e348575eb80e9a0?s=96&d=mm&r=g","url":"https:\/\/secure.gravatar.com\/avatar\/37d968a2e67a6fd04c169c4bdef102d0bc5d31b2546345219e348575eb80e9a0?s=96&d=mm&r=g","contentUrl":"https:\/\/secure.gravatar.com\/avatar\/37d968a2e67a6fd04c169c4bdef102d0bc5d31b2546345219e348575eb80e9a0?s=96&d=mm&r=g","caption":"redazione"},"sameAs":["http:\/\/www.bellunopress.it","https:\/\/x.com\/bellunopress"],"url":"https:\/\/www.bellunopress.it\/fr\/author\/redazione\/"}]}},"_links":{"self":[{"href":"https:\/\/www.bellunopress.it\/fr\/wp-json\/wp\/v2\/posts\/171496","targetHints":{"allow":["GET"]}}],"collection":[{"href":"https:\/\/www.bellunopress.it\/fr\/wp-json\/wp\/v2\/posts"}],"about":[{"href":"https:\/\/www.bellunopress.it\/fr\/wp-json\/wp\/v2\/types\/post"}],"author":[{"embeddable":true,"href":"https:\/\/www.bellunopress.it\/fr\/wp-json\/wp\/v2\/users\/2"}],"replies":[{"embeddable":true,"href":"https:\/\/www.bellunopress.it\/fr\/wp-json\/wp\/v2\/comments?post=171496"}],"version-history":[{"count":1,"href":"https:\/\/www.bellunopress.it\/fr\/wp-json\/wp\/v2\/posts\/171496\/revisions"}],"predecessor-version":[{"id":171498,"href":"https:\/\/www.bellunopress.it\/fr\/wp-json\/wp\/v2\/posts\/171496\/revisions\/171498"}],"wp:featuredmedia":[{"embeddable":true,"href":"https:\/\/www.bellunopress.it\/fr\/wp-json\/wp\/v2\/media\/171497"}],"wp:attachment":[{"href":"https:\/\/www.bellunopress.it\/fr\/wp-json\/wp\/v2\/media?parent=171496"}],"wp:term":[{"taxonomy":"category","embeddable":true,"href":"https:\/\/www.bellunopress.it\/fr\/wp-json\/wp\/v2\/categories?post=171496"},{"taxonomy":"post_tag","embeddable":true,"href":"https:\/\/www.bellunopress.it\/fr\/wp-json\/wp\/v2\/tags?post=171496"}],"curies":[{"name":"wp","href":"https:\/\/api.w.org\/{rel}","templated":true}]}}