{"id":171490,"date":"2026-06-27T17:52:04","date_gmt":"2026-06-27T15:52:04","guid":{"rendered":"https:\/\/www.bellunopress.it\/?p=171490"},"modified":"2026-06-27T17:52:04","modified_gmt":"2026-06-27T15:52:04","slug":"via-del-mare-bis-della-pedemontana-i-consiglieri-szumski-e-lovat-allattacco-rischiamo-il-disastro-economico","status":"publish","type":"post","link":"https:\/\/www.bellunopress.it\/fr\/2026\/06\/27\/via-del-mare-bis-della-pedemontana-i-consiglieri-szumski-e-lovat-allattacco-rischiamo-il-disastro-economico\/","title":{"rendered":"\u201cVia del Mare\u201d bis della Pedemontana? I consiglieri Szumski e Lovat all\u2019attacco: &#8220;Rischiamo il disastro economico&#8221;"},"content":{"rendered":"<p data-path-to-node=\"3\"><b data-path-to-node=\"3\" data-index-in-node=\"0\">Il progetto che collegher\u00e0 l\u2019A4 al litorale di Jesolo finisce sotto la lente d\u2019ingrandimento. Gli esponenti di \u201cResistere Veneto\u201d mettono in guardia la Regione: costi raddoppiati, dubbi sui flussi di traffico e il timore che il conto finale ricada, ancora una volta, sui contribuenti.<\/b><\/p>\n<p data-path-to-node=\"4\">Il fantasma della Superstrada Pedemontana Veneta (SPV) aleggia sul nuovo progetto della \u201cVia del Mare\u201d. A sollevare il caso, con toni duri e perentori, sono i consiglieri regionali Riccardo Szumski e Davide Lovat (Resistere Veneto), che criticano aspramente il metodo utilizzato dalla Giunta regionale per approvare l\u2019infrastruttura destinata a collegare l\u2019autostrada A4 con il litorale di Jesolo, attraversando i comuni di Roncade, Meolo e San Don\u00e0.<\/p>\n<p data-path-to-node=\"6\">Per i due consiglieri, il recente via libera ministeriale non \u00e8 motivo di trionfalismo, ma di seria preoccupazione. \u00abL&#8217;esperienza drammatica della SPV dovrebbe aver insegnato qualcosa\u00bb, esordiscono Szumski e Lovat, sottolineando come la nuova superstrada sembri seguire lo stesso, pericoloso copione.<\/p>\n<p data-path-to-node=\"7\">Il nodo centrale \u00e8 quello dei costi: il preventivo iniziale, fissato a 188 milioni di euro, \u00e8 gi\u00e0 lievitato a 400 milioni. A questo si aggiunge una concessione trentennale che solleva dubbi sulla sostenibilit\u00e0 dell&#8217;intera operazione. \u00abNon ci si pu\u00f2 pi\u00f9 basare ciecamente su studi di flusso fumosi o simulazioni matematiche da tavolino che, alla prova dei fatti, si rivelano clamorosamente sovrastimate\u00bb, continuano i consiglieri, avvertendo che il rischio reale \u00e8 che i costi di gestione finiscano, come accaduto per la Pedemontana, sulle spalle dei cittadini veneti.<\/p>\n<p data-path-to-node=\"9\">Oltre all\u2019aspetto finanziario, c\u2019\u00e8 quello territoriale. I sindaci dei comuni coinvolti, a partire da Silea e dall&#8217;area dell&#8217;innesto con la Treviso-Mare, sono gi\u00e0 in allarme per il rischio di un &#8220;congestionamento totale&#8221; della viabilit\u00e0 locale.<\/p>\n<p data-path-to-node=\"10\">\u00abLa politica regionale non pu\u00f2 piegarsi esclusivamente agli interessi di lobby o di categorie economiche, ignorando le comunit\u00e0 attraversate\u00bb, denunciano Szumski e Lovat. I due esponenti di Resistere Veneto contestano la mancanza di trasparenza e di dialogo: mancano ancora certezze sul progetto esecutivo, sulla reale validazione dei flussi di traffico alla luce dei nuovi raccordi previsti verso il litorale e, soprattutto, sulla tenuta finanziaria dell&#8217;opera.<\/p>\n<p data-path-to-node=\"12\">La posizione di Szumski e Lovat \u00e8 chiara: la Regione deve fermarsi e aprire un tavolo di confronto reale. Le richieste per evitare che la Via del Mare diventi un nuovo onere insostenibile per la collettivit\u00e0 sono precise:<\/p>\n<ol start=\"1\" data-path-to-node=\"13\">\n<li>\n<p data-path-to-node=\"13,0,0\">Garanzie assolute sulla sostenibilit\u00e0 economico-finanziaria e sulla reale bancabilit\u00e0 dell&#8217;opera.<\/p>\n<\/li>\n<li>\n<p data-path-to-node=\"13,1,0\">Opere complementari adeguate per tutelare i comuni attraversati.<\/p>\n<\/li>\n<li>\n<p data-path-to-node=\"13,2,0\">Esenzioni reali dal pedaggio per i cittadini residenti, che verrebbero altrimenti penalizzati da un&#8217;infrastruttura pensata esclusivamente per i flussi turistici stagionali.<\/p>\n<\/li>\n<\/ol>\n<p data-path-to-node=\"14\">\u00abL&#8217;efficienza infrastrutturale \u2013 concludono i consiglieri \u2013 non pu\u00f2 viaggiare separata dal rispetto democratico delle nostre comunit\u00e0. Il consenso non si costruisce ignorando i territori di transito a favore dei soli territori di arrivo\u00bb. La sfida \u00e8 lanciata: ora tocca alla Regione decidere se procedere per la propria strada o accogliere le istanze di chi teme un nuovo, oneroso capitolo nella gestione delle grandi opere in Veneto.<\/p>","protected":false},"excerpt":{"rendered":"<p>Il progetto che collegher\u00e0 l\u2019A4 al litorale di Jesolo finisce sotto la lente d\u2019ingrandimento. Gli esponenti di \u201cResistere Veneto\u201d mettono in guardia la Regione: costi raddoppiati, dubbi sui flussi di traffico e il timore che il conto finale ricada, ancora una volta, sui contribuenti. Il fantasma della Superstrada Pedemontana Veneta (SPV) aleggia sul nuovo progetto [&hellip;]<\/p>\n","protected":false},"author":2,"featured_media":166973,"comment_status":"closed","ping_status":"open","sticky":false,"template":"","format":"standard","meta":{"footnotes":""},"categories":[5,26],"tags":[],"class_list":["post-171490","post","type-post","status-publish","format-standard","has-post-thumbnail","category-cronaca","category-prima-pagina"],"yoast_head":"<!-- This site is optimized with the Yoast SEO plugin v28.4 - https:\/\/yoast.com\/product\/yoast-seo-wordpress\/ -->\n<title>\u201cVia del Mare\u201d bis della Pedemontana? I consiglieri Szumski e Lovat all\u2019attacco: &quot;Rischiamo il disastro economico&quot; - Bellunopress - Dolomiti<\/title>\n<meta name=\"robots\" content=\"index, follow, max-snippet:-1, max-image-preview:large, max-video-preview:-1\" \/>\n<link rel=\"canonical\" href=\"https:\/\/www.bellunopress.it\/fr\/2026\/06\/27\/via-del-mare-bis-della-pedemontana-i-consiglieri-szumski-e-lovat-allattacco-rischiamo-il-disastro-economico\/\" \/>\n<meta property=\"og:locale\" content=\"fr_FR\" \/>\n<meta property=\"og:type\" content=\"article\" \/>\n<meta property=\"og:title\" content=\"\u201cVia del Mare\u201d bis della Pedemontana? I consiglieri Szumski e Lovat all\u2019attacco: &quot;Rischiamo il disastro economico&quot; - Bellunopress - Dolomiti\" \/>\n<meta property=\"og:description\" content=\"Il progetto che collegher\u00e0 l\u2019A4 al litorale di Jesolo finisce sotto la lente d\u2019ingrandimento. Gli esponenti di \u201cResistere Veneto\u201d mettono in guardia la Regione: costi raddoppiati, dubbi sui flussi di traffico e il timore che il conto finale ricada, ancora una volta, sui contribuenti. Il fantasma della Superstrada Pedemontana Veneta (SPV) aleggia sul nuovo progetto [&hellip;]\" \/>\n<meta property=\"og:url\" content=\"https:\/\/www.bellunopress.it\/fr\/2026\/06\/27\/via-del-mare-bis-della-pedemontana-i-consiglieri-szumski-e-lovat-allattacco-rischiamo-il-disastro-economico\/\" \/>\n<meta property=\"og:site_name\" content=\"Bellunopress - Dolomiti\" \/>\n<meta property=\"article:publisher\" content=\"https:\/\/www.facebook.com\/profile.php?id=100008943462799\" \/>\n<meta property=\"article:published_time\" content=\"2026-06-27T15:52:04+00:00\" \/>\n<meta property=\"og:image\" content=\"https:\/\/www.bellunopress.it\/wp-content\/uploads\/2026\/01\/Szumski-Resistere-Veneto.png\" \/>\n\t<meta property=\"og:image:width\" content=\"600\" \/>\n\t<meta property=\"og:image:height\" content=\"337\" \/>\n\t<meta property=\"og:image:type\" content=\"image\/png\" \/>\n<meta name=\"author\" content=\"redazione\" \/>\n<meta name=\"twitter:card\" content=\"summary_large_image\" \/>\n<meta name=\"twitter:creator\" content=\"@bellunopress\" \/>\n<meta name=\"twitter:site\" content=\"@bellunopress\" \/>\n<meta name=\"twitter:label1\" content=\"Written by\" \/>\n\t<meta name=\"twitter:data1\" content=\"redazione\" \/>\n\t<meta name=\"twitter:label2\" content=\"Est. reading time\" \/>\n\t<meta name=\"twitter:data2\" content=\"3 minutes\" \/>\n<script type=\"application\/ld+json\" class=\"yoast-schema-graph\">{\"@context\":\"https:\\\/\\\/schema.org\",\"@graph\":[{\"@type\":\"Article\",\"@id\":\"https:\\\/\\\/www.bellunopress.it\\\/2026\\\/06\\\/27\\\/via-del-mare-bis-della-pedemontana-i-consiglieri-szumski-e-lovat-allattacco-rischiamo-il-disastro-economico\\\/#article\",\"isPartOf\":{\"@id\":\"https:\\\/\\\/www.bellunopress.it\\\/2026\\\/06\\\/27\\\/via-del-mare-bis-della-pedemontana-i-consiglieri-szumski-e-lovat-allattacco-rischiamo-il-disastro-economico\\\/\"},\"author\":{\"name\":\"redazione\",\"@id\":\"https:\\\/\\\/www.bellunopress.it\\\/#\\\/schema\\\/person\\\/79bb06722b37ece1c03d3e94beb30d73\"},\"headline\":\"\u201cVia del Mare\u201d bis della Pedemontana? I consiglieri Szumski e Lovat all\u2019attacco: &#8220;Rischiamo il disastro economico&#8221;\",\"datePublished\":\"2026-06-27T15:52:04+00:00\",\"mainEntityOfPage\":{\"@id\":\"https:\\\/\\\/www.bellunopress.it\\\/2026\\\/06\\\/27\\\/via-del-mare-bis-della-pedemontana-i-consiglieri-szumski-e-lovat-allattacco-rischiamo-il-disastro-economico\\\/\"},\"wordCount\":502,\"publisher\":{\"@id\":\"https:\\\/\\\/www.bellunopress.it\\\/#organization\"},\"image\":{\"@id\":\"https:\\\/\\\/www.bellunopress.it\\\/2026\\\/06\\\/27\\\/via-del-mare-bis-della-pedemontana-i-consiglieri-szumski-e-lovat-allattacco-rischiamo-il-disastro-economico\\\/#primaryimage\"},\"thumbnailUrl\":\"https:\\\/\\\/www.bellunopress.it\\\/wp-content\\\/uploads\\\/2026\\\/01\\\/Szumski-Resistere-Veneto.png\",\"articleSection\":[\"Cronaca\\\/Politica\",\"Prima Pagina\"],\"inLanguage\":\"fr-FR\"},{\"@type\":\"WebPage\",\"@id\":\"https:\\\/\\\/www.bellunopress.it\\\/2026\\\/06\\\/27\\\/via-del-mare-bis-della-pedemontana-i-consiglieri-szumski-e-lovat-allattacco-rischiamo-il-disastro-economico\\\/\",\"url\":\"https:\\\/\\\/www.bellunopress.it\\\/2026\\\/06\\\/27\\\/via-del-mare-bis-della-pedemontana-i-consiglieri-szumski-e-lovat-allattacco-rischiamo-il-disastro-economico\\\/\",\"name\":\"\u201cVia del Mare\u201d bis della Pedemontana? I consiglieri Szumski e Lovat all\u2019attacco: \\\"Rischiamo il disastro economico\\\" - Bellunopress - Dolomiti\",\"isPartOf\":{\"@id\":\"https:\\\/\\\/www.bellunopress.it\\\/#website\"},\"primaryImageOfPage\":{\"@id\":\"https:\\\/\\\/www.bellunopress.it\\\/2026\\\/06\\\/27\\\/via-del-mare-bis-della-pedemontana-i-consiglieri-szumski-e-lovat-allattacco-rischiamo-il-disastro-economico\\\/#primaryimage\"},\"image\":{\"@id\":\"https:\\\/\\\/www.bellunopress.it\\\/2026\\\/06\\\/27\\\/via-del-mare-bis-della-pedemontana-i-consiglieri-szumski-e-lovat-allattacco-rischiamo-il-disastro-economico\\\/#primaryimage\"},\"thumbnailUrl\":\"https:\\\/\\\/www.bellunopress.it\\\/wp-content\\\/uploads\\\/2026\\\/01\\\/Szumski-Resistere-Veneto.png\",\"datePublished\":\"2026-06-27T15:52:04+00:00\",\"breadcrumb\":{\"@id\":\"https:\\\/\\\/www.bellunopress.it\\\/2026\\\/06\\\/27\\\/via-del-mare-bis-della-pedemontana-i-consiglieri-szumski-e-lovat-allattacco-rischiamo-il-disastro-economico\\\/#breadcrumb\"},\"inLanguage\":\"fr-FR\",\"potentialAction\":[{\"@type\":\"ReadAction\",\"target\":[\"https:\\\/\\\/www.bellunopress.it\\\/2026\\\/06\\\/27\\\/via-del-mare-bis-della-pedemontana-i-consiglieri-szumski-e-lovat-allattacco-rischiamo-il-disastro-economico\\\/\"]}]},{\"@type\":\"ImageObject\",\"inLanguage\":\"fr-FR\",\"@id\":\"https:\\\/\\\/www.bellunopress.it\\\/2026\\\/06\\\/27\\\/via-del-mare-bis-della-pedemontana-i-consiglieri-szumski-e-lovat-allattacco-rischiamo-il-disastro-economico\\\/#primaryimage\",\"url\":\"https:\\\/\\\/www.bellunopress.it\\\/wp-content\\\/uploads\\\/2026\\\/01\\\/Szumski-Resistere-Veneto.png\",\"contentUrl\":\"https:\\\/\\\/www.bellunopress.it\\\/wp-content\\\/uploads\\\/2026\\\/01\\\/Szumski-Resistere-Veneto.png\",\"width\":600,\"height\":337},{\"@type\":\"BreadcrumbList\",\"@id\":\"https:\\\/\\\/www.bellunopress.it\\\/2026\\\/06\\\/27\\\/via-del-mare-bis-della-pedemontana-i-consiglieri-szumski-e-lovat-allattacco-rischiamo-il-disastro-economico\\\/#breadcrumb\",\"itemListElement\":[{\"@type\":\"ListItem\",\"position\":1,\"name\":\"Home\",\"item\":\"https:\\\/\\\/www.bellunopress.it\\\/\"},{\"@type\":\"ListItem\",\"position\":2,\"name\":\"\u201cVia del Mare\u201d bis della Pedemontana? I consiglieri Szumski e Lovat all\u2019attacco: &#8220;Rischiamo il disastro economico&#8221;\"}]},{\"@type\":\"WebSite\",\"@id\":\"https:\\\/\\\/www.bellunopress.it\\\/#website\",\"url\":\"https:\\\/\\\/www.bellunopress.it\\\/\",\"name\":\"Bellunopress - Dolomiti\",\"description\":\"e-mail: redazione@bellunopress.it\",\"publisher\":{\"@id\":\"https:\\\/\\\/www.bellunopress.it\\\/#organization\"},\"potentialAction\":[{\"@type\":\"SearchAction\",\"target\":{\"@type\":\"EntryPoint\",\"urlTemplate\":\"https:\\\/\\\/www.bellunopress.it\\\/?s={search_term_string}\"},\"query-input\":{\"@type\":\"PropertyValueSpecification\",\"valueRequired\":true,\"valueName\":\"search_term_string\"}}],\"inLanguage\":\"fr-FR\"},{\"@type\":\"Organization\",\"@id\":\"https:\\\/\\\/www.bellunopress.it\\\/#organization\",\"name\":\"Bellunopress\",\"url\":\"https:\\\/\\\/www.bellunopress.it\\\/\",\"logo\":{\"@type\":\"ImageObject\",\"inLanguage\":\"fr-FR\",\"@id\":\"https:\\\/\\\/www.bellunopress.it\\\/#\\\/schema\\\/logo\\\/image\\\/\",\"url\":\"https:\\\/\\\/www.bellunopress.it\\\/wp-content\\\/uploads\\\/2011\\\/05\\\/cropped-logo-bellunopress-.jpg\",\"contentUrl\":\"https:\\\/\\\/www.bellunopress.it\\\/wp-content\\\/uploads\\\/2011\\\/05\\\/cropped-logo-bellunopress-.jpg\",\"width\":512,\"height\":512,\"caption\":\"Bellunopress\"},\"image\":{\"@id\":\"https:\\\/\\\/www.bellunopress.it\\\/#\\\/schema\\\/logo\\\/image\\\/\"},\"sameAs\":[\"https:\\\/\\\/www.facebook.com\\\/profile.php?id=100008943462799\",\"https:\\\/\\\/x.com\\\/bellunopress\",\"https:\\\/\\\/www.linkedin.com\\\/hp\\\/?dnr=JBzUWaJfMUw8vbXJJ2tVW5-I3jZKvC4wsoxE&amp;amp;amp;amp;amp;amp;trk=nav_responsive_tab_home\",\"https:\\\/\\\/www.youtube.com\\\/channel\\\/UCxL0wu1uN0_3_7hGG0306cw\"]},{\"@type\":\"Person\",\"@id\":\"https:\\\/\\\/www.bellunopress.it\\\/#\\\/schema\\\/person\\\/79bb06722b37ece1c03d3e94beb30d73\",\"name\":\"redazione\",\"image\":{\"@type\":\"ImageObject\",\"inLanguage\":\"fr-FR\",\"@id\":\"https:\\\/\\\/secure.gravatar.com\\\/avatar\\\/37d968a2e67a6fd04c169c4bdef102d0bc5d31b2546345219e348575eb80e9a0?s=96&d=mm&r=g\",\"url\":\"https:\\\/\\\/secure.gravatar.com\\\/avatar\\\/37d968a2e67a6fd04c169c4bdef102d0bc5d31b2546345219e348575eb80e9a0?s=96&d=mm&r=g\",\"contentUrl\":\"https:\\\/\\\/secure.gravatar.com\\\/avatar\\\/37d968a2e67a6fd04c169c4bdef102d0bc5d31b2546345219e348575eb80e9a0?s=96&d=mm&r=g\",\"caption\":\"redazione\"},\"sameAs\":[\"http:\\\/\\\/www.bellunopress.it\",\"https:\\\/\\\/x.com\\\/bellunopress\"],\"url\":\"https:\\\/\\\/www.bellunopress.it\\\/fr\\\/author\\\/redazione\\\/\"}]}<\/script>\n<!-- \/ Yoast SEO plugin. -->","yoast_head_json":{"title":"\u201cVia del Mare\u201d bis della Pedemontana? I consiglieri Szumski e Lovat all\u2019attacco: \"Rischiamo il disastro economico\" - Bellunopress - Dolomiti","robots":{"index":"index","follow":"follow","max-snippet":"max-snippet:-1","max-image-preview":"max-image-preview:large","max-video-preview":"max-video-preview:-1"},"canonical":"https:\/\/www.bellunopress.it\/fr\/2026\/06\/27\/via-del-mare-bis-della-pedemontana-i-consiglieri-szumski-e-lovat-allattacco-rischiamo-il-disastro-economico\/","og_locale":"fr_FR","og_type":"article","og_title":"\u201cVia del Mare\u201d bis della Pedemontana? I consiglieri Szumski e Lovat all\u2019attacco: \"Rischiamo il disastro economico\" - Bellunopress - Dolomiti","og_description":"Il progetto che collegher\u00e0 l\u2019A4 al litorale di Jesolo finisce sotto la lente d\u2019ingrandimento. Gli esponenti di \u201cResistere Veneto\u201d mettono in guardia la Regione: costi raddoppiati, dubbi sui flussi di traffico e il timore che il conto finale ricada, ancora una volta, sui contribuenti. Il fantasma della Superstrada Pedemontana Veneta (SPV) aleggia sul nuovo progetto [&hellip;]","og_url":"https:\/\/www.bellunopress.it\/fr\/2026\/06\/27\/via-del-mare-bis-della-pedemontana-i-consiglieri-szumski-e-lovat-allattacco-rischiamo-il-disastro-economico\/","og_site_name":"Bellunopress - Dolomiti","article_publisher":"https:\/\/www.facebook.com\/profile.php?id=100008943462799","article_published_time":"2026-06-27T15:52:04+00:00","og_image":[{"width":600,"height":337,"url":"https:\/\/www.bellunopress.it\/wp-content\/uploads\/2026\/01\/Szumski-Resistere-Veneto.png","type":"image\/png"}],"author":"redazione","twitter_card":"summary_large_image","twitter_creator":"@bellunopress","twitter_site":"@bellunopress","twitter_misc":{"Written by":"redazione","Est. reading time":"3 minutes"},"schema":{"@context":"https:\/\/schema.org","@graph":[{"@type":"Article","@id":"https:\/\/www.bellunopress.it\/2026\/06\/27\/via-del-mare-bis-della-pedemontana-i-consiglieri-szumski-e-lovat-allattacco-rischiamo-il-disastro-economico\/#article","isPartOf":{"@id":"https:\/\/www.bellunopress.it\/2026\/06\/27\/via-del-mare-bis-della-pedemontana-i-consiglieri-szumski-e-lovat-allattacco-rischiamo-il-disastro-economico\/"},"author":{"name":"redazione","@id":"https:\/\/www.bellunopress.it\/#\/schema\/person\/79bb06722b37ece1c03d3e94beb30d73"},"headline":"\u201cVia del Mare\u201d bis della Pedemontana? I consiglieri Szumski e Lovat all\u2019attacco: &#8220;Rischiamo il disastro economico&#8221;","datePublished":"2026-06-27T15:52:04+00:00","mainEntityOfPage":{"@id":"https:\/\/www.bellunopress.it\/2026\/06\/27\/via-del-mare-bis-della-pedemontana-i-consiglieri-szumski-e-lovat-allattacco-rischiamo-il-disastro-economico\/"},"wordCount":502,"publisher":{"@id":"https:\/\/www.bellunopress.it\/#organization"},"image":{"@id":"https:\/\/www.bellunopress.it\/2026\/06\/27\/via-del-mare-bis-della-pedemontana-i-consiglieri-szumski-e-lovat-allattacco-rischiamo-il-disastro-economico\/#primaryimage"},"thumbnailUrl":"https:\/\/www.bellunopress.it\/wp-content\/uploads\/2026\/01\/Szumski-Resistere-Veneto.png","articleSection":["Cronaca\/Politica","Prima Pagina"],"inLanguage":"fr-FR"},{"@type":"WebPage","@id":"https:\/\/www.bellunopress.it\/2026\/06\/27\/via-del-mare-bis-della-pedemontana-i-consiglieri-szumski-e-lovat-allattacco-rischiamo-il-disastro-economico\/","url":"https:\/\/www.bellunopress.it\/2026\/06\/27\/via-del-mare-bis-della-pedemontana-i-consiglieri-szumski-e-lovat-allattacco-rischiamo-il-disastro-economico\/","name":"\u201cVia del Mare\u201d bis della Pedemontana? I consiglieri Szumski e Lovat all\u2019attacco: \"Rischiamo il disastro economico\" - Bellunopress - Dolomiti","isPartOf":{"@id":"https:\/\/www.bellunopress.it\/#website"},"primaryImageOfPage":{"@id":"https:\/\/www.bellunopress.it\/2026\/06\/27\/via-del-mare-bis-della-pedemontana-i-consiglieri-szumski-e-lovat-allattacco-rischiamo-il-disastro-economico\/#primaryimage"},"image":{"@id":"https:\/\/www.bellunopress.it\/2026\/06\/27\/via-del-mare-bis-della-pedemontana-i-consiglieri-szumski-e-lovat-allattacco-rischiamo-il-disastro-economico\/#primaryimage"},"thumbnailUrl":"https:\/\/www.bellunopress.it\/wp-content\/uploads\/2026\/01\/Szumski-Resistere-Veneto.png","datePublished":"2026-06-27T15:52:04+00:00","breadcrumb":{"@id":"https:\/\/www.bellunopress.it\/2026\/06\/27\/via-del-mare-bis-della-pedemontana-i-consiglieri-szumski-e-lovat-allattacco-rischiamo-il-disastro-economico\/#breadcrumb"},"inLanguage":"fr-FR","potentialAction":[{"@type":"ReadAction","target":["https:\/\/www.bellunopress.it\/2026\/06\/27\/via-del-mare-bis-della-pedemontana-i-consiglieri-szumski-e-lovat-allattacco-rischiamo-il-disastro-economico\/"]}]},{"@type":"ImageObject","inLanguage":"fr-FR","@id":"https:\/\/www.bellunopress.it\/2026\/06\/27\/via-del-mare-bis-della-pedemontana-i-consiglieri-szumski-e-lovat-allattacco-rischiamo-il-disastro-economico\/#primaryimage","url":"https:\/\/www.bellunopress.it\/wp-content\/uploads\/2026\/01\/Szumski-Resistere-Veneto.png","contentUrl":"https:\/\/www.bellunopress.it\/wp-content\/uploads\/2026\/01\/Szumski-Resistere-Veneto.png","width":600,"height":337},{"@type":"BreadcrumbList","@id":"https:\/\/www.bellunopress.it\/2026\/06\/27\/via-del-mare-bis-della-pedemontana-i-consiglieri-szumski-e-lovat-allattacco-rischiamo-il-disastro-economico\/#breadcrumb","itemListElement":[{"@type":"ListItem","position":1,"name":"Home","item":"https:\/\/www.bellunopress.it\/"},{"@type":"ListItem","position":2,"name":"\u201cVia del Mare\u201d bis della Pedemontana? I consiglieri Szumski e Lovat all\u2019attacco: &#8220;Rischiamo il disastro economico&#8221;"}]},{"@type":"WebSite","@id":"https:\/\/www.bellunopress.it\/#website","url":"https:\/\/www.bellunopress.it\/","name":"Bellunopress - Dolomiti","description":"e-mail: redazione@bellunopress.it","publisher":{"@id":"https:\/\/www.bellunopress.it\/#organization"},"potentialAction":[{"@type":"SearchAction","target":{"@type":"EntryPoint","urlTemplate":"https:\/\/www.bellunopress.it\/?s={search_term_string}"},"query-input":{"@type":"PropertyValueSpecification","valueRequired":true,"valueName":"search_term_string"}}],"inLanguage":"fr-FR"},{"@type":"Organization","@id":"https:\/\/www.bellunopress.it\/#organization","name":"Bellunopress","url":"https:\/\/www.bellunopress.it\/","logo":{"@type":"ImageObject","inLanguage":"fr-FR","@id":"https:\/\/www.bellunopress.it\/#\/schema\/logo\/image\/","url":"https:\/\/www.bellunopress.it\/wp-content\/uploads\/2011\/05\/cropped-logo-bellunopress-.jpg","contentUrl":"https:\/\/www.bellunopress.it\/wp-content\/uploads\/2011\/05\/cropped-logo-bellunopress-.jpg","width":512,"height":512,"caption":"Bellunopress"},"image":{"@id":"https:\/\/www.bellunopress.it\/#\/schema\/logo\/image\/"},"sameAs":["https:\/\/www.facebook.com\/profile.php?id=100008943462799","https:\/\/x.com\/bellunopress","https:\/\/www.linkedin.com\/hp\/?dnr=JBzUWaJfMUw8vbXJJ2tVW5-I3jZKvC4wsoxE&amp;amp;amp;amp;amp;amp;trk=nav_responsive_tab_home","https:\/\/www.youtube.com\/channel\/UCxL0wu1uN0_3_7hGG0306cw"]},{"@type":"Person","@id":"https:\/\/www.bellunopress.it\/#\/schema\/person\/79bb06722b37ece1c03d3e94beb30d73","name":"r\u00e9daction","image":{"@type":"ImageObject","inLanguage":"fr-FR","@id":"https:\/\/secure.gravatar.com\/avatar\/37d968a2e67a6fd04c169c4bdef102d0bc5d31b2546345219e348575eb80e9a0?s=96&d=mm&r=g","url":"https:\/\/secure.gravatar.com\/avatar\/37d968a2e67a6fd04c169c4bdef102d0bc5d31b2546345219e348575eb80e9a0?s=96&d=mm&r=g","contentUrl":"https:\/\/secure.gravatar.com\/avatar\/37d968a2e67a6fd04c169c4bdef102d0bc5d31b2546345219e348575eb80e9a0?s=96&d=mm&r=g","caption":"redazione"},"sameAs":["http:\/\/www.bellunopress.it","https:\/\/x.com\/bellunopress"],"url":"https:\/\/www.bellunopress.it\/fr\/author\/redazione\/"}]}},"_links":{"self":[{"href":"https:\/\/www.bellunopress.it\/fr\/wp-json\/wp\/v2\/posts\/171490","targetHints":{"allow":["GET"]}}],"collection":[{"href":"https:\/\/www.bellunopress.it\/fr\/wp-json\/wp\/v2\/posts"}],"about":[{"href":"https:\/\/www.bellunopress.it\/fr\/wp-json\/wp\/v2\/types\/post"}],"author":[{"embeddable":true,"href":"https:\/\/www.bellunopress.it\/fr\/wp-json\/wp\/v2\/users\/2"}],"replies":[{"embeddable":true,"href":"https:\/\/www.bellunopress.it\/fr\/wp-json\/wp\/v2\/comments?post=171490"}],"version-history":[{"count":1,"href":"https:\/\/www.bellunopress.it\/fr\/wp-json\/wp\/v2\/posts\/171490\/revisions"}],"predecessor-version":[{"id":171491,"href":"https:\/\/www.bellunopress.it\/fr\/wp-json\/wp\/v2\/posts\/171490\/revisions\/171491"}],"wp:featuredmedia":[{"embeddable":true,"href":"https:\/\/www.bellunopress.it\/fr\/wp-json\/wp\/v2\/media\/166973"}],"wp:attachment":[{"href":"https:\/\/www.bellunopress.it\/fr\/wp-json\/wp\/v2\/media?parent=171490"}],"wp:term":[{"taxonomy":"category","embeddable":true,"href":"https:\/\/www.bellunopress.it\/fr\/wp-json\/wp\/v2\/categories?post=171490"},{"taxonomy":"post_tag","embeddable":true,"href":"https:\/\/www.bellunopress.it\/fr\/wp-json\/wp\/v2\/tags?post=171490"}],"curies":[{"name":"wp","href":"https:\/\/api.w.org\/{rel}","templated":true}]}}