{"id":171484,"date":"2026-06-27T16:53:24","date_gmt":"2026-06-27T14:53:24","guid":{"rendered":"https:\/\/www.bellunopress.it\/?p=171484"},"modified":"2026-06-27T16:53:37","modified_gmt":"2026-06-27T14:53:37","slug":"feltre-asilo-di-villapaiera-approvato-il-progetto-esecutivo-delle-opere-esterne","status":"publish","type":"post","link":"https:\/\/www.bellunopress.it\/fr\/2026\/06\/27\/feltre-asilo-di-villapaiera-approvato-il-progetto-esecutivo-delle-opere-esterne\/","title":{"rendered":"Feltre, asilo di Villapaiera: approvato il progetto esecutivo delle opere esterne"},"content":{"rendered":"<p>Feltre, 27\/06\/2026 &#8211; Il nuovo asilo nido di Villapaiera prende forma anche all&#8217;esterno. La Giunta comunale ha infatti approvato nei giorni scorsi il progetto esecutivo per la realizzazione delle opere di sistemazione delle pertinenze e delle aree di<br \/>\nparcheggio a servizio della struttura, un ulteriore passaggio che accompagna il completamento di un intervento destinato a rafforzare l&#8217;offerta educativa cittadina dedicata alla fascia 0-3 anni.\u00a0L&#8217;investimento complessivo ammonta a 215 mila euro e consentir\u00e0 di realizzare spazi esterni sicuri, accessibili e funzionali, pensati non solo per agevolare l&#8217;accesso alla struttura da parte delle famiglie, ma anche per contribuire al benessere e alla qualit\u00e0 dell&#8217;esperienza quotidiana dei bambini.<\/p>\n<p>\u201cL&#8217;approvazione del progetto esecutivo delle opere esterne rappresenta un ulteriore passaggio concreto verso il completamento del nuovo nido di Villapaiera \u2013 commenta l&#8217;assessore ai lavori pubblici Andrea Bona \u2013. Quando realizziamo un&#8217;opera pubblica,<br \/>\nsoprattutto se destinata ai bambini, \u00e8 fondamentale curarne ogni aspetto. Gli spazi esterni non sono elementi accessori, ma contribuiscono in maniera significativa alla qualit\u00e0 complessiva del servizio. Con questo intervento andiamo a definire un sistema di accessi, percorsi, aree verdi e parcheggi progettato per garantire sicurezza, funzionalit\u00e0, durabilit\u00e0 e un inserimento<br \/>\narmonioso nel contesto circostante\u201d.<\/p>\n<p>IL GIARDINO E IL PARCHEGGIO<br \/>\nIl progetto prevede la realizzazione di un nuovo percorso carrabile che conduce ad un&#8217;area di sosta composta da dieci posti auto, tra i quali uno riservato alle persone con disabilit\u00e0 e collocato in posizione particolarmente favorevole rispetto all&#8217;ingresso dell&#8217;edificio. Parallelamente si svilupper\u00e0 un percorso pedonale protetto e completamente accessibile, privo di barriere<br \/>\narchitettoniche, che accompagner\u00e0 bambini e genitori dall&#8217;area di parcheggio fino all&#8217;ingresso del nido, aprendosi in una piccola piazza di accoglienza pensata come spazio di transizione tra l&#8217;esterno e l&#8217;ambiente educativo.<br \/>\nParticolare attenzione \u00e8 stata dedicata agli spazi destinati alla permanenza e al gioco all&#8217;aperto. Le aree esterne saranno delimitate da recinzioni studiate per garantire la massima sicurezza dei bambini senza risultare impattanti dal<br \/>\npunto di vista paesaggistico, mentre lungo i margini del lotto saranno messe a dimora nuove alberature e arbusti con una duplice funzione: creare zone d&#8217;ombra naturale e contribuire a mitigare il surriscaldamento estivo, rendendo<br \/>\ngli spazi pi\u00f9 piacevoli e fruibili durante tutto l&#8217;arco della giornata.<br \/>\nAnche la scelta delle pavimentazioni risponde a criteri di sostenibilit\u00e0 e comfort. Saranno infatti utilizzati materiali dai colori chiari e naturali, in grado di limitare l&#8217;assorbimento del calore e favorire condizioni pi\u00f9 favorevoli per le<br \/>\nattivit\u00e0 all&#8217;aperto nei mesi pi\u00f9 caldi. Il progetto comprende inoltre un nuovo impianto di illuminazione esterna a tecnologia LED, caratterizzato da bassi consumi energetici, sistemi automatici di gestione e soluzioni progettuali conformi alle normative regionali per il contenimento dell&#8217;inquinamento luminoso.<\/p>\n<p>\u201cUn nido non \u00e8 fatto soltanto di aule e spazi interni \u2013 aggiunge il vicesindaco e assessore all&#8217;istruzione Claudio Dalla Palma \u2013. I bambini imparano, scoprono e crescono anche attraverso il contatto con l&#8217;ambiente esterno. Per questo abbiamo voluto che le pertinenze del nuovo asilo fossero pensate come parte integrante del progetto educativo: luoghi accoglienti, ombreggiati,<br \/>\nfacilmente accessibili e capaci di favorire il gioco, la relazione e la permanenza all&#8217;aria aperta in condizioni di comfort e sicurezza. \u00c8 un&#8217;attenzione ulteriore che intendiamo riservare alle famiglie e ai pi\u00f9 piccoli, mettendo a disposizione spazi di qualit\u00e0 sotto ogni punto di vista\u201d.<\/p>","protected":false},"excerpt":{"rendered":"<p>Feltre, 27\/06\/2026 &#8211; Il nuovo asilo nido di Villapaiera prende forma anche all&#8217;esterno. La Giunta comunale ha infatti approvato nei giorni scorsi il progetto esecutivo per la realizzazione delle opere di sistemazione delle pertinenze e delle aree di parcheggio a servizio della struttura, un ulteriore passaggio che accompagna il completamento di un intervento destinato a [&hellip;]<\/p>\n","protected":false},"author":2,"featured_media":166094,"comment_status":"closed","ping_status":"open","sticky":false,"template":"","format":"standard","meta":{"footnotes":""},"categories":[15],"tags":[],"class_list":["post-171484","post","type-post","status-publish","format-standard","has-post-thumbnail","category-scuola"],"yoast_head":"<!-- This site is optimized with the Yoast SEO plugin v28.4 - https:\/\/yoast.com\/product\/yoast-seo-wordpress\/ -->\n<title>Feltre, asilo di Villapaiera: approvato il progetto esecutivo delle opere esterne - Bellunopress - Dolomiti<\/title>\n<meta name=\"robots\" content=\"index, follow, max-snippet:-1, max-image-preview:large, max-video-preview:-1\" \/>\n<link rel=\"canonical\" href=\"https:\/\/www.bellunopress.it\/fr\/2026\/06\/27\/feltre-asilo-di-villapaiera-approvato-il-progetto-esecutivo-delle-opere-esterne\/\" \/>\n<meta property=\"og:locale\" content=\"fr_FR\" \/>\n<meta property=\"og:type\" content=\"article\" \/>\n<meta property=\"og:title\" content=\"Feltre, asilo di Villapaiera: approvato il progetto esecutivo delle opere esterne - Bellunopress - Dolomiti\" \/>\n<meta property=\"og:description\" content=\"Feltre, 27\/06\/2026 &#8211; Il nuovo asilo nido di Villapaiera prende forma anche all&#8217;esterno. La Giunta comunale ha infatti approvato nei giorni scorsi il progetto esecutivo per la realizzazione delle opere di sistemazione delle pertinenze e delle aree di parcheggio a servizio della struttura, un ulteriore passaggio che accompagna il completamento di un intervento destinato a [&hellip;]\" \/>\n<meta property=\"og:url\" content=\"https:\/\/www.bellunopress.it\/fr\/2026\/06\/27\/feltre-asilo-di-villapaiera-approvato-il-progetto-esecutivo-delle-opere-esterne\/\" \/>\n<meta property=\"og:site_name\" content=\"Bellunopress - Dolomiti\" \/>\n<meta property=\"article:publisher\" content=\"https:\/\/www.facebook.com\/profile.php?id=100008943462799\" \/>\n<meta property=\"article:published_time\" content=\"2026-06-27T14:53:24+00:00\" \/>\n<meta property=\"article:modified_time\" content=\"2026-06-27T14:53:37+00:00\" \/>\n<meta property=\"og:image\" content=\"https:\/\/www.bellunopress.it\/wp-content\/uploads\/2025\/12\/Fusaro-e-Bona.jpeg\" \/>\n\t<meta property=\"og:image:width\" content=\"600\" \/>\n\t<meta property=\"og:image:height\" content=\"384\" \/>\n\t<meta property=\"og:image:type\" content=\"image\/jpeg\" \/>\n<meta name=\"author\" content=\"redazione\" \/>\n<meta name=\"twitter:card\" content=\"summary_large_image\" \/>\n<meta name=\"twitter:creator\" content=\"@bellunopress\" \/>\n<meta name=\"twitter:site\" content=\"@bellunopress\" \/>\n<meta name=\"twitter:label1\" content=\"Written by\" \/>\n\t<meta name=\"twitter:data1\" content=\"redazione\" \/>\n\t<meta name=\"twitter:label2\" content=\"Est. reading time\" \/>\n\t<meta name=\"twitter:data2\" content=\"4 minutes\" \/>\n<script type=\"application\/ld+json\" class=\"yoast-schema-graph\">{\"@context\":\"https:\\\/\\\/schema.org\",\"@graph\":[{\"@type\":\"Article\",\"@id\":\"https:\\\/\\\/www.bellunopress.it\\\/2026\\\/06\\\/27\\\/feltre-asilo-di-villapaiera-approvato-il-progetto-esecutivo-delle-opere-esterne\\\/#article\",\"isPartOf\":{\"@id\":\"https:\\\/\\\/www.bellunopress.it\\\/2026\\\/06\\\/27\\\/feltre-asilo-di-villapaiera-approvato-il-progetto-esecutivo-delle-opere-esterne\\\/\"},\"author\":{\"name\":\"redazione\",\"@id\":\"https:\\\/\\\/www.bellunopress.it\\\/#\\\/schema\\\/person\\\/79bb06722b37ece1c03d3e94beb30d73\"},\"headline\":\"Feltre, asilo di Villapaiera: approvato il progetto esecutivo delle opere esterne\",\"datePublished\":\"2026-06-27T14:53:24+00:00\",\"dateModified\":\"2026-06-27T14:53:37+00:00\",\"mainEntityOfPage\":{\"@id\":\"https:\\\/\\\/www.bellunopress.it\\\/2026\\\/06\\\/27\\\/feltre-asilo-di-villapaiera-approvato-il-progetto-esecutivo-delle-opere-esterne\\\/\"},\"wordCount\":560,\"publisher\":{\"@id\":\"https:\\\/\\\/www.bellunopress.it\\\/#organization\"},\"image\":{\"@id\":\"https:\\\/\\\/www.bellunopress.it\\\/2026\\\/06\\\/27\\\/feltre-asilo-di-villapaiera-approvato-il-progetto-esecutivo-delle-opere-esterne\\\/#primaryimage\"},\"thumbnailUrl\":\"https:\\\/\\\/www.bellunopress.it\\\/wp-content\\\/uploads\\\/2025\\\/12\\\/Fusaro-e-Bona.jpeg\",\"articleSection\":[\"Scuola\"],\"inLanguage\":\"fr-FR\"},{\"@type\":\"WebPage\",\"@id\":\"https:\\\/\\\/www.bellunopress.it\\\/2026\\\/06\\\/27\\\/feltre-asilo-di-villapaiera-approvato-il-progetto-esecutivo-delle-opere-esterne\\\/\",\"url\":\"https:\\\/\\\/www.bellunopress.it\\\/2026\\\/06\\\/27\\\/feltre-asilo-di-villapaiera-approvato-il-progetto-esecutivo-delle-opere-esterne\\\/\",\"name\":\"Feltre, asilo di Villapaiera: approvato il progetto esecutivo delle opere esterne - Bellunopress - Dolomiti\",\"isPartOf\":{\"@id\":\"https:\\\/\\\/www.bellunopress.it\\\/#website\"},\"primaryImageOfPage\":{\"@id\":\"https:\\\/\\\/www.bellunopress.it\\\/2026\\\/06\\\/27\\\/feltre-asilo-di-villapaiera-approvato-il-progetto-esecutivo-delle-opere-esterne\\\/#primaryimage\"},\"image\":{\"@id\":\"https:\\\/\\\/www.bellunopress.it\\\/2026\\\/06\\\/27\\\/feltre-asilo-di-villapaiera-approvato-il-progetto-esecutivo-delle-opere-esterne\\\/#primaryimage\"},\"thumbnailUrl\":\"https:\\\/\\\/www.bellunopress.it\\\/wp-content\\\/uploads\\\/2025\\\/12\\\/Fusaro-e-Bona.jpeg\",\"datePublished\":\"2026-06-27T14:53:24+00:00\",\"dateModified\":\"2026-06-27T14:53:37+00:00\",\"breadcrumb\":{\"@id\":\"https:\\\/\\\/www.bellunopress.it\\\/2026\\\/06\\\/27\\\/feltre-asilo-di-villapaiera-approvato-il-progetto-esecutivo-delle-opere-esterne\\\/#breadcrumb\"},\"inLanguage\":\"fr-FR\",\"potentialAction\":[{\"@type\":\"ReadAction\",\"target\":[\"https:\\\/\\\/www.bellunopress.it\\\/2026\\\/06\\\/27\\\/feltre-asilo-di-villapaiera-approvato-il-progetto-esecutivo-delle-opere-esterne\\\/\"]}]},{\"@type\":\"ImageObject\",\"inLanguage\":\"fr-FR\",\"@id\":\"https:\\\/\\\/www.bellunopress.it\\\/2026\\\/06\\\/27\\\/feltre-asilo-di-villapaiera-approvato-il-progetto-esecutivo-delle-opere-esterne\\\/#primaryimage\",\"url\":\"https:\\\/\\\/www.bellunopress.it\\\/wp-content\\\/uploads\\\/2025\\\/12\\\/Fusaro-e-Bona.jpeg\",\"contentUrl\":\"https:\\\/\\\/www.bellunopress.it\\\/wp-content\\\/uploads\\\/2025\\\/12\\\/Fusaro-e-Bona.jpeg\",\"width\":600,\"height\":384,\"caption\":\"Il sindaco di Feltre Viviana Fusaro e l'assessore ai Lavori pubblici Andrea Bona\"},{\"@type\":\"BreadcrumbList\",\"@id\":\"https:\\\/\\\/www.bellunopress.it\\\/2026\\\/06\\\/27\\\/feltre-asilo-di-villapaiera-approvato-il-progetto-esecutivo-delle-opere-esterne\\\/#breadcrumb\",\"itemListElement\":[{\"@type\":\"ListItem\",\"position\":1,\"name\":\"Home\",\"item\":\"https:\\\/\\\/www.bellunopress.it\\\/\"},{\"@type\":\"ListItem\",\"position\":2,\"name\":\"Feltre, asilo di Villapaiera: approvato il progetto esecutivo delle opere esterne\"}]},{\"@type\":\"WebSite\",\"@id\":\"https:\\\/\\\/www.bellunopress.it\\\/#website\",\"url\":\"https:\\\/\\\/www.bellunopress.it\\\/\",\"name\":\"Bellunopress - Dolomiti\",\"description\":\"e-mail: redazione@bellunopress.it\",\"publisher\":{\"@id\":\"https:\\\/\\\/www.bellunopress.it\\\/#organization\"},\"potentialAction\":[{\"@type\":\"SearchAction\",\"target\":{\"@type\":\"EntryPoint\",\"urlTemplate\":\"https:\\\/\\\/www.bellunopress.it\\\/?s={search_term_string}\"},\"query-input\":{\"@type\":\"PropertyValueSpecification\",\"valueRequired\":true,\"valueName\":\"search_term_string\"}}],\"inLanguage\":\"fr-FR\"},{\"@type\":\"Organization\",\"@id\":\"https:\\\/\\\/www.bellunopress.it\\\/#organization\",\"name\":\"Bellunopress\",\"url\":\"https:\\\/\\\/www.bellunopress.it\\\/\",\"logo\":{\"@type\":\"ImageObject\",\"inLanguage\":\"fr-FR\",\"@id\":\"https:\\\/\\\/www.bellunopress.it\\\/#\\\/schema\\\/logo\\\/image\\\/\",\"url\":\"https:\\\/\\\/www.bellunopress.it\\\/wp-content\\\/uploads\\\/2011\\\/05\\\/cropped-logo-bellunopress-.jpg\",\"contentUrl\":\"https:\\\/\\\/www.bellunopress.it\\\/wp-content\\\/uploads\\\/2011\\\/05\\\/cropped-logo-bellunopress-.jpg\",\"width\":512,\"height\":512,\"caption\":\"Bellunopress\"},\"image\":{\"@id\":\"https:\\\/\\\/www.bellunopress.it\\\/#\\\/schema\\\/logo\\\/image\\\/\"},\"sameAs\":[\"https:\\\/\\\/www.facebook.com\\\/profile.php?id=100008943462799\",\"https:\\\/\\\/x.com\\\/bellunopress\",\"https:\\\/\\\/www.linkedin.com\\\/hp\\\/?dnr=JBzUWaJfMUw8vbXJJ2tVW5-I3jZKvC4wsoxE&amp;amp;amp;amp;amp;amp;trk=nav_responsive_tab_home\",\"https:\\\/\\\/www.youtube.com\\\/channel\\\/UCxL0wu1uN0_3_7hGG0306cw\"]},{\"@type\":\"Person\",\"@id\":\"https:\\\/\\\/www.bellunopress.it\\\/#\\\/schema\\\/person\\\/79bb06722b37ece1c03d3e94beb30d73\",\"name\":\"redazione\",\"image\":{\"@type\":\"ImageObject\",\"inLanguage\":\"fr-FR\",\"@id\":\"https:\\\/\\\/secure.gravatar.com\\\/avatar\\\/37d968a2e67a6fd04c169c4bdef102d0bc5d31b2546345219e348575eb80e9a0?s=96&d=mm&r=g\",\"url\":\"https:\\\/\\\/secure.gravatar.com\\\/avatar\\\/37d968a2e67a6fd04c169c4bdef102d0bc5d31b2546345219e348575eb80e9a0?s=96&d=mm&r=g\",\"contentUrl\":\"https:\\\/\\\/secure.gravatar.com\\\/avatar\\\/37d968a2e67a6fd04c169c4bdef102d0bc5d31b2546345219e348575eb80e9a0?s=96&d=mm&r=g\",\"caption\":\"redazione\"},\"sameAs\":[\"http:\\\/\\\/www.bellunopress.it\",\"https:\\\/\\\/x.com\\\/bellunopress\"],\"url\":\"https:\\\/\\\/www.bellunopress.it\\\/fr\\\/author\\\/redazione\\\/\"}]}<\/script>\n<!-- \/ Yoast SEO plugin. -->","yoast_head_json":{"title":"Feltre, asilo di Villapaiera: approvato il progetto esecutivo delle opere esterne - Bellunopress - Dolomiti","robots":{"index":"index","follow":"follow","max-snippet":"max-snippet:-1","max-image-preview":"max-image-preview:large","max-video-preview":"max-video-preview:-1"},"canonical":"https:\/\/www.bellunopress.it\/fr\/2026\/06\/27\/feltre-asilo-di-villapaiera-approvato-il-progetto-esecutivo-delle-opere-esterne\/","og_locale":"fr_FR","og_type":"article","og_title":"Feltre, asilo di Villapaiera: approvato il progetto esecutivo delle opere esterne - Bellunopress - Dolomiti","og_description":"Feltre, 27\/06\/2026 &#8211; Il nuovo asilo nido di Villapaiera prende forma anche all&#8217;esterno. La Giunta comunale ha infatti approvato nei giorni scorsi il progetto esecutivo per la realizzazione delle opere di sistemazione delle pertinenze e delle aree di parcheggio a servizio della struttura, un ulteriore passaggio che accompagna il completamento di un intervento destinato a [&hellip;]","og_url":"https:\/\/www.bellunopress.it\/fr\/2026\/06\/27\/feltre-asilo-di-villapaiera-approvato-il-progetto-esecutivo-delle-opere-esterne\/","og_site_name":"Bellunopress - Dolomiti","article_publisher":"https:\/\/www.facebook.com\/profile.php?id=100008943462799","article_published_time":"2026-06-27T14:53:24+00:00","article_modified_time":"2026-06-27T14:53:37+00:00","og_image":[{"width":600,"height":384,"url":"https:\/\/www.bellunopress.it\/wp-content\/uploads\/2025\/12\/Fusaro-e-Bona.jpeg","type":"image\/jpeg"}],"author":"redazione","twitter_card":"summary_large_image","twitter_creator":"@bellunopress","twitter_site":"@bellunopress","twitter_misc":{"Written by":"redazione","Est. reading time":"4 minutes"},"schema":{"@context":"https:\/\/schema.org","@graph":[{"@type":"Article","@id":"https:\/\/www.bellunopress.it\/2026\/06\/27\/feltre-asilo-di-villapaiera-approvato-il-progetto-esecutivo-delle-opere-esterne\/#article","isPartOf":{"@id":"https:\/\/www.bellunopress.it\/2026\/06\/27\/feltre-asilo-di-villapaiera-approvato-il-progetto-esecutivo-delle-opere-esterne\/"},"author":{"name":"redazione","@id":"https:\/\/www.bellunopress.it\/#\/schema\/person\/79bb06722b37ece1c03d3e94beb30d73"},"headline":"Feltre, asilo di Villapaiera: approvato il progetto esecutivo delle opere esterne","datePublished":"2026-06-27T14:53:24+00:00","dateModified":"2026-06-27T14:53:37+00:00","mainEntityOfPage":{"@id":"https:\/\/www.bellunopress.it\/2026\/06\/27\/feltre-asilo-di-villapaiera-approvato-il-progetto-esecutivo-delle-opere-esterne\/"},"wordCount":560,"publisher":{"@id":"https:\/\/www.bellunopress.it\/#organization"},"image":{"@id":"https:\/\/www.bellunopress.it\/2026\/06\/27\/feltre-asilo-di-villapaiera-approvato-il-progetto-esecutivo-delle-opere-esterne\/#primaryimage"},"thumbnailUrl":"https:\/\/www.bellunopress.it\/wp-content\/uploads\/2025\/12\/Fusaro-e-Bona.jpeg","articleSection":["Scuola"],"inLanguage":"fr-FR"},{"@type":"WebPage","@id":"https:\/\/www.bellunopress.it\/2026\/06\/27\/feltre-asilo-di-villapaiera-approvato-il-progetto-esecutivo-delle-opere-esterne\/","url":"https:\/\/www.bellunopress.it\/2026\/06\/27\/feltre-asilo-di-villapaiera-approvato-il-progetto-esecutivo-delle-opere-esterne\/","name":"Feltre, asilo di Villapaiera: approvato il progetto esecutivo delle opere esterne - Bellunopress - Dolomiti","isPartOf":{"@id":"https:\/\/www.bellunopress.it\/#website"},"primaryImageOfPage":{"@id":"https:\/\/www.bellunopress.it\/2026\/06\/27\/feltre-asilo-di-villapaiera-approvato-il-progetto-esecutivo-delle-opere-esterne\/#primaryimage"},"image":{"@id":"https:\/\/www.bellunopress.it\/2026\/06\/27\/feltre-asilo-di-villapaiera-approvato-il-progetto-esecutivo-delle-opere-esterne\/#primaryimage"},"thumbnailUrl":"https:\/\/www.bellunopress.it\/wp-content\/uploads\/2025\/12\/Fusaro-e-Bona.jpeg","datePublished":"2026-06-27T14:53:24+00:00","dateModified":"2026-06-27T14:53:37+00:00","breadcrumb":{"@id":"https:\/\/www.bellunopress.it\/2026\/06\/27\/feltre-asilo-di-villapaiera-approvato-il-progetto-esecutivo-delle-opere-esterne\/#breadcrumb"},"inLanguage":"fr-FR","potentialAction":[{"@type":"ReadAction","target":["https:\/\/www.bellunopress.it\/2026\/06\/27\/feltre-asilo-di-villapaiera-approvato-il-progetto-esecutivo-delle-opere-esterne\/"]}]},{"@type":"ImageObject","inLanguage":"fr-FR","@id":"https:\/\/www.bellunopress.it\/2026\/06\/27\/feltre-asilo-di-villapaiera-approvato-il-progetto-esecutivo-delle-opere-esterne\/#primaryimage","url":"https:\/\/www.bellunopress.it\/wp-content\/uploads\/2025\/12\/Fusaro-e-Bona.jpeg","contentUrl":"https:\/\/www.bellunopress.it\/wp-content\/uploads\/2025\/12\/Fusaro-e-Bona.jpeg","width":600,"height":384,"caption":"Il sindaco di Feltre Viviana Fusaro e l'assessore ai Lavori pubblici Andrea Bona"},{"@type":"BreadcrumbList","@id":"https:\/\/www.bellunopress.it\/2026\/06\/27\/feltre-asilo-di-villapaiera-approvato-il-progetto-esecutivo-delle-opere-esterne\/#breadcrumb","itemListElement":[{"@type":"ListItem","position":1,"name":"Home","item":"https:\/\/www.bellunopress.it\/"},{"@type":"ListItem","position":2,"name":"Feltre, asilo di Villapaiera: approvato il progetto esecutivo delle opere esterne"}]},{"@type":"WebSite","@id":"https:\/\/www.bellunopress.it\/#website","url":"https:\/\/www.bellunopress.it\/","name":"Bellunopress - Dolomiti","description":"e-mail: redazione@bellunopress.it","publisher":{"@id":"https:\/\/www.bellunopress.it\/#organization"},"potentialAction":[{"@type":"SearchAction","target":{"@type":"EntryPoint","urlTemplate":"https:\/\/www.bellunopress.it\/?s={search_term_string}"},"query-input":{"@type":"PropertyValueSpecification","valueRequired":true,"valueName":"search_term_string"}}],"inLanguage":"fr-FR"},{"@type":"Organization","@id":"https:\/\/www.bellunopress.it\/#organization","name":"Bellunopress","url":"https:\/\/www.bellunopress.it\/","logo":{"@type":"ImageObject","inLanguage":"fr-FR","@id":"https:\/\/www.bellunopress.it\/#\/schema\/logo\/image\/","url":"https:\/\/www.bellunopress.it\/wp-content\/uploads\/2011\/05\/cropped-logo-bellunopress-.jpg","contentUrl":"https:\/\/www.bellunopress.it\/wp-content\/uploads\/2011\/05\/cropped-logo-bellunopress-.jpg","width":512,"height":512,"caption":"Bellunopress"},"image":{"@id":"https:\/\/www.bellunopress.it\/#\/schema\/logo\/image\/"},"sameAs":["https:\/\/www.facebook.com\/profile.php?id=100008943462799","https:\/\/x.com\/bellunopress","https:\/\/www.linkedin.com\/hp\/?dnr=JBzUWaJfMUw8vbXJJ2tVW5-I3jZKvC4wsoxE&amp;amp;amp;amp;amp;amp;trk=nav_responsive_tab_home","https:\/\/www.youtube.com\/channel\/UCxL0wu1uN0_3_7hGG0306cw"]},{"@type":"Person","@id":"https:\/\/www.bellunopress.it\/#\/schema\/person\/79bb06722b37ece1c03d3e94beb30d73","name":"r\u00e9daction","image":{"@type":"ImageObject","inLanguage":"fr-FR","@id":"https:\/\/secure.gravatar.com\/avatar\/37d968a2e67a6fd04c169c4bdef102d0bc5d31b2546345219e348575eb80e9a0?s=96&d=mm&r=g","url":"https:\/\/secure.gravatar.com\/avatar\/37d968a2e67a6fd04c169c4bdef102d0bc5d31b2546345219e348575eb80e9a0?s=96&d=mm&r=g","contentUrl":"https:\/\/secure.gravatar.com\/avatar\/37d968a2e67a6fd04c169c4bdef102d0bc5d31b2546345219e348575eb80e9a0?s=96&d=mm&r=g","caption":"redazione"},"sameAs":["http:\/\/www.bellunopress.it","https:\/\/x.com\/bellunopress"],"url":"https:\/\/www.bellunopress.it\/fr\/author\/redazione\/"}]}},"_links":{"self":[{"href":"https:\/\/www.bellunopress.it\/fr\/wp-json\/wp\/v2\/posts\/171484","targetHints":{"allow":["GET"]}}],"collection":[{"href":"https:\/\/www.bellunopress.it\/fr\/wp-json\/wp\/v2\/posts"}],"about":[{"href":"https:\/\/www.bellunopress.it\/fr\/wp-json\/wp\/v2\/types\/post"}],"author":[{"embeddable":true,"href":"https:\/\/www.bellunopress.it\/fr\/wp-json\/wp\/v2\/users\/2"}],"replies":[{"embeddable":true,"href":"https:\/\/www.bellunopress.it\/fr\/wp-json\/wp\/v2\/comments?post=171484"}],"version-history":[{"count":2,"href":"https:\/\/www.bellunopress.it\/fr\/wp-json\/wp\/v2\/posts\/171484\/revisions"}],"predecessor-version":[{"id":171486,"href":"https:\/\/www.bellunopress.it\/fr\/wp-json\/wp\/v2\/posts\/171484\/revisions\/171486"}],"wp:featuredmedia":[{"embeddable":true,"href":"https:\/\/www.bellunopress.it\/fr\/wp-json\/wp\/v2\/media\/166094"}],"wp:attachment":[{"href":"https:\/\/www.bellunopress.it\/fr\/wp-json\/wp\/v2\/media?parent=171484"}],"wp:term":[{"taxonomy":"category","embeddable":true,"href":"https:\/\/www.bellunopress.it\/fr\/wp-json\/wp\/v2\/categories?post=171484"},{"taxonomy":"post_tag","embeddable":true,"href":"https:\/\/www.bellunopress.it\/fr\/wp-json\/wp\/v2\/tags?post=171484"}],"curies":[{"name":"wp","href":"https:\/\/api.w.org\/{rel}","templated":true}]}}