{"id":171482,"date":"2026-06-27T16:43:20","date_gmt":"2026-06-27T14:43:20","guid":{"rendered":"https:\/\/www.bellunopress.it\/?p=171482"},"modified":"2026-06-27T16:43:20","modified_gmt":"2026-06-27T14:43:20","slug":"caccia-selvaggia-il-colpo-di-coda-di-un-sistema-ormai-senza-maschera","status":"publish","type":"post","link":"https:\/\/www.bellunopress.it\/fr\/2026\/06\/27\/caccia-selvaggia-il-colpo-di-coda-di-un-sistema-ormai-senza-maschera\/","title":{"rendered":"&#8220;Caccia selvaggia&#8221;: il colpo di coda di un sistema ormai senza maschera"},"content":{"rendered":"<p>Nonostante l&#8217; unanime dissenso, la lettera di diffida dell&#8217; Europa tenuta nascosta dal nostro governo, l&#8217;intervento del Papa e dell&#8217; intera Comunit\u00e0 Scientifica esperta di salvaguardia ambientale, il Senato, ha approvato la famigerata legge denominata &#8216;caccia selvaggia&#8217;.<\/p>\n<p>Personalmente considero questo scellerato proposito come l&#8217; ultimo disperato colpo di coda del &#8216;drago morente&#8217;. Dovesse essere nuovamente confermata alla Camera, non solo quelli che come me vivono nelle zone rurali, ma tutti i cittadini sapranno, dato che sar\u00e0 consentito usare fucili anche nelle aree protette e sulle spiagge a discapito della libert\u00e0 e incolumit\u00e0 di chiunque, quanta brutalit\u00e0 e violenza ci sia nella caccia. Di conseguenza il tanto agognato consenso che le associazioni venatorie e loro sostenitori in ogni modo, anche coniando termini atti a confondere( vedasi &#8216; prelievo&#8217; che sta per fucilazione o &#8216; caccia di selezione&#8217; che consiste nell&#8217; uccisione di piccoli di pochi mesi e femmine), subir\u00e0 il tracollo che merita!<\/p>\n<p>Al riguardo mi conforta lo sdegno che ha suscitato nei social la pubblicazione della premurosa lettera con cui l&#8217; assessore veneto alla caccia Dario Bond, bellunese, chiede al governo che anche l&#8217; oca selvatica venga inserita nelle specie cacciabili. Solitamente per giustificare la brutalit\u00e0 della caccia si addebitano agli animali selvatici presunti danni. Quali colpe attribuiranno alle povere oche?<\/p>\n<p>Non solo, con il DDL caccia, oltre alla moltitudine di nefandezze previste come, per l&#8217; appunto, l&#8217; aumento delle specie cacciabili, verr\u00e0 ripristinata l&#8217;aberrante pratica dei richiami vivi. Vi rendete conto? Un ritorno alla preistoria per noia e sadico trastullo. Il mondo venatorio ha finalmente tolto la maschera dimostrando a tutti senza se e senza ma l&#8217; ingordigia dell&#8217; uccidere per puro piacimento. Ma l&#8217; ingordigia ha un prezzo, l&#8217; ingordigia si paga. Nessuno escluso!<br \/>\nInfatti on line troverete i nomi dei politici che hanno approvato queste aberrazioni. Ricordateveli quando sar\u00e0 il momento di votare!<br \/>\nTamara Panciera &#8211; Belluno<\/p>\n<p>&nbsp;<\/p>\n<p><strong>* Disegno di Legge (DDL) 1552, che mira a modificare la storica legge 157\/1992 sulla tutela della fauna selvatica e sull&#8217;attivit\u00e0 venatoria. Situazione aggiornato a giugno 2026:<\/strong><\/p>\n<p>Approvazione al Senato: Il disegno di legge ha ricevuto il via libera dal Senato il 23 giugno 2026, con 80 voti favorevoli e 56 contrari.<\/p>\n<p>Il testo \u00e8 ora trasmesso alla Camera dei Deputati per la discussione e l&#8217;eventuale approvazione definitiva.<\/p>\n<p>Uno dei punti centrali del dibattito, molto sentito soprattutto in Veneto, riguarda proprio l&#8217;inclusione dell&#8217;oca selvatica (Anser anser) tra le specie cacciabili. I sostenitori della norma, tra cui diverse organizzazioni agricole, premono per questa modifica citando i gravi danni arrecati alle colture da popolazioni di oche che si sono stabilizzate sul territorio.<\/p>\n<p>Il provvedimento \u00e8 oggetto di forti contestazioni da parte delle associazioni ambientaliste e di parte del mondo scientifico. Tra le critiche principali vi sono:<\/p>\n<p>Il ruolo dell&#8217;ISPRA: Il DDL prevede che il parere dell&#8217;Istituto Superiore per la Protezione e la Ricerca Ambientale diventi consultivo anzich\u00e9 vincolante, riducendo di fatto il peso delle valutazioni scientifiche imparziali sulle decisioni di prelievo venatorio.<\/p>\n<p>Gli oppositori temono che l&#8217;ampliamento delle specie cacciabili e l&#8217;indebolimento dei vincoli di tutela possano violare le direttive comunitarie (&#8220;Uccelli&#8221; e &#8220;Habitat&#8221;), esponendo l&#8217;Italia a nuove procedure di infrazione da parte della Commissione Europea.<\/p>","protected":false},"excerpt":{"rendered":"<p>Nonostante l&#8217; unanime dissenso, la lettera di diffida dell&#8217; Europa tenuta nascosta dal nostro governo, l&#8217;intervento del Papa e dell&#8217; intera Comunit\u00e0 Scientifica esperta di salvaguardia ambientale, il Senato, ha approvato la famigerata legge denominata &#8216;caccia selvaggia&#8217;. Personalmente considero questo scellerato proposito come l&#8217; ultimo disperato colpo di coda del &#8216;drago morente&#8217;. Dovesse essere nuovamente [&hellip;]<\/p>\n","protected":false},"author":2,"featured_media":112601,"comment_status":"closed","ping_status":"open","sticky":false,"template":"","format":"standard","meta":{"footnotes":""},"categories":[1],"tags":[],"class_list":["post-171482","post","type-post","status-publish","format-standard","has-post-thumbnail","category-leo"],"yoast_head":"<!-- This site is optimized with the Yoast SEO plugin v28.4 - https:\/\/yoast.com\/product\/yoast-seo-wordpress\/ -->\n<title>&quot;Caccia selvaggia&quot;: il colpo di coda di un sistema ormai senza maschera - Bellunopress - Dolomiti<\/title>\n<meta name=\"robots\" content=\"index, follow, max-snippet:-1, max-image-preview:large, max-video-preview:-1\" \/>\n<link rel=\"canonical\" href=\"https:\/\/www.bellunopress.it\/fr\/2026\/06\/27\/caccia-selvaggia-il-colpo-di-coda-di-un-sistema-ormai-senza-maschera\/\" \/>\n<meta property=\"og:locale\" content=\"fr_FR\" \/>\n<meta property=\"og:type\" content=\"article\" \/>\n<meta property=\"og:title\" content=\"&quot;Caccia selvaggia&quot;: il colpo di coda di un sistema ormai senza maschera - Bellunopress - Dolomiti\" \/>\n<meta property=\"og:description\" content=\"Nonostante l&#8217; unanime dissenso, la lettera di diffida dell&#8217; Europa tenuta nascosta dal nostro governo, l&#8217;intervento del Papa e dell&#8217; intera Comunit\u00e0 Scientifica esperta di salvaguardia ambientale, il Senato, ha approvato la famigerata legge denominata &#8216;caccia selvaggia&#8217;. Personalmente considero questo scellerato proposito come l&#8217; ultimo disperato colpo di coda del &#8216;drago morente&#8217;. Dovesse essere nuovamente [&hellip;]\" \/>\n<meta property=\"og:url\" content=\"https:\/\/www.bellunopress.it\/fr\/2026\/06\/27\/caccia-selvaggia-il-colpo-di-coda-di-un-sistema-ormai-senza-maschera\/\" \/>\n<meta property=\"og:site_name\" content=\"Bellunopress - Dolomiti\" \/>\n<meta property=\"article:publisher\" content=\"https:\/\/www.facebook.com\/profile.php?id=100008943462799\" \/>\n<meta property=\"article:published_time\" content=\"2026-06-27T14:43:20+00:00\" \/>\n<meta property=\"og:image\" content=\"https:\/\/www.bellunopress.it\/wp-content\/uploads\/2020\/03\/lettere-al-direttore-bellunopress.jpg\" \/>\n\t<meta property=\"og:image:width\" content=\"677\" \/>\n\t<meta property=\"og:image:height\" content=\"454\" \/>\n\t<meta property=\"og:image:type\" content=\"image\/jpeg\" \/>\n<meta name=\"author\" content=\"redazione\" \/>\n<meta name=\"twitter:card\" content=\"summary_large_image\" \/>\n<meta name=\"twitter:creator\" content=\"@bellunopress\" \/>\n<meta name=\"twitter:site\" content=\"@bellunopress\" \/>\n<meta name=\"twitter:label1\" content=\"Written by\" \/>\n\t<meta name=\"twitter:data1\" content=\"redazione\" \/>\n\t<meta name=\"twitter:label2\" content=\"Est. reading time\" \/>\n\t<meta name=\"twitter:data2\" content=\"3 minutes\" \/>\n<script type=\"application\/ld+json\" class=\"yoast-schema-graph\">{\"@context\":\"https:\\\/\\\/schema.org\",\"@graph\":[{\"@type\":\"Article\",\"@id\":\"https:\\\/\\\/www.bellunopress.it\\\/2026\\\/06\\\/27\\\/caccia-selvaggia-il-colpo-di-coda-di-un-sistema-ormai-senza-maschera\\\/#article\",\"isPartOf\":{\"@id\":\"https:\\\/\\\/www.bellunopress.it\\\/2026\\\/06\\\/27\\\/caccia-selvaggia-il-colpo-di-coda-di-un-sistema-ormai-senza-maschera\\\/\"},\"author\":{\"name\":\"redazione\",\"@id\":\"https:\\\/\\\/www.bellunopress.it\\\/#\\\/schema\\\/person\\\/79bb06722b37ece1c03d3e94beb30d73\"},\"headline\":\"&#8220;Caccia selvaggia&#8221;: il colpo di coda di un sistema ormai senza maschera\",\"datePublished\":\"2026-06-27T14:43:20+00:00\",\"mainEntityOfPage\":{\"@id\":\"https:\\\/\\\/www.bellunopress.it\\\/2026\\\/06\\\/27\\\/caccia-selvaggia-il-colpo-di-coda-di-un-sistema-ormai-senza-maschera\\\/\"},\"wordCount\":536,\"publisher\":{\"@id\":\"https:\\\/\\\/www.bellunopress.it\\\/#organization\"},\"image\":{\"@id\":\"https:\\\/\\\/www.bellunopress.it\\\/2026\\\/06\\\/27\\\/caccia-selvaggia-il-colpo-di-coda-di-un-sistema-ormai-senza-maschera\\\/#primaryimage\"},\"thumbnailUrl\":\"https:\\\/\\\/www.bellunopress.it\\\/wp-content\\\/uploads\\\/2020\\\/03\\\/lettere-al-direttore-bellunopress.jpg\",\"articleSection\":[\"Lettere Opinioni\"],\"inLanguage\":\"fr-FR\"},{\"@type\":\"WebPage\",\"@id\":\"https:\\\/\\\/www.bellunopress.it\\\/2026\\\/06\\\/27\\\/caccia-selvaggia-il-colpo-di-coda-di-un-sistema-ormai-senza-maschera\\\/\",\"url\":\"https:\\\/\\\/www.bellunopress.it\\\/2026\\\/06\\\/27\\\/caccia-selvaggia-il-colpo-di-coda-di-un-sistema-ormai-senza-maschera\\\/\",\"name\":\"\\\"Caccia selvaggia\\\": il colpo di coda di un sistema ormai senza maschera - Bellunopress - Dolomiti\",\"isPartOf\":{\"@id\":\"https:\\\/\\\/www.bellunopress.it\\\/#website\"},\"primaryImageOfPage\":{\"@id\":\"https:\\\/\\\/www.bellunopress.it\\\/2026\\\/06\\\/27\\\/caccia-selvaggia-il-colpo-di-coda-di-un-sistema-ormai-senza-maschera\\\/#primaryimage\"},\"image\":{\"@id\":\"https:\\\/\\\/www.bellunopress.it\\\/2026\\\/06\\\/27\\\/caccia-selvaggia-il-colpo-di-coda-di-un-sistema-ormai-senza-maschera\\\/#primaryimage\"},\"thumbnailUrl\":\"https:\\\/\\\/www.bellunopress.it\\\/wp-content\\\/uploads\\\/2020\\\/03\\\/lettere-al-direttore-bellunopress.jpg\",\"datePublished\":\"2026-06-27T14:43:20+00:00\",\"breadcrumb\":{\"@id\":\"https:\\\/\\\/www.bellunopress.it\\\/2026\\\/06\\\/27\\\/caccia-selvaggia-il-colpo-di-coda-di-un-sistema-ormai-senza-maschera\\\/#breadcrumb\"},\"inLanguage\":\"fr-FR\",\"potentialAction\":[{\"@type\":\"ReadAction\",\"target\":[\"https:\\\/\\\/www.bellunopress.it\\\/2026\\\/06\\\/27\\\/caccia-selvaggia-il-colpo-di-coda-di-un-sistema-ormai-senza-maschera\\\/\"]}]},{\"@type\":\"ImageObject\",\"inLanguage\":\"fr-FR\",\"@id\":\"https:\\\/\\\/www.bellunopress.it\\\/2026\\\/06\\\/27\\\/caccia-selvaggia-il-colpo-di-coda-di-un-sistema-ormai-senza-maschera\\\/#primaryimage\",\"url\":\"https:\\\/\\\/www.bellunopress.it\\\/wp-content\\\/uploads\\\/2020\\\/03\\\/lettere-al-direttore-bellunopress.jpg\",\"contentUrl\":\"https:\\\/\\\/www.bellunopress.it\\\/wp-content\\\/uploads\\\/2020\\\/03\\\/lettere-al-direttore-bellunopress.jpg\",\"width\":677,\"height\":454,\"caption\":\"lettera al direttore\"},{\"@type\":\"BreadcrumbList\",\"@id\":\"https:\\\/\\\/www.bellunopress.it\\\/2026\\\/06\\\/27\\\/caccia-selvaggia-il-colpo-di-coda-di-un-sistema-ormai-senza-maschera\\\/#breadcrumb\",\"itemListElement\":[{\"@type\":\"ListItem\",\"position\":1,\"name\":\"Home\",\"item\":\"https:\\\/\\\/www.bellunopress.it\\\/\"},{\"@type\":\"ListItem\",\"position\":2,\"name\":\"&#8220;Caccia selvaggia&#8221;: il colpo di coda di un sistema ormai senza maschera\"}]},{\"@type\":\"WebSite\",\"@id\":\"https:\\\/\\\/www.bellunopress.it\\\/#website\",\"url\":\"https:\\\/\\\/www.bellunopress.it\\\/\",\"name\":\"Bellunopress - Dolomiti\",\"description\":\"e-mail: redazione@bellunopress.it\",\"publisher\":{\"@id\":\"https:\\\/\\\/www.bellunopress.it\\\/#organization\"},\"potentialAction\":[{\"@type\":\"SearchAction\",\"target\":{\"@type\":\"EntryPoint\",\"urlTemplate\":\"https:\\\/\\\/www.bellunopress.it\\\/?s={search_term_string}\"},\"query-input\":{\"@type\":\"PropertyValueSpecification\",\"valueRequired\":true,\"valueName\":\"search_term_string\"}}],\"inLanguage\":\"fr-FR\"},{\"@type\":\"Organization\",\"@id\":\"https:\\\/\\\/www.bellunopress.it\\\/#organization\",\"name\":\"Bellunopress\",\"url\":\"https:\\\/\\\/www.bellunopress.it\\\/\",\"logo\":{\"@type\":\"ImageObject\",\"inLanguage\":\"fr-FR\",\"@id\":\"https:\\\/\\\/www.bellunopress.it\\\/#\\\/schema\\\/logo\\\/image\\\/\",\"url\":\"https:\\\/\\\/www.bellunopress.it\\\/wp-content\\\/uploads\\\/2011\\\/05\\\/cropped-logo-bellunopress-.jpg\",\"contentUrl\":\"https:\\\/\\\/www.bellunopress.it\\\/wp-content\\\/uploads\\\/2011\\\/05\\\/cropped-logo-bellunopress-.jpg\",\"width\":512,\"height\":512,\"caption\":\"Bellunopress\"},\"image\":{\"@id\":\"https:\\\/\\\/www.bellunopress.it\\\/#\\\/schema\\\/logo\\\/image\\\/\"},\"sameAs\":[\"https:\\\/\\\/www.facebook.com\\\/profile.php?id=100008943462799\",\"https:\\\/\\\/x.com\\\/bellunopress\",\"https:\\\/\\\/www.linkedin.com\\\/hp\\\/?dnr=JBzUWaJfMUw8vbXJJ2tVW5-I3jZKvC4wsoxE&amp;amp;amp;amp;amp;amp;trk=nav_responsive_tab_home\",\"https:\\\/\\\/www.youtube.com\\\/channel\\\/UCxL0wu1uN0_3_7hGG0306cw\"]},{\"@type\":\"Person\",\"@id\":\"https:\\\/\\\/www.bellunopress.it\\\/#\\\/schema\\\/person\\\/79bb06722b37ece1c03d3e94beb30d73\",\"name\":\"redazione\",\"image\":{\"@type\":\"ImageObject\",\"inLanguage\":\"fr-FR\",\"@id\":\"https:\\\/\\\/secure.gravatar.com\\\/avatar\\\/37d968a2e67a6fd04c169c4bdef102d0bc5d31b2546345219e348575eb80e9a0?s=96&d=mm&r=g\",\"url\":\"https:\\\/\\\/secure.gravatar.com\\\/avatar\\\/37d968a2e67a6fd04c169c4bdef102d0bc5d31b2546345219e348575eb80e9a0?s=96&d=mm&r=g\",\"contentUrl\":\"https:\\\/\\\/secure.gravatar.com\\\/avatar\\\/37d968a2e67a6fd04c169c4bdef102d0bc5d31b2546345219e348575eb80e9a0?s=96&d=mm&r=g\",\"caption\":\"redazione\"},\"sameAs\":[\"http:\\\/\\\/www.bellunopress.it\",\"https:\\\/\\\/x.com\\\/bellunopress\"],\"url\":\"https:\\\/\\\/www.bellunopress.it\\\/fr\\\/author\\\/redazione\\\/\"}]}<\/script>\n<!-- \/ Yoast SEO plugin. -->","yoast_head_json":{"title":"\"Caccia selvaggia\": il colpo di coda di un sistema ormai senza maschera - Bellunopress - Dolomiti","robots":{"index":"index","follow":"follow","max-snippet":"max-snippet:-1","max-image-preview":"max-image-preview:large","max-video-preview":"max-video-preview:-1"},"canonical":"https:\/\/www.bellunopress.it\/fr\/2026\/06\/27\/caccia-selvaggia-il-colpo-di-coda-di-un-sistema-ormai-senza-maschera\/","og_locale":"fr_FR","og_type":"article","og_title":"\"Caccia selvaggia\": il colpo di coda di un sistema ormai senza maschera - Bellunopress - Dolomiti","og_description":"Nonostante l&#8217; unanime dissenso, la lettera di diffida dell&#8217; Europa tenuta nascosta dal nostro governo, l&#8217;intervento del Papa e dell&#8217; intera Comunit\u00e0 Scientifica esperta di salvaguardia ambientale, il Senato, ha approvato la famigerata legge denominata &#8216;caccia selvaggia&#8217;. Personalmente considero questo scellerato proposito come l&#8217; ultimo disperato colpo di coda del &#8216;drago morente&#8217;. Dovesse essere nuovamente [&hellip;]","og_url":"https:\/\/www.bellunopress.it\/fr\/2026\/06\/27\/caccia-selvaggia-il-colpo-di-coda-di-un-sistema-ormai-senza-maschera\/","og_site_name":"Bellunopress - Dolomiti","article_publisher":"https:\/\/www.facebook.com\/profile.php?id=100008943462799","article_published_time":"2026-06-27T14:43:20+00:00","og_image":[{"width":677,"height":454,"url":"https:\/\/www.bellunopress.it\/wp-content\/uploads\/2020\/03\/lettere-al-direttore-bellunopress.jpg","type":"image\/jpeg"}],"author":"redazione","twitter_card":"summary_large_image","twitter_creator":"@bellunopress","twitter_site":"@bellunopress","twitter_misc":{"Written by":"redazione","Est. reading time":"3 minutes"},"schema":{"@context":"https:\/\/schema.org","@graph":[{"@type":"Article","@id":"https:\/\/www.bellunopress.it\/2026\/06\/27\/caccia-selvaggia-il-colpo-di-coda-di-un-sistema-ormai-senza-maschera\/#article","isPartOf":{"@id":"https:\/\/www.bellunopress.it\/2026\/06\/27\/caccia-selvaggia-il-colpo-di-coda-di-un-sistema-ormai-senza-maschera\/"},"author":{"name":"redazione","@id":"https:\/\/www.bellunopress.it\/#\/schema\/person\/79bb06722b37ece1c03d3e94beb30d73"},"headline":"&#8220;Caccia selvaggia&#8221;: il colpo di coda di un sistema ormai senza maschera","datePublished":"2026-06-27T14:43:20+00:00","mainEntityOfPage":{"@id":"https:\/\/www.bellunopress.it\/2026\/06\/27\/caccia-selvaggia-il-colpo-di-coda-di-un-sistema-ormai-senza-maschera\/"},"wordCount":536,"publisher":{"@id":"https:\/\/www.bellunopress.it\/#organization"},"image":{"@id":"https:\/\/www.bellunopress.it\/2026\/06\/27\/caccia-selvaggia-il-colpo-di-coda-di-un-sistema-ormai-senza-maschera\/#primaryimage"},"thumbnailUrl":"https:\/\/www.bellunopress.it\/wp-content\/uploads\/2020\/03\/lettere-al-direttore-bellunopress.jpg","articleSection":["Lettere Opinioni"],"inLanguage":"fr-FR"},{"@type":"WebPage","@id":"https:\/\/www.bellunopress.it\/2026\/06\/27\/caccia-selvaggia-il-colpo-di-coda-di-un-sistema-ormai-senza-maschera\/","url":"https:\/\/www.bellunopress.it\/2026\/06\/27\/caccia-selvaggia-il-colpo-di-coda-di-un-sistema-ormai-senza-maschera\/","name":"\"Caccia selvaggia\": il colpo di coda di un sistema ormai senza maschera - Bellunopress - Dolomiti","isPartOf":{"@id":"https:\/\/www.bellunopress.it\/#website"},"primaryImageOfPage":{"@id":"https:\/\/www.bellunopress.it\/2026\/06\/27\/caccia-selvaggia-il-colpo-di-coda-di-un-sistema-ormai-senza-maschera\/#primaryimage"},"image":{"@id":"https:\/\/www.bellunopress.it\/2026\/06\/27\/caccia-selvaggia-il-colpo-di-coda-di-un-sistema-ormai-senza-maschera\/#primaryimage"},"thumbnailUrl":"https:\/\/www.bellunopress.it\/wp-content\/uploads\/2020\/03\/lettere-al-direttore-bellunopress.jpg","datePublished":"2026-06-27T14:43:20+00:00","breadcrumb":{"@id":"https:\/\/www.bellunopress.it\/2026\/06\/27\/caccia-selvaggia-il-colpo-di-coda-di-un-sistema-ormai-senza-maschera\/#breadcrumb"},"inLanguage":"fr-FR","potentialAction":[{"@type":"ReadAction","target":["https:\/\/www.bellunopress.it\/2026\/06\/27\/caccia-selvaggia-il-colpo-di-coda-di-un-sistema-ormai-senza-maschera\/"]}]},{"@type":"ImageObject","inLanguage":"fr-FR","@id":"https:\/\/www.bellunopress.it\/2026\/06\/27\/caccia-selvaggia-il-colpo-di-coda-di-un-sistema-ormai-senza-maschera\/#primaryimage","url":"https:\/\/www.bellunopress.it\/wp-content\/uploads\/2020\/03\/lettere-al-direttore-bellunopress.jpg","contentUrl":"https:\/\/www.bellunopress.it\/wp-content\/uploads\/2020\/03\/lettere-al-direttore-bellunopress.jpg","width":677,"height":454,"caption":"lettera al direttore"},{"@type":"BreadcrumbList","@id":"https:\/\/www.bellunopress.it\/2026\/06\/27\/caccia-selvaggia-il-colpo-di-coda-di-un-sistema-ormai-senza-maschera\/#breadcrumb","itemListElement":[{"@type":"ListItem","position":1,"name":"Home","item":"https:\/\/www.bellunopress.it\/"},{"@type":"ListItem","position":2,"name":"&#8220;Caccia selvaggia&#8221;: il colpo di coda di un sistema ormai senza maschera"}]},{"@type":"WebSite","@id":"https:\/\/www.bellunopress.it\/#website","url":"https:\/\/www.bellunopress.it\/","name":"Bellunopress - Dolomiti","description":"e-mail: redazione@bellunopress.it","publisher":{"@id":"https:\/\/www.bellunopress.it\/#organization"},"potentialAction":[{"@type":"SearchAction","target":{"@type":"EntryPoint","urlTemplate":"https:\/\/www.bellunopress.it\/?s={search_term_string}"},"query-input":{"@type":"PropertyValueSpecification","valueRequired":true,"valueName":"search_term_string"}}],"inLanguage":"fr-FR"},{"@type":"Organization","@id":"https:\/\/www.bellunopress.it\/#organization","name":"Bellunopress","url":"https:\/\/www.bellunopress.it\/","logo":{"@type":"ImageObject","inLanguage":"fr-FR","@id":"https:\/\/www.bellunopress.it\/#\/schema\/logo\/image\/","url":"https:\/\/www.bellunopress.it\/wp-content\/uploads\/2011\/05\/cropped-logo-bellunopress-.jpg","contentUrl":"https:\/\/www.bellunopress.it\/wp-content\/uploads\/2011\/05\/cropped-logo-bellunopress-.jpg","width":512,"height":512,"caption":"Bellunopress"},"image":{"@id":"https:\/\/www.bellunopress.it\/#\/schema\/logo\/image\/"},"sameAs":["https:\/\/www.facebook.com\/profile.php?id=100008943462799","https:\/\/x.com\/bellunopress","https:\/\/www.linkedin.com\/hp\/?dnr=JBzUWaJfMUw8vbXJJ2tVW5-I3jZKvC4wsoxE&amp;amp;amp;amp;amp;amp;trk=nav_responsive_tab_home","https:\/\/www.youtube.com\/channel\/UCxL0wu1uN0_3_7hGG0306cw"]},{"@type":"Person","@id":"https:\/\/www.bellunopress.it\/#\/schema\/person\/79bb06722b37ece1c03d3e94beb30d73","name":"r\u00e9daction","image":{"@type":"ImageObject","inLanguage":"fr-FR","@id":"https:\/\/secure.gravatar.com\/avatar\/37d968a2e67a6fd04c169c4bdef102d0bc5d31b2546345219e348575eb80e9a0?s=96&d=mm&r=g","url":"https:\/\/secure.gravatar.com\/avatar\/37d968a2e67a6fd04c169c4bdef102d0bc5d31b2546345219e348575eb80e9a0?s=96&d=mm&r=g","contentUrl":"https:\/\/secure.gravatar.com\/avatar\/37d968a2e67a6fd04c169c4bdef102d0bc5d31b2546345219e348575eb80e9a0?s=96&d=mm&r=g","caption":"redazione"},"sameAs":["http:\/\/www.bellunopress.it","https:\/\/x.com\/bellunopress"],"url":"https:\/\/www.bellunopress.it\/fr\/author\/redazione\/"}]}},"_links":{"self":[{"href":"https:\/\/www.bellunopress.it\/fr\/wp-json\/wp\/v2\/posts\/171482","targetHints":{"allow":["GET"]}}],"collection":[{"href":"https:\/\/www.bellunopress.it\/fr\/wp-json\/wp\/v2\/posts"}],"about":[{"href":"https:\/\/www.bellunopress.it\/fr\/wp-json\/wp\/v2\/types\/post"}],"author":[{"embeddable":true,"href":"https:\/\/www.bellunopress.it\/fr\/wp-json\/wp\/v2\/users\/2"}],"replies":[{"embeddable":true,"href":"https:\/\/www.bellunopress.it\/fr\/wp-json\/wp\/v2\/comments?post=171482"}],"version-history":[{"count":1,"href":"https:\/\/www.bellunopress.it\/fr\/wp-json\/wp\/v2\/posts\/171482\/revisions"}],"predecessor-version":[{"id":171483,"href":"https:\/\/www.bellunopress.it\/fr\/wp-json\/wp\/v2\/posts\/171482\/revisions\/171483"}],"wp:featuredmedia":[{"embeddable":true,"href":"https:\/\/www.bellunopress.it\/fr\/wp-json\/wp\/v2\/media\/112601"}],"wp:attachment":[{"href":"https:\/\/www.bellunopress.it\/fr\/wp-json\/wp\/v2\/media?parent=171482"}],"wp:term":[{"taxonomy":"category","embeddable":true,"href":"https:\/\/www.bellunopress.it\/fr\/wp-json\/wp\/v2\/categories?post=171482"},{"taxonomy":"post_tag","embeddable":true,"href":"https:\/\/www.bellunopress.it\/fr\/wp-json\/wp\/v2\/tags?post=171482"}],"curies":[{"name":"wp","href":"https:\/\/api.w.org\/{rel}","templated":true}]}}