{"id":171475,"date":"2026-06-27T13:21:12","date_gmt":"2026-06-27T11:21:12","guid":{"rendered":"https:\/\/www.bellunopress.it\/?p=171475"},"modified":"2026-06-27T13:21:12","modified_gmt":"2026-06-27T11:21:12","slug":"euromedica-inaugura-la-nuova-sede-a-belluno-nel-ricordo-del-dottor-dario-de-marco","status":"publish","type":"post","link":"https:\/\/www.bellunopress.it\/fr\/2026\/06\/27\/euromedica-inaugura-la-nuova-sede-a-belluno-nel-ricordo-del-dottor-dario-de-marco\/","title":{"rendered":"EuroMedica inaugura la nuova sede a Belluno nel ricordo del dottor Dario De Marco"},"content":{"rendered":"<p data-path-to-node=\"3\">Belluno, 27\/06\/2026 \u2013 Si \u00e8 svolta questa mattina l\u2019inaugurazione a Belluno della nuova sede in via Vittorio Veneto 280 di EuroMedica, la realt\u00e0 guidata da Adriana Marcon. Un momento di grande valore, che unisce lo sviluppo del territorio al ricordo indelebile di una figura simbolo della sanit\u00e0 locale.<\/p>\n<p data-path-to-node=\"3\">L&#8217;evento \u00e8 stato l&#8217;occasione per presentare gli ampi spazi della struttura con i nuovi ambulatori, pensati per offrire servizi sempre pi\u00f9 qualificati e un ambiente accogliente dedicato alla salute e al benessere dei pazienti.<\/p>\n<p data-path-to-node=\"4\">\n<figure id=\"attachment_171477\" aria-describedby=\"caption-attachment-171477\" style=\"width: 500px\" class=\"wp-caption aligncenter\"><img loading=\"lazy\" decoding=\"async\" class=\"size-full wp-image-171477\" src=\"https:\/\/www.bellunopress.it\/wp-content\/uploads\/2026\/06\/taglio-nastro-Euromedica.jpeg\" alt=\"\" width=\"500\" height=\"349\" srcset=\"https:\/\/www.bellunopress.it\/wp-content\/uploads\/2026\/06\/taglio-nastro-Euromedica.jpeg 500w, https:\/\/www.bellunopress.it\/wp-content\/uploads\/2026\/06\/taglio-nastro-Euromedica-150x105.jpeg 150w, https:\/\/www.bellunopress.it\/wp-content\/uploads\/2026\/06\/taglio-nastro-Euromedica-300x209.jpeg 300w\" sizes=\"auto, (max-width: 500px) 100vw, 500px\" \/><figcaption id=\"caption-attachment-171477\" class=\"wp-caption-text\">Il sindaco Oscar De Pellegrin al taglio del nasto all&#8217;EuroMedica (Foto Studio Zanfron)<\/figcaption><\/figure>\n<p data-path-to-node=\"4\">Al taglio del nastro c&#8217;era il sindaco di Belluno, Oscar De Pellegrin. Contestualmente, \u00e8 stata scoperta una targa commemorativa in memoria del dottor Dario De Marco, storico primario di Oculistica, stimato professionista e figura di riferimento per la comunit\u00e0 bellunese, oltre che per EuroMedica.<\/p>\n<p data-path-to-node=\"5\">La cerimonia ha visto alcuni interventi tra cui quello di apertura della titolare della struttura Adriana Marcon, del dottor Francesco Sperti, direttore sanitario e del figlio del compianto dottor De Marco. Entrambi hanno sottolineato come la nuova sede non rappresenti solo un ampliamento strutturale, ma un rafforzamento dell&#8217;impegno verso la salute dei cittadini, in linea con la filosofia di eccellenza e accoglienza che contraddistingue la struttura.<\/p>\n<p data-path-to-node=\"6\">L\u2019evento, partecipato e commosso, ha ribadito l&#8217;importanza di investire nel territorio, coniugando l\u2019innovazione dei servizi sanitari con la cura umana verso il paziente, valori di cui il dottor De Marco \u00e8 stato fulgido esempio.<\/p>","protected":false},"excerpt":{"rendered":"<p>Belluno, 27\/06\/2026 \u2013 Si \u00e8 svolta questa mattina l\u2019inaugurazione a Belluno della nuova sede in via Vittorio Veneto 280 di EuroMedica, la realt\u00e0 guidata da Adriana Marcon. Un momento di grande valore, che unisce lo sviluppo del territorio al ricordo indelebile di una figura simbolo della sanit\u00e0 locale. L&#8217;evento \u00e8 stato l&#8217;occasione per presentare gli [&hellip;]<\/p>\n","protected":false},"author":2,"featured_media":171476,"comment_status":"closed","ping_status":"open","sticky":false,"template":"","format":"standard","meta":{"footnotes":""},"categories":[5,26,17],"tags":[],"class_list":["post-171475","post","type-post","status-publish","format-standard","has-post-thumbnail","category-cronaca","category-prima-pagina","category-sanita"],"yoast_head":"<!-- This site is optimized with the Yoast SEO plugin v28.4 - https:\/\/yoast.com\/product\/yoast-seo-wordpress\/ -->\n<title>EuroMedica inaugura la nuova sede a Belluno nel ricordo del dottor Dario De Marco - Bellunopress - Dolomiti<\/title>\n<meta name=\"robots\" content=\"index, follow, max-snippet:-1, max-image-preview:large, max-video-preview:-1\" \/>\n<link rel=\"canonical\" href=\"https:\/\/www.bellunopress.it\/fr\/2026\/06\/27\/euromedica-inaugura-la-nuova-sede-a-belluno-nel-ricordo-del-dottor-dario-de-marco\/\" \/>\n<meta property=\"og:locale\" content=\"fr_FR\" \/>\n<meta property=\"og:type\" content=\"article\" \/>\n<meta property=\"og:title\" content=\"EuroMedica inaugura la nuova sede a Belluno nel ricordo del dottor Dario De Marco - Bellunopress - Dolomiti\" \/>\n<meta property=\"og:description\" content=\"Belluno, 27\/06\/2026 \u2013 Si \u00e8 svolta questa mattina l\u2019inaugurazione a Belluno della nuova sede in via Vittorio Veneto 280 di EuroMedica, la realt\u00e0 guidata da Adriana Marcon. Un momento di grande valore, che unisce lo sviluppo del territorio al ricordo indelebile di una figura simbolo della sanit\u00e0 locale. L&#8217;evento \u00e8 stato l&#8217;occasione per presentare gli [&hellip;]\" \/>\n<meta property=\"og:url\" content=\"https:\/\/www.bellunopress.it\/fr\/2026\/06\/27\/euromedica-inaugura-la-nuova-sede-a-belluno-nel-ricordo-del-dottor-dario-de-marco\/\" \/>\n<meta property=\"og:site_name\" content=\"Bellunopress - Dolomiti\" \/>\n<meta property=\"article:publisher\" content=\"https:\/\/www.facebook.com\/profile.php?id=100008943462799\" \/>\n<meta property=\"article:published_time\" content=\"2026-06-27T11:21:12+00:00\" \/>\n<meta property=\"og:image\" content=\"https:\/\/www.bellunopress.it\/wp-content\/uploads\/2026\/06\/Adriana-Marcon-titolare-di-EuroMedica-Belluno.jpg\" \/>\n\t<meta property=\"og:image:width\" content=\"500\" \/>\n\t<meta property=\"og:image:height\" content=\"512\" \/>\n\t<meta property=\"og:image:type\" content=\"image\/jpeg\" \/>\n<meta name=\"author\" content=\"redazione\" \/>\n<meta name=\"twitter:card\" content=\"summary_large_image\" \/>\n<meta name=\"twitter:creator\" content=\"@bellunopress\" \/>\n<meta name=\"twitter:site\" content=\"@bellunopress\" \/>\n<meta name=\"twitter:label1\" content=\"\u00c9crit par\" \/>\n\t<meta name=\"twitter:data1\" content=\"redazione\" \/>\n\t<meta name=\"twitter:label2\" content=\"Dur\u00e9e de lecture estim\u00e9e\" \/>\n\t<meta name=\"twitter:data2\" content=\"2 minutes\" \/>\n<script type=\"application\/ld+json\" class=\"yoast-schema-graph\">{\"@context\":\"https:\\\/\\\/schema.org\",\"@graph\":[{\"@type\":\"Article\",\"@id\":\"https:\\\/\\\/www.bellunopress.it\\\/2026\\\/06\\\/27\\\/euromedica-inaugura-la-nuova-sede-a-belluno-nel-ricordo-del-dottor-dario-de-marco\\\/#article\",\"isPartOf\":{\"@id\":\"https:\\\/\\\/www.bellunopress.it\\\/2026\\\/06\\\/27\\\/euromedica-inaugura-la-nuova-sede-a-belluno-nel-ricordo-del-dottor-dario-de-marco\\\/\"},\"author\":{\"name\":\"redazione\",\"@id\":\"https:\\\/\\\/www.bellunopress.it\\\/#\\\/schema\\\/person\\\/79bb06722b37ece1c03d3e94beb30d73\"},\"headline\":\"EuroMedica inaugura la nuova sede a Belluno nel ricordo del dottor Dario De Marco\",\"datePublished\":\"2026-06-27T11:21:12+00:00\",\"mainEntityOfPage\":{\"@id\":\"https:\\\/\\\/www.bellunopress.it\\\/2026\\\/06\\\/27\\\/euromedica-inaugura-la-nuova-sede-a-belluno-nel-ricordo-del-dottor-dario-de-marco\\\/\"},\"wordCount\":262,\"publisher\":{\"@id\":\"https:\\\/\\\/www.bellunopress.it\\\/#organization\"},\"image\":{\"@id\":\"https:\\\/\\\/www.bellunopress.it\\\/2026\\\/06\\\/27\\\/euromedica-inaugura-la-nuova-sede-a-belluno-nel-ricordo-del-dottor-dario-de-marco\\\/#primaryimage\"},\"thumbnailUrl\":\"https:\\\/\\\/www.bellunopress.it\\\/wp-content\\\/uploads\\\/2026\\\/06\\\/Adriana-Marcon-titolare-di-EuroMedica-Belluno.jpg\",\"articleSection\":[\"Cronaca\\\/Politica\",\"Prima Pagina\",\"Sanit\u00e0 Medicina\"],\"inLanguage\":\"fr-FR\"},{\"@type\":\"WebPage\",\"@id\":\"https:\\\/\\\/www.bellunopress.it\\\/2026\\\/06\\\/27\\\/euromedica-inaugura-la-nuova-sede-a-belluno-nel-ricordo-del-dottor-dario-de-marco\\\/\",\"url\":\"https:\\\/\\\/www.bellunopress.it\\\/2026\\\/06\\\/27\\\/euromedica-inaugura-la-nuova-sede-a-belluno-nel-ricordo-del-dottor-dario-de-marco\\\/\",\"name\":\"EuroMedica inaugura la nuova sede a Belluno nel ricordo del dottor Dario De Marco - Bellunopress - Dolomiti\",\"isPartOf\":{\"@id\":\"https:\\\/\\\/www.bellunopress.it\\\/#website\"},\"primaryImageOfPage\":{\"@id\":\"https:\\\/\\\/www.bellunopress.it\\\/2026\\\/06\\\/27\\\/euromedica-inaugura-la-nuova-sede-a-belluno-nel-ricordo-del-dottor-dario-de-marco\\\/#primaryimage\"},\"image\":{\"@id\":\"https:\\\/\\\/www.bellunopress.it\\\/2026\\\/06\\\/27\\\/euromedica-inaugura-la-nuova-sede-a-belluno-nel-ricordo-del-dottor-dario-de-marco\\\/#primaryimage\"},\"thumbnailUrl\":\"https:\\\/\\\/www.bellunopress.it\\\/wp-content\\\/uploads\\\/2026\\\/06\\\/Adriana-Marcon-titolare-di-EuroMedica-Belluno.jpg\",\"datePublished\":\"2026-06-27T11:21:12+00:00\",\"breadcrumb\":{\"@id\":\"https:\\\/\\\/www.bellunopress.it\\\/2026\\\/06\\\/27\\\/euromedica-inaugura-la-nuova-sede-a-belluno-nel-ricordo-del-dottor-dario-de-marco\\\/#breadcrumb\"},\"inLanguage\":\"fr-FR\",\"potentialAction\":[{\"@type\":\"ReadAction\",\"target\":[\"https:\\\/\\\/www.bellunopress.it\\\/2026\\\/06\\\/27\\\/euromedica-inaugura-la-nuova-sede-a-belluno-nel-ricordo-del-dottor-dario-de-marco\\\/\"]}]},{\"@type\":\"ImageObject\",\"inLanguage\":\"fr-FR\",\"@id\":\"https:\\\/\\\/www.bellunopress.it\\\/2026\\\/06\\\/27\\\/euromedica-inaugura-la-nuova-sede-a-belluno-nel-ricordo-del-dottor-dario-de-marco\\\/#primaryimage\",\"url\":\"https:\\\/\\\/www.bellunopress.it\\\/wp-content\\\/uploads\\\/2026\\\/06\\\/Adriana-Marcon-titolare-di-EuroMedica-Belluno.jpg\",\"contentUrl\":\"https:\\\/\\\/www.bellunopress.it\\\/wp-content\\\/uploads\\\/2026\\\/06\\\/Adriana-Marcon-titolare-di-EuroMedica-Belluno.jpg\",\"width\":500,\"height\":512,\"caption\":\"Adriana Marcon, titolare di EuroMedica\"},{\"@type\":\"BreadcrumbList\",\"@id\":\"https:\\\/\\\/www.bellunopress.it\\\/2026\\\/06\\\/27\\\/euromedica-inaugura-la-nuova-sede-a-belluno-nel-ricordo-del-dottor-dario-de-marco\\\/#breadcrumb\",\"itemListElement\":[{\"@type\":\"ListItem\",\"position\":1,\"name\":\"Home\",\"item\":\"https:\\\/\\\/www.bellunopress.it\\\/\"},{\"@type\":\"ListItem\",\"position\":2,\"name\":\"EuroMedica inaugura la nuova sede a Belluno nel ricordo del dottor Dario De Marco\"}]},{\"@type\":\"WebSite\",\"@id\":\"https:\\\/\\\/www.bellunopress.it\\\/#website\",\"url\":\"https:\\\/\\\/www.bellunopress.it\\\/\",\"name\":\"Bellunopress - Dolomiti\",\"description\":\"e-mail: redazione@bellunopress.it\",\"publisher\":{\"@id\":\"https:\\\/\\\/www.bellunopress.it\\\/#organization\"},\"potentialAction\":[{\"@type\":\"SearchAction\",\"target\":{\"@type\":\"EntryPoint\",\"urlTemplate\":\"https:\\\/\\\/www.bellunopress.it\\\/?s={search_term_string}\"},\"query-input\":{\"@type\":\"PropertyValueSpecification\",\"valueRequired\":true,\"valueName\":\"search_term_string\"}}],\"inLanguage\":\"fr-FR\"},{\"@type\":\"Organization\",\"@id\":\"https:\\\/\\\/www.bellunopress.it\\\/#organization\",\"name\":\"Bellunopress\",\"url\":\"https:\\\/\\\/www.bellunopress.it\\\/\",\"logo\":{\"@type\":\"ImageObject\",\"inLanguage\":\"fr-FR\",\"@id\":\"https:\\\/\\\/www.bellunopress.it\\\/#\\\/schema\\\/logo\\\/image\\\/\",\"url\":\"https:\\\/\\\/www.bellunopress.it\\\/wp-content\\\/uploads\\\/2011\\\/05\\\/cropped-logo-bellunopress-.jpg\",\"contentUrl\":\"https:\\\/\\\/www.bellunopress.it\\\/wp-content\\\/uploads\\\/2011\\\/05\\\/cropped-logo-bellunopress-.jpg\",\"width\":512,\"height\":512,\"caption\":\"Bellunopress\"},\"image\":{\"@id\":\"https:\\\/\\\/www.bellunopress.it\\\/#\\\/schema\\\/logo\\\/image\\\/\"},\"sameAs\":[\"https:\\\/\\\/www.facebook.com\\\/profile.php?id=100008943462799\",\"https:\\\/\\\/x.com\\\/bellunopress\",\"https:\\\/\\\/www.linkedin.com\\\/hp\\\/?dnr=JBzUWaJfMUw8vbXJJ2tVW5-I3jZKvC4wsoxE&amp;amp;amp;amp;amp;amp;trk=nav_responsive_tab_home\",\"https:\\\/\\\/www.youtube.com\\\/channel\\\/UCxL0wu1uN0_3_7hGG0306cw\"]},{\"@type\":\"Person\",\"@id\":\"https:\\\/\\\/www.bellunopress.it\\\/#\\\/schema\\\/person\\\/79bb06722b37ece1c03d3e94beb30d73\",\"name\":\"redazione\",\"image\":{\"@type\":\"ImageObject\",\"inLanguage\":\"fr-FR\",\"@id\":\"https:\\\/\\\/secure.gravatar.com\\\/avatar\\\/37d968a2e67a6fd04c169c4bdef102d0bc5d31b2546345219e348575eb80e9a0?s=96&d=mm&r=g\",\"url\":\"https:\\\/\\\/secure.gravatar.com\\\/avatar\\\/37d968a2e67a6fd04c169c4bdef102d0bc5d31b2546345219e348575eb80e9a0?s=96&d=mm&r=g\",\"contentUrl\":\"https:\\\/\\\/secure.gravatar.com\\\/avatar\\\/37d968a2e67a6fd04c169c4bdef102d0bc5d31b2546345219e348575eb80e9a0?s=96&d=mm&r=g\",\"caption\":\"redazione\"},\"sameAs\":[\"http:\\\/\\\/www.bellunopress.it\",\"https:\\\/\\\/x.com\\\/bellunopress\"],\"url\":\"https:\\\/\\\/www.bellunopress.it\\\/fr\\\/author\\\/redazione\\\/\"}]}<\/script>\n<!-- \/ Yoast SEO plugin. -->","yoast_head_json":{"title":"EuroMedica inaugura la nuova sede a Belluno nel ricordo del dottor Dario De Marco - Bellunopress - Dolomiti","robots":{"index":"index","follow":"follow","max-snippet":"max-snippet:-1","max-image-preview":"max-image-preview:large","max-video-preview":"max-video-preview:-1"},"canonical":"https:\/\/www.bellunopress.it\/fr\/2026\/06\/27\/euromedica-inaugura-la-nuova-sede-a-belluno-nel-ricordo-del-dottor-dario-de-marco\/","og_locale":"fr_FR","og_type":"article","og_title":"EuroMedica inaugura la nuova sede a Belluno nel ricordo del dottor Dario De Marco - Bellunopress - Dolomiti","og_description":"Belluno, 27\/06\/2026 \u2013 Si \u00e8 svolta questa mattina l\u2019inaugurazione a Belluno della nuova sede in via Vittorio Veneto 280 di EuroMedica, la realt\u00e0 guidata da Adriana Marcon. Un momento di grande valore, che unisce lo sviluppo del territorio al ricordo indelebile di una figura simbolo della sanit\u00e0 locale. L&#8217;evento \u00e8 stato l&#8217;occasione per presentare gli [&hellip;]","og_url":"https:\/\/www.bellunopress.it\/fr\/2026\/06\/27\/euromedica-inaugura-la-nuova-sede-a-belluno-nel-ricordo-del-dottor-dario-de-marco\/","og_site_name":"Bellunopress - Dolomiti","article_publisher":"https:\/\/www.facebook.com\/profile.php?id=100008943462799","article_published_time":"2026-06-27T11:21:12+00:00","og_image":[{"width":500,"height":512,"url":"https:\/\/www.bellunopress.it\/wp-content\/uploads\/2026\/06\/Adriana-Marcon-titolare-di-EuroMedica-Belluno.jpg","type":"image\/jpeg"}],"author":"redazione","twitter_card":"summary_large_image","twitter_creator":"@bellunopress","twitter_site":"@bellunopress","twitter_misc":{"\u00c9crit par":"redazione","Dur\u00e9e de lecture estim\u00e9e":"2 minutes"},"schema":{"@context":"https:\/\/schema.org","@graph":[{"@type":"Article","@id":"https:\/\/www.bellunopress.it\/2026\/06\/27\/euromedica-inaugura-la-nuova-sede-a-belluno-nel-ricordo-del-dottor-dario-de-marco\/#article","isPartOf":{"@id":"https:\/\/www.bellunopress.it\/2026\/06\/27\/euromedica-inaugura-la-nuova-sede-a-belluno-nel-ricordo-del-dottor-dario-de-marco\/"},"author":{"name":"redazione","@id":"https:\/\/www.bellunopress.it\/#\/schema\/person\/79bb06722b37ece1c03d3e94beb30d73"},"headline":"EuroMedica inaugura la nuova sede a Belluno nel ricordo del dottor Dario De Marco","datePublished":"2026-06-27T11:21:12+00:00","mainEntityOfPage":{"@id":"https:\/\/www.bellunopress.it\/2026\/06\/27\/euromedica-inaugura-la-nuova-sede-a-belluno-nel-ricordo-del-dottor-dario-de-marco\/"},"wordCount":262,"publisher":{"@id":"https:\/\/www.bellunopress.it\/#organization"},"image":{"@id":"https:\/\/www.bellunopress.it\/2026\/06\/27\/euromedica-inaugura-la-nuova-sede-a-belluno-nel-ricordo-del-dottor-dario-de-marco\/#primaryimage"},"thumbnailUrl":"https:\/\/www.bellunopress.it\/wp-content\/uploads\/2026\/06\/Adriana-Marcon-titolare-di-EuroMedica-Belluno.jpg","articleSection":["Cronaca\/Politica","Prima Pagina","Sanit\u00e0 Medicina"],"inLanguage":"fr-FR"},{"@type":"WebPage","@id":"https:\/\/www.bellunopress.it\/2026\/06\/27\/euromedica-inaugura-la-nuova-sede-a-belluno-nel-ricordo-del-dottor-dario-de-marco\/","url":"https:\/\/www.bellunopress.it\/2026\/06\/27\/euromedica-inaugura-la-nuova-sede-a-belluno-nel-ricordo-del-dottor-dario-de-marco\/","name":"EuroMedica inaugura la nuova sede a Belluno nel ricordo del dottor Dario De Marco - Bellunopress - Dolomiti","isPartOf":{"@id":"https:\/\/www.bellunopress.it\/#website"},"primaryImageOfPage":{"@id":"https:\/\/www.bellunopress.it\/2026\/06\/27\/euromedica-inaugura-la-nuova-sede-a-belluno-nel-ricordo-del-dottor-dario-de-marco\/#primaryimage"},"image":{"@id":"https:\/\/www.bellunopress.it\/2026\/06\/27\/euromedica-inaugura-la-nuova-sede-a-belluno-nel-ricordo-del-dottor-dario-de-marco\/#primaryimage"},"thumbnailUrl":"https:\/\/www.bellunopress.it\/wp-content\/uploads\/2026\/06\/Adriana-Marcon-titolare-di-EuroMedica-Belluno.jpg","datePublished":"2026-06-27T11:21:12+00:00","breadcrumb":{"@id":"https:\/\/www.bellunopress.it\/2026\/06\/27\/euromedica-inaugura-la-nuova-sede-a-belluno-nel-ricordo-del-dottor-dario-de-marco\/#breadcrumb"},"inLanguage":"fr-FR","potentialAction":[{"@type":"ReadAction","target":["https:\/\/www.bellunopress.it\/2026\/06\/27\/euromedica-inaugura-la-nuova-sede-a-belluno-nel-ricordo-del-dottor-dario-de-marco\/"]}]},{"@type":"ImageObject","inLanguage":"fr-FR","@id":"https:\/\/www.bellunopress.it\/2026\/06\/27\/euromedica-inaugura-la-nuova-sede-a-belluno-nel-ricordo-del-dottor-dario-de-marco\/#primaryimage","url":"https:\/\/www.bellunopress.it\/wp-content\/uploads\/2026\/06\/Adriana-Marcon-titolare-di-EuroMedica-Belluno.jpg","contentUrl":"https:\/\/www.bellunopress.it\/wp-content\/uploads\/2026\/06\/Adriana-Marcon-titolare-di-EuroMedica-Belluno.jpg","width":500,"height":512,"caption":"Adriana Marcon, titolare di EuroMedica"},{"@type":"BreadcrumbList","@id":"https:\/\/www.bellunopress.it\/2026\/06\/27\/euromedica-inaugura-la-nuova-sede-a-belluno-nel-ricordo-del-dottor-dario-de-marco\/#breadcrumb","itemListElement":[{"@type":"ListItem","position":1,"name":"Home","item":"https:\/\/www.bellunopress.it\/"},{"@type":"ListItem","position":2,"name":"EuroMedica inaugura la nuova sede a Belluno nel ricordo del dottor Dario De Marco"}]},{"@type":"WebSite","@id":"https:\/\/www.bellunopress.it\/#website","url":"https:\/\/www.bellunopress.it\/","name":"Bellunopress - Dolomiti","description":"e-mail: redazione@bellunopress.it","publisher":{"@id":"https:\/\/www.bellunopress.it\/#organization"},"potentialAction":[{"@type":"SearchAction","target":{"@type":"EntryPoint","urlTemplate":"https:\/\/www.bellunopress.it\/?s={search_term_string}"},"query-input":{"@type":"PropertyValueSpecification","valueRequired":true,"valueName":"search_term_string"}}],"inLanguage":"fr-FR"},{"@type":"Organization","@id":"https:\/\/www.bellunopress.it\/#organization","name":"Bellunopress","url":"https:\/\/www.bellunopress.it\/","logo":{"@type":"ImageObject","inLanguage":"fr-FR","@id":"https:\/\/www.bellunopress.it\/#\/schema\/logo\/image\/","url":"https:\/\/www.bellunopress.it\/wp-content\/uploads\/2011\/05\/cropped-logo-bellunopress-.jpg","contentUrl":"https:\/\/www.bellunopress.it\/wp-content\/uploads\/2011\/05\/cropped-logo-bellunopress-.jpg","width":512,"height":512,"caption":"Bellunopress"},"image":{"@id":"https:\/\/www.bellunopress.it\/#\/schema\/logo\/image\/"},"sameAs":["https:\/\/www.facebook.com\/profile.php?id=100008943462799","https:\/\/x.com\/bellunopress","https:\/\/www.linkedin.com\/hp\/?dnr=JBzUWaJfMUw8vbXJJ2tVW5-I3jZKvC4wsoxE&amp;amp;amp;amp;amp;amp;trk=nav_responsive_tab_home","https:\/\/www.youtube.com\/channel\/UCxL0wu1uN0_3_7hGG0306cw"]},{"@type":"Person","@id":"https:\/\/www.bellunopress.it\/#\/schema\/person\/79bb06722b37ece1c03d3e94beb30d73","name":"r\u00e9daction","image":{"@type":"ImageObject","inLanguage":"fr-FR","@id":"https:\/\/secure.gravatar.com\/avatar\/37d968a2e67a6fd04c169c4bdef102d0bc5d31b2546345219e348575eb80e9a0?s=96&d=mm&r=g","url":"https:\/\/secure.gravatar.com\/avatar\/37d968a2e67a6fd04c169c4bdef102d0bc5d31b2546345219e348575eb80e9a0?s=96&d=mm&r=g","contentUrl":"https:\/\/secure.gravatar.com\/avatar\/37d968a2e67a6fd04c169c4bdef102d0bc5d31b2546345219e348575eb80e9a0?s=96&d=mm&r=g","caption":"redazione"},"sameAs":["http:\/\/www.bellunopress.it","https:\/\/x.com\/bellunopress"],"url":"https:\/\/www.bellunopress.it\/fr\/author\/redazione\/"}]}},"_links":{"self":[{"href":"https:\/\/www.bellunopress.it\/fr\/wp-json\/wp\/v2\/posts\/171475","targetHints":{"allow":["GET"]}}],"collection":[{"href":"https:\/\/www.bellunopress.it\/fr\/wp-json\/wp\/v2\/posts"}],"about":[{"href":"https:\/\/www.bellunopress.it\/fr\/wp-json\/wp\/v2\/types\/post"}],"author":[{"embeddable":true,"href":"https:\/\/www.bellunopress.it\/fr\/wp-json\/wp\/v2\/users\/2"}],"replies":[{"embeddable":true,"href":"https:\/\/www.bellunopress.it\/fr\/wp-json\/wp\/v2\/comments?post=171475"}],"version-history":[{"count":1,"href":"https:\/\/www.bellunopress.it\/fr\/wp-json\/wp\/v2\/posts\/171475\/revisions"}],"predecessor-version":[{"id":171478,"href":"https:\/\/www.bellunopress.it\/fr\/wp-json\/wp\/v2\/posts\/171475\/revisions\/171478"}],"wp:featuredmedia":[{"embeddable":true,"href":"https:\/\/www.bellunopress.it\/fr\/wp-json\/wp\/v2\/media\/171476"}],"wp:attachment":[{"href":"https:\/\/www.bellunopress.it\/fr\/wp-json\/wp\/v2\/media?parent=171475"}],"wp:term":[{"taxonomy":"category","embeddable":true,"href":"https:\/\/www.bellunopress.it\/fr\/wp-json\/wp\/v2\/categories?post=171475"},{"taxonomy":"post_tag","embeddable":true,"href":"https:\/\/www.bellunopress.it\/fr\/wp-json\/wp\/v2\/tags?post=171475"}],"curies":[{"name":"wp","href":"https:\/\/api.w.org\/{rel}","templated":true}]}}