{"id":171472,"date":"2026-06-27T07:31:46","date_gmt":"2026-06-27T05:31:46","guid":{"rendered":"https:\/\/www.bellunopress.it\/?p=171472"},"modified":"2026-06-27T07:31:46","modified_gmt":"2026-06-27T05:31:46","slug":"gaia-tormena-e-pietro-cao-firmano-il-tricolore-open-2026-delleliminator","status":"publish","type":"post","link":"https:\/\/www.bellunopress.it\/fr\/2026\/06\/27\/gaia-tormena-e-pietro-cao-firmano-il-tricolore-open-2026-delleliminator\/","title":{"rendered":"Gaia Tormena e Pietro Cao firmano il Tricolore open 2026 dell&#8217;eliminator"},"content":{"rendered":"<p class=\"v1MsoNormal\"><b><span style=\"font-family: verdana, sans-serif;\">Primo titolo italiano per il trevigiano di Trinx Factory Team. Ennesimo scudetto per l&#8217;iridata valdostana del Centro sportivo Esercito. Quasi 500 i concorrenti in gara in Alpago per la prima giornata di A<\/span><\/b><b><span style=\"font-family: verdana, sans-serif;\">lpago Bike Funtastic. Domani e domenica Mtb International Summer Classic e campionati italiani giovanili di cross country<\/span><\/b><\/p>\n<p class=\"v1MsoNormal\"><b><span style=\"font-family: verdana, sans-serif;\">\u00a0<\/span><\/b><span style=\"font-family: verdana, sans-serif;\">Chies d&#8217;Alpago (Belluno), 26 giugno 2026 \u2013 In quasi cinquecento, venerd\u00ec 26 giugno, per la prima giornata di Alpago Bike Funtastic, la tre giorni dedicata alla mountain bike che a Lamosano di Chies d&#8217;Alpago (Belluno) \u00e8 diventata un punto di riferimento nel panorama italiano della mountain bike.<\/span><\/p>\n<p class=\"v1MsoNormal\"><span style=\"font-family: verdana, sans-serif;\">A dare il via al fine settimana di Alpago Bike Funtastic, evento proposto dalla Societ\u00e0 ciclistica Chies, \u00e8 stato il campionato italiano dell&#8217;Eliminator, la gara breve, molto tecnica e ad alto tasso di adrenalina nella quale quattro atleti duellano in batterie a eliminazione diretta fino ad arrivare alla finale. Circuito spettacolare e impegnativo, quello di Lamosano: 680 metri con grande dislivello, misto asfalto e sterrato. La giornata, caratterizzata da grande caldo, \u00e8 stata una vera maratona: inizio gare alle 12.30, conclusione alle 21.30.<\/span><\/p>\n<p class=\"v1MsoNormal\"><span style=\"font-family: verdana, sans-serif;\">A vincere il titolo italiano Open \u00e8 stato Pietro Cao, trevigiano di Cordignano, portacolori di Trinx Factory Team, che in qualifica ha realizzato il miglior tempo e che sul rettilineo finale nell&#8217;atto conclusivo si \u00e8 imposto con grande autorevolezza, precedendo con margine Giovanni Zago\u00a0(Team Sogno Veneto) e Paolo Costa (Lupi Valle d&#8217;Aosta).<\/span><\/p>\n<p class=\"v1MsoNormal\"><span style=\"font-family: verdana, sans-serif;\">\u00ab\u00c8 il mio primo titolo italiano e sono davvero felice\u00bb dice Cao, diciannove anni il prossimo 14 agosto e mercoled\u00ec, 1 luglio, chiamato a sostenere l&#8217;esame di maturit\u00e0, al liceo delle scienze umane. \u00abSapevo che potevo fare bene, ero pronto e sono riuscito a fare quello che ci eravamo prefissati. Questo titolo \u00e8 la chiusura di un cerchio, dico grazie alla mia squadra e alla mia famiglia. Lo scorso inverno sono stato fermo tre mesi a causa di un problema al ginocchio, questa maglia tricolore d\u00e0 grande morale per il futuro. L&#8217;eliminator? Una specialit\u00e0 ancora di nicchia ma \u00e8 spettacolare. Spero che possa crescere perch\u00e9 \u00e8 una disciplina che richiede di essere atleti completi\u00bb.<\/span><\/p>\n<p class=\"v1MsoNormal\"><span style=\"font-family: verdana, sans-serif;\">Tra le donne, dominio per Gaia Tormena. L&#8217;atleta del Centro sportivo Esercito, valdostana che vive a Reggio Emilia, pluri iridata della specialit\u00e0 (lo scorso aprile a Barcellona ha conquistato il sesto titolo) ha prima realizzato il miglior tempo in qualifica e poi superato le fasi finali fino a imporsi nella &#8220;big final&#8221; davanti a Sophie Messmer\u00a0(Junior Team Suedtirol)\u00a0\u00a0e Nicole Azzetti\u00a0(Ktm Protek Elettrosystem). <\/span><\/p>\n<p class=\"v1MsoNormal\"><span style=\"font-family: verdana, sans-serif;\">\u00ab\u00c8 sempre una grande soddisfazione conquistare il campionato italiano in questa specialit\u00e0 che \u00e8, semplicemente, spettacolare\u00bb dice Tormena. \u00abCircuito impegnativo, questo di Lamosano, reso ancora pi\u00f9 impegnativo dal gran caldo. Festeggiare? S\u00ec, ma con moderazione perch\u00e9 domani pomeriggio mi attende una prova di Coppa del mondo in Polonia, a Gdynia\u00bb.<\/span><\/p>\n<p class=\"v1MsoNormal\"><strong><span style=\"font-family: verdana, sans-serif;\">I vincitori dei titoli giovanili<\/span><\/strong><\/p>\n<p class=\"v1MsoNormal\"><span style=\"font-family: verdana, sans-serif;\">Esordienti I anno: Gabriel Pasta (Ktm Academy Le Marmotte) e Nami Epis (Ktm Academy Le Marmotte)<\/span><\/p>\n<p class=\"v1MsoNormal\"><span style=\"font-family: verdana, sans-serif;\">\u00a0Esordienti II anno: Nicol\u00f2 Ferrari (Tirano Bike) e Ilary Ceccarelli (Appenninico 1907)<\/span><\/p>\n<p class=\"v1MsoNormal\"><span style=\"font-family: verdana, sans-serif;\">Allievi I anno: e Ilaria Crassetti (Cycling Caf\u00e9 Racing Team)<\/span><\/p>\n<p class=\"v1MsoNormal\"><span style=\"font-family: verdana, sans-serif;\">Allievi II anno: Jacopo Palermo (Vel\u00f2 Montirone) Federico Chivil\u00f2 (Jam&#8217;s Bike Buja) e Federica Nicoli (Speed Bike Rocks)<\/span><\/p>\n<p class=\"v1MsoNormal\"><span style=\"font-family: verdana, sans-serif;\">Master: Marco Gazzola (Bibione Cycling Team)<\/span><\/p>\n<p class=\"v1MsoNormal\"><span style=\"font-family: verdana, sans-serif;\">Per sabato 27 giugno, il programma di Alpago Bike Funtastic prevede l&#8217; &#8220;Mtb International Summer Classic&#8221;, evento internazionale classificato come C1 nel calendario Uci.<\/span><\/p>\n<p class=\"v1MsoNormal\"><span style=\"font-family: verdana, sans-serif;\">La tre giorni di Alpago Bike Funtastic si concluder\u00e0 domenica 28 giugno con un altro campionato italiano: di scena le categorie giovanili (Esordienti \u2013 under 16 e Allievi \u2013 under 18). Saranno seicento i giovani atleti che si contenderanno i titoli tricolori del cross country.<\/p>\n<p><\/span><\/p>","protected":false},"excerpt":{"rendered":"<p>Primo titolo italiano per il trevigiano di Trinx Factory Team. Ennesimo scudetto per l&#8217;iridata valdostana del Centro sportivo Esercito. Quasi 500 i concorrenti in gara in Alpago per la prima giornata di Alpago Bike Funtastic. Domani e domenica Mtb International Summer Classic e campionati italiani giovanili di cross country \u00a0Chies d&#8217;Alpago (Belluno), 26 giugno 2026 [&hellip;]<\/p>\n","protected":false},"author":2,"featured_media":171473,"comment_status":"closed","ping_status":"open","sticky":false,"template":"","format":"standard","meta":{"footnotes":""},"categories":[4],"tags":[],"class_list":["post-171472","post","type-post","status-publish","format-standard","has-post-thumbnail","category-sport"],"yoast_head":"<!-- This site is optimized with the Yoast SEO plugin v28.4 - https:\/\/yoast.com\/product\/yoast-seo-wordpress\/ -->\n<title>Gaia Tormena e Pietro Cao firmano il Tricolore open 2026 dell&#039;eliminator - Bellunopress - Dolomiti<\/title>\n<meta name=\"robots\" content=\"index, follow, max-snippet:-1, max-image-preview:large, max-video-preview:-1\" \/>\n<link rel=\"canonical\" href=\"https:\/\/www.bellunopress.it\/fr\/2026\/06\/27\/gaia-tormena-e-pietro-cao-firmano-il-tricolore-open-2026-delleliminator\/\" \/>\n<meta property=\"og:locale\" content=\"fr_FR\" \/>\n<meta property=\"og:type\" content=\"article\" \/>\n<meta property=\"og:title\" content=\"Gaia Tormena e Pietro Cao firmano il Tricolore open 2026 dell&#039;eliminator - Bellunopress - Dolomiti\" \/>\n<meta property=\"og:description\" content=\"Primo titolo italiano per il trevigiano di Trinx Factory Team. Ennesimo scudetto per l&#8217;iridata valdostana del Centro sportivo Esercito. Quasi 500 i concorrenti in gara in Alpago per la prima giornata di Alpago Bike Funtastic. Domani e domenica Mtb International Summer Classic e campionati italiani giovanili di cross country \u00a0Chies d&#8217;Alpago (Belluno), 26 giugno 2026 [&hellip;]\" \/>\n<meta property=\"og:url\" content=\"https:\/\/www.bellunopress.it\/fr\/2026\/06\/27\/gaia-tormena-e-pietro-cao-firmano-il-tricolore-open-2026-delleliminator\/\" \/>\n<meta property=\"og:site_name\" content=\"Bellunopress - Dolomiti\" \/>\n<meta property=\"article:publisher\" content=\"https:\/\/www.facebook.com\/profile.php?id=100008943462799\" \/>\n<meta property=\"article:published_time\" content=\"2026-06-27T05:31:46+00:00\" \/>\n<meta property=\"og:image\" content=\"https:\/\/www.bellunopress.it\/wp-content\/uploads\/2026\/06\/\u00a9Ilario-Tancon-ABF-Eliminator-26-giugno-2026-mtb-alpago-bike-funtastic.jpeg\" \/>\n\t<meta property=\"og:image:width\" content=\"559\" \/>\n\t<meta property=\"og:image:height\" content=\"350\" \/>\n\t<meta property=\"og:image:type\" content=\"image\/jpeg\" \/>\n<meta name=\"author\" content=\"redazione\" \/>\n<meta name=\"twitter:card\" content=\"summary_large_image\" \/>\n<meta name=\"twitter:creator\" content=\"@bellunopress\" \/>\n<meta name=\"twitter:site\" content=\"@bellunopress\" \/>\n<meta name=\"twitter:label1\" content=\"Written by\" \/>\n\t<meta name=\"twitter:data1\" content=\"redazione\" \/>\n\t<meta name=\"twitter:label2\" content=\"Est. reading time\" \/>\n\t<meta name=\"twitter:data2\" content=\"4 minutes\" \/>\n<script type=\"application\/ld+json\" class=\"yoast-schema-graph\">{\"@context\":\"https:\\\/\\\/schema.org\",\"@graph\":[{\"@type\":\"Article\",\"@id\":\"https:\\\/\\\/www.bellunopress.it\\\/2026\\\/06\\\/27\\\/gaia-tormena-e-pietro-cao-firmano-il-tricolore-open-2026-delleliminator\\\/#article\",\"isPartOf\":{\"@id\":\"https:\\\/\\\/www.bellunopress.it\\\/2026\\\/06\\\/27\\\/gaia-tormena-e-pietro-cao-firmano-il-tricolore-open-2026-delleliminator\\\/\"},\"author\":{\"name\":\"redazione\",\"@id\":\"https:\\\/\\\/www.bellunopress.it\\\/#\\\/schema\\\/person\\\/79bb06722b37ece1c03d3e94beb30d73\"},\"headline\":\"Gaia Tormena e Pietro Cao firmano il Tricolore open 2026 dell&#8217;eliminator\",\"datePublished\":\"2026-06-27T05:31:46+00:00\",\"mainEntityOfPage\":{\"@id\":\"https:\\\/\\\/www.bellunopress.it\\\/2026\\\/06\\\/27\\\/gaia-tormena-e-pietro-cao-firmano-il-tricolore-open-2026-delleliminator\\\/\"},\"wordCount\":591,\"publisher\":{\"@id\":\"https:\\\/\\\/www.bellunopress.it\\\/#organization\"},\"image\":{\"@id\":\"https:\\\/\\\/www.bellunopress.it\\\/2026\\\/06\\\/27\\\/gaia-tormena-e-pietro-cao-firmano-il-tricolore-open-2026-delleliminator\\\/#primaryimage\"},\"thumbnailUrl\":\"https:\\\/\\\/www.bellunopress.it\\\/wp-content\\\/uploads\\\/2026\\\/06\\\/\u00a9Ilario-Tancon-ABF-Eliminator-26-giugno-2026-mtb-alpago-bike-funtastic.jpeg\",\"articleSection\":[\"Sport, tempo libero\"],\"inLanguage\":\"fr-FR\"},{\"@type\":\"WebPage\",\"@id\":\"https:\\\/\\\/www.bellunopress.it\\\/2026\\\/06\\\/27\\\/gaia-tormena-e-pietro-cao-firmano-il-tricolore-open-2026-delleliminator\\\/\",\"url\":\"https:\\\/\\\/www.bellunopress.it\\\/2026\\\/06\\\/27\\\/gaia-tormena-e-pietro-cao-firmano-il-tricolore-open-2026-delleliminator\\\/\",\"name\":\"Gaia Tormena e Pietro Cao firmano il Tricolore open 2026 dell'eliminator - Bellunopress - Dolomiti\",\"isPartOf\":{\"@id\":\"https:\\\/\\\/www.bellunopress.it\\\/#website\"},\"primaryImageOfPage\":{\"@id\":\"https:\\\/\\\/www.bellunopress.it\\\/2026\\\/06\\\/27\\\/gaia-tormena-e-pietro-cao-firmano-il-tricolore-open-2026-delleliminator\\\/#primaryimage\"},\"image\":{\"@id\":\"https:\\\/\\\/www.bellunopress.it\\\/2026\\\/06\\\/27\\\/gaia-tormena-e-pietro-cao-firmano-il-tricolore-open-2026-delleliminator\\\/#primaryimage\"},\"thumbnailUrl\":\"https:\\\/\\\/www.bellunopress.it\\\/wp-content\\\/uploads\\\/2026\\\/06\\\/\u00a9Ilario-Tancon-ABF-Eliminator-26-giugno-2026-mtb-alpago-bike-funtastic.jpeg\",\"datePublished\":\"2026-06-27T05:31:46+00:00\",\"breadcrumb\":{\"@id\":\"https:\\\/\\\/www.bellunopress.it\\\/2026\\\/06\\\/27\\\/gaia-tormena-e-pietro-cao-firmano-il-tricolore-open-2026-delleliminator\\\/#breadcrumb\"},\"inLanguage\":\"fr-FR\",\"potentialAction\":[{\"@type\":\"ReadAction\",\"target\":[\"https:\\\/\\\/www.bellunopress.it\\\/2026\\\/06\\\/27\\\/gaia-tormena-e-pietro-cao-firmano-il-tricolore-open-2026-delleliminator\\\/\"]}]},{\"@type\":\"ImageObject\",\"inLanguage\":\"fr-FR\",\"@id\":\"https:\\\/\\\/www.bellunopress.it\\\/2026\\\/06\\\/27\\\/gaia-tormena-e-pietro-cao-firmano-il-tricolore-open-2026-delleliminator\\\/#primaryimage\",\"url\":\"https:\\\/\\\/www.bellunopress.it\\\/wp-content\\\/uploads\\\/2026\\\/06\\\/\u00a9Ilario-Tancon-ABF-Eliminator-26-giugno-2026-mtb-alpago-bike-funtastic.jpeg\",\"contentUrl\":\"https:\\\/\\\/www.bellunopress.it\\\/wp-content\\\/uploads\\\/2026\\\/06\\\/\u00a9Ilario-Tancon-ABF-Eliminator-26-giugno-2026-mtb-alpago-bike-funtastic.jpeg\",\"width\":559,\"height\":350},{\"@type\":\"BreadcrumbList\",\"@id\":\"https:\\\/\\\/www.bellunopress.it\\\/2026\\\/06\\\/27\\\/gaia-tormena-e-pietro-cao-firmano-il-tricolore-open-2026-delleliminator\\\/#breadcrumb\",\"itemListElement\":[{\"@type\":\"ListItem\",\"position\":1,\"name\":\"Home\",\"item\":\"https:\\\/\\\/www.bellunopress.it\\\/\"},{\"@type\":\"ListItem\",\"position\":2,\"name\":\"Gaia Tormena e Pietro Cao firmano il Tricolore open 2026 dell&#8217;eliminator\"}]},{\"@type\":\"WebSite\",\"@id\":\"https:\\\/\\\/www.bellunopress.it\\\/#website\",\"url\":\"https:\\\/\\\/www.bellunopress.it\\\/\",\"name\":\"Bellunopress - Dolomiti\",\"description\":\"e-mail: redazione@bellunopress.it\",\"publisher\":{\"@id\":\"https:\\\/\\\/www.bellunopress.it\\\/#organization\"},\"potentialAction\":[{\"@type\":\"SearchAction\",\"target\":{\"@type\":\"EntryPoint\",\"urlTemplate\":\"https:\\\/\\\/www.bellunopress.it\\\/?s={search_term_string}\"},\"query-input\":{\"@type\":\"PropertyValueSpecification\",\"valueRequired\":true,\"valueName\":\"search_term_string\"}}],\"inLanguage\":\"fr-FR\"},{\"@type\":\"Organization\",\"@id\":\"https:\\\/\\\/www.bellunopress.it\\\/#organization\",\"name\":\"Bellunopress\",\"url\":\"https:\\\/\\\/www.bellunopress.it\\\/\",\"logo\":{\"@type\":\"ImageObject\",\"inLanguage\":\"fr-FR\",\"@id\":\"https:\\\/\\\/www.bellunopress.it\\\/#\\\/schema\\\/logo\\\/image\\\/\",\"url\":\"https:\\\/\\\/www.bellunopress.it\\\/wp-content\\\/uploads\\\/2011\\\/05\\\/cropped-logo-bellunopress-.jpg\",\"contentUrl\":\"https:\\\/\\\/www.bellunopress.it\\\/wp-content\\\/uploads\\\/2011\\\/05\\\/cropped-logo-bellunopress-.jpg\",\"width\":512,\"height\":512,\"caption\":\"Bellunopress\"},\"image\":{\"@id\":\"https:\\\/\\\/www.bellunopress.it\\\/#\\\/schema\\\/logo\\\/image\\\/\"},\"sameAs\":[\"https:\\\/\\\/www.facebook.com\\\/profile.php?id=100008943462799\",\"https:\\\/\\\/x.com\\\/bellunopress\",\"https:\\\/\\\/www.linkedin.com\\\/hp\\\/?dnr=JBzUWaJfMUw8vbXJJ2tVW5-I3jZKvC4wsoxE&amp;amp;amp;amp;amp;amp;trk=nav_responsive_tab_home\",\"https:\\\/\\\/www.youtube.com\\\/channel\\\/UCxL0wu1uN0_3_7hGG0306cw\"]},{\"@type\":\"Person\",\"@id\":\"https:\\\/\\\/www.bellunopress.it\\\/#\\\/schema\\\/person\\\/79bb06722b37ece1c03d3e94beb30d73\",\"name\":\"redazione\",\"image\":{\"@type\":\"ImageObject\",\"inLanguage\":\"fr-FR\",\"@id\":\"https:\\\/\\\/secure.gravatar.com\\\/avatar\\\/37d968a2e67a6fd04c169c4bdef102d0bc5d31b2546345219e348575eb80e9a0?s=96&d=mm&r=g\",\"url\":\"https:\\\/\\\/secure.gravatar.com\\\/avatar\\\/37d968a2e67a6fd04c169c4bdef102d0bc5d31b2546345219e348575eb80e9a0?s=96&d=mm&r=g\",\"contentUrl\":\"https:\\\/\\\/secure.gravatar.com\\\/avatar\\\/37d968a2e67a6fd04c169c4bdef102d0bc5d31b2546345219e348575eb80e9a0?s=96&d=mm&r=g\",\"caption\":\"redazione\"},\"sameAs\":[\"http:\\\/\\\/www.bellunopress.it\",\"https:\\\/\\\/x.com\\\/bellunopress\"],\"url\":\"https:\\\/\\\/www.bellunopress.it\\\/fr\\\/author\\\/redazione\\\/\"}]}<\/script>\n<!-- \/ Yoast SEO plugin. -->","yoast_head_json":{"title":"Gaia Tormena e Pietro Cao firmano il Tricolore open 2026 dell'eliminator - Bellunopress - Dolomiti","robots":{"index":"index","follow":"follow","max-snippet":"max-snippet:-1","max-image-preview":"max-image-preview:large","max-video-preview":"max-video-preview:-1"},"canonical":"https:\/\/www.bellunopress.it\/fr\/2026\/06\/27\/gaia-tormena-e-pietro-cao-firmano-il-tricolore-open-2026-delleliminator\/","og_locale":"fr_FR","og_type":"article","og_title":"Gaia Tormena e Pietro Cao firmano il Tricolore open 2026 dell'eliminator - Bellunopress - Dolomiti","og_description":"Primo titolo italiano per il trevigiano di Trinx Factory Team. Ennesimo scudetto per l&#8217;iridata valdostana del Centro sportivo Esercito. Quasi 500 i concorrenti in gara in Alpago per la prima giornata di Alpago Bike Funtastic. Domani e domenica Mtb International Summer Classic e campionati italiani giovanili di cross country \u00a0Chies d&#8217;Alpago (Belluno), 26 giugno 2026 [&hellip;]","og_url":"https:\/\/www.bellunopress.it\/fr\/2026\/06\/27\/gaia-tormena-e-pietro-cao-firmano-il-tricolore-open-2026-delleliminator\/","og_site_name":"Bellunopress - Dolomiti","article_publisher":"https:\/\/www.facebook.com\/profile.php?id=100008943462799","article_published_time":"2026-06-27T05:31:46+00:00","og_image":[{"width":559,"height":350,"url":"https:\/\/www.bellunopress.it\/wp-content\/uploads\/2026\/06\/\u00a9Ilario-Tancon-ABF-Eliminator-26-giugno-2026-mtb-alpago-bike-funtastic.jpeg","type":"image\/jpeg"}],"author":"redazione","twitter_card":"summary_large_image","twitter_creator":"@bellunopress","twitter_site":"@bellunopress","twitter_misc":{"Written by":"redazione","Est. reading time":"4 minutes"},"schema":{"@context":"https:\/\/schema.org","@graph":[{"@type":"Article","@id":"https:\/\/www.bellunopress.it\/2026\/06\/27\/gaia-tormena-e-pietro-cao-firmano-il-tricolore-open-2026-delleliminator\/#article","isPartOf":{"@id":"https:\/\/www.bellunopress.it\/2026\/06\/27\/gaia-tormena-e-pietro-cao-firmano-il-tricolore-open-2026-delleliminator\/"},"author":{"name":"redazione","@id":"https:\/\/www.bellunopress.it\/#\/schema\/person\/79bb06722b37ece1c03d3e94beb30d73"},"headline":"Gaia Tormena e Pietro Cao firmano il Tricolore open 2026 dell&#8217;eliminator","datePublished":"2026-06-27T05:31:46+00:00","mainEntityOfPage":{"@id":"https:\/\/www.bellunopress.it\/2026\/06\/27\/gaia-tormena-e-pietro-cao-firmano-il-tricolore-open-2026-delleliminator\/"},"wordCount":591,"publisher":{"@id":"https:\/\/www.bellunopress.it\/#organization"},"image":{"@id":"https:\/\/www.bellunopress.it\/2026\/06\/27\/gaia-tormena-e-pietro-cao-firmano-il-tricolore-open-2026-delleliminator\/#primaryimage"},"thumbnailUrl":"https:\/\/www.bellunopress.it\/wp-content\/uploads\/2026\/06\/\u00a9Ilario-Tancon-ABF-Eliminator-26-giugno-2026-mtb-alpago-bike-funtastic.jpeg","articleSection":["Sport, tempo libero"],"inLanguage":"fr-FR"},{"@type":"WebPage","@id":"https:\/\/www.bellunopress.it\/2026\/06\/27\/gaia-tormena-e-pietro-cao-firmano-il-tricolore-open-2026-delleliminator\/","url":"https:\/\/www.bellunopress.it\/2026\/06\/27\/gaia-tormena-e-pietro-cao-firmano-il-tricolore-open-2026-delleliminator\/","name":"Gaia Tormena e Pietro Cao firmano il Tricolore open 2026 dell'eliminator - Bellunopress - Dolomiti","isPartOf":{"@id":"https:\/\/www.bellunopress.it\/#website"},"primaryImageOfPage":{"@id":"https:\/\/www.bellunopress.it\/2026\/06\/27\/gaia-tormena-e-pietro-cao-firmano-il-tricolore-open-2026-delleliminator\/#primaryimage"},"image":{"@id":"https:\/\/www.bellunopress.it\/2026\/06\/27\/gaia-tormena-e-pietro-cao-firmano-il-tricolore-open-2026-delleliminator\/#primaryimage"},"thumbnailUrl":"https:\/\/www.bellunopress.it\/wp-content\/uploads\/2026\/06\/\u00a9Ilario-Tancon-ABF-Eliminator-26-giugno-2026-mtb-alpago-bike-funtastic.jpeg","datePublished":"2026-06-27T05:31:46+00:00","breadcrumb":{"@id":"https:\/\/www.bellunopress.it\/2026\/06\/27\/gaia-tormena-e-pietro-cao-firmano-il-tricolore-open-2026-delleliminator\/#breadcrumb"},"inLanguage":"fr-FR","potentialAction":[{"@type":"ReadAction","target":["https:\/\/www.bellunopress.it\/2026\/06\/27\/gaia-tormena-e-pietro-cao-firmano-il-tricolore-open-2026-delleliminator\/"]}]},{"@type":"ImageObject","inLanguage":"fr-FR","@id":"https:\/\/www.bellunopress.it\/2026\/06\/27\/gaia-tormena-e-pietro-cao-firmano-il-tricolore-open-2026-delleliminator\/#primaryimage","url":"https:\/\/www.bellunopress.it\/wp-content\/uploads\/2026\/06\/\u00a9Ilario-Tancon-ABF-Eliminator-26-giugno-2026-mtb-alpago-bike-funtastic.jpeg","contentUrl":"https:\/\/www.bellunopress.it\/wp-content\/uploads\/2026\/06\/\u00a9Ilario-Tancon-ABF-Eliminator-26-giugno-2026-mtb-alpago-bike-funtastic.jpeg","width":559,"height":350},{"@type":"BreadcrumbList","@id":"https:\/\/www.bellunopress.it\/2026\/06\/27\/gaia-tormena-e-pietro-cao-firmano-il-tricolore-open-2026-delleliminator\/#breadcrumb","itemListElement":[{"@type":"ListItem","position":1,"name":"Home","item":"https:\/\/www.bellunopress.it\/"},{"@type":"ListItem","position":2,"name":"Gaia Tormena e Pietro Cao firmano il Tricolore open 2026 dell&#8217;eliminator"}]},{"@type":"WebSite","@id":"https:\/\/www.bellunopress.it\/#website","url":"https:\/\/www.bellunopress.it\/","name":"Bellunopress - Dolomiti","description":"e-mail: redazione@bellunopress.it","publisher":{"@id":"https:\/\/www.bellunopress.it\/#organization"},"potentialAction":[{"@type":"SearchAction","target":{"@type":"EntryPoint","urlTemplate":"https:\/\/www.bellunopress.it\/?s={search_term_string}"},"query-input":{"@type":"PropertyValueSpecification","valueRequired":true,"valueName":"search_term_string"}}],"inLanguage":"fr-FR"},{"@type":"Organization","@id":"https:\/\/www.bellunopress.it\/#organization","name":"Bellunopress","url":"https:\/\/www.bellunopress.it\/","logo":{"@type":"ImageObject","inLanguage":"fr-FR","@id":"https:\/\/www.bellunopress.it\/#\/schema\/logo\/image\/","url":"https:\/\/www.bellunopress.it\/wp-content\/uploads\/2011\/05\/cropped-logo-bellunopress-.jpg","contentUrl":"https:\/\/www.bellunopress.it\/wp-content\/uploads\/2011\/05\/cropped-logo-bellunopress-.jpg","width":512,"height":512,"caption":"Bellunopress"},"image":{"@id":"https:\/\/www.bellunopress.it\/#\/schema\/logo\/image\/"},"sameAs":["https:\/\/www.facebook.com\/profile.php?id=100008943462799","https:\/\/x.com\/bellunopress","https:\/\/www.linkedin.com\/hp\/?dnr=JBzUWaJfMUw8vbXJJ2tVW5-I3jZKvC4wsoxE&amp;amp;amp;amp;amp;amp;trk=nav_responsive_tab_home","https:\/\/www.youtube.com\/channel\/UCxL0wu1uN0_3_7hGG0306cw"]},{"@type":"Person","@id":"https:\/\/www.bellunopress.it\/#\/schema\/person\/79bb06722b37ece1c03d3e94beb30d73","name":"r\u00e9daction","image":{"@type":"ImageObject","inLanguage":"fr-FR","@id":"https:\/\/secure.gravatar.com\/avatar\/37d968a2e67a6fd04c169c4bdef102d0bc5d31b2546345219e348575eb80e9a0?s=96&d=mm&r=g","url":"https:\/\/secure.gravatar.com\/avatar\/37d968a2e67a6fd04c169c4bdef102d0bc5d31b2546345219e348575eb80e9a0?s=96&d=mm&r=g","contentUrl":"https:\/\/secure.gravatar.com\/avatar\/37d968a2e67a6fd04c169c4bdef102d0bc5d31b2546345219e348575eb80e9a0?s=96&d=mm&r=g","caption":"redazione"},"sameAs":["http:\/\/www.bellunopress.it","https:\/\/x.com\/bellunopress"],"url":"https:\/\/www.bellunopress.it\/fr\/author\/redazione\/"}]}},"_links":{"self":[{"href":"https:\/\/www.bellunopress.it\/fr\/wp-json\/wp\/v2\/posts\/171472","targetHints":{"allow":["GET"]}}],"collection":[{"href":"https:\/\/www.bellunopress.it\/fr\/wp-json\/wp\/v2\/posts"}],"about":[{"href":"https:\/\/www.bellunopress.it\/fr\/wp-json\/wp\/v2\/types\/post"}],"author":[{"embeddable":true,"href":"https:\/\/www.bellunopress.it\/fr\/wp-json\/wp\/v2\/users\/2"}],"replies":[{"embeddable":true,"href":"https:\/\/www.bellunopress.it\/fr\/wp-json\/wp\/v2\/comments?post=171472"}],"version-history":[{"count":1,"href":"https:\/\/www.bellunopress.it\/fr\/wp-json\/wp\/v2\/posts\/171472\/revisions"}],"predecessor-version":[{"id":171474,"href":"https:\/\/www.bellunopress.it\/fr\/wp-json\/wp\/v2\/posts\/171472\/revisions\/171474"}],"wp:featuredmedia":[{"embeddable":true,"href":"https:\/\/www.bellunopress.it\/fr\/wp-json\/wp\/v2\/media\/171473"}],"wp:attachment":[{"href":"https:\/\/www.bellunopress.it\/fr\/wp-json\/wp\/v2\/media?parent=171472"}],"wp:term":[{"taxonomy":"category","embeddable":true,"href":"https:\/\/www.bellunopress.it\/fr\/wp-json\/wp\/v2\/categories?post=171472"},{"taxonomy":"post_tag","embeddable":true,"href":"https:\/\/www.bellunopress.it\/fr\/wp-json\/wp\/v2\/tags?post=171472"}],"curies":[{"name":"wp","href":"https:\/\/api.w.org\/{rel}","templated":true}]}}