{"id":171469,"date":"2026-06-27T07:11:33","date_gmt":"2026-06-27T05:11:33","guid":{"rendered":"https:\/\/www.bellunopress.it\/?p=171469"},"modified":"2026-06-27T07:11:33","modified_gmt":"2026-06-27T05:11:33","slug":"eventi-astronomici-di-fine-giugno-2026","status":"publish","type":"post","link":"https:\/\/www.bellunopress.it\/fr\/2026\/06\/27\/eventi-astronomici-di-fine-giugno-2026\/","title":{"rendered":"Eventi astronomici di fine giugno 2026"},"content":{"rendered":"<p data-path-to-node=\"2\">Il Dr. Tony Phillips, curatore del portale <i data-path-to-node=\"2\" data-index-in-node=\"43\">Spaceweather.com<\/i>, segnala due importanti fenomeni di interesse scientifico e amatoriale in corso in questi giorni.<\/p>\n<h4 data-path-to-node=\"3\">1. Potenziali interferenze per brillamenti solari di classe X<\/h4>\n<p data-path-to-node=\"4\">La grande macchia solare 4478, dopo giorni di apparente quiete, \u00e8 ora sotto osservazione intensiva. Il suo campo magnetico a polarit\u00e0 mista (classificato come &#8220;delta&#8221;) indica un significativo accumulo di energia, che potrebbe dare origine a brillamenti solari di classe X. Questi eventi, i pi\u00f9 potenti classificati sulla scala di intensit\u00e0 solare, sono monitorati attentamente per le potenziali interferenze che possono causare ai sistemi tecnologici terrestri.<\/p>\n<h4 data-path-to-node=\"5\">2. Passaggio ravvicinato dell&#8217;asteroide 1997 NC1<\/h4>\n<p data-path-to-node=\"6\">Il 27 giugno 2026, l&#8217;asteroide Near-Earth 152637 (1997 NC1) compir\u00e0 un passaggio particolarmente significativo vicino al nostro pianeta.<\/p>\n<ul data-path-to-node=\"7\">\n<li>\n<p data-path-to-node=\"7,0,0\">Dati dell&#8217;incontro: L&#8217;asteroide, con un diametro compreso tra 0,7 e 1,6 km, passer\u00e0 a una distanza di 2,6 milioni di chilometri dalla Terra. Si tratta dell&#8217;avvicinamento pi\u00f9 ravvicinato di un oggetto di tali dimensioni da oltre 400 anni; statisticamente, un evento simile si verifica circa una volta ogni decennio.<\/p>\n<\/li>\n<li>\n<p data-path-to-node=\"7,1,0\">Sicurezza: Nonostante la rilevanza dell&#8217;evento, non sussiste alcun pericolo di impatto per il prossimo secolo.<\/p>\n<\/li>\n<li>\n<p data-path-to-node=\"7,2,0\">Osservazione: L&#8217;oggetto sar\u00e0 visibile per gli astronomi amatoriali dotati di un telescopio di almeno sei pollici. Transiter\u00e0 nella costellazione dell&#8217;Ofiuco (vicino alla stella Antares) e, data la sua velocit\u00e0, sar\u00e0 possibile notarne il movimento rispetto allo sfondo stellato nel corso di pochi minuti.<\/p>\n<\/li>\n<li>\n<p data-path-to-node=\"7,3,0\">Approfondimento scientifico: La NASA utilizzer\u00e0 i radar del <i data-path-to-node=\"7,3,0\" data-index-in-node=\"60\">Deep Space Network<\/i> durante il weekend per studiare l&#8217;asteroide, raccogliendo dati essenziali per le orbite future.<\/p>\n<\/li>\n<\/ul>\n<p data-path-to-node=\"8\">Per chi desiderasse osservare il passaggio, si consiglia di puntare i telescopi verso sud attorno a mezzanotte, utilizzando le coordinate precise fornite dal sistema <i data-path-to-node=\"8\" data-index-in-node=\"166\">Horizons<\/i> del JPL.<\/p>","protected":false},"excerpt":{"rendered":"<p>Il Dr. Tony Phillips, curatore del portale Spaceweather.com, segnala due importanti fenomeni di interesse scientifico e amatoriale in corso in questi giorni. 1. Potenziali interferenze per brillamenti solari di classe X La grande macchia solare 4478, dopo giorni di apparente quiete, \u00e8 ora sotto osservazione intensiva. Il suo campo magnetico a polarit\u00e0 mista (classificato come [&hellip;]<\/p>\n","protected":false},"author":2,"featured_media":171470,"comment_status":"closed","ping_status":"open","sticky":false,"template":"","format":"standard","meta":{"footnotes":""},"categories":[3],"tags":[],"class_list":["post-171469","post","type-post","status-publish","format-standard","has-post-thumbnail","category-arte-cultura-spettacoli-scienza-archivi"],"yoast_head":"<!-- This site is optimized with the Yoast SEO plugin v28.4 - https:\/\/yoast.com\/product\/yoast-seo-wordpress\/ -->\n<title>Eventi astronomici di fine giugno 2026 - Bellunopress - Dolomiti<\/title>\n<meta name=\"robots\" content=\"index, follow, max-snippet:-1, max-image-preview:large, max-video-preview:-1\" \/>\n<link rel=\"canonical\" href=\"https:\/\/www.bellunopress.it\/fr\/2026\/06\/27\/eventi-astronomici-di-fine-giugno-2026\/\" \/>\n<meta property=\"og:locale\" content=\"fr_FR\" \/>\n<meta property=\"og:type\" content=\"article\" \/>\n<meta property=\"og:title\" content=\"Eventi astronomici di fine giugno 2026 - Bellunopress - Dolomiti\" \/>\n<meta property=\"og:description\" content=\"Il Dr. Tony Phillips, curatore del portale Spaceweather.com, segnala due importanti fenomeni di interesse scientifico e amatoriale in corso in questi giorni. 1. Potenziali interferenze per brillamenti solari di classe X La grande macchia solare 4478, dopo giorni di apparente quiete, \u00e8 ora sotto osservazione intensiva. Il suo campo magnetico a polarit\u00e0 mista (classificato come [&hellip;]\" \/>\n<meta property=\"og:url\" content=\"https:\/\/www.bellunopress.it\/fr\/2026\/06\/27\/eventi-astronomici-di-fine-giugno-2026\/\" \/>\n<meta property=\"og:site_name\" content=\"Bellunopress - Dolomiti\" \/>\n<meta property=\"article:publisher\" content=\"https:\/\/www.facebook.com\/profile.php?id=100008943462799\" \/>\n<meta property=\"article:published_time\" content=\"2026-06-27T05:11:33+00:00\" \/>\n<meta property=\"og:image\" content=\"https:\/\/www.bellunopress.it\/wp-content\/uploads\/2026\/06\/asteroide.jpg\" \/>\n\t<meta property=\"og:image:width\" content=\"600\" \/>\n\t<meta property=\"og:image:height\" content=\"327\" \/>\n\t<meta property=\"og:image:type\" content=\"image\/jpeg\" \/>\n<meta name=\"author\" content=\"redazione\" \/>\n<meta name=\"twitter:card\" content=\"summary_large_image\" \/>\n<meta name=\"twitter:creator\" content=\"@bellunopress\" \/>\n<meta name=\"twitter:site\" content=\"@bellunopress\" \/>\n<meta name=\"twitter:label1\" content=\"Written by\" \/>\n\t<meta name=\"twitter:data1\" content=\"redazione\" \/>\n\t<meta name=\"twitter:label2\" content=\"Est. reading time\" \/>\n\t<meta name=\"twitter:data2\" content=\"2 minutes\" \/>\n<script type=\"application\/ld+json\" class=\"yoast-schema-graph\">{\"@context\":\"https:\\\/\\\/schema.org\",\"@graph\":[{\"@type\":\"Article\",\"@id\":\"https:\\\/\\\/www.bellunopress.it\\\/2026\\\/06\\\/27\\\/eventi-astronomici-di-fine-giugno-2026\\\/#article\",\"isPartOf\":{\"@id\":\"https:\\\/\\\/www.bellunopress.it\\\/2026\\\/06\\\/27\\\/eventi-astronomici-di-fine-giugno-2026\\\/\"},\"author\":{\"name\":\"redazione\",\"@id\":\"https:\\\/\\\/www.bellunopress.it\\\/#\\\/schema\\\/person\\\/79bb06722b37ece1c03d3e94beb30d73\"},\"headline\":\"Eventi astronomici di fine giugno 2026\",\"datePublished\":\"2026-06-27T05:11:33+00:00\",\"mainEntityOfPage\":{\"@id\":\"https:\\\/\\\/www.bellunopress.it\\\/2026\\\/06\\\/27\\\/eventi-astronomici-di-fine-giugno-2026\\\/\"},\"wordCount\":281,\"publisher\":{\"@id\":\"https:\\\/\\\/www.bellunopress.it\\\/#organization\"},\"image\":{\"@id\":\"https:\\\/\\\/www.bellunopress.it\\\/2026\\\/06\\\/27\\\/eventi-astronomici-di-fine-giugno-2026\\\/#primaryimage\"},\"thumbnailUrl\":\"https:\\\/\\\/www.bellunopress.it\\\/wp-content\\\/uploads\\\/2026\\\/06\\\/asteroide.jpg\",\"articleSection\":[\"Arte, Cultura, Spettacoli, Scienza\"],\"inLanguage\":\"fr-FR\"},{\"@type\":\"WebPage\",\"@id\":\"https:\\\/\\\/www.bellunopress.it\\\/2026\\\/06\\\/27\\\/eventi-astronomici-di-fine-giugno-2026\\\/\",\"url\":\"https:\\\/\\\/www.bellunopress.it\\\/2026\\\/06\\\/27\\\/eventi-astronomici-di-fine-giugno-2026\\\/\",\"name\":\"Eventi astronomici di fine giugno 2026 - Bellunopress - Dolomiti\",\"isPartOf\":{\"@id\":\"https:\\\/\\\/www.bellunopress.it\\\/#website\"},\"primaryImageOfPage\":{\"@id\":\"https:\\\/\\\/www.bellunopress.it\\\/2026\\\/06\\\/27\\\/eventi-astronomici-di-fine-giugno-2026\\\/#primaryimage\"},\"image\":{\"@id\":\"https:\\\/\\\/www.bellunopress.it\\\/2026\\\/06\\\/27\\\/eventi-astronomici-di-fine-giugno-2026\\\/#primaryimage\"},\"thumbnailUrl\":\"https:\\\/\\\/www.bellunopress.it\\\/wp-content\\\/uploads\\\/2026\\\/06\\\/asteroide.jpg\",\"datePublished\":\"2026-06-27T05:11:33+00:00\",\"breadcrumb\":{\"@id\":\"https:\\\/\\\/www.bellunopress.it\\\/2026\\\/06\\\/27\\\/eventi-astronomici-di-fine-giugno-2026\\\/#breadcrumb\"},\"inLanguage\":\"fr-FR\",\"potentialAction\":[{\"@type\":\"ReadAction\",\"target\":[\"https:\\\/\\\/www.bellunopress.it\\\/2026\\\/06\\\/27\\\/eventi-astronomici-di-fine-giugno-2026\\\/\"]}]},{\"@type\":\"ImageObject\",\"inLanguage\":\"fr-FR\",\"@id\":\"https:\\\/\\\/www.bellunopress.it\\\/2026\\\/06\\\/27\\\/eventi-astronomici-di-fine-giugno-2026\\\/#primaryimage\",\"url\":\"https:\\\/\\\/www.bellunopress.it\\\/wp-content\\\/uploads\\\/2026\\\/06\\\/asteroide.jpg\",\"contentUrl\":\"https:\\\/\\\/www.bellunopress.it\\\/wp-content\\\/uploads\\\/2026\\\/06\\\/asteroide.jpg\",\"width\":600,\"height\":327,\"caption\":\"Immagine creata con intelligenza artificiale\"},{\"@type\":\"BreadcrumbList\",\"@id\":\"https:\\\/\\\/www.bellunopress.it\\\/2026\\\/06\\\/27\\\/eventi-astronomici-di-fine-giugno-2026\\\/#breadcrumb\",\"itemListElement\":[{\"@type\":\"ListItem\",\"position\":1,\"name\":\"Home\",\"item\":\"https:\\\/\\\/www.bellunopress.it\\\/\"},{\"@type\":\"ListItem\",\"position\":2,\"name\":\"Eventi astronomici di fine giugno 2026\"}]},{\"@type\":\"WebSite\",\"@id\":\"https:\\\/\\\/www.bellunopress.it\\\/#website\",\"url\":\"https:\\\/\\\/www.bellunopress.it\\\/\",\"name\":\"Bellunopress - Dolomiti\",\"description\":\"e-mail: redazione@bellunopress.it\",\"publisher\":{\"@id\":\"https:\\\/\\\/www.bellunopress.it\\\/#organization\"},\"potentialAction\":[{\"@type\":\"SearchAction\",\"target\":{\"@type\":\"EntryPoint\",\"urlTemplate\":\"https:\\\/\\\/www.bellunopress.it\\\/?s={search_term_string}\"},\"query-input\":{\"@type\":\"PropertyValueSpecification\",\"valueRequired\":true,\"valueName\":\"search_term_string\"}}],\"inLanguage\":\"fr-FR\"},{\"@type\":\"Organization\",\"@id\":\"https:\\\/\\\/www.bellunopress.it\\\/#organization\",\"name\":\"Bellunopress\",\"url\":\"https:\\\/\\\/www.bellunopress.it\\\/\",\"logo\":{\"@type\":\"ImageObject\",\"inLanguage\":\"fr-FR\",\"@id\":\"https:\\\/\\\/www.bellunopress.it\\\/#\\\/schema\\\/logo\\\/image\\\/\",\"url\":\"https:\\\/\\\/www.bellunopress.it\\\/wp-content\\\/uploads\\\/2011\\\/05\\\/cropped-logo-bellunopress-.jpg\",\"contentUrl\":\"https:\\\/\\\/www.bellunopress.it\\\/wp-content\\\/uploads\\\/2011\\\/05\\\/cropped-logo-bellunopress-.jpg\",\"width\":512,\"height\":512,\"caption\":\"Bellunopress\"},\"image\":{\"@id\":\"https:\\\/\\\/www.bellunopress.it\\\/#\\\/schema\\\/logo\\\/image\\\/\"},\"sameAs\":[\"https:\\\/\\\/www.facebook.com\\\/profile.php?id=100008943462799\",\"https:\\\/\\\/x.com\\\/bellunopress\",\"https:\\\/\\\/www.linkedin.com\\\/hp\\\/?dnr=JBzUWaJfMUw8vbXJJ2tVW5-I3jZKvC4wsoxE&amp;amp;amp;amp;amp;amp;trk=nav_responsive_tab_home\",\"https:\\\/\\\/www.youtube.com\\\/channel\\\/UCxL0wu1uN0_3_7hGG0306cw\"]},{\"@type\":\"Person\",\"@id\":\"https:\\\/\\\/www.bellunopress.it\\\/#\\\/schema\\\/person\\\/79bb06722b37ece1c03d3e94beb30d73\",\"name\":\"redazione\",\"image\":{\"@type\":\"ImageObject\",\"inLanguage\":\"fr-FR\",\"@id\":\"https:\\\/\\\/secure.gravatar.com\\\/avatar\\\/37d968a2e67a6fd04c169c4bdef102d0bc5d31b2546345219e348575eb80e9a0?s=96&d=mm&r=g\",\"url\":\"https:\\\/\\\/secure.gravatar.com\\\/avatar\\\/37d968a2e67a6fd04c169c4bdef102d0bc5d31b2546345219e348575eb80e9a0?s=96&d=mm&r=g\",\"contentUrl\":\"https:\\\/\\\/secure.gravatar.com\\\/avatar\\\/37d968a2e67a6fd04c169c4bdef102d0bc5d31b2546345219e348575eb80e9a0?s=96&d=mm&r=g\",\"caption\":\"redazione\"},\"sameAs\":[\"http:\\\/\\\/www.bellunopress.it\",\"https:\\\/\\\/x.com\\\/bellunopress\"],\"url\":\"https:\\\/\\\/www.bellunopress.it\\\/fr\\\/author\\\/redazione\\\/\"}]}<\/script>\n<!-- \/ Yoast SEO plugin. -->","yoast_head_json":{"title":"Eventi astronomici di fine giugno 2026 - Bellunopress - Dolomiti","robots":{"index":"index","follow":"follow","max-snippet":"max-snippet:-1","max-image-preview":"max-image-preview:large","max-video-preview":"max-video-preview:-1"},"canonical":"https:\/\/www.bellunopress.it\/fr\/2026\/06\/27\/eventi-astronomici-di-fine-giugno-2026\/","og_locale":"fr_FR","og_type":"article","og_title":"Eventi astronomici di fine giugno 2026 - Bellunopress - Dolomiti","og_description":"Il Dr. Tony Phillips, curatore del portale Spaceweather.com, segnala due importanti fenomeni di interesse scientifico e amatoriale in corso in questi giorni. 1. Potenziali interferenze per brillamenti solari di classe X La grande macchia solare 4478, dopo giorni di apparente quiete, \u00e8 ora sotto osservazione intensiva. Il suo campo magnetico a polarit\u00e0 mista (classificato come [&hellip;]","og_url":"https:\/\/www.bellunopress.it\/fr\/2026\/06\/27\/eventi-astronomici-di-fine-giugno-2026\/","og_site_name":"Bellunopress - Dolomiti","article_publisher":"https:\/\/www.facebook.com\/profile.php?id=100008943462799","article_published_time":"2026-06-27T05:11:33+00:00","og_image":[{"width":600,"height":327,"url":"https:\/\/www.bellunopress.it\/wp-content\/uploads\/2026\/06\/asteroide.jpg","type":"image\/jpeg"}],"author":"redazione","twitter_card":"summary_large_image","twitter_creator":"@bellunopress","twitter_site":"@bellunopress","twitter_misc":{"Written by":"redazione","Est. reading time":"2 minutes"},"schema":{"@context":"https:\/\/schema.org","@graph":[{"@type":"Article","@id":"https:\/\/www.bellunopress.it\/2026\/06\/27\/eventi-astronomici-di-fine-giugno-2026\/#article","isPartOf":{"@id":"https:\/\/www.bellunopress.it\/2026\/06\/27\/eventi-astronomici-di-fine-giugno-2026\/"},"author":{"name":"redazione","@id":"https:\/\/www.bellunopress.it\/#\/schema\/person\/79bb06722b37ece1c03d3e94beb30d73"},"headline":"Eventi astronomici di fine giugno 2026","datePublished":"2026-06-27T05:11:33+00:00","mainEntityOfPage":{"@id":"https:\/\/www.bellunopress.it\/2026\/06\/27\/eventi-astronomici-di-fine-giugno-2026\/"},"wordCount":281,"publisher":{"@id":"https:\/\/www.bellunopress.it\/#organization"},"image":{"@id":"https:\/\/www.bellunopress.it\/2026\/06\/27\/eventi-astronomici-di-fine-giugno-2026\/#primaryimage"},"thumbnailUrl":"https:\/\/www.bellunopress.it\/wp-content\/uploads\/2026\/06\/asteroide.jpg","articleSection":["Arte, Cultura, Spettacoli, Scienza"],"inLanguage":"fr-FR"},{"@type":"WebPage","@id":"https:\/\/www.bellunopress.it\/2026\/06\/27\/eventi-astronomici-di-fine-giugno-2026\/","url":"https:\/\/www.bellunopress.it\/2026\/06\/27\/eventi-astronomici-di-fine-giugno-2026\/","name":"Eventi astronomici di fine giugno 2026 - Bellunopress - Dolomiti","isPartOf":{"@id":"https:\/\/www.bellunopress.it\/#website"},"primaryImageOfPage":{"@id":"https:\/\/www.bellunopress.it\/2026\/06\/27\/eventi-astronomici-di-fine-giugno-2026\/#primaryimage"},"image":{"@id":"https:\/\/www.bellunopress.it\/2026\/06\/27\/eventi-astronomici-di-fine-giugno-2026\/#primaryimage"},"thumbnailUrl":"https:\/\/www.bellunopress.it\/wp-content\/uploads\/2026\/06\/asteroide.jpg","datePublished":"2026-06-27T05:11:33+00:00","breadcrumb":{"@id":"https:\/\/www.bellunopress.it\/2026\/06\/27\/eventi-astronomici-di-fine-giugno-2026\/#breadcrumb"},"inLanguage":"fr-FR","potentialAction":[{"@type":"ReadAction","target":["https:\/\/www.bellunopress.it\/2026\/06\/27\/eventi-astronomici-di-fine-giugno-2026\/"]}]},{"@type":"ImageObject","inLanguage":"fr-FR","@id":"https:\/\/www.bellunopress.it\/2026\/06\/27\/eventi-astronomici-di-fine-giugno-2026\/#primaryimage","url":"https:\/\/www.bellunopress.it\/wp-content\/uploads\/2026\/06\/asteroide.jpg","contentUrl":"https:\/\/www.bellunopress.it\/wp-content\/uploads\/2026\/06\/asteroide.jpg","width":600,"height":327,"caption":"Immagine creata con intelligenza artificiale"},{"@type":"BreadcrumbList","@id":"https:\/\/www.bellunopress.it\/2026\/06\/27\/eventi-astronomici-di-fine-giugno-2026\/#breadcrumb","itemListElement":[{"@type":"ListItem","position":1,"name":"Home","item":"https:\/\/www.bellunopress.it\/"},{"@type":"ListItem","position":2,"name":"Eventi astronomici di fine giugno 2026"}]},{"@type":"WebSite","@id":"https:\/\/www.bellunopress.it\/#website","url":"https:\/\/www.bellunopress.it\/","name":"Bellunopress - Dolomiti","description":"e-mail: redazione@bellunopress.it","publisher":{"@id":"https:\/\/www.bellunopress.it\/#organization"},"potentialAction":[{"@type":"SearchAction","target":{"@type":"EntryPoint","urlTemplate":"https:\/\/www.bellunopress.it\/?s={search_term_string}"},"query-input":{"@type":"PropertyValueSpecification","valueRequired":true,"valueName":"search_term_string"}}],"inLanguage":"fr-FR"},{"@type":"Organization","@id":"https:\/\/www.bellunopress.it\/#organization","name":"Bellunopress","url":"https:\/\/www.bellunopress.it\/","logo":{"@type":"ImageObject","inLanguage":"fr-FR","@id":"https:\/\/www.bellunopress.it\/#\/schema\/logo\/image\/","url":"https:\/\/www.bellunopress.it\/wp-content\/uploads\/2011\/05\/cropped-logo-bellunopress-.jpg","contentUrl":"https:\/\/www.bellunopress.it\/wp-content\/uploads\/2011\/05\/cropped-logo-bellunopress-.jpg","width":512,"height":512,"caption":"Bellunopress"},"image":{"@id":"https:\/\/www.bellunopress.it\/#\/schema\/logo\/image\/"},"sameAs":["https:\/\/www.facebook.com\/profile.php?id=100008943462799","https:\/\/x.com\/bellunopress","https:\/\/www.linkedin.com\/hp\/?dnr=JBzUWaJfMUw8vbXJJ2tVW5-I3jZKvC4wsoxE&amp;amp;amp;amp;amp;amp;trk=nav_responsive_tab_home","https:\/\/www.youtube.com\/channel\/UCxL0wu1uN0_3_7hGG0306cw"]},{"@type":"Person","@id":"https:\/\/www.bellunopress.it\/#\/schema\/person\/79bb06722b37ece1c03d3e94beb30d73","name":"r\u00e9daction","image":{"@type":"ImageObject","inLanguage":"fr-FR","@id":"https:\/\/secure.gravatar.com\/avatar\/37d968a2e67a6fd04c169c4bdef102d0bc5d31b2546345219e348575eb80e9a0?s=96&d=mm&r=g","url":"https:\/\/secure.gravatar.com\/avatar\/37d968a2e67a6fd04c169c4bdef102d0bc5d31b2546345219e348575eb80e9a0?s=96&d=mm&r=g","contentUrl":"https:\/\/secure.gravatar.com\/avatar\/37d968a2e67a6fd04c169c4bdef102d0bc5d31b2546345219e348575eb80e9a0?s=96&d=mm&r=g","caption":"redazione"},"sameAs":["http:\/\/www.bellunopress.it","https:\/\/x.com\/bellunopress"],"url":"https:\/\/www.bellunopress.it\/fr\/author\/redazione\/"}]}},"_links":{"self":[{"href":"https:\/\/www.bellunopress.it\/fr\/wp-json\/wp\/v2\/posts\/171469","targetHints":{"allow":["GET"]}}],"collection":[{"href":"https:\/\/www.bellunopress.it\/fr\/wp-json\/wp\/v2\/posts"}],"about":[{"href":"https:\/\/www.bellunopress.it\/fr\/wp-json\/wp\/v2\/types\/post"}],"author":[{"embeddable":true,"href":"https:\/\/www.bellunopress.it\/fr\/wp-json\/wp\/v2\/users\/2"}],"replies":[{"embeddable":true,"href":"https:\/\/www.bellunopress.it\/fr\/wp-json\/wp\/v2\/comments?post=171469"}],"version-history":[{"count":1,"href":"https:\/\/www.bellunopress.it\/fr\/wp-json\/wp\/v2\/posts\/171469\/revisions"}],"predecessor-version":[{"id":171471,"href":"https:\/\/www.bellunopress.it\/fr\/wp-json\/wp\/v2\/posts\/171469\/revisions\/171471"}],"wp:featuredmedia":[{"embeddable":true,"href":"https:\/\/www.bellunopress.it\/fr\/wp-json\/wp\/v2\/media\/171470"}],"wp:attachment":[{"href":"https:\/\/www.bellunopress.it\/fr\/wp-json\/wp\/v2\/media?parent=171469"}],"wp:term":[{"taxonomy":"category","embeddable":true,"href":"https:\/\/www.bellunopress.it\/fr\/wp-json\/wp\/v2\/categories?post=171469"},{"taxonomy":"post_tag","embeddable":true,"href":"https:\/\/www.bellunopress.it\/fr\/wp-json\/wp\/v2\/tags?post=171469"}],"curies":[{"name":"wp","href":"https:\/\/api.w.org\/{rel}","templated":true}]}}