{"id":171463,"date":"2026-06-26T22:39:28","date_gmt":"2026-06-26T20:39:28","guid":{"rendered":"https:\/\/www.bellunopress.it\/?p=171463"},"modified":"2026-06-27T20:53:19","modified_gmt":"2026-06-27T18:53:19","slug":"sette-nuovi-nati-allospedale-di-belluno-baby-boom-bellunese-a-confronto-con-il-passato","status":"publish","type":"post","link":"https:\/\/www.bellunopress.it\/fr\/2026\/06\/26\/sette-nuovi-nati-allospedale-di-belluno-baby-boom-bellunese-a-confronto-con-il-passato\/","title":{"rendered":"Sette nuovi nati all&#8217;ospedale di Belluno. Baby boom bellunese a confronto con il passato"},"content":{"rendered":"<p>Belluno, 26\/06\/2026 &#8211; La demografia di un territorio \u00e8 lo specchio dei suoi cambiamenti sociali, economici e culturali. A Belluno il confronto tra l&#8217;epoca del &#8220;baby boom&#8221; e l&#8217;attuale panorama demografico offre spunti di riflessione unici, resi ancor pi\u00f9 attuali da un evento eccezionale verificatosi qualche giorno fa all&#8217;ospedale di Belluno con 7 nuovi nati in 24 ore.<\/p>\n<p>L&#8217;epoca del baby boom<br \/>\nIl decennio 1950-1960 ha rappresentato, anche per la provincia di Belluno, un periodo di straordinaria vitalit\u00e0 demografica. In un&#8217;Italia che usciva dalla ricostruzione post-bellica, il tasso di natalit\u00e0 era sostenuto da una struttura familiare tradizionale e da una forte spinta verso il futuro.<\/p>\n<p>Stima anni &#8217;50-&#8217;60 (Comune di Belluno)<br \/>\nPopolazione residente ~31.000<br \/>\nMedia nati annui ~450<br \/>\nMedia giornaliera ~1,2 nati\/giorno<\/p>\n<p>In quegli anni, la nascita di un bambino era un evento quotidiano costante, sostenuto da un tasso di natalit\u00e0 che si aggirava attorno al 14,4 per mille. La vita sociale era scandita da una crescita demografica costante che alimentava le scuole e le attivit\u00e0 economiche locali.<\/p>\n<p>Scenario attuale<br \/>\nOggi, la situazione appare radicalmente mutata. Belluno, come gran parte delle aree montane del Nord Italia, affronta un &#8220;inverno demografico&#8221; caratterizzato da un calo drastico delle nascite e da un progressivo invecchiamento della popolazione.<\/p>\n<p>Stima 2025-2026<br \/>\nPopolazione residente ~35.500<br \/>\nMedia nati annui ~190-200<br \/>\nMedia giornaliera ~0,5 nati\/giorno<\/p>\n<p>Il numero di nuovi nati si \u00e8 pi\u00f9 che dimezzato rispetto agli anni del boom, portando la media a circa mezzo bambino al giorno. In questo contesto, le nascite sono diventate eventi statistici pi\u00f9\u00a0rari, rendendo ogni nuovo arrivo un fatto sociale ancora pi\u00f9 significativo.<\/p>\n<p>L&#8217;evento straordinario del 24 giugno 2026<br \/>\n\u00c8 proprio in questo quadro di contrazione demografica che l&#8217;evento del 24 giugno 2026 all&#8217;ospedale di Belluno assume contorni quasi &#8220;storici&#8221;. Il Reparto di ostetricia ha visto venire alla luce 7 bambini in sole 24 ore.<br \/>\nQuesto picco di nascite, pur essendo un&#8217;anomalia statistica rispetto alla media giornaliera attuale di 0,5, ricorda per un breve momento i ritmi vissuti durante il boom demografico. Un evento del genere solleva inoltre interrogativi interessanti. Come quello della capacit\u00e0 del sistema sanitario locale di accogliere un flusso improvviso di nascite. Oltre alla speranza demografica data da un evento del genere, che rappresenta una boccata d&#8217;ossigeno simbolica per la comunit\u00e0 bellunese.<\/p>\n<p>Il confronto tra i due mondi, quello del 1950 e quello del 2026 ci racconta di una Belluno che \u00e8 cambiata profondamente. Se il boom demografico del passato era la norma statistica, il boom di un giorno \u00e8 un&#8217;eccezione che rompe la monotonia di una curva demografica discendente. Celebrare questi 7 bambini non \u00e8 solo un atto di gioia, ma un promemoria dell&#8217;importanza fondamentale che le nuove generazioni rivestono per il futuro del territorio montano.<\/p>\n<p>Il presidente della Turchia Erdogan nel 2017, a fronte della riduzione delle nascite, ha detto ai suoi connazionali residenti nell&#8217;Unione Europea: fate cinque figli e il futuro sar\u00e0 vostro. Ve l&#8217;immaginate <a href=\"https:\/\/www.robertodenart.com\/2025\/04\/13\/la-tassa-sul-celibato-la-questione-demografica-aneddoti-e-cronaca\/\">cosa succederebbe in Italia<\/a> se un frase del genere fosse pronunciata dal nostro presidente?<\/p>","protected":false},"excerpt":{"rendered":"<p>Belluno, 26\/06\/2026 &#8211; La demografia di un territorio \u00e8 lo specchio dei suoi cambiamenti sociali, economici e culturali. A Belluno il confronto tra l&#8217;epoca del &#8220;baby boom&#8221; e l&#8217;attuale panorama demografico offre spunti di riflessione unici, resi ancor pi\u00f9 attuali da un evento eccezionale verificatosi qualche giorno fa all&#8217;ospedale di Belluno con 7 nuovi nati [&hellip;]<\/p>\n","protected":false},"author":2,"featured_media":171464,"comment_status":"closed","ping_status":"open","sticky":false,"template":"","format":"standard","meta":{"footnotes":""},"categories":[5],"tags":[],"class_list":["post-171463","post","type-post","status-publish","format-standard","has-post-thumbnail","category-cronaca"],"yoast_head":"<!-- This site is optimized with the Yoast SEO plugin v28.4 - https:\/\/yoast.com\/product\/yoast-seo-wordpress\/ -->\n<title>Sette nuovi nati all&#039;ospedale di Belluno. Baby boom bellunese a confronto con il passato - Bellunopress - Dolomiti<\/title>\n<meta name=\"robots\" content=\"index, follow, max-snippet:-1, max-image-preview:large, max-video-preview:-1\" \/>\n<link rel=\"canonical\" href=\"https:\/\/www.bellunopress.it\/fr\/2026\/06\/26\/sette-nuovi-nati-allospedale-di-belluno-baby-boom-bellunese-a-confronto-con-il-passato\/\" \/>\n<meta property=\"og:locale\" content=\"fr_FR\" \/>\n<meta property=\"og:type\" content=\"article\" \/>\n<meta property=\"og:title\" content=\"Sette nuovi nati all&#039;ospedale di Belluno. Baby boom bellunese a confronto con il passato - Bellunopress - Dolomiti\" \/>\n<meta property=\"og:description\" content=\"Belluno, 26\/06\/2026 &#8211; La demografia di un territorio \u00e8 lo specchio dei suoi cambiamenti sociali, economici e culturali. A Belluno il confronto tra l&#8217;epoca del &#8220;baby boom&#8221; e l&#8217;attuale panorama demografico offre spunti di riflessione unici, resi ancor pi\u00f9 attuali da un evento eccezionale verificatosi qualche giorno fa all&#8217;ospedale di Belluno con 7 nuovi nati [&hellip;]\" \/>\n<meta property=\"og:url\" content=\"https:\/\/www.bellunopress.it\/fr\/2026\/06\/26\/sette-nuovi-nati-allospedale-di-belluno-baby-boom-bellunese-a-confronto-con-il-passato\/\" \/>\n<meta property=\"og:site_name\" content=\"Bellunopress - Dolomiti\" \/>\n<meta property=\"article:publisher\" content=\"https:\/\/www.facebook.com\/profile.php?id=100008943462799\" \/>\n<meta property=\"article:published_time\" content=\"2026-06-26T20:39:28+00:00\" \/>\n<meta property=\"article:modified_time\" content=\"2026-06-27T18:53:19+00:00\" \/>\n<meta property=\"og:image\" content=\"https:\/\/www.bellunopress.it\/wp-content\/uploads\/2026\/06\/baby-boom.jpg\" \/>\n\t<meta property=\"og:image:width\" content=\"500\" \/>\n\t<meta property=\"og:image:height\" content=\"387\" \/>\n\t<meta property=\"og:image:type\" content=\"image\/jpeg\" \/>\n<meta name=\"author\" content=\"redazione\" \/>\n<meta name=\"twitter:card\" content=\"summary_large_image\" \/>\n<meta name=\"twitter:creator\" content=\"@bellunopress\" \/>\n<meta name=\"twitter:site\" content=\"@bellunopress\" \/>\n<meta name=\"twitter:label1\" content=\"Written by\" \/>\n\t<meta name=\"twitter:data1\" content=\"redazione\" \/>\n\t<meta name=\"twitter:label2\" content=\"Est. reading time\" \/>\n\t<meta name=\"twitter:data2\" content=\"3 minutes\" \/>\n<script type=\"application\/ld+json\" class=\"yoast-schema-graph\">{\"@context\":\"https:\\\/\\\/schema.org\",\"@graph\":[{\"@type\":\"Article\",\"@id\":\"https:\\\/\\\/www.bellunopress.it\\\/2026\\\/06\\\/26\\\/sette-nuovi-nati-allospedale-di-belluno-baby-boom-bellunese-a-confronto-con-il-passato\\\/#article\",\"isPartOf\":{\"@id\":\"https:\\\/\\\/www.bellunopress.it\\\/2026\\\/06\\\/26\\\/sette-nuovi-nati-allospedale-di-belluno-baby-boom-bellunese-a-confronto-con-il-passato\\\/\"},\"author\":{\"name\":\"redazione\",\"@id\":\"https:\\\/\\\/www.bellunopress.it\\\/#\\\/schema\\\/person\\\/79bb06722b37ece1c03d3e94beb30d73\"},\"headline\":\"Sette nuovi nati all&#8217;ospedale di Belluno. Baby boom bellunese a confronto con il passato\",\"datePublished\":\"2026-06-26T20:39:28+00:00\",\"dateModified\":\"2026-06-27T18:53:19+00:00\",\"mainEntityOfPage\":{\"@id\":\"https:\\\/\\\/www.bellunopress.it\\\/2026\\\/06\\\/26\\\/sette-nuovi-nati-allospedale-di-belluno-baby-boom-bellunese-a-confronto-con-il-passato\\\/\"},\"wordCount\":499,\"publisher\":{\"@id\":\"https:\\\/\\\/www.bellunopress.it\\\/#organization\"},\"image\":{\"@id\":\"https:\\\/\\\/www.bellunopress.it\\\/2026\\\/06\\\/26\\\/sette-nuovi-nati-allospedale-di-belluno-baby-boom-bellunese-a-confronto-con-il-passato\\\/#primaryimage\"},\"thumbnailUrl\":\"https:\\\/\\\/www.bellunopress.it\\\/wp-content\\\/uploads\\\/2026\\\/06\\\/baby-boom.jpg\",\"articleSection\":[\"Cronaca\\\/Politica\"],\"inLanguage\":\"fr-FR\"},{\"@type\":\"WebPage\",\"@id\":\"https:\\\/\\\/www.bellunopress.it\\\/2026\\\/06\\\/26\\\/sette-nuovi-nati-allospedale-di-belluno-baby-boom-bellunese-a-confronto-con-il-passato\\\/\",\"url\":\"https:\\\/\\\/www.bellunopress.it\\\/2026\\\/06\\\/26\\\/sette-nuovi-nati-allospedale-di-belluno-baby-boom-bellunese-a-confronto-con-il-passato\\\/\",\"name\":\"Sette nuovi nati all'ospedale di Belluno. Baby boom bellunese a confronto con il passato - Bellunopress - Dolomiti\",\"isPartOf\":{\"@id\":\"https:\\\/\\\/www.bellunopress.it\\\/#website\"},\"primaryImageOfPage\":{\"@id\":\"https:\\\/\\\/www.bellunopress.it\\\/2026\\\/06\\\/26\\\/sette-nuovi-nati-allospedale-di-belluno-baby-boom-bellunese-a-confronto-con-il-passato\\\/#primaryimage\"},\"image\":{\"@id\":\"https:\\\/\\\/www.bellunopress.it\\\/2026\\\/06\\\/26\\\/sette-nuovi-nati-allospedale-di-belluno-baby-boom-bellunese-a-confronto-con-il-passato\\\/#primaryimage\"},\"thumbnailUrl\":\"https:\\\/\\\/www.bellunopress.it\\\/wp-content\\\/uploads\\\/2026\\\/06\\\/baby-boom.jpg\",\"datePublished\":\"2026-06-26T20:39:28+00:00\",\"dateModified\":\"2026-06-27T18:53:19+00:00\",\"breadcrumb\":{\"@id\":\"https:\\\/\\\/www.bellunopress.it\\\/2026\\\/06\\\/26\\\/sette-nuovi-nati-allospedale-di-belluno-baby-boom-bellunese-a-confronto-con-il-passato\\\/#breadcrumb\"},\"inLanguage\":\"fr-FR\",\"potentialAction\":[{\"@type\":\"ReadAction\",\"target\":[\"https:\\\/\\\/www.bellunopress.it\\\/2026\\\/06\\\/26\\\/sette-nuovi-nati-allospedale-di-belluno-baby-boom-bellunese-a-confronto-con-il-passato\\\/\"]}]},{\"@type\":\"ImageObject\",\"inLanguage\":\"fr-FR\",\"@id\":\"https:\\\/\\\/www.bellunopress.it\\\/2026\\\/06\\\/26\\\/sette-nuovi-nati-allospedale-di-belluno-baby-boom-bellunese-a-confronto-con-il-passato\\\/#primaryimage\",\"url\":\"https:\\\/\\\/www.bellunopress.it\\\/wp-content\\\/uploads\\\/2026\\\/06\\\/baby-boom.jpg\",\"contentUrl\":\"https:\\\/\\\/www.bellunopress.it\\\/wp-content\\\/uploads\\\/2026\\\/06\\\/baby-boom.jpg\",\"width\":500,\"height\":387},{\"@type\":\"BreadcrumbList\",\"@id\":\"https:\\\/\\\/www.bellunopress.it\\\/2026\\\/06\\\/26\\\/sette-nuovi-nati-allospedale-di-belluno-baby-boom-bellunese-a-confronto-con-il-passato\\\/#breadcrumb\",\"itemListElement\":[{\"@type\":\"ListItem\",\"position\":1,\"name\":\"Home\",\"item\":\"https:\\\/\\\/www.bellunopress.it\\\/\"},{\"@type\":\"ListItem\",\"position\":2,\"name\":\"Sette nuovi nati all&#8217;ospedale di Belluno. Baby boom bellunese a confronto con il passato\"}]},{\"@type\":\"WebSite\",\"@id\":\"https:\\\/\\\/www.bellunopress.it\\\/#website\",\"url\":\"https:\\\/\\\/www.bellunopress.it\\\/\",\"name\":\"Bellunopress - Dolomiti\",\"description\":\"e-mail: redazione@bellunopress.it\",\"publisher\":{\"@id\":\"https:\\\/\\\/www.bellunopress.it\\\/#organization\"},\"potentialAction\":[{\"@type\":\"SearchAction\",\"target\":{\"@type\":\"EntryPoint\",\"urlTemplate\":\"https:\\\/\\\/www.bellunopress.it\\\/?s={search_term_string}\"},\"query-input\":{\"@type\":\"PropertyValueSpecification\",\"valueRequired\":true,\"valueName\":\"search_term_string\"}}],\"inLanguage\":\"fr-FR\"},{\"@type\":\"Organization\",\"@id\":\"https:\\\/\\\/www.bellunopress.it\\\/#organization\",\"name\":\"Bellunopress\",\"url\":\"https:\\\/\\\/www.bellunopress.it\\\/\",\"logo\":{\"@type\":\"ImageObject\",\"inLanguage\":\"fr-FR\",\"@id\":\"https:\\\/\\\/www.bellunopress.it\\\/#\\\/schema\\\/logo\\\/image\\\/\",\"url\":\"https:\\\/\\\/www.bellunopress.it\\\/wp-content\\\/uploads\\\/2011\\\/05\\\/cropped-logo-bellunopress-.jpg\",\"contentUrl\":\"https:\\\/\\\/www.bellunopress.it\\\/wp-content\\\/uploads\\\/2011\\\/05\\\/cropped-logo-bellunopress-.jpg\",\"width\":512,\"height\":512,\"caption\":\"Bellunopress\"},\"image\":{\"@id\":\"https:\\\/\\\/www.bellunopress.it\\\/#\\\/schema\\\/logo\\\/image\\\/\"},\"sameAs\":[\"https:\\\/\\\/www.facebook.com\\\/profile.php?id=100008943462799\",\"https:\\\/\\\/x.com\\\/bellunopress\",\"https:\\\/\\\/www.linkedin.com\\\/hp\\\/?dnr=JBzUWaJfMUw8vbXJJ2tVW5-I3jZKvC4wsoxE&amp;amp;amp;amp;amp;amp;trk=nav_responsive_tab_home\",\"https:\\\/\\\/www.youtube.com\\\/channel\\\/UCxL0wu1uN0_3_7hGG0306cw\"]},{\"@type\":\"Person\",\"@id\":\"https:\\\/\\\/www.bellunopress.it\\\/#\\\/schema\\\/person\\\/79bb06722b37ece1c03d3e94beb30d73\",\"name\":\"redazione\",\"image\":{\"@type\":\"ImageObject\",\"inLanguage\":\"fr-FR\",\"@id\":\"https:\\\/\\\/secure.gravatar.com\\\/avatar\\\/37d968a2e67a6fd04c169c4bdef102d0bc5d31b2546345219e348575eb80e9a0?s=96&d=mm&r=g\",\"url\":\"https:\\\/\\\/secure.gravatar.com\\\/avatar\\\/37d968a2e67a6fd04c169c4bdef102d0bc5d31b2546345219e348575eb80e9a0?s=96&d=mm&r=g\",\"contentUrl\":\"https:\\\/\\\/secure.gravatar.com\\\/avatar\\\/37d968a2e67a6fd04c169c4bdef102d0bc5d31b2546345219e348575eb80e9a0?s=96&d=mm&r=g\",\"caption\":\"redazione\"},\"sameAs\":[\"http:\\\/\\\/www.bellunopress.it\",\"https:\\\/\\\/x.com\\\/bellunopress\"],\"url\":\"https:\\\/\\\/www.bellunopress.it\\\/fr\\\/author\\\/redazione\\\/\"}]}<\/script>\n<!-- \/ Yoast SEO plugin. -->","yoast_head_json":{"title":"Sette nuovi nati all'ospedale di Belluno. Baby boom bellunese a confronto con il passato - Bellunopress - Dolomiti","robots":{"index":"index","follow":"follow","max-snippet":"max-snippet:-1","max-image-preview":"max-image-preview:large","max-video-preview":"max-video-preview:-1"},"canonical":"https:\/\/www.bellunopress.it\/fr\/2026\/06\/26\/sette-nuovi-nati-allospedale-di-belluno-baby-boom-bellunese-a-confronto-con-il-passato\/","og_locale":"fr_FR","og_type":"article","og_title":"Sette nuovi nati all'ospedale di Belluno. Baby boom bellunese a confronto con il passato - Bellunopress - Dolomiti","og_description":"Belluno, 26\/06\/2026 &#8211; La demografia di un territorio \u00e8 lo specchio dei suoi cambiamenti sociali, economici e culturali. A Belluno il confronto tra l&#8217;epoca del &#8220;baby boom&#8221; e l&#8217;attuale panorama demografico offre spunti di riflessione unici, resi ancor pi\u00f9 attuali da un evento eccezionale verificatosi qualche giorno fa all&#8217;ospedale di Belluno con 7 nuovi nati [&hellip;]","og_url":"https:\/\/www.bellunopress.it\/fr\/2026\/06\/26\/sette-nuovi-nati-allospedale-di-belluno-baby-boom-bellunese-a-confronto-con-il-passato\/","og_site_name":"Bellunopress - Dolomiti","article_publisher":"https:\/\/www.facebook.com\/profile.php?id=100008943462799","article_published_time":"2026-06-26T20:39:28+00:00","article_modified_time":"2026-06-27T18:53:19+00:00","og_image":[{"width":500,"height":387,"url":"https:\/\/www.bellunopress.it\/wp-content\/uploads\/2026\/06\/baby-boom.jpg","type":"image\/jpeg"}],"author":"redazione","twitter_card":"summary_large_image","twitter_creator":"@bellunopress","twitter_site":"@bellunopress","twitter_misc":{"Written by":"redazione","Est. reading time":"3 minutes"},"schema":{"@context":"https:\/\/schema.org","@graph":[{"@type":"Article","@id":"https:\/\/www.bellunopress.it\/2026\/06\/26\/sette-nuovi-nati-allospedale-di-belluno-baby-boom-bellunese-a-confronto-con-il-passato\/#article","isPartOf":{"@id":"https:\/\/www.bellunopress.it\/2026\/06\/26\/sette-nuovi-nati-allospedale-di-belluno-baby-boom-bellunese-a-confronto-con-il-passato\/"},"author":{"name":"redazione","@id":"https:\/\/www.bellunopress.it\/#\/schema\/person\/79bb06722b37ece1c03d3e94beb30d73"},"headline":"Sette nuovi nati all&#8217;ospedale di Belluno. Baby boom bellunese a confronto con il passato","datePublished":"2026-06-26T20:39:28+00:00","dateModified":"2026-06-27T18:53:19+00:00","mainEntityOfPage":{"@id":"https:\/\/www.bellunopress.it\/2026\/06\/26\/sette-nuovi-nati-allospedale-di-belluno-baby-boom-bellunese-a-confronto-con-il-passato\/"},"wordCount":499,"publisher":{"@id":"https:\/\/www.bellunopress.it\/#organization"},"image":{"@id":"https:\/\/www.bellunopress.it\/2026\/06\/26\/sette-nuovi-nati-allospedale-di-belluno-baby-boom-bellunese-a-confronto-con-il-passato\/#primaryimage"},"thumbnailUrl":"https:\/\/www.bellunopress.it\/wp-content\/uploads\/2026\/06\/baby-boom.jpg","articleSection":["Cronaca\/Politica"],"inLanguage":"fr-FR"},{"@type":"WebPage","@id":"https:\/\/www.bellunopress.it\/2026\/06\/26\/sette-nuovi-nati-allospedale-di-belluno-baby-boom-bellunese-a-confronto-con-il-passato\/","url":"https:\/\/www.bellunopress.it\/2026\/06\/26\/sette-nuovi-nati-allospedale-di-belluno-baby-boom-bellunese-a-confronto-con-il-passato\/","name":"Sette nuovi nati all'ospedale di Belluno. Baby boom bellunese a confronto con il passato - Bellunopress - Dolomiti","isPartOf":{"@id":"https:\/\/www.bellunopress.it\/#website"},"primaryImageOfPage":{"@id":"https:\/\/www.bellunopress.it\/2026\/06\/26\/sette-nuovi-nati-allospedale-di-belluno-baby-boom-bellunese-a-confronto-con-il-passato\/#primaryimage"},"image":{"@id":"https:\/\/www.bellunopress.it\/2026\/06\/26\/sette-nuovi-nati-allospedale-di-belluno-baby-boom-bellunese-a-confronto-con-il-passato\/#primaryimage"},"thumbnailUrl":"https:\/\/www.bellunopress.it\/wp-content\/uploads\/2026\/06\/baby-boom.jpg","datePublished":"2026-06-26T20:39:28+00:00","dateModified":"2026-06-27T18:53:19+00:00","breadcrumb":{"@id":"https:\/\/www.bellunopress.it\/2026\/06\/26\/sette-nuovi-nati-allospedale-di-belluno-baby-boom-bellunese-a-confronto-con-il-passato\/#breadcrumb"},"inLanguage":"fr-FR","potentialAction":[{"@type":"ReadAction","target":["https:\/\/www.bellunopress.it\/2026\/06\/26\/sette-nuovi-nati-allospedale-di-belluno-baby-boom-bellunese-a-confronto-con-il-passato\/"]}]},{"@type":"ImageObject","inLanguage":"fr-FR","@id":"https:\/\/www.bellunopress.it\/2026\/06\/26\/sette-nuovi-nati-allospedale-di-belluno-baby-boom-bellunese-a-confronto-con-il-passato\/#primaryimage","url":"https:\/\/www.bellunopress.it\/wp-content\/uploads\/2026\/06\/baby-boom.jpg","contentUrl":"https:\/\/www.bellunopress.it\/wp-content\/uploads\/2026\/06\/baby-boom.jpg","width":500,"height":387},{"@type":"BreadcrumbList","@id":"https:\/\/www.bellunopress.it\/2026\/06\/26\/sette-nuovi-nati-allospedale-di-belluno-baby-boom-bellunese-a-confronto-con-il-passato\/#breadcrumb","itemListElement":[{"@type":"ListItem","position":1,"name":"Home","item":"https:\/\/www.bellunopress.it\/"},{"@type":"ListItem","position":2,"name":"Sette nuovi nati all&#8217;ospedale di Belluno. Baby boom bellunese a confronto con il passato"}]},{"@type":"WebSite","@id":"https:\/\/www.bellunopress.it\/#website","url":"https:\/\/www.bellunopress.it\/","name":"Bellunopress - Dolomiti","description":"e-mail: redazione@bellunopress.it","publisher":{"@id":"https:\/\/www.bellunopress.it\/#organization"},"potentialAction":[{"@type":"SearchAction","target":{"@type":"EntryPoint","urlTemplate":"https:\/\/www.bellunopress.it\/?s={search_term_string}"},"query-input":{"@type":"PropertyValueSpecification","valueRequired":true,"valueName":"search_term_string"}}],"inLanguage":"fr-FR"},{"@type":"Organization","@id":"https:\/\/www.bellunopress.it\/#organization","name":"Bellunopress","url":"https:\/\/www.bellunopress.it\/","logo":{"@type":"ImageObject","inLanguage":"fr-FR","@id":"https:\/\/www.bellunopress.it\/#\/schema\/logo\/image\/","url":"https:\/\/www.bellunopress.it\/wp-content\/uploads\/2011\/05\/cropped-logo-bellunopress-.jpg","contentUrl":"https:\/\/www.bellunopress.it\/wp-content\/uploads\/2011\/05\/cropped-logo-bellunopress-.jpg","width":512,"height":512,"caption":"Bellunopress"},"image":{"@id":"https:\/\/www.bellunopress.it\/#\/schema\/logo\/image\/"},"sameAs":["https:\/\/www.facebook.com\/profile.php?id=100008943462799","https:\/\/x.com\/bellunopress","https:\/\/www.linkedin.com\/hp\/?dnr=JBzUWaJfMUw8vbXJJ2tVW5-I3jZKvC4wsoxE&amp;amp;amp;amp;amp;amp;trk=nav_responsive_tab_home","https:\/\/www.youtube.com\/channel\/UCxL0wu1uN0_3_7hGG0306cw"]},{"@type":"Person","@id":"https:\/\/www.bellunopress.it\/#\/schema\/person\/79bb06722b37ece1c03d3e94beb30d73","name":"r\u00e9daction","image":{"@type":"ImageObject","inLanguage":"fr-FR","@id":"https:\/\/secure.gravatar.com\/avatar\/37d968a2e67a6fd04c169c4bdef102d0bc5d31b2546345219e348575eb80e9a0?s=96&d=mm&r=g","url":"https:\/\/secure.gravatar.com\/avatar\/37d968a2e67a6fd04c169c4bdef102d0bc5d31b2546345219e348575eb80e9a0?s=96&d=mm&r=g","contentUrl":"https:\/\/secure.gravatar.com\/avatar\/37d968a2e67a6fd04c169c4bdef102d0bc5d31b2546345219e348575eb80e9a0?s=96&d=mm&r=g","caption":"redazione"},"sameAs":["http:\/\/www.bellunopress.it","https:\/\/x.com\/bellunopress"],"url":"https:\/\/www.bellunopress.it\/fr\/author\/redazione\/"}]}},"_links":{"self":[{"href":"https:\/\/www.bellunopress.it\/fr\/wp-json\/wp\/v2\/posts\/171463","targetHints":{"allow":["GET"]}}],"collection":[{"href":"https:\/\/www.bellunopress.it\/fr\/wp-json\/wp\/v2\/posts"}],"about":[{"href":"https:\/\/www.bellunopress.it\/fr\/wp-json\/wp\/v2\/types\/post"}],"author":[{"embeddable":true,"href":"https:\/\/www.bellunopress.it\/fr\/wp-json\/wp\/v2\/users\/2"}],"replies":[{"embeddable":true,"href":"https:\/\/www.bellunopress.it\/fr\/wp-json\/wp\/v2\/comments?post=171463"}],"version-history":[{"count":2,"href":"https:\/\/www.bellunopress.it\/fr\/wp-json\/wp\/v2\/posts\/171463\/revisions"}],"predecessor-version":[{"id":171499,"href":"https:\/\/www.bellunopress.it\/fr\/wp-json\/wp\/v2\/posts\/171463\/revisions\/171499"}],"wp:featuredmedia":[{"embeddable":true,"href":"https:\/\/www.bellunopress.it\/fr\/wp-json\/wp\/v2\/media\/171464"}],"wp:attachment":[{"href":"https:\/\/www.bellunopress.it\/fr\/wp-json\/wp\/v2\/media?parent=171463"}],"wp:term":[{"taxonomy":"category","embeddable":true,"href":"https:\/\/www.bellunopress.it\/fr\/wp-json\/wp\/v2\/categories?post=171463"},{"taxonomy":"post_tag","embeddable":true,"href":"https:\/\/www.bellunopress.it\/fr\/wp-json\/wp\/v2\/tags?post=171463"}],"curies":[{"name":"wp","href":"https:\/\/api.w.org\/{rel}","templated":true}]}}