{"id":171445,"date":"2026-06-26T10:04:17","date_gmt":"2026-06-26T08:04:17","guid":{"rendered":"https:\/\/www.bellunopress.it\/?p=171445"},"modified":"2026-06-30T10:57:40","modified_gmt":"2026-06-30T08:57:40","slug":"martedi-si-riunisce-il-consiglio-provinciale-sette-punti-allordine-del-giorno","status":"publish","type":"post","link":"https:\/\/www.bellunopress.it\/fr\/2026\/06\/26\/martedi-si-riunisce-il-consiglio-provinciale-sette-punti-allordine-del-giorno\/","title":{"rendered":"Marted\u00ec si riunisce il consiglio provinciale. Sette punti all&#8217;ordine del giorno"},"content":{"rendered":"<p><strong>La seduta del Consiglio provinciale gi\u00e0 convocata per il 30 giugno 2026 \u00e8 stata posticipata alle ore 18.30 <\/strong><\/p>\n<p>Il Consiglio Provinciale si riunisce marted\u00ec 30 giugno 2026 alle ore 17.30 nella Sala Piloni della Provincia, con possibilit\u00e0 di partecipazione in via telematica mediante videoconferenza, con il seguente ordine del giorno:<\/p>\n<p>1. Approvazione dei verbali della seduta del Consiglio Provinciale del 28 maggio 2026.<br \/>\n2. Art. 21 Statuto Provinciale. Presa d\u2019atto del programma di Governo del Presidente.<br \/>\n3. Documento Unico di Programmazione (DUP) 2026-2028. Programma triennale degli acquisti di beni e<br \/>\nservizi 2026-2027-2028. Prima variazione annuale.<br \/>\n4. Opere di Somma urgenza (art. 140 D.Lgs. n. 36\/2023) per la messa in sicurezza massi pericolanti posti<br \/>\nsul versante a monte della strada di accesso alla fraz. Martin in comune di Cencenighe Agordino (BL).<br \/>\nCUP F78H26000130003. Riconoscimento debito fuori bilancio.<br \/>\n5. Quarto provvedimento di variazione del Bilancio di Previsione 2026\/2028.<br \/>\n6. Mozione presentata dal Gruppo consiliare \u201cFutura &#8211; Centrosinistra bellunese\u201d avente ad oggetto:<br \/>\n\u201cContrariet\u00e0 alla realizzazione di una centralina idroelettrica nel bacino del Vajont e tutela della<br \/>\nmemoria storica condivisa\u201d .<br \/>\n7. Ordine del giorno avente ad oggetto: \u201cPosizione della Provincia di Belluno sul progetto di<br \/>\nrealizzazione di una centralina idroelettrica nel bacino del Vajont e tutela della memoria storica<br \/>\ncondivisa\u201d.<\/p>\n<p>Il pubblico e la stampa potr\u00e0 seguire in presenza il dibattito consiliare o in diretta streaming collegandosi al link disponibile nel sito internet istituzionale dell\u2019Ente.<\/p>","protected":false},"excerpt":{"rendered":"<p>La seduta del Consiglio provinciale gi\u00e0 convocata per il 30 giugno 2026 \u00e8 stata posticipata alle ore 18.30 Il Consiglio Provinciale si riunisce marted\u00ec 30 giugno 2026 alle ore 17.30 nella Sala Piloni della Provincia, con possibilit\u00e0 di partecipazione in via telematica mediante videoconferenza, con il seguente ordine del giorno: 1. Approvazione dei verbali della [&hellip;]<\/p>\n","protected":false},"author":2,"featured_media":112875,"comment_status":"closed","ping_status":"open","sticky":false,"template":"","format":"standard","meta":{"footnotes":""},"categories":[5,8],"tags":[],"class_list":["post-171445","post","type-post","status-publish","format-standard","has-post-thumbnail","category-cronaca","category-societa-istituzioni"],"yoast_head":"<!-- This site is optimized with the Yoast SEO plugin v28.4 - https:\/\/yoast.com\/product\/yoast-seo-wordpress\/ -->\n<title>Marted\u00ec si riunisce il consiglio provinciale. Sette punti all&#039;ordine del giorno - Bellunopress - Dolomiti<\/title>\n<meta name=\"robots\" content=\"index, follow, max-snippet:-1, max-image-preview:large, max-video-preview:-1\" \/>\n<link rel=\"canonical\" href=\"https:\/\/www.bellunopress.it\/fr\/2026\/06\/26\/martedi-si-riunisce-il-consiglio-provinciale-sette-punti-allordine-del-giorno\/\" \/>\n<meta property=\"og:locale\" content=\"fr_FR\" \/>\n<meta property=\"og:type\" content=\"article\" \/>\n<meta property=\"og:title\" content=\"Marted\u00ec si riunisce il consiglio provinciale. Sette punti all&#039;ordine del giorno - Bellunopress - Dolomiti\" \/>\n<meta property=\"og:description\" content=\"La seduta del Consiglio provinciale gi\u00e0 convocata per il 30 giugno 2026 \u00e8 stata posticipata alle ore 18.30 Il Consiglio Provinciale si riunisce marted\u00ec 30 giugno 2026 alle ore 17.30 nella Sala Piloni della Provincia, con possibilit\u00e0 di partecipazione in via telematica mediante videoconferenza, con il seguente ordine del giorno: 1. Approvazione dei verbali della [&hellip;]\" \/>\n<meta property=\"og:url\" content=\"https:\/\/www.bellunopress.it\/fr\/2026\/06\/26\/martedi-si-riunisce-il-consiglio-provinciale-sette-punti-allordine-del-giorno\/\" \/>\n<meta property=\"og:site_name\" content=\"Bellunopress - Dolomiti\" \/>\n<meta property=\"article:publisher\" content=\"https:\/\/www.facebook.com\/profile.php?id=100008943462799\" \/>\n<meta property=\"article:published_time\" content=\"2026-06-26T08:04:17+00:00\" \/>\n<meta property=\"article:modified_time\" content=\"2026-06-30T08:57:40+00:00\" \/>\n<meta property=\"og:image\" content=\"https:\/\/www.bellunopress.it\/wp-content\/uploads\/2020\/03\/palazzo-piloni.jpg\" \/>\n\t<meta property=\"og:image:width\" content=\"900\" \/>\n\t<meta property=\"og:image:height\" content=\"667\" \/>\n\t<meta property=\"og:image:type\" content=\"image\/jpeg\" \/>\n<meta name=\"author\" content=\"redazione\" \/>\n<meta name=\"twitter:card\" content=\"summary_large_image\" \/>\n<meta name=\"twitter:creator\" content=\"@bellunopress\" \/>\n<meta name=\"twitter:site\" content=\"@bellunopress\" \/>\n<meta name=\"twitter:label1\" content=\"\u00c9crit par\" \/>\n\t<meta name=\"twitter:data1\" content=\"redazione\" \/>\n\t<meta name=\"twitter:label2\" content=\"Dur\u00e9e de lecture estim\u00e9e\" \/>\n\t<meta name=\"twitter:data2\" content=\"2 minutes\" \/>\n<script type=\"application\/ld+json\" class=\"yoast-schema-graph\">{\"@context\":\"https:\\\/\\\/schema.org\",\"@graph\":[{\"@type\":\"Article\",\"@id\":\"https:\\\/\\\/www.bellunopress.it\\\/2026\\\/06\\\/26\\\/martedi-si-riunisce-il-consiglio-provinciale-sette-punti-allordine-del-giorno\\\/#article\",\"isPartOf\":{\"@id\":\"https:\\\/\\\/www.bellunopress.it\\\/2026\\\/06\\\/26\\\/martedi-si-riunisce-il-consiglio-provinciale-sette-punti-allordine-del-giorno\\\/\"},\"author\":{\"name\":\"redazione\",\"@id\":\"https:\\\/\\\/www.bellunopress.it\\\/#\\\/schema\\\/person\\\/79bb06722b37ece1c03d3e94beb30d73\"},\"headline\":\"Marted\u00ec si riunisce il consiglio provinciale. Sette punti all&#8217;ordine del giorno\",\"datePublished\":\"2026-06-26T08:04:17+00:00\",\"dateModified\":\"2026-06-30T08:57:40+00:00\",\"mainEntityOfPage\":{\"@id\":\"https:\\\/\\\/www.bellunopress.it\\\/2026\\\/06\\\/26\\\/martedi-si-riunisce-il-consiglio-provinciale-sette-punti-allordine-del-giorno\\\/\"},\"wordCount\":228,\"publisher\":{\"@id\":\"https:\\\/\\\/www.bellunopress.it\\\/#organization\"},\"image\":{\"@id\":\"https:\\\/\\\/www.bellunopress.it\\\/2026\\\/06\\\/26\\\/martedi-si-riunisce-il-consiglio-provinciale-sette-punti-allordine-del-giorno\\\/#primaryimage\"},\"thumbnailUrl\":\"https:\\\/\\\/www.bellunopress.it\\\/wp-content\\\/uploads\\\/2020\\\/03\\\/palazzo-piloni.jpg\",\"articleSection\":[\"Cronaca\\\/Politica\",\"Societ\u00e0, Associazioni, Istituzioni\"],\"inLanguage\":\"fr-FR\"},{\"@type\":\"WebPage\",\"@id\":\"https:\\\/\\\/www.bellunopress.it\\\/2026\\\/06\\\/26\\\/martedi-si-riunisce-il-consiglio-provinciale-sette-punti-allordine-del-giorno\\\/\",\"url\":\"https:\\\/\\\/www.bellunopress.it\\\/2026\\\/06\\\/26\\\/martedi-si-riunisce-il-consiglio-provinciale-sette-punti-allordine-del-giorno\\\/\",\"name\":\"Marted\u00ec si riunisce il consiglio provinciale. Sette punti all'ordine del giorno - Bellunopress - Dolomiti\",\"isPartOf\":{\"@id\":\"https:\\\/\\\/www.bellunopress.it\\\/#website\"},\"primaryImageOfPage\":{\"@id\":\"https:\\\/\\\/www.bellunopress.it\\\/2026\\\/06\\\/26\\\/martedi-si-riunisce-il-consiglio-provinciale-sette-punti-allordine-del-giorno\\\/#primaryimage\"},\"image\":{\"@id\":\"https:\\\/\\\/www.bellunopress.it\\\/2026\\\/06\\\/26\\\/martedi-si-riunisce-il-consiglio-provinciale-sette-punti-allordine-del-giorno\\\/#primaryimage\"},\"thumbnailUrl\":\"https:\\\/\\\/www.bellunopress.it\\\/wp-content\\\/uploads\\\/2020\\\/03\\\/palazzo-piloni.jpg\",\"datePublished\":\"2026-06-26T08:04:17+00:00\",\"dateModified\":\"2026-06-30T08:57:40+00:00\",\"breadcrumb\":{\"@id\":\"https:\\\/\\\/www.bellunopress.it\\\/2026\\\/06\\\/26\\\/martedi-si-riunisce-il-consiglio-provinciale-sette-punti-allordine-del-giorno\\\/#breadcrumb\"},\"inLanguage\":\"fr-FR\",\"potentialAction\":[{\"@type\":\"ReadAction\",\"target\":[\"https:\\\/\\\/www.bellunopress.it\\\/2026\\\/06\\\/26\\\/martedi-si-riunisce-il-consiglio-provinciale-sette-punti-allordine-del-giorno\\\/\"]}]},{\"@type\":\"ImageObject\",\"inLanguage\":\"fr-FR\",\"@id\":\"https:\\\/\\\/www.bellunopress.it\\\/2026\\\/06\\\/26\\\/martedi-si-riunisce-il-consiglio-provinciale-sette-punti-allordine-del-giorno\\\/#primaryimage\",\"url\":\"https:\\\/\\\/www.bellunopress.it\\\/wp-content\\\/uploads\\\/2020\\\/03\\\/palazzo-piloni.jpg\",\"contentUrl\":\"https:\\\/\\\/www.bellunopress.it\\\/wp-content\\\/uploads\\\/2020\\\/03\\\/palazzo-piloni.jpg\",\"width\":900,\"height\":667,\"caption\":\"Palazzo Piloni, sede dell'amministrazione provinciale\"},{\"@type\":\"BreadcrumbList\",\"@id\":\"https:\\\/\\\/www.bellunopress.it\\\/2026\\\/06\\\/26\\\/martedi-si-riunisce-il-consiglio-provinciale-sette-punti-allordine-del-giorno\\\/#breadcrumb\",\"itemListElement\":[{\"@type\":\"ListItem\",\"position\":1,\"name\":\"Home\",\"item\":\"https:\\\/\\\/www.bellunopress.it\\\/\"},{\"@type\":\"ListItem\",\"position\":2,\"name\":\"Marted\u00ec si riunisce il consiglio provinciale. Sette punti all&#8217;ordine del giorno\"}]},{\"@type\":\"WebSite\",\"@id\":\"https:\\\/\\\/www.bellunopress.it\\\/#website\",\"url\":\"https:\\\/\\\/www.bellunopress.it\\\/\",\"name\":\"Bellunopress - Dolomiti\",\"description\":\"e-mail: redazione@bellunopress.it\",\"publisher\":{\"@id\":\"https:\\\/\\\/www.bellunopress.it\\\/#organization\"},\"potentialAction\":[{\"@type\":\"SearchAction\",\"target\":{\"@type\":\"EntryPoint\",\"urlTemplate\":\"https:\\\/\\\/www.bellunopress.it\\\/?s={search_term_string}\"},\"query-input\":{\"@type\":\"PropertyValueSpecification\",\"valueRequired\":true,\"valueName\":\"search_term_string\"}}],\"inLanguage\":\"fr-FR\"},{\"@type\":\"Organization\",\"@id\":\"https:\\\/\\\/www.bellunopress.it\\\/#organization\",\"name\":\"Bellunopress\",\"url\":\"https:\\\/\\\/www.bellunopress.it\\\/\",\"logo\":{\"@type\":\"ImageObject\",\"inLanguage\":\"fr-FR\",\"@id\":\"https:\\\/\\\/www.bellunopress.it\\\/#\\\/schema\\\/logo\\\/image\\\/\",\"url\":\"https:\\\/\\\/www.bellunopress.it\\\/wp-content\\\/uploads\\\/2011\\\/05\\\/cropped-logo-bellunopress-.jpg\",\"contentUrl\":\"https:\\\/\\\/www.bellunopress.it\\\/wp-content\\\/uploads\\\/2011\\\/05\\\/cropped-logo-bellunopress-.jpg\",\"width\":512,\"height\":512,\"caption\":\"Bellunopress\"},\"image\":{\"@id\":\"https:\\\/\\\/www.bellunopress.it\\\/#\\\/schema\\\/logo\\\/image\\\/\"},\"sameAs\":[\"https:\\\/\\\/www.facebook.com\\\/profile.php?id=100008943462799\",\"https:\\\/\\\/x.com\\\/bellunopress\",\"https:\\\/\\\/www.linkedin.com\\\/hp\\\/?dnr=JBzUWaJfMUw8vbXJJ2tVW5-I3jZKvC4wsoxE&amp;amp;amp;amp;amp;amp;trk=nav_responsive_tab_home\",\"https:\\\/\\\/www.youtube.com\\\/channel\\\/UCxL0wu1uN0_3_7hGG0306cw\"]},{\"@type\":\"Person\",\"@id\":\"https:\\\/\\\/www.bellunopress.it\\\/#\\\/schema\\\/person\\\/79bb06722b37ece1c03d3e94beb30d73\",\"name\":\"redazione\",\"image\":{\"@type\":\"ImageObject\",\"inLanguage\":\"fr-FR\",\"@id\":\"https:\\\/\\\/secure.gravatar.com\\\/avatar\\\/37d968a2e67a6fd04c169c4bdef102d0bc5d31b2546345219e348575eb80e9a0?s=96&d=mm&r=g\",\"url\":\"https:\\\/\\\/secure.gravatar.com\\\/avatar\\\/37d968a2e67a6fd04c169c4bdef102d0bc5d31b2546345219e348575eb80e9a0?s=96&d=mm&r=g\",\"contentUrl\":\"https:\\\/\\\/secure.gravatar.com\\\/avatar\\\/37d968a2e67a6fd04c169c4bdef102d0bc5d31b2546345219e348575eb80e9a0?s=96&d=mm&r=g\",\"caption\":\"redazione\"},\"sameAs\":[\"http:\\\/\\\/www.bellunopress.it\",\"https:\\\/\\\/x.com\\\/bellunopress\"],\"url\":\"https:\\\/\\\/www.bellunopress.it\\\/fr\\\/author\\\/redazione\\\/\"}]}<\/script>\n<!-- \/ Yoast SEO plugin. -->","yoast_head_json":{"title":"Marted\u00ec si riunisce il consiglio provinciale. Sette punti all'ordine del giorno - Bellunopress - Dolomiti","robots":{"index":"index","follow":"follow","max-snippet":"max-snippet:-1","max-image-preview":"max-image-preview:large","max-video-preview":"max-video-preview:-1"},"canonical":"https:\/\/www.bellunopress.it\/fr\/2026\/06\/26\/martedi-si-riunisce-il-consiglio-provinciale-sette-punti-allordine-del-giorno\/","og_locale":"fr_FR","og_type":"article","og_title":"Marted\u00ec si riunisce il consiglio provinciale. Sette punti all'ordine del giorno - Bellunopress - Dolomiti","og_description":"La seduta del Consiglio provinciale gi\u00e0 convocata per il 30 giugno 2026 \u00e8 stata posticipata alle ore 18.30 Il Consiglio Provinciale si riunisce marted\u00ec 30 giugno 2026 alle ore 17.30 nella Sala Piloni della Provincia, con possibilit\u00e0 di partecipazione in via telematica mediante videoconferenza, con il seguente ordine del giorno: 1. Approvazione dei verbali della [&hellip;]","og_url":"https:\/\/www.bellunopress.it\/fr\/2026\/06\/26\/martedi-si-riunisce-il-consiglio-provinciale-sette-punti-allordine-del-giorno\/","og_site_name":"Bellunopress - Dolomiti","article_publisher":"https:\/\/www.facebook.com\/profile.php?id=100008943462799","article_published_time":"2026-06-26T08:04:17+00:00","article_modified_time":"2026-06-30T08:57:40+00:00","og_image":[{"width":900,"height":667,"url":"https:\/\/www.bellunopress.it\/wp-content\/uploads\/2020\/03\/palazzo-piloni.jpg","type":"image\/jpeg"}],"author":"redazione","twitter_card":"summary_large_image","twitter_creator":"@bellunopress","twitter_site":"@bellunopress","twitter_misc":{"\u00c9crit par":"redazione","Dur\u00e9e de lecture estim\u00e9e":"2 minutes"},"schema":{"@context":"https:\/\/schema.org","@graph":[{"@type":"Article","@id":"https:\/\/www.bellunopress.it\/2026\/06\/26\/martedi-si-riunisce-il-consiglio-provinciale-sette-punti-allordine-del-giorno\/#article","isPartOf":{"@id":"https:\/\/www.bellunopress.it\/2026\/06\/26\/martedi-si-riunisce-il-consiglio-provinciale-sette-punti-allordine-del-giorno\/"},"author":{"name":"redazione","@id":"https:\/\/www.bellunopress.it\/#\/schema\/person\/79bb06722b37ece1c03d3e94beb30d73"},"headline":"Marted\u00ec si riunisce il consiglio provinciale. Sette punti all&#8217;ordine del giorno","datePublished":"2026-06-26T08:04:17+00:00","dateModified":"2026-06-30T08:57:40+00:00","mainEntityOfPage":{"@id":"https:\/\/www.bellunopress.it\/2026\/06\/26\/martedi-si-riunisce-il-consiglio-provinciale-sette-punti-allordine-del-giorno\/"},"wordCount":228,"publisher":{"@id":"https:\/\/www.bellunopress.it\/#organization"},"image":{"@id":"https:\/\/www.bellunopress.it\/2026\/06\/26\/martedi-si-riunisce-il-consiglio-provinciale-sette-punti-allordine-del-giorno\/#primaryimage"},"thumbnailUrl":"https:\/\/www.bellunopress.it\/wp-content\/uploads\/2020\/03\/palazzo-piloni.jpg","articleSection":["Cronaca\/Politica","Societ\u00e0, Associazioni, Istituzioni"],"inLanguage":"fr-FR"},{"@type":"WebPage","@id":"https:\/\/www.bellunopress.it\/2026\/06\/26\/martedi-si-riunisce-il-consiglio-provinciale-sette-punti-allordine-del-giorno\/","url":"https:\/\/www.bellunopress.it\/2026\/06\/26\/martedi-si-riunisce-il-consiglio-provinciale-sette-punti-allordine-del-giorno\/","name":"Marted\u00ec si riunisce il consiglio provinciale. Sette punti all'ordine del giorno - Bellunopress - Dolomiti","isPartOf":{"@id":"https:\/\/www.bellunopress.it\/#website"},"primaryImageOfPage":{"@id":"https:\/\/www.bellunopress.it\/2026\/06\/26\/martedi-si-riunisce-il-consiglio-provinciale-sette-punti-allordine-del-giorno\/#primaryimage"},"image":{"@id":"https:\/\/www.bellunopress.it\/2026\/06\/26\/martedi-si-riunisce-il-consiglio-provinciale-sette-punti-allordine-del-giorno\/#primaryimage"},"thumbnailUrl":"https:\/\/www.bellunopress.it\/wp-content\/uploads\/2020\/03\/palazzo-piloni.jpg","datePublished":"2026-06-26T08:04:17+00:00","dateModified":"2026-06-30T08:57:40+00:00","breadcrumb":{"@id":"https:\/\/www.bellunopress.it\/2026\/06\/26\/martedi-si-riunisce-il-consiglio-provinciale-sette-punti-allordine-del-giorno\/#breadcrumb"},"inLanguage":"fr-FR","potentialAction":[{"@type":"ReadAction","target":["https:\/\/www.bellunopress.it\/2026\/06\/26\/martedi-si-riunisce-il-consiglio-provinciale-sette-punti-allordine-del-giorno\/"]}]},{"@type":"ImageObject","inLanguage":"fr-FR","@id":"https:\/\/www.bellunopress.it\/2026\/06\/26\/martedi-si-riunisce-il-consiglio-provinciale-sette-punti-allordine-del-giorno\/#primaryimage","url":"https:\/\/www.bellunopress.it\/wp-content\/uploads\/2020\/03\/palazzo-piloni.jpg","contentUrl":"https:\/\/www.bellunopress.it\/wp-content\/uploads\/2020\/03\/palazzo-piloni.jpg","width":900,"height":667,"caption":"Palazzo Piloni, sede dell'amministrazione provinciale"},{"@type":"BreadcrumbList","@id":"https:\/\/www.bellunopress.it\/2026\/06\/26\/martedi-si-riunisce-il-consiglio-provinciale-sette-punti-allordine-del-giorno\/#breadcrumb","itemListElement":[{"@type":"ListItem","position":1,"name":"Home","item":"https:\/\/www.bellunopress.it\/"},{"@type":"ListItem","position":2,"name":"Marted\u00ec si riunisce il consiglio provinciale. Sette punti all&#8217;ordine del giorno"}]},{"@type":"WebSite","@id":"https:\/\/www.bellunopress.it\/#website","url":"https:\/\/www.bellunopress.it\/","name":"Bellunopress - Dolomiti","description":"e-mail: redazione@bellunopress.it","publisher":{"@id":"https:\/\/www.bellunopress.it\/#organization"},"potentialAction":[{"@type":"SearchAction","target":{"@type":"EntryPoint","urlTemplate":"https:\/\/www.bellunopress.it\/?s={search_term_string}"},"query-input":{"@type":"PropertyValueSpecification","valueRequired":true,"valueName":"search_term_string"}}],"inLanguage":"fr-FR"},{"@type":"Organization","@id":"https:\/\/www.bellunopress.it\/#organization","name":"Bellunopress","url":"https:\/\/www.bellunopress.it\/","logo":{"@type":"ImageObject","inLanguage":"fr-FR","@id":"https:\/\/www.bellunopress.it\/#\/schema\/logo\/image\/","url":"https:\/\/www.bellunopress.it\/wp-content\/uploads\/2011\/05\/cropped-logo-bellunopress-.jpg","contentUrl":"https:\/\/www.bellunopress.it\/wp-content\/uploads\/2011\/05\/cropped-logo-bellunopress-.jpg","width":512,"height":512,"caption":"Bellunopress"},"image":{"@id":"https:\/\/www.bellunopress.it\/#\/schema\/logo\/image\/"},"sameAs":["https:\/\/www.facebook.com\/profile.php?id=100008943462799","https:\/\/x.com\/bellunopress","https:\/\/www.linkedin.com\/hp\/?dnr=JBzUWaJfMUw8vbXJJ2tVW5-I3jZKvC4wsoxE&amp;amp;amp;amp;amp;amp;trk=nav_responsive_tab_home","https:\/\/www.youtube.com\/channel\/UCxL0wu1uN0_3_7hGG0306cw"]},{"@type":"Person","@id":"https:\/\/www.bellunopress.it\/#\/schema\/person\/79bb06722b37ece1c03d3e94beb30d73","name":"r\u00e9daction","image":{"@type":"ImageObject","inLanguage":"fr-FR","@id":"https:\/\/secure.gravatar.com\/avatar\/37d968a2e67a6fd04c169c4bdef102d0bc5d31b2546345219e348575eb80e9a0?s=96&d=mm&r=g","url":"https:\/\/secure.gravatar.com\/avatar\/37d968a2e67a6fd04c169c4bdef102d0bc5d31b2546345219e348575eb80e9a0?s=96&d=mm&r=g","contentUrl":"https:\/\/secure.gravatar.com\/avatar\/37d968a2e67a6fd04c169c4bdef102d0bc5d31b2546345219e348575eb80e9a0?s=96&d=mm&r=g","caption":"redazione"},"sameAs":["http:\/\/www.bellunopress.it","https:\/\/x.com\/bellunopress"],"url":"https:\/\/www.bellunopress.it\/fr\/author\/redazione\/"}]}},"_links":{"self":[{"href":"https:\/\/www.bellunopress.it\/fr\/wp-json\/wp\/v2\/posts\/171445","targetHints":{"allow":["GET"]}}],"collection":[{"href":"https:\/\/www.bellunopress.it\/fr\/wp-json\/wp\/v2\/posts"}],"about":[{"href":"https:\/\/www.bellunopress.it\/fr\/wp-json\/wp\/v2\/types\/post"}],"author":[{"embeddable":true,"href":"https:\/\/www.bellunopress.it\/fr\/wp-json\/wp\/v2\/users\/2"}],"replies":[{"embeddable":true,"href":"https:\/\/www.bellunopress.it\/fr\/wp-json\/wp\/v2\/comments?post=171445"}],"version-history":[{"count":4,"href":"https:\/\/www.bellunopress.it\/fr\/wp-json\/wp\/v2\/posts\/171445\/revisions"}],"predecessor-version":[{"id":171554,"href":"https:\/\/www.bellunopress.it\/fr\/wp-json\/wp\/v2\/posts\/171445\/revisions\/171554"}],"wp:featuredmedia":[{"embeddable":true,"href":"https:\/\/www.bellunopress.it\/fr\/wp-json\/wp\/v2\/media\/112875"}],"wp:attachment":[{"href":"https:\/\/www.bellunopress.it\/fr\/wp-json\/wp\/v2\/media?parent=171445"}],"wp:term":[{"taxonomy":"category","embeddable":true,"href":"https:\/\/www.bellunopress.it\/fr\/wp-json\/wp\/v2\/categories?post=171445"},{"taxonomy":"post_tag","embeddable":true,"href":"https:\/\/www.bellunopress.it\/fr\/wp-json\/wp\/v2\/tags?post=171445"}],"curies":[{"name":"wp","href":"https:\/\/api.w.org\/{rel}","templated":true}]}}