{"id":171442,"date":"2026-06-25T22:28:08","date_gmt":"2026-06-25T20:28:08","guid":{"rendered":"https:\/\/www.bellunopress.it\/?p=171442"},"modified":"2026-06-25T22:28:08","modified_gmt":"2026-06-25T20:28:08","slug":"trasporto-pubblico-vittoria-bellunese-del-bianco-salvaguardata-lautonomia-del-nostro-territorio","status":"publish","type":"post","link":"https:\/\/www.bellunopress.it\/fr\/2026\/06\/25\/trasporto-pubblico-vittoria-bellunese-del-bianco-salvaguardata-lautonomia-del-nostro-territorio\/","title":{"rendered":"Trasporto pubblico, vittoria bellunese. Del Bianco: &#8220;Salvaguardata l\u2019autonomia del nostro territorio&#8221;"},"content":{"rendered":"<p data-path-to-node=\"5\">Belluno, 25\/06\/2026 &#8211; Una battaglia durata mesi che si conclude con un risultato significativo per la provincia di Belluno. La fusione dei bacini del trasporto pubblico locale tra Belluno e Treviso, ipotesi che aveva sollevato forti preoccupazioni nel territorio, non si far\u00e0. A confermarlo \u00e8 stato il consigliere regionale del Partito Democratico, Alessandro Del Bianco, al termine dell&#8217;audizione in commissione Trasporti con l&#8217;assessore regionale Diego Ruzza.<\/p>\n<p data-path-to-node=\"8\">Durante l&#8217;incontro, dedicato all&#8217;individuazione dei nuovi bacini di mobilit\u00e0, l&#8217;assessore Ruzza ha presentato una proposta di riorganizzazione che segna un netto dietrofront della Giunta regionale rispetto all&#8217;orientamento iniziale. \u00abSi tratta di una bella vittoria \u2013 commenta Del Bianco \u2013 ottenuta a tutela dei servizi per i cittadini e dell&#8217;autonomia del nostro territorio\u00bb.<\/p>\n<p data-path-to-node=\"9\">La preoccupazione principale, espressa pi\u00f9 volte dal centrosinistra bellunese, riguardava la perdita di peso decisionale che una fusione sovraprovinciale avrebbe inevitabilmente comportato. \u00abLa fusione \u2013 spiega il consigliere \u2013 avrebbe reso minoritario il ruolo di Belluno, limitando la sua capacit\u00e0 di incidere. Le decisioni sulla programmazione dei trasporti non sarebbero pi\u00f9 state assunte da un organismo composto esclusivamente da enti bellunesi, ma all&#8217;interno di una struttura sovraprovinciale, poco attenta alle specificit\u00e0 della nostra montagna\u00bb.<\/p>\n<p data-path-to-node=\"10\">La difesa dell&#8217;autonomia territoriale, strettamente legata alle peculiarit\u00e0 geomorfologiche e sociali dell&#8217;area montana, \u00e8 stata portata avanti in modo trasversale. Secondo quanto emerso dall&#8217;audizione, l&#8217;assessore Ruzza porter\u00e0 in Giunta due diverse proposte di riorganizzazione, ma in entrambe Belluno manterr\u00e0 la propria autonomia.<\/p>\n<p data-path-to-node=\"11\">\u00abQuesto risultato \u2013 conclude Del Bianco \u2013 dimostra che, lavorando sull&#8217;opinione pubblica e coinvolgendo formalmente gli enti territoriali, come in questo caso la Provincia, gli obiettivi possono essere raggiunti. \u00c8 una giornata positiva per Belluno: ora si prosegue con le altre sfide aperte, ma oggi abbiamo messo in sicurezza un servizio fondamentale per i nostri cittadini\u00bb.<\/p>","protected":false},"excerpt":{"rendered":"<p>Belluno, 25\/06\/2026 &#8211; Una battaglia durata mesi che si conclude con un risultato significativo per la provincia di Belluno. La fusione dei bacini del trasporto pubblico locale tra Belluno e Treviso, ipotesi che aveva sollevato forti preoccupazioni nel territorio, non si far\u00e0. A confermarlo \u00e8 stato il consigliere regionale del Partito Democratico, Alessandro Del Bianco, [&hellip;]<\/p>\n","protected":false},"author":2,"featured_media":167703,"comment_status":"closed","ping_status":"open","sticky":false,"template":"","format":"standard","meta":{"footnotes":""},"categories":[5,26],"tags":[],"class_list":["post-171442","post","type-post","status-publish","format-standard","has-post-thumbnail","category-cronaca","category-prima-pagina"],"yoast_head":"<!-- This site is optimized with the Yoast SEO plugin v28.4 - https:\/\/yoast.com\/product\/yoast-seo-wordpress\/ -->\n<title>Trasporto pubblico, vittoria bellunese. Del Bianco: &quot;Salvaguardata l\u2019autonomia del nostro territorio&quot; - Bellunopress - Dolomiti<\/title>\n<meta name=\"robots\" content=\"index, follow, max-snippet:-1, max-image-preview:large, max-video-preview:-1\" \/>\n<link rel=\"canonical\" href=\"https:\/\/www.bellunopress.it\/fr\/2026\/06\/25\/trasporto-pubblico-vittoria-bellunese-del-bianco-salvaguardata-lautonomia-del-nostro-territorio\/\" \/>\n<meta property=\"og:locale\" content=\"fr_FR\" \/>\n<meta property=\"og:type\" content=\"article\" \/>\n<meta property=\"og:title\" content=\"Trasporto pubblico, vittoria bellunese. Del Bianco: &quot;Salvaguardata l\u2019autonomia del nostro territorio&quot; - Bellunopress - Dolomiti\" \/>\n<meta property=\"og:description\" content=\"Belluno, 25\/06\/2026 &#8211; Una battaglia durata mesi che si conclude con un risultato significativo per la provincia di Belluno. La fusione dei bacini del trasporto pubblico locale tra Belluno e Treviso, ipotesi che aveva sollevato forti preoccupazioni nel territorio, non si far\u00e0. A confermarlo \u00e8 stato il consigliere regionale del Partito Democratico, Alessandro Del Bianco, [&hellip;]\" \/>\n<meta property=\"og:url\" content=\"https:\/\/www.bellunopress.it\/fr\/2026\/06\/25\/trasporto-pubblico-vittoria-bellunese-del-bianco-salvaguardata-lautonomia-del-nostro-territorio\/\" \/>\n<meta property=\"og:site_name\" content=\"Bellunopress - Dolomiti\" \/>\n<meta property=\"article:publisher\" content=\"https:\/\/www.facebook.com\/profile.php?id=100008943462799\" \/>\n<meta property=\"article:published_time\" content=\"2026-06-25T20:28:08+00:00\" \/>\n<meta property=\"og:image\" content=\"https:\/\/www.bellunopress.it\/wp-content\/uploads\/2026\/02\/Alessandro-Del-Bianco-consigliere-regionale-Pd.jpg\" \/>\n\t<meta property=\"og:image:width\" content=\"600\" \/>\n\t<meta property=\"og:image:height\" content=\"341\" \/>\n\t<meta property=\"og:image:type\" content=\"image\/jpeg\" \/>\n<meta name=\"author\" content=\"redazione\" \/>\n<meta name=\"twitter:card\" content=\"summary_large_image\" \/>\n<meta name=\"twitter:creator\" content=\"@bellunopress\" \/>\n<meta name=\"twitter:site\" content=\"@bellunopress\" \/>\n<meta name=\"twitter:label1\" content=\"\u00c9crit par\" \/>\n\t<meta name=\"twitter:data1\" content=\"redazione\" \/>\n\t<meta name=\"twitter:label2\" content=\"Dur\u00e9e de lecture estim\u00e9e\" \/>\n\t<meta name=\"twitter:data2\" content=\"2 minutes\" \/>\n<script type=\"application\/ld+json\" class=\"yoast-schema-graph\">{\"@context\":\"https:\\\/\\\/schema.org\",\"@graph\":[{\"@type\":\"Article\",\"@id\":\"https:\\\/\\\/www.bellunopress.it\\\/2026\\\/06\\\/25\\\/trasporto-pubblico-vittoria-bellunese-del-bianco-salvaguardata-lautonomia-del-nostro-territorio\\\/#article\",\"isPartOf\":{\"@id\":\"https:\\\/\\\/www.bellunopress.it\\\/2026\\\/06\\\/25\\\/trasporto-pubblico-vittoria-bellunese-del-bianco-salvaguardata-lautonomia-del-nostro-territorio\\\/\"},\"author\":{\"name\":\"redazione\",\"@id\":\"https:\\\/\\\/www.bellunopress.it\\\/#\\\/schema\\\/person\\\/79bb06722b37ece1c03d3e94beb30d73\"},\"headline\":\"Trasporto pubblico, vittoria bellunese. Del Bianco: &#8220;Salvaguardata l\u2019autonomia del nostro territorio&#8221;\",\"datePublished\":\"2026-06-25T20:28:08+00:00\",\"mainEntityOfPage\":{\"@id\":\"https:\\\/\\\/www.bellunopress.it\\\/2026\\\/06\\\/25\\\/trasporto-pubblico-vittoria-bellunese-del-bianco-salvaguardata-lautonomia-del-nostro-territorio\\\/\"},\"wordCount\":305,\"publisher\":{\"@id\":\"https:\\\/\\\/www.bellunopress.it\\\/#organization\"},\"image\":{\"@id\":\"https:\\\/\\\/www.bellunopress.it\\\/2026\\\/06\\\/25\\\/trasporto-pubblico-vittoria-bellunese-del-bianco-salvaguardata-lautonomia-del-nostro-territorio\\\/#primaryimage\"},\"thumbnailUrl\":\"https:\\\/\\\/www.bellunopress.it\\\/wp-content\\\/uploads\\\/2026\\\/02\\\/Alessandro-Del-Bianco-consigliere-regionale-Pd.jpg\",\"articleSection\":[\"Cronaca\\\/Politica\",\"Prima Pagina\"],\"inLanguage\":\"fr-FR\"},{\"@type\":\"WebPage\",\"@id\":\"https:\\\/\\\/www.bellunopress.it\\\/2026\\\/06\\\/25\\\/trasporto-pubblico-vittoria-bellunese-del-bianco-salvaguardata-lautonomia-del-nostro-territorio\\\/\",\"url\":\"https:\\\/\\\/www.bellunopress.it\\\/2026\\\/06\\\/25\\\/trasporto-pubblico-vittoria-bellunese-del-bianco-salvaguardata-lautonomia-del-nostro-territorio\\\/\",\"name\":\"Trasporto pubblico, vittoria bellunese. Del Bianco: \\\"Salvaguardata l\u2019autonomia del nostro territorio\\\" - Bellunopress - Dolomiti\",\"isPartOf\":{\"@id\":\"https:\\\/\\\/www.bellunopress.it\\\/#website\"},\"primaryImageOfPage\":{\"@id\":\"https:\\\/\\\/www.bellunopress.it\\\/2026\\\/06\\\/25\\\/trasporto-pubblico-vittoria-bellunese-del-bianco-salvaguardata-lautonomia-del-nostro-territorio\\\/#primaryimage\"},\"image\":{\"@id\":\"https:\\\/\\\/www.bellunopress.it\\\/2026\\\/06\\\/25\\\/trasporto-pubblico-vittoria-bellunese-del-bianco-salvaguardata-lautonomia-del-nostro-territorio\\\/#primaryimage\"},\"thumbnailUrl\":\"https:\\\/\\\/www.bellunopress.it\\\/wp-content\\\/uploads\\\/2026\\\/02\\\/Alessandro-Del-Bianco-consigliere-regionale-Pd.jpg\",\"datePublished\":\"2026-06-25T20:28:08+00:00\",\"breadcrumb\":{\"@id\":\"https:\\\/\\\/www.bellunopress.it\\\/2026\\\/06\\\/25\\\/trasporto-pubblico-vittoria-bellunese-del-bianco-salvaguardata-lautonomia-del-nostro-territorio\\\/#breadcrumb\"},\"inLanguage\":\"fr-FR\",\"potentialAction\":[{\"@type\":\"ReadAction\",\"target\":[\"https:\\\/\\\/www.bellunopress.it\\\/2026\\\/06\\\/25\\\/trasporto-pubblico-vittoria-bellunese-del-bianco-salvaguardata-lautonomia-del-nostro-territorio\\\/\"]}]},{\"@type\":\"ImageObject\",\"inLanguage\":\"fr-FR\",\"@id\":\"https:\\\/\\\/www.bellunopress.it\\\/2026\\\/06\\\/25\\\/trasporto-pubblico-vittoria-bellunese-del-bianco-salvaguardata-lautonomia-del-nostro-territorio\\\/#primaryimage\",\"url\":\"https:\\\/\\\/www.bellunopress.it\\\/wp-content\\\/uploads\\\/2026\\\/02\\\/Alessandro-Del-Bianco-consigliere-regionale-Pd.jpg\",\"contentUrl\":\"https:\\\/\\\/www.bellunopress.it\\\/wp-content\\\/uploads\\\/2026\\\/02\\\/Alessandro-Del-Bianco-consigliere-regionale-Pd.jpg\",\"width\":600,\"height\":341,\"caption\":\"Alessandro Del Bianco - Consigliere regionale\"},{\"@type\":\"BreadcrumbList\",\"@id\":\"https:\\\/\\\/www.bellunopress.it\\\/2026\\\/06\\\/25\\\/trasporto-pubblico-vittoria-bellunese-del-bianco-salvaguardata-lautonomia-del-nostro-territorio\\\/#breadcrumb\",\"itemListElement\":[{\"@type\":\"ListItem\",\"position\":1,\"name\":\"Home\",\"item\":\"https:\\\/\\\/www.bellunopress.it\\\/\"},{\"@type\":\"ListItem\",\"position\":2,\"name\":\"Trasporto pubblico, vittoria bellunese. Del Bianco: &#8220;Salvaguardata l\u2019autonomia del nostro territorio&#8221;\"}]},{\"@type\":\"WebSite\",\"@id\":\"https:\\\/\\\/www.bellunopress.it\\\/#website\",\"url\":\"https:\\\/\\\/www.bellunopress.it\\\/\",\"name\":\"Bellunopress - Dolomiti\",\"description\":\"e-mail: redazione@bellunopress.it\",\"publisher\":{\"@id\":\"https:\\\/\\\/www.bellunopress.it\\\/#organization\"},\"potentialAction\":[{\"@type\":\"SearchAction\",\"target\":{\"@type\":\"EntryPoint\",\"urlTemplate\":\"https:\\\/\\\/www.bellunopress.it\\\/?s={search_term_string}\"},\"query-input\":{\"@type\":\"PropertyValueSpecification\",\"valueRequired\":true,\"valueName\":\"search_term_string\"}}],\"inLanguage\":\"fr-FR\"},{\"@type\":\"Organization\",\"@id\":\"https:\\\/\\\/www.bellunopress.it\\\/#organization\",\"name\":\"Bellunopress\",\"url\":\"https:\\\/\\\/www.bellunopress.it\\\/\",\"logo\":{\"@type\":\"ImageObject\",\"inLanguage\":\"fr-FR\",\"@id\":\"https:\\\/\\\/www.bellunopress.it\\\/#\\\/schema\\\/logo\\\/image\\\/\",\"url\":\"https:\\\/\\\/www.bellunopress.it\\\/wp-content\\\/uploads\\\/2011\\\/05\\\/cropped-logo-bellunopress-.jpg\",\"contentUrl\":\"https:\\\/\\\/www.bellunopress.it\\\/wp-content\\\/uploads\\\/2011\\\/05\\\/cropped-logo-bellunopress-.jpg\",\"width\":512,\"height\":512,\"caption\":\"Bellunopress\"},\"image\":{\"@id\":\"https:\\\/\\\/www.bellunopress.it\\\/#\\\/schema\\\/logo\\\/image\\\/\"},\"sameAs\":[\"https:\\\/\\\/www.facebook.com\\\/profile.php?id=100008943462799\",\"https:\\\/\\\/x.com\\\/bellunopress\",\"https:\\\/\\\/www.linkedin.com\\\/hp\\\/?dnr=JBzUWaJfMUw8vbXJJ2tVW5-I3jZKvC4wsoxE&amp;amp;amp;amp;amp;amp;trk=nav_responsive_tab_home\",\"https:\\\/\\\/www.youtube.com\\\/channel\\\/UCxL0wu1uN0_3_7hGG0306cw\"]},{\"@type\":\"Person\",\"@id\":\"https:\\\/\\\/www.bellunopress.it\\\/#\\\/schema\\\/person\\\/79bb06722b37ece1c03d3e94beb30d73\",\"name\":\"redazione\",\"image\":{\"@type\":\"ImageObject\",\"inLanguage\":\"fr-FR\",\"@id\":\"https:\\\/\\\/secure.gravatar.com\\\/avatar\\\/37d968a2e67a6fd04c169c4bdef102d0bc5d31b2546345219e348575eb80e9a0?s=96&d=mm&r=g\",\"url\":\"https:\\\/\\\/secure.gravatar.com\\\/avatar\\\/37d968a2e67a6fd04c169c4bdef102d0bc5d31b2546345219e348575eb80e9a0?s=96&d=mm&r=g\",\"contentUrl\":\"https:\\\/\\\/secure.gravatar.com\\\/avatar\\\/37d968a2e67a6fd04c169c4bdef102d0bc5d31b2546345219e348575eb80e9a0?s=96&d=mm&r=g\",\"caption\":\"redazione\"},\"sameAs\":[\"http:\\\/\\\/www.bellunopress.it\",\"https:\\\/\\\/x.com\\\/bellunopress\"],\"url\":\"https:\\\/\\\/www.bellunopress.it\\\/fr\\\/author\\\/redazione\\\/\"}]}<\/script>\n<!-- \/ Yoast SEO plugin. -->","yoast_head_json":{"title":"Trasporto pubblico, vittoria bellunese. Del Bianco: \"Salvaguardata l\u2019autonomia del nostro territorio\" - Bellunopress - Dolomiti","robots":{"index":"index","follow":"follow","max-snippet":"max-snippet:-1","max-image-preview":"max-image-preview:large","max-video-preview":"max-video-preview:-1"},"canonical":"https:\/\/www.bellunopress.it\/fr\/2026\/06\/25\/trasporto-pubblico-vittoria-bellunese-del-bianco-salvaguardata-lautonomia-del-nostro-territorio\/","og_locale":"fr_FR","og_type":"article","og_title":"Trasporto pubblico, vittoria bellunese. Del Bianco: \"Salvaguardata l\u2019autonomia del nostro territorio\" - Bellunopress - Dolomiti","og_description":"Belluno, 25\/06\/2026 &#8211; Una battaglia durata mesi che si conclude con un risultato significativo per la provincia di Belluno. La fusione dei bacini del trasporto pubblico locale tra Belluno e Treviso, ipotesi che aveva sollevato forti preoccupazioni nel territorio, non si far\u00e0. A confermarlo \u00e8 stato il consigliere regionale del Partito Democratico, Alessandro Del Bianco, [&hellip;]","og_url":"https:\/\/www.bellunopress.it\/fr\/2026\/06\/25\/trasporto-pubblico-vittoria-bellunese-del-bianco-salvaguardata-lautonomia-del-nostro-territorio\/","og_site_name":"Bellunopress - Dolomiti","article_publisher":"https:\/\/www.facebook.com\/profile.php?id=100008943462799","article_published_time":"2026-06-25T20:28:08+00:00","og_image":[{"width":600,"height":341,"url":"https:\/\/www.bellunopress.it\/wp-content\/uploads\/2026\/02\/Alessandro-Del-Bianco-consigliere-regionale-Pd.jpg","type":"image\/jpeg"}],"author":"redazione","twitter_card":"summary_large_image","twitter_creator":"@bellunopress","twitter_site":"@bellunopress","twitter_misc":{"\u00c9crit par":"redazione","Dur\u00e9e de lecture estim\u00e9e":"2 minutes"},"schema":{"@context":"https:\/\/schema.org","@graph":[{"@type":"Article","@id":"https:\/\/www.bellunopress.it\/2026\/06\/25\/trasporto-pubblico-vittoria-bellunese-del-bianco-salvaguardata-lautonomia-del-nostro-territorio\/#article","isPartOf":{"@id":"https:\/\/www.bellunopress.it\/2026\/06\/25\/trasporto-pubblico-vittoria-bellunese-del-bianco-salvaguardata-lautonomia-del-nostro-territorio\/"},"author":{"name":"redazione","@id":"https:\/\/www.bellunopress.it\/#\/schema\/person\/79bb06722b37ece1c03d3e94beb30d73"},"headline":"Trasporto pubblico, vittoria bellunese. Del Bianco: &#8220;Salvaguardata l\u2019autonomia del nostro territorio&#8221;","datePublished":"2026-06-25T20:28:08+00:00","mainEntityOfPage":{"@id":"https:\/\/www.bellunopress.it\/2026\/06\/25\/trasporto-pubblico-vittoria-bellunese-del-bianco-salvaguardata-lautonomia-del-nostro-territorio\/"},"wordCount":305,"publisher":{"@id":"https:\/\/www.bellunopress.it\/#organization"},"image":{"@id":"https:\/\/www.bellunopress.it\/2026\/06\/25\/trasporto-pubblico-vittoria-bellunese-del-bianco-salvaguardata-lautonomia-del-nostro-territorio\/#primaryimage"},"thumbnailUrl":"https:\/\/www.bellunopress.it\/wp-content\/uploads\/2026\/02\/Alessandro-Del-Bianco-consigliere-regionale-Pd.jpg","articleSection":["Cronaca\/Politica","Prima Pagina"],"inLanguage":"fr-FR"},{"@type":"WebPage","@id":"https:\/\/www.bellunopress.it\/2026\/06\/25\/trasporto-pubblico-vittoria-bellunese-del-bianco-salvaguardata-lautonomia-del-nostro-territorio\/","url":"https:\/\/www.bellunopress.it\/2026\/06\/25\/trasporto-pubblico-vittoria-bellunese-del-bianco-salvaguardata-lautonomia-del-nostro-territorio\/","name":"Trasporto pubblico, vittoria bellunese. Del Bianco: \"Salvaguardata l\u2019autonomia del nostro territorio\" - Bellunopress - Dolomiti","isPartOf":{"@id":"https:\/\/www.bellunopress.it\/#website"},"primaryImageOfPage":{"@id":"https:\/\/www.bellunopress.it\/2026\/06\/25\/trasporto-pubblico-vittoria-bellunese-del-bianco-salvaguardata-lautonomia-del-nostro-territorio\/#primaryimage"},"image":{"@id":"https:\/\/www.bellunopress.it\/2026\/06\/25\/trasporto-pubblico-vittoria-bellunese-del-bianco-salvaguardata-lautonomia-del-nostro-territorio\/#primaryimage"},"thumbnailUrl":"https:\/\/www.bellunopress.it\/wp-content\/uploads\/2026\/02\/Alessandro-Del-Bianco-consigliere-regionale-Pd.jpg","datePublished":"2026-06-25T20:28:08+00:00","breadcrumb":{"@id":"https:\/\/www.bellunopress.it\/2026\/06\/25\/trasporto-pubblico-vittoria-bellunese-del-bianco-salvaguardata-lautonomia-del-nostro-territorio\/#breadcrumb"},"inLanguage":"fr-FR","potentialAction":[{"@type":"ReadAction","target":["https:\/\/www.bellunopress.it\/2026\/06\/25\/trasporto-pubblico-vittoria-bellunese-del-bianco-salvaguardata-lautonomia-del-nostro-territorio\/"]}]},{"@type":"ImageObject","inLanguage":"fr-FR","@id":"https:\/\/www.bellunopress.it\/2026\/06\/25\/trasporto-pubblico-vittoria-bellunese-del-bianco-salvaguardata-lautonomia-del-nostro-territorio\/#primaryimage","url":"https:\/\/www.bellunopress.it\/wp-content\/uploads\/2026\/02\/Alessandro-Del-Bianco-consigliere-regionale-Pd.jpg","contentUrl":"https:\/\/www.bellunopress.it\/wp-content\/uploads\/2026\/02\/Alessandro-Del-Bianco-consigliere-regionale-Pd.jpg","width":600,"height":341,"caption":"Alessandro Del Bianco - Consigliere regionale"},{"@type":"BreadcrumbList","@id":"https:\/\/www.bellunopress.it\/2026\/06\/25\/trasporto-pubblico-vittoria-bellunese-del-bianco-salvaguardata-lautonomia-del-nostro-territorio\/#breadcrumb","itemListElement":[{"@type":"ListItem","position":1,"name":"Home","item":"https:\/\/www.bellunopress.it\/"},{"@type":"ListItem","position":2,"name":"Trasporto pubblico, vittoria bellunese. Del Bianco: &#8220;Salvaguardata l\u2019autonomia del nostro territorio&#8221;"}]},{"@type":"WebSite","@id":"https:\/\/www.bellunopress.it\/#website","url":"https:\/\/www.bellunopress.it\/","name":"Bellunopress - Dolomiti","description":"e-mail: redazione@bellunopress.it","publisher":{"@id":"https:\/\/www.bellunopress.it\/#organization"},"potentialAction":[{"@type":"SearchAction","target":{"@type":"EntryPoint","urlTemplate":"https:\/\/www.bellunopress.it\/?s={search_term_string}"},"query-input":{"@type":"PropertyValueSpecification","valueRequired":true,"valueName":"search_term_string"}}],"inLanguage":"fr-FR"},{"@type":"Organization","@id":"https:\/\/www.bellunopress.it\/#organization","name":"Bellunopress","url":"https:\/\/www.bellunopress.it\/","logo":{"@type":"ImageObject","inLanguage":"fr-FR","@id":"https:\/\/www.bellunopress.it\/#\/schema\/logo\/image\/","url":"https:\/\/www.bellunopress.it\/wp-content\/uploads\/2011\/05\/cropped-logo-bellunopress-.jpg","contentUrl":"https:\/\/www.bellunopress.it\/wp-content\/uploads\/2011\/05\/cropped-logo-bellunopress-.jpg","width":512,"height":512,"caption":"Bellunopress"},"image":{"@id":"https:\/\/www.bellunopress.it\/#\/schema\/logo\/image\/"},"sameAs":["https:\/\/www.facebook.com\/profile.php?id=100008943462799","https:\/\/x.com\/bellunopress","https:\/\/www.linkedin.com\/hp\/?dnr=JBzUWaJfMUw8vbXJJ2tVW5-I3jZKvC4wsoxE&amp;amp;amp;amp;amp;amp;trk=nav_responsive_tab_home","https:\/\/www.youtube.com\/channel\/UCxL0wu1uN0_3_7hGG0306cw"]},{"@type":"Person","@id":"https:\/\/www.bellunopress.it\/#\/schema\/person\/79bb06722b37ece1c03d3e94beb30d73","name":"r\u00e9daction","image":{"@type":"ImageObject","inLanguage":"fr-FR","@id":"https:\/\/secure.gravatar.com\/avatar\/37d968a2e67a6fd04c169c4bdef102d0bc5d31b2546345219e348575eb80e9a0?s=96&d=mm&r=g","url":"https:\/\/secure.gravatar.com\/avatar\/37d968a2e67a6fd04c169c4bdef102d0bc5d31b2546345219e348575eb80e9a0?s=96&d=mm&r=g","contentUrl":"https:\/\/secure.gravatar.com\/avatar\/37d968a2e67a6fd04c169c4bdef102d0bc5d31b2546345219e348575eb80e9a0?s=96&d=mm&r=g","caption":"redazione"},"sameAs":["http:\/\/www.bellunopress.it","https:\/\/x.com\/bellunopress"],"url":"https:\/\/www.bellunopress.it\/fr\/author\/redazione\/"}]}},"_links":{"self":[{"href":"https:\/\/www.bellunopress.it\/fr\/wp-json\/wp\/v2\/posts\/171442","targetHints":{"allow":["GET"]}}],"collection":[{"href":"https:\/\/www.bellunopress.it\/fr\/wp-json\/wp\/v2\/posts"}],"about":[{"href":"https:\/\/www.bellunopress.it\/fr\/wp-json\/wp\/v2\/types\/post"}],"author":[{"embeddable":true,"href":"https:\/\/www.bellunopress.it\/fr\/wp-json\/wp\/v2\/users\/2"}],"replies":[{"embeddable":true,"href":"https:\/\/www.bellunopress.it\/fr\/wp-json\/wp\/v2\/comments?post=171442"}],"version-history":[{"count":1,"href":"https:\/\/www.bellunopress.it\/fr\/wp-json\/wp\/v2\/posts\/171442\/revisions"}],"predecessor-version":[{"id":171443,"href":"https:\/\/www.bellunopress.it\/fr\/wp-json\/wp\/v2\/posts\/171442\/revisions\/171443"}],"wp:featuredmedia":[{"embeddable":true,"href":"https:\/\/www.bellunopress.it\/fr\/wp-json\/wp\/v2\/media\/167703"}],"wp:attachment":[{"href":"https:\/\/www.bellunopress.it\/fr\/wp-json\/wp\/v2\/media?parent=171442"}],"wp:term":[{"taxonomy":"category","embeddable":true,"href":"https:\/\/www.bellunopress.it\/fr\/wp-json\/wp\/v2\/categories?post=171442"},{"taxonomy":"post_tag","embeddable":true,"href":"https:\/\/www.bellunopress.it\/fr\/wp-json\/wp\/v2\/tags?post=171442"}],"curies":[{"name":"wp","href":"https:\/\/api.w.org\/{rel}","templated":true}]}}