{"id":171438,"date":"2026-06-25T17:25:18","date_gmt":"2026-06-25T15:25:18","guid":{"rendered":"https:\/\/www.bellunopress.it\/?p=171438"},"modified":"2026-06-25T17:25:18","modified_gmt":"2026-06-25T15:25:18","slug":"il-governo-ha-mentito-sui-voli-americani-la-guerra-alliran-e-passata-anche-dalle-basi-italiane","status":"publish","type":"post","link":"https:\/\/www.bellunopress.it\/fr\/2026\/06\/25\/il-governo-ha-mentito-sui-voli-americani-la-guerra-alliran-e-passata-anche-dalle-basi-italiane\/","title":{"rendered":"Il governo ha mentito sui voli americani: la guerra all&#8217;Iran \u00e8 passata anche dalle basi italiane"},"content":{"rendered":"<p>Sui voli americani decollati dalle basi in Italia contro la Repubblica Islamica dell&#8217;Iran il Governo Meloni non pu\u00f2 cavarsela con una distinzione puramente amministrativa tra attivit\u00e0 \u201ccinetiche\u201d e attivit\u00e0 \u201ctecnico-logistiche\u201d. La questione non \u00e8 stabilire se da Aviano, Sigonella o da altre installazioni siano partiti velivoli incaricati direttamente di colpire obiettivi iraniani.<\/p>\n<p>La questione \u00e8 se il territorio italiano sia stato messo a disposizione, anche solo in funzione di supporto, di una operazione militare statunitense contro l\u2019Iran. Mark Rutte, segretario generale della NATO, ha parlato di 500 aerei statunitensi decollati da basi americane in Italia per sostenere \u201cEpic Fury\u201d, mentre il Ministero della Difesa ha replicato che l\u2019Italia avrebbe autorizzato soltanto attivit\u00e0 tecniche e logistiche, non cinetiche. Proprio questa replica, tuttavia, non chiude il problema, semmai lo apre. Ora, un volo logistico non \u00e8 automaticamente un atto di guerra in senso stretto e, proprio per questo, occorre evitare formule troppo sbrigative. Resta, per\u00f2, difficile sostenere che esso sia politicamente neutro quando viene inserito in una catena operativa finalizzata a rendere possibile una missione militare.<\/p>\n<p>Nella guerra contemporanea, infatti, la logistica non \u00e8 una cornice esterna all\u2019uso della forza. \u00c8 la condizione materiale dell\u2019uso della forza. Parlare di \u201croutine\u201d, allora, pu\u00f2 forse descrivere la procedura interna di autorizzazione o di transito, ma non basta a cancellare la finalit\u00e0 concreta dei voli, n\u00e9 a sottrarre il Governo della Repubblica al dovere di spiegare con precisione che cosa sia stato autorizzato, per quali destinazioni, con quali limiti e con quale collegamento operativo rispetto alla missione americana. Il riferimento agli accordi sulle basi, spesso evocato come se fosse una clausola di assoluzione preventiva, rende la vicenda ancora pi\u00f9 delicata. La disciplina della presenza statunitense in Italia si colloca nel quadro del NATO SOFA del 1951, ratificato dall\u2019Italia con la legge ordinaria dello Stato 30 novembre 1955, n. 1335, dell\u2019Air Technical Agreement del 30 giugno 1954 e soprattutto del Bilateral Infrastructure Agreement del 20 ottobre 1954, il cosiddetto BIA o \u201cAccordo Ombrello\u201d, poi attuato anche attraverso lo Shell Agreement del 1995. Sul punto, va precisato che l\u2019Air Technical Agreement definisce i limiti delle attivit\u00e0 operative, addestrative, logistiche e di supporto dei velivoli americani sul territorio italiano, mentre il BIA regola l\u2019utilizzo delle basi concesse in uso alle forze USA. Essa segnala anche l\u2019elevata classifica di segretezza di tali accordi. Proprio qui sta il nodo politico-costituzionale.<\/p>\n<p>Un accordo sulle basi non pu\u00f2 trasformarsi in una zona d\u2019ombra nella quale il Governo amministra decisioni di rilievo bellico senza una piena assunzione di responsabilit\u00e0 davanti al Parlamento. La sovranit\u00e0 italiana non scompare perch\u00e9 una base \u00e8 concessa in uso agli Stati Uniti. Anche quando non si versi tecnicamente in uno \u201cstato di guerra\u201d, il principio resta chiaro: l\u2019uso del territorio nazionale a sostegno di operazioni militari straniere non pu\u00f2 essere derubricato a fatto gestionale. Per questo la linea del Governo Meloni appare, quantomeno, reticente. Non \u00e8 sufficiente dire che non sono state autorizzate missioni di combattimento, dal momento che bisogna chiarire se siano stati autorizzati voli di supporto a una missione di combattimento. La differenza non \u00e8 sottile. \u00c8 decisiva. Nel primo caso l&#8217;Esecutivo pu\u00f2 sostenere di aver negato l\u2019uso diretto del territorio italiano per attacchi armati. Nel secondo caso, invece, deve ammettere che l\u2019Italia ha consentito una cooperazione materiale, sia pure indiretta, a una operazione militare altrui.<\/p>\n<p>Chiamarla \u201clogistica\u201d non la rende irrilevante. La rende soltanto meno visibile. La possibile menzogna politica, dunque, non sta necessariamente nella singola formula tecnica usata dal Ministro della Difesa pro tempore, quanto nella rappresentazione complessiva offerta al Paese. Se agli italiani \u00e8 stato detto che l\u2019Italia non c\u2019entrava, mentre dalle basi situate sul territorio nazionale partivano voli americani funzionali al sostegno dell\u2019operazione contro l\u2019Iran, allora il Governo ha detto meno del vero su un punto essenziale. E quando la verit\u00e0 viene ridotta a classificazione burocratica dei voli, la Costituzione viene trattata come un fastidio da aggirare. Cara Meloni, ricordi che la guerra non passa solo dal bombardamento. Passa anche dalle piste, dai rifornimenti, dalle autorizzazioni e dai silenzi.<\/p>\n<p><strong>Daniele Trabucco<\/strong><\/p>","protected":false},"excerpt":{"rendered":"<p>Sui voli americani decollati dalle basi in Italia contro la Repubblica Islamica dell&#8217;Iran il Governo Meloni non pu\u00f2 cavarsela con una distinzione puramente amministrativa tra attivit\u00e0 \u201ccinetiche\u201d e attivit\u00e0 \u201ctecnico-logistiche\u201d. La questione non \u00e8 stabilire se da Aviano, Sigonella o da altre installazioni siano partiti velivoli incaricati direttamente di colpire obiettivi iraniani. La questione \u00e8 [&hellip;]<\/p>\n","protected":false},"author":2,"featured_media":117756,"comment_status":"closed","ping_status":"open","sticky":false,"template":"","format":"standard","meta":{"footnotes":""},"categories":[5],"tags":[],"class_list":["post-171438","post","type-post","status-publish","format-standard","has-post-thumbnail","category-cronaca"],"yoast_head":"<!-- This site is optimized with the Yoast SEO plugin v28.4 - https:\/\/yoast.com\/product\/yoast-seo-wordpress\/ -->\n<title>Il governo ha mentito sui voli americani: la guerra all&#039;Iran \u00e8 passata anche dalle basi italiane - Bellunopress - Dolomiti<\/title>\n<meta name=\"robots\" content=\"index, follow, max-snippet:-1, max-image-preview:large, max-video-preview:-1\" \/>\n<link rel=\"canonical\" href=\"https:\/\/www.bellunopress.it\/fr\/2026\/06\/25\/il-governo-ha-mentito-sui-voli-americani-la-guerra-alliran-e-passata-anche-dalle-basi-italiane\/\" \/>\n<meta property=\"og:locale\" content=\"fr_FR\" \/>\n<meta property=\"og:type\" content=\"article\" \/>\n<meta property=\"og:title\" content=\"Il governo ha mentito sui voli americani: la guerra all&#039;Iran \u00e8 passata anche dalle basi italiane - Bellunopress - Dolomiti\" \/>\n<meta property=\"og:description\" content=\"Sui voli americani decollati dalle basi in Italia contro la Repubblica Islamica dell&#8217;Iran il Governo Meloni non pu\u00f2 cavarsela con una distinzione puramente amministrativa tra attivit\u00e0 \u201ccinetiche\u201d e attivit\u00e0 \u201ctecnico-logistiche\u201d. La questione non \u00e8 stabilire se da Aviano, Sigonella o da altre installazioni siano partiti velivoli incaricati direttamente di colpire obiettivi iraniani. La questione \u00e8 [&hellip;]\" \/>\n<meta property=\"og:url\" content=\"https:\/\/www.bellunopress.it\/fr\/2026\/06\/25\/il-governo-ha-mentito-sui-voli-americani-la-guerra-alliran-e-passata-anche-dalle-basi-italiane\/\" \/>\n<meta property=\"og:site_name\" content=\"Bellunopress - Dolomiti\" \/>\n<meta property=\"article:publisher\" content=\"https:\/\/www.facebook.com\/profile.php?id=100008943462799\" \/>\n<meta property=\"article:published_time\" content=\"2026-06-25T15:25:18+00:00\" \/>\n<meta property=\"og:image\" content=\"https:\/\/www.bellunopress.it\/wp-content\/uploads\/2020\/09\/Parlamento_edited.jpg\" \/>\n\t<meta property=\"og:image:width\" content=\"800\" \/>\n\t<meta property=\"og:image:height\" content=\"600\" \/>\n\t<meta property=\"og:image:type\" content=\"image\/jpeg\" \/>\n<meta name=\"author\" content=\"redazione\" \/>\n<meta name=\"twitter:card\" content=\"summary_large_image\" \/>\n<meta name=\"twitter:creator\" content=\"@bellunopress\" \/>\n<meta name=\"twitter:site\" content=\"@bellunopress\" \/>\n<meta name=\"twitter:label1\" content=\"\u00c9crit par\" \/>\n\t<meta name=\"twitter:data1\" content=\"redazione\" \/>\n\t<meta name=\"twitter:label2\" content=\"Dur\u00e9e de lecture estim\u00e9e\" \/>\n\t<meta name=\"twitter:data2\" content=\"4 minutes\" \/>\n<script type=\"application\/ld+json\" class=\"yoast-schema-graph\">{\"@context\":\"https:\\\/\\\/schema.org\",\"@graph\":[{\"@type\":\"Article\",\"@id\":\"https:\\\/\\\/www.bellunopress.it\\\/2026\\\/06\\\/25\\\/il-governo-ha-mentito-sui-voli-americani-la-guerra-alliran-e-passata-anche-dalle-basi-italiane\\\/#article\",\"isPartOf\":{\"@id\":\"https:\\\/\\\/www.bellunopress.it\\\/2026\\\/06\\\/25\\\/il-governo-ha-mentito-sui-voli-americani-la-guerra-alliran-e-passata-anche-dalle-basi-italiane\\\/\"},\"author\":{\"name\":\"redazione\",\"@id\":\"https:\\\/\\\/www.bellunopress.it\\\/#\\\/schema\\\/person\\\/79bb06722b37ece1c03d3e94beb30d73\"},\"headline\":\"Il governo ha mentito sui voli americani: la guerra all&#8217;Iran \u00e8 passata anche dalle basi italiane\",\"datePublished\":\"2026-06-25T15:25:18+00:00\",\"mainEntityOfPage\":{\"@id\":\"https:\\\/\\\/www.bellunopress.it\\\/2026\\\/06\\\/25\\\/il-governo-ha-mentito-sui-voli-americani-la-guerra-alliran-e-passata-anche-dalle-basi-italiane\\\/\"},\"wordCount\":684,\"publisher\":{\"@id\":\"https:\\\/\\\/www.bellunopress.it\\\/#organization\"},\"image\":{\"@id\":\"https:\\\/\\\/www.bellunopress.it\\\/2026\\\/06\\\/25\\\/il-governo-ha-mentito-sui-voli-americani-la-guerra-alliran-e-passata-anche-dalle-basi-italiane\\\/#primaryimage\"},\"thumbnailUrl\":\"https:\\\/\\\/www.bellunopress.it\\\/wp-content\\\/uploads\\\/2020\\\/09\\\/Parlamento_edited.jpg\",\"articleSection\":[\"Cronaca\\\/Politica\"],\"inLanguage\":\"fr-FR\"},{\"@type\":\"WebPage\",\"@id\":\"https:\\\/\\\/www.bellunopress.it\\\/2026\\\/06\\\/25\\\/il-governo-ha-mentito-sui-voli-americani-la-guerra-alliran-e-passata-anche-dalle-basi-italiane\\\/\",\"url\":\"https:\\\/\\\/www.bellunopress.it\\\/2026\\\/06\\\/25\\\/il-governo-ha-mentito-sui-voli-americani-la-guerra-alliran-e-passata-anche-dalle-basi-italiane\\\/\",\"name\":\"Il governo ha mentito sui voli americani: la guerra all'Iran \u00e8 passata anche dalle basi italiane - Bellunopress - Dolomiti\",\"isPartOf\":{\"@id\":\"https:\\\/\\\/www.bellunopress.it\\\/#website\"},\"primaryImageOfPage\":{\"@id\":\"https:\\\/\\\/www.bellunopress.it\\\/2026\\\/06\\\/25\\\/il-governo-ha-mentito-sui-voli-americani-la-guerra-alliran-e-passata-anche-dalle-basi-italiane\\\/#primaryimage\"},\"image\":{\"@id\":\"https:\\\/\\\/www.bellunopress.it\\\/2026\\\/06\\\/25\\\/il-governo-ha-mentito-sui-voli-americani-la-guerra-alliran-e-passata-anche-dalle-basi-italiane\\\/#primaryimage\"},\"thumbnailUrl\":\"https:\\\/\\\/www.bellunopress.it\\\/wp-content\\\/uploads\\\/2020\\\/09\\\/Parlamento_edited.jpg\",\"datePublished\":\"2026-06-25T15:25:18+00:00\",\"breadcrumb\":{\"@id\":\"https:\\\/\\\/www.bellunopress.it\\\/2026\\\/06\\\/25\\\/il-governo-ha-mentito-sui-voli-americani-la-guerra-alliran-e-passata-anche-dalle-basi-italiane\\\/#breadcrumb\"},\"inLanguage\":\"fr-FR\",\"potentialAction\":[{\"@type\":\"ReadAction\",\"target\":[\"https:\\\/\\\/www.bellunopress.it\\\/2026\\\/06\\\/25\\\/il-governo-ha-mentito-sui-voli-americani-la-guerra-alliran-e-passata-anche-dalle-basi-italiane\\\/\"]}]},{\"@type\":\"ImageObject\",\"inLanguage\":\"fr-FR\",\"@id\":\"https:\\\/\\\/www.bellunopress.it\\\/2026\\\/06\\\/25\\\/il-governo-ha-mentito-sui-voli-americani-la-guerra-alliran-e-passata-anche-dalle-basi-italiane\\\/#primaryimage\",\"url\":\"https:\\\/\\\/www.bellunopress.it\\\/wp-content\\\/uploads\\\/2020\\\/09\\\/Parlamento_edited.jpg\",\"contentUrl\":\"https:\\\/\\\/www.bellunopress.it\\\/wp-content\\\/uploads\\\/2020\\\/09\\\/Parlamento_edited.jpg\",\"width\":800,\"height\":600},{\"@type\":\"BreadcrumbList\",\"@id\":\"https:\\\/\\\/www.bellunopress.it\\\/2026\\\/06\\\/25\\\/il-governo-ha-mentito-sui-voli-americani-la-guerra-alliran-e-passata-anche-dalle-basi-italiane\\\/#breadcrumb\",\"itemListElement\":[{\"@type\":\"ListItem\",\"position\":1,\"name\":\"Home\",\"item\":\"https:\\\/\\\/www.bellunopress.it\\\/\"},{\"@type\":\"ListItem\",\"position\":2,\"name\":\"Il governo ha mentito sui voli americani: la guerra all&#8217;Iran \u00e8 passata anche dalle basi italiane\"}]},{\"@type\":\"WebSite\",\"@id\":\"https:\\\/\\\/www.bellunopress.it\\\/#website\",\"url\":\"https:\\\/\\\/www.bellunopress.it\\\/\",\"name\":\"Bellunopress - Dolomiti\",\"description\":\"e-mail: redazione@bellunopress.it\",\"publisher\":{\"@id\":\"https:\\\/\\\/www.bellunopress.it\\\/#organization\"},\"potentialAction\":[{\"@type\":\"SearchAction\",\"target\":{\"@type\":\"EntryPoint\",\"urlTemplate\":\"https:\\\/\\\/www.bellunopress.it\\\/?s={search_term_string}\"},\"query-input\":{\"@type\":\"PropertyValueSpecification\",\"valueRequired\":true,\"valueName\":\"search_term_string\"}}],\"inLanguage\":\"fr-FR\"},{\"@type\":\"Organization\",\"@id\":\"https:\\\/\\\/www.bellunopress.it\\\/#organization\",\"name\":\"Bellunopress\",\"url\":\"https:\\\/\\\/www.bellunopress.it\\\/\",\"logo\":{\"@type\":\"ImageObject\",\"inLanguage\":\"fr-FR\",\"@id\":\"https:\\\/\\\/www.bellunopress.it\\\/#\\\/schema\\\/logo\\\/image\\\/\",\"url\":\"https:\\\/\\\/www.bellunopress.it\\\/wp-content\\\/uploads\\\/2011\\\/05\\\/cropped-logo-bellunopress-.jpg\",\"contentUrl\":\"https:\\\/\\\/www.bellunopress.it\\\/wp-content\\\/uploads\\\/2011\\\/05\\\/cropped-logo-bellunopress-.jpg\",\"width\":512,\"height\":512,\"caption\":\"Bellunopress\"},\"image\":{\"@id\":\"https:\\\/\\\/www.bellunopress.it\\\/#\\\/schema\\\/logo\\\/image\\\/\"},\"sameAs\":[\"https:\\\/\\\/www.facebook.com\\\/profile.php?id=100008943462799\",\"https:\\\/\\\/x.com\\\/bellunopress\",\"https:\\\/\\\/www.linkedin.com\\\/hp\\\/?dnr=JBzUWaJfMUw8vbXJJ2tVW5-I3jZKvC4wsoxE&amp;amp;amp;amp;amp;amp;trk=nav_responsive_tab_home\",\"https:\\\/\\\/www.youtube.com\\\/channel\\\/UCxL0wu1uN0_3_7hGG0306cw\"]},{\"@type\":\"Person\",\"@id\":\"https:\\\/\\\/www.bellunopress.it\\\/#\\\/schema\\\/person\\\/79bb06722b37ece1c03d3e94beb30d73\",\"name\":\"redazione\",\"image\":{\"@type\":\"ImageObject\",\"inLanguage\":\"fr-FR\",\"@id\":\"https:\\\/\\\/secure.gravatar.com\\\/avatar\\\/37d968a2e67a6fd04c169c4bdef102d0bc5d31b2546345219e348575eb80e9a0?s=96&d=mm&r=g\",\"url\":\"https:\\\/\\\/secure.gravatar.com\\\/avatar\\\/37d968a2e67a6fd04c169c4bdef102d0bc5d31b2546345219e348575eb80e9a0?s=96&d=mm&r=g\",\"contentUrl\":\"https:\\\/\\\/secure.gravatar.com\\\/avatar\\\/37d968a2e67a6fd04c169c4bdef102d0bc5d31b2546345219e348575eb80e9a0?s=96&d=mm&r=g\",\"caption\":\"redazione\"},\"sameAs\":[\"http:\\\/\\\/www.bellunopress.it\",\"https:\\\/\\\/x.com\\\/bellunopress\"],\"url\":\"https:\\\/\\\/www.bellunopress.it\\\/fr\\\/author\\\/redazione\\\/\"}]}<\/script>\n<!-- \/ Yoast SEO plugin. -->","yoast_head_json":{"title":"Il governo ha mentito sui voli americani: la guerra all'Iran \u00e8 passata anche dalle basi italiane - Bellunopress - Dolomiti","robots":{"index":"index","follow":"follow","max-snippet":"max-snippet:-1","max-image-preview":"max-image-preview:large","max-video-preview":"max-video-preview:-1"},"canonical":"https:\/\/www.bellunopress.it\/fr\/2026\/06\/25\/il-governo-ha-mentito-sui-voli-americani-la-guerra-alliran-e-passata-anche-dalle-basi-italiane\/","og_locale":"fr_FR","og_type":"article","og_title":"Il governo ha mentito sui voli americani: la guerra all'Iran \u00e8 passata anche dalle basi italiane - Bellunopress - Dolomiti","og_description":"Sui voli americani decollati dalle basi in Italia contro la Repubblica Islamica dell&#8217;Iran il Governo Meloni non pu\u00f2 cavarsela con una distinzione puramente amministrativa tra attivit\u00e0 \u201ccinetiche\u201d e attivit\u00e0 \u201ctecnico-logistiche\u201d. La questione non \u00e8 stabilire se da Aviano, Sigonella o da altre installazioni siano partiti velivoli incaricati direttamente di colpire obiettivi iraniani. La questione \u00e8 [&hellip;]","og_url":"https:\/\/www.bellunopress.it\/fr\/2026\/06\/25\/il-governo-ha-mentito-sui-voli-americani-la-guerra-alliran-e-passata-anche-dalle-basi-italiane\/","og_site_name":"Bellunopress - Dolomiti","article_publisher":"https:\/\/www.facebook.com\/profile.php?id=100008943462799","article_published_time":"2026-06-25T15:25:18+00:00","og_image":[{"width":800,"height":600,"url":"https:\/\/www.bellunopress.it\/wp-content\/uploads\/2020\/09\/Parlamento_edited.jpg","type":"image\/jpeg"}],"author":"redazione","twitter_card":"summary_large_image","twitter_creator":"@bellunopress","twitter_site":"@bellunopress","twitter_misc":{"\u00c9crit par":"redazione","Dur\u00e9e de lecture estim\u00e9e":"4 minutes"},"schema":{"@context":"https:\/\/schema.org","@graph":[{"@type":"Article","@id":"https:\/\/www.bellunopress.it\/2026\/06\/25\/il-governo-ha-mentito-sui-voli-americani-la-guerra-alliran-e-passata-anche-dalle-basi-italiane\/#article","isPartOf":{"@id":"https:\/\/www.bellunopress.it\/2026\/06\/25\/il-governo-ha-mentito-sui-voli-americani-la-guerra-alliran-e-passata-anche-dalle-basi-italiane\/"},"author":{"name":"redazione","@id":"https:\/\/www.bellunopress.it\/#\/schema\/person\/79bb06722b37ece1c03d3e94beb30d73"},"headline":"Il governo ha mentito sui voli americani: la guerra all&#8217;Iran \u00e8 passata anche dalle basi italiane","datePublished":"2026-06-25T15:25:18+00:00","mainEntityOfPage":{"@id":"https:\/\/www.bellunopress.it\/2026\/06\/25\/il-governo-ha-mentito-sui-voli-americani-la-guerra-alliran-e-passata-anche-dalle-basi-italiane\/"},"wordCount":684,"publisher":{"@id":"https:\/\/www.bellunopress.it\/#organization"},"image":{"@id":"https:\/\/www.bellunopress.it\/2026\/06\/25\/il-governo-ha-mentito-sui-voli-americani-la-guerra-alliran-e-passata-anche-dalle-basi-italiane\/#primaryimage"},"thumbnailUrl":"https:\/\/www.bellunopress.it\/wp-content\/uploads\/2020\/09\/Parlamento_edited.jpg","articleSection":["Cronaca\/Politica"],"inLanguage":"fr-FR"},{"@type":"WebPage","@id":"https:\/\/www.bellunopress.it\/2026\/06\/25\/il-governo-ha-mentito-sui-voli-americani-la-guerra-alliran-e-passata-anche-dalle-basi-italiane\/","url":"https:\/\/www.bellunopress.it\/2026\/06\/25\/il-governo-ha-mentito-sui-voli-americani-la-guerra-alliran-e-passata-anche-dalle-basi-italiane\/","name":"Il governo ha mentito sui voli americani: la guerra all'Iran \u00e8 passata anche dalle basi italiane - Bellunopress - Dolomiti","isPartOf":{"@id":"https:\/\/www.bellunopress.it\/#website"},"primaryImageOfPage":{"@id":"https:\/\/www.bellunopress.it\/2026\/06\/25\/il-governo-ha-mentito-sui-voli-americani-la-guerra-alliran-e-passata-anche-dalle-basi-italiane\/#primaryimage"},"image":{"@id":"https:\/\/www.bellunopress.it\/2026\/06\/25\/il-governo-ha-mentito-sui-voli-americani-la-guerra-alliran-e-passata-anche-dalle-basi-italiane\/#primaryimage"},"thumbnailUrl":"https:\/\/www.bellunopress.it\/wp-content\/uploads\/2020\/09\/Parlamento_edited.jpg","datePublished":"2026-06-25T15:25:18+00:00","breadcrumb":{"@id":"https:\/\/www.bellunopress.it\/2026\/06\/25\/il-governo-ha-mentito-sui-voli-americani-la-guerra-alliran-e-passata-anche-dalle-basi-italiane\/#breadcrumb"},"inLanguage":"fr-FR","potentialAction":[{"@type":"ReadAction","target":["https:\/\/www.bellunopress.it\/2026\/06\/25\/il-governo-ha-mentito-sui-voli-americani-la-guerra-alliran-e-passata-anche-dalle-basi-italiane\/"]}]},{"@type":"ImageObject","inLanguage":"fr-FR","@id":"https:\/\/www.bellunopress.it\/2026\/06\/25\/il-governo-ha-mentito-sui-voli-americani-la-guerra-alliran-e-passata-anche-dalle-basi-italiane\/#primaryimage","url":"https:\/\/www.bellunopress.it\/wp-content\/uploads\/2020\/09\/Parlamento_edited.jpg","contentUrl":"https:\/\/www.bellunopress.it\/wp-content\/uploads\/2020\/09\/Parlamento_edited.jpg","width":800,"height":600},{"@type":"BreadcrumbList","@id":"https:\/\/www.bellunopress.it\/2026\/06\/25\/il-governo-ha-mentito-sui-voli-americani-la-guerra-alliran-e-passata-anche-dalle-basi-italiane\/#breadcrumb","itemListElement":[{"@type":"ListItem","position":1,"name":"Home","item":"https:\/\/www.bellunopress.it\/"},{"@type":"ListItem","position":2,"name":"Il governo ha mentito sui voli americani: la guerra all&#8217;Iran \u00e8 passata anche dalle basi italiane"}]},{"@type":"WebSite","@id":"https:\/\/www.bellunopress.it\/#website","url":"https:\/\/www.bellunopress.it\/","name":"Bellunopress - Dolomiti","description":"e-mail: redazione@bellunopress.it","publisher":{"@id":"https:\/\/www.bellunopress.it\/#organization"},"potentialAction":[{"@type":"SearchAction","target":{"@type":"EntryPoint","urlTemplate":"https:\/\/www.bellunopress.it\/?s={search_term_string}"},"query-input":{"@type":"PropertyValueSpecification","valueRequired":true,"valueName":"search_term_string"}}],"inLanguage":"fr-FR"},{"@type":"Organization","@id":"https:\/\/www.bellunopress.it\/#organization","name":"Bellunopress","url":"https:\/\/www.bellunopress.it\/","logo":{"@type":"ImageObject","inLanguage":"fr-FR","@id":"https:\/\/www.bellunopress.it\/#\/schema\/logo\/image\/","url":"https:\/\/www.bellunopress.it\/wp-content\/uploads\/2011\/05\/cropped-logo-bellunopress-.jpg","contentUrl":"https:\/\/www.bellunopress.it\/wp-content\/uploads\/2011\/05\/cropped-logo-bellunopress-.jpg","width":512,"height":512,"caption":"Bellunopress"},"image":{"@id":"https:\/\/www.bellunopress.it\/#\/schema\/logo\/image\/"},"sameAs":["https:\/\/www.facebook.com\/profile.php?id=100008943462799","https:\/\/x.com\/bellunopress","https:\/\/www.linkedin.com\/hp\/?dnr=JBzUWaJfMUw8vbXJJ2tVW5-I3jZKvC4wsoxE&amp;amp;amp;amp;amp;amp;trk=nav_responsive_tab_home","https:\/\/www.youtube.com\/channel\/UCxL0wu1uN0_3_7hGG0306cw"]},{"@type":"Person","@id":"https:\/\/www.bellunopress.it\/#\/schema\/person\/79bb06722b37ece1c03d3e94beb30d73","name":"r\u00e9daction","image":{"@type":"ImageObject","inLanguage":"fr-FR","@id":"https:\/\/secure.gravatar.com\/avatar\/37d968a2e67a6fd04c169c4bdef102d0bc5d31b2546345219e348575eb80e9a0?s=96&d=mm&r=g","url":"https:\/\/secure.gravatar.com\/avatar\/37d968a2e67a6fd04c169c4bdef102d0bc5d31b2546345219e348575eb80e9a0?s=96&d=mm&r=g","contentUrl":"https:\/\/secure.gravatar.com\/avatar\/37d968a2e67a6fd04c169c4bdef102d0bc5d31b2546345219e348575eb80e9a0?s=96&d=mm&r=g","caption":"redazione"},"sameAs":["http:\/\/www.bellunopress.it","https:\/\/x.com\/bellunopress"],"url":"https:\/\/www.bellunopress.it\/fr\/author\/redazione\/"}]}},"_links":{"self":[{"href":"https:\/\/www.bellunopress.it\/fr\/wp-json\/wp\/v2\/posts\/171438","targetHints":{"allow":["GET"]}}],"collection":[{"href":"https:\/\/www.bellunopress.it\/fr\/wp-json\/wp\/v2\/posts"}],"about":[{"href":"https:\/\/www.bellunopress.it\/fr\/wp-json\/wp\/v2\/types\/post"}],"author":[{"embeddable":true,"href":"https:\/\/www.bellunopress.it\/fr\/wp-json\/wp\/v2\/users\/2"}],"replies":[{"embeddable":true,"href":"https:\/\/www.bellunopress.it\/fr\/wp-json\/wp\/v2\/comments?post=171438"}],"version-history":[{"count":1,"href":"https:\/\/www.bellunopress.it\/fr\/wp-json\/wp\/v2\/posts\/171438\/revisions"}],"predecessor-version":[{"id":171439,"href":"https:\/\/www.bellunopress.it\/fr\/wp-json\/wp\/v2\/posts\/171438\/revisions\/171439"}],"wp:featuredmedia":[{"embeddable":true,"href":"https:\/\/www.bellunopress.it\/fr\/wp-json\/wp\/v2\/media\/117756"}],"wp:attachment":[{"href":"https:\/\/www.bellunopress.it\/fr\/wp-json\/wp\/v2\/media?parent=171438"}],"wp:term":[{"taxonomy":"category","embeddable":true,"href":"https:\/\/www.bellunopress.it\/fr\/wp-json\/wp\/v2\/categories?post=171438"},{"taxonomy":"post_tag","embeddable":true,"href":"https:\/\/www.bellunopress.it\/fr\/wp-json\/wp\/v2\/tags?post=171438"}],"curies":[{"name":"wp","href":"https:\/\/api.w.org\/{rel}","templated":true}]}}