{"id":171431,"date":"2026-06-25T14:17:17","date_gmt":"2026-06-25T12:17:17","guid":{"rendered":"https:\/\/www.bellunopress.it\/?p=171431"},"modified":"2026-06-25T14:17:17","modified_gmt":"2026-06-25T12:17:17","slug":"seren-del-grappa-scuola-allarme-del-sindaco-dario-scopel-il-bellunese-non-sia-una-casella-su-una-scacchiera","status":"publish","type":"post","link":"https:\/\/www.bellunopress.it\/fr\/2026\/06\/25\/seren-del-grappa-scuola-allarme-del-sindaco-dario-scopel-il-bellunese-non-sia-una-casella-su-una-scacchiera\/","title":{"rendered":"Seren del Grappa. Scuola, allarme del sindaco Dario Scopel: &#8220;Il Bellunese non sia una casella su una scacchiera&#8221;"},"content":{"rendered":"<p data-path-to-node=\"3\"><b data-path-to-node=\"3\" data-index-in-node=\"0\">Il sindaco di Seren del Grappa punta il dito contro il possibile depotenziamento dell&#8217;Ufficio Scolastico Territoriale di Belluno: \u00abServe un presidio stabile per tutelare le nostre specificit\u00e0 montane\u00bb.<\/b><\/p>\n<p data-path-to-node=\"4\">Seren del Grappa, 25\/06\/2026 &#8211; Il futuro dell&#8217;istruzione nel Bellunese torna al centro del dibattito politico. A sollevare il caso \u00e8 il sindaco di Seren del Grappa, Dario Scopel, che esprime forte preoccupazione per le recenti notizie riguardanti il futuro dell\u2019Ufficio Scolastico Territoriale (UST) di Belluno. L\u2019ipotesi, emersa in queste ore, di un passaggio a una reggenza esterna \u2013 con la nomina di un dirigente gi\u00e0 impegnato in altro incarico \u2013 \u00e8 stata definita dal primo cittadino come un potenziale segnale di indebolimento del presidio istituzionale sul territorio.<\/p>\n<p data-path-to-node=\"6\">Per Scopel, il tema non \u00e8 meramente amministrativo, ma politico e strategico. Il timore \u00e8 che il Bellunese perda progressivamente capacit\u00e0 di incidere sulle scelte che riguardano il sistema scolastico provinciale. \u00abPasso dopo passo, il territorio perde rappresentanza \u2013 sottolinea il sindaco \u2013 con buona pace dei proclami sull&#8217;autonomia. C&#8217;\u00e8 il rischio concreto di una crescente distonia tra le esigenze reali delle comunit\u00e0 montane e le decisioni prese altrove, da chi guarda alle nostre vallate non come a un ecosistema da preservare, ma come a una delle tante caselle in una scacchiera amministrativa di area vasta\u00bb.<\/p>\n<p data-path-to-node=\"8\">Il sindaco porta l\u2019esperienza di Seren del Grappa come esempio virtuoso di quanto i Comuni stiano investendo per frenare lo spopolamento e sostenere le famiglie:<\/p>\n<ul data-path-to-node=\"9\">\n<li>\n<p data-path-to-node=\"9,0,0\">Investimenti milionari nel potenziamento e ammodernamento dei plessi scolastici.<\/p>\n<\/li>\n<li>\n<p data-path-to-node=\"9,1,0\">Rifacimento della scuola materna di Rasai, convertita in asilo pubblico.<\/p>\n<\/li>\n<li>\n<p data-path-to-node=\"9,2,0\">Insediamento del micronido nel centro di Seren.<\/p>\n<\/li>\n<\/ul>\n<p data-path-to-node=\"10\">\u00abSono interventi che richiedono sacrifici enormi e una visione di lungo periodo\u00bb, prosegue Scopel. \u00abL&#8217;obiettivo \u00e8 creare condizioni favorevoli per la permanenza dei residenti e l&#8217;arrivo di nuove famiglie. \u00c8 paradossale che, mentre gli enti locali fanno la loro parte sul campo, gli organismi sovraordinati sembrino voler ridurre il peso specifico del nostro territorio\u00bb.<\/p>\n<p data-path-to-node=\"12\">L&#8217;appello di Scopel alle istituzioni competenti \u00e8 chiaro e urgente: servono chiarimenti immediati sul futuro dell&#8217;Ufficio d&#8217;Ambito Territoriale. Per il sindaco non si tratta di una &#8220;battaglia di campanile&#8221;, ma della necessit\u00e0 imprescindibile di avere interlocutori stabili, pienamente operativi e che conoscano le peculiarit\u00e0 della montagna.<\/p>\n<p data-path-to-node=\"13\">\u00abLa scuola \u00e8 il pilastro fondamentale per il futuro delle nostre comunit\u00e0 \u2013 conclude \u2013 e le decisioni che riguardano i nostri ragazzi non possono essere frutto di una gestione a distanza, ma devono basarsi sulla piena consapevolezza delle sfide che i territori montani affrontano ogni giorno\u00bb.<\/p>","protected":false},"excerpt":{"rendered":"<p>Il sindaco di Seren del Grappa punta il dito contro il possibile depotenziamento dell&#8217;Ufficio Scolastico Territoriale di Belluno: \u00abServe un presidio stabile per tutelare le nostre specificit\u00e0 montane\u00bb. Seren del Grappa, 25\/06\/2026 &#8211; Il futuro dell&#8217;istruzione nel Bellunese torna al centro del dibattito politico. A sollevare il caso \u00e8 il sindaco di Seren del Grappa, [&hellip;]<\/p>\n","protected":false},"author":2,"featured_media":123540,"comment_status":"closed","ping_status":"open","sticky":false,"template":"","format":"standard","meta":{"footnotes":""},"categories":[26,15],"tags":[],"class_list":["post-171431","post","type-post","status-publish","format-standard","has-post-thumbnail","category-prima-pagina","category-scuola"],"yoast_head":"<!-- This site is optimized with the Yoast SEO plugin v28.4 - https:\/\/yoast.com\/product\/yoast-seo-wordpress\/ -->\n<title>Seren del Grappa. Scuola, allarme del sindaco Dario Scopel: &quot;Il Bellunese non sia una casella su una scacchiera&quot; - Bellunopress - Dolomiti<\/title>\n<meta name=\"robots\" content=\"index, follow, max-snippet:-1, max-image-preview:large, max-video-preview:-1\" \/>\n<link rel=\"canonical\" href=\"https:\/\/www.bellunopress.it\/fr\/2026\/06\/25\/seren-del-grappa-scuola-allarme-del-sindaco-dario-scopel-il-bellunese-non-sia-una-casella-su-una-scacchiera\/\" \/>\n<meta property=\"og:locale\" content=\"fr_FR\" \/>\n<meta property=\"og:type\" content=\"article\" \/>\n<meta property=\"og:title\" content=\"Seren del Grappa. Scuola, allarme del sindaco Dario Scopel: &quot;Il Bellunese non sia una casella su una scacchiera&quot; - Bellunopress - Dolomiti\" \/>\n<meta property=\"og:description\" content=\"Il sindaco di Seren del Grappa punta il dito contro il possibile depotenziamento dell&#8217;Ufficio Scolastico Territoriale di Belluno: \u00abServe un presidio stabile per tutelare le nostre specificit\u00e0 montane\u00bb. Seren del Grappa, 25\/06\/2026 &#8211; Il futuro dell&#8217;istruzione nel Bellunese torna al centro del dibattito politico. A sollevare il caso \u00e8 il sindaco di Seren del Grappa, [&hellip;]\" \/>\n<meta property=\"og:url\" content=\"https:\/\/www.bellunopress.it\/fr\/2026\/06\/25\/seren-del-grappa-scuola-allarme-del-sindaco-dario-scopel-il-bellunese-non-sia-una-casella-su-una-scacchiera\/\" \/>\n<meta property=\"og:site_name\" content=\"Bellunopress - Dolomiti\" \/>\n<meta property=\"article:publisher\" content=\"https:\/\/www.facebook.com\/profile.php?id=100008943462799\" \/>\n<meta property=\"article:published_time\" content=\"2026-06-25T12:17:17+00:00\" \/>\n<meta property=\"og:image\" content=\"https:\/\/www.bellunopress.it\/wp-content\/uploads\/2021\/04\/Dario-Scopel-consigliere-provinciale.jpg\" \/>\n\t<meta property=\"og:image:width\" content=\"509\" \/>\n\t<meta property=\"og:image:height\" content=\"379\" \/>\n\t<meta property=\"og:image:type\" content=\"image\/jpeg\" \/>\n<meta name=\"author\" content=\"redazione\" \/>\n<meta name=\"twitter:card\" content=\"summary_large_image\" \/>\n<meta name=\"twitter:creator\" content=\"@bellunopress\" \/>\n<meta name=\"twitter:site\" content=\"@bellunopress\" \/>\n<meta name=\"twitter:label1\" content=\"\u00c9crit par\" \/>\n\t<meta name=\"twitter:data1\" content=\"redazione\" \/>\n\t<meta name=\"twitter:label2\" content=\"Dur\u00e9e de lecture estim\u00e9e\" \/>\n\t<meta name=\"twitter:data2\" content=\"3 minutes\" \/>\n<script type=\"application\/ld+json\" class=\"yoast-schema-graph\">{\"@context\":\"https:\\\/\\\/schema.org\",\"@graph\":[{\"@type\":\"Article\",\"@id\":\"https:\\\/\\\/www.bellunopress.it\\\/2026\\\/06\\\/25\\\/seren-del-grappa-scuola-allarme-del-sindaco-dario-scopel-il-bellunese-non-sia-una-casella-su-una-scacchiera\\\/#article\",\"isPartOf\":{\"@id\":\"https:\\\/\\\/www.bellunopress.it\\\/2026\\\/06\\\/25\\\/seren-del-grappa-scuola-allarme-del-sindaco-dario-scopel-il-bellunese-non-sia-una-casella-su-una-scacchiera\\\/\"},\"author\":{\"name\":\"redazione\",\"@id\":\"https:\\\/\\\/www.bellunopress.it\\\/#\\\/schema\\\/person\\\/79bb06722b37ece1c03d3e94beb30d73\"},\"headline\":\"Seren del Grappa. Scuola, allarme del sindaco Dario Scopel: &#8220;Il Bellunese non sia una casella su una scacchiera&#8221;\",\"datePublished\":\"2026-06-25T12:17:17+00:00\",\"mainEntityOfPage\":{\"@id\":\"https:\\\/\\\/www.bellunopress.it\\\/2026\\\/06\\\/25\\\/seren-del-grappa-scuola-allarme-del-sindaco-dario-scopel-il-bellunese-non-sia-una-casella-su-una-scacchiera\\\/\"},\"wordCount\":424,\"publisher\":{\"@id\":\"https:\\\/\\\/www.bellunopress.it\\\/#organization\"},\"image\":{\"@id\":\"https:\\\/\\\/www.bellunopress.it\\\/2026\\\/06\\\/25\\\/seren-del-grappa-scuola-allarme-del-sindaco-dario-scopel-il-bellunese-non-sia-una-casella-su-una-scacchiera\\\/#primaryimage\"},\"thumbnailUrl\":\"https:\\\/\\\/www.bellunopress.it\\\/wp-content\\\/uploads\\\/2021\\\/04\\\/Dario-Scopel-consigliere-provinciale.jpg\",\"articleSection\":[\"Prima Pagina\",\"Scuola\"],\"inLanguage\":\"fr-FR\"},{\"@type\":\"WebPage\",\"@id\":\"https:\\\/\\\/www.bellunopress.it\\\/2026\\\/06\\\/25\\\/seren-del-grappa-scuola-allarme-del-sindaco-dario-scopel-il-bellunese-non-sia-una-casella-su-una-scacchiera\\\/\",\"url\":\"https:\\\/\\\/www.bellunopress.it\\\/2026\\\/06\\\/25\\\/seren-del-grappa-scuola-allarme-del-sindaco-dario-scopel-il-bellunese-non-sia-una-casella-su-una-scacchiera\\\/\",\"name\":\"Seren del Grappa. Scuola, allarme del sindaco Dario Scopel: \\\"Il Bellunese non sia una casella su una scacchiera\\\" - Bellunopress - Dolomiti\",\"isPartOf\":{\"@id\":\"https:\\\/\\\/www.bellunopress.it\\\/#website\"},\"primaryImageOfPage\":{\"@id\":\"https:\\\/\\\/www.bellunopress.it\\\/2026\\\/06\\\/25\\\/seren-del-grappa-scuola-allarme-del-sindaco-dario-scopel-il-bellunese-non-sia-una-casella-su-una-scacchiera\\\/#primaryimage\"},\"image\":{\"@id\":\"https:\\\/\\\/www.bellunopress.it\\\/2026\\\/06\\\/25\\\/seren-del-grappa-scuola-allarme-del-sindaco-dario-scopel-il-bellunese-non-sia-una-casella-su-una-scacchiera\\\/#primaryimage\"},\"thumbnailUrl\":\"https:\\\/\\\/www.bellunopress.it\\\/wp-content\\\/uploads\\\/2021\\\/04\\\/Dario-Scopel-consigliere-provinciale.jpg\",\"datePublished\":\"2026-06-25T12:17:17+00:00\",\"breadcrumb\":{\"@id\":\"https:\\\/\\\/www.bellunopress.it\\\/2026\\\/06\\\/25\\\/seren-del-grappa-scuola-allarme-del-sindaco-dario-scopel-il-bellunese-non-sia-una-casella-su-una-scacchiera\\\/#breadcrumb\"},\"inLanguage\":\"fr-FR\",\"potentialAction\":[{\"@type\":\"ReadAction\",\"target\":[\"https:\\\/\\\/www.bellunopress.it\\\/2026\\\/06\\\/25\\\/seren-del-grappa-scuola-allarme-del-sindaco-dario-scopel-il-bellunese-non-sia-una-casella-su-una-scacchiera\\\/\"]}]},{\"@type\":\"ImageObject\",\"inLanguage\":\"fr-FR\",\"@id\":\"https:\\\/\\\/www.bellunopress.it\\\/2026\\\/06\\\/25\\\/seren-del-grappa-scuola-allarme-del-sindaco-dario-scopel-il-bellunese-non-sia-una-casella-su-una-scacchiera\\\/#primaryimage\",\"url\":\"https:\\\/\\\/www.bellunopress.it\\\/wp-content\\\/uploads\\\/2021\\\/04\\\/Dario-Scopel-consigliere-provinciale.jpg\",\"contentUrl\":\"https:\\\/\\\/www.bellunopress.it\\\/wp-content\\\/uploads\\\/2021\\\/04\\\/Dario-Scopel-consigliere-provinciale.jpg\",\"width\":509,\"height\":379,\"caption\":\"Dario Scopel - Sindaco di Seren del Grappa\"},{\"@type\":\"BreadcrumbList\",\"@id\":\"https:\\\/\\\/www.bellunopress.it\\\/2026\\\/06\\\/25\\\/seren-del-grappa-scuola-allarme-del-sindaco-dario-scopel-il-bellunese-non-sia-una-casella-su-una-scacchiera\\\/#breadcrumb\",\"itemListElement\":[{\"@type\":\"ListItem\",\"position\":1,\"name\":\"Home\",\"item\":\"https:\\\/\\\/www.bellunopress.it\\\/\"},{\"@type\":\"ListItem\",\"position\":2,\"name\":\"Seren del Grappa. Scuola, allarme del sindaco Dario Scopel: &#8220;Il Bellunese non sia una casella su una scacchiera&#8221;\"}]},{\"@type\":\"WebSite\",\"@id\":\"https:\\\/\\\/www.bellunopress.it\\\/#website\",\"url\":\"https:\\\/\\\/www.bellunopress.it\\\/\",\"name\":\"Bellunopress - Dolomiti\",\"description\":\"e-mail: redazione@bellunopress.it\",\"publisher\":{\"@id\":\"https:\\\/\\\/www.bellunopress.it\\\/#organization\"},\"potentialAction\":[{\"@type\":\"SearchAction\",\"target\":{\"@type\":\"EntryPoint\",\"urlTemplate\":\"https:\\\/\\\/www.bellunopress.it\\\/?s={search_term_string}\"},\"query-input\":{\"@type\":\"PropertyValueSpecification\",\"valueRequired\":true,\"valueName\":\"search_term_string\"}}],\"inLanguage\":\"fr-FR\"},{\"@type\":\"Organization\",\"@id\":\"https:\\\/\\\/www.bellunopress.it\\\/#organization\",\"name\":\"Bellunopress\",\"url\":\"https:\\\/\\\/www.bellunopress.it\\\/\",\"logo\":{\"@type\":\"ImageObject\",\"inLanguage\":\"fr-FR\",\"@id\":\"https:\\\/\\\/www.bellunopress.it\\\/#\\\/schema\\\/logo\\\/image\\\/\",\"url\":\"https:\\\/\\\/www.bellunopress.it\\\/wp-content\\\/uploads\\\/2011\\\/05\\\/cropped-logo-bellunopress-.jpg\",\"contentUrl\":\"https:\\\/\\\/www.bellunopress.it\\\/wp-content\\\/uploads\\\/2011\\\/05\\\/cropped-logo-bellunopress-.jpg\",\"width\":512,\"height\":512,\"caption\":\"Bellunopress\"},\"image\":{\"@id\":\"https:\\\/\\\/www.bellunopress.it\\\/#\\\/schema\\\/logo\\\/image\\\/\"},\"sameAs\":[\"https:\\\/\\\/www.facebook.com\\\/profile.php?id=100008943462799\",\"https:\\\/\\\/x.com\\\/bellunopress\",\"https:\\\/\\\/www.linkedin.com\\\/hp\\\/?dnr=JBzUWaJfMUw8vbXJJ2tVW5-I3jZKvC4wsoxE&amp;amp;amp;amp;amp;amp;trk=nav_responsive_tab_home\",\"https:\\\/\\\/www.youtube.com\\\/channel\\\/UCxL0wu1uN0_3_7hGG0306cw\"]},{\"@type\":\"Person\",\"@id\":\"https:\\\/\\\/www.bellunopress.it\\\/#\\\/schema\\\/person\\\/79bb06722b37ece1c03d3e94beb30d73\",\"name\":\"redazione\",\"image\":{\"@type\":\"ImageObject\",\"inLanguage\":\"fr-FR\",\"@id\":\"https:\\\/\\\/secure.gravatar.com\\\/avatar\\\/37d968a2e67a6fd04c169c4bdef102d0bc5d31b2546345219e348575eb80e9a0?s=96&d=mm&r=g\",\"url\":\"https:\\\/\\\/secure.gravatar.com\\\/avatar\\\/37d968a2e67a6fd04c169c4bdef102d0bc5d31b2546345219e348575eb80e9a0?s=96&d=mm&r=g\",\"contentUrl\":\"https:\\\/\\\/secure.gravatar.com\\\/avatar\\\/37d968a2e67a6fd04c169c4bdef102d0bc5d31b2546345219e348575eb80e9a0?s=96&d=mm&r=g\",\"caption\":\"redazione\"},\"sameAs\":[\"http:\\\/\\\/www.bellunopress.it\",\"https:\\\/\\\/x.com\\\/bellunopress\"],\"url\":\"https:\\\/\\\/www.bellunopress.it\\\/fr\\\/author\\\/redazione\\\/\"}]}<\/script>\n<!-- \/ Yoast SEO plugin. -->","yoast_head_json":{"title":"Seren del Grappa. Scuola, allarme del sindaco Dario Scopel: \"Il Bellunese non sia una casella su una scacchiera\" - Bellunopress - Dolomiti","robots":{"index":"index","follow":"follow","max-snippet":"max-snippet:-1","max-image-preview":"max-image-preview:large","max-video-preview":"max-video-preview:-1"},"canonical":"https:\/\/www.bellunopress.it\/fr\/2026\/06\/25\/seren-del-grappa-scuola-allarme-del-sindaco-dario-scopel-il-bellunese-non-sia-una-casella-su-una-scacchiera\/","og_locale":"fr_FR","og_type":"article","og_title":"Seren del Grappa. Scuola, allarme del sindaco Dario Scopel: \"Il Bellunese non sia una casella su una scacchiera\" - Bellunopress - Dolomiti","og_description":"Il sindaco di Seren del Grappa punta il dito contro il possibile depotenziamento dell&#8217;Ufficio Scolastico Territoriale di Belluno: \u00abServe un presidio stabile per tutelare le nostre specificit\u00e0 montane\u00bb. Seren del Grappa, 25\/06\/2026 &#8211; Il futuro dell&#8217;istruzione nel Bellunese torna al centro del dibattito politico. A sollevare il caso \u00e8 il sindaco di Seren del Grappa, [&hellip;]","og_url":"https:\/\/www.bellunopress.it\/fr\/2026\/06\/25\/seren-del-grappa-scuola-allarme-del-sindaco-dario-scopel-il-bellunese-non-sia-una-casella-su-una-scacchiera\/","og_site_name":"Bellunopress - Dolomiti","article_publisher":"https:\/\/www.facebook.com\/profile.php?id=100008943462799","article_published_time":"2026-06-25T12:17:17+00:00","og_image":[{"width":509,"height":379,"url":"https:\/\/www.bellunopress.it\/wp-content\/uploads\/2021\/04\/Dario-Scopel-consigliere-provinciale.jpg","type":"image\/jpeg"}],"author":"redazione","twitter_card":"summary_large_image","twitter_creator":"@bellunopress","twitter_site":"@bellunopress","twitter_misc":{"\u00c9crit par":"redazione","Dur\u00e9e de lecture estim\u00e9e":"3 minutes"},"schema":{"@context":"https:\/\/schema.org","@graph":[{"@type":"Article","@id":"https:\/\/www.bellunopress.it\/2026\/06\/25\/seren-del-grappa-scuola-allarme-del-sindaco-dario-scopel-il-bellunese-non-sia-una-casella-su-una-scacchiera\/#article","isPartOf":{"@id":"https:\/\/www.bellunopress.it\/2026\/06\/25\/seren-del-grappa-scuola-allarme-del-sindaco-dario-scopel-il-bellunese-non-sia-una-casella-su-una-scacchiera\/"},"author":{"name":"redazione","@id":"https:\/\/www.bellunopress.it\/#\/schema\/person\/79bb06722b37ece1c03d3e94beb30d73"},"headline":"Seren del Grappa. Scuola, allarme del sindaco Dario Scopel: &#8220;Il Bellunese non sia una casella su una scacchiera&#8221;","datePublished":"2026-06-25T12:17:17+00:00","mainEntityOfPage":{"@id":"https:\/\/www.bellunopress.it\/2026\/06\/25\/seren-del-grappa-scuola-allarme-del-sindaco-dario-scopel-il-bellunese-non-sia-una-casella-su-una-scacchiera\/"},"wordCount":424,"publisher":{"@id":"https:\/\/www.bellunopress.it\/#organization"},"image":{"@id":"https:\/\/www.bellunopress.it\/2026\/06\/25\/seren-del-grappa-scuola-allarme-del-sindaco-dario-scopel-il-bellunese-non-sia-una-casella-su-una-scacchiera\/#primaryimage"},"thumbnailUrl":"https:\/\/www.bellunopress.it\/wp-content\/uploads\/2021\/04\/Dario-Scopel-consigliere-provinciale.jpg","articleSection":["Prima Pagina","Scuola"],"inLanguage":"fr-FR"},{"@type":"WebPage","@id":"https:\/\/www.bellunopress.it\/2026\/06\/25\/seren-del-grappa-scuola-allarme-del-sindaco-dario-scopel-il-bellunese-non-sia-una-casella-su-una-scacchiera\/","url":"https:\/\/www.bellunopress.it\/2026\/06\/25\/seren-del-grappa-scuola-allarme-del-sindaco-dario-scopel-il-bellunese-non-sia-una-casella-su-una-scacchiera\/","name":"Seren del Grappa. Scuola, allarme del sindaco Dario Scopel: \"Il Bellunese non sia una casella su una scacchiera\" - Bellunopress - Dolomiti","isPartOf":{"@id":"https:\/\/www.bellunopress.it\/#website"},"primaryImageOfPage":{"@id":"https:\/\/www.bellunopress.it\/2026\/06\/25\/seren-del-grappa-scuola-allarme-del-sindaco-dario-scopel-il-bellunese-non-sia-una-casella-su-una-scacchiera\/#primaryimage"},"image":{"@id":"https:\/\/www.bellunopress.it\/2026\/06\/25\/seren-del-grappa-scuola-allarme-del-sindaco-dario-scopel-il-bellunese-non-sia-una-casella-su-una-scacchiera\/#primaryimage"},"thumbnailUrl":"https:\/\/www.bellunopress.it\/wp-content\/uploads\/2021\/04\/Dario-Scopel-consigliere-provinciale.jpg","datePublished":"2026-06-25T12:17:17+00:00","breadcrumb":{"@id":"https:\/\/www.bellunopress.it\/2026\/06\/25\/seren-del-grappa-scuola-allarme-del-sindaco-dario-scopel-il-bellunese-non-sia-una-casella-su-una-scacchiera\/#breadcrumb"},"inLanguage":"fr-FR","potentialAction":[{"@type":"ReadAction","target":["https:\/\/www.bellunopress.it\/2026\/06\/25\/seren-del-grappa-scuola-allarme-del-sindaco-dario-scopel-il-bellunese-non-sia-una-casella-su-una-scacchiera\/"]}]},{"@type":"ImageObject","inLanguage":"fr-FR","@id":"https:\/\/www.bellunopress.it\/2026\/06\/25\/seren-del-grappa-scuola-allarme-del-sindaco-dario-scopel-il-bellunese-non-sia-una-casella-su-una-scacchiera\/#primaryimage","url":"https:\/\/www.bellunopress.it\/wp-content\/uploads\/2021\/04\/Dario-Scopel-consigliere-provinciale.jpg","contentUrl":"https:\/\/www.bellunopress.it\/wp-content\/uploads\/2021\/04\/Dario-Scopel-consigliere-provinciale.jpg","width":509,"height":379,"caption":"Dario Scopel - Sindaco di Seren del Grappa"},{"@type":"BreadcrumbList","@id":"https:\/\/www.bellunopress.it\/2026\/06\/25\/seren-del-grappa-scuola-allarme-del-sindaco-dario-scopel-il-bellunese-non-sia-una-casella-su-una-scacchiera\/#breadcrumb","itemListElement":[{"@type":"ListItem","position":1,"name":"Home","item":"https:\/\/www.bellunopress.it\/"},{"@type":"ListItem","position":2,"name":"Seren del Grappa. Scuola, allarme del sindaco Dario Scopel: &#8220;Il Bellunese non sia una casella su una scacchiera&#8221;"}]},{"@type":"WebSite","@id":"https:\/\/www.bellunopress.it\/#website","url":"https:\/\/www.bellunopress.it\/","name":"Bellunopress - Dolomiti","description":"e-mail: redazione@bellunopress.it","publisher":{"@id":"https:\/\/www.bellunopress.it\/#organization"},"potentialAction":[{"@type":"SearchAction","target":{"@type":"EntryPoint","urlTemplate":"https:\/\/www.bellunopress.it\/?s={search_term_string}"},"query-input":{"@type":"PropertyValueSpecification","valueRequired":true,"valueName":"search_term_string"}}],"inLanguage":"fr-FR"},{"@type":"Organization","@id":"https:\/\/www.bellunopress.it\/#organization","name":"Bellunopress","url":"https:\/\/www.bellunopress.it\/","logo":{"@type":"ImageObject","inLanguage":"fr-FR","@id":"https:\/\/www.bellunopress.it\/#\/schema\/logo\/image\/","url":"https:\/\/www.bellunopress.it\/wp-content\/uploads\/2011\/05\/cropped-logo-bellunopress-.jpg","contentUrl":"https:\/\/www.bellunopress.it\/wp-content\/uploads\/2011\/05\/cropped-logo-bellunopress-.jpg","width":512,"height":512,"caption":"Bellunopress"},"image":{"@id":"https:\/\/www.bellunopress.it\/#\/schema\/logo\/image\/"},"sameAs":["https:\/\/www.facebook.com\/profile.php?id=100008943462799","https:\/\/x.com\/bellunopress","https:\/\/www.linkedin.com\/hp\/?dnr=JBzUWaJfMUw8vbXJJ2tVW5-I3jZKvC4wsoxE&amp;amp;amp;amp;amp;amp;trk=nav_responsive_tab_home","https:\/\/www.youtube.com\/channel\/UCxL0wu1uN0_3_7hGG0306cw"]},{"@type":"Person","@id":"https:\/\/www.bellunopress.it\/#\/schema\/person\/79bb06722b37ece1c03d3e94beb30d73","name":"r\u00e9daction","image":{"@type":"ImageObject","inLanguage":"fr-FR","@id":"https:\/\/secure.gravatar.com\/avatar\/37d968a2e67a6fd04c169c4bdef102d0bc5d31b2546345219e348575eb80e9a0?s=96&d=mm&r=g","url":"https:\/\/secure.gravatar.com\/avatar\/37d968a2e67a6fd04c169c4bdef102d0bc5d31b2546345219e348575eb80e9a0?s=96&d=mm&r=g","contentUrl":"https:\/\/secure.gravatar.com\/avatar\/37d968a2e67a6fd04c169c4bdef102d0bc5d31b2546345219e348575eb80e9a0?s=96&d=mm&r=g","caption":"redazione"},"sameAs":["http:\/\/www.bellunopress.it","https:\/\/x.com\/bellunopress"],"url":"https:\/\/www.bellunopress.it\/fr\/author\/redazione\/"}]}},"_links":{"self":[{"href":"https:\/\/www.bellunopress.it\/fr\/wp-json\/wp\/v2\/posts\/171431","targetHints":{"allow":["GET"]}}],"collection":[{"href":"https:\/\/www.bellunopress.it\/fr\/wp-json\/wp\/v2\/posts"}],"about":[{"href":"https:\/\/www.bellunopress.it\/fr\/wp-json\/wp\/v2\/types\/post"}],"author":[{"embeddable":true,"href":"https:\/\/www.bellunopress.it\/fr\/wp-json\/wp\/v2\/users\/2"}],"replies":[{"embeddable":true,"href":"https:\/\/www.bellunopress.it\/fr\/wp-json\/wp\/v2\/comments?post=171431"}],"version-history":[{"count":1,"href":"https:\/\/www.bellunopress.it\/fr\/wp-json\/wp\/v2\/posts\/171431\/revisions"}],"predecessor-version":[{"id":171432,"href":"https:\/\/www.bellunopress.it\/fr\/wp-json\/wp\/v2\/posts\/171431\/revisions\/171432"}],"wp:featuredmedia":[{"embeddable":true,"href":"https:\/\/www.bellunopress.it\/fr\/wp-json\/wp\/v2\/media\/123540"}],"wp:attachment":[{"href":"https:\/\/www.bellunopress.it\/fr\/wp-json\/wp\/v2\/media?parent=171431"}],"wp:term":[{"taxonomy":"category","embeddable":true,"href":"https:\/\/www.bellunopress.it\/fr\/wp-json\/wp\/v2\/categories?post=171431"},{"taxonomy":"post_tag","embeddable":true,"href":"https:\/\/www.bellunopress.it\/fr\/wp-json\/wp\/v2\/tags?post=171431"}],"curies":[{"name":"wp","href":"https:\/\/api.w.org\/{rel}","templated":true}]}}