{"id":171422,"date":"2026-06-25T13:14:35","date_gmt":"2026-06-25T11:14:35","guid":{"rendered":"https:\/\/www.bellunopress.it\/?p=171422"},"modified":"2026-06-25T13:14:35","modified_gmt":"2026-06-25T11:14:35","slug":"lago-di-santa-caterina-auronzo-gara-internazionale-di-canoa-velocita-e-paracanoa-dal-3-al-5-luglio","status":"publish","type":"post","link":"https:\/\/www.bellunopress.it\/fr\/2026\/06\/25\/lago-di-santa-caterina-auronzo-gara-internazionale-di-canoa-velocita-e-paracanoa-dal-3-al-5-luglio\/","title":{"rendered":"Lago di Santa Caterina, Auronzo: Gara internazionale di Canoa Velocit\u00e0 e Paracanoa dal 3 al 5 luglio"},"content":{"rendered":"<p>Auronzo di Cadore, 25\/06\/2026 \u2013 Auronzo si prepara ad accogliere una nuova edizione della Gara Internazionale di Canoa Velocit\u00e0 e Paracanoa, in programma dal 3 al 5 luglio 2026 sul Lago di Santa Caterina.<\/p>\n<p>Dopo oltre quarant&#8217;anni di storia, la manifestazione continua a crescere e a rafforzare il rapporto tra Auronzo e il mondo della canoa. Le prime stime indicano la presenza di circa 500 atleti: 346 italiani e 150 stranieri, provenienti complessivamente da 16 nazioni.<\/p>\n<p>Tra le societ\u00e0 pi\u00f9 numerose spicca la Canoa San Giorgio ASD di San Giorgio di Nogaro (Udine), presente con 42 atleti, 361 iscrizioni-gara e 194 equipaggi. Seguono il Circolo Marina Mercantile &#8220;Nazario Sauro&#8221; ASD di Trieste, con 24 atleti, 157 iscrizioni e 93 equipaggi, e la Canottieri Mestre ASD, con 23 atleti, 252 iscrizioni e 129 equipaggi. Importante anche la partecipazione del Gruppo Nautico Fiamme Gialle, e dell&#8217;ASD Canottieri Ticino Pavia.<\/p>\n<p>Accanto agli italiani sono attese squadre nazionali, rappresentative e club provenienti da Australia, Austria, Belgio, Bosnia ed Erzegovina, Danimarca, Spagna, Germania, Ungheria, Lettonia, Lituania, Nuova Zelanda, Polonia, Sudafrica, Slovenia e Svizzera.<\/p>\n<p>Importante la presenza ungherese e quella tedesca, rappresentate da pi\u00f9 societ\u00e0. La partecipazione assume ancora pi\u00f9 valore considerando la concomitanza con i Campionati Mondiali Junior e Under 23 in Canada. Nonostante alcuni degli atleti pi\u00f9 giovani siano impegnati oltreoceano, ad Auronzo non mancheranno concorrenti di livello.<\/p>\n<p>Il programma si svilupper\u00e0 sulle abituali tre giornate: venerd\u00ec le gare sui 1.000 metri, sabato quelle sui 500, domenica le prove sui 200 e sui 5.000 metri. In acqua le categorie Under 16, Junior, Senior e Master, insieme agli atleti della Paracanoa.<\/p>\n<p>&nbsp;<\/p>\n<p><strong>IL PROLUNGAMENTO DELLA PRESENZA TURISTICO-SPORTIVA<\/strong><\/p>\n<p>La crescita non riguarda soltanto il numero degli iscritti. Le prenotazioni mostrano infatti un progressivo allungamento dei soggiorni. Molte delegazioni non si fermeranno pi\u00f9 soltanto per le tre notti della gara, ma resteranno cinque, sei o anche sette giorni, abbinando la competizione a un periodo di allenamento sul lago.<\/p>\n<p>Alcuni gruppi arriveranno gi\u00e0 dal 27 giugno. Una scelta favorita dalla possibilit\u00e0 di allenarsi direttamente sul campo di gara e dai servizi messi a disposizione dall&#8217;organizzazione: deposito delle imbarcazioni, pontoni, mezzi per seguire gli allenamenti e utilizzo dei blocchi di partenza.<\/p>\n<p>Questa permanenza pi\u00f9 lunga produce un impatto concreto sull&#8217;accoglienza. Alberghi, ristorazione, trasporti e servizi beneficiano di presenze che vanno oltre il solo fine settimana di gara. \u00c8 un dato significativo anche dal punto di vista organizzativo: le squadre non scelgono Auronzo soltanto per gareggiare, ma decidono di fermarsi, allenarsi e preparare qui una parte della propria stagione. La manifestazione diventa quindi il centro di una settimana sportiva pi\u00f9 ampia, capace di generare pernottamenti e movimento sul territorio.<\/p>\n<p>&nbsp;<\/p>\n<p><strong>LA CRESCITA DEI MASTER<\/strong><\/p>\n<p>Un altro settore degno di nota \u00e8 quello Master. L&#8217;edizione 2026 vedr\u00e0 al via un numero vicino al centinaio di atleti di questa categoria, alcuni di alto livello.<\/p>\n<p>L&#8217;aumento della partecipazione Master apre una prospettiva interessante per il futuro. L&#8217;esperienza organizzativa maturata ad Auronzo, unita alle caratteristiche del campo di gara e alla capacit\u00e0 ricettiva del territorio, potrebbe creare le condizioni per valutare una candidatura a un Campionato Europeo o Mondiale Master di canoa velocit\u00e0.<\/p>\n<p>La Gara Internazionale 2026 conferma quindi la propria doppia funzione: offrire tre giornate di competizione di buon livello e portare ad Auronzo squadre che sempre pi\u00f9 spesso scelgono di prolungare il soggiorno. \u00c8 forse questo il dato pi\u00f9 importante dell&#8217;edizione in arrivo: dopo oltre quarant&#8217;anni, la gara non vive soltanto della propria storia, ma continua ad allargare la partecipazione internazionale, generare presenze e aprire nuove opportunit\u00e0 per il territorio.<\/p>\n<p>&nbsp;<\/p>","protected":false},"excerpt":{"rendered":"<p>Auronzo di Cadore, 25\/06\/2026 \u2013 Auronzo si prepara ad accogliere una nuova edizione della Gara Internazionale di Canoa Velocit\u00e0 e Paracanoa, in programma dal 3 al 5 luglio 2026 sul Lago di Santa Caterina. Dopo oltre quarant&#8217;anni di storia, la manifestazione continua a crescere e a rafforzare il rapporto tra Auronzo e il mondo della [&hellip;]<\/p>\n","protected":false},"author":2,"featured_media":142630,"comment_status":"closed","ping_status":"open","sticky":false,"template":"","format":"standard","meta":{"footnotes":""},"categories":[25,4],"tags":[],"class_list":["post-171422","post","type-post","status-publish","format-standard","has-post-thumbnail","category-pausa-caffe","category-sport"],"yoast_head":"<!-- This site is optimized with the Yoast SEO plugin v28.4 - https:\/\/yoast.com\/product\/yoast-seo-wordpress\/ -->\n<title>Lago di Santa Caterina, Auronzo: Gara internazionale di Canoa Velocit\u00e0 e Paracanoa dal 3 al 5 luglio - Bellunopress - Dolomiti<\/title>\n<meta name=\"robots\" content=\"index, follow, max-snippet:-1, max-image-preview:large, max-video-preview:-1\" \/>\n<link rel=\"canonical\" href=\"https:\/\/www.bellunopress.it\/fr\/2026\/06\/25\/lago-di-santa-caterina-auronzo-gara-internazionale-di-canoa-velocita-e-paracanoa-dal-3-al-5-luglio\/\" \/>\n<meta property=\"og:locale\" content=\"fr_FR\" \/>\n<meta property=\"og:type\" content=\"article\" \/>\n<meta property=\"og:title\" content=\"Lago di Santa Caterina, Auronzo: Gara internazionale di Canoa Velocit\u00e0 e Paracanoa dal 3 al 5 luglio - Bellunopress - Dolomiti\" \/>\n<meta property=\"og:description\" content=\"Auronzo di Cadore, 25\/06\/2026 \u2013 Auronzo si prepara ad accogliere una nuova edizione della Gara Internazionale di Canoa Velocit\u00e0 e Paracanoa, in programma dal 3 al 5 luglio 2026 sul Lago di Santa Caterina. Dopo oltre quarant&#8217;anni di storia, la manifestazione continua a crescere e a rafforzare il rapporto tra Auronzo e il mondo della [&hellip;]\" \/>\n<meta property=\"og:url\" content=\"https:\/\/www.bellunopress.it\/fr\/2026\/06\/25\/lago-di-santa-caterina-auronzo-gara-internazionale-di-canoa-velocita-e-paracanoa-dal-3-al-5-luglio\/\" \/>\n<meta property=\"og:site_name\" content=\"Bellunopress - Dolomiti\" \/>\n<meta property=\"article:publisher\" content=\"https:\/\/www.facebook.com\/profile.php?id=100008943462799\" \/>\n<meta property=\"article:published_time\" content=\"2026-06-25T11:14:35+00:00\" \/>\n<meta property=\"og:image\" content=\"https:\/\/www.bellunopress.it\/wp-content\/uploads\/2023\/07\/Canoa-velocita-Auronzo-2023.jpg\" \/>\n\t<meta property=\"og:image:width\" content=\"1000\" \/>\n\t<meta property=\"og:image:height\" content=\"667\" \/>\n\t<meta property=\"og:image:type\" content=\"image\/jpeg\" \/>\n<meta name=\"author\" content=\"redazione\" \/>\n<meta name=\"twitter:card\" content=\"summary_large_image\" \/>\n<meta name=\"twitter:creator\" content=\"@bellunopress\" \/>\n<meta name=\"twitter:site\" content=\"@bellunopress\" \/>\n<meta name=\"twitter:label1\" content=\"\u00c9crit par\" \/>\n\t<meta name=\"twitter:data1\" content=\"redazione\" \/>\n\t<meta name=\"twitter:label2\" content=\"Dur\u00e9e de lecture estim\u00e9e\" \/>\n\t<meta name=\"twitter:data2\" content=\"4 minutes\" \/>\n<script type=\"application\/ld+json\" class=\"yoast-schema-graph\">{\"@context\":\"https:\\\/\\\/schema.org\",\"@graph\":[{\"@type\":\"Article\",\"@id\":\"https:\\\/\\\/www.bellunopress.it\\\/2026\\\/06\\\/25\\\/lago-di-santa-caterina-auronzo-gara-internazionale-di-canoa-velocita-e-paracanoa-dal-3-al-5-luglio\\\/#article\",\"isPartOf\":{\"@id\":\"https:\\\/\\\/www.bellunopress.it\\\/2026\\\/06\\\/25\\\/lago-di-santa-caterina-auronzo-gara-internazionale-di-canoa-velocita-e-paracanoa-dal-3-al-5-luglio\\\/\"},\"author\":{\"name\":\"redazione\",\"@id\":\"https:\\\/\\\/www.bellunopress.it\\\/#\\\/schema\\\/person\\\/79bb06722b37ece1c03d3e94beb30d73\"},\"headline\":\"Lago di Santa Caterina, Auronzo: Gara internazionale di Canoa Velocit\u00e0 e Paracanoa dal 3 al 5 luglio\",\"datePublished\":\"2026-06-25T11:14:35+00:00\",\"mainEntityOfPage\":{\"@id\":\"https:\\\/\\\/www.bellunopress.it\\\/2026\\\/06\\\/25\\\/lago-di-santa-caterina-auronzo-gara-internazionale-di-canoa-velocita-e-paracanoa-dal-3-al-5-luglio\\\/\"},\"wordCount\":583,\"publisher\":{\"@id\":\"https:\\\/\\\/www.bellunopress.it\\\/#organization\"},\"image\":{\"@id\":\"https:\\\/\\\/www.bellunopress.it\\\/2026\\\/06\\\/25\\\/lago-di-santa-caterina-auronzo-gara-internazionale-di-canoa-velocita-e-paracanoa-dal-3-al-5-luglio\\\/#primaryimage\"},\"thumbnailUrl\":\"https:\\\/\\\/www.bellunopress.it\\\/wp-content\\\/uploads\\\/2023\\\/07\\\/Canoa-velocita-Auronzo-2023.jpg\",\"articleSection\":[\"Pausa Caff\u00e8\",\"Sport, tempo libero\"],\"inLanguage\":\"fr-FR\"},{\"@type\":\"WebPage\",\"@id\":\"https:\\\/\\\/www.bellunopress.it\\\/2026\\\/06\\\/25\\\/lago-di-santa-caterina-auronzo-gara-internazionale-di-canoa-velocita-e-paracanoa-dal-3-al-5-luglio\\\/\",\"url\":\"https:\\\/\\\/www.bellunopress.it\\\/2026\\\/06\\\/25\\\/lago-di-santa-caterina-auronzo-gara-internazionale-di-canoa-velocita-e-paracanoa-dal-3-al-5-luglio\\\/\",\"name\":\"Lago di Santa Caterina, Auronzo: Gara internazionale di Canoa Velocit\u00e0 e Paracanoa dal 3 al 5 luglio - Bellunopress - Dolomiti\",\"isPartOf\":{\"@id\":\"https:\\\/\\\/www.bellunopress.it\\\/#website\"},\"primaryImageOfPage\":{\"@id\":\"https:\\\/\\\/www.bellunopress.it\\\/2026\\\/06\\\/25\\\/lago-di-santa-caterina-auronzo-gara-internazionale-di-canoa-velocita-e-paracanoa-dal-3-al-5-luglio\\\/#primaryimage\"},\"image\":{\"@id\":\"https:\\\/\\\/www.bellunopress.it\\\/2026\\\/06\\\/25\\\/lago-di-santa-caterina-auronzo-gara-internazionale-di-canoa-velocita-e-paracanoa-dal-3-al-5-luglio\\\/#primaryimage\"},\"thumbnailUrl\":\"https:\\\/\\\/www.bellunopress.it\\\/wp-content\\\/uploads\\\/2023\\\/07\\\/Canoa-velocita-Auronzo-2023.jpg\",\"datePublished\":\"2026-06-25T11:14:35+00:00\",\"breadcrumb\":{\"@id\":\"https:\\\/\\\/www.bellunopress.it\\\/2026\\\/06\\\/25\\\/lago-di-santa-caterina-auronzo-gara-internazionale-di-canoa-velocita-e-paracanoa-dal-3-al-5-luglio\\\/#breadcrumb\"},\"inLanguage\":\"fr-FR\",\"potentialAction\":[{\"@type\":\"ReadAction\",\"target\":[\"https:\\\/\\\/www.bellunopress.it\\\/2026\\\/06\\\/25\\\/lago-di-santa-caterina-auronzo-gara-internazionale-di-canoa-velocita-e-paracanoa-dal-3-al-5-luglio\\\/\"]}]},{\"@type\":\"ImageObject\",\"inLanguage\":\"fr-FR\",\"@id\":\"https:\\\/\\\/www.bellunopress.it\\\/2026\\\/06\\\/25\\\/lago-di-santa-caterina-auronzo-gara-internazionale-di-canoa-velocita-e-paracanoa-dal-3-al-5-luglio\\\/#primaryimage\",\"url\":\"https:\\\/\\\/www.bellunopress.it\\\/wp-content\\\/uploads\\\/2023\\\/07\\\/Canoa-velocita-Auronzo-2023.jpg\",\"contentUrl\":\"https:\\\/\\\/www.bellunopress.it\\\/wp-content\\\/uploads\\\/2023\\\/07\\\/Canoa-velocita-Auronzo-2023.jpg\",\"width\":1000,\"height\":667,\"caption\":\"Auronzo di Cadore (Belluno) Lago Santa Caterina 2023 ICF Junior U23 Canoe Sprint World Championships photo Matteo Bertolin\"},{\"@type\":\"BreadcrumbList\",\"@id\":\"https:\\\/\\\/www.bellunopress.it\\\/2026\\\/06\\\/25\\\/lago-di-santa-caterina-auronzo-gara-internazionale-di-canoa-velocita-e-paracanoa-dal-3-al-5-luglio\\\/#breadcrumb\",\"itemListElement\":[{\"@type\":\"ListItem\",\"position\":1,\"name\":\"Home\",\"item\":\"https:\\\/\\\/www.bellunopress.it\\\/\"},{\"@type\":\"ListItem\",\"position\":2,\"name\":\"Lago di Santa Caterina, Auronzo: Gara internazionale di Canoa Velocit\u00e0 e Paracanoa dal 3 al 5 luglio\"}]},{\"@type\":\"WebSite\",\"@id\":\"https:\\\/\\\/www.bellunopress.it\\\/#website\",\"url\":\"https:\\\/\\\/www.bellunopress.it\\\/\",\"name\":\"Bellunopress - Dolomiti\",\"description\":\"e-mail: redazione@bellunopress.it\",\"publisher\":{\"@id\":\"https:\\\/\\\/www.bellunopress.it\\\/#organization\"},\"potentialAction\":[{\"@type\":\"SearchAction\",\"target\":{\"@type\":\"EntryPoint\",\"urlTemplate\":\"https:\\\/\\\/www.bellunopress.it\\\/?s={search_term_string}\"},\"query-input\":{\"@type\":\"PropertyValueSpecification\",\"valueRequired\":true,\"valueName\":\"search_term_string\"}}],\"inLanguage\":\"fr-FR\"},{\"@type\":\"Organization\",\"@id\":\"https:\\\/\\\/www.bellunopress.it\\\/#organization\",\"name\":\"Bellunopress\",\"url\":\"https:\\\/\\\/www.bellunopress.it\\\/\",\"logo\":{\"@type\":\"ImageObject\",\"inLanguage\":\"fr-FR\",\"@id\":\"https:\\\/\\\/www.bellunopress.it\\\/#\\\/schema\\\/logo\\\/image\\\/\",\"url\":\"https:\\\/\\\/www.bellunopress.it\\\/wp-content\\\/uploads\\\/2011\\\/05\\\/cropped-logo-bellunopress-.jpg\",\"contentUrl\":\"https:\\\/\\\/www.bellunopress.it\\\/wp-content\\\/uploads\\\/2011\\\/05\\\/cropped-logo-bellunopress-.jpg\",\"width\":512,\"height\":512,\"caption\":\"Bellunopress\"},\"image\":{\"@id\":\"https:\\\/\\\/www.bellunopress.it\\\/#\\\/schema\\\/logo\\\/image\\\/\"},\"sameAs\":[\"https:\\\/\\\/www.facebook.com\\\/profile.php?id=100008943462799\",\"https:\\\/\\\/x.com\\\/bellunopress\",\"https:\\\/\\\/www.linkedin.com\\\/hp\\\/?dnr=JBzUWaJfMUw8vbXJJ2tVW5-I3jZKvC4wsoxE&amp;amp;amp;amp;amp;amp;trk=nav_responsive_tab_home\",\"https:\\\/\\\/www.youtube.com\\\/channel\\\/UCxL0wu1uN0_3_7hGG0306cw\"]},{\"@type\":\"Person\",\"@id\":\"https:\\\/\\\/www.bellunopress.it\\\/#\\\/schema\\\/person\\\/79bb06722b37ece1c03d3e94beb30d73\",\"name\":\"redazione\",\"image\":{\"@type\":\"ImageObject\",\"inLanguage\":\"fr-FR\",\"@id\":\"https:\\\/\\\/secure.gravatar.com\\\/avatar\\\/37d968a2e67a6fd04c169c4bdef102d0bc5d31b2546345219e348575eb80e9a0?s=96&d=mm&r=g\",\"url\":\"https:\\\/\\\/secure.gravatar.com\\\/avatar\\\/37d968a2e67a6fd04c169c4bdef102d0bc5d31b2546345219e348575eb80e9a0?s=96&d=mm&r=g\",\"contentUrl\":\"https:\\\/\\\/secure.gravatar.com\\\/avatar\\\/37d968a2e67a6fd04c169c4bdef102d0bc5d31b2546345219e348575eb80e9a0?s=96&d=mm&r=g\",\"caption\":\"redazione\"},\"sameAs\":[\"http:\\\/\\\/www.bellunopress.it\",\"https:\\\/\\\/x.com\\\/bellunopress\"],\"url\":\"https:\\\/\\\/www.bellunopress.it\\\/fr\\\/author\\\/redazione\\\/\"}]}<\/script>\n<!-- \/ Yoast SEO plugin. -->","yoast_head_json":{"title":"Lago di Santa Caterina, Auronzo: Gara internazionale di Canoa Velocit\u00e0 e Paracanoa dal 3 al 5 luglio - Bellunopress - Dolomiti","robots":{"index":"index","follow":"follow","max-snippet":"max-snippet:-1","max-image-preview":"max-image-preview:large","max-video-preview":"max-video-preview:-1"},"canonical":"https:\/\/www.bellunopress.it\/fr\/2026\/06\/25\/lago-di-santa-caterina-auronzo-gara-internazionale-di-canoa-velocita-e-paracanoa-dal-3-al-5-luglio\/","og_locale":"fr_FR","og_type":"article","og_title":"Lago di Santa Caterina, Auronzo: Gara internazionale di Canoa Velocit\u00e0 e Paracanoa dal 3 al 5 luglio - Bellunopress - Dolomiti","og_description":"Auronzo di Cadore, 25\/06\/2026 \u2013 Auronzo si prepara ad accogliere una nuova edizione della Gara Internazionale di Canoa Velocit\u00e0 e Paracanoa, in programma dal 3 al 5 luglio 2026 sul Lago di Santa Caterina. Dopo oltre quarant&#8217;anni di storia, la manifestazione continua a crescere e a rafforzare il rapporto tra Auronzo e il mondo della [&hellip;]","og_url":"https:\/\/www.bellunopress.it\/fr\/2026\/06\/25\/lago-di-santa-caterina-auronzo-gara-internazionale-di-canoa-velocita-e-paracanoa-dal-3-al-5-luglio\/","og_site_name":"Bellunopress - Dolomiti","article_publisher":"https:\/\/www.facebook.com\/profile.php?id=100008943462799","article_published_time":"2026-06-25T11:14:35+00:00","og_image":[{"width":1000,"height":667,"url":"https:\/\/www.bellunopress.it\/wp-content\/uploads\/2023\/07\/Canoa-velocita-Auronzo-2023.jpg","type":"image\/jpeg"}],"author":"redazione","twitter_card":"summary_large_image","twitter_creator":"@bellunopress","twitter_site":"@bellunopress","twitter_misc":{"\u00c9crit par":"redazione","Dur\u00e9e de lecture estim\u00e9e":"4 minutes"},"schema":{"@context":"https:\/\/schema.org","@graph":[{"@type":"Article","@id":"https:\/\/www.bellunopress.it\/2026\/06\/25\/lago-di-santa-caterina-auronzo-gara-internazionale-di-canoa-velocita-e-paracanoa-dal-3-al-5-luglio\/#article","isPartOf":{"@id":"https:\/\/www.bellunopress.it\/2026\/06\/25\/lago-di-santa-caterina-auronzo-gara-internazionale-di-canoa-velocita-e-paracanoa-dal-3-al-5-luglio\/"},"author":{"name":"redazione","@id":"https:\/\/www.bellunopress.it\/#\/schema\/person\/79bb06722b37ece1c03d3e94beb30d73"},"headline":"Lago di Santa Caterina, Auronzo: Gara internazionale di Canoa Velocit\u00e0 e Paracanoa dal 3 al 5 luglio","datePublished":"2026-06-25T11:14:35+00:00","mainEntityOfPage":{"@id":"https:\/\/www.bellunopress.it\/2026\/06\/25\/lago-di-santa-caterina-auronzo-gara-internazionale-di-canoa-velocita-e-paracanoa-dal-3-al-5-luglio\/"},"wordCount":583,"publisher":{"@id":"https:\/\/www.bellunopress.it\/#organization"},"image":{"@id":"https:\/\/www.bellunopress.it\/2026\/06\/25\/lago-di-santa-caterina-auronzo-gara-internazionale-di-canoa-velocita-e-paracanoa-dal-3-al-5-luglio\/#primaryimage"},"thumbnailUrl":"https:\/\/www.bellunopress.it\/wp-content\/uploads\/2023\/07\/Canoa-velocita-Auronzo-2023.jpg","articleSection":["Pausa Caff\u00e8","Sport, tempo libero"],"inLanguage":"fr-FR"},{"@type":"WebPage","@id":"https:\/\/www.bellunopress.it\/2026\/06\/25\/lago-di-santa-caterina-auronzo-gara-internazionale-di-canoa-velocita-e-paracanoa-dal-3-al-5-luglio\/","url":"https:\/\/www.bellunopress.it\/2026\/06\/25\/lago-di-santa-caterina-auronzo-gara-internazionale-di-canoa-velocita-e-paracanoa-dal-3-al-5-luglio\/","name":"Lago di Santa Caterina, Auronzo: Gara internazionale di Canoa Velocit\u00e0 e Paracanoa dal 3 al 5 luglio - Bellunopress - Dolomiti","isPartOf":{"@id":"https:\/\/www.bellunopress.it\/#website"},"primaryImageOfPage":{"@id":"https:\/\/www.bellunopress.it\/2026\/06\/25\/lago-di-santa-caterina-auronzo-gara-internazionale-di-canoa-velocita-e-paracanoa-dal-3-al-5-luglio\/#primaryimage"},"image":{"@id":"https:\/\/www.bellunopress.it\/2026\/06\/25\/lago-di-santa-caterina-auronzo-gara-internazionale-di-canoa-velocita-e-paracanoa-dal-3-al-5-luglio\/#primaryimage"},"thumbnailUrl":"https:\/\/www.bellunopress.it\/wp-content\/uploads\/2023\/07\/Canoa-velocita-Auronzo-2023.jpg","datePublished":"2026-06-25T11:14:35+00:00","breadcrumb":{"@id":"https:\/\/www.bellunopress.it\/2026\/06\/25\/lago-di-santa-caterina-auronzo-gara-internazionale-di-canoa-velocita-e-paracanoa-dal-3-al-5-luglio\/#breadcrumb"},"inLanguage":"fr-FR","potentialAction":[{"@type":"ReadAction","target":["https:\/\/www.bellunopress.it\/2026\/06\/25\/lago-di-santa-caterina-auronzo-gara-internazionale-di-canoa-velocita-e-paracanoa-dal-3-al-5-luglio\/"]}]},{"@type":"ImageObject","inLanguage":"fr-FR","@id":"https:\/\/www.bellunopress.it\/2026\/06\/25\/lago-di-santa-caterina-auronzo-gara-internazionale-di-canoa-velocita-e-paracanoa-dal-3-al-5-luglio\/#primaryimage","url":"https:\/\/www.bellunopress.it\/wp-content\/uploads\/2023\/07\/Canoa-velocita-Auronzo-2023.jpg","contentUrl":"https:\/\/www.bellunopress.it\/wp-content\/uploads\/2023\/07\/Canoa-velocita-Auronzo-2023.jpg","width":1000,"height":667,"caption":"Auronzo di Cadore (Belluno) Lago Santa Caterina 2023 ICF Junior U23 Canoe Sprint World Championships photo Matteo Bertolin"},{"@type":"BreadcrumbList","@id":"https:\/\/www.bellunopress.it\/2026\/06\/25\/lago-di-santa-caterina-auronzo-gara-internazionale-di-canoa-velocita-e-paracanoa-dal-3-al-5-luglio\/#breadcrumb","itemListElement":[{"@type":"ListItem","position":1,"name":"Home","item":"https:\/\/www.bellunopress.it\/"},{"@type":"ListItem","position":2,"name":"Lago di Santa Caterina, Auronzo: Gara internazionale di Canoa Velocit\u00e0 e Paracanoa dal 3 al 5 luglio"}]},{"@type":"WebSite","@id":"https:\/\/www.bellunopress.it\/#website","url":"https:\/\/www.bellunopress.it\/","name":"Bellunopress - Dolomiti","description":"e-mail: redazione@bellunopress.it","publisher":{"@id":"https:\/\/www.bellunopress.it\/#organization"},"potentialAction":[{"@type":"SearchAction","target":{"@type":"EntryPoint","urlTemplate":"https:\/\/www.bellunopress.it\/?s={search_term_string}"},"query-input":{"@type":"PropertyValueSpecification","valueRequired":true,"valueName":"search_term_string"}}],"inLanguage":"fr-FR"},{"@type":"Organization","@id":"https:\/\/www.bellunopress.it\/#organization","name":"Bellunopress","url":"https:\/\/www.bellunopress.it\/","logo":{"@type":"ImageObject","inLanguage":"fr-FR","@id":"https:\/\/www.bellunopress.it\/#\/schema\/logo\/image\/","url":"https:\/\/www.bellunopress.it\/wp-content\/uploads\/2011\/05\/cropped-logo-bellunopress-.jpg","contentUrl":"https:\/\/www.bellunopress.it\/wp-content\/uploads\/2011\/05\/cropped-logo-bellunopress-.jpg","width":512,"height":512,"caption":"Bellunopress"},"image":{"@id":"https:\/\/www.bellunopress.it\/#\/schema\/logo\/image\/"},"sameAs":["https:\/\/www.facebook.com\/profile.php?id=100008943462799","https:\/\/x.com\/bellunopress","https:\/\/www.linkedin.com\/hp\/?dnr=JBzUWaJfMUw8vbXJJ2tVW5-I3jZKvC4wsoxE&amp;amp;amp;amp;amp;amp;trk=nav_responsive_tab_home","https:\/\/www.youtube.com\/channel\/UCxL0wu1uN0_3_7hGG0306cw"]},{"@type":"Person","@id":"https:\/\/www.bellunopress.it\/#\/schema\/person\/79bb06722b37ece1c03d3e94beb30d73","name":"r\u00e9daction","image":{"@type":"ImageObject","inLanguage":"fr-FR","@id":"https:\/\/secure.gravatar.com\/avatar\/37d968a2e67a6fd04c169c4bdef102d0bc5d31b2546345219e348575eb80e9a0?s=96&d=mm&r=g","url":"https:\/\/secure.gravatar.com\/avatar\/37d968a2e67a6fd04c169c4bdef102d0bc5d31b2546345219e348575eb80e9a0?s=96&d=mm&r=g","contentUrl":"https:\/\/secure.gravatar.com\/avatar\/37d968a2e67a6fd04c169c4bdef102d0bc5d31b2546345219e348575eb80e9a0?s=96&d=mm&r=g","caption":"redazione"},"sameAs":["http:\/\/www.bellunopress.it","https:\/\/x.com\/bellunopress"],"url":"https:\/\/www.bellunopress.it\/fr\/author\/redazione\/"}]}},"_links":{"self":[{"href":"https:\/\/www.bellunopress.it\/fr\/wp-json\/wp\/v2\/posts\/171422","targetHints":{"allow":["GET"]}}],"collection":[{"href":"https:\/\/www.bellunopress.it\/fr\/wp-json\/wp\/v2\/posts"}],"about":[{"href":"https:\/\/www.bellunopress.it\/fr\/wp-json\/wp\/v2\/types\/post"}],"author":[{"embeddable":true,"href":"https:\/\/www.bellunopress.it\/fr\/wp-json\/wp\/v2\/users\/2"}],"replies":[{"embeddable":true,"href":"https:\/\/www.bellunopress.it\/fr\/wp-json\/wp\/v2\/comments?post=171422"}],"version-history":[{"count":1,"href":"https:\/\/www.bellunopress.it\/fr\/wp-json\/wp\/v2\/posts\/171422\/revisions"}],"predecessor-version":[{"id":171423,"href":"https:\/\/www.bellunopress.it\/fr\/wp-json\/wp\/v2\/posts\/171422\/revisions\/171423"}],"wp:featuredmedia":[{"embeddable":true,"href":"https:\/\/www.bellunopress.it\/fr\/wp-json\/wp\/v2\/media\/142630"}],"wp:attachment":[{"href":"https:\/\/www.bellunopress.it\/fr\/wp-json\/wp\/v2\/media?parent=171422"}],"wp:term":[{"taxonomy":"category","embeddable":true,"href":"https:\/\/www.bellunopress.it\/fr\/wp-json\/wp\/v2\/categories?post=171422"},{"taxonomy":"post_tag","embeddable":true,"href":"https:\/\/www.bellunopress.it\/fr\/wp-json\/wp\/v2\/tags?post=171422"}],"curies":[{"name":"wp","href":"https:\/\/api.w.org\/{rel}","templated":true}]}}