{"id":171417,"date":"2026-06-25T09:48:15","date_gmt":"2026-06-25T07:48:15","guid":{"rendered":"https:\/\/www.bellunopress.it\/?p=171417"},"modified":"2026-06-25T09:48:15","modified_gmt":"2026-06-25T07:48:15","slug":"strage-di-cima-vallona-59-anni-fa-lattentato-terroristico-del-bas","status":"publish","type":"post","link":"https:\/\/www.bellunopress.it\/fr\/2026\/06\/25\/strage-di-cima-vallona-59-anni-fa-lattentato-terroristico-del-bas\/","title":{"rendered":"Strage di Cima Vallona: 59 anni fa l&#8217;attentato terroristico del Bas"},"content":{"rendered":"<p data-path-to-node=\"3\"><b data-path-to-node=\"3\" data-index-in-node=\"0\">25 giugno 1967, il tragico agguato terroristico del BAS,\u00a0 Befreiungsausschuss S\u00fcdtirol, o Comitato per la liberazione del Sudtirolo, il principale gruppo terroristico separatista sudtirolese, attivo tra il 1956 e il 1967, che rivendicava l&#8217;autodeterminazione dell&#8217;Alto Adige. E che\u00a0<\/b><b data-path-to-node=\"3\" data-index-in-node=\"0\">che cost\u00f2 la vita a quattro militari italiani. Un capitolo di sangue nell&#8217;ambito della tensione altoatesina.<\/b><\/p>\n<p data-path-to-node=\"4\">Belluno, 25\/06\/2026 &#8211; Le lancette segnano le 3:40 del mattino quando il silenzio delle cime di Comelico viene squarciato da un boato. \u00c8 il 25 giugno 1967. Un traliccio dell\u2019alta tensione, in localit\u00e0 Cima Vallona, \u00e8 stato abbattuto: un atto di sabotaggio che si riveler\u00e0 essere solo il prologo di una tragedia destinata a segnare profondamente la memoria storica del Bellunese e dell\u2019Italia intera.<\/p>\n<h3 data-path-to-node=\"5\">L\u2019esplosione che tese l\u2019agguato<\/h3>\n<p data-path-to-node=\"6\">Informato dell\u2019attentato, il comando del presidio di Santo Stefano di Cadore dispone immediatamente l\u2019invio di una pattuglia mista di alpini, artificieri e finanzieri. Giunti in prossimit\u00e0 del traliccio, i militari sono costretti a proseguire a piedi, a causa della neve che ostruisce il passaggio ai veicoli.<\/p>\n<p data-path-to-node=\"7\">\u00c8 qui che scatta la prima trappola. A circa 70 metri dall\u2019obiettivo sabotato, un ordigno celato sotto un cumulo di ghiaia esplode violentemente. A farne le spese \u00e8 l\u2019alpino radiofonista Armando Piva, del battaglione &#8220;Val Cismon&#8221;. Nonostante il disperato trasporto all\u2019ospedale di San Candido, il giovane militare, originario di Pederobba, muore in serata dopo una lunga agonia.<\/p>\n<h3 data-path-to-node=\"8\">La strage di Sega Digon<\/h3>\n<p data-path-to-node=\"9\">Ma il dramma non si conclude con l\u2019attentato mattutino. Per rilevare indizi e identificare i responsabili, viene inviata sul posto una squadra speciale composta da uomini dell\u2019Arma dei Carabinieri e incursori del Col Moschin: il capitano Francesco Gentile, il sottotenente Mario Di Lecce e i sergenti Olivo Dordi e Marcello Fagnani.<\/p>\n<p data-path-to-node=\"10\">Dopo aver svolto i rilievi, i quattro imboccano la via del ritorno. \u00c8 lungo quel sentiero, nella frazione di Sega Digon, che il gruppo finisce su una trappola esplosiva piazzata dai terroristi. L\u2019esplosione \u00e8 devastante: per il capitano Gentile, il sottotenente Di Lecce e il sergente Dordi non c\u2019\u00e8 nulla da fare; muoiono sul colpo. Il sergente Fagnani, pur gravemente ferito, \u00e8 l\u2019unico a sopravvivere.<\/p>\n<h3 data-path-to-node=\"11\">La firma del terrore<\/h3>\n<p data-path-to-node=\"12\">Sul luogo del massacro, i soccorritori rinvennero due tavolette di legno con un messaggio di ferocia inaudita, siglato dal BAS (<i data-path-to-node=\"12\" data-index-in-node=\"128\">Befreiungsausschuss S\u00fcdtirol<\/i>): <i data-path-to-node=\"12\" data-index-in-node=\"159\">&#8220;Voi non dovete mai avere pi\u00f9 la barriera di confine al Brennero. Prima dovete ancora scavarvi la fossa nella nostra terra.&#8221;<\/i><\/p>\n<h3 data-path-to-node=\"13\">La giustizia e la memoria<\/h3>\n<p data-path-to-node=\"14\">Le indagini, condotte con meticolosit\u00e0, portarono a identificare i responsabili in una cellula terroristica guidata da Norbert Burger. Nel 1970, la Corte d\u2019Assise di Firenze emise sentenze durissime: ergastolo per Burger e per l&#8217;artificiere Peter Kienesberger ed Erhard Hartung, oltre a una condanna a 24 anni per Egon Kufner.<\/p>\n<p data-path-to-node=\"15\">Il sacrificio di quegli uomini rimane scolpito nella storia nazionale. Il capitano Francesco Gentile fu insignito della Medaglia d&#8217;Oro al Valor Militare, mentre agli altri militari caduti a Cima Vallona fu conferita la Medaglia d&#8217;Argento al Valor Militare alla memoria. Una pagina di storia dolorosa, che ricorda il tributo pagato in nome della difesa delle istituzioni durante gli anni pi\u00f9 oscuri della tensione terroristica.<\/p>","protected":false},"excerpt":{"rendered":"<p>25 giugno 1967, il tragico agguato terroristico del BAS,\u00a0 Befreiungsausschuss S\u00fcdtirol, o Comitato per la liberazione del Sudtirolo, il principale gruppo terroristico separatista sudtirolese, attivo tra il 1956 e il 1967, che rivendicava l&#8217;autodeterminazione dell&#8217;Alto Adige. E che\u00a0che cost\u00f2 la vita a quattro militari italiani. Un capitolo di sangue nell&#8217;ambito della tensione altoatesina. Belluno, 25\/06\/2026 [&hellip;]<\/p>\n","protected":false},"author":2,"featured_media":171418,"comment_status":"closed","ping_status":"open","sticky":false,"template":"","format":"standard","meta":{"footnotes":""},"categories":[5],"tags":[],"class_list":["post-171417","post","type-post","status-publish","format-standard","has-post-thumbnail","category-cronaca"],"yoast_head":"<!-- This site is optimized with the Yoast SEO plugin v28.4 - https:\/\/yoast.com\/product\/yoast-seo-wordpress\/ -->\n<title>Strage di Cima Vallona: 59 anni fa l&#039;attentato terroristico del Bas - Bellunopress - Dolomiti<\/title>\n<meta name=\"robots\" content=\"index, follow, max-snippet:-1, max-image-preview:large, max-video-preview:-1\" \/>\n<link rel=\"canonical\" href=\"https:\/\/www.bellunopress.it\/fr\/2026\/06\/25\/strage-di-cima-vallona-59-anni-fa-lattentato-terroristico-del-bas\/\" \/>\n<meta property=\"og:locale\" content=\"fr_FR\" \/>\n<meta property=\"og:type\" content=\"article\" \/>\n<meta property=\"og:title\" content=\"Strage di Cima Vallona: 59 anni fa l&#039;attentato terroristico del Bas - Bellunopress - Dolomiti\" \/>\n<meta property=\"og:description\" content=\"25 giugno 1967, il tragico agguato terroristico del BAS,\u00a0 Befreiungsausschuss S\u00fcdtirol, o Comitato per la liberazione del Sudtirolo, il principale gruppo terroristico separatista sudtirolese, attivo tra il 1956 e il 1967, che rivendicava l&#8217;autodeterminazione dell&#8217;Alto Adige. E che\u00a0che cost\u00f2 la vita a quattro militari italiani. Un capitolo di sangue nell&#8217;ambito della tensione altoatesina. Belluno, 25\/06\/2026 [&hellip;]\" \/>\n<meta property=\"og:url\" content=\"https:\/\/www.bellunopress.it\/fr\/2026\/06\/25\/strage-di-cima-vallona-59-anni-fa-lattentato-terroristico-del-bas\/\" \/>\n<meta property=\"og:site_name\" content=\"Bellunopress - Dolomiti\" \/>\n<meta property=\"article:publisher\" content=\"https:\/\/www.facebook.com\/profile.php?id=100008943462799\" \/>\n<meta property=\"article:published_time\" content=\"2026-06-25T07:48:15+00:00\" \/>\n<meta property=\"og:image\" content=\"https:\/\/www.bellunopress.it\/wp-content\/uploads\/2026\/06\/Cima-Vallona-foto-ricostruita-con-AI.jpg\" \/>\n\t<meta property=\"og:image:width\" content=\"500\" \/>\n\t<meta property=\"og:image:height\" content=\"280\" \/>\n\t<meta property=\"og:image:type\" content=\"image\/jpeg\" \/>\n<meta name=\"author\" content=\"redazione\" \/>\n<meta name=\"twitter:card\" content=\"summary_large_image\" \/>\n<meta name=\"twitter:creator\" content=\"@bellunopress\" \/>\n<meta name=\"twitter:site\" content=\"@bellunopress\" \/>\n<meta name=\"twitter:label1\" content=\"\u00c9crit par\" \/>\n\t<meta name=\"twitter:data1\" content=\"redazione\" \/>\n\t<meta name=\"twitter:label2\" content=\"Dur\u00e9e de lecture estim\u00e9e\" \/>\n\t<meta name=\"twitter:data2\" content=\"3 minutes\" \/>\n<script type=\"application\/ld+json\" class=\"yoast-schema-graph\">{\"@context\":\"https:\\\/\\\/schema.org\",\"@graph\":[{\"@type\":\"Article\",\"@id\":\"https:\\\/\\\/www.bellunopress.it\\\/2026\\\/06\\\/25\\\/strage-di-cima-vallona-59-anni-fa-lattentato-terroristico-del-bas\\\/#article\",\"isPartOf\":{\"@id\":\"https:\\\/\\\/www.bellunopress.it\\\/2026\\\/06\\\/25\\\/strage-di-cima-vallona-59-anni-fa-lattentato-terroristico-del-bas\\\/\"},\"author\":{\"name\":\"redazione\",\"@id\":\"https:\\\/\\\/www.bellunopress.it\\\/#\\\/schema\\\/person\\\/79bb06722b37ece1c03d3e94beb30d73\"},\"headline\":\"Strage di Cima Vallona: 59 anni fa l&#8217;attentato terroristico del Bas\",\"datePublished\":\"2026-06-25T07:48:15+00:00\",\"mainEntityOfPage\":{\"@id\":\"https:\\\/\\\/www.bellunopress.it\\\/2026\\\/06\\\/25\\\/strage-di-cima-vallona-59-anni-fa-lattentato-terroristico-del-bas\\\/\"},\"wordCount\":526,\"publisher\":{\"@id\":\"https:\\\/\\\/www.bellunopress.it\\\/#organization\"},\"image\":{\"@id\":\"https:\\\/\\\/www.bellunopress.it\\\/2026\\\/06\\\/25\\\/strage-di-cima-vallona-59-anni-fa-lattentato-terroristico-del-bas\\\/#primaryimage\"},\"thumbnailUrl\":\"https:\\\/\\\/www.bellunopress.it\\\/wp-content\\\/uploads\\\/2026\\\/06\\\/Cima-Vallona-foto-ricostruita-con-AI.jpg\",\"articleSection\":[\"Cronaca\\\/Politica\"],\"inLanguage\":\"fr-FR\"},{\"@type\":\"WebPage\",\"@id\":\"https:\\\/\\\/www.bellunopress.it\\\/2026\\\/06\\\/25\\\/strage-di-cima-vallona-59-anni-fa-lattentato-terroristico-del-bas\\\/\",\"url\":\"https:\\\/\\\/www.bellunopress.it\\\/2026\\\/06\\\/25\\\/strage-di-cima-vallona-59-anni-fa-lattentato-terroristico-del-bas\\\/\",\"name\":\"Strage di Cima Vallona: 59 anni fa l'attentato terroristico del Bas - Bellunopress - Dolomiti\",\"isPartOf\":{\"@id\":\"https:\\\/\\\/www.bellunopress.it\\\/#website\"},\"primaryImageOfPage\":{\"@id\":\"https:\\\/\\\/www.bellunopress.it\\\/2026\\\/06\\\/25\\\/strage-di-cima-vallona-59-anni-fa-lattentato-terroristico-del-bas\\\/#primaryimage\"},\"image\":{\"@id\":\"https:\\\/\\\/www.bellunopress.it\\\/2026\\\/06\\\/25\\\/strage-di-cima-vallona-59-anni-fa-lattentato-terroristico-del-bas\\\/#primaryimage\"},\"thumbnailUrl\":\"https:\\\/\\\/www.bellunopress.it\\\/wp-content\\\/uploads\\\/2026\\\/06\\\/Cima-Vallona-foto-ricostruita-con-AI.jpg\",\"datePublished\":\"2026-06-25T07:48:15+00:00\",\"breadcrumb\":{\"@id\":\"https:\\\/\\\/www.bellunopress.it\\\/2026\\\/06\\\/25\\\/strage-di-cima-vallona-59-anni-fa-lattentato-terroristico-del-bas\\\/#breadcrumb\"},\"inLanguage\":\"fr-FR\",\"potentialAction\":[{\"@type\":\"ReadAction\",\"target\":[\"https:\\\/\\\/www.bellunopress.it\\\/2026\\\/06\\\/25\\\/strage-di-cima-vallona-59-anni-fa-lattentato-terroristico-del-bas\\\/\"]}]},{\"@type\":\"ImageObject\",\"inLanguage\":\"fr-FR\",\"@id\":\"https:\\\/\\\/www.bellunopress.it\\\/2026\\\/06\\\/25\\\/strage-di-cima-vallona-59-anni-fa-lattentato-terroristico-del-bas\\\/#primaryimage\",\"url\":\"https:\\\/\\\/www.bellunopress.it\\\/wp-content\\\/uploads\\\/2026\\\/06\\\/Cima-Vallona-foto-ricostruita-con-AI.jpg\",\"contentUrl\":\"https:\\\/\\\/www.bellunopress.it\\\/wp-content\\\/uploads\\\/2026\\\/06\\\/Cima-Vallona-foto-ricostruita-con-AI.jpg\",\"width\":500,\"height\":280,\"caption\":\"Cima Vallona (Foto ricostruita con AI)\"},{\"@type\":\"BreadcrumbList\",\"@id\":\"https:\\\/\\\/www.bellunopress.it\\\/2026\\\/06\\\/25\\\/strage-di-cima-vallona-59-anni-fa-lattentato-terroristico-del-bas\\\/#breadcrumb\",\"itemListElement\":[{\"@type\":\"ListItem\",\"position\":1,\"name\":\"Home\",\"item\":\"https:\\\/\\\/www.bellunopress.it\\\/\"},{\"@type\":\"ListItem\",\"position\":2,\"name\":\"Strage di Cima Vallona: 59 anni fa l&#8217;attentato terroristico del Bas\"}]},{\"@type\":\"WebSite\",\"@id\":\"https:\\\/\\\/www.bellunopress.it\\\/#website\",\"url\":\"https:\\\/\\\/www.bellunopress.it\\\/\",\"name\":\"Bellunopress - Dolomiti\",\"description\":\"e-mail: redazione@bellunopress.it\",\"publisher\":{\"@id\":\"https:\\\/\\\/www.bellunopress.it\\\/#organization\"},\"potentialAction\":[{\"@type\":\"SearchAction\",\"target\":{\"@type\":\"EntryPoint\",\"urlTemplate\":\"https:\\\/\\\/www.bellunopress.it\\\/?s={search_term_string}\"},\"query-input\":{\"@type\":\"PropertyValueSpecification\",\"valueRequired\":true,\"valueName\":\"search_term_string\"}}],\"inLanguage\":\"fr-FR\"},{\"@type\":\"Organization\",\"@id\":\"https:\\\/\\\/www.bellunopress.it\\\/#organization\",\"name\":\"Bellunopress\",\"url\":\"https:\\\/\\\/www.bellunopress.it\\\/\",\"logo\":{\"@type\":\"ImageObject\",\"inLanguage\":\"fr-FR\",\"@id\":\"https:\\\/\\\/www.bellunopress.it\\\/#\\\/schema\\\/logo\\\/image\\\/\",\"url\":\"https:\\\/\\\/www.bellunopress.it\\\/wp-content\\\/uploads\\\/2011\\\/05\\\/cropped-logo-bellunopress-.jpg\",\"contentUrl\":\"https:\\\/\\\/www.bellunopress.it\\\/wp-content\\\/uploads\\\/2011\\\/05\\\/cropped-logo-bellunopress-.jpg\",\"width\":512,\"height\":512,\"caption\":\"Bellunopress\"},\"image\":{\"@id\":\"https:\\\/\\\/www.bellunopress.it\\\/#\\\/schema\\\/logo\\\/image\\\/\"},\"sameAs\":[\"https:\\\/\\\/www.facebook.com\\\/profile.php?id=100008943462799\",\"https:\\\/\\\/x.com\\\/bellunopress\",\"https:\\\/\\\/www.linkedin.com\\\/hp\\\/?dnr=JBzUWaJfMUw8vbXJJ2tVW5-I3jZKvC4wsoxE&amp;amp;amp;amp;amp;amp;trk=nav_responsive_tab_home\",\"https:\\\/\\\/www.youtube.com\\\/channel\\\/UCxL0wu1uN0_3_7hGG0306cw\"]},{\"@type\":\"Person\",\"@id\":\"https:\\\/\\\/www.bellunopress.it\\\/#\\\/schema\\\/person\\\/79bb06722b37ece1c03d3e94beb30d73\",\"name\":\"redazione\",\"image\":{\"@type\":\"ImageObject\",\"inLanguage\":\"fr-FR\",\"@id\":\"https:\\\/\\\/secure.gravatar.com\\\/avatar\\\/37d968a2e67a6fd04c169c4bdef102d0bc5d31b2546345219e348575eb80e9a0?s=96&d=mm&r=g\",\"url\":\"https:\\\/\\\/secure.gravatar.com\\\/avatar\\\/37d968a2e67a6fd04c169c4bdef102d0bc5d31b2546345219e348575eb80e9a0?s=96&d=mm&r=g\",\"contentUrl\":\"https:\\\/\\\/secure.gravatar.com\\\/avatar\\\/37d968a2e67a6fd04c169c4bdef102d0bc5d31b2546345219e348575eb80e9a0?s=96&d=mm&r=g\",\"caption\":\"redazione\"},\"sameAs\":[\"http:\\\/\\\/www.bellunopress.it\",\"https:\\\/\\\/x.com\\\/bellunopress\"],\"url\":\"https:\\\/\\\/www.bellunopress.it\\\/fr\\\/author\\\/redazione\\\/\"}]}<\/script>\n<!-- \/ Yoast SEO plugin. -->","yoast_head_json":{"title":"Strage di Cima Vallona: 59 anni fa l'attentato terroristico del Bas - Bellunopress - Dolomiti","robots":{"index":"index","follow":"follow","max-snippet":"max-snippet:-1","max-image-preview":"max-image-preview:large","max-video-preview":"max-video-preview:-1"},"canonical":"https:\/\/www.bellunopress.it\/fr\/2026\/06\/25\/strage-di-cima-vallona-59-anni-fa-lattentato-terroristico-del-bas\/","og_locale":"fr_FR","og_type":"article","og_title":"Strage di Cima Vallona: 59 anni fa l'attentato terroristico del Bas - Bellunopress - Dolomiti","og_description":"25 giugno 1967, il tragico agguato terroristico del BAS,\u00a0 Befreiungsausschuss S\u00fcdtirol, o Comitato per la liberazione del Sudtirolo, il principale gruppo terroristico separatista sudtirolese, attivo tra il 1956 e il 1967, che rivendicava l&#8217;autodeterminazione dell&#8217;Alto Adige. E che\u00a0che cost\u00f2 la vita a quattro militari italiani. Un capitolo di sangue nell&#8217;ambito della tensione altoatesina. Belluno, 25\/06\/2026 [&hellip;]","og_url":"https:\/\/www.bellunopress.it\/fr\/2026\/06\/25\/strage-di-cima-vallona-59-anni-fa-lattentato-terroristico-del-bas\/","og_site_name":"Bellunopress - Dolomiti","article_publisher":"https:\/\/www.facebook.com\/profile.php?id=100008943462799","article_published_time":"2026-06-25T07:48:15+00:00","og_image":[{"width":500,"height":280,"url":"https:\/\/www.bellunopress.it\/wp-content\/uploads\/2026\/06\/Cima-Vallona-foto-ricostruita-con-AI.jpg","type":"image\/jpeg"}],"author":"redazione","twitter_card":"summary_large_image","twitter_creator":"@bellunopress","twitter_site":"@bellunopress","twitter_misc":{"\u00c9crit par":"redazione","Dur\u00e9e de lecture estim\u00e9e":"3 minutes"},"schema":{"@context":"https:\/\/schema.org","@graph":[{"@type":"Article","@id":"https:\/\/www.bellunopress.it\/2026\/06\/25\/strage-di-cima-vallona-59-anni-fa-lattentato-terroristico-del-bas\/#article","isPartOf":{"@id":"https:\/\/www.bellunopress.it\/2026\/06\/25\/strage-di-cima-vallona-59-anni-fa-lattentato-terroristico-del-bas\/"},"author":{"name":"redazione","@id":"https:\/\/www.bellunopress.it\/#\/schema\/person\/79bb06722b37ece1c03d3e94beb30d73"},"headline":"Strage di Cima Vallona: 59 anni fa l&#8217;attentato terroristico del Bas","datePublished":"2026-06-25T07:48:15+00:00","mainEntityOfPage":{"@id":"https:\/\/www.bellunopress.it\/2026\/06\/25\/strage-di-cima-vallona-59-anni-fa-lattentato-terroristico-del-bas\/"},"wordCount":526,"publisher":{"@id":"https:\/\/www.bellunopress.it\/#organization"},"image":{"@id":"https:\/\/www.bellunopress.it\/2026\/06\/25\/strage-di-cima-vallona-59-anni-fa-lattentato-terroristico-del-bas\/#primaryimage"},"thumbnailUrl":"https:\/\/www.bellunopress.it\/wp-content\/uploads\/2026\/06\/Cima-Vallona-foto-ricostruita-con-AI.jpg","articleSection":["Cronaca\/Politica"],"inLanguage":"fr-FR"},{"@type":"WebPage","@id":"https:\/\/www.bellunopress.it\/2026\/06\/25\/strage-di-cima-vallona-59-anni-fa-lattentato-terroristico-del-bas\/","url":"https:\/\/www.bellunopress.it\/2026\/06\/25\/strage-di-cima-vallona-59-anni-fa-lattentato-terroristico-del-bas\/","name":"Strage di Cima Vallona: 59 anni fa l'attentato terroristico del Bas - Bellunopress - Dolomiti","isPartOf":{"@id":"https:\/\/www.bellunopress.it\/#website"},"primaryImageOfPage":{"@id":"https:\/\/www.bellunopress.it\/2026\/06\/25\/strage-di-cima-vallona-59-anni-fa-lattentato-terroristico-del-bas\/#primaryimage"},"image":{"@id":"https:\/\/www.bellunopress.it\/2026\/06\/25\/strage-di-cima-vallona-59-anni-fa-lattentato-terroristico-del-bas\/#primaryimage"},"thumbnailUrl":"https:\/\/www.bellunopress.it\/wp-content\/uploads\/2026\/06\/Cima-Vallona-foto-ricostruita-con-AI.jpg","datePublished":"2026-06-25T07:48:15+00:00","breadcrumb":{"@id":"https:\/\/www.bellunopress.it\/2026\/06\/25\/strage-di-cima-vallona-59-anni-fa-lattentato-terroristico-del-bas\/#breadcrumb"},"inLanguage":"fr-FR","potentialAction":[{"@type":"ReadAction","target":["https:\/\/www.bellunopress.it\/2026\/06\/25\/strage-di-cima-vallona-59-anni-fa-lattentato-terroristico-del-bas\/"]}]},{"@type":"ImageObject","inLanguage":"fr-FR","@id":"https:\/\/www.bellunopress.it\/2026\/06\/25\/strage-di-cima-vallona-59-anni-fa-lattentato-terroristico-del-bas\/#primaryimage","url":"https:\/\/www.bellunopress.it\/wp-content\/uploads\/2026\/06\/Cima-Vallona-foto-ricostruita-con-AI.jpg","contentUrl":"https:\/\/www.bellunopress.it\/wp-content\/uploads\/2026\/06\/Cima-Vallona-foto-ricostruita-con-AI.jpg","width":500,"height":280,"caption":"Cima Vallona (Foto ricostruita con AI)"},{"@type":"BreadcrumbList","@id":"https:\/\/www.bellunopress.it\/2026\/06\/25\/strage-di-cima-vallona-59-anni-fa-lattentato-terroristico-del-bas\/#breadcrumb","itemListElement":[{"@type":"ListItem","position":1,"name":"Home","item":"https:\/\/www.bellunopress.it\/"},{"@type":"ListItem","position":2,"name":"Strage di Cima Vallona: 59 anni fa l&#8217;attentato terroristico del Bas"}]},{"@type":"WebSite","@id":"https:\/\/www.bellunopress.it\/#website","url":"https:\/\/www.bellunopress.it\/","name":"Bellunopress - Dolomiti","description":"e-mail: redazione@bellunopress.it","publisher":{"@id":"https:\/\/www.bellunopress.it\/#organization"},"potentialAction":[{"@type":"SearchAction","target":{"@type":"EntryPoint","urlTemplate":"https:\/\/www.bellunopress.it\/?s={search_term_string}"},"query-input":{"@type":"PropertyValueSpecification","valueRequired":true,"valueName":"search_term_string"}}],"inLanguage":"fr-FR"},{"@type":"Organization","@id":"https:\/\/www.bellunopress.it\/#organization","name":"Bellunopress","url":"https:\/\/www.bellunopress.it\/","logo":{"@type":"ImageObject","inLanguage":"fr-FR","@id":"https:\/\/www.bellunopress.it\/#\/schema\/logo\/image\/","url":"https:\/\/www.bellunopress.it\/wp-content\/uploads\/2011\/05\/cropped-logo-bellunopress-.jpg","contentUrl":"https:\/\/www.bellunopress.it\/wp-content\/uploads\/2011\/05\/cropped-logo-bellunopress-.jpg","width":512,"height":512,"caption":"Bellunopress"},"image":{"@id":"https:\/\/www.bellunopress.it\/#\/schema\/logo\/image\/"},"sameAs":["https:\/\/www.facebook.com\/profile.php?id=100008943462799","https:\/\/x.com\/bellunopress","https:\/\/www.linkedin.com\/hp\/?dnr=JBzUWaJfMUw8vbXJJ2tVW5-I3jZKvC4wsoxE&amp;amp;amp;amp;amp;amp;trk=nav_responsive_tab_home","https:\/\/www.youtube.com\/channel\/UCxL0wu1uN0_3_7hGG0306cw"]},{"@type":"Person","@id":"https:\/\/www.bellunopress.it\/#\/schema\/person\/79bb06722b37ece1c03d3e94beb30d73","name":"r\u00e9daction","image":{"@type":"ImageObject","inLanguage":"fr-FR","@id":"https:\/\/secure.gravatar.com\/avatar\/37d968a2e67a6fd04c169c4bdef102d0bc5d31b2546345219e348575eb80e9a0?s=96&d=mm&r=g","url":"https:\/\/secure.gravatar.com\/avatar\/37d968a2e67a6fd04c169c4bdef102d0bc5d31b2546345219e348575eb80e9a0?s=96&d=mm&r=g","contentUrl":"https:\/\/secure.gravatar.com\/avatar\/37d968a2e67a6fd04c169c4bdef102d0bc5d31b2546345219e348575eb80e9a0?s=96&d=mm&r=g","caption":"redazione"},"sameAs":["http:\/\/www.bellunopress.it","https:\/\/x.com\/bellunopress"],"url":"https:\/\/www.bellunopress.it\/fr\/author\/redazione\/"}]}},"_links":{"self":[{"href":"https:\/\/www.bellunopress.it\/fr\/wp-json\/wp\/v2\/posts\/171417","targetHints":{"allow":["GET"]}}],"collection":[{"href":"https:\/\/www.bellunopress.it\/fr\/wp-json\/wp\/v2\/posts"}],"about":[{"href":"https:\/\/www.bellunopress.it\/fr\/wp-json\/wp\/v2\/types\/post"}],"author":[{"embeddable":true,"href":"https:\/\/www.bellunopress.it\/fr\/wp-json\/wp\/v2\/users\/2"}],"replies":[{"embeddable":true,"href":"https:\/\/www.bellunopress.it\/fr\/wp-json\/wp\/v2\/comments?post=171417"}],"version-history":[{"count":1,"href":"https:\/\/www.bellunopress.it\/fr\/wp-json\/wp\/v2\/posts\/171417\/revisions"}],"predecessor-version":[{"id":171419,"href":"https:\/\/www.bellunopress.it\/fr\/wp-json\/wp\/v2\/posts\/171417\/revisions\/171419"}],"wp:featuredmedia":[{"embeddable":true,"href":"https:\/\/www.bellunopress.it\/fr\/wp-json\/wp\/v2\/media\/171418"}],"wp:attachment":[{"href":"https:\/\/www.bellunopress.it\/fr\/wp-json\/wp\/v2\/media?parent=171417"}],"wp:term":[{"taxonomy":"category","embeddable":true,"href":"https:\/\/www.bellunopress.it\/fr\/wp-json\/wp\/v2\/categories?post=171417"},{"taxonomy":"post_tag","embeddable":true,"href":"https:\/\/www.bellunopress.it\/fr\/wp-json\/wp\/v2\/tags?post=171417"}],"curies":[{"name":"wp","href":"https:\/\/api.w.org\/{rel}","templated":true}]}}