{"id":171414,"date":"2026-06-25T09:08:57","date_gmt":"2026-06-25T07:08:57","guid":{"rendered":"https:\/\/www.bellunopress.it\/?p=171414"},"modified":"2026-06-25T09:08:57","modified_gmt":"2026-06-25T07:08:57","slug":"il-lago-di-santa-croce-diventa-capitale-del-canottaggio-domenica-il-campionato-regionale-veneto","status":"publish","type":"post","link":"https:\/\/www.bellunopress.it\/fr\/2026\/06\/25\/il-lago-di-santa-croce-diventa-capitale-del-canottaggio-domenica-il-campionato-regionale-veneto\/","title":{"rendered":"Il Lago di Santa Croce diventa capitale del canottaggio: domenica il Campionato regionale veneto"},"content":{"rendered":"<p data-path-to-node=\"3\"><b data-path-to-node=\"3\" data-index-in-node=\"0\">Sport, territorio e solidariet\u00e0: circa 250 atleti si sfideranno nelle acque dell&#8217;Alpago per conquistare il titolo di campione regionale e l&#8217;ambito Trofeo Alpago.<\/b><\/p>\n<p data-path-to-node=\"4\">Alpago, 25\/06\/2026\u00a0\u2013 Il Lago di Santa Croce si prepara a vivere una domenica di grande sport. Il 12 luglio, lo specchio d&#8217;acqua bellunese sar\u00e0 il palcoscenico del Campionato regionale veneto di canottaggio FIC, un evento che unisce l&#8217;eccellenza agonistica alla valorizzazione del territorio e a importanti messaggi di inclusione sociale.<\/p>\n<p data-path-to-node=\"5\">La manifestazione, organizzata dalla sezione di Belluno della Lega Navale Italiana (LNI) in stretta collaborazione con il comitato FIC Veneto, vedr\u00e0 la partecipazione di circa 250 atleti in rappresentanza di 13 societ\u00e0 venete, con graditi ospiti provenienti dal Friuli e dalla Slovenia.<\/p>\n<p data-path-to-node=\"7\">&#8220;Dopo quattro anni di importanti gare di canottaggio svoltesi sul lago di Santa Croce, quest\u2019anno finalmente ospiteremo anche il campionato regionale&#8221;, ha dichiarato con entusiasmo Sandra Deola, presidente della LNI Belluno, durante la presentazione dell&#8217;evento a Puos.<\/p>\n<p data-path-to-node=\"8\">Le competizioni si svolgeranno lungo le 8 corsie allestite tra le basi nautiche di Poiatte e Santa Croce del Lago. Dalle 9 alle 14, atleti di tutte le et\u00e0 \u2013 dagli Under 14 fino alle categorie Senior e Master \u2013 si sfideranno su imbarcazioni olimpiche (singolo, doppio, 4 di coppia, 2 senza, 4 senza e 8). Al termine della giornata, la societ\u00e0 che avr\u00e0 totalizzato il punteggio pi\u00f9 alto si aggiudicher\u00e0 non solo il titolo di campione regionale, ma anche il prestigioso Trofeo Alpago.<\/p>\n<p data-path-to-node=\"10\">La scelta della location non \u00e8 casuale. Come ha sottolineato Paolo Lonardi, presidente del Comitato regionale FIC, \u00e8 stata la stessa comunit\u00e0 remiera veneta a indicare il lago bellunese come sede ideale: &#8220;\u00c8 un territorio meraviglioso e uno specchio acqueo perfetto per queste competizioni&#8221;. A favorire la scelta, l&#8217;assenza di traffico motoristico, una logistica agevole e uno scenario naturale che funge da eccezionale vetrina turistica.<\/p>\n<p data-path-to-node=\"11\">Il Lago di Santa Croce, del resto, vanta una solida tradizione remiera. Sandro Frisiero, consigliere FIC Veneto, ha ricordato come gi\u00e0 tra la fine degli anni Sessanta e l&#8217;inizio dei Settanta, la nazionale italiana di canottaggio scegliesse proprio queste acque per i propri ritiri, alloggiando al passo Fadalto.<\/p>\n<p data-path-to-node=\"13\">L&#8217;evento non si limiter\u00e0 alla sola competizione. A chiusura della giornata, il lago diventer\u00e0 teatro di una gara non competitiva dedicata all&#8217;inclusione, parte del progetto ministeriale &#8220;Sport e Terapia&#8221;. Un momento significativo, come ha spiegato Simone Martini del comitato organizzatore, che vede il canottaggio sociale protagonista nel solco dell&#8217;esperienza delle <i data-path-to-node=\"13\" data-index-in-node=\"368\">Special Olympics<\/i>, ribadendo come lo sport sia un fondamentale strumento di solidariet\u00e0.<\/p>\n<p data-path-to-node=\"14\">L&#8217;evento, che gode del patrocinio della Regione Veneto, della Provincia di Belluno, del Comune di Alpago e del CONI Veneto, promette di essere una giornata memorabile per tutto il territorio.<\/p>","protected":false},"excerpt":{"rendered":"<p>Sport, territorio e solidariet\u00e0: circa 250 atleti si sfideranno nelle acque dell&#8217;Alpago per conquistare il titolo di campione regionale e l&#8217;ambito Trofeo Alpago. Alpago, 25\/06\/2026\u00a0\u2013 Il Lago di Santa Croce si prepara a vivere una domenica di grande sport. Il 12 luglio, lo specchio d&#8217;acqua bellunese sar\u00e0 il palcoscenico del Campionato regionale veneto di canottaggio [&hellip;]<\/p>\n","protected":false},"author":2,"featured_media":171415,"comment_status":"closed","ping_status":"open","sticky":false,"template":"","format":"standard","meta":{"footnotes":""},"categories":[25,4],"tags":[],"class_list":["post-171414","post","type-post","status-publish","format-standard","has-post-thumbnail","category-pausa-caffe","category-sport"],"yoast_head":"<!-- This site is optimized with the Yoast SEO plugin v28.4 - https:\/\/yoast.com\/product\/yoast-seo-wordpress\/ -->\n<title>Il Lago di Santa Croce diventa capitale del canottaggio: domenica il Campionato regionale veneto - Bellunopress - Dolomiti<\/title>\n<meta name=\"robots\" content=\"index, follow, max-snippet:-1, max-image-preview:large, max-video-preview:-1\" \/>\n<link rel=\"canonical\" href=\"https:\/\/www.bellunopress.it\/fr\/2026\/06\/25\/il-lago-di-santa-croce-diventa-capitale-del-canottaggio-domenica-il-campionato-regionale-veneto\/\" \/>\n<meta property=\"og:locale\" content=\"fr_FR\" \/>\n<meta property=\"og:type\" content=\"article\" \/>\n<meta property=\"og:title\" content=\"Il Lago di Santa Croce diventa capitale del canottaggio: domenica il Campionato regionale veneto - Bellunopress - Dolomiti\" \/>\n<meta property=\"og:description\" content=\"Sport, territorio e solidariet\u00e0: circa 250 atleti si sfideranno nelle acque dell&#8217;Alpago per conquistare il titolo di campione regionale e l&#8217;ambito Trofeo Alpago. Alpago, 25\/06\/2026\u00a0\u2013 Il Lago di Santa Croce si prepara a vivere una domenica di grande sport. Il 12 luglio, lo specchio d&#8217;acqua bellunese sar\u00e0 il palcoscenico del Campionato regionale veneto di canottaggio [&hellip;]\" \/>\n<meta property=\"og:url\" content=\"https:\/\/www.bellunopress.it\/fr\/2026\/06\/25\/il-lago-di-santa-croce-diventa-capitale-del-canottaggio-domenica-il-campionato-regionale-veneto\/\" \/>\n<meta property=\"og:site_name\" content=\"Bellunopress - Dolomiti\" \/>\n<meta property=\"article:publisher\" content=\"https:\/\/www.facebook.com\/profile.php?id=100008943462799\" \/>\n<meta property=\"article:published_time\" content=\"2026-06-25T07:08:57+00:00\" \/>\n<meta property=\"og:image\" content=\"https:\/\/www.bellunopress.it\/wp-content\/uploads\/2026\/06\/Lago-S-Croce-Sandra-Deola-Sandro__-Frisiero-Paolo-Lonardi-Simone-Martini.jpg\" \/>\n\t<meta property=\"og:image:width\" content=\"500\" \/>\n\t<meta property=\"og:image:height\" content=\"339\" \/>\n\t<meta property=\"og:image:type\" content=\"image\/jpeg\" \/>\n<meta name=\"author\" content=\"redazione\" \/>\n<meta name=\"twitter:card\" content=\"summary_large_image\" \/>\n<meta name=\"twitter:creator\" content=\"@bellunopress\" \/>\n<meta name=\"twitter:site\" content=\"@bellunopress\" \/>\n<meta name=\"twitter:label1\" content=\"\u00c9crit par\" \/>\n\t<meta name=\"twitter:data1\" content=\"redazione\" \/>\n\t<meta name=\"twitter:label2\" content=\"Dur\u00e9e de lecture estim\u00e9e\" \/>\n\t<meta name=\"twitter:data2\" content=\"3 minutes\" \/>\n<script type=\"application\/ld+json\" class=\"yoast-schema-graph\">{\"@context\":\"https:\\\/\\\/schema.org\",\"@graph\":[{\"@type\":\"Article\",\"@id\":\"https:\\\/\\\/www.bellunopress.it\\\/2026\\\/06\\\/25\\\/il-lago-di-santa-croce-diventa-capitale-del-canottaggio-domenica-il-campionato-regionale-veneto\\\/#article\",\"isPartOf\":{\"@id\":\"https:\\\/\\\/www.bellunopress.it\\\/2026\\\/06\\\/25\\\/il-lago-di-santa-croce-diventa-capitale-del-canottaggio-domenica-il-campionato-regionale-veneto\\\/\"},\"author\":{\"name\":\"redazione\",\"@id\":\"https:\\\/\\\/www.bellunopress.it\\\/#\\\/schema\\\/person\\\/79bb06722b37ece1c03d3e94beb30d73\"},\"headline\":\"Il Lago di Santa Croce diventa capitale del canottaggio: domenica il Campionato regionale veneto\",\"datePublished\":\"2026-06-25T07:08:57+00:00\",\"mainEntityOfPage\":{\"@id\":\"https:\\\/\\\/www.bellunopress.it\\\/2026\\\/06\\\/25\\\/il-lago-di-santa-croce-diventa-capitale-del-canottaggio-domenica-il-campionato-regionale-veneto\\\/\"},\"wordCount\":449,\"publisher\":{\"@id\":\"https:\\\/\\\/www.bellunopress.it\\\/#organization\"},\"image\":{\"@id\":\"https:\\\/\\\/www.bellunopress.it\\\/2026\\\/06\\\/25\\\/il-lago-di-santa-croce-diventa-capitale-del-canottaggio-domenica-il-campionato-regionale-veneto\\\/#primaryimage\"},\"thumbnailUrl\":\"https:\\\/\\\/www.bellunopress.it\\\/wp-content\\\/uploads\\\/2026\\\/06\\\/Lago-S-Croce-Sandra-Deola-Sandro__-Frisiero-Paolo-Lonardi-Simone-Martini.jpg\",\"articleSection\":[\"Pausa Caff\u00e8\",\"Sport, tempo libero\"],\"inLanguage\":\"fr-FR\"},{\"@type\":\"WebPage\",\"@id\":\"https:\\\/\\\/www.bellunopress.it\\\/2026\\\/06\\\/25\\\/il-lago-di-santa-croce-diventa-capitale-del-canottaggio-domenica-il-campionato-regionale-veneto\\\/\",\"url\":\"https:\\\/\\\/www.bellunopress.it\\\/2026\\\/06\\\/25\\\/il-lago-di-santa-croce-diventa-capitale-del-canottaggio-domenica-il-campionato-regionale-veneto\\\/\",\"name\":\"Il Lago di Santa Croce diventa capitale del canottaggio: domenica il Campionato regionale veneto - Bellunopress - Dolomiti\",\"isPartOf\":{\"@id\":\"https:\\\/\\\/www.bellunopress.it\\\/#website\"},\"primaryImageOfPage\":{\"@id\":\"https:\\\/\\\/www.bellunopress.it\\\/2026\\\/06\\\/25\\\/il-lago-di-santa-croce-diventa-capitale-del-canottaggio-domenica-il-campionato-regionale-veneto\\\/#primaryimage\"},\"image\":{\"@id\":\"https:\\\/\\\/www.bellunopress.it\\\/2026\\\/06\\\/25\\\/il-lago-di-santa-croce-diventa-capitale-del-canottaggio-domenica-il-campionato-regionale-veneto\\\/#primaryimage\"},\"thumbnailUrl\":\"https:\\\/\\\/www.bellunopress.it\\\/wp-content\\\/uploads\\\/2026\\\/06\\\/Lago-S-Croce-Sandra-Deola-Sandro__-Frisiero-Paolo-Lonardi-Simone-Martini.jpg\",\"datePublished\":\"2026-06-25T07:08:57+00:00\",\"breadcrumb\":{\"@id\":\"https:\\\/\\\/www.bellunopress.it\\\/2026\\\/06\\\/25\\\/il-lago-di-santa-croce-diventa-capitale-del-canottaggio-domenica-il-campionato-regionale-veneto\\\/#breadcrumb\"},\"inLanguage\":\"fr-FR\",\"potentialAction\":[{\"@type\":\"ReadAction\",\"target\":[\"https:\\\/\\\/www.bellunopress.it\\\/2026\\\/06\\\/25\\\/il-lago-di-santa-croce-diventa-capitale-del-canottaggio-domenica-il-campionato-regionale-veneto\\\/\"]}]},{\"@type\":\"ImageObject\",\"inLanguage\":\"fr-FR\",\"@id\":\"https:\\\/\\\/www.bellunopress.it\\\/2026\\\/06\\\/25\\\/il-lago-di-santa-croce-diventa-capitale-del-canottaggio-domenica-il-campionato-regionale-veneto\\\/#primaryimage\",\"url\":\"https:\\\/\\\/www.bellunopress.it\\\/wp-content\\\/uploads\\\/2026\\\/06\\\/Lago-S-Croce-Sandra-Deola-Sandro__-Frisiero-Paolo-Lonardi-Simone-Martini.jpg\",\"contentUrl\":\"https:\\\/\\\/www.bellunopress.it\\\/wp-content\\\/uploads\\\/2026\\\/06\\\/Lago-S-Croce-Sandra-Deola-Sandro__-Frisiero-Paolo-Lonardi-Simone-Martini.jpg\",\"width\":500,\"height\":339,\"caption\":\"Sandra Deola, Sandro Frisiero, Paolo Lonardi, Simone Martini\"},{\"@type\":\"BreadcrumbList\",\"@id\":\"https:\\\/\\\/www.bellunopress.it\\\/2026\\\/06\\\/25\\\/il-lago-di-santa-croce-diventa-capitale-del-canottaggio-domenica-il-campionato-regionale-veneto\\\/#breadcrumb\",\"itemListElement\":[{\"@type\":\"ListItem\",\"position\":1,\"name\":\"Home\",\"item\":\"https:\\\/\\\/www.bellunopress.it\\\/\"},{\"@type\":\"ListItem\",\"position\":2,\"name\":\"Il Lago di Santa Croce diventa capitale del canottaggio: domenica il Campionato regionale veneto\"}]},{\"@type\":\"WebSite\",\"@id\":\"https:\\\/\\\/www.bellunopress.it\\\/#website\",\"url\":\"https:\\\/\\\/www.bellunopress.it\\\/\",\"name\":\"Bellunopress - Dolomiti\",\"description\":\"e-mail: redazione@bellunopress.it\",\"publisher\":{\"@id\":\"https:\\\/\\\/www.bellunopress.it\\\/#organization\"},\"potentialAction\":[{\"@type\":\"SearchAction\",\"target\":{\"@type\":\"EntryPoint\",\"urlTemplate\":\"https:\\\/\\\/www.bellunopress.it\\\/?s={search_term_string}\"},\"query-input\":{\"@type\":\"PropertyValueSpecification\",\"valueRequired\":true,\"valueName\":\"search_term_string\"}}],\"inLanguage\":\"fr-FR\"},{\"@type\":\"Organization\",\"@id\":\"https:\\\/\\\/www.bellunopress.it\\\/#organization\",\"name\":\"Bellunopress\",\"url\":\"https:\\\/\\\/www.bellunopress.it\\\/\",\"logo\":{\"@type\":\"ImageObject\",\"inLanguage\":\"fr-FR\",\"@id\":\"https:\\\/\\\/www.bellunopress.it\\\/#\\\/schema\\\/logo\\\/image\\\/\",\"url\":\"https:\\\/\\\/www.bellunopress.it\\\/wp-content\\\/uploads\\\/2011\\\/05\\\/cropped-logo-bellunopress-.jpg\",\"contentUrl\":\"https:\\\/\\\/www.bellunopress.it\\\/wp-content\\\/uploads\\\/2011\\\/05\\\/cropped-logo-bellunopress-.jpg\",\"width\":512,\"height\":512,\"caption\":\"Bellunopress\"},\"image\":{\"@id\":\"https:\\\/\\\/www.bellunopress.it\\\/#\\\/schema\\\/logo\\\/image\\\/\"},\"sameAs\":[\"https:\\\/\\\/www.facebook.com\\\/profile.php?id=100008943462799\",\"https:\\\/\\\/x.com\\\/bellunopress\",\"https:\\\/\\\/www.linkedin.com\\\/hp\\\/?dnr=JBzUWaJfMUw8vbXJJ2tVW5-I3jZKvC4wsoxE&amp;amp;amp;amp;amp;amp;trk=nav_responsive_tab_home\",\"https:\\\/\\\/www.youtube.com\\\/channel\\\/UCxL0wu1uN0_3_7hGG0306cw\"]},{\"@type\":\"Person\",\"@id\":\"https:\\\/\\\/www.bellunopress.it\\\/#\\\/schema\\\/person\\\/79bb06722b37ece1c03d3e94beb30d73\",\"name\":\"redazione\",\"image\":{\"@type\":\"ImageObject\",\"inLanguage\":\"fr-FR\",\"@id\":\"https:\\\/\\\/secure.gravatar.com\\\/avatar\\\/37d968a2e67a6fd04c169c4bdef102d0bc5d31b2546345219e348575eb80e9a0?s=96&d=mm&r=g\",\"url\":\"https:\\\/\\\/secure.gravatar.com\\\/avatar\\\/37d968a2e67a6fd04c169c4bdef102d0bc5d31b2546345219e348575eb80e9a0?s=96&d=mm&r=g\",\"contentUrl\":\"https:\\\/\\\/secure.gravatar.com\\\/avatar\\\/37d968a2e67a6fd04c169c4bdef102d0bc5d31b2546345219e348575eb80e9a0?s=96&d=mm&r=g\",\"caption\":\"redazione\"},\"sameAs\":[\"http:\\\/\\\/www.bellunopress.it\",\"https:\\\/\\\/x.com\\\/bellunopress\"],\"url\":\"https:\\\/\\\/www.bellunopress.it\\\/fr\\\/author\\\/redazione\\\/\"}]}<\/script>\n<!-- \/ Yoast SEO plugin. -->","yoast_head_json":{"title":"Il Lago di Santa Croce diventa capitale del canottaggio: domenica il Campionato regionale veneto - Bellunopress - Dolomiti","robots":{"index":"index","follow":"follow","max-snippet":"max-snippet:-1","max-image-preview":"max-image-preview:large","max-video-preview":"max-video-preview:-1"},"canonical":"https:\/\/www.bellunopress.it\/fr\/2026\/06\/25\/il-lago-di-santa-croce-diventa-capitale-del-canottaggio-domenica-il-campionato-regionale-veneto\/","og_locale":"fr_FR","og_type":"article","og_title":"Il Lago di Santa Croce diventa capitale del canottaggio: domenica il Campionato regionale veneto - Bellunopress - Dolomiti","og_description":"Sport, territorio e solidariet\u00e0: circa 250 atleti si sfideranno nelle acque dell&#8217;Alpago per conquistare il titolo di campione regionale e l&#8217;ambito Trofeo Alpago. Alpago, 25\/06\/2026\u00a0\u2013 Il Lago di Santa Croce si prepara a vivere una domenica di grande sport. Il 12 luglio, lo specchio d&#8217;acqua bellunese sar\u00e0 il palcoscenico del Campionato regionale veneto di canottaggio [&hellip;]","og_url":"https:\/\/www.bellunopress.it\/fr\/2026\/06\/25\/il-lago-di-santa-croce-diventa-capitale-del-canottaggio-domenica-il-campionato-regionale-veneto\/","og_site_name":"Bellunopress - Dolomiti","article_publisher":"https:\/\/www.facebook.com\/profile.php?id=100008943462799","article_published_time":"2026-06-25T07:08:57+00:00","og_image":[{"width":500,"height":339,"url":"https:\/\/www.bellunopress.it\/wp-content\/uploads\/2026\/06\/Lago-S-Croce-Sandra-Deola-Sandro__-Frisiero-Paolo-Lonardi-Simone-Martini.jpg","type":"image\/jpeg"}],"author":"redazione","twitter_card":"summary_large_image","twitter_creator":"@bellunopress","twitter_site":"@bellunopress","twitter_misc":{"\u00c9crit par":"redazione","Dur\u00e9e de lecture estim\u00e9e":"3 minutes"},"schema":{"@context":"https:\/\/schema.org","@graph":[{"@type":"Article","@id":"https:\/\/www.bellunopress.it\/2026\/06\/25\/il-lago-di-santa-croce-diventa-capitale-del-canottaggio-domenica-il-campionato-regionale-veneto\/#article","isPartOf":{"@id":"https:\/\/www.bellunopress.it\/2026\/06\/25\/il-lago-di-santa-croce-diventa-capitale-del-canottaggio-domenica-il-campionato-regionale-veneto\/"},"author":{"name":"redazione","@id":"https:\/\/www.bellunopress.it\/#\/schema\/person\/79bb06722b37ece1c03d3e94beb30d73"},"headline":"Il Lago di Santa Croce diventa capitale del canottaggio: domenica il Campionato regionale veneto","datePublished":"2026-06-25T07:08:57+00:00","mainEntityOfPage":{"@id":"https:\/\/www.bellunopress.it\/2026\/06\/25\/il-lago-di-santa-croce-diventa-capitale-del-canottaggio-domenica-il-campionato-regionale-veneto\/"},"wordCount":449,"publisher":{"@id":"https:\/\/www.bellunopress.it\/#organization"},"image":{"@id":"https:\/\/www.bellunopress.it\/2026\/06\/25\/il-lago-di-santa-croce-diventa-capitale-del-canottaggio-domenica-il-campionato-regionale-veneto\/#primaryimage"},"thumbnailUrl":"https:\/\/www.bellunopress.it\/wp-content\/uploads\/2026\/06\/Lago-S-Croce-Sandra-Deola-Sandro__-Frisiero-Paolo-Lonardi-Simone-Martini.jpg","articleSection":["Pausa Caff\u00e8","Sport, tempo libero"],"inLanguage":"fr-FR"},{"@type":"WebPage","@id":"https:\/\/www.bellunopress.it\/2026\/06\/25\/il-lago-di-santa-croce-diventa-capitale-del-canottaggio-domenica-il-campionato-regionale-veneto\/","url":"https:\/\/www.bellunopress.it\/2026\/06\/25\/il-lago-di-santa-croce-diventa-capitale-del-canottaggio-domenica-il-campionato-regionale-veneto\/","name":"Il Lago di Santa Croce diventa capitale del canottaggio: domenica il Campionato regionale veneto - Bellunopress - Dolomiti","isPartOf":{"@id":"https:\/\/www.bellunopress.it\/#website"},"primaryImageOfPage":{"@id":"https:\/\/www.bellunopress.it\/2026\/06\/25\/il-lago-di-santa-croce-diventa-capitale-del-canottaggio-domenica-il-campionato-regionale-veneto\/#primaryimage"},"image":{"@id":"https:\/\/www.bellunopress.it\/2026\/06\/25\/il-lago-di-santa-croce-diventa-capitale-del-canottaggio-domenica-il-campionato-regionale-veneto\/#primaryimage"},"thumbnailUrl":"https:\/\/www.bellunopress.it\/wp-content\/uploads\/2026\/06\/Lago-S-Croce-Sandra-Deola-Sandro__-Frisiero-Paolo-Lonardi-Simone-Martini.jpg","datePublished":"2026-06-25T07:08:57+00:00","breadcrumb":{"@id":"https:\/\/www.bellunopress.it\/2026\/06\/25\/il-lago-di-santa-croce-diventa-capitale-del-canottaggio-domenica-il-campionato-regionale-veneto\/#breadcrumb"},"inLanguage":"fr-FR","potentialAction":[{"@type":"ReadAction","target":["https:\/\/www.bellunopress.it\/2026\/06\/25\/il-lago-di-santa-croce-diventa-capitale-del-canottaggio-domenica-il-campionato-regionale-veneto\/"]}]},{"@type":"ImageObject","inLanguage":"fr-FR","@id":"https:\/\/www.bellunopress.it\/2026\/06\/25\/il-lago-di-santa-croce-diventa-capitale-del-canottaggio-domenica-il-campionato-regionale-veneto\/#primaryimage","url":"https:\/\/www.bellunopress.it\/wp-content\/uploads\/2026\/06\/Lago-S-Croce-Sandra-Deola-Sandro__-Frisiero-Paolo-Lonardi-Simone-Martini.jpg","contentUrl":"https:\/\/www.bellunopress.it\/wp-content\/uploads\/2026\/06\/Lago-S-Croce-Sandra-Deola-Sandro__-Frisiero-Paolo-Lonardi-Simone-Martini.jpg","width":500,"height":339,"caption":"Sandra Deola, Sandro Frisiero, Paolo Lonardi, Simone Martini"},{"@type":"BreadcrumbList","@id":"https:\/\/www.bellunopress.it\/2026\/06\/25\/il-lago-di-santa-croce-diventa-capitale-del-canottaggio-domenica-il-campionato-regionale-veneto\/#breadcrumb","itemListElement":[{"@type":"ListItem","position":1,"name":"Home","item":"https:\/\/www.bellunopress.it\/"},{"@type":"ListItem","position":2,"name":"Il Lago di Santa Croce diventa capitale del canottaggio: domenica il Campionato regionale veneto"}]},{"@type":"WebSite","@id":"https:\/\/www.bellunopress.it\/#website","url":"https:\/\/www.bellunopress.it\/","name":"Bellunopress - Dolomiti","description":"e-mail: redazione@bellunopress.it","publisher":{"@id":"https:\/\/www.bellunopress.it\/#organization"},"potentialAction":[{"@type":"SearchAction","target":{"@type":"EntryPoint","urlTemplate":"https:\/\/www.bellunopress.it\/?s={search_term_string}"},"query-input":{"@type":"PropertyValueSpecification","valueRequired":true,"valueName":"search_term_string"}}],"inLanguage":"fr-FR"},{"@type":"Organization","@id":"https:\/\/www.bellunopress.it\/#organization","name":"Bellunopress","url":"https:\/\/www.bellunopress.it\/","logo":{"@type":"ImageObject","inLanguage":"fr-FR","@id":"https:\/\/www.bellunopress.it\/#\/schema\/logo\/image\/","url":"https:\/\/www.bellunopress.it\/wp-content\/uploads\/2011\/05\/cropped-logo-bellunopress-.jpg","contentUrl":"https:\/\/www.bellunopress.it\/wp-content\/uploads\/2011\/05\/cropped-logo-bellunopress-.jpg","width":512,"height":512,"caption":"Bellunopress"},"image":{"@id":"https:\/\/www.bellunopress.it\/#\/schema\/logo\/image\/"},"sameAs":["https:\/\/www.facebook.com\/profile.php?id=100008943462799","https:\/\/x.com\/bellunopress","https:\/\/www.linkedin.com\/hp\/?dnr=JBzUWaJfMUw8vbXJJ2tVW5-I3jZKvC4wsoxE&amp;amp;amp;amp;amp;amp;trk=nav_responsive_tab_home","https:\/\/www.youtube.com\/channel\/UCxL0wu1uN0_3_7hGG0306cw"]},{"@type":"Person","@id":"https:\/\/www.bellunopress.it\/#\/schema\/person\/79bb06722b37ece1c03d3e94beb30d73","name":"r\u00e9daction","image":{"@type":"ImageObject","inLanguage":"fr-FR","@id":"https:\/\/secure.gravatar.com\/avatar\/37d968a2e67a6fd04c169c4bdef102d0bc5d31b2546345219e348575eb80e9a0?s=96&d=mm&r=g","url":"https:\/\/secure.gravatar.com\/avatar\/37d968a2e67a6fd04c169c4bdef102d0bc5d31b2546345219e348575eb80e9a0?s=96&d=mm&r=g","contentUrl":"https:\/\/secure.gravatar.com\/avatar\/37d968a2e67a6fd04c169c4bdef102d0bc5d31b2546345219e348575eb80e9a0?s=96&d=mm&r=g","caption":"redazione"},"sameAs":["http:\/\/www.bellunopress.it","https:\/\/x.com\/bellunopress"],"url":"https:\/\/www.bellunopress.it\/fr\/author\/redazione\/"}]}},"_links":{"self":[{"href":"https:\/\/www.bellunopress.it\/fr\/wp-json\/wp\/v2\/posts\/171414","targetHints":{"allow":["GET"]}}],"collection":[{"href":"https:\/\/www.bellunopress.it\/fr\/wp-json\/wp\/v2\/posts"}],"about":[{"href":"https:\/\/www.bellunopress.it\/fr\/wp-json\/wp\/v2\/types\/post"}],"author":[{"embeddable":true,"href":"https:\/\/www.bellunopress.it\/fr\/wp-json\/wp\/v2\/users\/2"}],"replies":[{"embeddable":true,"href":"https:\/\/www.bellunopress.it\/fr\/wp-json\/wp\/v2\/comments?post=171414"}],"version-history":[{"count":1,"href":"https:\/\/www.bellunopress.it\/fr\/wp-json\/wp\/v2\/posts\/171414\/revisions"}],"predecessor-version":[{"id":171416,"href":"https:\/\/www.bellunopress.it\/fr\/wp-json\/wp\/v2\/posts\/171414\/revisions\/171416"}],"wp:featuredmedia":[{"embeddable":true,"href":"https:\/\/www.bellunopress.it\/fr\/wp-json\/wp\/v2\/media\/171415"}],"wp:attachment":[{"href":"https:\/\/www.bellunopress.it\/fr\/wp-json\/wp\/v2\/media?parent=171414"}],"wp:term":[{"taxonomy":"category","embeddable":true,"href":"https:\/\/www.bellunopress.it\/fr\/wp-json\/wp\/v2\/categories?post=171414"},{"taxonomy":"post_tag","embeddable":true,"href":"https:\/\/www.bellunopress.it\/fr\/wp-json\/wp\/v2\/tags?post=171414"}],"curies":[{"name":"wp","href":"https:\/\/api.w.org\/{rel}","templated":true}]}}