{"id":171395,"date":"2026-06-24T19:04:10","date_gmt":"2026-06-24T17:04:10","guid":{"rendered":"https:\/\/www.bellunopress.it\/?p=171395"},"modified":"2026-06-24T19:04:49","modified_gmt":"2026-06-24T17:04:49","slug":"epta-costan-limana-riaperta-la-trattativa-dopo-lo-sciopero-del-19-giugno","status":"publish","type":"post","link":"https:\/\/www.bellunopress.it\/fr\/2026\/06\/24\/epta-costan-limana-riaperta-la-trattativa-dopo-lo-sciopero-del-19-giugno\/","title":{"rendered":"Epta Costan Limana: riaperta la trattativa dopo lo sciopero del 19 giugno"},"content":{"rendered":"<p>Belluno, 24\/06\/2026 &#8211; La mobilitazione delle lavoratrici e dei lavoratori di Epta Costan ha riportato l&#8217;azienda al tavolo negoziale. Restano aperte le criticit\u00e0 legate all&#8217;esternalizzazione della gestione amministrativa e all&#8217;errore sulle buste paga che coinvolge centinaia di dipendenti.<\/p>\n<p>Cos\u00ec in una nota Fiom Cgil Belluno<\/p>\n<p>La mobilitazione delle lavoratrici e dei lavoratori di Epta Costan ha raggiunto un primo importante risultato: dopo lo stato di agitazione, il blocco degli straordinari proclamati nelle scorse settimane e lo sciopero del 19 che ha coinvolto oltre l&#8217;80% del personale, l&#8217;azienda ha infatti deciso di riaprire il confronto per il rinnovo del contratto integrativo aziendale.<\/p>\n<p>Una scelta che conferma come la determinazione dei lavoratori e delle lavoratrici, unita alla forte partecipazione alle iniziative sindacali abbiano rappresentato un elemento decisivo per riportare il negoziato sui binari del confronto, dopo una fase caratterizzata da posizioni aziendali giudicate irricevibili dalle organizzazioni sindacali e dalla RSU.<\/p>\n<p>Accanto alla vertenza sull&#8217;integrativo, nelle ultime settimane \u00e8 per\u00f2 emersa un&#8217;ulteriore criticit\u00e0 che ha alimentato il malcontento tra i dipendenti dello stabilimento di Limana. Un errore tecnico nella gestione delle buste paga del mese di maggio ha infatti comportato l&#8217;erogazione di somme non dovute a 613 lavoratrici e lavoratori, che ora saranno chiamati a restituire gli importi ricevuti in eccesso attraverso trattenute nei prossimi cedolini. Pur prendendo atto delle spiegazioni fornite dall&#8217;azienda, la Fiom ritiene che quanto accaduto debba aprire una riflessione pi\u00f9 ampia sulle scelte organizzative adottate negli ultimi anni, visto il malcontento dei lavoratori e la presenza reiterata di errori ed equivoci.<\/p>\n<p>\u00abLa gestione amministrativa e retributiva di uno stabilimento che occupa circa 1.300 persone rappresenta una funzione strategica e delicatissima, che incide direttamente sul rapporto tra azienda e lavoratori. Per questo riteniamo discutibile che attivit\u00e0 di tale importanza vengano affidate all&#8217;esterno attraverso appalti e societ\u00e0 terze\u00bb, ha dichiarato Stefano Bona, segretario generale della Fiom di Belluno, sottolineando: \u00abLe buste paga non sono un semplice adempimento amministrativo: riguardano salari, contributi, diritti e il rapporto quotidiano tra l&#8217;impresa e chi ogni giorno contribuisce ai risultati aziendali. Funzioni di questa complessit\u00e0 richiedono competenze, conoscenza diretta dell&#8217;organizzazione del lavoro e un presidio costante che solo una struttura adeguatamente rafforzata e integrata nell&#8217;azienda pu\u00f2 garantire. Noi, come organizzazione sindacale, non possiamo avvalorare questo sistema, ormai diffuso, che porta alla esternalizzazione di parti sempre pi\u00f9 fondamentali dell&#8217;azione aziendale, attraverso appalti in cui, poi, non si pu\u00f2 neppure sapere quali sono le condizioni di lavoro di coloro che poi lavorano, di fatto, per Epta, ma attraverso questa societ\u00e0 terza. Le conseguenze dell&#8217;errore, inoltre, non ricadono sulla societ\u00e0 che ha materialmente commesso lo sbaglio, ma sui lavoratori e sulle loro famiglie, che dovranno fare i conti con recuperi e trattenute nei prossimi mesi. Una situazione che genera comprensibile nervosismo e che si aggiunge a una fase gi\u00e0 delicata dal punto di vista delle relazioni industriali. La riapertura del tavolo sull&#8217;integrativo \u00e8 il risultato della mobilitazione delle lavoratrici e dei lavoratori che dimostra quanto l&#8217;unit\u00e0 dei lavoratori e delle lavoratrici sia fondamentale per produrre risultati concreti\u00bb, continua Stefano Bona, segretario generale della Fiom Cgil di Belluno. \u00abOra ci aspettiamo che il confronto riparta con la volont\u00e0 di costruire un accordo che riconosca il contributo delle persone ai risultati dell&#8217;azienda. Quanto accaduto sulle buste paga evidenzia inoltre i limiti di una gestione eccessivamente esternalizzata di funzioni che incidono direttamente sulla vita dei lavoratori. Quando si amministrano le retribuzioni di 1.300 persone servono competenze, controllo e responsabilit\u00e0 diretta. Gli errori possono accadere, ma non possono essere sempre i lavoratori a subirne le conseguenze\u00bb.<\/p>\n<p>La Fiom Cgil di Belluno continuer\u00e0 a controllare che le modalit\u00e0 con cui verr\u00e0 gestita la vicenda dei recuperi in busta paga, abbiamo come priorit\u00e0 con la massima tutela delle lavoratrici e dei lavoratori di Epta Costan, in attesa della convocazione per il tavolo di confronto per la ripresa della trattativa sugli accordi di secondo livello.<\/p>\n<p>&nbsp;<\/p>\n<p>&nbsp;<\/p>\n<p>&nbsp;<\/p>","protected":false},"excerpt":{"rendered":"<p>Belluno, 24\/06\/2026 &#8211; La mobilitazione delle lavoratrici e dei lavoratori di Epta Costan ha riportato l&#8217;azienda al tavolo negoziale. Restano aperte le criticit\u00e0 legate all&#8217;esternalizzazione della gestione amministrativa e all&#8217;errore sulle buste paga che coinvolge centinaia di dipendenti. Cos\u00ec in una nota Fiom Cgil Belluno La mobilitazione delle lavoratrici e dei lavoratori di Epta Costan [&hellip;]<\/p>\n","protected":false},"author":2,"featured_media":171396,"comment_status":"closed","ping_status":"open","sticky":false,"template":"","format":"standard","meta":{"footnotes":""},"categories":[36,26],"tags":[],"class_list":["post-171395","post","type-post","status-publish","format-standard","has-post-thumbnail","category-lavoro-economia","category-prima-pagina"],"yoast_head":"<!-- This site is optimized with the Yoast SEO plugin v28.4 - https:\/\/yoast.com\/product\/yoast-seo-wordpress\/ -->\n<title>Epta Costan Limana: riaperta la trattativa dopo lo sciopero del 19 giugno - Bellunopress - Dolomiti<\/title>\n<meta name=\"robots\" content=\"index, follow, max-snippet:-1, max-image-preview:large, max-video-preview:-1\" \/>\n<link rel=\"canonical\" href=\"https:\/\/www.bellunopress.it\/fr\/2026\/06\/24\/epta-costan-limana-riaperta-la-trattativa-dopo-lo-sciopero-del-19-giugno\/\" \/>\n<meta property=\"og:locale\" content=\"fr_FR\" \/>\n<meta property=\"og:type\" content=\"article\" \/>\n<meta property=\"og:title\" content=\"Epta Costan Limana: riaperta la trattativa dopo lo sciopero del 19 giugno - Bellunopress - Dolomiti\" \/>\n<meta property=\"og:description\" content=\"Belluno, 24\/06\/2026 &#8211; La mobilitazione delle lavoratrici e dei lavoratori di Epta Costan ha riportato l&#8217;azienda al tavolo negoziale. Restano aperte le criticit\u00e0 legate all&#8217;esternalizzazione della gestione amministrativa e all&#8217;errore sulle buste paga che coinvolge centinaia di dipendenti. Cos\u00ec in una nota Fiom Cgil Belluno La mobilitazione delle lavoratrici e dei lavoratori di Epta Costan [&hellip;]\" \/>\n<meta property=\"og:url\" content=\"https:\/\/www.bellunopress.it\/fr\/2026\/06\/24\/epta-costan-limana-riaperta-la-trattativa-dopo-lo-sciopero-del-19-giugno\/\" \/>\n<meta property=\"og:site_name\" content=\"Bellunopress - Dolomiti\" \/>\n<meta property=\"article:publisher\" content=\"https:\/\/www.facebook.com\/profile.php?id=100008943462799\" \/>\n<meta property=\"article:published_time\" content=\"2026-06-24T17:04:10+00:00\" \/>\n<meta property=\"article:modified_time\" content=\"2026-06-24T17:04:49+00:00\" \/>\n<meta property=\"og:image\" content=\"https:\/\/www.bellunopress.it\/wp-content\/uploads\/2026\/06\/fiom-belluno-striscione.jpg\" \/>\n\t<meta property=\"og:image:width\" content=\"533\" \/>\n\t<meta property=\"og:image:height\" content=\"353\" \/>\n\t<meta property=\"og:image:type\" content=\"image\/jpeg\" \/>\n<meta name=\"author\" content=\"redazione\" \/>\n<meta name=\"twitter:card\" content=\"summary_large_image\" \/>\n<meta name=\"twitter:creator\" content=\"@bellunopress\" \/>\n<meta name=\"twitter:site\" content=\"@bellunopress\" \/>\n<meta name=\"twitter:label1\" content=\"\u00c9crit par\" \/>\n\t<meta name=\"twitter:data1\" content=\"redazione\" \/>\n\t<meta name=\"twitter:label2\" content=\"Dur\u00e9e de lecture estim\u00e9e\" \/>\n\t<meta name=\"twitter:data2\" content=\"4 minutes\" \/>\n<script type=\"application\/ld+json\" class=\"yoast-schema-graph\">{\"@context\":\"https:\\\/\\\/schema.org\",\"@graph\":[{\"@type\":\"Article\",\"@id\":\"https:\\\/\\\/www.bellunopress.it\\\/2026\\\/06\\\/24\\\/epta-costan-limana-riaperta-la-trattativa-dopo-lo-sciopero-del-19-giugno\\\/#article\",\"isPartOf\":{\"@id\":\"https:\\\/\\\/www.bellunopress.it\\\/2026\\\/06\\\/24\\\/epta-costan-limana-riaperta-la-trattativa-dopo-lo-sciopero-del-19-giugno\\\/\"},\"author\":{\"name\":\"redazione\",\"@id\":\"https:\\\/\\\/www.bellunopress.it\\\/#\\\/schema\\\/person\\\/79bb06722b37ece1c03d3e94beb30d73\"},\"headline\":\"Epta Costan Limana: riaperta la trattativa dopo lo sciopero del 19 giugno\",\"datePublished\":\"2026-06-24T17:04:10+00:00\",\"dateModified\":\"2026-06-24T17:04:49+00:00\",\"mainEntityOfPage\":{\"@id\":\"https:\\\/\\\/www.bellunopress.it\\\/2026\\\/06\\\/24\\\/epta-costan-limana-riaperta-la-trattativa-dopo-lo-sciopero-del-19-giugno\\\/\"},\"wordCount\":663,\"publisher\":{\"@id\":\"https:\\\/\\\/www.bellunopress.it\\\/#organization\"},\"image\":{\"@id\":\"https:\\\/\\\/www.bellunopress.it\\\/2026\\\/06\\\/24\\\/epta-costan-limana-riaperta-la-trattativa-dopo-lo-sciopero-del-19-giugno\\\/#primaryimage\"},\"thumbnailUrl\":\"https:\\\/\\\/www.bellunopress.it\\\/wp-content\\\/uploads\\\/2026\\\/06\\\/fiom-belluno-striscione.jpg\",\"articleSection\":[\"Lavoro, Economia, Turismo\",\"Prima Pagina\"],\"inLanguage\":\"fr-FR\"},{\"@type\":\"WebPage\",\"@id\":\"https:\\\/\\\/www.bellunopress.it\\\/2026\\\/06\\\/24\\\/epta-costan-limana-riaperta-la-trattativa-dopo-lo-sciopero-del-19-giugno\\\/\",\"url\":\"https:\\\/\\\/www.bellunopress.it\\\/2026\\\/06\\\/24\\\/epta-costan-limana-riaperta-la-trattativa-dopo-lo-sciopero-del-19-giugno\\\/\",\"name\":\"Epta Costan Limana: riaperta la trattativa dopo lo sciopero del 19 giugno - Bellunopress - Dolomiti\",\"isPartOf\":{\"@id\":\"https:\\\/\\\/www.bellunopress.it\\\/#website\"},\"primaryImageOfPage\":{\"@id\":\"https:\\\/\\\/www.bellunopress.it\\\/2026\\\/06\\\/24\\\/epta-costan-limana-riaperta-la-trattativa-dopo-lo-sciopero-del-19-giugno\\\/#primaryimage\"},\"image\":{\"@id\":\"https:\\\/\\\/www.bellunopress.it\\\/2026\\\/06\\\/24\\\/epta-costan-limana-riaperta-la-trattativa-dopo-lo-sciopero-del-19-giugno\\\/#primaryimage\"},\"thumbnailUrl\":\"https:\\\/\\\/www.bellunopress.it\\\/wp-content\\\/uploads\\\/2026\\\/06\\\/fiom-belluno-striscione.jpg\",\"datePublished\":\"2026-06-24T17:04:10+00:00\",\"dateModified\":\"2026-06-24T17:04:49+00:00\",\"breadcrumb\":{\"@id\":\"https:\\\/\\\/www.bellunopress.it\\\/2026\\\/06\\\/24\\\/epta-costan-limana-riaperta-la-trattativa-dopo-lo-sciopero-del-19-giugno\\\/#breadcrumb\"},\"inLanguage\":\"fr-FR\",\"potentialAction\":[{\"@type\":\"ReadAction\",\"target\":[\"https:\\\/\\\/www.bellunopress.it\\\/2026\\\/06\\\/24\\\/epta-costan-limana-riaperta-la-trattativa-dopo-lo-sciopero-del-19-giugno\\\/\"]}]},{\"@type\":\"ImageObject\",\"inLanguage\":\"fr-FR\",\"@id\":\"https:\\\/\\\/www.bellunopress.it\\\/2026\\\/06\\\/24\\\/epta-costan-limana-riaperta-la-trattativa-dopo-lo-sciopero-del-19-giugno\\\/#primaryimage\",\"url\":\"https:\\\/\\\/www.bellunopress.it\\\/wp-content\\\/uploads\\\/2026\\\/06\\\/fiom-belluno-striscione.jpg\",\"contentUrl\":\"https:\\\/\\\/www.bellunopress.it\\\/wp-content\\\/uploads\\\/2026\\\/06\\\/fiom-belluno-striscione.jpg\",\"width\":533,\"height\":353},{\"@type\":\"BreadcrumbList\",\"@id\":\"https:\\\/\\\/www.bellunopress.it\\\/2026\\\/06\\\/24\\\/epta-costan-limana-riaperta-la-trattativa-dopo-lo-sciopero-del-19-giugno\\\/#breadcrumb\",\"itemListElement\":[{\"@type\":\"ListItem\",\"position\":1,\"name\":\"Home\",\"item\":\"https:\\\/\\\/www.bellunopress.it\\\/\"},{\"@type\":\"ListItem\",\"position\":2,\"name\":\"Epta Costan Limana: riaperta la trattativa dopo lo sciopero del 19 giugno\"}]},{\"@type\":\"WebSite\",\"@id\":\"https:\\\/\\\/www.bellunopress.it\\\/#website\",\"url\":\"https:\\\/\\\/www.bellunopress.it\\\/\",\"name\":\"Bellunopress - Dolomiti\",\"description\":\"e-mail: redazione@bellunopress.it\",\"publisher\":{\"@id\":\"https:\\\/\\\/www.bellunopress.it\\\/#organization\"},\"potentialAction\":[{\"@type\":\"SearchAction\",\"target\":{\"@type\":\"EntryPoint\",\"urlTemplate\":\"https:\\\/\\\/www.bellunopress.it\\\/?s={search_term_string}\"},\"query-input\":{\"@type\":\"PropertyValueSpecification\",\"valueRequired\":true,\"valueName\":\"search_term_string\"}}],\"inLanguage\":\"fr-FR\"},{\"@type\":\"Organization\",\"@id\":\"https:\\\/\\\/www.bellunopress.it\\\/#organization\",\"name\":\"Bellunopress\",\"url\":\"https:\\\/\\\/www.bellunopress.it\\\/\",\"logo\":{\"@type\":\"ImageObject\",\"inLanguage\":\"fr-FR\",\"@id\":\"https:\\\/\\\/www.bellunopress.it\\\/#\\\/schema\\\/logo\\\/image\\\/\",\"url\":\"https:\\\/\\\/www.bellunopress.it\\\/wp-content\\\/uploads\\\/2011\\\/05\\\/cropped-logo-bellunopress-.jpg\",\"contentUrl\":\"https:\\\/\\\/www.bellunopress.it\\\/wp-content\\\/uploads\\\/2011\\\/05\\\/cropped-logo-bellunopress-.jpg\",\"width\":512,\"height\":512,\"caption\":\"Bellunopress\"},\"image\":{\"@id\":\"https:\\\/\\\/www.bellunopress.it\\\/#\\\/schema\\\/logo\\\/image\\\/\"},\"sameAs\":[\"https:\\\/\\\/www.facebook.com\\\/profile.php?id=100008943462799\",\"https:\\\/\\\/x.com\\\/bellunopress\",\"https:\\\/\\\/www.linkedin.com\\\/hp\\\/?dnr=JBzUWaJfMUw8vbXJJ2tVW5-I3jZKvC4wsoxE&amp;amp;amp;amp;amp;amp;trk=nav_responsive_tab_home\",\"https:\\\/\\\/www.youtube.com\\\/channel\\\/UCxL0wu1uN0_3_7hGG0306cw\"]},{\"@type\":\"Person\",\"@id\":\"https:\\\/\\\/www.bellunopress.it\\\/#\\\/schema\\\/person\\\/79bb06722b37ece1c03d3e94beb30d73\",\"name\":\"redazione\",\"image\":{\"@type\":\"ImageObject\",\"inLanguage\":\"fr-FR\",\"@id\":\"https:\\\/\\\/secure.gravatar.com\\\/avatar\\\/37d968a2e67a6fd04c169c4bdef102d0bc5d31b2546345219e348575eb80e9a0?s=96&d=mm&r=g\",\"url\":\"https:\\\/\\\/secure.gravatar.com\\\/avatar\\\/37d968a2e67a6fd04c169c4bdef102d0bc5d31b2546345219e348575eb80e9a0?s=96&d=mm&r=g\",\"contentUrl\":\"https:\\\/\\\/secure.gravatar.com\\\/avatar\\\/37d968a2e67a6fd04c169c4bdef102d0bc5d31b2546345219e348575eb80e9a0?s=96&d=mm&r=g\",\"caption\":\"redazione\"},\"sameAs\":[\"http:\\\/\\\/www.bellunopress.it\",\"https:\\\/\\\/x.com\\\/bellunopress\"],\"url\":\"https:\\\/\\\/www.bellunopress.it\\\/fr\\\/author\\\/redazione\\\/\"}]}<\/script>\n<!-- \/ Yoast SEO plugin. -->","yoast_head_json":{"title":"Epta Costan Limana: riaperta la trattativa dopo lo sciopero del 19 giugno - Bellunopress - Dolomiti","robots":{"index":"index","follow":"follow","max-snippet":"max-snippet:-1","max-image-preview":"max-image-preview:large","max-video-preview":"max-video-preview:-1"},"canonical":"https:\/\/www.bellunopress.it\/fr\/2026\/06\/24\/epta-costan-limana-riaperta-la-trattativa-dopo-lo-sciopero-del-19-giugno\/","og_locale":"fr_FR","og_type":"article","og_title":"Epta Costan Limana: riaperta la trattativa dopo lo sciopero del 19 giugno - Bellunopress - Dolomiti","og_description":"Belluno, 24\/06\/2026 &#8211; La mobilitazione delle lavoratrici e dei lavoratori di Epta Costan ha riportato l&#8217;azienda al tavolo negoziale. Restano aperte le criticit\u00e0 legate all&#8217;esternalizzazione della gestione amministrativa e all&#8217;errore sulle buste paga che coinvolge centinaia di dipendenti. Cos\u00ec in una nota Fiom Cgil Belluno La mobilitazione delle lavoratrici e dei lavoratori di Epta Costan [&hellip;]","og_url":"https:\/\/www.bellunopress.it\/fr\/2026\/06\/24\/epta-costan-limana-riaperta-la-trattativa-dopo-lo-sciopero-del-19-giugno\/","og_site_name":"Bellunopress - Dolomiti","article_publisher":"https:\/\/www.facebook.com\/profile.php?id=100008943462799","article_published_time":"2026-06-24T17:04:10+00:00","article_modified_time":"2026-06-24T17:04:49+00:00","og_image":[{"width":533,"height":353,"url":"https:\/\/www.bellunopress.it\/wp-content\/uploads\/2026\/06\/fiom-belluno-striscione.jpg","type":"image\/jpeg"}],"author":"redazione","twitter_card":"summary_large_image","twitter_creator":"@bellunopress","twitter_site":"@bellunopress","twitter_misc":{"\u00c9crit par":"redazione","Dur\u00e9e de lecture estim\u00e9e":"4 minutes"},"schema":{"@context":"https:\/\/schema.org","@graph":[{"@type":"Article","@id":"https:\/\/www.bellunopress.it\/2026\/06\/24\/epta-costan-limana-riaperta-la-trattativa-dopo-lo-sciopero-del-19-giugno\/#article","isPartOf":{"@id":"https:\/\/www.bellunopress.it\/2026\/06\/24\/epta-costan-limana-riaperta-la-trattativa-dopo-lo-sciopero-del-19-giugno\/"},"author":{"name":"redazione","@id":"https:\/\/www.bellunopress.it\/#\/schema\/person\/79bb06722b37ece1c03d3e94beb30d73"},"headline":"Epta Costan Limana: riaperta la trattativa dopo lo sciopero del 19 giugno","datePublished":"2026-06-24T17:04:10+00:00","dateModified":"2026-06-24T17:04:49+00:00","mainEntityOfPage":{"@id":"https:\/\/www.bellunopress.it\/2026\/06\/24\/epta-costan-limana-riaperta-la-trattativa-dopo-lo-sciopero-del-19-giugno\/"},"wordCount":663,"publisher":{"@id":"https:\/\/www.bellunopress.it\/#organization"},"image":{"@id":"https:\/\/www.bellunopress.it\/2026\/06\/24\/epta-costan-limana-riaperta-la-trattativa-dopo-lo-sciopero-del-19-giugno\/#primaryimage"},"thumbnailUrl":"https:\/\/www.bellunopress.it\/wp-content\/uploads\/2026\/06\/fiom-belluno-striscione.jpg","articleSection":["Lavoro, Economia, Turismo","Prima Pagina"],"inLanguage":"fr-FR"},{"@type":"WebPage","@id":"https:\/\/www.bellunopress.it\/2026\/06\/24\/epta-costan-limana-riaperta-la-trattativa-dopo-lo-sciopero-del-19-giugno\/","url":"https:\/\/www.bellunopress.it\/2026\/06\/24\/epta-costan-limana-riaperta-la-trattativa-dopo-lo-sciopero-del-19-giugno\/","name":"Epta Costan Limana: riaperta la trattativa dopo lo sciopero del 19 giugno - Bellunopress - Dolomiti","isPartOf":{"@id":"https:\/\/www.bellunopress.it\/#website"},"primaryImageOfPage":{"@id":"https:\/\/www.bellunopress.it\/2026\/06\/24\/epta-costan-limana-riaperta-la-trattativa-dopo-lo-sciopero-del-19-giugno\/#primaryimage"},"image":{"@id":"https:\/\/www.bellunopress.it\/2026\/06\/24\/epta-costan-limana-riaperta-la-trattativa-dopo-lo-sciopero-del-19-giugno\/#primaryimage"},"thumbnailUrl":"https:\/\/www.bellunopress.it\/wp-content\/uploads\/2026\/06\/fiom-belluno-striscione.jpg","datePublished":"2026-06-24T17:04:10+00:00","dateModified":"2026-06-24T17:04:49+00:00","breadcrumb":{"@id":"https:\/\/www.bellunopress.it\/2026\/06\/24\/epta-costan-limana-riaperta-la-trattativa-dopo-lo-sciopero-del-19-giugno\/#breadcrumb"},"inLanguage":"fr-FR","potentialAction":[{"@type":"ReadAction","target":["https:\/\/www.bellunopress.it\/2026\/06\/24\/epta-costan-limana-riaperta-la-trattativa-dopo-lo-sciopero-del-19-giugno\/"]}]},{"@type":"ImageObject","inLanguage":"fr-FR","@id":"https:\/\/www.bellunopress.it\/2026\/06\/24\/epta-costan-limana-riaperta-la-trattativa-dopo-lo-sciopero-del-19-giugno\/#primaryimage","url":"https:\/\/www.bellunopress.it\/wp-content\/uploads\/2026\/06\/fiom-belluno-striscione.jpg","contentUrl":"https:\/\/www.bellunopress.it\/wp-content\/uploads\/2026\/06\/fiom-belluno-striscione.jpg","width":533,"height":353},{"@type":"BreadcrumbList","@id":"https:\/\/www.bellunopress.it\/2026\/06\/24\/epta-costan-limana-riaperta-la-trattativa-dopo-lo-sciopero-del-19-giugno\/#breadcrumb","itemListElement":[{"@type":"ListItem","position":1,"name":"Home","item":"https:\/\/www.bellunopress.it\/"},{"@type":"ListItem","position":2,"name":"Epta Costan Limana: riaperta la trattativa dopo lo sciopero del 19 giugno"}]},{"@type":"WebSite","@id":"https:\/\/www.bellunopress.it\/#website","url":"https:\/\/www.bellunopress.it\/","name":"Bellunopress - Dolomiti","description":"e-mail: redazione@bellunopress.it","publisher":{"@id":"https:\/\/www.bellunopress.it\/#organization"},"potentialAction":[{"@type":"SearchAction","target":{"@type":"EntryPoint","urlTemplate":"https:\/\/www.bellunopress.it\/?s={search_term_string}"},"query-input":{"@type":"PropertyValueSpecification","valueRequired":true,"valueName":"search_term_string"}}],"inLanguage":"fr-FR"},{"@type":"Organization","@id":"https:\/\/www.bellunopress.it\/#organization","name":"Bellunopress","url":"https:\/\/www.bellunopress.it\/","logo":{"@type":"ImageObject","inLanguage":"fr-FR","@id":"https:\/\/www.bellunopress.it\/#\/schema\/logo\/image\/","url":"https:\/\/www.bellunopress.it\/wp-content\/uploads\/2011\/05\/cropped-logo-bellunopress-.jpg","contentUrl":"https:\/\/www.bellunopress.it\/wp-content\/uploads\/2011\/05\/cropped-logo-bellunopress-.jpg","width":512,"height":512,"caption":"Bellunopress"},"image":{"@id":"https:\/\/www.bellunopress.it\/#\/schema\/logo\/image\/"},"sameAs":["https:\/\/www.facebook.com\/profile.php?id=100008943462799","https:\/\/x.com\/bellunopress","https:\/\/www.linkedin.com\/hp\/?dnr=JBzUWaJfMUw8vbXJJ2tVW5-I3jZKvC4wsoxE&amp;amp;amp;amp;amp;amp;trk=nav_responsive_tab_home","https:\/\/www.youtube.com\/channel\/UCxL0wu1uN0_3_7hGG0306cw"]},{"@type":"Person","@id":"https:\/\/www.bellunopress.it\/#\/schema\/person\/79bb06722b37ece1c03d3e94beb30d73","name":"r\u00e9daction","image":{"@type":"ImageObject","inLanguage":"fr-FR","@id":"https:\/\/secure.gravatar.com\/avatar\/37d968a2e67a6fd04c169c4bdef102d0bc5d31b2546345219e348575eb80e9a0?s=96&d=mm&r=g","url":"https:\/\/secure.gravatar.com\/avatar\/37d968a2e67a6fd04c169c4bdef102d0bc5d31b2546345219e348575eb80e9a0?s=96&d=mm&r=g","contentUrl":"https:\/\/secure.gravatar.com\/avatar\/37d968a2e67a6fd04c169c4bdef102d0bc5d31b2546345219e348575eb80e9a0?s=96&d=mm&r=g","caption":"redazione"},"sameAs":["http:\/\/www.bellunopress.it","https:\/\/x.com\/bellunopress"],"url":"https:\/\/www.bellunopress.it\/fr\/author\/redazione\/"}]}},"_links":{"self":[{"href":"https:\/\/www.bellunopress.it\/fr\/wp-json\/wp\/v2\/posts\/171395","targetHints":{"allow":["GET"]}}],"collection":[{"href":"https:\/\/www.bellunopress.it\/fr\/wp-json\/wp\/v2\/posts"}],"about":[{"href":"https:\/\/www.bellunopress.it\/fr\/wp-json\/wp\/v2\/types\/post"}],"author":[{"embeddable":true,"href":"https:\/\/www.bellunopress.it\/fr\/wp-json\/wp\/v2\/users\/2"}],"replies":[{"embeddable":true,"href":"https:\/\/www.bellunopress.it\/fr\/wp-json\/wp\/v2\/comments?post=171395"}],"version-history":[{"count":2,"href":"https:\/\/www.bellunopress.it\/fr\/wp-json\/wp\/v2\/posts\/171395\/revisions"}],"predecessor-version":[{"id":171398,"href":"https:\/\/www.bellunopress.it\/fr\/wp-json\/wp\/v2\/posts\/171395\/revisions\/171398"}],"wp:featuredmedia":[{"embeddable":true,"href":"https:\/\/www.bellunopress.it\/fr\/wp-json\/wp\/v2\/media\/171396"}],"wp:attachment":[{"href":"https:\/\/www.bellunopress.it\/fr\/wp-json\/wp\/v2\/media?parent=171395"}],"wp:term":[{"taxonomy":"category","embeddable":true,"href":"https:\/\/www.bellunopress.it\/fr\/wp-json\/wp\/v2\/categories?post=171395"},{"taxonomy":"post_tag","embeddable":true,"href":"https:\/\/www.bellunopress.it\/fr\/wp-json\/wp\/v2\/tags?post=171395"}],"curies":[{"name":"wp","href":"https:\/\/api.w.org\/{rel}","templated":true}]}}