{"id":171393,"date":"2026-06-24T18:01:28","date_gmt":"2026-06-24T16:01:28","guid":{"rendered":"https:\/\/www.bellunopress.it\/?p=171393"},"modified":"2026-06-24T18:01:28","modified_gmt":"2026-06-24T16:01:28","slug":"scontro-istituzionale-sulletica-pubblica-il-caso-dal-pont-divide-belluno-e-lagordino","status":"publish","type":"post","link":"https:\/\/www.bellunopress.it\/fr\/2026\/06\/24\/scontro-istituzionale-sulletica-pubblica-il-caso-dal-pont-divide-belluno-e-lagordino\/","title":{"rendered":"Scontro istituzionale sull&#8217;etica pubblica: il caso Dal Pont divide Belluno e l\u2019Agordino"},"content":{"rendered":"<p data-path-to-node=\"3\">Il coinvolgimento del figlio dell\u2019assessore al sociale del Comune di Belluno, Marco Dal Pont, in recenti fatti di cronaca, ha innescato un dibattito acceso che travalica i confini del capoluogo, arrivando a toccare le dinamiche sovra-comunali. Al centro della disputa, il limite tra responsabilit\u00e0 individuale e incarico pubblico.<\/p>\n<h3 data-path-to-node=\"4\">La posizione di Silvia Tormen: un atto di coerenza istituzionale<\/h3>\n<p data-path-to-node=\"5\">La Sindaca di Taibon Agordino, Silvia Tormen, ha rassegnato le dimissioni dal suo ruolo di rappresentante nei tavoli per la costituzione dell&#8217;ATS VEN-01. La sua scelta nasce dal rifiuto di collaborare con l&#8217;assessore Dal Pont, figura di coordinamento in tali sedi. Pur precisando di non voler giudicare le decisioni interne al Comune di Belluno e l\u2019operato del Sindaco De Pellegrin, Tormen definisce &#8220;insuperabile&#8221; la permanenza di Dal Pont in consessi che riuniscono amministratori di altri territori.<\/p>\n<p data-path-to-node=\"6\">Per la Sindaca di Taibon, non si tratta di una questione personale o umana, ma di una presa di posizione sul piano istituzionale: il suo gesto mira a segnalare come sia \u00abiniquo e nocivo accettare passivamente\u00bb che le vicende familiari di un amministratore non abbiano ricadute sulla sua immagine e sul suo ruolo pubblico. \u00abUna societ\u00e0 sana \u00e8 una societ\u00e0 in cui tutti siamo legati e l\u2019azione di uno determina effetti nelle vite di altri\u00bb, ha dichiarato Tormen, sottolineando che il suo gesto vuole essere un segnale concreto per i cittadini.<\/p>\n<h3 data-path-to-node=\"7\">La replica di &#8220;Belluno al Centro&#8221;: l&#8217;etica non \u00e8 uno strumento politico<\/h3>\n<p data-path-to-node=\"8\">Di tutt&#8217;altro avviso \u00e8 il gruppo consiliare di maggioranza &#8220;Belluno al Centro&#8221;, che difende la permanenza dell&#8217;assessore Dal Pont. Secondo il gruppo, le dimissioni dell&#8217;assessore \u2014 respinte dal Sindaco di Belluno De Pellegrin dopo aver accertato l&#8217;estraneit\u00e0 del politico ai fatti \u2014 erano un atto dovuto che non deve trasformarsi in una condanna permanente.<\/p>\n<p data-path-to-node=\"9\">Per &#8220;Belluno al Centro&#8221;, confondere la biografia familiare di un amministratore con l&#8217;integrit\u00e0 del suo operato istituzionale significa fraintendere la natura stessa del ruolo: \u00abIl sociale \u2014 si legge nella nota \u2014 non \u00e8 un pulpito morale, ma un settore tecnico-politico che richiede competenza, conoscenza dei servizi e continuit\u00e0 amministrativa\u00bb, requisiti che Dal Pont possiede pienamente.<\/p>\n<p data-path-to-node=\"10\">Il gruppo consiliare critica duramente la posizione assunta dalla Tormen: sebbene definita legittima sul piano personale, la scelta della Sindaca di Taibon viene bollata come problematica sul piano etico. Secondo il gruppo, trasformare eventi esterni in strumenti di delegittimazione nasconderebbe \u00abmere finalit\u00e0 politiche ed elettoralistiche\u00bb, rischiando di interrompere percorsi fondamentali per il territorio, come appunto la costituzione degli ATS.<\/p>\n<h3 data-path-to-node=\"11\">Una frattura aperta<\/h3>\n<p data-path-to-node=\"12\">Il confronto solleva un interrogativo profondo che attraversa la politica locale: dove finisce l&#8217;autonomia del ruolo pubblico rispetto alla vita privata? Mentre per alcuni rappresentanti del territorio \u00e8 necessario dare segnali di discontinuit\u00e0 in nome di una responsabilit\u00e0 sociale condivisa, per altri la difesa della distinzione tra fatti privati e funzione pubblica \u00e8 l&#8217;unico baluardo contro una strumentalizzazione che rischia di danneggiare il bene comune.<\/p>\n<p data-path-to-node=\"14\">","protected":false},"excerpt":{"rendered":"<p>Il coinvolgimento del figlio dell\u2019assessore al sociale del Comune di Belluno, Marco Dal Pont, in recenti fatti di cronaca, ha innescato un dibattito acceso che travalica i confini del capoluogo, arrivando a toccare le dinamiche sovra-comunali. Al centro della disputa, il limite tra responsabilit\u00e0 individuale e incarico pubblico. La posizione di Silvia Tormen: un atto [&hellip;]<\/p>\n","protected":false},"author":2,"featured_media":113617,"comment_status":"closed","ping_status":"open","sticky":false,"template":"","format":"standard","meta":{"footnotes":""},"categories":[5,3446,26],"tags":[],"class_list":["post-171393","post","type-post","status-publish","format-standard","has-post-thumbnail","category-cronaca","category-featured","category-prima-pagina"],"yoast_head":"<!-- This site is optimized with the Yoast SEO plugin v28.4 - https:\/\/yoast.com\/product\/yoast-seo-wordpress\/ -->\n<title>Scontro istituzionale sull&#039;etica pubblica: il caso Dal Pont divide Belluno e l\u2019Agordino - Bellunopress - Dolomiti<\/title>\n<meta name=\"robots\" content=\"index, follow, max-snippet:-1, max-image-preview:large, max-video-preview:-1\" \/>\n<link rel=\"canonical\" href=\"https:\/\/www.bellunopress.it\/fr\/2026\/06\/24\/scontro-istituzionale-sulletica-pubblica-il-caso-dal-pont-divide-belluno-e-lagordino\/\" \/>\n<meta property=\"og:locale\" content=\"fr_FR\" \/>\n<meta property=\"og:type\" content=\"article\" \/>\n<meta property=\"og:title\" content=\"Scontro istituzionale sull&#039;etica pubblica: il caso Dal Pont divide Belluno e l\u2019Agordino - Bellunopress - Dolomiti\" \/>\n<meta property=\"og:description\" content=\"Il coinvolgimento del figlio dell\u2019assessore al sociale del Comune di Belluno, Marco Dal Pont, in recenti fatti di cronaca, ha innescato un dibattito acceso che travalica i confini del capoluogo, arrivando a toccare le dinamiche sovra-comunali. Al centro della disputa, il limite tra responsabilit\u00e0 individuale e incarico pubblico. La posizione di Silvia Tormen: un atto [&hellip;]\" \/>\n<meta property=\"og:url\" content=\"https:\/\/www.bellunopress.it\/fr\/2026\/06\/24\/scontro-istituzionale-sulletica-pubblica-il-caso-dal-pont-divide-belluno-e-lagordino\/\" \/>\n<meta property=\"og:site_name\" content=\"Bellunopress - Dolomiti\" \/>\n<meta property=\"article:publisher\" content=\"https:\/\/www.facebook.com\/profile.php?id=100008943462799\" \/>\n<meta property=\"article:published_time\" content=\"2026-06-24T16:01:28+00:00\" \/>\n<meta property=\"og:image\" content=\"https:\/\/www.bellunopress.it\/wp-content\/uploads\/2020\/04\/palazzo-rosso_edited.jpg\" \/>\n\t<meta property=\"og:image:width\" content=\"800\" \/>\n\t<meta property=\"og:image:height\" content=\"563\" \/>\n\t<meta property=\"og:image:type\" content=\"image\/jpeg\" \/>\n<meta name=\"author\" content=\"redazione\" \/>\n<meta name=\"twitter:card\" content=\"summary_large_image\" \/>\n<meta name=\"twitter:creator\" content=\"@bellunopress\" \/>\n<meta name=\"twitter:site\" content=\"@bellunopress\" \/>\n<meta name=\"twitter:label1\" content=\"\u00c9crit par\" \/>\n\t<meta name=\"twitter:data1\" content=\"redazione\" \/>\n\t<meta name=\"twitter:label2\" content=\"Dur\u00e9e de lecture estim\u00e9e\" \/>\n\t<meta name=\"twitter:data2\" content=\"3 minutes\" \/>\n<script type=\"application\/ld+json\" class=\"yoast-schema-graph\">{\"@context\":\"https:\\\/\\\/schema.org\",\"@graph\":[{\"@type\":\"Article\",\"@id\":\"https:\\\/\\\/www.bellunopress.it\\\/2026\\\/06\\\/24\\\/scontro-istituzionale-sulletica-pubblica-il-caso-dal-pont-divide-belluno-e-lagordino\\\/#article\",\"isPartOf\":{\"@id\":\"https:\\\/\\\/www.bellunopress.it\\\/2026\\\/06\\\/24\\\/scontro-istituzionale-sulletica-pubblica-il-caso-dal-pont-divide-belluno-e-lagordino\\\/\"},\"author\":{\"name\":\"redazione\",\"@id\":\"https:\\\/\\\/www.bellunopress.it\\\/#\\\/schema\\\/person\\\/79bb06722b37ece1c03d3e94beb30d73\"},\"headline\":\"Scontro istituzionale sull&#8217;etica pubblica: il caso Dal Pont divide Belluno e l\u2019Agordino\",\"datePublished\":\"2026-06-24T16:01:28+00:00\",\"mainEntityOfPage\":{\"@id\":\"https:\\\/\\\/www.bellunopress.it\\\/2026\\\/06\\\/24\\\/scontro-istituzionale-sulletica-pubblica-il-caso-dal-pont-divide-belluno-e-lagordino\\\/\"},\"wordCount\":491,\"publisher\":{\"@id\":\"https:\\\/\\\/www.bellunopress.it\\\/#organization\"},\"image\":{\"@id\":\"https:\\\/\\\/www.bellunopress.it\\\/2026\\\/06\\\/24\\\/scontro-istituzionale-sulletica-pubblica-il-caso-dal-pont-divide-belluno-e-lagordino\\\/#primaryimage\"},\"thumbnailUrl\":\"https:\\\/\\\/www.bellunopress.it\\\/wp-content\\\/uploads\\\/2020\\\/04\\\/palazzo-rosso_edited.jpg\",\"articleSection\":[\"Cronaca\\\/Politica\",\"Featured\",\"Prima Pagina\"],\"inLanguage\":\"fr-FR\"},{\"@type\":\"WebPage\",\"@id\":\"https:\\\/\\\/www.bellunopress.it\\\/2026\\\/06\\\/24\\\/scontro-istituzionale-sulletica-pubblica-il-caso-dal-pont-divide-belluno-e-lagordino\\\/\",\"url\":\"https:\\\/\\\/www.bellunopress.it\\\/2026\\\/06\\\/24\\\/scontro-istituzionale-sulletica-pubblica-il-caso-dal-pont-divide-belluno-e-lagordino\\\/\",\"name\":\"Scontro istituzionale sull'etica pubblica: il caso Dal Pont divide Belluno e l\u2019Agordino - Bellunopress - Dolomiti\",\"isPartOf\":{\"@id\":\"https:\\\/\\\/www.bellunopress.it\\\/#website\"},\"primaryImageOfPage\":{\"@id\":\"https:\\\/\\\/www.bellunopress.it\\\/2026\\\/06\\\/24\\\/scontro-istituzionale-sulletica-pubblica-il-caso-dal-pont-divide-belluno-e-lagordino\\\/#primaryimage\"},\"image\":{\"@id\":\"https:\\\/\\\/www.bellunopress.it\\\/2026\\\/06\\\/24\\\/scontro-istituzionale-sulletica-pubblica-il-caso-dal-pont-divide-belluno-e-lagordino\\\/#primaryimage\"},\"thumbnailUrl\":\"https:\\\/\\\/www.bellunopress.it\\\/wp-content\\\/uploads\\\/2020\\\/04\\\/palazzo-rosso_edited.jpg\",\"datePublished\":\"2026-06-24T16:01:28+00:00\",\"breadcrumb\":{\"@id\":\"https:\\\/\\\/www.bellunopress.it\\\/2026\\\/06\\\/24\\\/scontro-istituzionale-sulletica-pubblica-il-caso-dal-pont-divide-belluno-e-lagordino\\\/#breadcrumb\"},\"inLanguage\":\"fr-FR\",\"potentialAction\":[{\"@type\":\"ReadAction\",\"target\":[\"https:\\\/\\\/www.bellunopress.it\\\/2026\\\/06\\\/24\\\/scontro-istituzionale-sulletica-pubblica-il-caso-dal-pont-divide-belluno-e-lagordino\\\/\"]}]},{\"@type\":\"ImageObject\",\"inLanguage\":\"fr-FR\",\"@id\":\"https:\\\/\\\/www.bellunopress.it\\\/2026\\\/06\\\/24\\\/scontro-istituzionale-sulletica-pubblica-il-caso-dal-pont-divide-belluno-e-lagordino\\\/#primaryimage\",\"url\":\"https:\\\/\\\/www.bellunopress.it\\\/wp-content\\\/uploads\\\/2020\\\/04\\\/palazzo-rosso_edited.jpg\",\"contentUrl\":\"https:\\\/\\\/www.bellunopress.it\\\/wp-content\\\/uploads\\\/2020\\\/04\\\/palazzo-rosso_edited.jpg\",\"width\":800,\"height\":563,\"caption\":\"Palazzo Rosso, sede dell'amministrazione comunale di Belluno\"},{\"@type\":\"BreadcrumbList\",\"@id\":\"https:\\\/\\\/www.bellunopress.it\\\/2026\\\/06\\\/24\\\/scontro-istituzionale-sulletica-pubblica-il-caso-dal-pont-divide-belluno-e-lagordino\\\/#breadcrumb\",\"itemListElement\":[{\"@type\":\"ListItem\",\"position\":1,\"name\":\"Home\",\"item\":\"https:\\\/\\\/www.bellunopress.it\\\/\"},{\"@type\":\"ListItem\",\"position\":2,\"name\":\"Scontro istituzionale sull&#8217;etica pubblica: il caso Dal Pont divide Belluno e l\u2019Agordino\"}]},{\"@type\":\"WebSite\",\"@id\":\"https:\\\/\\\/www.bellunopress.it\\\/#website\",\"url\":\"https:\\\/\\\/www.bellunopress.it\\\/\",\"name\":\"Bellunopress - Dolomiti\",\"description\":\"e-mail: redazione@bellunopress.it\",\"publisher\":{\"@id\":\"https:\\\/\\\/www.bellunopress.it\\\/#organization\"},\"potentialAction\":[{\"@type\":\"SearchAction\",\"target\":{\"@type\":\"EntryPoint\",\"urlTemplate\":\"https:\\\/\\\/www.bellunopress.it\\\/?s={search_term_string}\"},\"query-input\":{\"@type\":\"PropertyValueSpecification\",\"valueRequired\":true,\"valueName\":\"search_term_string\"}}],\"inLanguage\":\"fr-FR\"},{\"@type\":\"Organization\",\"@id\":\"https:\\\/\\\/www.bellunopress.it\\\/#organization\",\"name\":\"Bellunopress\",\"url\":\"https:\\\/\\\/www.bellunopress.it\\\/\",\"logo\":{\"@type\":\"ImageObject\",\"inLanguage\":\"fr-FR\",\"@id\":\"https:\\\/\\\/www.bellunopress.it\\\/#\\\/schema\\\/logo\\\/image\\\/\",\"url\":\"https:\\\/\\\/www.bellunopress.it\\\/wp-content\\\/uploads\\\/2011\\\/05\\\/cropped-logo-bellunopress-.jpg\",\"contentUrl\":\"https:\\\/\\\/www.bellunopress.it\\\/wp-content\\\/uploads\\\/2011\\\/05\\\/cropped-logo-bellunopress-.jpg\",\"width\":512,\"height\":512,\"caption\":\"Bellunopress\"},\"image\":{\"@id\":\"https:\\\/\\\/www.bellunopress.it\\\/#\\\/schema\\\/logo\\\/image\\\/\"},\"sameAs\":[\"https:\\\/\\\/www.facebook.com\\\/profile.php?id=100008943462799\",\"https:\\\/\\\/x.com\\\/bellunopress\",\"https:\\\/\\\/www.linkedin.com\\\/hp\\\/?dnr=JBzUWaJfMUw8vbXJJ2tVW5-I3jZKvC4wsoxE&amp;amp;amp;amp;amp;amp;trk=nav_responsive_tab_home\",\"https:\\\/\\\/www.youtube.com\\\/channel\\\/UCxL0wu1uN0_3_7hGG0306cw\"]},{\"@type\":\"Person\",\"@id\":\"https:\\\/\\\/www.bellunopress.it\\\/#\\\/schema\\\/person\\\/79bb06722b37ece1c03d3e94beb30d73\",\"name\":\"redazione\",\"image\":{\"@type\":\"ImageObject\",\"inLanguage\":\"fr-FR\",\"@id\":\"https:\\\/\\\/secure.gravatar.com\\\/avatar\\\/37d968a2e67a6fd04c169c4bdef102d0bc5d31b2546345219e348575eb80e9a0?s=96&d=mm&r=g\",\"url\":\"https:\\\/\\\/secure.gravatar.com\\\/avatar\\\/37d968a2e67a6fd04c169c4bdef102d0bc5d31b2546345219e348575eb80e9a0?s=96&d=mm&r=g\",\"contentUrl\":\"https:\\\/\\\/secure.gravatar.com\\\/avatar\\\/37d968a2e67a6fd04c169c4bdef102d0bc5d31b2546345219e348575eb80e9a0?s=96&d=mm&r=g\",\"caption\":\"redazione\"},\"sameAs\":[\"http:\\\/\\\/www.bellunopress.it\",\"https:\\\/\\\/x.com\\\/bellunopress\"],\"url\":\"https:\\\/\\\/www.bellunopress.it\\\/fr\\\/author\\\/redazione\\\/\"}]}<\/script>\n<!-- \/ Yoast SEO plugin. -->","yoast_head_json":{"title":"Scontro istituzionale sull'etica pubblica: il caso Dal Pont divide Belluno e l\u2019Agordino - Bellunopress - Dolomiti","robots":{"index":"index","follow":"follow","max-snippet":"max-snippet:-1","max-image-preview":"max-image-preview:large","max-video-preview":"max-video-preview:-1"},"canonical":"https:\/\/www.bellunopress.it\/fr\/2026\/06\/24\/scontro-istituzionale-sulletica-pubblica-il-caso-dal-pont-divide-belluno-e-lagordino\/","og_locale":"fr_FR","og_type":"article","og_title":"Scontro istituzionale sull'etica pubblica: il caso Dal Pont divide Belluno e l\u2019Agordino - Bellunopress - Dolomiti","og_description":"Il coinvolgimento del figlio dell\u2019assessore al sociale del Comune di Belluno, Marco Dal Pont, in recenti fatti di cronaca, ha innescato un dibattito acceso che travalica i confini del capoluogo, arrivando a toccare le dinamiche sovra-comunali. Al centro della disputa, il limite tra responsabilit\u00e0 individuale e incarico pubblico. La posizione di Silvia Tormen: un atto [&hellip;]","og_url":"https:\/\/www.bellunopress.it\/fr\/2026\/06\/24\/scontro-istituzionale-sulletica-pubblica-il-caso-dal-pont-divide-belluno-e-lagordino\/","og_site_name":"Bellunopress - Dolomiti","article_publisher":"https:\/\/www.facebook.com\/profile.php?id=100008943462799","article_published_time":"2026-06-24T16:01:28+00:00","og_image":[{"width":800,"height":563,"url":"https:\/\/www.bellunopress.it\/wp-content\/uploads\/2020\/04\/palazzo-rosso_edited.jpg","type":"image\/jpeg"}],"author":"redazione","twitter_card":"summary_large_image","twitter_creator":"@bellunopress","twitter_site":"@bellunopress","twitter_misc":{"\u00c9crit par":"redazione","Dur\u00e9e de lecture estim\u00e9e":"3 minutes"},"schema":{"@context":"https:\/\/schema.org","@graph":[{"@type":"Article","@id":"https:\/\/www.bellunopress.it\/2026\/06\/24\/scontro-istituzionale-sulletica-pubblica-il-caso-dal-pont-divide-belluno-e-lagordino\/#article","isPartOf":{"@id":"https:\/\/www.bellunopress.it\/2026\/06\/24\/scontro-istituzionale-sulletica-pubblica-il-caso-dal-pont-divide-belluno-e-lagordino\/"},"author":{"name":"redazione","@id":"https:\/\/www.bellunopress.it\/#\/schema\/person\/79bb06722b37ece1c03d3e94beb30d73"},"headline":"Scontro istituzionale sull&#8217;etica pubblica: il caso Dal Pont divide Belluno e l\u2019Agordino","datePublished":"2026-06-24T16:01:28+00:00","mainEntityOfPage":{"@id":"https:\/\/www.bellunopress.it\/2026\/06\/24\/scontro-istituzionale-sulletica-pubblica-il-caso-dal-pont-divide-belluno-e-lagordino\/"},"wordCount":491,"publisher":{"@id":"https:\/\/www.bellunopress.it\/#organization"},"image":{"@id":"https:\/\/www.bellunopress.it\/2026\/06\/24\/scontro-istituzionale-sulletica-pubblica-il-caso-dal-pont-divide-belluno-e-lagordino\/#primaryimage"},"thumbnailUrl":"https:\/\/www.bellunopress.it\/wp-content\/uploads\/2020\/04\/palazzo-rosso_edited.jpg","articleSection":["Cronaca\/Politica","Featured","Prima Pagina"],"inLanguage":"fr-FR"},{"@type":"WebPage","@id":"https:\/\/www.bellunopress.it\/2026\/06\/24\/scontro-istituzionale-sulletica-pubblica-il-caso-dal-pont-divide-belluno-e-lagordino\/","url":"https:\/\/www.bellunopress.it\/2026\/06\/24\/scontro-istituzionale-sulletica-pubblica-il-caso-dal-pont-divide-belluno-e-lagordino\/","name":"Scontro istituzionale sull'etica pubblica: il caso Dal Pont divide Belluno e l\u2019Agordino - Bellunopress - Dolomiti","isPartOf":{"@id":"https:\/\/www.bellunopress.it\/#website"},"primaryImageOfPage":{"@id":"https:\/\/www.bellunopress.it\/2026\/06\/24\/scontro-istituzionale-sulletica-pubblica-il-caso-dal-pont-divide-belluno-e-lagordino\/#primaryimage"},"image":{"@id":"https:\/\/www.bellunopress.it\/2026\/06\/24\/scontro-istituzionale-sulletica-pubblica-il-caso-dal-pont-divide-belluno-e-lagordino\/#primaryimage"},"thumbnailUrl":"https:\/\/www.bellunopress.it\/wp-content\/uploads\/2020\/04\/palazzo-rosso_edited.jpg","datePublished":"2026-06-24T16:01:28+00:00","breadcrumb":{"@id":"https:\/\/www.bellunopress.it\/2026\/06\/24\/scontro-istituzionale-sulletica-pubblica-il-caso-dal-pont-divide-belluno-e-lagordino\/#breadcrumb"},"inLanguage":"fr-FR","potentialAction":[{"@type":"ReadAction","target":["https:\/\/www.bellunopress.it\/2026\/06\/24\/scontro-istituzionale-sulletica-pubblica-il-caso-dal-pont-divide-belluno-e-lagordino\/"]}]},{"@type":"ImageObject","inLanguage":"fr-FR","@id":"https:\/\/www.bellunopress.it\/2026\/06\/24\/scontro-istituzionale-sulletica-pubblica-il-caso-dal-pont-divide-belluno-e-lagordino\/#primaryimage","url":"https:\/\/www.bellunopress.it\/wp-content\/uploads\/2020\/04\/palazzo-rosso_edited.jpg","contentUrl":"https:\/\/www.bellunopress.it\/wp-content\/uploads\/2020\/04\/palazzo-rosso_edited.jpg","width":800,"height":563,"caption":"Palazzo Rosso, sede dell'amministrazione comunale di Belluno"},{"@type":"BreadcrumbList","@id":"https:\/\/www.bellunopress.it\/2026\/06\/24\/scontro-istituzionale-sulletica-pubblica-il-caso-dal-pont-divide-belluno-e-lagordino\/#breadcrumb","itemListElement":[{"@type":"ListItem","position":1,"name":"Home","item":"https:\/\/www.bellunopress.it\/"},{"@type":"ListItem","position":2,"name":"Scontro istituzionale sull&#8217;etica pubblica: il caso Dal Pont divide Belluno e l\u2019Agordino"}]},{"@type":"WebSite","@id":"https:\/\/www.bellunopress.it\/#website","url":"https:\/\/www.bellunopress.it\/","name":"Bellunopress - Dolomiti","description":"e-mail: redazione@bellunopress.it","publisher":{"@id":"https:\/\/www.bellunopress.it\/#organization"},"potentialAction":[{"@type":"SearchAction","target":{"@type":"EntryPoint","urlTemplate":"https:\/\/www.bellunopress.it\/?s={search_term_string}"},"query-input":{"@type":"PropertyValueSpecification","valueRequired":true,"valueName":"search_term_string"}}],"inLanguage":"fr-FR"},{"@type":"Organization","@id":"https:\/\/www.bellunopress.it\/#organization","name":"Bellunopress","url":"https:\/\/www.bellunopress.it\/","logo":{"@type":"ImageObject","inLanguage":"fr-FR","@id":"https:\/\/www.bellunopress.it\/#\/schema\/logo\/image\/","url":"https:\/\/www.bellunopress.it\/wp-content\/uploads\/2011\/05\/cropped-logo-bellunopress-.jpg","contentUrl":"https:\/\/www.bellunopress.it\/wp-content\/uploads\/2011\/05\/cropped-logo-bellunopress-.jpg","width":512,"height":512,"caption":"Bellunopress"},"image":{"@id":"https:\/\/www.bellunopress.it\/#\/schema\/logo\/image\/"},"sameAs":["https:\/\/www.facebook.com\/profile.php?id=100008943462799","https:\/\/x.com\/bellunopress","https:\/\/www.linkedin.com\/hp\/?dnr=JBzUWaJfMUw8vbXJJ2tVW5-I3jZKvC4wsoxE&amp;amp;amp;amp;amp;amp;trk=nav_responsive_tab_home","https:\/\/www.youtube.com\/channel\/UCxL0wu1uN0_3_7hGG0306cw"]},{"@type":"Person","@id":"https:\/\/www.bellunopress.it\/#\/schema\/person\/79bb06722b37ece1c03d3e94beb30d73","name":"r\u00e9daction","image":{"@type":"ImageObject","inLanguage":"fr-FR","@id":"https:\/\/secure.gravatar.com\/avatar\/37d968a2e67a6fd04c169c4bdef102d0bc5d31b2546345219e348575eb80e9a0?s=96&d=mm&r=g","url":"https:\/\/secure.gravatar.com\/avatar\/37d968a2e67a6fd04c169c4bdef102d0bc5d31b2546345219e348575eb80e9a0?s=96&d=mm&r=g","contentUrl":"https:\/\/secure.gravatar.com\/avatar\/37d968a2e67a6fd04c169c4bdef102d0bc5d31b2546345219e348575eb80e9a0?s=96&d=mm&r=g","caption":"redazione"},"sameAs":["http:\/\/www.bellunopress.it","https:\/\/x.com\/bellunopress"],"url":"https:\/\/www.bellunopress.it\/fr\/author\/redazione\/"}]}},"_links":{"self":[{"href":"https:\/\/www.bellunopress.it\/fr\/wp-json\/wp\/v2\/posts\/171393","targetHints":{"allow":["GET"]}}],"collection":[{"href":"https:\/\/www.bellunopress.it\/fr\/wp-json\/wp\/v2\/posts"}],"about":[{"href":"https:\/\/www.bellunopress.it\/fr\/wp-json\/wp\/v2\/types\/post"}],"author":[{"embeddable":true,"href":"https:\/\/www.bellunopress.it\/fr\/wp-json\/wp\/v2\/users\/2"}],"replies":[{"embeddable":true,"href":"https:\/\/www.bellunopress.it\/fr\/wp-json\/wp\/v2\/comments?post=171393"}],"version-history":[{"count":1,"href":"https:\/\/www.bellunopress.it\/fr\/wp-json\/wp\/v2\/posts\/171393\/revisions"}],"predecessor-version":[{"id":171394,"href":"https:\/\/www.bellunopress.it\/fr\/wp-json\/wp\/v2\/posts\/171393\/revisions\/171394"}],"wp:featuredmedia":[{"embeddable":true,"href":"https:\/\/www.bellunopress.it\/fr\/wp-json\/wp\/v2\/media\/113617"}],"wp:attachment":[{"href":"https:\/\/www.bellunopress.it\/fr\/wp-json\/wp\/v2\/media?parent=171393"}],"wp:term":[{"taxonomy":"category","embeddable":true,"href":"https:\/\/www.bellunopress.it\/fr\/wp-json\/wp\/v2\/categories?post=171393"},{"taxonomy":"post_tag","embeddable":true,"href":"https:\/\/www.bellunopress.it\/fr\/wp-json\/wp\/v2\/tags?post=171393"}],"curies":[{"name":"wp","href":"https:\/\/api.w.org\/{rel}","templated":true}]}}