{"id":171382,"date":"2026-06-24T13:19:33","date_gmt":"2026-06-24T11:19:33","guid":{"rendered":"https:\/\/www.bellunopress.it\/?p=171382"},"modified":"2026-06-24T13:19:33","modified_gmt":"2026-06-24T11:19:33","slug":"leta-della-politica-belluno-ha-paura-di-guardarsi-allo-specchio","status":"publish","type":"post","link":"https:\/\/www.bellunopress.it\/fr\/2026\/06\/24\/leta-della-politica-belluno-ha-paura-di-guardarsi-allo-specchio\/","title":{"rendered":"L\u2019et\u00e0 della politica: Belluno ha paura di guardarsi allo specchio?"},"content":{"rendered":"<p data-path-to-node=\"3\">\u00c8 bastato un accostamento numerico, una semplice suggestione storica, per far scendere il gelo. Ieri, sul gruppo Facebook \u201cBelluno, attualit\u00e0 e politica\u201d, ho lanciato una provocazione: Kennedy nel 1960 venne eletto a 43 anni alla presidenza degli Usa, Putin nel 2000 arriv\u00f2 alla guida della Russia a 47 anni. Poi, la domanda fatidica, quasi un esercizio retorico: quanti anni dovrebbe avere il prossimo candidato sindaco di Belluno?<\/p>\n<p data-path-to-node=\"4\">La risposta, o meglio, l\u2019assenza di essa, \u00e8 stata pi\u00f9 eloquente di mille dibattiti. Mentre un post di successo nel gruppo viaggia agilmente tra le 2.000 e le 5.000 visualizzazioni nei primi due giorni e in alcuni casi sfonda il muro delle 10mila visualizzazioni,\u00a0 questo sondaggio si \u00e8 arenato a meno di 500 con qualche timido commento.<\/p>\n<p data-path-to-node=\"6\">Cosa significa questo silenzio? La lettura \u00e8 duplice e, per molti versi, amara. La prima interpretazione \u00e8 che quel range di et\u00e0 \u2013 43-47 anni \u2013 abbia agito come uno specchio deformante. Chi oggi abita il dibattito politico locale, chi si sente gi\u00e0 &#8220;in lista&#8221; o &#8220;in gioco&#8221; per le prossime amministrative, si \u00e8 visto improvvisamente tagliare fuori. O, quantomeno, si \u00e8 sentito guardare da un\u2019altezza anagrafica che non gli appartiene pi\u00f9.<\/p>\n<p data-path-to-node=\"7\">Accettare che i leader mondiali di ieri e di oggi abbiano raggiunto il potere in quella fascia d\u2019et\u00e0 significa, per la classe dirigente,\u00a0 ammettere che il tempo del ricambio generazionale non \u00e8 solo una frase fatta da usare nei comizi, ma una realt\u00e0 che bussa alla porta. E quando la realt\u00e0 diventa scomoda, la reazione pi\u00f9 comune \u00e8 ignorarla.<\/p>\n<p data-path-to-node=\"9\">C\u2019\u00e8 poi un dato strutturale che non possiamo pi\u00f9 ignorare: l\u2019invecchiamento della popolazione non \u00e8 solo un grafico dell\u2019ISTAT, \u00e8 un clima che si respira. La politica bellunese rischia di diventare una conversazione privata tra coetanei, un club esclusivo dove le lancette dell&#8217;orologio si sono fermate da tempo.<\/p>\n<p data-path-to-node=\"10\">A questo si aggiunge la dinamica dei social media. Facebook, piazza virtuale dove ancora si gioca gran parte della partita politica locale, \u00e8 un terreno che i giovani hanno abbandonato da anni, migrando verso lidi pi\u00f9 dinamici. E quei pochi che sono rimasti, o che osservano, guardano alla politica con un distacco che rasenta l\u2019indifferenza. Non \u00e8 che i giovani non siano interessati al futuro; \u00e8 che non riconoscono il loro futuro in un dibattito che parla una lingua anagrafica e concettuale distante anni luce.<\/p>\n<p data-path-to-node=\"12\">Se il sondaggio \u00e8 stato un flop, il messaggio politico \u00e8 invece un successo clamoroso: a Belluno, ma non solo qui, il tema dell\u2019et\u00e0 \u00e8 un nervo scoperto.<\/p>\n<p data-path-to-node=\"13\">Continuare a gestire la cosa pubblica ignorando la necessit\u00e0 di energie nuove, di visioni che non siano quelle cristallizzate negli ultimi decenni, \u00e8 un lusso che una citt\u00e0 in declino non pu\u00f2 permettersi. Dobbiamo chiederci se la politica locale voglia continuare a essere un rito di conservazione o se sia in grado di aprirsi a una classe dirigente che abbia ancora l&#8217;et\u00e0 \u2013 e dunque la spinta \u2013 per osare.<\/p>\n<p data-path-to-node=\"14\">La domanda resta sospesa. E finch\u00e9 non avremo il coraggio di rispondere, il silenzio dei social continuer\u00e0 a essere il rumore di fondo della nostra stagnazione.<\/p>\n<p data-path-to-node=\"16\"><i data-path-to-node=\"16\" data-index-in-node=\"0\">Cosa ne pensi: \u00e8 realmente l&#8217;et\u00e0 anagrafica il principale ostacolo al rinnovamento della classe politica, o \u00e8 piuttosto una questione di mentalit\u00e0 e di mancanza di coraggio nel delegare il potere alle nuove generazioni&#8230; o di classe politica che non vuole andare in pensione per timore della morte sociale. Anche perch\u00e9 adesso, fare politica \u00e8 diventata una professione ben retribuita.<\/i><\/p>\n<p data-path-to-node=\"16\">(rdn)<\/p>","protected":false},"excerpt":{"rendered":"<p>\u00c8 bastato un accostamento numerico, una semplice suggestione storica, per far scendere il gelo. Ieri, sul gruppo Facebook \u201cBelluno, attualit\u00e0 e politica\u201d, ho lanciato una provocazione: Kennedy nel 1960 venne eletto a 43 anni alla presidenza degli Usa, Putin nel 2000 arriv\u00f2 alla guida della Russia a 47 anni. Poi, la domanda fatidica, quasi un [&hellip;]<\/p>\n","protected":false},"author":2,"featured_media":171384,"comment_status":"closed","ping_status":"open","sticky":false,"template":"","format":"standard","meta":{"footnotes":""},"categories":[5,26],"tags":[],"class_list":["post-171382","post","type-post","status-publish","format-standard","has-post-thumbnail","category-cronaca","category-prima-pagina"],"yoast_head":"<!-- This site is optimized with the Yoast SEO plugin v28.4 - https:\/\/yoast.com\/product\/yoast-seo-wordpress\/ -->\n<title>L\u2019et\u00e0 della politica: Belluno ha paura di guardarsi allo specchio? - Bellunopress - Dolomiti<\/title>\n<meta name=\"robots\" content=\"index, follow, max-snippet:-1, max-image-preview:large, max-video-preview:-1\" \/>\n<link rel=\"canonical\" href=\"https:\/\/www.bellunopress.it\/fr\/2026\/06\/24\/leta-della-politica-belluno-ha-paura-di-guardarsi-allo-specchio\/\" \/>\n<meta property=\"og:locale\" content=\"fr_FR\" \/>\n<meta property=\"og:type\" content=\"article\" \/>\n<meta property=\"og:title\" content=\"L\u2019et\u00e0 della politica: Belluno ha paura di guardarsi allo specchio? - Bellunopress - Dolomiti\" \/>\n<meta property=\"og:description\" content=\"\u00c8 bastato un accostamento numerico, una semplice suggestione storica, per far scendere il gelo. Ieri, sul gruppo Facebook \u201cBelluno, attualit\u00e0 e politica\u201d, ho lanciato una provocazione: Kennedy nel 1960 venne eletto a 43 anni alla presidenza degli Usa, Putin nel 2000 arriv\u00f2 alla guida della Russia a 47 anni. Poi, la domanda fatidica, quasi un [&hellip;]\" \/>\n<meta property=\"og:url\" content=\"https:\/\/www.bellunopress.it\/fr\/2026\/06\/24\/leta-della-politica-belluno-ha-paura-di-guardarsi-allo-specchio\/\" \/>\n<meta property=\"og:site_name\" content=\"Bellunopress - Dolomiti\" \/>\n<meta property=\"article:publisher\" content=\"https:\/\/www.facebook.com\/profile.php?id=100008943462799\" \/>\n<meta property=\"article:published_time\" content=\"2026-06-24T11:19:33+00:00\" \/>\n<meta property=\"og:image\" content=\"https:\/\/www.bellunopress.it\/wp-content\/uploads\/2026\/06\/politico-parla-alla-folla.jpg\" \/>\n\t<meta property=\"og:image:width\" content=\"500\" \/>\n\t<meta property=\"og:image:height\" content=\"344\" \/>\n\t<meta property=\"og:image:type\" content=\"image\/jpeg\" \/>\n<meta name=\"author\" content=\"redazione\" \/>\n<meta name=\"twitter:card\" content=\"summary_large_image\" \/>\n<meta name=\"twitter:creator\" content=\"@bellunopress\" \/>\n<meta name=\"twitter:site\" content=\"@bellunopress\" \/>\n<meta name=\"twitter:label1\" content=\"\u00c9crit par\" \/>\n\t<meta name=\"twitter:data1\" content=\"redazione\" \/>\n\t<meta name=\"twitter:label2\" content=\"Dur\u00e9e de lecture estim\u00e9e\" \/>\n\t<meta name=\"twitter:data2\" content=\"4 minutes\" \/>\n<script type=\"application\/ld+json\" class=\"yoast-schema-graph\">{\"@context\":\"https:\\\/\\\/schema.org\",\"@graph\":[{\"@type\":\"Article\",\"@id\":\"https:\\\/\\\/www.bellunopress.it\\\/2026\\\/06\\\/24\\\/leta-della-politica-belluno-ha-paura-di-guardarsi-allo-specchio\\\/#article\",\"isPartOf\":{\"@id\":\"https:\\\/\\\/www.bellunopress.it\\\/2026\\\/06\\\/24\\\/leta-della-politica-belluno-ha-paura-di-guardarsi-allo-specchio\\\/\"},\"author\":{\"name\":\"redazione\",\"@id\":\"https:\\\/\\\/www.bellunopress.it\\\/#\\\/schema\\\/person\\\/79bb06722b37ece1c03d3e94beb30d73\"},\"headline\":\"L\u2019et\u00e0 della politica: Belluno ha paura di guardarsi allo specchio?\",\"datePublished\":\"2026-06-24T11:19:33+00:00\",\"mainEntityOfPage\":{\"@id\":\"https:\\\/\\\/www.bellunopress.it\\\/2026\\\/06\\\/24\\\/leta-della-politica-belluno-ha-paura-di-guardarsi-allo-specchio\\\/\"},\"wordCount\":562,\"publisher\":{\"@id\":\"https:\\\/\\\/www.bellunopress.it\\\/#organization\"},\"image\":{\"@id\":\"https:\\\/\\\/www.bellunopress.it\\\/2026\\\/06\\\/24\\\/leta-della-politica-belluno-ha-paura-di-guardarsi-allo-specchio\\\/#primaryimage\"},\"thumbnailUrl\":\"https:\\\/\\\/www.bellunopress.it\\\/wp-content\\\/uploads\\\/2026\\\/06\\\/politico-parla-alla-folla.jpg\",\"articleSection\":[\"Cronaca\\\/Politica\",\"Prima Pagina\"],\"inLanguage\":\"fr-FR\"},{\"@type\":\"WebPage\",\"@id\":\"https:\\\/\\\/www.bellunopress.it\\\/2026\\\/06\\\/24\\\/leta-della-politica-belluno-ha-paura-di-guardarsi-allo-specchio\\\/\",\"url\":\"https:\\\/\\\/www.bellunopress.it\\\/2026\\\/06\\\/24\\\/leta-della-politica-belluno-ha-paura-di-guardarsi-allo-specchio\\\/\",\"name\":\"L\u2019et\u00e0 della politica: Belluno ha paura di guardarsi allo specchio? - Bellunopress - Dolomiti\",\"isPartOf\":{\"@id\":\"https:\\\/\\\/www.bellunopress.it\\\/#website\"},\"primaryImageOfPage\":{\"@id\":\"https:\\\/\\\/www.bellunopress.it\\\/2026\\\/06\\\/24\\\/leta-della-politica-belluno-ha-paura-di-guardarsi-allo-specchio\\\/#primaryimage\"},\"image\":{\"@id\":\"https:\\\/\\\/www.bellunopress.it\\\/2026\\\/06\\\/24\\\/leta-della-politica-belluno-ha-paura-di-guardarsi-allo-specchio\\\/#primaryimage\"},\"thumbnailUrl\":\"https:\\\/\\\/www.bellunopress.it\\\/wp-content\\\/uploads\\\/2026\\\/06\\\/politico-parla-alla-folla.jpg\",\"datePublished\":\"2026-06-24T11:19:33+00:00\",\"breadcrumb\":{\"@id\":\"https:\\\/\\\/www.bellunopress.it\\\/2026\\\/06\\\/24\\\/leta-della-politica-belluno-ha-paura-di-guardarsi-allo-specchio\\\/#breadcrumb\"},\"inLanguage\":\"fr-FR\",\"potentialAction\":[{\"@type\":\"ReadAction\",\"target\":[\"https:\\\/\\\/www.bellunopress.it\\\/2026\\\/06\\\/24\\\/leta-della-politica-belluno-ha-paura-di-guardarsi-allo-specchio\\\/\"]}]},{\"@type\":\"ImageObject\",\"inLanguage\":\"fr-FR\",\"@id\":\"https:\\\/\\\/www.bellunopress.it\\\/2026\\\/06\\\/24\\\/leta-della-politica-belluno-ha-paura-di-guardarsi-allo-specchio\\\/#primaryimage\",\"url\":\"https:\\\/\\\/www.bellunopress.it\\\/wp-content\\\/uploads\\\/2026\\\/06\\\/politico-parla-alla-folla.jpg\",\"contentUrl\":\"https:\\\/\\\/www.bellunopress.it\\\/wp-content\\\/uploads\\\/2026\\\/06\\\/politico-parla-alla-folla.jpg\",\"width\":500,\"height\":344},{\"@type\":\"BreadcrumbList\",\"@id\":\"https:\\\/\\\/www.bellunopress.it\\\/2026\\\/06\\\/24\\\/leta-della-politica-belluno-ha-paura-di-guardarsi-allo-specchio\\\/#breadcrumb\",\"itemListElement\":[{\"@type\":\"ListItem\",\"position\":1,\"name\":\"Home\",\"item\":\"https:\\\/\\\/www.bellunopress.it\\\/\"},{\"@type\":\"ListItem\",\"position\":2,\"name\":\"L\u2019et\u00e0 della politica: Belluno ha paura di guardarsi allo specchio?\"}]},{\"@type\":\"WebSite\",\"@id\":\"https:\\\/\\\/www.bellunopress.it\\\/#website\",\"url\":\"https:\\\/\\\/www.bellunopress.it\\\/\",\"name\":\"Bellunopress - Dolomiti\",\"description\":\"e-mail: redazione@bellunopress.it\",\"publisher\":{\"@id\":\"https:\\\/\\\/www.bellunopress.it\\\/#organization\"},\"potentialAction\":[{\"@type\":\"SearchAction\",\"target\":{\"@type\":\"EntryPoint\",\"urlTemplate\":\"https:\\\/\\\/www.bellunopress.it\\\/?s={search_term_string}\"},\"query-input\":{\"@type\":\"PropertyValueSpecification\",\"valueRequired\":true,\"valueName\":\"search_term_string\"}}],\"inLanguage\":\"fr-FR\"},{\"@type\":\"Organization\",\"@id\":\"https:\\\/\\\/www.bellunopress.it\\\/#organization\",\"name\":\"Bellunopress\",\"url\":\"https:\\\/\\\/www.bellunopress.it\\\/\",\"logo\":{\"@type\":\"ImageObject\",\"inLanguage\":\"fr-FR\",\"@id\":\"https:\\\/\\\/www.bellunopress.it\\\/#\\\/schema\\\/logo\\\/image\\\/\",\"url\":\"https:\\\/\\\/www.bellunopress.it\\\/wp-content\\\/uploads\\\/2011\\\/05\\\/cropped-logo-bellunopress-.jpg\",\"contentUrl\":\"https:\\\/\\\/www.bellunopress.it\\\/wp-content\\\/uploads\\\/2011\\\/05\\\/cropped-logo-bellunopress-.jpg\",\"width\":512,\"height\":512,\"caption\":\"Bellunopress\"},\"image\":{\"@id\":\"https:\\\/\\\/www.bellunopress.it\\\/#\\\/schema\\\/logo\\\/image\\\/\"},\"sameAs\":[\"https:\\\/\\\/www.facebook.com\\\/profile.php?id=100008943462799\",\"https:\\\/\\\/x.com\\\/bellunopress\",\"https:\\\/\\\/www.linkedin.com\\\/hp\\\/?dnr=JBzUWaJfMUw8vbXJJ2tVW5-I3jZKvC4wsoxE&amp;amp;amp;amp;amp;amp;trk=nav_responsive_tab_home\",\"https:\\\/\\\/www.youtube.com\\\/channel\\\/UCxL0wu1uN0_3_7hGG0306cw\"]},{\"@type\":\"Person\",\"@id\":\"https:\\\/\\\/www.bellunopress.it\\\/#\\\/schema\\\/person\\\/79bb06722b37ece1c03d3e94beb30d73\",\"name\":\"redazione\",\"image\":{\"@type\":\"ImageObject\",\"inLanguage\":\"fr-FR\",\"@id\":\"https:\\\/\\\/secure.gravatar.com\\\/avatar\\\/37d968a2e67a6fd04c169c4bdef102d0bc5d31b2546345219e348575eb80e9a0?s=96&d=mm&r=g\",\"url\":\"https:\\\/\\\/secure.gravatar.com\\\/avatar\\\/37d968a2e67a6fd04c169c4bdef102d0bc5d31b2546345219e348575eb80e9a0?s=96&d=mm&r=g\",\"contentUrl\":\"https:\\\/\\\/secure.gravatar.com\\\/avatar\\\/37d968a2e67a6fd04c169c4bdef102d0bc5d31b2546345219e348575eb80e9a0?s=96&d=mm&r=g\",\"caption\":\"redazione\"},\"sameAs\":[\"http:\\\/\\\/www.bellunopress.it\",\"https:\\\/\\\/x.com\\\/bellunopress\"],\"url\":\"https:\\\/\\\/www.bellunopress.it\\\/fr\\\/author\\\/redazione\\\/\"}]}<\/script>\n<!-- \/ Yoast SEO plugin. -->","yoast_head_json":{"title":"L\u2019et\u00e0 della politica: Belluno ha paura di guardarsi allo specchio? - Bellunopress - Dolomiti","robots":{"index":"index","follow":"follow","max-snippet":"max-snippet:-1","max-image-preview":"max-image-preview:large","max-video-preview":"max-video-preview:-1"},"canonical":"https:\/\/www.bellunopress.it\/fr\/2026\/06\/24\/leta-della-politica-belluno-ha-paura-di-guardarsi-allo-specchio\/","og_locale":"fr_FR","og_type":"article","og_title":"L\u2019et\u00e0 della politica: Belluno ha paura di guardarsi allo specchio? - Bellunopress - Dolomiti","og_description":"\u00c8 bastato un accostamento numerico, una semplice suggestione storica, per far scendere il gelo. Ieri, sul gruppo Facebook \u201cBelluno, attualit\u00e0 e politica\u201d, ho lanciato una provocazione: Kennedy nel 1960 venne eletto a 43 anni alla presidenza degli Usa, Putin nel 2000 arriv\u00f2 alla guida della Russia a 47 anni. Poi, la domanda fatidica, quasi un [&hellip;]","og_url":"https:\/\/www.bellunopress.it\/fr\/2026\/06\/24\/leta-della-politica-belluno-ha-paura-di-guardarsi-allo-specchio\/","og_site_name":"Bellunopress - Dolomiti","article_publisher":"https:\/\/www.facebook.com\/profile.php?id=100008943462799","article_published_time":"2026-06-24T11:19:33+00:00","og_image":[{"width":500,"height":344,"url":"https:\/\/www.bellunopress.it\/wp-content\/uploads\/2026\/06\/politico-parla-alla-folla.jpg","type":"image\/jpeg"}],"author":"redazione","twitter_card":"summary_large_image","twitter_creator":"@bellunopress","twitter_site":"@bellunopress","twitter_misc":{"\u00c9crit par":"redazione","Dur\u00e9e de lecture estim\u00e9e":"4 minutes"},"schema":{"@context":"https:\/\/schema.org","@graph":[{"@type":"Article","@id":"https:\/\/www.bellunopress.it\/2026\/06\/24\/leta-della-politica-belluno-ha-paura-di-guardarsi-allo-specchio\/#article","isPartOf":{"@id":"https:\/\/www.bellunopress.it\/2026\/06\/24\/leta-della-politica-belluno-ha-paura-di-guardarsi-allo-specchio\/"},"author":{"name":"redazione","@id":"https:\/\/www.bellunopress.it\/#\/schema\/person\/79bb06722b37ece1c03d3e94beb30d73"},"headline":"L\u2019et\u00e0 della politica: Belluno ha paura di guardarsi allo specchio?","datePublished":"2026-06-24T11:19:33+00:00","mainEntityOfPage":{"@id":"https:\/\/www.bellunopress.it\/2026\/06\/24\/leta-della-politica-belluno-ha-paura-di-guardarsi-allo-specchio\/"},"wordCount":562,"publisher":{"@id":"https:\/\/www.bellunopress.it\/#organization"},"image":{"@id":"https:\/\/www.bellunopress.it\/2026\/06\/24\/leta-della-politica-belluno-ha-paura-di-guardarsi-allo-specchio\/#primaryimage"},"thumbnailUrl":"https:\/\/www.bellunopress.it\/wp-content\/uploads\/2026\/06\/politico-parla-alla-folla.jpg","articleSection":["Cronaca\/Politica","Prima Pagina"],"inLanguage":"fr-FR"},{"@type":"WebPage","@id":"https:\/\/www.bellunopress.it\/2026\/06\/24\/leta-della-politica-belluno-ha-paura-di-guardarsi-allo-specchio\/","url":"https:\/\/www.bellunopress.it\/2026\/06\/24\/leta-della-politica-belluno-ha-paura-di-guardarsi-allo-specchio\/","name":"L\u2019et\u00e0 della politica: Belluno ha paura di guardarsi allo specchio? - Bellunopress - Dolomiti","isPartOf":{"@id":"https:\/\/www.bellunopress.it\/#website"},"primaryImageOfPage":{"@id":"https:\/\/www.bellunopress.it\/2026\/06\/24\/leta-della-politica-belluno-ha-paura-di-guardarsi-allo-specchio\/#primaryimage"},"image":{"@id":"https:\/\/www.bellunopress.it\/2026\/06\/24\/leta-della-politica-belluno-ha-paura-di-guardarsi-allo-specchio\/#primaryimage"},"thumbnailUrl":"https:\/\/www.bellunopress.it\/wp-content\/uploads\/2026\/06\/politico-parla-alla-folla.jpg","datePublished":"2026-06-24T11:19:33+00:00","breadcrumb":{"@id":"https:\/\/www.bellunopress.it\/2026\/06\/24\/leta-della-politica-belluno-ha-paura-di-guardarsi-allo-specchio\/#breadcrumb"},"inLanguage":"fr-FR","potentialAction":[{"@type":"ReadAction","target":["https:\/\/www.bellunopress.it\/2026\/06\/24\/leta-della-politica-belluno-ha-paura-di-guardarsi-allo-specchio\/"]}]},{"@type":"ImageObject","inLanguage":"fr-FR","@id":"https:\/\/www.bellunopress.it\/2026\/06\/24\/leta-della-politica-belluno-ha-paura-di-guardarsi-allo-specchio\/#primaryimage","url":"https:\/\/www.bellunopress.it\/wp-content\/uploads\/2026\/06\/politico-parla-alla-folla.jpg","contentUrl":"https:\/\/www.bellunopress.it\/wp-content\/uploads\/2026\/06\/politico-parla-alla-folla.jpg","width":500,"height":344},{"@type":"BreadcrumbList","@id":"https:\/\/www.bellunopress.it\/2026\/06\/24\/leta-della-politica-belluno-ha-paura-di-guardarsi-allo-specchio\/#breadcrumb","itemListElement":[{"@type":"ListItem","position":1,"name":"Home","item":"https:\/\/www.bellunopress.it\/"},{"@type":"ListItem","position":2,"name":"L\u2019et\u00e0 della politica: Belluno ha paura di guardarsi allo specchio?"}]},{"@type":"WebSite","@id":"https:\/\/www.bellunopress.it\/#website","url":"https:\/\/www.bellunopress.it\/","name":"Bellunopress - Dolomiti","description":"e-mail: redazione@bellunopress.it","publisher":{"@id":"https:\/\/www.bellunopress.it\/#organization"},"potentialAction":[{"@type":"SearchAction","target":{"@type":"EntryPoint","urlTemplate":"https:\/\/www.bellunopress.it\/?s={search_term_string}"},"query-input":{"@type":"PropertyValueSpecification","valueRequired":true,"valueName":"search_term_string"}}],"inLanguage":"fr-FR"},{"@type":"Organization","@id":"https:\/\/www.bellunopress.it\/#organization","name":"Bellunopress","url":"https:\/\/www.bellunopress.it\/","logo":{"@type":"ImageObject","inLanguage":"fr-FR","@id":"https:\/\/www.bellunopress.it\/#\/schema\/logo\/image\/","url":"https:\/\/www.bellunopress.it\/wp-content\/uploads\/2011\/05\/cropped-logo-bellunopress-.jpg","contentUrl":"https:\/\/www.bellunopress.it\/wp-content\/uploads\/2011\/05\/cropped-logo-bellunopress-.jpg","width":512,"height":512,"caption":"Bellunopress"},"image":{"@id":"https:\/\/www.bellunopress.it\/#\/schema\/logo\/image\/"},"sameAs":["https:\/\/www.facebook.com\/profile.php?id=100008943462799","https:\/\/x.com\/bellunopress","https:\/\/www.linkedin.com\/hp\/?dnr=JBzUWaJfMUw8vbXJJ2tVW5-I3jZKvC4wsoxE&amp;amp;amp;amp;amp;amp;trk=nav_responsive_tab_home","https:\/\/www.youtube.com\/channel\/UCxL0wu1uN0_3_7hGG0306cw"]},{"@type":"Person","@id":"https:\/\/www.bellunopress.it\/#\/schema\/person\/79bb06722b37ece1c03d3e94beb30d73","name":"r\u00e9daction","image":{"@type":"ImageObject","inLanguage":"fr-FR","@id":"https:\/\/secure.gravatar.com\/avatar\/37d968a2e67a6fd04c169c4bdef102d0bc5d31b2546345219e348575eb80e9a0?s=96&d=mm&r=g","url":"https:\/\/secure.gravatar.com\/avatar\/37d968a2e67a6fd04c169c4bdef102d0bc5d31b2546345219e348575eb80e9a0?s=96&d=mm&r=g","contentUrl":"https:\/\/secure.gravatar.com\/avatar\/37d968a2e67a6fd04c169c4bdef102d0bc5d31b2546345219e348575eb80e9a0?s=96&d=mm&r=g","caption":"redazione"},"sameAs":["http:\/\/www.bellunopress.it","https:\/\/x.com\/bellunopress"],"url":"https:\/\/www.bellunopress.it\/fr\/author\/redazione\/"}]}},"_links":{"self":[{"href":"https:\/\/www.bellunopress.it\/fr\/wp-json\/wp\/v2\/posts\/171382","targetHints":{"allow":["GET"]}}],"collection":[{"href":"https:\/\/www.bellunopress.it\/fr\/wp-json\/wp\/v2\/posts"}],"about":[{"href":"https:\/\/www.bellunopress.it\/fr\/wp-json\/wp\/v2\/types\/post"}],"author":[{"embeddable":true,"href":"https:\/\/www.bellunopress.it\/fr\/wp-json\/wp\/v2\/users\/2"}],"replies":[{"embeddable":true,"href":"https:\/\/www.bellunopress.it\/fr\/wp-json\/wp\/v2\/comments?post=171382"}],"version-history":[{"count":1,"href":"https:\/\/www.bellunopress.it\/fr\/wp-json\/wp\/v2\/posts\/171382\/revisions"}],"predecessor-version":[{"id":171387,"href":"https:\/\/www.bellunopress.it\/fr\/wp-json\/wp\/v2\/posts\/171382\/revisions\/171387"}],"wp:featuredmedia":[{"embeddable":true,"href":"https:\/\/www.bellunopress.it\/fr\/wp-json\/wp\/v2\/media\/171384"}],"wp:attachment":[{"href":"https:\/\/www.bellunopress.it\/fr\/wp-json\/wp\/v2\/media?parent=171382"}],"wp:term":[{"taxonomy":"category","embeddable":true,"href":"https:\/\/www.bellunopress.it\/fr\/wp-json\/wp\/v2\/categories?post=171382"},{"taxonomy":"post_tag","embeddable":true,"href":"https:\/\/www.bellunopress.it\/fr\/wp-json\/wp\/v2\/tags?post=171382"}],"curies":[{"name":"wp","href":"https:\/\/api.w.org\/{rel}","templated":true}]}}