{"id":171376,"date":"2026-06-24T11:17:41","date_gmt":"2026-06-24T09:17:41","guid":{"rendered":"https:\/\/www.bellunopress.it\/?p=171376"},"modified":"2026-06-24T11:34:06","modified_gmt":"2026-06-24T09:34:06","slug":"decidiamo-portiamo-le-voci-delle-valli-bellunesi-venerdi-alle-18-a-belluno-in-sala-muccin","status":"publish","type":"post","link":"https:\/\/www.bellunopress.it\/fr\/2026\/06\/24\/decidiamo-portiamo-le-voci-delle-valli-bellunesi-venerdi-alle-18-a-belluno-in-sala-muccin\/","title":{"rendered":"Decidiamo! Portiamo le voci delle valli bellunesi. Venerd\u00ec alle 18 a Belluno in Sala Muccin"},"content":{"rendered":"<p>Belluno. Venerd\u00ec 26 giugno, alle ore 18:00 in sala Muccin del centro congressi Giovanni XXIII di piazza Piloni a Belluno, il coordinamento provinciale di Alleanza Verdi-Sinistra ospita l\u2019evento \u201cDecidiamo! Portiamo le voci delle valli bellunesi per la montagna e le aree interne nel programma di Avs\u201d.<\/p>\n<p>Per l\u2019occasione, saranno relatori l\u2019europarlamentare Cristina Guarda, Luana Zanella, capogrupo Avs alla Camera dei deputati, i consiglieri regionali Elena Ostanel e Carlo Cunegato, Paolo Perenzin, segretario provinciale di Sinistra italiana ed Enrico Panini, responsabile nazionale del progetto aree interne di Avs. In questa serata sar\u00e0 presentata \u201cDecidiamo!\u201d la piattaforma partecipata con cui Avs costruisce, insieme a cittadine e cittadini, priorit\u00e0, proposte e contenuti del programma per le prossime elezioni politiche.<\/p>\n<figure id=\"attachment_171380\" aria-describedby=\"caption-attachment-171380\" style=\"width: 399px\" class=\"wp-caption aligncenter\"><img loading=\"lazy\" decoding=\"async\" class=\"size-full wp-image-171380\" src=\"https:\/\/www.bellunopress.it\/wp-content\/uploads\/2026\/06\/DECIDIAMO-AREE-INTERNE-BELLUNESI.jpg\" alt=\"\" width=\"399\" height=\"500\" srcset=\"https:\/\/www.bellunopress.it\/wp-content\/uploads\/2026\/06\/DECIDIAMO-AREE-INTERNE-BELLUNESI.jpg 399w, https:\/\/www.bellunopress.it\/wp-content\/uploads\/2026\/06\/DECIDIAMO-AREE-INTERNE-BELLUNESI-335x420.jpg 335w, https:\/\/www.bellunopress.it\/wp-content\/uploads\/2026\/06\/DECIDIAMO-AREE-INTERNE-BELLUNESI-150x188.jpg 150w, https:\/\/www.bellunopress.it\/wp-content\/uploads\/2026\/06\/DECIDIAMO-AREE-INTERNE-BELLUNESI-300x376.jpg 300w\" sizes=\"auto, (max-width: 399px) 100vw, 399px\" \/><figcaption id=\"caption-attachment-171380\" class=\"wp-caption-text\">DECIDIAMO AREE INTERNE BELLUNESI &#8211; 1<\/figcaption><\/figure>\n<p>Decidiamo! \u00e8 una struttura open source aperta a tutte e tutti pensata per valorizzare l\u2019intelligenza collettiva, perch\u00e9 &#8211; secondo Avs &#8211; un programma serio non si scrive da soli e non si costruisce a porte chiuse. La presentazione della piattaforma si interseca con il percorso di ascolto delle aree interne bellunesi intitolato \u201cLe Voci delle Valli\u201d: a marzo il primo incontro ad Agordo ha portato i segretari provinciali della Funzione pubblica, Andrea Fiocco, e della FLC, Alessia Cerentin, a dialogare con Paolo Perenzin di Avs di sanit\u00e0 e scuola nella montagna bellunese, mentre ad aprile, a Pieve di Cadore, Roberta de Zanna, consigliera di Cortina d\u2019Ampezzo, e lo stesso Cunegato hanno parlato dell\u2019eredit\u00e0 olimpica e, in particolare, di ambiente, sanit\u00e0 e lavoro.<\/p>\n<p>La sanit\u00e0 \u00e8 stata anche l\u2019oggetto dell\u2019incontro di maggio a Trichiana in cui ha portato la propria esperienza il comitato di cittadini \u201cGi\u00f9 le mani dalla sanit\u00e0 bellunese\u201d, mentre l\u2019assessora al sociale del comune di Borgo Valbelluna, Chiara Cesa, ha illustrato le problematiche delle politiche abitative in valbelluna. L\u2019impegno di Sinistra italiana\/Avs Belluno \u00e8 proseguito nelle ultime settimane attraverso la somministrazione e raccolta di questionari campione agli abitanti delle aree interne bellunesi per capire le aspettative, i bisogni e le proposte di chi vive nei territori e per orientare le politiche di sviluppo, di contrasto allo spopolamento e di miglioramento dei servizi pubblici. Secondo Avs, infatti, per legiferare sulla montagna, \u00e8 necessario partire dall\u2019ascolto delle esigenze e dal coinvolgimento della gente che questa terra la vive quotidianamente.<\/p>","protected":false},"excerpt":{"rendered":"<p>Belluno. Venerd\u00ec 26 giugno, alle ore 18:00 in sala Muccin del centro congressi Giovanni XXIII di piazza Piloni a Belluno, il coordinamento provinciale di Alleanza Verdi-Sinistra ospita l\u2019evento \u201cDecidiamo! Portiamo le voci delle valli bellunesi per la montagna e le aree interne nel programma di Avs\u201d. Per l\u2019occasione, saranno relatori l\u2019europarlamentare Cristina Guarda, Luana Zanella, [&hellip;]<\/p>\n","protected":false},"author":2,"featured_media":116747,"comment_status":"closed","ping_status":"open","sticky":false,"template":"","format":"standard","meta":{"footnotes":""},"categories":[5,25,26],"tags":[],"class_list":["post-171376","post","type-post","status-publish","format-standard","has-post-thumbnail","category-cronaca","category-pausa-caffe","category-prima-pagina"],"yoast_head":"<!-- This site is optimized with the Yoast SEO plugin v28.4 - https:\/\/yoast.com\/product\/yoast-seo-wordpress\/ -->\n<title>Decidiamo! Portiamo le voci delle valli bellunesi. Venerd\u00ec alle 18 a Belluno in Sala Muccin - Bellunopress - Dolomiti<\/title>\n<meta name=\"robots\" content=\"index, follow, max-snippet:-1, max-image-preview:large, max-video-preview:-1\" \/>\n<link rel=\"canonical\" href=\"https:\/\/www.bellunopress.it\/fr\/2026\/06\/24\/decidiamo-portiamo-le-voci-delle-valli-bellunesi-venerdi-alle-18-a-belluno-in-sala-muccin\/\" \/>\n<meta property=\"og:locale\" content=\"fr_FR\" \/>\n<meta property=\"og:type\" content=\"article\" \/>\n<meta property=\"og:title\" content=\"Decidiamo! Portiamo le voci delle valli bellunesi. Venerd\u00ec alle 18 a Belluno in Sala Muccin - Bellunopress - Dolomiti\" \/>\n<meta property=\"og:description\" content=\"Belluno. Venerd\u00ec 26 giugno, alle ore 18:00 in sala Muccin del centro congressi Giovanni XXIII di piazza Piloni a Belluno, il coordinamento provinciale di Alleanza Verdi-Sinistra ospita l\u2019evento \u201cDecidiamo! Portiamo le voci delle valli bellunesi per la montagna e le aree interne nel programma di Avs\u201d. Per l\u2019occasione, saranno relatori l\u2019europarlamentare Cristina Guarda, Luana Zanella, [&hellip;]\" \/>\n<meta property=\"og:url\" content=\"https:\/\/www.bellunopress.it\/fr\/2026\/06\/24\/decidiamo-portiamo-le-voci-delle-valli-bellunesi-venerdi-alle-18-a-belluno-in-sala-muccin\/\" \/>\n<meta property=\"og:site_name\" content=\"Bellunopress - Dolomiti\" \/>\n<meta property=\"article:publisher\" content=\"https:\/\/www.facebook.com\/profile.php?id=100008943462799\" \/>\n<meta property=\"article:published_time\" content=\"2026-06-24T09:17:41+00:00\" \/>\n<meta property=\"article:modified_time\" content=\"2026-06-24T09:34:06+00:00\" \/>\n<meta property=\"og:image\" content=\"https:\/\/www.bellunopress.it\/wp-content\/uploads\/2020\/08\/piazza-piloni_edited.jpg\" \/>\n\t<meta property=\"og:image:width\" content=\"800\" \/>\n\t<meta property=\"og:image:height\" content=\"446\" \/>\n\t<meta property=\"og:image:type\" content=\"image\/jpeg\" \/>\n<meta name=\"author\" content=\"redazione\" \/>\n<meta name=\"twitter:card\" content=\"summary_large_image\" \/>\n<meta name=\"twitter:creator\" content=\"@bellunopress\" \/>\n<meta name=\"twitter:site\" content=\"@bellunopress\" \/>\n<meta name=\"twitter:label1\" content=\"\u00c9crit par\" \/>\n\t<meta name=\"twitter:data1\" content=\"redazione\" \/>\n\t<meta name=\"twitter:label2\" content=\"Dur\u00e9e de lecture estim\u00e9e\" \/>\n\t<meta name=\"twitter:data2\" content=\"3 minutes\" \/>\n<script type=\"application\/ld+json\" class=\"yoast-schema-graph\">{\"@context\":\"https:\\\/\\\/schema.org\",\"@graph\":[{\"@type\":\"Article\",\"@id\":\"https:\\\/\\\/www.bellunopress.it\\\/2026\\\/06\\\/24\\\/decidiamo-portiamo-le-voci-delle-valli-bellunesi-venerdi-alle-18-a-belluno-in-sala-muccin\\\/#article\",\"isPartOf\":{\"@id\":\"https:\\\/\\\/www.bellunopress.it\\\/2026\\\/06\\\/24\\\/decidiamo-portiamo-le-voci-delle-valli-bellunesi-venerdi-alle-18-a-belluno-in-sala-muccin\\\/\"},\"author\":{\"name\":\"redazione\",\"@id\":\"https:\\\/\\\/www.bellunopress.it\\\/#\\\/schema\\\/person\\\/79bb06722b37ece1c03d3e94beb30d73\"},\"headline\":\"Decidiamo! Portiamo le voci delle valli bellunesi. Venerd\u00ec alle 18 a Belluno in Sala Muccin\",\"datePublished\":\"2026-06-24T09:17:41+00:00\",\"dateModified\":\"2026-06-24T09:34:06+00:00\",\"mainEntityOfPage\":{\"@id\":\"https:\\\/\\\/www.bellunopress.it\\\/2026\\\/06\\\/24\\\/decidiamo-portiamo-le-voci-delle-valli-bellunesi-venerdi-alle-18-a-belluno-in-sala-muccin\\\/\"},\"wordCount\":397,\"publisher\":{\"@id\":\"https:\\\/\\\/www.bellunopress.it\\\/#organization\"},\"image\":{\"@id\":\"https:\\\/\\\/www.bellunopress.it\\\/2026\\\/06\\\/24\\\/decidiamo-portiamo-le-voci-delle-valli-bellunesi-venerdi-alle-18-a-belluno-in-sala-muccin\\\/#primaryimage\"},\"thumbnailUrl\":\"https:\\\/\\\/www.bellunopress.it\\\/wp-content\\\/uploads\\\/2020\\\/08\\\/piazza-piloni_edited.jpg\",\"articleSection\":[\"Cronaca\\\/Politica\",\"Pausa Caff\u00e8\",\"Prima Pagina\"],\"inLanguage\":\"fr-FR\"},{\"@type\":\"WebPage\",\"@id\":\"https:\\\/\\\/www.bellunopress.it\\\/2026\\\/06\\\/24\\\/decidiamo-portiamo-le-voci-delle-valli-bellunesi-venerdi-alle-18-a-belluno-in-sala-muccin\\\/\",\"url\":\"https:\\\/\\\/www.bellunopress.it\\\/2026\\\/06\\\/24\\\/decidiamo-portiamo-le-voci-delle-valli-bellunesi-venerdi-alle-18-a-belluno-in-sala-muccin\\\/\",\"name\":\"Decidiamo! Portiamo le voci delle valli bellunesi. Venerd\u00ec alle 18 a Belluno in Sala Muccin - Bellunopress - Dolomiti\",\"isPartOf\":{\"@id\":\"https:\\\/\\\/www.bellunopress.it\\\/#website\"},\"primaryImageOfPage\":{\"@id\":\"https:\\\/\\\/www.bellunopress.it\\\/2026\\\/06\\\/24\\\/decidiamo-portiamo-le-voci-delle-valli-bellunesi-venerdi-alle-18-a-belluno-in-sala-muccin\\\/#primaryimage\"},\"image\":{\"@id\":\"https:\\\/\\\/www.bellunopress.it\\\/2026\\\/06\\\/24\\\/decidiamo-portiamo-le-voci-delle-valli-bellunesi-venerdi-alle-18-a-belluno-in-sala-muccin\\\/#primaryimage\"},\"thumbnailUrl\":\"https:\\\/\\\/www.bellunopress.it\\\/wp-content\\\/uploads\\\/2020\\\/08\\\/piazza-piloni_edited.jpg\",\"datePublished\":\"2026-06-24T09:17:41+00:00\",\"dateModified\":\"2026-06-24T09:34:06+00:00\",\"breadcrumb\":{\"@id\":\"https:\\\/\\\/www.bellunopress.it\\\/2026\\\/06\\\/24\\\/decidiamo-portiamo-le-voci-delle-valli-bellunesi-venerdi-alle-18-a-belluno-in-sala-muccin\\\/#breadcrumb\"},\"inLanguage\":\"fr-FR\",\"potentialAction\":[{\"@type\":\"ReadAction\",\"target\":[\"https:\\\/\\\/www.bellunopress.it\\\/2026\\\/06\\\/24\\\/decidiamo-portiamo-le-voci-delle-valli-bellunesi-venerdi-alle-18-a-belluno-in-sala-muccin\\\/\"]}]},{\"@type\":\"ImageObject\",\"inLanguage\":\"fr-FR\",\"@id\":\"https:\\\/\\\/www.bellunopress.it\\\/2026\\\/06\\\/24\\\/decidiamo-portiamo-le-voci-delle-valli-bellunesi-venerdi-alle-18-a-belluno-in-sala-muccin\\\/#primaryimage\",\"url\":\"https:\\\/\\\/www.bellunopress.it\\\/wp-content\\\/uploads\\\/2020\\\/08\\\/piazza-piloni_edited.jpg\",\"contentUrl\":\"https:\\\/\\\/www.bellunopress.it\\\/wp-content\\\/uploads\\\/2020\\\/08\\\/piazza-piloni_edited.jpg\",\"width\":800,\"height\":446,\"caption\":\"Centro congressi Giovanni 23mo - Belluno piazza Piloni\"},{\"@type\":\"BreadcrumbList\",\"@id\":\"https:\\\/\\\/www.bellunopress.it\\\/2026\\\/06\\\/24\\\/decidiamo-portiamo-le-voci-delle-valli-bellunesi-venerdi-alle-18-a-belluno-in-sala-muccin\\\/#breadcrumb\",\"itemListElement\":[{\"@type\":\"ListItem\",\"position\":1,\"name\":\"Home\",\"item\":\"https:\\\/\\\/www.bellunopress.it\\\/\"},{\"@type\":\"ListItem\",\"position\":2,\"name\":\"Decidiamo! Portiamo le voci delle valli bellunesi. Venerd\u00ec alle 18 a Belluno in Sala Muccin\"}]},{\"@type\":\"WebSite\",\"@id\":\"https:\\\/\\\/www.bellunopress.it\\\/#website\",\"url\":\"https:\\\/\\\/www.bellunopress.it\\\/\",\"name\":\"Bellunopress - Dolomiti\",\"description\":\"e-mail: redazione@bellunopress.it\",\"publisher\":{\"@id\":\"https:\\\/\\\/www.bellunopress.it\\\/#organization\"},\"potentialAction\":[{\"@type\":\"SearchAction\",\"target\":{\"@type\":\"EntryPoint\",\"urlTemplate\":\"https:\\\/\\\/www.bellunopress.it\\\/?s={search_term_string}\"},\"query-input\":{\"@type\":\"PropertyValueSpecification\",\"valueRequired\":true,\"valueName\":\"search_term_string\"}}],\"inLanguage\":\"fr-FR\"},{\"@type\":\"Organization\",\"@id\":\"https:\\\/\\\/www.bellunopress.it\\\/#organization\",\"name\":\"Bellunopress\",\"url\":\"https:\\\/\\\/www.bellunopress.it\\\/\",\"logo\":{\"@type\":\"ImageObject\",\"inLanguage\":\"fr-FR\",\"@id\":\"https:\\\/\\\/www.bellunopress.it\\\/#\\\/schema\\\/logo\\\/image\\\/\",\"url\":\"https:\\\/\\\/www.bellunopress.it\\\/wp-content\\\/uploads\\\/2011\\\/05\\\/cropped-logo-bellunopress-.jpg\",\"contentUrl\":\"https:\\\/\\\/www.bellunopress.it\\\/wp-content\\\/uploads\\\/2011\\\/05\\\/cropped-logo-bellunopress-.jpg\",\"width\":512,\"height\":512,\"caption\":\"Bellunopress\"},\"image\":{\"@id\":\"https:\\\/\\\/www.bellunopress.it\\\/#\\\/schema\\\/logo\\\/image\\\/\"},\"sameAs\":[\"https:\\\/\\\/www.facebook.com\\\/profile.php?id=100008943462799\",\"https:\\\/\\\/x.com\\\/bellunopress\",\"https:\\\/\\\/www.linkedin.com\\\/hp\\\/?dnr=JBzUWaJfMUw8vbXJJ2tVW5-I3jZKvC4wsoxE&amp;amp;amp;amp;amp;amp;trk=nav_responsive_tab_home\",\"https:\\\/\\\/www.youtube.com\\\/channel\\\/UCxL0wu1uN0_3_7hGG0306cw\"]},{\"@type\":\"Person\",\"@id\":\"https:\\\/\\\/www.bellunopress.it\\\/#\\\/schema\\\/person\\\/79bb06722b37ece1c03d3e94beb30d73\",\"name\":\"redazione\",\"image\":{\"@type\":\"ImageObject\",\"inLanguage\":\"fr-FR\",\"@id\":\"https:\\\/\\\/secure.gravatar.com\\\/avatar\\\/37d968a2e67a6fd04c169c4bdef102d0bc5d31b2546345219e348575eb80e9a0?s=96&d=mm&r=g\",\"url\":\"https:\\\/\\\/secure.gravatar.com\\\/avatar\\\/37d968a2e67a6fd04c169c4bdef102d0bc5d31b2546345219e348575eb80e9a0?s=96&d=mm&r=g\",\"contentUrl\":\"https:\\\/\\\/secure.gravatar.com\\\/avatar\\\/37d968a2e67a6fd04c169c4bdef102d0bc5d31b2546345219e348575eb80e9a0?s=96&d=mm&r=g\",\"caption\":\"redazione\"},\"sameAs\":[\"http:\\\/\\\/www.bellunopress.it\",\"https:\\\/\\\/x.com\\\/bellunopress\"],\"url\":\"https:\\\/\\\/www.bellunopress.it\\\/fr\\\/author\\\/redazione\\\/\"}]}<\/script>\n<!-- \/ Yoast SEO plugin. -->","yoast_head_json":{"title":"Decidiamo! Portiamo le voci delle valli bellunesi. Venerd\u00ec alle 18 a Belluno in Sala Muccin - Bellunopress - Dolomiti","robots":{"index":"index","follow":"follow","max-snippet":"max-snippet:-1","max-image-preview":"max-image-preview:large","max-video-preview":"max-video-preview:-1"},"canonical":"https:\/\/www.bellunopress.it\/fr\/2026\/06\/24\/decidiamo-portiamo-le-voci-delle-valli-bellunesi-venerdi-alle-18-a-belluno-in-sala-muccin\/","og_locale":"fr_FR","og_type":"article","og_title":"Decidiamo! Portiamo le voci delle valli bellunesi. Venerd\u00ec alle 18 a Belluno in Sala Muccin - Bellunopress - Dolomiti","og_description":"Belluno. Venerd\u00ec 26 giugno, alle ore 18:00 in sala Muccin del centro congressi Giovanni XXIII di piazza Piloni a Belluno, il coordinamento provinciale di Alleanza Verdi-Sinistra ospita l\u2019evento \u201cDecidiamo! Portiamo le voci delle valli bellunesi per la montagna e le aree interne nel programma di Avs\u201d. Per l\u2019occasione, saranno relatori l\u2019europarlamentare Cristina Guarda, Luana Zanella, [&hellip;]","og_url":"https:\/\/www.bellunopress.it\/fr\/2026\/06\/24\/decidiamo-portiamo-le-voci-delle-valli-bellunesi-venerdi-alle-18-a-belluno-in-sala-muccin\/","og_site_name":"Bellunopress - Dolomiti","article_publisher":"https:\/\/www.facebook.com\/profile.php?id=100008943462799","article_published_time":"2026-06-24T09:17:41+00:00","article_modified_time":"2026-06-24T09:34:06+00:00","og_image":[{"width":800,"height":446,"url":"https:\/\/www.bellunopress.it\/wp-content\/uploads\/2020\/08\/piazza-piloni_edited.jpg","type":"image\/jpeg"}],"author":"redazione","twitter_card":"summary_large_image","twitter_creator":"@bellunopress","twitter_site":"@bellunopress","twitter_misc":{"\u00c9crit par":"redazione","Dur\u00e9e de lecture estim\u00e9e":"3 minutes"},"schema":{"@context":"https:\/\/schema.org","@graph":[{"@type":"Article","@id":"https:\/\/www.bellunopress.it\/2026\/06\/24\/decidiamo-portiamo-le-voci-delle-valli-bellunesi-venerdi-alle-18-a-belluno-in-sala-muccin\/#article","isPartOf":{"@id":"https:\/\/www.bellunopress.it\/2026\/06\/24\/decidiamo-portiamo-le-voci-delle-valli-bellunesi-venerdi-alle-18-a-belluno-in-sala-muccin\/"},"author":{"name":"redazione","@id":"https:\/\/www.bellunopress.it\/#\/schema\/person\/79bb06722b37ece1c03d3e94beb30d73"},"headline":"Decidiamo! Portiamo le voci delle valli bellunesi. Venerd\u00ec alle 18 a Belluno in Sala Muccin","datePublished":"2026-06-24T09:17:41+00:00","dateModified":"2026-06-24T09:34:06+00:00","mainEntityOfPage":{"@id":"https:\/\/www.bellunopress.it\/2026\/06\/24\/decidiamo-portiamo-le-voci-delle-valli-bellunesi-venerdi-alle-18-a-belluno-in-sala-muccin\/"},"wordCount":397,"publisher":{"@id":"https:\/\/www.bellunopress.it\/#organization"},"image":{"@id":"https:\/\/www.bellunopress.it\/2026\/06\/24\/decidiamo-portiamo-le-voci-delle-valli-bellunesi-venerdi-alle-18-a-belluno-in-sala-muccin\/#primaryimage"},"thumbnailUrl":"https:\/\/www.bellunopress.it\/wp-content\/uploads\/2020\/08\/piazza-piloni_edited.jpg","articleSection":["Cronaca\/Politica","Pausa Caff\u00e8","Prima Pagina"],"inLanguage":"fr-FR"},{"@type":"WebPage","@id":"https:\/\/www.bellunopress.it\/2026\/06\/24\/decidiamo-portiamo-le-voci-delle-valli-bellunesi-venerdi-alle-18-a-belluno-in-sala-muccin\/","url":"https:\/\/www.bellunopress.it\/2026\/06\/24\/decidiamo-portiamo-le-voci-delle-valli-bellunesi-venerdi-alle-18-a-belluno-in-sala-muccin\/","name":"Decidiamo! Portiamo le voci delle valli bellunesi. Venerd\u00ec alle 18 a Belluno in Sala Muccin - Bellunopress - Dolomiti","isPartOf":{"@id":"https:\/\/www.bellunopress.it\/#website"},"primaryImageOfPage":{"@id":"https:\/\/www.bellunopress.it\/2026\/06\/24\/decidiamo-portiamo-le-voci-delle-valli-bellunesi-venerdi-alle-18-a-belluno-in-sala-muccin\/#primaryimage"},"image":{"@id":"https:\/\/www.bellunopress.it\/2026\/06\/24\/decidiamo-portiamo-le-voci-delle-valli-bellunesi-venerdi-alle-18-a-belluno-in-sala-muccin\/#primaryimage"},"thumbnailUrl":"https:\/\/www.bellunopress.it\/wp-content\/uploads\/2020\/08\/piazza-piloni_edited.jpg","datePublished":"2026-06-24T09:17:41+00:00","dateModified":"2026-06-24T09:34:06+00:00","breadcrumb":{"@id":"https:\/\/www.bellunopress.it\/2026\/06\/24\/decidiamo-portiamo-le-voci-delle-valli-bellunesi-venerdi-alle-18-a-belluno-in-sala-muccin\/#breadcrumb"},"inLanguage":"fr-FR","potentialAction":[{"@type":"ReadAction","target":["https:\/\/www.bellunopress.it\/2026\/06\/24\/decidiamo-portiamo-le-voci-delle-valli-bellunesi-venerdi-alle-18-a-belluno-in-sala-muccin\/"]}]},{"@type":"ImageObject","inLanguage":"fr-FR","@id":"https:\/\/www.bellunopress.it\/2026\/06\/24\/decidiamo-portiamo-le-voci-delle-valli-bellunesi-venerdi-alle-18-a-belluno-in-sala-muccin\/#primaryimage","url":"https:\/\/www.bellunopress.it\/wp-content\/uploads\/2020\/08\/piazza-piloni_edited.jpg","contentUrl":"https:\/\/www.bellunopress.it\/wp-content\/uploads\/2020\/08\/piazza-piloni_edited.jpg","width":800,"height":446,"caption":"Centro congressi Giovanni 23mo - Belluno piazza Piloni"},{"@type":"BreadcrumbList","@id":"https:\/\/www.bellunopress.it\/2026\/06\/24\/decidiamo-portiamo-le-voci-delle-valli-bellunesi-venerdi-alle-18-a-belluno-in-sala-muccin\/#breadcrumb","itemListElement":[{"@type":"ListItem","position":1,"name":"Home","item":"https:\/\/www.bellunopress.it\/"},{"@type":"ListItem","position":2,"name":"Decidiamo! Portiamo le voci delle valli bellunesi. Venerd\u00ec alle 18 a Belluno in Sala Muccin"}]},{"@type":"WebSite","@id":"https:\/\/www.bellunopress.it\/#website","url":"https:\/\/www.bellunopress.it\/","name":"Bellunopress - Dolomiti","description":"e-mail: redazione@bellunopress.it","publisher":{"@id":"https:\/\/www.bellunopress.it\/#organization"},"potentialAction":[{"@type":"SearchAction","target":{"@type":"EntryPoint","urlTemplate":"https:\/\/www.bellunopress.it\/?s={search_term_string}"},"query-input":{"@type":"PropertyValueSpecification","valueRequired":true,"valueName":"search_term_string"}}],"inLanguage":"fr-FR"},{"@type":"Organization","@id":"https:\/\/www.bellunopress.it\/#organization","name":"Bellunopress","url":"https:\/\/www.bellunopress.it\/","logo":{"@type":"ImageObject","inLanguage":"fr-FR","@id":"https:\/\/www.bellunopress.it\/#\/schema\/logo\/image\/","url":"https:\/\/www.bellunopress.it\/wp-content\/uploads\/2011\/05\/cropped-logo-bellunopress-.jpg","contentUrl":"https:\/\/www.bellunopress.it\/wp-content\/uploads\/2011\/05\/cropped-logo-bellunopress-.jpg","width":512,"height":512,"caption":"Bellunopress"},"image":{"@id":"https:\/\/www.bellunopress.it\/#\/schema\/logo\/image\/"},"sameAs":["https:\/\/www.facebook.com\/profile.php?id=100008943462799","https:\/\/x.com\/bellunopress","https:\/\/www.linkedin.com\/hp\/?dnr=JBzUWaJfMUw8vbXJJ2tVW5-I3jZKvC4wsoxE&amp;amp;amp;amp;amp;amp;trk=nav_responsive_tab_home","https:\/\/www.youtube.com\/channel\/UCxL0wu1uN0_3_7hGG0306cw"]},{"@type":"Person","@id":"https:\/\/www.bellunopress.it\/#\/schema\/person\/79bb06722b37ece1c03d3e94beb30d73","name":"r\u00e9daction","image":{"@type":"ImageObject","inLanguage":"fr-FR","@id":"https:\/\/secure.gravatar.com\/avatar\/37d968a2e67a6fd04c169c4bdef102d0bc5d31b2546345219e348575eb80e9a0?s=96&d=mm&r=g","url":"https:\/\/secure.gravatar.com\/avatar\/37d968a2e67a6fd04c169c4bdef102d0bc5d31b2546345219e348575eb80e9a0?s=96&d=mm&r=g","contentUrl":"https:\/\/secure.gravatar.com\/avatar\/37d968a2e67a6fd04c169c4bdef102d0bc5d31b2546345219e348575eb80e9a0?s=96&d=mm&r=g","caption":"redazione"},"sameAs":["http:\/\/www.bellunopress.it","https:\/\/x.com\/bellunopress"],"url":"https:\/\/www.bellunopress.it\/fr\/author\/redazione\/"}]}},"_links":{"self":[{"href":"https:\/\/www.bellunopress.it\/fr\/wp-json\/wp\/v2\/posts\/171376","targetHints":{"allow":["GET"]}}],"collection":[{"href":"https:\/\/www.bellunopress.it\/fr\/wp-json\/wp\/v2\/posts"}],"about":[{"href":"https:\/\/www.bellunopress.it\/fr\/wp-json\/wp\/v2\/types\/post"}],"author":[{"embeddable":true,"href":"https:\/\/www.bellunopress.it\/fr\/wp-json\/wp\/v2\/users\/2"}],"replies":[{"embeddable":true,"href":"https:\/\/www.bellunopress.it\/fr\/wp-json\/wp\/v2\/comments?post=171376"}],"version-history":[{"count":3,"href":"https:\/\/www.bellunopress.it\/fr\/wp-json\/wp\/v2\/posts\/171376\/revisions"}],"predecessor-version":[{"id":171381,"href":"https:\/\/www.bellunopress.it\/fr\/wp-json\/wp\/v2\/posts\/171376\/revisions\/171381"}],"wp:featuredmedia":[{"embeddable":true,"href":"https:\/\/www.bellunopress.it\/fr\/wp-json\/wp\/v2\/media\/116747"}],"wp:attachment":[{"href":"https:\/\/www.bellunopress.it\/fr\/wp-json\/wp\/v2\/media?parent=171376"}],"wp:term":[{"taxonomy":"category","embeddable":true,"href":"https:\/\/www.bellunopress.it\/fr\/wp-json\/wp\/v2\/categories?post=171376"},{"taxonomy":"post_tag","embeddable":true,"href":"https:\/\/www.bellunopress.it\/fr\/wp-json\/wp\/v2\/tags?post=171376"}],"curies":[{"name":"wp","href":"https:\/\/api.w.org\/{rel}","templated":true}]}}