{"id":171343,"date":"2026-06-24T08:17:49","date_gmt":"2026-06-24T06:17:49","guid":{"rendered":"https:\/\/www.bellunopress.it\/?p=171343"},"modified":"2026-06-24T08:17:49","modified_gmt":"2026-06-24T06:17:49","slug":"il-cielo-sopra-belluno-under-35-dal-26-giugno-all11-luglio-la-sesta-edizione","status":"publish","type":"post","link":"https:\/\/www.bellunopress.it\/fr\/2026\/06\/24\/il-cielo-sopra-belluno-under-35-dal-26-giugno-all11-luglio-la-sesta-edizione\/","title":{"rendered":"Il Cielo sopra Belluno under 35: dal 26 giugno all&#8217;11 luglio la sesta edizione"},"content":{"rendered":"<p><strong>Un Festival che porta a Belluno i migliori autori del teatro contemporaneo Under 35. Cinque imperdibili eventi alla Casa delle Arti<\/strong><\/p>\n<p>Belluno, 24\/06\/2026 &#8211; Si \u00e8 tenuta ieri mattina in Sala Giunta del Comune di Belluno, alla presenza dell\u2019Assessore alla cultura Raffaele Addamiano, la conferenza stampa di presentazione della sesta edizione de Il Cielo sopra Belluno, che quest\u2019anno rilancia e diventa IL CIELO SOPRA BELLUNO UNDER 35 festival che si svolger\u00e0 nell\u2019arco di tre fine settimana, da venerd\u00ec 26 giugno a sabato 11 luglio, sempre negli spazi esterni della Casa delle Arti &#8211; Spazio Ex. Teatro, musica e incontri con autori, critici ed esperti, con un focus sulle compagnie under 35. Direzione artistica di Vassilij Mangheras e Daniela Nicosia.<\/p>\n<p>In apertura l\u2019assessore Addamiano ha citato il film \u201cIl cielo sopra Berlino\u201d quale atto d\u2019amore verso quella citt\u00e0 di cui ha saputo cogliere l\u2019essenza spirituale raccontandone le diverse sfaccettature &#8211; cos\u00ec come \u201cIl cielo sopra Belluno\u201d \u00e8 un atto d\u2019amore verso la nostra citt\u00e0 che da sei anni porta a Belluno l\u2019eccellenza del teatro contemporaneo italiano.<br \/>\nPrende poi la parola Daniela Nicosia ricordando come nel 2021 il titolo Il Cielo sopra Belluno nasce da plurime riflessioni: in Wenders due angeli sorvolano una Berlino post guerra, come nel 2021 il nostro contesto era mutato a causa della pandemia. Gli angeli come gli artisti osservano la realt\u00e0 e la trasfigurano, ma gli artisti in essa si immergono con tutto il suo portato di dolore e passione, gli attori inoltre, nella costante trasgressione del farsi altro da s\u00e9, nel gioco ambiguo tra verit\u00e0 e finzione, nella pratica del limite tra l\u2019essere e l\u2019apparire sono il tramite tra terra e cielo. In loro lo stesso stupore, lo stesso tormento degli angeli poeti d\u2019inquietudine di Wenders. Segno ed identit\u00e0 del Cielo negli anni \u00e8 l\u2019essere un\u2019immersione nella realt\u00e0 contemporanea attraverso il teatro, che si \u00e8 arricchita di pi\u00f9 visioni con la direzione artistica di Vassilij Mangheras che ha saputo trasformare il Cielo in Festival.<br \/>\nInterviene quindi il co-direttore artistico Vassilij Mangheras per illustrare nel dettaglio il progetto di quest\u2019anno che si \u00e8 aggiudicato un importante riconoscimento nazionale, avendo vinto il Bando SIAE \u201cPer chi crea\u201d edizione 2025 dedicato a giovani autori e artisti, interpreti ed esecutori fino ai 35 anni.<\/p>\n<p>IL CIELO SOPRA BELLUNO UNDER 35 sar\u00e0 infatti un format interamente nuovo dedicato a formazioni under 35, che da venerd\u00ec 26 giugno a sabato 11 luglio animer\u00e0 le serate estive alla Casa delle Arti. Con due spettacoli a settimana (venerd\u00ec e sabato): teatro contemporaneo, che sa parlare al presente, ai giovani e ai meno giovani, accompagnati da momenti di incontro, talk, approfondimenti informali, e gli immancabili aperitivi al tramonto a cura di Ex Primo e i dj set fino a notte fonda!<br \/>\nCultura in festa! Spazi in festa! In linea con la mission di Tib Teatro che persegue l\u2019obiettivo di lavorare a favore dello sviluppo e della diffusione della cultura teatrale nel nostro territorio, un lavoro che invita soprattutto i giovani a frequentare spazi di socialit\u00e0 e cultura come la Casa delle Arti, appassionarsi ai linguaggi artistici essere protagonisti di un tempo condiviso in modo divertente e inconsueto, un tempo in cui crescere insieme attraverso la bellezza dell\u2019arte! Per questo sono state studiate formule di abbonamento ad hoc con prezzi particolarmente contenuti per tutti. Abbonamento per un intero week-end *: intero \u20ac 35,00 \u2013 ridotto under 30 \u20ac 23,00 con diritto di assistere a due spettacoli! Sar\u00e0 in ogni caso possibile acquistare biglietti anche per una sola delle due serate.<\/p>\n<p>Il Cielo sopra Belluno under 35 realizzato da Tib Teatro, con la direzione artistica di Vassilij Gianmaria Mangheras e Daniela Nicosia, in collaborazione con Comune di Belluno, Fondazione Teatri delle Dolomiti, Ministero della Cultura, SIAE, Regione del Veneto e Provincia di Belluno intende proporsi come un osservatorio privilegiato sui nuovi linguaggi del contemporaneo, portando a Belluno il meglio della scena emergente italiana.<\/p>\n<p>Grande apertura venerd\u00ec 26 giugno, dalle ore 16:30, con il talk culturale \u201cLA FINE DELL\u2019AUTOFICTION?\u201d, un originale confronto con gli artisti e il pubblico ideato da Vassilij Mangheras, un vivace momento di riflessione condivisa sui limiti della narrazione autobiografica a teatro, in cui, oltre ai contributi di critici e studiosi di prestigio, alcuni giovani artisti di rilievo nazionale, leggeranno per il pubblico frammenti dei loro testi. Il racconto dell&#8217;io \u00e8 stato il protagonista delle narrazioni dell&#8217;ultimo quindicennio e oltre. A partire dall&#8217;assunto degli anni Settanta, che afferma che il privato \u00e8 politico, dal teatro alla letteratura il personale \u00e8 diventato il campo della pubblica riflessione. I confini dell&#8217;autofiction, genere che ai suoi esordi indicava una commistione tra finzione e biografia, si sono dilatati fino a comprendere il memoir, la confessione, il monologo interiore. Oggi questo dispositivo comincia a logorarsi. L&#8217;intreccio tra la deriva contemporanea dell&#8217;esposizione dell&#8217;io e forme narrative oramai abusate interrogano artiste e artisti, assieme al pubblico, aprendo nuove questioni: in che termini il privato oggi pu\u00f2 dirsi davvero politico? Quando il racconto dell&#8217;io smette di essere un dispositivo di rottura? Dove finisce la messa in arte e dove comincia l&#8217;esposizione e la promozione del s\u00e9?<br \/>\nInterverranno: Simone Pacini (fattiditeatro), Lorenzo Donati (Altre Velocit\u00e0); gli artisti Marco D\u2019Agostin, Eliana Rotella, Francesco Alberici, Lorenza Guerrini, Niccol\u00f2 Fettarappa, Ermelinda Nasuto; moderer\u00e0 Graziano Graziani &#8211; giornalista, scrittore, critico teatrale &#8211; una delle voci di Fahrenheit su Radio 3, scrive per diverse riviste tra cui Il Tascabile edito da Treccani, minima&amp;moralia, Snaporaz, Lucy. Sulla cultura. Il talk \u00e8 aperto a tutti e a ingresso gratuito.<\/p>\n<p>A seguire dalle 19:30 aperitivo al Tramonto a cura di Ex Primo ed Ex Piloni, con degustazione vini cantine Biasiotto, e alle 21:00 l\u2019anteprima dello spettacolo di Niccol\u00f2 Fettarappa (artista associato del Piccolo Teatro di Milano) e Lorenzo Guerrieri SCEMI DEL VILLAGGIO, produzione AGIDI e A.Artistiassociati, un progetto teatrale connotato dallo sguardo satirico, beffardo e irridente dei due artisti (particolarmente amati dal pubblico bellunese e non solo) che con feroce ingenuit\u00e0 si interrogano sul significato di \u201cspazio pubblico\u201d e su come in concreto esso si realizzi oggi nelle nostre citt\u00e0. Fettarappa e Guerrieri si propongono come scemi del villaggio, come aedi non richiesti che cantano le nevrosi del vivere cittadino, cantori pellegrini di citt\u00e0 che in tutto il mondo tendono sempre pi\u00f9 ad assomigliarsi e ad omologarsi secondo i dictat del mercato e del turismo. In una serie di quadri comico-picareschi si racconta questa nevrosi che ci pervade, che ci rende tutti goffi, disadattati al vivere cittadino, in preda ad ansie e paranoie urbane di vario genere. Le citt\u00e0 sono infatti sempre pi\u00f9 inabitabili. I diversi spazi urbani tendono tutti a farsi non-luogo, luoghi di passaggio, luoghi in cui \u00e8 impossibile incontrare uno sconosciuto, spazi comuni organizzati per stare da soli. La strada, la piazza, non sono pi\u00f9 luoghi per incontrarsi, luoghi della relazione e del dibattito, ma posti dove spendere soldi, comprare l&#8217;ennesimo prodotto inutile e al massimo farsi un selfie. L&#8217;urbanistica sviluppa sempre pi\u00f9 l&#8217;idea di una citt\u00e0 a misura di cartellone pubblicitario, a misura di McDonald&#8217;s, al massimo a misura di turista. Le citt\u00e0 diventano sempre pi\u00f9 macchine di espulsione, enclave chiuse di ricchi privilegiati: Venezia pu\u00f2 essere affittata per eventi privati, mentre intanto i centri sociali vengono sgomberati e lo spazio pubblico tende progressivamente a sparire, divenendo uno spazio anonimo, grigio, e tutti noi, in ambienti urbanisticamente cos\u00ec depressi, ci scopriamo pi\u00f9 smorti. Insomma, come \u201cstiamo insieme\u201d nelle nostre citt\u00e0? Male, ci stiamo molto male. A concludere la serata Dj set con Mowgli.<\/p>\n<p>Sabato 27 giugno la serata avr\u00e0 inizio alle ore 19:30 con musica, vino e cicchetti, e proseguir\u00e0 alle ore 21:00 con lo spettacolo di Pallaksch, poliedrica realt\u00e0 dedicata alla crescita e alla valorizzazione di autori, autrici e compagnie under 35, che porter\u00e0 in scena IL TEATROPOSTAGGIO DA UN MILIONE DI DOLLARI un innovativo progetto di ricerca e performance teatrale di Giacomo Lilli\u00f9 e Pier Lorenzo Pisano che unisce i linguaggi della scena contemporanea alla cultura memetica digitale e allo shitposting.<br \/>\nLo shitposting \u00e8 la condivisione in una chat o sui social di contenuti volutamente scadenti o fuori contesto, con l&#8217;obiettivo di far esplodere qualsiasi possibilit\u00e0 di comunicazione univoca. Strumento principale di questa operazione sono i meme, assemblaggi di immagini, video e testi: una dialettica tra scritto e icona, assimilabile a quella tra parola e palco. Ma cosa succede se si utilizza lo shitposting come meteora impazzita, per schiantare i paradigmi attoriali e drammaturgici? Dal 2023 il gruppo di ricerca Teatropostaggio cerca di rispondere a questa domanda, radunando una squadra composta da alcuni dei nomi pi\u00f9 interessanti della creazione teatrale contemporanea e del panorama memetico. La performance si svolge interamente sull\u2019app di messaggistica Telegram, all\u2019interno di una chat in cui il pubblico non pu\u00f2 scrivere, ma solo leggere. Qui va in scena un\u2019improbabile riscrittura digitale di Carlo Goldoni, realizzata dalla compagnia via selfie, gif ed emoji. Ma l\u2019operazione si smonta non appena un manipolo di disturbatori irrompe nel gruppo, e lo bombarda di meme creati a partire proprio dalle immagini che gli attori hanno condiviso. Prende cos\u00ec il via un\u2019esilarante, estenuante degenerazione dei linguaggi.<br \/>\nLa drammaturgia non \u00e8 fissa, ma segue un canovaccio agile, per permettere al lavoro di restare fedele alla natura dello shitposting. Ad ogni replica i meme e i messaggi scambiati sono improvvisati solo per l\u2019occasione, rendendo ogni appuntamento irripetibile. Ma in contemporanea all\u2019habitat puramente digitale, il lavoro vive anche in un ambiente fisico, dando luogo ad una configurazione paradossale: gli spettatori in sala si trovano di fronte ad uno spazio vuoto, su cui solo sporadicamente appare qualcuno del cast, puntualmente fagocitato dal delirio in crescendo. Nasce cos\u00ec una comunit\u00e0 di persone che illuminano la penombra della platea con lo schermo dei loro smartphone, e la riempiono con il suono fuori sincrono delle notifiche. Senza temere le possibilit\u00e0 dell\u2019online, e anzi sfruttandole, il teatro si riconferma come il luogo dove condividere lo spazio, il tempo, l\u2019impalpabile. Dopo lo spettacolo Dj set con Pietro GAIN.<\/p>\n<p>La serata di venerd\u00ec 3 luglio sar\u00e0 invece affidata a Giulia Scotti attrice, autrice, e fumettista che con il suo lavoro QUELLO CHE NON C\u2019\u00c8 \u2013 vincitore del Premio Tuttoteatro.com alle arti sceniche Dante Cappelletti 2023 e Menzione speciale bando Odiolestate 2023 \u2013 offrir\u00e0 al pubblico una storia di famiglia, tra verit\u00e0 taciute e omissioni, il racconto di un\u2019assenza costruito sulla scena attraverso il dialogo tra il linguaggio del teatro e quello del fumetto. \u201cNella mia famiglia ci sono storie che non vengono raccontate nella convinzione che quello che non si dice non si sapr\u00e0 mai. Della storia di mia zia nessuno ha mai detto niente a me e a mio fratello, quello che sapevamo era che mio padre aveva tre sorelle e che adesso noi abbiamo due zie e che pertanto una delle tre non era pi\u00f9 viva, Daniela. Quando \u00e8 morta nessuno me lo ha detto. Poi un giorno, avevo venticinque anni, mio padre \u00e8 venuto da me e mi ha raccontato la storia di Daniela. Lo ha fatto senza fermarsi, senza omettere niente, come se aspettasse quel momento da tutta la vita. Questa \u00e8 la storia di mia zia come l\u2019ho saputa da mio pap\u00e0, \u00e8 la storia di un uomo che vuole salvare sua sorella dalla morte ma non ci riesce. Quasi tutto \u00e8 vero, alcuni pezzi sono inventati.\u201d<br \/>\nIl quarto appuntamento della rassegna venerd\u00ec 10 luglio \u00e8 per il Gruppo della Creta \u2013 impresa di produzione teatrale con sede al Teatro Basilica di Roma, gestita interamente da professionisti under 35 \u2013 che con una riscrittura del Pluto di Aristofane, evidenzia, facendole scontrare, la crisi dell\u2019ideologia Capitalista e di quella Comunista. In PLUTO. O IL DONO DELLA FINE DEL MONDO la compagnia riprende la trama della commedia per indagare una via nuova. Cosa succederebbe se tutti fossimo ricchi? E se a tutti fosse concesso ozio illimitato? Il cieco Pluto, dio della ricchezza nel pantheon ellenistico, viene rapito da Cremilo, contadino ateniese, affinch\u00e9 smetta di elargire ricompense ai malvagi e sofferenze agli onesti. Succeder\u00e0 nella vicenda, che, curata la cecit\u00e0 di Pluto, i soldi saranno bulimicamente distribuiti a tutti e che quindi lavorare diverr\u00e0 inutile. Tuttavia se per Cremilo, la giustizia redistributiva \u00e8 il ragionevole farmaco da applicare sulle piaghe della societ\u00e0 ateniese, per Povert\u00e0, che irrompe in scena come antagonista, una indiscriminata ricchezza a portata di tutti \u00e8 \u201cazione folle, sacrilega, criminale\u201d. Se quindi Povert\u00e0 \u00e8 il capitalismo e Pluto una forma idilliaca di comunismo, il Gruppo della Creta costruisce uno spettacolo che rende evidente la crisi irreversibile di queste due ideologie distanziandosi da entrambe le ipotesi politiche, in un finale sorprendente.<\/p>\n<p>In chiusura sabato 11 luglio sul palco S.P.33, testo e regia di Giulia Bartolini (Produzione Compagnia Mauri Sturno in collaborazione con Compagnia KARL) con Francesca Astrei, Grazia Capraro e Giulia Trippetta. Una commedia nera su un ritorno a casa in provincia. Mary torna dopo undici anni nel paese di 515 anime, dove le due sorelle rimaste ormai non l\u2019aspettano pi\u00f9. Attraverso un dialogo teso e tagliente, che lentamente si apre anche a momenti di ironia e abbandono, riaffiorano ricordi, rancori e legami profondi. Tra silenzi, memorie sensoriali e vecchie dinamiche familiari, le tre donne si confrontano con ci\u00f2 che sono state e con ci\u00f2 che sono diventate. S.P.33 \u00e8 una riflessione intima sulla famiglia, sulla memoria e sulla possibilit\u00e0 \u2014 o impossibilit\u00e0 \u2014 di ritrovare s\u00e9 stessi nei luoghi e nei gesti del passato.<\/p>\n<p>Al termine di tutti gli spettacoli e fino alla mezzanotte sar\u00e0 la musica ad intrattenere il pubblico: (oltre i gi\u00e0 citati &#8211; Mowgli; il 26 e Pietro GAIN il 27 ): venerd\u00ec 3 luglio &#8211; Riva Disco con i loro vinili direttamente da Vittorio Veneto; venerd\u00ec 10 luglio &#8211; Retro4Love e Illazi; a chiudere la rassegna sabato 11 luglio &#8211; Ultimo Dei Problemi e Cavarzano 3000.<\/p>\n<p>Tutte le serate saranno anticipate da aperitivi al tramonto a base di vini e prodotti locali a partire dalle ore 19:30, a cura di Exprimo ed Expiloni, in un\u2019atmosfera conviviale che accompagner\u00e0 il pubblico verso l\u2019inizio degli spettacoli (alle ore 21:00).<\/p>\n<p>In caso di maltempo talk, teatro, musica live, incontro con gli artisti e aperitivo enogastronomico con prodotti locali, verranno recuperati nella Sala Grande e negli spazi interni della Casa delle Arti.<\/p>\n<p>Il Cielo sopra Belluno \u00e8 organizzato da Tib Teatro in collaborazione con Comune di Belluno, Fondazione Teatri delle Dolomiti, con il sostegno di Ministero della Cultura e di SIAE nell\u2019ambito del programma \u201cPer Chi Crea\u201d 2025, con il contributo di Regione del Veneto, Reteventi \u2013 Provincia di Belluno, Unifarco, Biasiotto, in collaborazione con Studio 54, Exprimo ed Expiloni.<br \/>\nMediapartner della stagione Radio Belluno, Radio Cortina, Fattiditeatro.<\/p>\n<p>Spettacoli su prenotazione fino ad esaurimento posti! | Talk a ingresso gratuito<br \/>\nAcquisti online su www.vivaticket.com<\/p>\n<p>Biglietti per i singoli eventi: intero \u20ac 20,00 &#8211; ridotto under 30 \u20ac 15,00<br \/>\nAbbonamenti week-end *: intero \u20ac 35,00 \u2013 ridotto under 30 \u20ac 23,00<br \/>\n* validi per due spettacoli: 26-27\/06\/26 oppure 10-11\/07\/26<\/p>\n<p>Apertura biglietteria il giorno dell\u2019evento dalle 19:30<\/p>","protected":false},"excerpt":{"rendered":"<p>Un Festival che porta a Belluno i migliori autori del teatro contemporaneo Under 35. Cinque imperdibili eventi alla Casa delle Arti Belluno, 24\/06\/2026 &#8211; Si \u00e8 tenuta ieri mattina in Sala Giunta del Comune di Belluno, alla presenza dell\u2019Assessore alla cultura Raffaele Addamiano, la conferenza stampa di presentazione della sesta edizione de Il Cielo sopra [&hellip;]<\/p>\n","protected":false},"author":2,"featured_media":171344,"comment_status":"closed","ping_status":"open","sticky":false,"template":"","format":"standard","meta":{"footnotes":""},"categories":[27,3,25],"tags":[],"class_list":["post-171343","post","type-post","status-publish","format-standard","has-post-thumbnail","category-appuntamenti","category-arte-cultura-spettacoli-scienza-archivi","category-pausa-caffe"],"yoast_head":"<!-- This site is optimized with the Yoast SEO plugin v28.4 - https:\/\/yoast.com\/product\/yoast-seo-wordpress\/ -->\n<title>Il Cielo sopra Belluno under 35: dal 26 giugno all&#039;11 luglio la sesta edizione - Bellunopress - Dolomiti<\/title>\n<meta name=\"robots\" content=\"index, follow, max-snippet:-1, max-image-preview:large, max-video-preview:-1\" \/>\n<link rel=\"canonical\" href=\"https:\/\/www.bellunopress.it\/fr\/2026\/06\/24\/il-cielo-sopra-belluno-under-35-dal-26-giugno-all11-luglio-la-sesta-edizione\/\" \/>\n<meta property=\"og:locale\" content=\"fr_FR\" \/>\n<meta property=\"og:type\" content=\"article\" \/>\n<meta property=\"og:title\" content=\"Il Cielo sopra Belluno under 35: dal 26 giugno all&#039;11 luglio la sesta edizione - Bellunopress - Dolomiti\" \/>\n<meta property=\"og:description\" content=\"Un Festival che porta a Belluno i migliori autori del teatro contemporaneo Under 35. Cinque imperdibili eventi alla Casa delle Arti Belluno, 24\/06\/2026 &#8211; Si \u00e8 tenuta ieri mattina in Sala Giunta del Comune di Belluno, alla presenza dell\u2019Assessore alla cultura Raffaele Addamiano, la conferenza stampa di presentazione della sesta edizione de Il Cielo sopra [&hellip;]\" \/>\n<meta property=\"og:url\" content=\"https:\/\/www.bellunopress.it\/fr\/2026\/06\/24\/il-cielo-sopra-belluno-under-35-dal-26-giugno-all11-luglio-la-sesta-edizione\/\" \/>\n<meta property=\"og:site_name\" content=\"Bellunopress - Dolomiti\" \/>\n<meta property=\"article:publisher\" content=\"https:\/\/www.facebook.com\/profile.php?id=100008943462799\" \/>\n<meta property=\"article:published_time\" content=\"2026-06-24T06:17:49+00:00\" \/>\n<meta property=\"og:image\" content=\"https:\/\/www.bellunopress.it\/wp-content\/uploads\/2026\/06\/Il-cielo-sopra-belluno.jpg\" \/>\n\t<meta property=\"og:image:width\" content=\"350\" \/>\n\t<meta property=\"og:image:height\" content=\"500\" \/>\n\t<meta property=\"og:image:type\" content=\"image\/jpeg\" \/>\n<meta name=\"author\" content=\"redazione\" \/>\n<meta name=\"twitter:card\" content=\"summary_large_image\" \/>\n<meta name=\"twitter:creator\" content=\"@bellunopress\" \/>\n<meta name=\"twitter:site\" content=\"@bellunopress\" \/>\n<meta name=\"twitter:label1\" content=\"\u00c9crit par\" \/>\n\t<meta name=\"twitter:data1\" content=\"redazione\" \/>\n\t<meta name=\"twitter:label2\" content=\"Dur\u00e9e de lecture estim\u00e9e\" \/>\n\t<meta name=\"twitter:data2\" content=\"14 minutes\" \/>\n<script type=\"application\/ld+json\" class=\"yoast-schema-graph\">{\"@context\":\"https:\\\/\\\/schema.org\",\"@graph\":[{\"@type\":\"Article\",\"@id\":\"https:\\\/\\\/www.bellunopress.it\\\/2026\\\/06\\\/24\\\/il-cielo-sopra-belluno-under-35-dal-26-giugno-all11-luglio-la-sesta-edizione\\\/#article\",\"isPartOf\":{\"@id\":\"https:\\\/\\\/www.bellunopress.it\\\/2026\\\/06\\\/24\\\/il-cielo-sopra-belluno-under-35-dal-26-giugno-all11-luglio-la-sesta-edizione\\\/\"},\"author\":{\"name\":\"redazione\",\"@id\":\"https:\\\/\\\/www.bellunopress.it\\\/#\\\/schema\\\/person\\\/79bb06722b37ece1c03d3e94beb30d73\"},\"headline\":\"Il Cielo sopra Belluno under 35: dal 26 giugno all&#8217;11 luglio la sesta edizione\",\"datePublished\":\"2026-06-24T06:17:49+00:00\",\"mainEntityOfPage\":{\"@id\":\"https:\\\/\\\/www.bellunopress.it\\\/2026\\\/06\\\/24\\\/il-cielo-sopra-belluno-under-35-dal-26-giugno-all11-luglio-la-sesta-edizione\\\/\"},\"wordCount\":2448,\"publisher\":{\"@id\":\"https:\\\/\\\/www.bellunopress.it\\\/#organization\"},\"image\":{\"@id\":\"https:\\\/\\\/www.bellunopress.it\\\/2026\\\/06\\\/24\\\/il-cielo-sopra-belluno-under-35-dal-26-giugno-all11-luglio-la-sesta-edizione\\\/#primaryimage\"},\"thumbnailUrl\":\"https:\\\/\\\/www.bellunopress.it\\\/wp-content\\\/uploads\\\/2026\\\/06\\\/Il-cielo-sopra-belluno.jpg\",\"articleSection\":[\"Appuntamenti, Eventi\",\"Arte, Cultura, Spettacoli, Scienza\",\"Pausa Caff\u00e8\"],\"inLanguage\":\"fr-FR\"},{\"@type\":\"WebPage\",\"@id\":\"https:\\\/\\\/www.bellunopress.it\\\/2026\\\/06\\\/24\\\/il-cielo-sopra-belluno-under-35-dal-26-giugno-all11-luglio-la-sesta-edizione\\\/\",\"url\":\"https:\\\/\\\/www.bellunopress.it\\\/2026\\\/06\\\/24\\\/il-cielo-sopra-belluno-under-35-dal-26-giugno-all11-luglio-la-sesta-edizione\\\/\",\"name\":\"Il Cielo sopra Belluno under 35: dal 26 giugno all'11 luglio la sesta edizione - Bellunopress - Dolomiti\",\"isPartOf\":{\"@id\":\"https:\\\/\\\/www.bellunopress.it\\\/#website\"},\"primaryImageOfPage\":{\"@id\":\"https:\\\/\\\/www.bellunopress.it\\\/2026\\\/06\\\/24\\\/il-cielo-sopra-belluno-under-35-dal-26-giugno-all11-luglio-la-sesta-edizione\\\/#primaryimage\"},\"image\":{\"@id\":\"https:\\\/\\\/www.bellunopress.it\\\/2026\\\/06\\\/24\\\/il-cielo-sopra-belluno-under-35-dal-26-giugno-all11-luglio-la-sesta-edizione\\\/#primaryimage\"},\"thumbnailUrl\":\"https:\\\/\\\/www.bellunopress.it\\\/wp-content\\\/uploads\\\/2026\\\/06\\\/Il-cielo-sopra-belluno.jpg\",\"datePublished\":\"2026-06-24T06:17:49+00:00\",\"breadcrumb\":{\"@id\":\"https:\\\/\\\/www.bellunopress.it\\\/2026\\\/06\\\/24\\\/il-cielo-sopra-belluno-under-35-dal-26-giugno-all11-luglio-la-sesta-edizione\\\/#breadcrumb\"},\"inLanguage\":\"fr-FR\",\"potentialAction\":[{\"@type\":\"ReadAction\",\"target\":[\"https:\\\/\\\/www.bellunopress.it\\\/2026\\\/06\\\/24\\\/il-cielo-sopra-belluno-under-35-dal-26-giugno-all11-luglio-la-sesta-edizione\\\/\"]}]},{\"@type\":\"ImageObject\",\"inLanguage\":\"fr-FR\",\"@id\":\"https:\\\/\\\/www.bellunopress.it\\\/2026\\\/06\\\/24\\\/il-cielo-sopra-belluno-under-35-dal-26-giugno-all11-luglio-la-sesta-edizione\\\/#primaryimage\",\"url\":\"https:\\\/\\\/www.bellunopress.it\\\/wp-content\\\/uploads\\\/2026\\\/06\\\/Il-cielo-sopra-belluno.jpg\",\"contentUrl\":\"https:\\\/\\\/www.bellunopress.it\\\/wp-content\\\/uploads\\\/2026\\\/06\\\/Il-cielo-sopra-belluno.jpg\",\"width\":350,\"height\":500},{\"@type\":\"BreadcrumbList\",\"@id\":\"https:\\\/\\\/www.bellunopress.it\\\/2026\\\/06\\\/24\\\/il-cielo-sopra-belluno-under-35-dal-26-giugno-all11-luglio-la-sesta-edizione\\\/#breadcrumb\",\"itemListElement\":[{\"@type\":\"ListItem\",\"position\":1,\"name\":\"Home\",\"item\":\"https:\\\/\\\/www.bellunopress.it\\\/\"},{\"@type\":\"ListItem\",\"position\":2,\"name\":\"Il Cielo sopra Belluno under 35: dal 26 giugno all&#8217;11 luglio la sesta edizione\"}]},{\"@type\":\"WebSite\",\"@id\":\"https:\\\/\\\/www.bellunopress.it\\\/#website\",\"url\":\"https:\\\/\\\/www.bellunopress.it\\\/\",\"name\":\"Bellunopress - Dolomiti\",\"description\":\"e-mail: redazione@bellunopress.it\",\"publisher\":{\"@id\":\"https:\\\/\\\/www.bellunopress.it\\\/#organization\"},\"potentialAction\":[{\"@type\":\"SearchAction\",\"target\":{\"@type\":\"EntryPoint\",\"urlTemplate\":\"https:\\\/\\\/www.bellunopress.it\\\/?s={search_term_string}\"},\"query-input\":{\"@type\":\"PropertyValueSpecification\",\"valueRequired\":true,\"valueName\":\"search_term_string\"}}],\"inLanguage\":\"fr-FR\"},{\"@type\":\"Organization\",\"@id\":\"https:\\\/\\\/www.bellunopress.it\\\/#organization\",\"name\":\"Bellunopress\",\"url\":\"https:\\\/\\\/www.bellunopress.it\\\/\",\"logo\":{\"@type\":\"ImageObject\",\"inLanguage\":\"fr-FR\",\"@id\":\"https:\\\/\\\/www.bellunopress.it\\\/#\\\/schema\\\/logo\\\/image\\\/\",\"url\":\"https:\\\/\\\/www.bellunopress.it\\\/wp-content\\\/uploads\\\/2011\\\/05\\\/cropped-logo-bellunopress-.jpg\",\"contentUrl\":\"https:\\\/\\\/www.bellunopress.it\\\/wp-content\\\/uploads\\\/2011\\\/05\\\/cropped-logo-bellunopress-.jpg\",\"width\":512,\"height\":512,\"caption\":\"Bellunopress\"},\"image\":{\"@id\":\"https:\\\/\\\/www.bellunopress.it\\\/#\\\/schema\\\/logo\\\/image\\\/\"},\"sameAs\":[\"https:\\\/\\\/www.facebook.com\\\/profile.php?id=100008943462799\",\"https:\\\/\\\/x.com\\\/bellunopress\",\"https:\\\/\\\/www.linkedin.com\\\/hp\\\/?dnr=JBzUWaJfMUw8vbXJJ2tVW5-I3jZKvC4wsoxE&amp;amp;amp;amp;amp;amp;trk=nav_responsive_tab_home\",\"https:\\\/\\\/www.youtube.com\\\/channel\\\/UCxL0wu1uN0_3_7hGG0306cw\"]},{\"@type\":\"Person\",\"@id\":\"https:\\\/\\\/www.bellunopress.it\\\/#\\\/schema\\\/person\\\/79bb06722b37ece1c03d3e94beb30d73\",\"name\":\"redazione\",\"image\":{\"@type\":\"ImageObject\",\"inLanguage\":\"fr-FR\",\"@id\":\"https:\\\/\\\/secure.gravatar.com\\\/avatar\\\/37d968a2e67a6fd04c169c4bdef102d0bc5d31b2546345219e348575eb80e9a0?s=96&d=mm&r=g\",\"url\":\"https:\\\/\\\/secure.gravatar.com\\\/avatar\\\/37d968a2e67a6fd04c169c4bdef102d0bc5d31b2546345219e348575eb80e9a0?s=96&d=mm&r=g\",\"contentUrl\":\"https:\\\/\\\/secure.gravatar.com\\\/avatar\\\/37d968a2e67a6fd04c169c4bdef102d0bc5d31b2546345219e348575eb80e9a0?s=96&d=mm&r=g\",\"caption\":\"redazione\"},\"sameAs\":[\"http:\\\/\\\/www.bellunopress.it\",\"https:\\\/\\\/x.com\\\/bellunopress\"],\"url\":\"https:\\\/\\\/www.bellunopress.it\\\/fr\\\/author\\\/redazione\\\/\"}]}<\/script>\n<!-- \/ Yoast SEO plugin. -->","yoast_head_json":{"title":"Il Cielo sopra Belluno under 35: dal 26 giugno all'11 luglio la sesta edizione - Bellunopress - Dolomiti","robots":{"index":"index","follow":"follow","max-snippet":"max-snippet:-1","max-image-preview":"max-image-preview:large","max-video-preview":"max-video-preview:-1"},"canonical":"https:\/\/www.bellunopress.it\/fr\/2026\/06\/24\/il-cielo-sopra-belluno-under-35-dal-26-giugno-all11-luglio-la-sesta-edizione\/","og_locale":"fr_FR","og_type":"article","og_title":"Il Cielo sopra Belluno under 35: dal 26 giugno all'11 luglio la sesta edizione - Bellunopress - Dolomiti","og_description":"Un Festival che porta a Belluno i migliori autori del teatro contemporaneo Under 35. Cinque imperdibili eventi alla Casa delle Arti Belluno, 24\/06\/2026 &#8211; Si \u00e8 tenuta ieri mattina in Sala Giunta del Comune di Belluno, alla presenza dell\u2019Assessore alla cultura Raffaele Addamiano, la conferenza stampa di presentazione della sesta edizione de Il Cielo sopra [&hellip;]","og_url":"https:\/\/www.bellunopress.it\/fr\/2026\/06\/24\/il-cielo-sopra-belluno-under-35-dal-26-giugno-all11-luglio-la-sesta-edizione\/","og_site_name":"Bellunopress - Dolomiti","article_publisher":"https:\/\/www.facebook.com\/profile.php?id=100008943462799","article_published_time":"2026-06-24T06:17:49+00:00","og_image":[{"width":350,"height":500,"url":"https:\/\/www.bellunopress.it\/wp-content\/uploads\/2026\/06\/Il-cielo-sopra-belluno.jpg","type":"image\/jpeg"}],"author":"redazione","twitter_card":"summary_large_image","twitter_creator":"@bellunopress","twitter_site":"@bellunopress","twitter_misc":{"\u00c9crit par":"redazione","Dur\u00e9e de lecture estim\u00e9e":"14 minutes"},"schema":{"@context":"https:\/\/schema.org","@graph":[{"@type":"Article","@id":"https:\/\/www.bellunopress.it\/2026\/06\/24\/il-cielo-sopra-belluno-under-35-dal-26-giugno-all11-luglio-la-sesta-edizione\/#article","isPartOf":{"@id":"https:\/\/www.bellunopress.it\/2026\/06\/24\/il-cielo-sopra-belluno-under-35-dal-26-giugno-all11-luglio-la-sesta-edizione\/"},"author":{"name":"redazione","@id":"https:\/\/www.bellunopress.it\/#\/schema\/person\/79bb06722b37ece1c03d3e94beb30d73"},"headline":"Il Cielo sopra Belluno under 35: dal 26 giugno all&#8217;11 luglio la sesta edizione","datePublished":"2026-06-24T06:17:49+00:00","mainEntityOfPage":{"@id":"https:\/\/www.bellunopress.it\/2026\/06\/24\/il-cielo-sopra-belluno-under-35-dal-26-giugno-all11-luglio-la-sesta-edizione\/"},"wordCount":2448,"publisher":{"@id":"https:\/\/www.bellunopress.it\/#organization"},"image":{"@id":"https:\/\/www.bellunopress.it\/2026\/06\/24\/il-cielo-sopra-belluno-under-35-dal-26-giugno-all11-luglio-la-sesta-edizione\/#primaryimage"},"thumbnailUrl":"https:\/\/www.bellunopress.it\/wp-content\/uploads\/2026\/06\/Il-cielo-sopra-belluno.jpg","articleSection":["Appuntamenti, Eventi","Arte, Cultura, Spettacoli, Scienza","Pausa Caff\u00e8"],"inLanguage":"fr-FR"},{"@type":"WebPage","@id":"https:\/\/www.bellunopress.it\/2026\/06\/24\/il-cielo-sopra-belluno-under-35-dal-26-giugno-all11-luglio-la-sesta-edizione\/","url":"https:\/\/www.bellunopress.it\/2026\/06\/24\/il-cielo-sopra-belluno-under-35-dal-26-giugno-all11-luglio-la-sesta-edizione\/","name":"Il Cielo sopra Belluno under 35: dal 26 giugno all'11 luglio la sesta edizione - Bellunopress - Dolomiti","isPartOf":{"@id":"https:\/\/www.bellunopress.it\/#website"},"primaryImageOfPage":{"@id":"https:\/\/www.bellunopress.it\/2026\/06\/24\/il-cielo-sopra-belluno-under-35-dal-26-giugno-all11-luglio-la-sesta-edizione\/#primaryimage"},"image":{"@id":"https:\/\/www.bellunopress.it\/2026\/06\/24\/il-cielo-sopra-belluno-under-35-dal-26-giugno-all11-luglio-la-sesta-edizione\/#primaryimage"},"thumbnailUrl":"https:\/\/www.bellunopress.it\/wp-content\/uploads\/2026\/06\/Il-cielo-sopra-belluno.jpg","datePublished":"2026-06-24T06:17:49+00:00","breadcrumb":{"@id":"https:\/\/www.bellunopress.it\/2026\/06\/24\/il-cielo-sopra-belluno-under-35-dal-26-giugno-all11-luglio-la-sesta-edizione\/#breadcrumb"},"inLanguage":"fr-FR","potentialAction":[{"@type":"ReadAction","target":["https:\/\/www.bellunopress.it\/2026\/06\/24\/il-cielo-sopra-belluno-under-35-dal-26-giugno-all11-luglio-la-sesta-edizione\/"]}]},{"@type":"ImageObject","inLanguage":"fr-FR","@id":"https:\/\/www.bellunopress.it\/2026\/06\/24\/il-cielo-sopra-belluno-under-35-dal-26-giugno-all11-luglio-la-sesta-edizione\/#primaryimage","url":"https:\/\/www.bellunopress.it\/wp-content\/uploads\/2026\/06\/Il-cielo-sopra-belluno.jpg","contentUrl":"https:\/\/www.bellunopress.it\/wp-content\/uploads\/2026\/06\/Il-cielo-sopra-belluno.jpg","width":350,"height":500},{"@type":"BreadcrumbList","@id":"https:\/\/www.bellunopress.it\/2026\/06\/24\/il-cielo-sopra-belluno-under-35-dal-26-giugno-all11-luglio-la-sesta-edizione\/#breadcrumb","itemListElement":[{"@type":"ListItem","position":1,"name":"Home","item":"https:\/\/www.bellunopress.it\/"},{"@type":"ListItem","position":2,"name":"Il Cielo sopra Belluno under 35: dal 26 giugno all&#8217;11 luglio la sesta edizione"}]},{"@type":"WebSite","@id":"https:\/\/www.bellunopress.it\/#website","url":"https:\/\/www.bellunopress.it\/","name":"Bellunopress - Dolomiti","description":"e-mail: redazione@bellunopress.it","publisher":{"@id":"https:\/\/www.bellunopress.it\/#organization"},"potentialAction":[{"@type":"SearchAction","target":{"@type":"EntryPoint","urlTemplate":"https:\/\/www.bellunopress.it\/?s={search_term_string}"},"query-input":{"@type":"PropertyValueSpecification","valueRequired":true,"valueName":"search_term_string"}}],"inLanguage":"fr-FR"},{"@type":"Organization","@id":"https:\/\/www.bellunopress.it\/#organization","name":"Bellunopress","url":"https:\/\/www.bellunopress.it\/","logo":{"@type":"ImageObject","inLanguage":"fr-FR","@id":"https:\/\/www.bellunopress.it\/#\/schema\/logo\/image\/","url":"https:\/\/www.bellunopress.it\/wp-content\/uploads\/2011\/05\/cropped-logo-bellunopress-.jpg","contentUrl":"https:\/\/www.bellunopress.it\/wp-content\/uploads\/2011\/05\/cropped-logo-bellunopress-.jpg","width":512,"height":512,"caption":"Bellunopress"},"image":{"@id":"https:\/\/www.bellunopress.it\/#\/schema\/logo\/image\/"},"sameAs":["https:\/\/www.facebook.com\/profile.php?id=100008943462799","https:\/\/x.com\/bellunopress","https:\/\/www.linkedin.com\/hp\/?dnr=JBzUWaJfMUw8vbXJJ2tVW5-I3jZKvC4wsoxE&amp;amp;amp;amp;amp;amp;trk=nav_responsive_tab_home","https:\/\/www.youtube.com\/channel\/UCxL0wu1uN0_3_7hGG0306cw"]},{"@type":"Person","@id":"https:\/\/www.bellunopress.it\/#\/schema\/person\/79bb06722b37ece1c03d3e94beb30d73","name":"r\u00e9daction","image":{"@type":"ImageObject","inLanguage":"fr-FR","@id":"https:\/\/secure.gravatar.com\/avatar\/37d968a2e67a6fd04c169c4bdef102d0bc5d31b2546345219e348575eb80e9a0?s=96&d=mm&r=g","url":"https:\/\/secure.gravatar.com\/avatar\/37d968a2e67a6fd04c169c4bdef102d0bc5d31b2546345219e348575eb80e9a0?s=96&d=mm&r=g","contentUrl":"https:\/\/secure.gravatar.com\/avatar\/37d968a2e67a6fd04c169c4bdef102d0bc5d31b2546345219e348575eb80e9a0?s=96&d=mm&r=g","caption":"redazione"},"sameAs":["http:\/\/www.bellunopress.it","https:\/\/x.com\/bellunopress"],"url":"https:\/\/www.bellunopress.it\/fr\/author\/redazione\/"}]}},"_links":{"self":[{"href":"https:\/\/www.bellunopress.it\/fr\/wp-json\/wp\/v2\/posts\/171343","targetHints":{"allow":["GET"]}}],"collection":[{"href":"https:\/\/www.bellunopress.it\/fr\/wp-json\/wp\/v2\/posts"}],"about":[{"href":"https:\/\/www.bellunopress.it\/fr\/wp-json\/wp\/v2\/types\/post"}],"author":[{"embeddable":true,"href":"https:\/\/www.bellunopress.it\/fr\/wp-json\/wp\/v2\/users\/2"}],"replies":[{"embeddable":true,"href":"https:\/\/www.bellunopress.it\/fr\/wp-json\/wp\/v2\/comments?post=171343"}],"version-history":[{"count":1,"href":"https:\/\/www.bellunopress.it\/fr\/wp-json\/wp\/v2\/posts\/171343\/revisions"}],"predecessor-version":[{"id":171345,"href":"https:\/\/www.bellunopress.it\/fr\/wp-json\/wp\/v2\/posts\/171343\/revisions\/171345"}],"wp:featuredmedia":[{"embeddable":true,"href":"https:\/\/www.bellunopress.it\/fr\/wp-json\/wp\/v2\/media\/171344"}],"wp:attachment":[{"href":"https:\/\/www.bellunopress.it\/fr\/wp-json\/wp\/v2\/media?parent=171343"}],"wp:term":[{"taxonomy":"category","embeddable":true,"href":"https:\/\/www.bellunopress.it\/fr\/wp-json\/wp\/v2\/categories?post=171343"},{"taxonomy":"post_tag","embeddable":true,"href":"https:\/\/www.bellunopress.it\/fr\/wp-json\/wp\/v2\/tags?post=171343"}],"curies":[{"name":"wp","href":"https:\/\/api.w.org\/{rel}","templated":true}]}}