{"id":171238,"date":"2026-06-23T15:04:58","date_gmt":"2026-06-23T13:04:58","guid":{"rendered":"https:\/\/www.bellunopress.it\/?p=171238"},"modified":"2026-06-23T15:07:24","modified_gmt":"2026-06-23T13:07:24","slug":"gli-albergatori-di-cortina-rinnovano-la-partnership-strategica-con-umana","status":"publish","type":"post","link":"https:\/\/www.bellunopress.it\/fr\/2026\/06\/23\/gli-albergatori-di-cortina-rinnovano-la-partnership-strategica-con-umana\/","title":{"rendered":"Gli albergatori di Cortina rinnovano la partnership strategica con Umana. Marted\u00ec l&#8217;assemblea pubblica"},"content":{"rendered":"<p>Cortina d&#8217;Ampezzo, giugno 2026 \u2013 All\u2019indomani dell\u2019apertura ufficiale della stagione estiva, l\u2019Associazione degli Albergatori di Cortina rinnova la partnership strategicacon Umana Spa.<\/p>\n<p>Un impegno che si propone di andare oltre la semplice ricerca dipersonale qualificato per abbracciare una progettualit\u00e0 pi\u00f9 ampia legata alla valorizzazione del capitale umano quale risorsa primaria per la crescita reale del territorio. Il sodalizio, avviato nel 2024, si \u00e8 infatti via via consolidato nel tempo anche e soprattutto attraverso il reciproco coinvolgimento in eventi volti alla diffusione di una cultura turistica che metta le persone al centro del proprio approccio. Lavolont\u00e0 \u00e8 quella di continuare a investire, scommettendo soprattutto sulle nuove generazioni e sui talenti locali e garantendo reali opportunit\u00e0 di maturazione professionale in un momento storico in cui il volto della Conca sta cambiando cos\u00ec come sta aumentando il suo appeal agli occhi del mondo.<\/p>\n<p>L\u2019accordo ribadisce dunque la comunione di intenti tra i professionisti dell\u2019ospitalit\u00e0 ampezzana e uno dei principali player italiani di servizi HR, riaffermandola nella forma e rafforzandola nel contenuto, laddove nel corso degli ultimi 12 mesi &#8211; caratterizzati oltretutto dall\u2019attesa e dal successivo svolgimento dei Giochi invernali 2026 \u2013 Umana Spa \u00e8 stata pi\u00f9 volte chiamata a intervenire durante eventi e incontri non soltanto inqualit\u00e0 di main sponsor, ma anche in virt\u00f9 della sua esperienza diretta su un tema da sempre caro al settore dell\u2019hospitality. Testimonianza che avr\u00e0 peraltro un ruolo centrale durante la prossima Assemblea Pubblica dell\u2019Associazione in programma marted\u00ec 30 giugno e incentrata proprio sul valore aggiunto del capitale umano, con una riflessione sull\u2019attrattivit\u00e0 della Regina delle Dolomiti per l\u2019utenza dei lavoratori, tra criticit\u00e0 epossibili soluzioni.<\/p>\n<figure id=\"attachment_167699\" aria-describedby=\"caption-attachment-167699\" style=\"width: 538px\" class=\"wp-caption aligncenter\"><img loading=\"lazy\" decoding=\"async\" class=\"size-full wp-image-167699\" src=\"https:\/\/www.bellunopress.it\/wp-content\/uploads\/2026\/02\/Sandra-Ruatti.jpg\" alt=\"\" width=\"538\" height=\"600\" srcset=\"https:\/\/www.bellunopress.it\/wp-content\/uploads\/2026\/02\/Sandra-Ruatti.jpg 538w, https:\/\/www.bellunopress.it\/wp-content\/uploads\/2026\/02\/Sandra-Ruatti-448x500.jpg 448w, https:\/\/www.bellunopress.it\/wp-content\/uploads\/2026\/02\/Sandra-Ruatti-377x420.jpg 377w, https:\/\/www.bellunopress.it\/wp-content\/uploads\/2026\/02\/Sandra-Ruatti-150x167.jpg 150w, https:\/\/www.bellunopress.it\/wp-content\/uploads\/2026\/02\/Sandra-Ruatti-300x335.jpg 300w\" sizes=\"auto, (max-width: 538px) 100vw, 538px\" \/><figcaption id=\"caption-attachment-167699\" class=\"wp-caption-text\">Sandra Ruatti &#8211; Presidente dell\u2019Associazione degli Albergatori di Cortina d&#8217;Ampezzo<\/figcaption><\/figure>\n<p>\u201cLo sviluppo di una destinazione come la nostra e la conseguente ottimizzazione dell\u2019offerta turistica &#8211; commenta Sandra Ruatti, Presidente dell\u2019Associazione degli Albergatori di Cortina &#8211; passano anche e soprattutto da una corretta gestione e formazione delle risorse. Da questo punto di vista Umana rappresenta pernoi un interlocutore di rilevo e un punto di riferimento fondamentale. Non \u00e8 un mistero, infatti, che il settore horeca da tempo patisca gli effetti del gap tra domanda e offerta di personale qualificato. Effetti che si fanno sentire in maniera ancora pi\u00f9 stringente nei periodi di alta e altissima stagione. Sapere di poter contare su un partner affidabile in grado di rispondere in modo puntuale e costante alle esigenzedella categoria \u00e8 certamente un plus. Non solo: data la nostra volont\u00e0 di promuovereun dialogo aperto con enti e istituzioni su tematiche di interesse generale perl\u2019evoluzione del territorio, quello che \u00e8 diventato evidente in questi due anni di collaborazione \u00e8 proprio il fatto che, al di l\u00e0 dell\u2019accordo in s\u00e9, si sia profondamente radicata la relazione tra le nostre due realt\u00e0, e si sia concretizzata in interventi e riflessioni preziose per costruire insieme il futuro della localit\u00e0.\u201d<\/p>\n<p>Per Giuseppe Venier, amministratore delegato di Umana \u00abIl rinnovo della partnership tra Umana e l\u2019Associazione degli Albergatori di Cortina rappresenta un passo concreto verso un obiettivo condiviso: attrarre talenti qualificati e favorire un incontro sempre pi\u00f9 efficace tra domanda e offerta di lavoro in un comparto strategicoe in continua evoluzione. Lavorare al fianco dell\u2019Associazione degli Albergatori di Cortina significa per noi continuare a investire nello sviluppo del territorio e nella valorizzazione delle sue eccellenze, sostenendo le imprese nella ricerca delle professionalit\u00e0 di cui hanno bisogno e offrendo alle persone opportunit\u00e0 reali di crescita professionale. Siamo convinti che la collaborazione tra imprese, associazioni e operatori del lavoro sia la chiave per costruire occupazione di qualit\u00e0 e rafforzare la competitivit\u00e0 del sistema turistico locale\u00bb.<\/p>","protected":false},"excerpt":{"rendered":"<p>Cortina d&#8217;Ampezzo, giugno 2026 \u2013 All\u2019indomani dell\u2019apertura ufficiale della stagione estiva, l\u2019Associazione degli Albergatori di Cortina rinnova la partnership strategicacon Umana Spa. Un impegno che si propone di andare oltre la semplice ricerca dipersonale qualificato per abbracciare una progettualit\u00e0 pi\u00f9 ampia legata alla valorizzazione del capitale umano quale risorsa primaria per la crescita reale del [&hellip;]<\/p>\n","protected":false},"author":2,"featured_media":171240,"comment_status":"closed","ping_status":"open","sticky":false,"template":"","format":"standard","meta":{"footnotes":""},"categories":[36,26],"tags":[],"class_list":["post-171238","post","type-post","status-publish","format-standard","has-post-thumbnail","category-lavoro-economia","category-prima-pagina"],"yoast_head":"<!-- This site is optimized with the Yoast SEO plugin v28.4 - https:\/\/yoast.com\/product\/yoast-seo-wordpress\/ -->\n<title>Gli albergatori di Cortina rinnovano la partnership strategica con Umana. Marted\u00ec l&#039;assemblea pubblica - Bellunopress - Dolomiti<\/title>\n<meta name=\"robots\" content=\"index, follow, max-snippet:-1, max-image-preview:large, max-video-preview:-1\" \/>\n<link rel=\"canonical\" href=\"https:\/\/www.bellunopress.it\/fr\/2026\/06\/23\/gli-albergatori-di-cortina-rinnovano-la-partnership-strategica-con-umana\/\" \/>\n<meta property=\"og:locale\" content=\"fr_FR\" \/>\n<meta property=\"og:type\" content=\"article\" \/>\n<meta property=\"og:title\" content=\"Gli albergatori di Cortina rinnovano la partnership strategica con Umana. Marted\u00ec l&#039;assemblea pubblica - Bellunopress - Dolomiti\" \/>\n<meta property=\"og:description\" content=\"Cortina d&#8217;Ampezzo, giugno 2026 \u2013 All\u2019indomani dell\u2019apertura ufficiale della stagione estiva, l\u2019Associazione degli Albergatori di Cortina rinnova la partnership strategicacon Umana Spa. Un impegno che si propone di andare oltre la semplice ricerca dipersonale qualificato per abbracciare una progettualit\u00e0 pi\u00f9 ampia legata alla valorizzazione del capitale umano quale risorsa primaria per la crescita reale del [&hellip;]\" \/>\n<meta property=\"og:url\" content=\"https:\/\/www.bellunopress.it\/fr\/2026\/06\/23\/gli-albergatori-di-cortina-rinnovano-la-partnership-strategica-con-umana\/\" \/>\n<meta property=\"og:site_name\" content=\"Bellunopress - Dolomiti\" \/>\n<meta property=\"article:publisher\" content=\"https:\/\/www.facebook.com\/profile.php?id=100008943462799\" \/>\n<meta property=\"article:published_time\" content=\"2026-06-23T13:04:58+00:00\" \/>\n<meta property=\"article:modified_time\" content=\"2026-06-23T13:07:24+00:00\" \/>\n<meta property=\"og:image\" content=\"https:\/\/www.bellunopress.it\/wp-content\/uploads\/2026\/06\/Oltre-il-turismo-albergatori-cortina.jpg\" \/>\n\t<meta property=\"og:image:width\" content=\"373\" \/>\n\t<meta property=\"og:image:height\" content=\"500\" \/>\n\t<meta property=\"og:image:type\" content=\"image\/jpeg\" \/>\n<meta name=\"author\" content=\"redazione\" \/>\n<meta name=\"twitter:card\" content=\"summary_large_image\" \/>\n<meta name=\"twitter:creator\" content=\"@bellunopress\" \/>\n<meta name=\"twitter:site\" content=\"@bellunopress\" \/>\n<meta name=\"twitter:label1\" content=\"Written by\" \/>\n\t<meta name=\"twitter:data1\" content=\"redazione\" \/>\n\t<meta name=\"twitter:label2\" content=\"Est. reading time\" \/>\n\t<meta name=\"twitter:data2\" content=\"4 minutes\" \/>\n<script type=\"application\/ld+json\" class=\"yoast-schema-graph\">{\"@context\":\"https:\\\/\\\/schema.org\",\"@graph\":[{\"@type\":\"Article\",\"@id\":\"https:\\\/\\\/www.bellunopress.it\\\/2026\\\/06\\\/23\\\/gli-albergatori-di-cortina-rinnovano-la-partnership-strategica-con-umana\\\/#article\",\"isPartOf\":{\"@id\":\"https:\\\/\\\/www.bellunopress.it\\\/2026\\\/06\\\/23\\\/gli-albergatori-di-cortina-rinnovano-la-partnership-strategica-con-umana\\\/\"},\"author\":{\"name\":\"redazione\",\"@id\":\"https:\\\/\\\/www.bellunopress.it\\\/#\\\/schema\\\/person\\\/79bb06722b37ece1c03d3e94beb30d73\"},\"headline\":\"Gli albergatori di Cortina rinnovano la partnership strategica con Umana. Marted\u00ec l&#8217;assemblea pubblica\",\"datePublished\":\"2026-06-23T13:04:58+00:00\",\"dateModified\":\"2026-06-23T13:07:24+00:00\",\"mainEntityOfPage\":{\"@id\":\"https:\\\/\\\/www.bellunopress.it\\\/2026\\\/06\\\/23\\\/gli-albergatori-di-cortina-rinnovano-la-partnership-strategica-con-umana\\\/\"},\"wordCount\":615,\"publisher\":{\"@id\":\"https:\\\/\\\/www.bellunopress.it\\\/#organization\"},\"image\":{\"@id\":\"https:\\\/\\\/www.bellunopress.it\\\/2026\\\/06\\\/23\\\/gli-albergatori-di-cortina-rinnovano-la-partnership-strategica-con-umana\\\/#primaryimage\"},\"thumbnailUrl\":\"https:\\\/\\\/www.bellunopress.it\\\/wp-content\\\/uploads\\\/2026\\\/06\\\/Oltre-il-turismo-albergatori-cortina.jpg\",\"articleSection\":[\"Lavoro, Economia, Turismo\",\"Prima Pagina\"],\"inLanguage\":\"fr-FR\"},{\"@type\":\"WebPage\",\"@id\":\"https:\\\/\\\/www.bellunopress.it\\\/2026\\\/06\\\/23\\\/gli-albergatori-di-cortina-rinnovano-la-partnership-strategica-con-umana\\\/\",\"url\":\"https:\\\/\\\/www.bellunopress.it\\\/2026\\\/06\\\/23\\\/gli-albergatori-di-cortina-rinnovano-la-partnership-strategica-con-umana\\\/\",\"name\":\"Gli albergatori di Cortina rinnovano la partnership strategica con Umana. Marted\u00ec l'assemblea pubblica - Bellunopress - Dolomiti\",\"isPartOf\":{\"@id\":\"https:\\\/\\\/www.bellunopress.it\\\/#website\"},\"primaryImageOfPage\":{\"@id\":\"https:\\\/\\\/www.bellunopress.it\\\/2026\\\/06\\\/23\\\/gli-albergatori-di-cortina-rinnovano-la-partnership-strategica-con-umana\\\/#primaryimage\"},\"image\":{\"@id\":\"https:\\\/\\\/www.bellunopress.it\\\/2026\\\/06\\\/23\\\/gli-albergatori-di-cortina-rinnovano-la-partnership-strategica-con-umana\\\/#primaryimage\"},\"thumbnailUrl\":\"https:\\\/\\\/www.bellunopress.it\\\/wp-content\\\/uploads\\\/2026\\\/06\\\/Oltre-il-turismo-albergatori-cortina.jpg\",\"datePublished\":\"2026-06-23T13:04:58+00:00\",\"dateModified\":\"2026-06-23T13:07:24+00:00\",\"breadcrumb\":{\"@id\":\"https:\\\/\\\/www.bellunopress.it\\\/2026\\\/06\\\/23\\\/gli-albergatori-di-cortina-rinnovano-la-partnership-strategica-con-umana\\\/#breadcrumb\"},\"inLanguage\":\"fr-FR\",\"potentialAction\":[{\"@type\":\"ReadAction\",\"target\":[\"https:\\\/\\\/www.bellunopress.it\\\/2026\\\/06\\\/23\\\/gli-albergatori-di-cortina-rinnovano-la-partnership-strategica-con-umana\\\/\"]}]},{\"@type\":\"ImageObject\",\"inLanguage\":\"fr-FR\",\"@id\":\"https:\\\/\\\/www.bellunopress.it\\\/2026\\\/06\\\/23\\\/gli-albergatori-di-cortina-rinnovano-la-partnership-strategica-con-umana\\\/#primaryimage\",\"url\":\"https:\\\/\\\/www.bellunopress.it\\\/wp-content\\\/uploads\\\/2026\\\/06\\\/Oltre-il-turismo-albergatori-cortina.jpg\",\"contentUrl\":\"https:\\\/\\\/www.bellunopress.it\\\/wp-content\\\/uploads\\\/2026\\\/06\\\/Oltre-il-turismo-albergatori-cortina.jpg\",\"width\":373,\"height\":500},{\"@type\":\"BreadcrumbList\",\"@id\":\"https:\\\/\\\/www.bellunopress.it\\\/2026\\\/06\\\/23\\\/gli-albergatori-di-cortina-rinnovano-la-partnership-strategica-con-umana\\\/#breadcrumb\",\"itemListElement\":[{\"@type\":\"ListItem\",\"position\":1,\"name\":\"Home\",\"item\":\"https:\\\/\\\/www.bellunopress.it\\\/\"},{\"@type\":\"ListItem\",\"position\":2,\"name\":\"Gli albergatori di Cortina rinnovano la partnership strategica con Umana. Marted\u00ec l&#8217;assemblea pubblica\"}]},{\"@type\":\"WebSite\",\"@id\":\"https:\\\/\\\/www.bellunopress.it\\\/#website\",\"url\":\"https:\\\/\\\/www.bellunopress.it\\\/\",\"name\":\"Bellunopress - Dolomiti\",\"description\":\"e-mail: redazione@bellunopress.it\",\"publisher\":{\"@id\":\"https:\\\/\\\/www.bellunopress.it\\\/#organization\"},\"potentialAction\":[{\"@type\":\"SearchAction\",\"target\":{\"@type\":\"EntryPoint\",\"urlTemplate\":\"https:\\\/\\\/www.bellunopress.it\\\/?s={search_term_string}\"},\"query-input\":{\"@type\":\"PropertyValueSpecification\",\"valueRequired\":true,\"valueName\":\"search_term_string\"}}],\"inLanguage\":\"fr-FR\"},{\"@type\":\"Organization\",\"@id\":\"https:\\\/\\\/www.bellunopress.it\\\/#organization\",\"name\":\"Bellunopress\",\"url\":\"https:\\\/\\\/www.bellunopress.it\\\/\",\"logo\":{\"@type\":\"ImageObject\",\"inLanguage\":\"fr-FR\",\"@id\":\"https:\\\/\\\/www.bellunopress.it\\\/#\\\/schema\\\/logo\\\/image\\\/\",\"url\":\"https:\\\/\\\/www.bellunopress.it\\\/wp-content\\\/uploads\\\/2011\\\/05\\\/cropped-logo-bellunopress-.jpg\",\"contentUrl\":\"https:\\\/\\\/www.bellunopress.it\\\/wp-content\\\/uploads\\\/2011\\\/05\\\/cropped-logo-bellunopress-.jpg\",\"width\":512,\"height\":512,\"caption\":\"Bellunopress\"},\"image\":{\"@id\":\"https:\\\/\\\/www.bellunopress.it\\\/#\\\/schema\\\/logo\\\/image\\\/\"},\"sameAs\":[\"https:\\\/\\\/www.facebook.com\\\/profile.php?id=100008943462799\",\"https:\\\/\\\/x.com\\\/bellunopress\",\"https:\\\/\\\/www.linkedin.com\\\/hp\\\/?dnr=JBzUWaJfMUw8vbXJJ2tVW5-I3jZKvC4wsoxE&amp;amp;amp;amp;amp;amp;trk=nav_responsive_tab_home\",\"https:\\\/\\\/www.youtube.com\\\/channel\\\/UCxL0wu1uN0_3_7hGG0306cw\"]},{\"@type\":\"Person\",\"@id\":\"https:\\\/\\\/www.bellunopress.it\\\/#\\\/schema\\\/person\\\/79bb06722b37ece1c03d3e94beb30d73\",\"name\":\"redazione\",\"image\":{\"@type\":\"ImageObject\",\"inLanguage\":\"fr-FR\",\"@id\":\"https:\\\/\\\/secure.gravatar.com\\\/avatar\\\/37d968a2e67a6fd04c169c4bdef102d0bc5d31b2546345219e348575eb80e9a0?s=96&d=mm&r=g\",\"url\":\"https:\\\/\\\/secure.gravatar.com\\\/avatar\\\/37d968a2e67a6fd04c169c4bdef102d0bc5d31b2546345219e348575eb80e9a0?s=96&d=mm&r=g\",\"contentUrl\":\"https:\\\/\\\/secure.gravatar.com\\\/avatar\\\/37d968a2e67a6fd04c169c4bdef102d0bc5d31b2546345219e348575eb80e9a0?s=96&d=mm&r=g\",\"caption\":\"redazione\"},\"sameAs\":[\"http:\\\/\\\/www.bellunopress.it\",\"https:\\\/\\\/x.com\\\/bellunopress\"],\"url\":\"https:\\\/\\\/www.bellunopress.it\\\/fr\\\/author\\\/redazione\\\/\"}]}<\/script>\n<!-- \/ Yoast SEO plugin. -->","yoast_head_json":{"title":"Gli albergatori di Cortina rinnovano la partnership strategica con Umana. Marted\u00ec l'assemblea pubblica - Bellunopress - Dolomiti","robots":{"index":"index","follow":"follow","max-snippet":"max-snippet:-1","max-image-preview":"max-image-preview:large","max-video-preview":"max-video-preview:-1"},"canonical":"https:\/\/www.bellunopress.it\/fr\/2026\/06\/23\/gli-albergatori-di-cortina-rinnovano-la-partnership-strategica-con-umana\/","og_locale":"fr_FR","og_type":"article","og_title":"Gli albergatori di Cortina rinnovano la partnership strategica con Umana. Marted\u00ec l'assemblea pubblica - Bellunopress - Dolomiti","og_description":"Cortina d&#8217;Ampezzo, giugno 2026 \u2013 All\u2019indomani dell\u2019apertura ufficiale della stagione estiva, l\u2019Associazione degli Albergatori di Cortina rinnova la partnership strategicacon Umana Spa. Un impegno che si propone di andare oltre la semplice ricerca dipersonale qualificato per abbracciare una progettualit\u00e0 pi\u00f9 ampia legata alla valorizzazione del capitale umano quale risorsa primaria per la crescita reale del [&hellip;]","og_url":"https:\/\/www.bellunopress.it\/fr\/2026\/06\/23\/gli-albergatori-di-cortina-rinnovano-la-partnership-strategica-con-umana\/","og_site_name":"Bellunopress - Dolomiti","article_publisher":"https:\/\/www.facebook.com\/profile.php?id=100008943462799","article_published_time":"2026-06-23T13:04:58+00:00","article_modified_time":"2026-06-23T13:07:24+00:00","og_image":[{"width":373,"height":500,"url":"https:\/\/www.bellunopress.it\/wp-content\/uploads\/2026\/06\/Oltre-il-turismo-albergatori-cortina.jpg","type":"image\/jpeg"}],"author":"redazione","twitter_card":"summary_large_image","twitter_creator":"@bellunopress","twitter_site":"@bellunopress","twitter_misc":{"Written by":"redazione","Est. reading time":"4 minutes"},"schema":{"@context":"https:\/\/schema.org","@graph":[{"@type":"Article","@id":"https:\/\/www.bellunopress.it\/2026\/06\/23\/gli-albergatori-di-cortina-rinnovano-la-partnership-strategica-con-umana\/#article","isPartOf":{"@id":"https:\/\/www.bellunopress.it\/2026\/06\/23\/gli-albergatori-di-cortina-rinnovano-la-partnership-strategica-con-umana\/"},"author":{"name":"redazione","@id":"https:\/\/www.bellunopress.it\/#\/schema\/person\/79bb06722b37ece1c03d3e94beb30d73"},"headline":"Gli albergatori di Cortina rinnovano la partnership strategica con Umana. Marted\u00ec l&#8217;assemblea pubblica","datePublished":"2026-06-23T13:04:58+00:00","dateModified":"2026-06-23T13:07:24+00:00","mainEntityOfPage":{"@id":"https:\/\/www.bellunopress.it\/2026\/06\/23\/gli-albergatori-di-cortina-rinnovano-la-partnership-strategica-con-umana\/"},"wordCount":615,"publisher":{"@id":"https:\/\/www.bellunopress.it\/#organization"},"image":{"@id":"https:\/\/www.bellunopress.it\/2026\/06\/23\/gli-albergatori-di-cortina-rinnovano-la-partnership-strategica-con-umana\/#primaryimage"},"thumbnailUrl":"https:\/\/www.bellunopress.it\/wp-content\/uploads\/2026\/06\/Oltre-il-turismo-albergatori-cortina.jpg","articleSection":["Lavoro, Economia, Turismo","Prima Pagina"],"inLanguage":"fr-FR"},{"@type":"WebPage","@id":"https:\/\/www.bellunopress.it\/2026\/06\/23\/gli-albergatori-di-cortina-rinnovano-la-partnership-strategica-con-umana\/","url":"https:\/\/www.bellunopress.it\/2026\/06\/23\/gli-albergatori-di-cortina-rinnovano-la-partnership-strategica-con-umana\/","name":"Gli albergatori di Cortina rinnovano la partnership strategica con Umana. Marted\u00ec l'assemblea pubblica - Bellunopress - Dolomiti","isPartOf":{"@id":"https:\/\/www.bellunopress.it\/#website"},"primaryImageOfPage":{"@id":"https:\/\/www.bellunopress.it\/2026\/06\/23\/gli-albergatori-di-cortina-rinnovano-la-partnership-strategica-con-umana\/#primaryimage"},"image":{"@id":"https:\/\/www.bellunopress.it\/2026\/06\/23\/gli-albergatori-di-cortina-rinnovano-la-partnership-strategica-con-umana\/#primaryimage"},"thumbnailUrl":"https:\/\/www.bellunopress.it\/wp-content\/uploads\/2026\/06\/Oltre-il-turismo-albergatori-cortina.jpg","datePublished":"2026-06-23T13:04:58+00:00","dateModified":"2026-06-23T13:07:24+00:00","breadcrumb":{"@id":"https:\/\/www.bellunopress.it\/2026\/06\/23\/gli-albergatori-di-cortina-rinnovano-la-partnership-strategica-con-umana\/#breadcrumb"},"inLanguage":"fr-FR","potentialAction":[{"@type":"ReadAction","target":["https:\/\/www.bellunopress.it\/2026\/06\/23\/gli-albergatori-di-cortina-rinnovano-la-partnership-strategica-con-umana\/"]}]},{"@type":"ImageObject","inLanguage":"fr-FR","@id":"https:\/\/www.bellunopress.it\/2026\/06\/23\/gli-albergatori-di-cortina-rinnovano-la-partnership-strategica-con-umana\/#primaryimage","url":"https:\/\/www.bellunopress.it\/wp-content\/uploads\/2026\/06\/Oltre-il-turismo-albergatori-cortina.jpg","contentUrl":"https:\/\/www.bellunopress.it\/wp-content\/uploads\/2026\/06\/Oltre-il-turismo-albergatori-cortina.jpg","width":373,"height":500},{"@type":"BreadcrumbList","@id":"https:\/\/www.bellunopress.it\/2026\/06\/23\/gli-albergatori-di-cortina-rinnovano-la-partnership-strategica-con-umana\/#breadcrumb","itemListElement":[{"@type":"ListItem","position":1,"name":"Home","item":"https:\/\/www.bellunopress.it\/"},{"@type":"ListItem","position":2,"name":"Gli albergatori di Cortina rinnovano la partnership strategica con Umana. Marted\u00ec l&#8217;assemblea pubblica"}]},{"@type":"WebSite","@id":"https:\/\/www.bellunopress.it\/#website","url":"https:\/\/www.bellunopress.it\/","name":"Bellunopress - Dolomiti","description":"e-mail: redazione@bellunopress.it","publisher":{"@id":"https:\/\/www.bellunopress.it\/#organization"},"potentialAction":[{"@type":"SearchAction","target":{"@type":"EntryPoint","urlTemplate":"https:\/\/www.bellunopress.it\/?s={search_term_string}"},"query-input":{"@type":"PropertyValueSpecification","valueRequired":true,"valueName":"search_term_string"}}],"inLanguage":"fr-FR"},{"@type":"Organization","@id":"https:\/\/www.bellunopress.it\/#organization","name":"Bellunopress","url":"https:\/\/www.bellunopress.it\/","logo":{"@type":"ImageObject","inLanguage":"fr-FR","@id":"https:\/\/www.bellunopress.it\/#\/schema\/logo\/image\/","url":"https:\/\/www.bellunopress.it\/wp-content\/uploads\/2011\/05\/cropped-logo-bellunopress-.jpg","contentUrl":"https:\/\/www.bellunopress.it\/wp-content\/uploads\/2011\/05\/cropped-logo-bellunopress-.jpg","width":512,"height":512,"caption":"Bellunopress"},"image":{"@id":"https:\/\/www.bellunopress.it\/#\/schema\/logo\/image\/"},"sameAs":["https:\/\/www.facebook.com\/profile.php?id=100008943462799","https:\/\/x.com\/bellunopress","https:\/\/www.linkedin.com\/hp\/?dnr=JBzUWaJfMUw8vbXJJ2tVW5-I3jZKvC4wsoxE&amp;amp;amp;amp;amp;amp;trk=nav_responsive_tab_home","https:\/\/www.youtube.com\/channel\/UCxL0wu1uN0_3_7hGG0306cw"]},{"@type":"Person","@id":"https:\/\/www.bellunopress.it\/#\/schema\/person\/79bb06722b37ece1c03d3e94beb30d73","name":"r\u00e9daction","image":{"@type":"ImageObject","inLanguage":"fr-FR","@id":"https:\/\/secure.gravatar.com\/avatar\/37d968a2e67a6fd04c169c4bdef102d0bc5d31b2546345219e348575eb80e9a0?s=96&d=mm&r=g","url":"https:\/\/secure.gravatar.com\/avatar\/37d968a2e67a6fd04c169c4bdef102d0bc5d31b2546345219e348575eb80e9a0?s=96&d=mm&r=g","contentUrl":"https:\/\/secure.gravatar.com\/avatar\/37d968a2e67a6fd04c169c4bdef102d0bc5d31b2546345219e348575eb80e9a0?s=96&d=mm&r=g","caption":"redazione"},"sameAs":["http:\/\/www.bellunopress.it","https:\/\/x.com\/bellunopress"],"url":"https:\/\/www.bellunopress.it\/fr\/author\/redazione\/"}]}},"_links":{"self":[{"href":"https:\/\/www.bellunopress.it\/fr\/wp-json\/wp\/v2\/posts\/171238","targetHints":{"allow":["GET"]}}],"collection":[{"href":"https:\/\/www.bellunopress.it\/fr\/wp-json\/wp\/v2\/posts"}],"about":[{"href":"https:\/\/www.bellunopress.it\/fr\/wp-json\/wp\/v2\/types\/post"}],"author":[{"embeddable":true,"href":"https:\/\/www.bellunopress.it\/fr\/wp-json\/wp\/v2\/users\/2"}],"replies":[{"embeddable":true,"href":"https:\/\/www.bellunopress.it\/fr\/wp-json\/wp\/v2\/comments?post=171238"}],"version-history":[{"count":3,"href":"https:\/\/www.bellunopress.it\/fr\/wp-json\/wp\/v2\/posts\/171238\/revisions"}],"predecessor-version":[{"id":171243,"href":"https:\/\/www.bellunopress.it\/fr\/wp-json\/wp\/v2\/posts\/171238\/revisions\/171243"}],"wp:featuredmedia":[{"embeddable":true,"href":"https:\/\/www.bellunopress.it\/fr\/wp-json\/wp\/v2\/media\/171240"}],"wp:attachment":[{"href":"https:\/\/www.bellunopress.it\/fr\/wp-json\/wp\/v2\/media?parent=171238"}],"wp:term":[{"taxonomy":"category","embeddable":true,"href":"https:\/\/www.bellunopress.it\/fr\/wp-json\/wp\/v2\/categories?post=171238"},{"taxonomy":"post_tag","embeddable":true,"href":"https:\/\/www.bellunopress.it\/fr\/wp-json\/wp\/v2\/tags?post=171238"}],"curies":[{"name":"wp","href":"https:\/\/api.w.org\/{rel}","templated":true}]}}