{"id":171229,"date":"2026-06-23T14:02:06","date_gmt":"2026-06-23T12:02:06","guid":{"rendered":"https:\/\/www.bellunopress.it\/?p=171229"},"modified":"2026-06-23T14:02:06","modified_gmt":"2026-06-23T12:02:06","slug":"dalla-belle-epoque-al-nuovo-turismo-al-mag-museo-alto-garda-dal-4-luglio-al-18-ottobre","status":"publish","type":"post","link":"https:\/\/www.bellunopress.it\/fr\/2026\/06\/23\/dalla-belle-epoque-al-nuovo-turismo-al-mag-museo-alto-garda-dal-4-luglio-al-18-ottobre\/","title":{"rendered":"Dalla Belle \u00c9poque al nuovo turismo. Al MAG Museo Alto Garda, dal 4 luglio al 18 ottobre"},"content":{"rendered":"<p>Cento anni di viaggi, visioni, mode e trasformazioni sociali raccontano la storia del Garda e dell\u2019Italia<br \/>\nPer la prima volta in mostra i manifesti, le cartoline, le guide illustrate, le fotografie che hanno raccontato il Garda (e l\u2019Italia) nel mondo Dal 4 luglio al 18 ottobre al Museo Alto Garda \u2013 Riva del Garda (TN) Piazza Cesare Battisti 3\/A, Riva del Garda<\/p>\n<p>Cento anni di desideri, immaginari e trasformazioni sociali. Cento anni di turismo che raccontano l\u2019evoluzione del lago di Garda e dell\u2019Italia. Cento anni di modi diversi di guardare e vivere il paesaggio, il tempo libero e il viaggio.<br \/>\nDal 4 luglio al 18 ottobre 2026 il MAG Museo Alto Garda presenta Visitate il Garda. Grafica e promozione dalla Belle \u00c9poque al turismo moderno, una grande mostra che per la prima volta riunisce in un unico percorso espositivo manifesti, cartoline, brochure, guide illustrate, fotografie e materiali promozionali che hanno raccontato, costruito e diffuso nel mondo l\u2019immagine del Lago di Garda.<\/p>\n<p>Per oltre un secolo il Garda \u00e8 stato immaginato prima ancora che vissuto. \u00c8 stato desiderato attraverso un manifesto affisso in una stazione ferroviaria, una cartolina spedita oltre confine, una guida illustrata sfogliata da viaggiatori in cerca di nuove destinazioni. Prima di diventare esperienza, il Garda \u00e8 stato racconto. Un racconto costruito attraverso immagini, colori, simboli e linguaggi che oggi restituiscono non soltanto la storia di una delle destinazioni turistiche pi\u00f9 riconoscibili d\u2019Europa, ma anche l\u2019evoluzione del gusto, dei costumi, della societ\u00e0 e dell\u2019idea stessa di viaggio.<\/p>\n<p>Curata da Matteo Rapan\u00e0 e Anna Zunino, la mostra nasce in occasione del centenario della nascita dell\u2019Azienda Autonoma di Soggiorno e Turismo di Riva del Garda, oggi Garda Dolomiti, e rappresenta il punto di arrivo di un importante lavoro di ricerca, acquisizione e valorizzazione sviluppato negli ultimi anni dal MAG. Un patrimonio costruito nel tempo attraverso acquisizioni, donazioni, depositi e collaborazioni con collezionisti e istituzioni che viene ora restituito al pubblico come una grande narrazione collettiva.<\/p>\n<p>Visitate il Garda \u00e8 un viaggio attraverso la costruzione di uno dei pi\u00f9 longevi immaginari turistici europei. Dalla Belle \u00c9poque alle avanguardie del Novecento, dall\u2019affermazione della mobilit\u00e0 automobilistica alla nascita del turismo moderno, il percorso espositivo racconta come un territorio sia stato osservato, interpretato e continuamente reinventato attraverso le immagini.<br \/>\nNei manifesti esposti scorrono le eleganti atmosfere della villeggiatura mitteleuropea, la scoperta del Garda come \u201cMediterraneo tra le Alpi\u201d, l\u2019entusiasmo per la velocit\u00e0 e il progresso delle nuove infrastrutture, l\u2019affermazione del benessere e del tempo libero come elementi centrali della vita contemporanea. Cambiano gli stili grafici, cambiano i linguaggi, cambiano i viaggiatori. Cambia l\u2019Italia. E attraverso queste trasformazioni prende forma l\u2019identit\u00e0 pubblica di un territorio che continua ancora oggi ad attrarre visitatori da tutto il mondo.<\/p>\n<p>Manifesti, cartoline, guide, fotografie e materiali editoriali raccontano cos\u00ec una storia che va oltre il turismo. Raccontano il modo in cui una comunit\u00e0 ha imparato a rappresentare se stessa, il modo in cui un paesaggio \u00e8 diventato memoria condivisa, patrimonio culturale e promessa di viaggio.<\/p>\n<p>Con questa mostra il MAG aggiunge un nuovo tassello alla propria missione culturale, confermandosi non solo luogo di conservazione, ma spazio di interpretazione capace di leggere nelle immagini le trasformazioni storiche, sociali e culturali che hanno contribuito a definire il volto contemporaneo del Garda.<\/p>\n<p>Visitate il Garda<br \/>\nA cura di Matteo Rapan\u00e0 e Anna Zunino<br \/>\nMuseo Alto Garda \u2013 Riva del Garda (TN)<br \/>\nPiazza Cesare Battisti 3\/A, Riva del Garda<br \/>\nInaugurazione: 3 luglio 2026, ore 18:00<br \/>\nPeriodo di apertura: 4 luglio 2026 \u2013 18 ottobre 2026, tutti i giorni dalle 10:00-18:00.<br \/>\nDa ottobre, chiuso il luned\u00ec<br \/>\nBiglietto: intero \u20ac5 \u2013 ridotto \u20ac4<br \/>\nInfo: info@museoaltogarda.it \u2013 www.museoaltogarda.it \u2013 0464 573869<br \/>\nsquarzonidaphne@comune.rivadelgarda.tn.it 0464573873<\/p>","protected":false},"excerpt":{"rendered":"<p>Cento anni di viaggi, visioni, mode e trasformazioni sociali raccontano la storia del Garda e dell\u2019Italia Per la prima volta in mostra i manifesti, le cartoline, le guide illustrate, le fotografie che hanno raccontato il Garda (e l\u2019Italia) nel mondo Dal 4 luglio al 18 ottobre al Museo Alto Garda \u2013 Riva del Garda (TN) [&hellip;]<\/p>\n","protected":false},"author":2,"featured_media":171231,"comment_status":"closed","ping_status":"open","sticky":false,"template":"","format":"standard","meta":{"footnotes":""},"categories":[3394,25],"tags":[],"class_list":["post-171229","post","type-post","status-publish","format-standard","has-post-thumbnail","category-cultura-e-spettacoli-fuori-provincia","category-pausa-caffe"],"yoast_head":"<!-- This site is optimized with the Yoast SEO plugin v28.4 - https:\/\/yoast.com\/product\/yoast-seo-wordpress\/ -->\n<title>Dalla Belle \u00c9poque al nuovo turismo. Al MAG Museo Alto Garda, dal 4 luglio al 18 ottobre - Bellunopress - Dolomiti<\/title>\n<meta name=\"robots\" content=\"index, follow, max-snippet:-1, max-image-preview:large, max-video-preview:-1\" \/>\n<link rel=\"canonical\" href=\"https:\/\/www.bellunopress.it\/fr\/2026\/06\/23\/dalla-belle-epoque-al-nuovo-turismo-al-mag-museo-alto-garda-dal-4-luglio-al-18-ottobre\/\" \/>\n<meta property=\"og:locale\" content=\"fr_FR\" \/>\n<meta property=\"og:type\" content=\"article\" \/>\n<meta property=\"og:title\" content=\"Dalla Belle \u00c9poque al nuovo turismo. Al MAG Museo Alto Garda, dal 4 luglio al 18 ottobre - Bellunopress - Dolomiti\" \/>\n<meta property=\"og:description\" content=\"Cento anni di viaggi, visioni, mode e trasformazioni sociali raccontano la storia del Garda e dell\u2019Italia Per la prima volta in mostra i manifesti, le cartoline, le guide illustrate, le fotografie che hanno raccontato il Garda (e l\u2019Italia) nel mondo Dal 4 luglio al 18 ottobre al Museo Alto Garda \u2013 Riva del Garda (TN) [&hellip;]\" \/>\n<meta property=\"og:url\" content=\"https:\/\/www.bellunopress.it\/fr\/2026\/06\/23\/dalla-belle-epoque-al-nuovo-turismo-al-mag-museo-alto-garda-dal-4-luglio-al-18-ottobre\/\" \/>\n<meta property=\"og:site_name\" content=\"Bellunopress - Dolomiti\" \/>\n<meta property=\"article:publisher\" content=\"https:\/\/www.facebook.com\/profile.php?id=100008943462799\" \/>\n<meta property=\"article:published_time\" content=\"2026-06-23T12:02:06+00:00\" \/>\n<meta property=\"og:image\" content=\"https:\/\/www.bellunopress.it\/wp-content\/uploads\/2026\/06\/Gardone-Savoy-Palace-Hotel_1935_Aldo-Raimondi-via-MAG.jpg\" \/>\n\t<meta property=\"og:image:width\" content=\"430\" \/>\n\t<meta property=\"og:image:height\" content=\"600\" \/>\n\t<meta property=\"og:image:type\" content=\"image\/jpeg\" \/>\n<meta name=\"author\" content=\"redazione\" \/>\n<meta name=\"twitter:card\" content=\"summary_large_image\" \/>\n<meta name=\"twitter:creator\" content=\"@bellunopress\" \/>\n<meta name=\"twitter:site\" content=\"@bellunopress\" \/>\n<meta name=\"twitter:label1\" content=\"\u00c9crit par\" \/>\n\t<meta name=\"twitter:data1\" content=\"redazione\" \/>\n\t<meta name=\"twitter:label2\" content=\"Dur\u00e9e de lecture estim\u00e9e\" \/>\n\t<meta name=\"twitter:data2\" content=\"4 minutes\" \/>\n<script type=\"application\/ld+json\" class=\"yoast-schema-graph\">{\"@context\":\"https:\\\/\\\/schema.org\",\"@graph\":[{\"@type\":\"Article\",\"@id\":\"https:\\\/\\\/www.bellunopress.it\\\/2026\\\/06\\\/23\\\/dalla-belle-epoque-al-nuovo-turismo-al-mag-museo-alto-garda-dal-4-luglio-al-18-ottobre\\\/#article\",\"isPartOf\":{\"@id\":\"https:\\\/\\\/www.bellunopress.it\\\/2026\\\/06\\\/23\\\/dalla-belle-epoque-al-nuovo-turismo-al-mag-museo-alto-garda-dal-4-luglio-al-18-ottobre\\\/\"},\"author\":{\"name\":\"redazione\",\"@id\":\"https:\\\/\\\/www.bellunopress.it\\\/#\\\/schema\\\/person\\\/79bb06722b37ece1c03d3e94beb30d73\"},\"headline\":\"Dalla Belle \u00c9poque al nuovo turismo. Al MAG Museo Alto Garda, dal 4 luglio al 18 ottobre\",\"datePublished\":\"2026-06-23T12:02:06+00:00\",\"mainEntityOfPage\":{\"@id\":\"https:\\\/\\\/www.bellunopress.it\\\/2026\\\/06\\\/23\\\/dalla-belle-epoque-al-nuovo-turismo-al-mag-museo-alto-garda-dal-4-luglio-al-18-ottobre\\\/\"},\"wordCount\":615,\"publisher\":{\"@id\":\"https:\\\/\\\/www.bellunopress.it\\\/#organization\"},\"image\":{\"@id\":\"https:\\\/\\\/www.bellunopress.it\\\/2026\\\/06\\\/23\\\/dalla-belle-epoque-al-nuovo-turismo-al-mag-museo-alto-garda-dal-4-luglio-al-18-ottobre\\\/#primaryimage\"},\"thumbnailUrl\":\"https:\\\/\\\/www.bellunopress.it\\\/wp-content\\\/uploads\\\/2026\\\/06\\\/Gardone-Savoy-Palace-Hotel_1935_Aldo-Raimondi-via-MAG.jpg\",\"articleSection\":[\"Cultura e spettacoli, tempo libero, benessere, fuori provincia\",\"Pausa Caff\u00e8\"],\"inLanguage\":\"fr-FR\"},{\"@type\":\"WebPage\",\"@id\":\"https:\\\/\\\/www.bellunopress.it\\\/2026\\\/06\\\/23\\\/dalla-belle-epoque-al-nuovo-turismo-al-mag-museo-alto-garda-dal-4-luglio-al-18-ottobre\\\/\",\"url\":\"https:\\\/\\\/www.bellunopress.it\\\/2026\\\/06\\\/23\\\/dalla-belle-epoque-al-nuovo-turismo-al-mag-museo-alto-garda-dal-4-luglio-al-18-ottobre\\\/\",\"name\":\"Dalla Belle \u00c9poque al nuovo turismo. Al MAG Museo Alto Garda, dal 4 luglio al 18 ottobre - Bellunopress - Dolomiti\",\"isPartOf\":{\"@id\":\"https:\\\/\\\/www.bellunopress.it\\\/#website\"},\"primaryImageOfPage\":{\"@id\":\"https:\\\/\\\/www.bellunopress.it\\\/2026\\\/06\\\/23\\\/dalla-belle-epoque-al-nuovo-turismo-al-mag-museo-alto-garda-dal-4-luglio-al-18-ottobre\\\/#primaryimage\"},\"image\":{\"@id\":\"https:\\\/\\\/www.bellunopress.it\\\/2026\\\/06\\\/23\\\/dalla-belle-epoque-al-nuovo-turismo-al-mag-museo-alto-garda-dal-4-luglio-al-18-ottobre\\\/#primaryimage\"},\"thumbnailUrl\":\"https:\\\/\\\/www.bellunopress.it\\\/wp-content\\\/uploads\\\/2026\\\/06\\\/Gardone-Savoy-Palace-Hotel_1935_Aldo-Raimondi-via-MAG.jpg\",\"datePublished\":\"2026-06-23T12:02:06+00:00\",\"breadcrumb\":{\"@id\":\"https:\\\/\\\/www.bellunopress.it\\\/2026\\\/06\\\/23\\\/dalla-belle-epoque-al-nuovo-turismo-al-mag-museo-alto-garda-dal-4-luglio-al-18-ottobre\\\/#breadcrumb\"},\"inLanguage\":\"fr-FR\",\"potentialAction\":[{\"@type\":\"ReadAction\",\"target\":[\"https:\\\/\\\/www.bellunopress.it\\\/2026\\\/06\\\/23\\\/dalla-belle-epoque-al-nuovo-turismo-al-mag-museo-alto-garda-dal-4-luglio-al-18-ottobre\\\/\"]}]},{\"@type\":\"ImageObject\",\"inLanguage\":\"fr-FR\",\"@id\":\"https:\\\/\\\/www.bellunopress.it\\\/2026\\\/06\\\/23\\\/dalla-belle-epoque-al-nuovo-turismo-al-mag-museo-alto-garda-dal-4-luglio-al-18-ottobre\\\/#primaryimage\",\"url\":\"https:\\\/\\\/www.bellunopress.it\\\/wp-content\\\/uploads\\\/2026\\\/06\\\/Gardone-Savoy-Palace-Hotel_1935_Aldo-Raimondi-via-MAG.jpg\",\"contentUrl\":\"https:\\\/\\\/www.bellunopress.it\\\/wp-content\\\/uploads\\\/2026\\\/06\\\/Gardone-Savoy-Palace-Hotel_1935_Aldo-Raimondi-via-MAG.jpg\",\"width\":430,\"height\":600},{\"@type\":\"BreadcrumbList\",\"@id\":\"https:\\\/\\\/www.bellunopress.it\\\/2026\\\/06\\\/23\\\/dalla-belle-epoque-al-nuovo-turismo-al-mag-museo-alto-garda-dal-4-luglio-al-18-ottobre\\\/#breadcrumb\",\"itemListElement\":[{\"@type\":\"ListItem\",\"position\":1,\"name\":\"Home\",\"item\":\"https:\\\/\\\/www.bellunopress.it\\\/\"},{\"@type\":\"ListItem\",\"position\":2,\"name\":\"Dalla Belle \u00c9poque al nuovo turismo. Al MAG Museo Alto Garda, dal 4 luglio al 18 ottobre\"}]},{\"@type\":\"WebSite\",\"@id\":\"https:\\\/\\\/www.bellunopress.it\\\/#website\",\"url\":\"https:\\\/\\\/www.bellunopress.it\\\/\",\"name\":\"Bellunopress - Dolomiti\",\"description\":\"e-mail: redazione@bellunopress.it\",\"publisher\":{\"@id\":\"https:\\\/\\\/www.bellunopress.it\\\/#organization\"},\"potentialAction\":[{\"@type\":\"SearchAction\",\"target\":{\"@type\":\"EntryPoint\",\"urlTemplate\":\"https:\\\/\\\/www.bellunopress.it\\\/?s={search_term_string}\"},\"query-input\":{\"@type\":\"PropertyValueSpecification\",\"valueRequired\":true,\"valueName\":\"search_term_string\"}}],\"inLanguage\":\"fr-FR\"},{\"@type\":\"Organization\",\"@id\":\"https:\\\/\\\/www.bellunopress.it\\\/#organization\",\"name\":\"Bellunopress\",\"url\":\"https:\\\/\\\/www.bellunopress.it\\\/\",\"logo\":{\"@type\":\"ImageObject\",\"inLanguage\":\"fr-FR\",\"@id\":\"https:\\\/\\\/www.bellunopress.it\\\/#\\\/schema\\\/logo\\\/image\\\/\",\"url\":\"https:\\\/\\\/www.bellunopress.it\\\/wp-content\\\/uploads\\\/2011\\\/05\\\/cropped-logo-bellunopress-.jpg\",\"contentUrl\":\"https:\\\/\\\/www.bellunopress.it\\\/wp-content\\\/uploads\\\/2011\\\/05\\\/cropped-logo-bellunopress-.jpg\",\"width\":512,\"height\":512,\"caption\":\"Bellunopress\"},\"image\":{\"@id\":\"https:\\\/\\\/www.bellunopress.it\\\/#\\\/schema\\\/logo\\\/image\\\/\"},\"sameAs\":[\"https:\\\/\\\/www.facebook.com\\\/profile.php?id=100008943462799\",\"https:\\\/\\\/x.com\\\/bellunopress\",\"https:\\\/\\\/www.linkedin.com\\\/hp\\\/?dnr=JBzUWaJfMUw8vbXJJ2tVW5-I3jZKvC4wsoxE&amp;amp;amp;amp;amp;amp;trk=nav_responsive_tab_home\",\"https:\\\/\\\/www.youtube.com\\\/channel\\\/UCxL0wu1uN0_3_7hGG0306cw\"]},{\"@type\":\"Person\",\"@id\":\"https:\\\/\\\/www.bellunopress.it\\\/#\\\/schema\\\/person\\\/79bb06722b37ece1c03d3e94beb30d73\",\"name\":\"redazione\",\"image\":{\"@type\":\"ImageObject\",\"inLanguage\":\"fr-FR\",\"@id\":\"https:\\\/\\\/secure.gravatar.com\\\/avatar\\\/37d968a2e67a6fd04c169c4bdef102d0bc5d31b2546345219e348575eb80e9a0?s=96&d=mm&r=g\",\"url\":\"https:\\\/\\\/secure.gravatar.com\\\/avatar\\\/37d968a2e67a6fd04c169c4bdef102d0bc5d31b2546345219e348575eb80e9a0?s=96&d=mm&r=g\",\"contentUrl\":\"https:\\\/\\\/secure.gravatar.com\\\/avatar\\\/37d968a2e67a6fd04c169c4bdef102d0bc5d31b2546345219e348575eb80e9a0?s=96&d=mm&r=g\",\"caption\":\"redazione\"},\"sameAs\":[\"http:\\\/\\\/www.bellunopress.it\",\"https:\\\/\\\/x.com\\\/bellunopress\"],\"url\":\"https:\\\/\\\/www.bellunopress.it\\\/fr\\\/author\\\/redazione\\\/\"}]}<\/script>\n<!-- \/ Yoast SEO plugin. -->","yoast_head_json":{"title":"Dalla Belle \u00c9poque al nuovo turismo. Al MAG Museo Alto Garda, dal 4 luglio al 18 ottobre - Bellunopress - Dolomiti","robots":{"index":"index","follow":"follow","max-snippet":"max-snippet:-1","max-image-preview":"max-image-preview:large","max-video-preview":"max-video-preview:-1"},"canonical":"https:\/\/www.bellunopress.it\/fr\/2026\/06\/23\/dalla-belle-epoque-al-nuovo-turismo-al-mag-museo-alto-garda-dal-4-luglio-al-18-ottobre\/","og_locale":"fr_FR","og_type":"article","og_title":"Dalla Belle \u00c9poque al nuovo turismo. Al MAG Museo Alto Garda, dal 4 luglio al 18 ottobre - Bellunopress - Dolomiti","og_description":"Cento anni di viaggi, visioni, mode e trasformazioni sociali raccontano la storia del Garda e dell\u2019Italia Per la prima volta in mostra i manifesti, le cartoline, le guide illustrate, le fotografie che hanno raccontato il Garda (e l\u2019Italia) nel mondo Dal 4 luglio al 18 ottobre al Museo Alto Garda \u2013 Riva del Garda (TN) [&hellip;]","og_url":"https:\/\/www.bellunopress.it\/fr\/2026\/06\/23\/dalla-belle-epoque-al-nuovo-turismo-al-mag-museo-alto-garda-dal-4-luglio-al-18-ottobre\/","og_site_name":"Bellunopress - Dolomiti","article_publisher":"https:\/\/www.facebook.com\/profile.php?id=100008943462799","article_published_time":"2026-06-23T12:02:06+00:00","og_image":[{"width":430,"height":600,"url":"https:\/\/www.bellunopress.it\/wp-content\/uploads\/2026\/06\/Gardone-Savoy-Palace-Hotel_1935_Aldo-Raimondi-via-MAG.jpg","type":"image\/jpeg"}],"author":"redazione","twitter_card":"summary_large_image","twitter_creator":"@bellunopress","twitter_site":"@bellunopress","twitter_misc":{"\u00c9crit par":"redazione","Dur\u00e9e de lecture estim\u00e9e":"4 minutes"},"schema":{"@context":"https:\/\/schema.org","@graph":[{"@type":"Article","@id":"https:\/\/www.bellunopress.it\/2026\/06\/23\/dalla-belle-epoque-al-nuovo-turismo-al-mag-museo-alto-garda-dal-4-luglio-al-18-ottobre\/#article","isPartOf":{"@id":"https:\/\/www.bellunopress.it\/2026\/06\/23\/dalla-belle-epoque-al-nuovo-turismo-al-mag-museo-alto-garda-dal-4-luglio-al-18-ottobre\/"},"author":{"name":"redazione","@id":"https:\/\/www.bellunopress.it\/#\/schema\/person\/79bb06722b37ece1c03d3e94beb30d73"},"headline":"Dalla Belle \u00c9poque al nuovo turismo. Al MAG Museo Alto Garda, dal 4 luglio al 18 ottobre","datePublished":"2026-06-23T12:02:06+00:00","mainEntityOfPage":{"@id":"https:\/\/www.bellunopress.it\/2026\/06\/23\/dalla-belle-epoque-al-nuovo-turismo-al-mag-museo-alto-garda-dal-4-luglio-al-18-ottobre\/"},"wordCount":615,"publisher":{"@id":"https:\/\/www.bellunopress.it\/#organization"},"image":{"@id":"https:\/\/www.bellunopress.it\/2026\/06\/23\/dalla-belle-epoque-al-nuovo-turismo-al-mag-museo-alto-garda-dal-4-luglio-al-18-ottobre\/#primaryimage"},"thumbnailUrl":"https:\/\/www.bellunopress.it\/wp-content\/uploads\/2026\/06\/Gardone-Savoy-Palace-Hotel_1935_Aldo-Raimondi-via-MAG.jpg","articleSection":["Cultura e spettacoli, tempo libero, benessere, fuori provincia","Pausa Caff\u00e8"],"inLanguage":"fr-FR"},{"@type":"WebPage","@id":"https:\/\/www.bellunopress.it\/2026\/06\/23\/dalla-belle-epoque-al-nuovo-turismo-al-mag-museo-alto-garda-dal-4-luglio-al-18-ottobre\/","url":"https:\/\/www.bellunopress.it\/2026\/06\/23\/dalla-belle-epoque-al-nuovo-turismo-al-mag-museo-alto-garda-dal-4-luglio-al-18-ottobre\/","name":"Dalla Belle \u00c9poque al nuovo turismo. Al MAG Museo Alto Garda, dal 4 luglio al 18 ottobre - Bellunopress - Dolomiti","isPartOf":{"@id":"https:\/\/www.bellunopress.it\/#website"},"primaryImageOfPage":{"@id":"https:\/\/www.bellunopress.it\/2026\/06\/23\/dalla-belle-epoque-al-nuovo-turismo-al-mag-museo-alto-garda-dal-4-luglio-al-18-ottobre\/#primaryimage"},"image":{"@id":"https:\/\/www.bellunopress.it\/2026\/06\/23\/dalla-belle-epoque-al-nuovo-turismo-al-mag-museo-alto-garda-dal-4-luglio-al-18-ottobre\/#primaryimage"},"thumbnailUrl":"https:\/\/www.bellunopress.it\/wp-content\/uploads\/2026\/06\/Gardone-Savoy-Palace-Hotel_1935_Aldo-Raimondi-via-MAG.jpg","datePublished":"2026-06-23T12:02:06+00:00","breadcrumb":{"@id":"https:\/\/www.bellunopress.it\/2026\/06\/23\/dalla-belle-epoque-al-nuovo-turismo-al-mag-museo-alto-garda-dal-4-luglio-al-18-ottobre\/#breadcrumb"},"inLanguage":"fr-FR","potentialAction":[{"@type":"ReadAction","target":["https:\/\/www.bellunopress.it\/2026\/06\/23\/dalla-belle-epoque-al-nuovo-turismo-al-mag-museo-alto-garda-dal-4-luglio-al-18-ottobre\/"]}]},{"@type":"ImageObject","inLanguage":"fr-FR","@id":"https:\/\/www.bellunopress.it\/2026\/06\/23\/dalla-belle-epoque-al-nuovo-turismo-al-mag-museo-alto-garda-dal-4-luglio-al-18-ottobre\/#primaryimage","url":"https:\/\/www.bellunopress.it\/wp-content\/uploads\/2026\/06\/Gardone-Savoy-Palace-Hotel_1935_Aldo-Raimondi-via-MAG.jpg","contentUrl":"https:\/\/www.bellunopress.it\/wp-content\/uploads\/2026\/06\/Gardone-Savoy-Palace-Hotel_1935_Aldo-Raimondi-via-MAG.jpg","width":430,"height":600},{"@type":"BreadcrumbList","@id":"https:\/\/www.bellunopress.it\/2026\/06\/23\/dalla-belle-epoque-al-nuovo-turismo-al-mag-museo-alto-garda-dal-4-luglio-al-18-ottobre\/#breadcrumb","itemListElement":[{"@type":"ListItem","position":1,"name":"Home","item":"https:\/\/www.bellunopress.it\/"},{"@type":"ListItem","position":2,"name":"Dalla Belle \u00c9poque al nuovo turismo. Al MAG Museo Alto Garda, dal 4 luglio al 18 ottobre"}]},{"@type":"WebSite","@id":"https:\/\/www.bellunopress.it\/#website","url":"https:\/\/www.bellunopress.it\/","name":"Bellunopress - Dolomiti","description":"e-mail: redazione@bellunopress.it","publisher":{"@id":"https:\/\/www.bellunopress.it\/#organization"},"potentialAction":[{"@type":"SearchAction","target":{"@type":"EntryPoint","urlTemplate":"https:\/\/www.bellunopress.it\/?s={search_term_string}"},"query-input":{"@type":"PropertyValueSpecification","valueRequired":true,"valueName":"search_term_string"}}],"inLanguage":"fr-FR"},{"@type":"Organization","@id":"https:\/\/www.bellunopress.it\/#organization","name":"Bellunopress","url":"https:\/\/www.bellunopress.it\/","logo":{"@type":"ImageObject","inLanguage":"fr-FR","@id":"https:\/\/www.bellunopress.it\/#\/schema\/logo\/image\/","url":"https:\/\/www.bellunopress.it\/wp-content\/uploads\/2011\/05\/cropped-logo-bellunopress-.jpg","contentUrl":"https:\/\/www.bellunopress.it\/wp-content\/uploads\/2011\/05\/cropped-logo-bellunopress-.jpg","width":512,"height":512,"caption":"Bellunopress"},"image":{"@id":"https:\/\/www.bellunopress.it\/#\/schema\/logo\/image\/"},"sameAs":["https:\/\/www.facebook.com\/profile.php?id=100008943462799","https:\/\/x.com\/bellunopress","https:\/\/www.linkedin.com\/hp\/?dnr=JBzUWaJfMUw8vbXJJ2tVW5-I3jZKvC4wsoxE&amp;amp;amp;amp;amp;amp;trk=nav_responsive_tab_home","https:\/\/www.youtube.com\/channel\/UCxL0wu1uN0_3_7hGG0306cw"]},{"@type":"Person","@id":"https:\/\/www.bellunopress.it\/#\/schema\/person\/79bb06722b37ece1c03d3e94beb30d73","name":"r\u00e9daction","image":{"@type":"ImageObject","inLanguage":"fr-FR","@id":"https:\/\/secure.gravatar.com\/avatar\/37d968a2e67a6fd04c169c4bdef102d0bc5d31b2546345219e348575eb80e9a0?s=96&d=mm&r=g","url":"https:\/\/secure.gravatar.com\/avatar\/37d968a2e67a6fd04c169c4bdef102d0bc5d31b2546345219e348575eb80e9a0?s=96&d=mm&r=g","contentUrl":"https:\/\/secure.gravatar.com\/avatar\/37d968a2e67a6fd04c169c4bdef102d0bc5d31b2546345219e348575eb80e9a0?s=96&d=mm&r=g","caption":"redazione"},"sameAs":["http:\/\/www.bellunopress.it","https:\/\/x.com\/bellunopress"],"url":"https:\/\/www.bellunopress.it\/fr\/author\/redazione\/"}]}},"_links":{"self":[{"href":"https:\/\/www.bellunopress.it\/fr\/wp-json\/wp\/v2\/posts\/171229","targetHints":{"allow":["GET"]}}],"collection":[{"href":"https:\/\/www.bellunopress.it\/fr\/wp-json\/wp\/v2\/posts"}],"about":[{"href":"https:\/\/www.bellunopress.it\/fr\/wp-json\/wp\/v2\/types\/post"}],"author":[{"embeddable":true,"href":"https:\/\/www.bellunopress.it\/fr\/wp-json\/wp\/v2\/users\/2"}],"replies":[{"embeddable":true,"href":"https:\/\/www.bellunopress.it\/fr\/wp-json\/wp\/v2\/comments?post=171229"}],"version-history":[{"count":1,"href":"https:\/\/www.bellunopress.it\/fr\/wp-json\/wp\/v2\/posts\/171229\/revisions"}],"predecessor-version":[{"id":171232,"href":"https:\/\/www.bellunopress.it\/fr\/wp-json\/wp\/v2\/posts\/171229\/revisions\/171232"}],"wp:featuredmedia":[{"embeddable":true,"href":"https:\/\/www.bellunopress.it\/fr\/wp-json\/wp\/v2\/media\/171231"}],"wp:attachment":[{"href":"https:\/\/www.bellunopress.it\/fr\/wp-json\/wp\/v2\/media?parent=171229"}],"wp:term":[{"taxonomy":"category","embeddable":true,"href":"https:\/\/www.bellunopress.it\/fr\/wp-json\/wp\/v2\/categories?post=171229"},{"taxonomy":"post_tag","embeddable":true,"href":"https:\/\/www.bellunopress.it\/fr\/wp-json\/wp\/v2\/tags?post=171229"}],"curies":[{"name":"wp","href":"https:\/\/api.w.org\/{rel}","templated":true}]}}