{"id":171160,"date":"2026-06-29T07:00:41","date_gmt":"2026-06-29T05:00:41","guid":{"rendered":"https:\/\/www.bellunopress.it\/?p=171160"},"modified":"2026-06-29T07:02:55","modified_gmt":"2026-06-29T05:02:55","slug":"consiglio-comunale-di-belluno-24-punti-allordine-del-giorno-martedi-30-giugno","status":"publish","type":"post","link":"https:\/\/www.bellunopress.it\/fr\/2026\/06\/29\/consiglio-comunale-di-belluno-24-punti-allordine-del-giorno-martedi-30-giugno\/","title":{"rendered":"Consiglio comunale di Belluno: 24 punti all&#8217;Ordine del giorno, marted\u00ec 30 giugno"},"content":{"rendered":"<p>Si terr\u00e0 marted\u00ec 30 giugno, alle ore 9.00, nella Sala consiliare di Palazzo Rosso, in Piazza Duomo 1, la riunione del Consiglio comunale di Belluno, per la trattazione dei seguenti punti all&#8217;ordine del giorno:<\/p>\n<p>1. Adesione alla definizione agevolata di cui all&#8217;art. 1, commi da 82 a 101, L. n. 199\/2025 (Rottamazione quinquies) e all&#8217;art. 10 quinquies D.L. 27.03.2026, n.38, convertito con modificazioni in L. 22.05.2026, n. 88, per i carichi relativi alle entrate comunali affidati all&#8217;Agente della Riscossione (Agenzia delle Entrate Riscossione).<br \/>\n2. Processo verbale della seduta del Consiglio Comunale del 26 marzo 2026. Approvazione ai sensi dell&#8217;art. 56 del regolamento per il funzionamento del consiglio comunale.<br \/>\n3. Processo verbale della seduta del Consiglio Comunale del 29 aprile 2026. Approvazione ai sensi dell&#8217;art. 56 del regolamento per il funzionamento del consiglio comunale.<br \/>\n4. Delibera di Giunta Comunale n. 82 del 07\/05\/2026 a oggetto: &#8220;Bilancio di previsione 2026\/2028 prelievo dal fondo di riserva per l&#8217;esercizio 2026&#8221;. Comunicazione.<br \/>\n5. Delibera di Giunta Comunale n. 98 del 04\/06\/2026 a oggetto: &#8220;Bilancio di previsione 2026\/2028 prelievo dal fondo di riserva per l&#8217;esercizio 2026&#8221;. Comunicazione.<br \/>\n6. Delibera di Giunta Comunale n. 81 del 07\/05\/2026 a oggetto: &#8220;Bilancio di previsione 2026\/2028. Variazione in via d&#8217;urgenza ex art. 175 comma 4 e art. 42 del TUEL. Variazione di PEG 2026\/2028&#8221;: Ratifica.<br \/>\n7. Variazione al bilancio di previsione 2026\/2028 e documenti correlati: Approvazione. 8. Legge 21.11.2000, n. 353 &#8211; &#8220;Legge-quadro in materia di incendi boschivi&#8221; &#8211;<br \/>\nArt. 10, comma 2: Catasto comunale dei soprassuoli percorsi dal fuoco &#8211; Aggiornamento 2026 \u2013 Approvazione.<br \/>\n9. Fabbricato sito in via Fiammoi, su area censita in catasto al foglio 32 mappale 605 &#8211; Variazione grado di protezione 3B, ai sensi dell&#8217;art. 1.4 delle N.T.A. del P.I. Variante relativa alla citt\u00e0 e centri frazionali.<br \/>\n10.Fondazione DMO &#8211; Dolomiti Bellunesi &#8211; Approvazione nuovo statuto.<br \/>\n11.Realizzazione del canile sanitario a servizio del territorio provinciale bellunese e uffici e ambulatori di area veterinaria in localit\u00e0 Levego, su area catastalmente censita al foglio 49, mappali 79 e 81 di propriet\u00e0 del Comune di Belluno &#8211; Approvazione in linea tecnica del progetto di fattibilit\u00e0 economica (P.F.T.E.) e contestuale adozione della variante urbanistica puntuale al P.I.<br \/>\n12.Regolamento per l&#8217;utilizzo dello skate park comunale.<br \/>\n13.Mozione presentata dai consiglieri comunali Ilenia Bavasso, Lucia Olivotto (Insieme per Belluno Bene Comune) \u2013 Giangiacomo Nicolini, Anna Cadeago (Belluno D+) &#8211; Jacopo Massaro (In Movimento) \u2013 Claudia Bettiol (Partito Democratico), Mirco Costa (Valore Comune), a oggetto: \u201cContrariet\u00e0 a ogni ipotesi di soppressione, accorpamento o unificazione dell\u2019Ufficio Scolastico Territoriale di Belluno con altre province e richiesta di immediato ripristino e potenziamento dell\u2019Ufficio Scolastico Territoriale di Belluno.\u201d<br \/>\n14.Interpellanza presentata dal consigliere Armando Stefani (Gruppo Misto) in relazione alla assenza di risposta da parte del Comune di Belluno alla comunicazione e-mail di data 06.04.2025 a firma della signora Antonella Lanfranconi.<br \/>\n15.Interrogazione presentata dai consiglieri comunali Marco Perale (Insieme per Belluno Bene Comune) &#8211; Sandra Mella (Patto per Belluno), a oggetto: \u201cFlavio Ostilio e il futuro del passato.\u201d<br \/>\n16.Interrogazione presentata dal consigliere comunale Celeste Balcon (Patto per Belluno), a oggetto: \u201cBelluno cancellata dalla carta geografica?\u201d<br \/>\n17.Interrogazione presentata dai consiglieri comunali Sandra Mella, Celeste Balcon (Patto per Belluno), a oggetto: \u201cSfalci e taglio erba 2026.\u201d<br \/>\n18.Interrogazione presentata dal consigliere comunale Celeste Balcon (Patto per Belluno), a oggetto: \u201cViabilit\u00e0 pericolosa via Nongole e via Madeago.\u201d<br \/>\n19.Interrogazione presentata dai consiglieri comunali Sandra Mella, Celeste Balcon (Patto per Belluno), a oggetto: \u201cPiazzale Vittime di via Fani \u2013 Cavarzano.\u201d<br \/>\n20.Interrogazione presentata dal consigliere comunale Francesco La Grua (Forza Italia), a oggetto: \u201cPartecipazione del sindaco a inaugurazioni di attivit\u00e0 commerciali private.\u201d<br \/>\n21.Interrogazione presentata dai consiglieri comunali Sandra Mella, Celeste Balcon (Patto per Belluno), a oggetto: \u201cPiantumazione vigneti in localit\u00e0 Bes.\u201d<br \/>\n22.Interrogazione presentata dal consigliere comunale Francesco Rasera Berna (Insieme per Belluno Bene Comune), a oggetto: \u201cQuali intenzioni dell&#8217;amministrazione riguardo l&#8217;impianto di vigneti sul territorio comunale.\u201d<br \/>\n23.Interrogazione presentata dal consigliere comunale Lucia Olivotto (Insieme per Belluno Bene Comune), a oggetto: \u201cA quando il collaudo del bacino idrico del Nevegal?\u201d<br \/>\n24.Interrogazione presentata dal consigliere comunale Lucia Olivotto (Insieme per Belluno Bene Comune), a oggetto: \u201cQuale futuro per gli impianti sportivi cittadini?\u201d<\/p>\n<p>La seduta del Consiglio verr\u00e0 trasmessa in diretta e potr\u00e0 essere seguita dal canale YouTube del Comune di Belluno, all\u2019indirizzo:<br \/>\n<a href=\"https:\/\/www.youtube.com\/comunebelluno\">https:\/\/www.youtube.com\/comunebelluno <\/a><\/p>","protected":false},"excerpt":{"rendered":"<p>Si terr\u00e0 marted\u00ec 30 giugno, alle ore 9.00, nella Sala consiliare di Palazzo Rosso, in Piazza Duomo 1, la riunione del Consiglio comunale di Belluno, per la trattazione dei seguenti punti all&#8217;ordine del giorno: 1. Adesione alla definizione agevolata di cui all&#8217;art. 1, commi da 82 a 101, L. n. 199\/2025 (Rottamazione quinquies) e all&#8217;art. [&hellip;]<\/p>\n","protected":false},"author":2,"featured_media":113617,"comment_status":"closed","ping_status":"open","sticky":false,"template":"","format":"standard","meta":{"footnotes":""},"categories":[5,26],"tags":[],"class_list":["post-171160","post","type-post","status-publish","format-standard","has-post-thumbnail","category-cronaca","category-prima-pagina"],"yoast_head":"<!-- This site is optimized with the Yoast SEO plugin v28.4 - https:\/\/yoast.com\/product\/yoast-seo-wordpress\/ -->\n<title>Consiglio comunale di Belluno: 24 punti all&#039;Ordine del giorno, marted\u00ec 30 giugno - Bellunopress - Dolomiti<\/title>\n<meta name=\"robots\" content=\"index, follow, max-snippet:-1, max-image-preview:large, max-video-preview:-1\" \/>\n<link rel=\"canonical\" href=\"https:\/\/www.bellunopress.it\/fr\/2026\/06\/29\/consiglio-comunale-di-belluno-24-punti-allordine-del-giorno-martedi-30-giugno\/\" \/>\n<meta property=\"og:locale\" content=\"fr_FR\" \/>\n<meta property=\"og:type\" content=\"article\" \/>\n<meta property=\"og:title\" content=\"Consiglio comunale di Belluno: 24 punti all&#039;Ordine del giorno, marted\u00ec 30 giugno - Bellunopress - Dolomiti\" \/>\n<meta property=\"og:description\" content=\"Si terr\u00e0 marted\u00ec 30 giugno, alle ore 9.00, nella Sala consiliare di Palazzo Rosso, in Piazza Duomo 1, la riunione del Consiglio comunale di Belluno, per la trattazione dei seguenti punti all&#8217;ordine del giorno: 1. Adesione alla definizione agevolata di cui all&#8217;art. 1, commi da 82 a 101, L. n. 199\/2025 (Rottamazione quinquies) e all&#8217;art. [&hellip;]\" \/>\n<meta property=\"og:url\" content=\"https:\/\/www.bellunopress.it\/fr\/2026\/06\/29\/consiglio-comunale-di-belluno-24-punti-allordine-del-giorno-martedi-30-giugno\/\" \/>\n<meta property=\"og:site_name\" content=\"Bellunopress - Dolomiti\" \/>\n<meta property=\"article:publisher\" content=\"https:\/\/www.facebook.com\/profile.php?id=100008943462799\" \/>\n<meta property=\"article:published_time\" content=\"2026-06-29T05:00:41+00:00\" \/>\n<meta property=\"article:modified_time\" content=\"2026-06-29T05:02:55+00:00\" \/>\n<meta property=\"og:image\" content=\"https:\/\/www.bellunopress.it\/wp-content\/uploads\/2020\/04\/palazzo-rosso_edited.jpg\" \/>\n\t<meta property=\"og:image:width\" content=\"800\" \/>\n\t<meta property=\"og:image:height\" content=\"563\" \/>\n\t<meta property=\"og:image:type\" content=\"image\/jpeg\" \/>\n<meta name=\"author\" content=\"redazione\" \/>\n<meta name=\"twitter:card\" content=\"summary_large_image\" \/>\n<meta name=\"twitter:creator\" content=\"@bellunopress\" \/>\n<meta name=\"twitter:site\" content=\"@bellunopress\" \/>\n<meta name=\"twitter:label1\" content=\"\u00c9crit par\" \/>\n\t<meta name=\"twitter:data1\" content=\"redazione\" \/>\n\t<meta name=\"twitter:label2\" content=\"Dur\u00e9e de lecture estim\u00e9e\" \/>\n\t<meta name=\"twitter:data2\" content=\"4 minutes\" \/>\n<script type=\"application\/ld+json\" class=\"yoast-schema-graph\">{\"@context\":\"https:\\\/\\\/schema.org\",\"@graph\":[{\"@type\":\"Article\",\"@id\":\"https:\\\/\\\/www.bellunopress.it\\\/2026\\\/06\\\/29\\\/consiglio-comunale-di-belluno-24-punti-allordine-del-giorno-martedi-30-giugno\\\/#article\",\"isPartOf\":{\"@id\":\"https:\\\/\\\/www.bellunopress.it\\\/2026\\\/06\\\/29\\\/consiglio-comunale-di-belluno-24-punti-allordine-del-giorno-martedi-30-giugno\\\/\"},\"author\":{\"name\":\"redazione\",\"@id\":\"https:\\\/\\\/www.bellunopress.it\\\/#\\\/schema\\\/person\\\/79bb06722b37ece1c03d3e94beb30d73\"},\"headline\":\"Consiglio comunale di Belluno: 24 punti all&#8217;Ordine del giorno, marted\u00ec 30 giugno\",\"datePublished\":\"2026-06-29T05:00:41+00:00\",\"dateModified\":\"2026-06-29T05:02:55+00:00\",\"mainEntityOfPage\":{\"@id\":\"https:\\\/\\\/www.bellunopress.it\\\/2026\\\/06\\\/29\\\/consiglio-comunale-di-belluno-24-punti-allordine-del-giorno-martedi-30-giugno\\\/\"},\"wordCount\":676,\"publisher\":{\"@id\":\"https:\\\/\\\/www.bellunopress.it\\\/#organization\"},\"image\":{\"@id\":\"https:\\\/\\\/www.bellunopress.it\\\/2026\\\/06\\\/29\\\/consiglio-comunale-di-belluno-24-punti-allordine-del-giorno-martedi-30-giugno\\\/#primaryimage\"},\"thumbnailUrl\":\"https:\\\/\\\/www.bellunopress.it\\\/wp-content\\\/uploads\\\/2020\\\/04\\\/palazzo-rosso_edited.jpg\",\"articleSection\":[\"Cronaca\\\/Politica\",\"Prima Pagina\"],\"inLanguage\":\"fr-FR\"},{\"@type\":\"WebPage\",\"@id\":\"https:\\\/\\\/www.bellunopress.it\\\/2026\\\/06\\\/29\\\/consiglio-comunale-di-belluno-24-punti-allordine-del-giorno-martedi-30-giugno\\\/\",\"url\":\"https:\\\/\\\/www.bellunopress.it\\\/2026\\\/06\\\/29\\\/consiglio-comunale-di-belluno-24-punti-allordine-del-giorno-martedi-30-giugno\\\/\",\"name\":\"Consiglio comunale di Belluno: 24 punti all'Ordine del giorno, marted\u00ec 30 giugno - Bellunopress - Dolomiti\",\"isPartOf\":{\"@id\":\"https:\\\/\\\/www.bellunopress.it\\\/#website\"},\"primaryImageOfPage\":{\"@id\":\"https:\\\/\\\/www.bellunopress.it\\\/2026\\\/06\\\/29\\\/consiglio-comunale-di-belluno-24-punti-allordine-del-giorno-martedi-30-giugno\\\/#primaryimage\"},\"image\":{\"@id\":\"https:\\\/\\\/www.bellunopress.it\\\/2026\\\/06\\\/29\\\/consiglio-comunale-di-belluno-24-punti-allordine-del-giorno-martedi-30-giugno\\\/#primaryimage\"},\"thumbnailUrl\":\"https:\\\/\\\/www.bellunopress.it\\\/wp-content\\\/uploads\\\/2020\\\/04\\\/palazzo-rosso_edited.jpg\",\"datePublished\":\"2026-06-29T05:00:41+00:00\",\"dateModified\":\"2026-06-29T05:02:55+00:00\",\"breadcrumb\":{\"@id\":\"https:\\\/\\\/www.bellunopress.it\\\/2026\\\/06\\\/29\\\/consiglio-comunale-di-belluno-24-punti-allordine-del-giorno-martedi-30-giugno\\\/#breadcrumb\"},\"inLanguage\":\"fr-FR\",\"potentialAction\":[{\"@type\":\"ReadAction\",\"target\":[\"https:\\\/\\\/www.bellunopress.it\\\/2026\\\/06\\\/29\\\/consiglio-comunale-di-belluno-24-punti-allordine-del-giorno-martedi-30-giugno\\\/\"]}]},{\"@type\":\"ImageObject\",\"inLanguage\":\"fr-FR\",\"@id\":\"https:\\\/\\\/www.bellunopress.it\\\/2026\\\/06\\\/29\\\/consiglio-comunale-di-belluno-24-punti-allordine-del-giorno-martedi-30-giugno\\\/#primaryimage\",\"url\":\"https:\\\/\\\/www.bellunopress.it\\\/wp-content\\\/uploads\\\/2020\\\/04\\\/palazzo-rosso_edited.jpg\",\"contentUrl\":\"https:\\\/\\\/www.bellunopress.it\\\/wp-content\\\/uploads\\\/2020\\\/04\\\/palazzo-rosso_edited.jpg\",\"width\":800,\"height\":563,\"caption\":\"Palazzo Rosso, sede dell'amministrazione comunale di Belluno\"},{\"@type\":\"BreadcrumbList\",\"@id\":\"https:\\\/\\\/www.bellunopress.it\\\/2026\\\/06\\\/29\\\/consiglio-comunale-di-belluno-24-punti-allordine-del-giorno-martedi-30-giugno\\\/#breadcrumb\",\"itemListElement\":[{\"@type\":\"ListItem\",\"position\":1,\"name\":\"Home\",\"item\":\"https:\\\/\\\/www.bellunopress.it\\\/\"},{\"@type\":\"ListItem\",\"position\":2,\"name\":\"Consiglio comunale di Belluno: 24 punti all&#8217;Ordine del giorno, marted\u00ec 30 giugno\"}]},{\"@type\":\"WebSite\",\"@id\":\"https:\\\/\\\/www.bellunopress.it\\\/#website\",\"url\":\"https:\\\/\\\/www.bellunopress.it\\\/\",\"name\":\"Bellunopress - Dolomiti\",\"description\":\"e-mail: redazione@bellunopress.it\",\"publisher\":{\"@id\":\"https:\\\/\\\/www.bellunopress.it\\\/#organization\"},\"potentialAction\":[{\"@type\":\"SearchAction\",\"target\":{\"@type\":\"EntryPoint\",\"urlTemplate\":\"https:\\\/\\\/www.bellunopress.it\\\/?s={search_term_string}\"},\"query-input\":{\"@type\":\"PropertyValueSpecification\",\"valueRequired\":true,\"valueName\":\"search_term_string\"}}],\"inLanguage\":\"fr-FR\"},{\"@type\":\"Organization\",\"@id\":\"https:\\\/\\\/www.bellunopress.it\\\/#organization\",\"name\":\"Bellunopress\",\"url\":\"https:\\\/\\\/www.bellunopress.it\\\/\",\"logo\":{\"@type\":\"ImageObject\",\"inLanguage\":\"fr-FR\",\"@id\":\"https:\\\/\\\/www.bellunopress.it\\\/#\\\/schema\\\/logo\\\/image\\\/\",\"url\":\"https:\\\/\\\/www.bellunopress.it\\\/wp-content\\\/uploads\\\/2011\\\/05\\\/cropped-logo-bellunopress-.jpg\",\"contentUrl\":\"https:\\\/\\\/www.bellunopress.it\\\/wp-content\\\/uploads\\\/2011\\\/05\\\/cropped-logo-bellunopress-.jpg\",\"width\":512,\"height\":512,\"caption\":\"Bellunopress\"},\"image\":{\"@id\":\"https:\\\/\\\/www.bellunopress.it\\\/#\\\/schema\\\/logo\\\/image\\\/\"},\"sameAs\":[\"https:\\\/\\\/www.facebook.com\\\/profile.php?id=100008943462799\",\"https:\\\/\\\/x.com\\\/bellunopress\",\"https:\\\/\\\/www.linkedin.com\\\/hp\\\/?dnr=JBzUWaJfMUw8vbXJJ2tVW5-I3jZKvC4wsoxE&amp;amp;amp;amp;amp;amp;trk=nav_responsive_tab_home\",\"https:\\\/\\\/www.youtube.com\\\/channel\\\/UCxL0wu1uN0_3_7hGG0306cw\"]},{\"@type\":\"Person\",\"@id\":\"https:\\\/\\\/www.bellunopress.it\\\/#\\\/schema\\\/person\\\/79bb06722b37ece1c03d3e94beb30d73\",\"name\":\"redazione\",\"image\":{\"@type\":\"ImageObject\",\"inLanguage\":\"fr-FR\",\"@id\":\"https:\\\/\\\/secure.gravatar.com\\\/avatar\\\/37d968a2e67a6fd04c169c4bdef102d0bc5d31b2546345219e348575eb80e9a0?s=96&d=mm&r=g\",\"url\":\"https:\\\/\\\/secure.gravatar.com\\\/avatar\\\/37d968a2e67a6fd04c169c4bdef102d0bc5d31b2546345219e348575eb80e9a0?s=96&d=mm&r=g\",\"contentUrl\":\"https:\\\/\\\/secure.gravatar.com\\\/avatar\\\/37d968a2e67a6fd04c169c4bdef102d0bc5d31b2546345219e348575eb80e9a0?s=96&d=mm&r=g\",\"caption\":\"redazione\"},\"sameAs\":[\"http:\\\/\\\/www.bellunopress.it\",\"https:\\\/\\\/x.com\\\/bellunopress\"],\"url\":\"https:\\\/\\\/www.bellunopress.it\\\/fr\\\/author\\\/redazione\\\/\"}]}<\/script>\n<!-- \/ Yoast SEO plugin. -->","yoast_head_json":{"title":"Consiglio comunale di Belluno: 24 punti all'Ordine del giorno, marted\u00ec 30 giugno - Bellunopress - Dolomiti","robots":{"index":"index","follow":"follow","max-snippet":"max-snippet:-1","max-image-preview":"max-image-preview:large","max-video-preview":"max-video-preview:-1"},"canonical":"https:\/\/www.bellunopress.it\/fr\/2026\/06\/29\/consiglio-comunale-di-belluno-24-punti-allordine-del-giorno-martedi-30-giugno\/","og_locale":"fr_FR","og_type":"article","og_title":"Consiglio comunale di Belluno: 24 punti all'Ordine del giorno, marted\u00ec 30 giugno - Bellunopress - Dolomiti","og_description":"Si terr\u00e0 marted\u00ec 30 giugno, alle ore 9.00, nella Sala consiliare di Palazzo Rosso, in Piazza Duomo 1, la riunione del Consiglio comunale di Belluno, per la trattazione dei seguenti punti all&#8217;ordine del giorno: 1. Adesione alla definizione agevolata di cui all&#8217;art. 1, commi da 82 a 101, L. n. 199\/2025 (Rottamazione quinquies) e all&#8217;art. [&hellip;]","og_url":"https:\/\/www.bellunopress.it\/fr\/2026\/06\/29\/consiglio-comunale-di-belluno-24-punti-allordine-del-giorno-martedi-30-giugno\/","og_site_name":"Bellunopress - Dolomiti","article_publisher":"https:\/\/www.facebook.com\/profile.php?id=100008943462799","article_published_time":"2026-06-29T05:00:41+00:00","article_modified_time":"2026-06-29T05:02:55+00:00","og_image":[{"width":800,"height":563,"url":"https:\/\/www.bellunopress.it\/wp-content\/uploads\/2020\/04\/palazzo-rosso_edited.jpg","type":"image\/jpeg"}],"author":"redazione","twitter_card":"summary_large_image","twitter_creator":"@bellunopress","twitter_site":"@bellunopress","twitter_misc":{"\u00c9crit par":"redazione","Dur\u00e9e de lecture estim\u00e9e":"4 minutes"},"schema":{"@context":"https:\/\/schema.org","@graph":[{"@type":"Article","@id":"https:\/\/www.bellunopress.it\/2026\/06\/29\/consiglio-comunale-di-belluno-24-punti-allordine-del-giorno-martedi-30-giugno\/#article","isPartOf":{"@id":"https:\/\/www.bellunopress.it\/2026\/06\/29\/consiglio-comunale-di-belluno-24-punti-allordine-del-giorno-martedi-30-giugno\/"},"author":{"name":"redazione","@id":"https:\/\/www.bellunopress.it\/#\/schema\/person\/79bb06722b37ece1c03d3e94beb30d73"},"headline":"Consiglio comunale di Belluno: 24 punti all&#8217;Ordine del giorno, marted\u00ec 30 giugno","datePublished":"2026-06-29T05:00:41+00:00","dateModified":"2026-06-29T05:02:55+00:00","mainEntityOfPage":{"@id":"https:\/\/www.bellunopress.it\/2026\/06\/29\/consiglio-comunale-di-belluno-24-punti-allordine-del-giorno-martedi-30-giugno\/"},"wordCount":676,"publisher":{"@id":"https:\/\/www.bellunopress.it\/#organization"},"image":{"@id":"https:\/\/www.bellunopress.it\/2026\/06\/29\/consiglio-comunale-di-belluno-24-punti-allordine-del-giorno-martedi-30-giugno\/#primaryimage"},"thumbnailUrl":"https:\/\/www.bellunopress.it\/wp-content\/uploads\/2020\/04\/palazzo-rosso_edited.jpg","articleSection":["Cronaca\/Politica","Prima Pagina"],"inLanguage":"fr-FR"},{"@type":"WebPage","@id":"https:\/\/www.bellunopress.it\/2026\/06\/29\/consiglio-comunale-di-belluno-24-punti-allordine-del-giorno-martedi-30-giugno\/","url":"https:\/\/www.bellunopress.it\/2026\/06\/29\/consiglio-comunale-di-belluno-24-punti-allordine-del-giorno-martedi-30-giugno\/","name":"Consiglio comunale di Belluno: 24 punti all'Ordine del giorno, marted\u00ec 30 giugno - Bellunopress - Dolomiti","isPartOf":{"@id":"https:\/\/www.bellunopress.it\/#website"},"primaryImageOfPage":{"@id":"https:\/\/www.bellunopress.it\/2026\/06\/29\/consiglio-comunale-di-belluno-24-punti-allordine-del-giorno-martedi-30-giugno\/#primaryimage"},"image":{"@id":"https:\/\/www.bellunopress.it\/2026\/06\/29\/consiglio-comunale-di-belluno-24-punti-allordine-del-giorno-martedi-30-giugno\/#primaryimage"},"thumbnailUrl":"https:\/\/www.bellunopress.it\/wp-content\/uploads\/2020\/04\/palazzo-rosso_edited.jpg","datePublished":"2026-06-29T05:00:41+00:00","dateModified":"2026-06-29T05:02:55+00:00","breadcrumb":{"@id":"https:\/\/www.bellunopress.it\/2026\/06\/29\/consiglio-comunale-di-belluno-24-punti-allordine-del-giorno-martedi-30-giugno\/#breadcrumb"},"inLanguage":"fr-FR","potentialAction":[{"@type":"ReadAction","target":["https:\/\/www.bellunopress.it\/2026\/06\/29\/consiglio-comunale-di-belluno-24-punti-allordine-del-giorno-martedi-30-giugno\/"]}]},{"@type":"ImageObject","inLanguage":"fr-FR","@id":"https:\/\/www.bellunopress.it\/2026\/06\/29\/consiglio-comunale-di-belluno-24-punti-allordine-del-giorno-martedi-30-giugno\/#primaryimage","url":"https:\/\/www.bellunopress.it\/wp-content\/uploads\/2020\/04\/palazzo-rosso_edited.jpg","contentUrl":"https:\/\/www.bellunopress.it\/wp-content\/uploads\/2020\/04\/palazzo-rosso_edited.jpg","width":800,"height":563,"caption":"Palazzo Rosso, sede dell'amministrazione comunale di Belluno"},{"@type":"BreadcrumbList","@id":"https:\/\/www.bellunopress.it\/2026\/06\/29\/consiglio-comunale-di-belluno-24-punti-allordine-del-giorno-martedi-30-giugno\/#breadcrumb","itemListElement":[{"@type":"ListItem","position":1,"name":"Home","item":"https:\/\/www.bellunopress.it\/"},{"@type":"ListItem","position":2,"name":"Consiglio comunale di Belluno: 24 punti all&#8217;Ordine del giorno, marted\u00ec 30 giugno"}]},{"@type":"WebSite","@id":"https:\/\/www.bellunopress.it\/#website","url":"https:\/\/www.bellunopress.it\/","name":"Bellunopress - Dolomiti","description":"e-mail: redazione@bellunopress.it","publisher":{"@id":"https:\/\/www.bellunopress.it\/#organization"},"potentialAction":[{"@type":"SearchAction","target":{"@type":"EntryPoint","urlTemplate":"https:\/\/www.bellunopress.it\/?s={search_term_string}"},"query-input":{"@type":"PropertyValueSpecification","valueRequired":true,"valueName":"search_term_string"}}],"inLanguage":"fr-FR"},{"@type":"Organization","@id":"https:\/\/www.bellunopress.it\/#organization","name":"Bellunopress","url":"https:\/\/www.bellunopress.it\/","logo":{"@type":"ImageObject","inLanguage":"fr-FR","@id":"https:\/\/www.bellunopress.it\/#\/schema\/logo\/image\/","url":"https:\/\/www.bellunopress.it\/wp-content\/uploads\/2011\/05\/cropped-logo-bellunopress-.jpg","contentUrl":"https:\/\/www.bellunopress.it\/wp-content\/uploads\/2011\/05\/cropped-logo-bellunopress-.jpg","width":512,"height":512,"caption":"Bellunopress"},"image":{"@id":"https:\/\/www.bellunopress.it\/#\/schema\/logo\/image\/"},"sameAs":["https:\/\/www.facebook.com\/profile.php?id=100008943462799","https:\/\/x.com\/bellunopress","https:\/\/www.linkedin.com\/hp\/?dnr=JBzUWaJfMUw8vbXJJ2tVW5-I3jZKvC4wsoxE&amp;amp;amp;amp;amp;amp;trk=nav_responsive_tab_home","https:\/\/www.youtube.com\/channel\/UCxL0wu1uN0_3_7hGG0306cw"]},{"@type":"Person","@id":"https:\/\/www.bellunopress.it\/#\/schema\/person\/79bb06722b37ece1c03d3e94beb30d73","name":"r\u00e9daction","image":{"@type":"ImageObject","inLanguage":"fr-FR","@id":"https:\/\/secure.gravatar.com\/avatar\/37d968a2e67a6fd04c169c4bdef102d0bc5d31b2546345219e348575eb80e9a0?s=96&d=mm&r=g","url":"https:\/\/secure.gravatar.com\/avatar\/37d968a2e67a6fd04c169c4bdef102d0bc5d31b2546345219e348575eb80e9a0?s=96&d=mm&r=g","contentUrl":"https:\/\/secure.gravatar.com\/avatar\/37d968a2e67a6fd04c169c4bdef102d0bc5d31b2546345219e348575eb80e9a0?s=96&d=mm&r=g","caption":"redazione"},"sameAs":["http:\/\/www.bellunopress.it","https:\/\/x.com\/bellunopress"],"url":"https:\/\/www.bellunopress.it\/fr\/author\/redazione\/"}]}},"_links":{"self":[{"href":"https:\/\/www.bellunopress.it\/fr\/wp-json\/wp\/v2\/posts\/171160","targetHints":{"allow":["GET"]}}],"collection":[{"href":"https:\/\/www.bellunopress.it\/fr\/wp-json\/wp\/v2\/posts"}],"about":[{"href":"https:\/\/www.bellunopress.it\/fr\/wp-json\/wp\/v2\/types\/post"}],"author":[{"embeddable":true,"href":"https:\/\/www.bellunopress.it\/fr\/wp-json\/wp\/v2\/users\/2"}],"replies":[{"embeddable":true,"href":"https:\/\/www.bellunopress.it\/fr\/wp-json\/wp\/v2\/comments?post=171160"}],"version-history":[{"count":1,"href":"https:\/\/www.bellunopress.it\/fr\/wp-json\/wp\/v2\/posts\/171160\/revisions"}],"predecessor-version":[{"id":171161,"href":"https:\/\/www.bellunopress.it\/fr\/wp-json\/wp\/v2\/posts\/171160\/revisions\/171161"}],"wp:featuredmedia":[{"embeddable":true,"href":"https:\/\/www.bellunopress.it\/fr\/wp-json\/wp\/v2\/media\/113617"}],"wp:attachment":[{"href":"https:\/\/www.bellunopress.it\/fr\/wp-json\/wp\/v2\/media?parent=171160"}],"wp:term":[{"taxonomy":"category","embeddable":true,"href":"https:\/\/www.bellunopress.it\/fr\/wp-json\/wp\/v2\/categories?post=171160"},{"taxonomy":"post_tag","embeddable":true,"href":"https:\/\/www.bellunopress.it\/fr\/wp-json\/wp\/v2\/tags?post=171160"}],"curies":[{"name":"wp","href":"https:\/\/api.w.org\/{rel}","templated":true}]}}