{"id":171152,"date":"2026-06-22T10:00:56","date_gmt":"2026-06-22T08:00:56","guid":{"rendered":"https:\/\/www.bellunopress.it\/?p=171152"},"modified":"2026-07-06T22:15:51","modified_gmt":"2026-07-06T20:15:51","slug":"trasparenza-retributiva-la-nuova-frontiera-del-mercato-del-lavoro","status":"publish","type":"post","link":"https:\/\/www.bellunopress.it\/fr\/2026\/06\/22\/trasparenza-retributiva-la-nuova-frontiera-del-mercato-del-lavoro\/","title":{"rendered":"Trasparenza retributiva: la nuova frontiera del mercato del lavoro"},"content":{"rendered":"<p data-path-to-node=\"6\">Il panorama lavorativo europeo sta vivendo una trasformazione epocale. Dal 7 giugno 2026, l&#8217;Italia ha ufficialmente recepito le direttive comunitarie in materia di trasparenza retributiva, segnando un punto di svolta fondamentale per l&#8217;equit\u00e0 salariale e il rapporto tra aziende e dipendenti.<\/p>\n<p data-path-to-node=\"8\">L&#8217;introduzione di misure vincolanti per garantire la parit\u00e0 di retribuzione non \u00e8 solo un obbligo normativo, ma risponde a una crescente domanda di equit\u00e0 da parte della forza lavoro globale. La trasparenza non \u00e8 pi\u00f9 un optional, ma una condizione necessaria per attrarre e trattenere i talenti.<\/p>\n<p data-path-to-node=\"10\">Un recente sondaggio condotto su oltre 4.000 lavoratori in diverse economie avanzate (USA, UK, Australia, Francia, Germania, Singapore) delinea uno scenario chiaro:<\/p>\n<ul data-path-to-node=\"11\">\n<li>\n<p data-path-to-node=\"11,0,0\">L&#8217;81% dei lavoratori considera la trasparenza retributiva un elemento fondamentale.<\/p>\n<\/li>\n<li>\n<p data-path-to-node=\"11,1,0\">Il 18% \u00e8 pronto a cambiare impiego in assenza di politiche trasparenti.<\/p>\n<\/li>\n<li>\n<p data-path-to-node=\"11,2,0\">Il 37% \u00e8 propenso a intraprendere azioni formali per richiederne l&#8217;introduzione.<\/p>\n<\/li>\n<\/ul>\n<p data-path-to-node=\"13\">La consapevolezza dei lavoratori sta modificando radicalmente le dinamiche di recruiting. In sede di colloquio, la trasparenza \u00e8 diventata una leva negoziale: <span style=\"font-weight: 400;\">Per i lavoratori, la trasparenza retributiva ha valore soprattutto quando pu\u00f2 essere confrontata con dati concreti. Avere strumenti per <\/span><a href=\"https:\/\/renditepassive.net\/stipendi-medi-italia\/\"><span style=\"font-weight: 400;\">confrontare la propria retribuzione con la media italiana <\/span><\/a><span style=\"font-weight: 400;\">aiuta a capire se una proposta economica, un aumento o una busta paga sono in linea con il mercato, anche in base ad area geografica, et\u00e0, settore ed esperienza.<\/span><\/p>\n<ul data-path-to-node=\"14\">\n<li>\n<p data-path-to-node=\"14,0,0\">Il 37% dei candidati richiederebbe l&#8217;inserimento esplicito di clausole di trasparenza nel proprio contratto.<\/p>\n<\/li>\n<li>\n<p data-path-to-node=\"14,1,0\">Il 17% utilizzerebbe la mancanza di trasparenza come leva per richiedere una retribuzione base pi\u00f9 alta.<\/p>\n<\/li>\n<li>\n<p data-path-to-node=\"14,2,0\">L&#8217;11% si farebbe promotore di una &#8220;socializzazione&#8221; dell&#8217;informazione, avvertendo altri potenziali candidati sulla cultura aziendale in materia.<\/p>\n<\/li>\n<\/ul>\n<p data-path-to-node=\"16\">Per le aziende italiane, l&#8217;adeguamento normativo rappresenta un&#8217;opportunit\u00e0 strategica. Investire in politiche salariali trasparenti significa non solo mitigare il rischio di sanzioni o contenziosi, ma costruire un <i data-path-to-node=\"16\" data-index-in-node=\"215\">employer brand<\/i> solido, capace di generare fiducia e fedelt\u00e0 in un mercato del lavoro sempre pi\u00f9 esigente e informato.<\/p>\n<p data-path-to-node=\"16\">(Fonte: Zeta Service)<\/p>","protected":false},"excerpt":{"rendered":"<p>Il panorama lavorativo europeo sta vivendo una trasformazione epocale. Dal 7 giugno 2026, l&#8217;Italia ha ufficialmente recepito le direttive comunitarie in materia di trasparenza retributiva, segnando un punto di svolta fondamentale per l&#8217;equit\u00e0 salariale e il rapporto tra aziende e dipendenti. L&#8217;introduzione di misure vincolanti per garantire la parit\u00e0 di retribuzione non \u00e8 solo un [&hellip;]<\/p>\n","protected":false},"author":2,"featured_media":112979,"comment_status":"closed","ping_status":"open","sticky":false,"template":"","format":"standard","meta":{"footnotes":""},"categories":[3583],"tags":[],"class_list":["post-171152","post","type-post","status-publish","format-standard","has-post-thumbnail","category-finanza"],"yoast_head":"<!-- This site is optimized with the Yoast SEO plugin v28.4 - https:\/\/yoast.com\/product\/yoast-seo-wordpress\/ -->\n<title>Trasparenza retributiva: la nuova frontiera del mercato del lavoro - Bellunopress - Dolomiti<\/title>\n<meta name=\"robots\" content=\"index, follow, max-snippet:-1, max-image-preview:large, max-video-preview:-1\" \/>\n<link rel=\"canonical\" href=\"https:\/\/www.bellunopress.it\/fr\/2026\/06\/22\/trasparenza-retributiva-la-nuova-frontiera-del-mercato-del-lavoro\/\" \/>\n<meta property=\"og:locale\" content=\"fr_FR\" \/>\n<meta property=\"og:type\" content=\"article\" \/>\n<meta property=\"og:title\" content=\"Trasparenza retributiva: la nuova frontiera del mercato del lavoro - Bellunopress - Dolomiti\" \/>\n<meta property=\"og:description\" content=\"Il panorama lavorativo europeo sta vivendo una trasformazione epocale. Dal 7 giugno 2026, l&#8217;Italia ha ufficialmente recepito le direttive comunitarie in materia di trasparenza retributiva, segnando un punto di svolta fondamentale per l&#8217;equit\u00e0 salariale e il rapporto tra aziende e dipendenti. L&#8217;introduzione di misure vincolanti per garantire la parit\u00e0 di retribuzione non \u00e8 solo un [&hellip;]\" \/>\n<meta property=\"og:url\" content=\"https:\/\/www.bellunopress.it\/fr\/2026\/06\/22\/trasparenza-retributiva-la-nuova-frontiera-del-mercato-del-lavoro\/\" \/>\n<meta property=\"og:site_name\" content=\"Bellunopress - Dolomiti\" \/>\n<meta property=\"article:publisher\" content=\"https:\/\/www.facebook.com\/profile.php?id=100008943462799\" \/>\n<meta property=\"article:published_time\" content=\"2026-06-22T08:00:56+00:00\" \/>\n<meta property=\"article:modified_time\" content=\"2026-07-06T20:15:51+00:00\" \/>\n<meta property=\"og:image\" content=\"https:\/\/www.bellunopress.it\/wp-content\/uploads\/2020\/03\/lavoro.jpg\" \/>\n\t<meta property=\"og:image:width\" content=\"524\" \/>\n\t<meta property=\"og:image:height\" content=\"720\" \/>\n\t<meta property=\"og:image:type\" content=\"image\/jpeg\" \/>\n<meta name=\"author\" content=\"redazione\" \/>\n<meta name=\"twitter:card\" content=\"summary_large_image\" \/>\n<meta name=\"twitter:creator\" content=\"@bellunopress\" \/>\n<meta name=\"twitter:site\" content=\"@bellunopress\" \/>\n<meta name=\"twitter:label1\" content=\"\u00c9crit par\" \/>\n\t<meta name=\"twitter:data1\" content=\"redazione\" \/>\n\t<meta name=\"twitter:label2\" content=\"Dur\u00e9e de lecture estim\u00e9e\" \/>\n\t<meta name=\"twitter:data2\" content=\"2 minutes\" \/>\n<script type=\"application\/ld+json\" class=\"yoast-schema-graph\">{\"@context\":\"https:\\\/\\\/schema.org\",\"@graph\":[{\"@type\":\"Article\",\"@id\":\"https:\\\/\\\/www.bellunopress.it\\\/2026\\\/06\\\/22\\\/trasparenza-retributiva-la-nuova-frontiera-del-mercato-del-lavoro\\\/#article\",\"isPartOf\":{\"@id\":\"https:\\\/\\\/www.bellunopress.it\\\/2026\\\/06\\\/22\\\/trasparenza-retributiva-la-nuova-frontiera-del-mercato-del-lavoro\\\/\"},\"author\":{\"name\":\"redazione\",\"@id\":\"https:\\\/\\\/www.bellunopress.it\\\/#\\\/schema\\\/person\\\/79bb06722b37ece1c03d3e94beb30d73\"},\"headline\":\"Trasparenza retributiva: la nuova frontiera del mercato del lavoro\",\"datePublished\":\"2026-06-22T08:00:56+00:00\",\"dateModified\":\"2026-07-06T20:15:51+00:00\",\"mainEntityOfPage\":{\"@id\":\"https:\\\/\\\/www.bellunopress.it\\\/2026\\\/06\\\/22\\\/trasparenza-retributiva-la-nuova-frontiera-del-mercato-del-lavoro\\\/\"},\"wordCount\":322,\"publisher\":{\"@id\":\"https:\\\/\\\/www.bellunopress.it\\\/#organization\"},\"image\":{\"@id\":\"https:\\\/\\\/www.bellunopress.it\\\/2026\\\/06\\\/22\\\/trasparenza-retributiva-la-nuova-frontiera-del-mercato-del-lavoro\\\/#primaryimage\"},\"thumbnailUrl\":\"https:\\\/\\\/www.bellunopress.it\\\/wp-content\\\/uploads\\\/2020\\\/03\\\/lavoro.jpg\",\"articleSection\":[\"soldi finanza\"],\"inLanguage\":\"fr-FR\"},{\"@type\":\"WebPage\",\"@id\":\"https:\\\/\\\/www.bellunopress.it\\\/2026\\\/06\\\/22\\\/trasparenza-retributiva-la-nuova-frontiera-del-mercato-del-lavoro\\\/\",\"url\":\"https:\\\/\\\/www.bellunopress.it\\\/2026\\\/06\\\/22\\\/trasparenza-retributiva-la-nuova-frontiera-del-mercato-del-lavoro\\\/\",\"name\":\"Trasparenza retributiva: la nuova frontiera del mercato del lavoro - Bellunopress - Dolomiti\",\"isPartOf\":{\"@id\":\"https:\\\/\\\/www.bellunopress.it\\\/#website\"},\"primaryImageOfPage\":{\"@id\":\"https:\\\/\\\/www.bellunopress.it\\\/2026\\\/06\\\/22\\\/trasparenza-retributiva-la-nuova-frontiera-del-mercato-del-lavoro\\\/#primaryimage\"},\"image\":{\"@id\":\"https:\\\/\\\/www.bellunopress.it\\\/2026\\\/06\\\/22\\\/trasparenza-retributiva-la-nuova-frontiera-del-mercato-del-lavoro\\\/#primaryimage\"},\"thumbnailUrl\":\"https:\\\/\\\/www.bellunopress.it\\\/wp-content\\\/uploads\\\/2020\\\/03\\\/lavoro.jpg\",\"datePublished\":\"2026-06-22T08:00:56+00:00\",\"dateModified\":\"2026-07-06T20:15:51+00:00\",\"breadcrumb\":{\"@id\":\"https:\\\/\\\/www.bellunopress.it\\\/2026\\\/06\\\/22\\\/trasparenza-retributiva-la-nuova-frontiera-del-mercato-del-lavoro\\\/#breadcrumb\"},\"inLanguage\":\"fr-FR\",\"potentialAction\":[{\"@type\":\"ReadAction\",\"target\":[\"https:\\\/\\\/www.bellunopress.it\\\/2026\\\/06\\\/22\\\/trasparenza-retributiva-la-nuova-frontiera-del-mercato-del-lavoro\\\/\"]}]},{\"@type\":\"ImageObject\",\"inLanguage\":\"fr-FR\",\"@id\":\"https:\\\/\\\/www.bellunopress.it\\\/2026\\\/06\\\/22\\\/trasparenza-retributiva-la-nuova-frontiera-del-mercato-del-lavoro\\\/#primaryimage\",\"url\":\"https:\\\/\\\/www.bellunopress.it\\\/wp-content\\\/uploads\\\/2020\\\/03\\\/lavoro.jpg\",\"contentUrl\":\"https:\\\/\\\/www.bellunopress.it\\\/wp-content\\\/uploads\\\/2020\\\/03\\\/lavoro.jpg\",\"width\":524,\"height\":720},{\"@type\":\"BreadcrumbList\",\"@id\":\"https:\\\/\\\/www.bellunopress.it\\\/2026\\\/06\\\/22\\\/trasparenza-retributiva-la-nuova-frontiera-del-mercato-del-lavoro\\\/#breadcrumb\",\"itemListElement\":[{\"@type\":\"ListItem\",\"position\":1,\"name\":\"Home\",\"item\":\"https:\\\/\\\/www.bellunopress.it\\\/\"},{\"@type\":\"ListItem\",\"position\":2,\"name\":\"Trasparenza retributiva: la nuova frontiera del mercato del lavoro\"}]},{\"@type\":\"WebSite\",\"@id\":\"https:\\\/\\\/www.bellunopress.it\\\/#website\",\"url\":\"https:\\\/\\\/www.bellunopress.it\\\/\",\"name\":\"Bellunopress - Dolomiti\",\"description\":\"e-mail: redazione@bellunopress.it\",\"publisher\":{\"@id\":\"https:\\\/\\\/www.bellunopress.it\\\/#organization\"},\"potentialAction\":[{\"@type\":\"SearchAction\",\"target\":{\"@type\":\"EntryPoint\",\"urlTemplate\":\"https:\\\/\\\/www.bellunopress.it\\\/?s={search_term_string}\"},\"query-input\":{\"@type\":\"PropertyValueSpecification\",\"valueRequired\":true,\"valueName\":\"search_term_string\"}}],\"inLanguage\":\"fr-FR\"},{\"@type\":\"Organization\",\"@id\":\"https:\\\/\\\/www.bellunopress.it\\\/#organization\",\"name\":\"Bellunopress\",\"url\":\"https:\\\/\\\/www.bellunopress.it\\\/\",\"logo\":{\"@type\":\"ImageObject\",\"inLanguage\":\"fr-FR\",\"@id\":\"https:\\\/\\\/www.bellunopress.it\\\/#\\\/schema\\\/logo\\\/image\\\/\",\"url\":\"https:\\\/\\\/www.bellunopress.it\\\/wp-content\\\/uploads\\\/2011\\\/05\\\/cropped-logo-bellunopress-.jpg\",\"contentUrl\":\"https:\\\/\\\/www.bellunopress.it\\\/wp-content\\\/uploads\\\/2011\\\/05\\\/cropped-logo-bellunopress-.jpg\",\"width\":512,\"height\":512,\"caption\":\"Bellunopress\"},\"image\":{\"@id\":\"https:\\\/\\\/www.bellunopress.it\\\/#\\\/schema\\\/logo\\\/image\\\/\"},\"sameAs\":[\"https:\\\/\\\/www.facebook.com\\\/profile.php?id=100008943462799\",\"https:\\\/\\\/x.com\\\/bellunopress\",\"https:\\\/\\\/www.linkedin.com\\\/hp\\\/?dnr=JBzUWaJfMUw8vbXJJ2tVW5-I3jZKvC4wsoxE&amp;amp;amp;amp;amp;amp;trk=nav_responsive_tab_home\",\"https:\\\/\\\/www.youtube.com\\\/channel\\\/UCxL0wu1uN0_3_7hGG0306cw\"]},{\"@type\":\"Person\",\"@id\":\"https:\\\/\\\/www.bellunopress.it\\\/#\\\/schema\\\/person\\\/79bb06722b37ece1c03d3e94beb30d73\",\"name\":\"redazione\",\"image\":{\"@type\":\"ImageObject\",\"inLanguage\":\"fr-FR\",\"@id\":\"https:\\\/\\\/secure.gravatar.com\\\/avatar\\\/37d968a2e67a6fd04c169c4bdef102d0bc5d31b2546345219e348575eb80e9a0?s=96&d=mm&r=g\",\"url\":\"https:\\\/\\\/secure.gravatar.com\\\/avatar\\\/37d968a2e67a6fd04c169c4bdef102d0bc5d31b2546345219e348575eb80e9a0?s=96&d=mm&r=g\",\"contentUrl\":\"https:\\\/\\\/secure.gravatar.com\\\/avatar\\\/37d968a2e67a6fd04c169c4bdef102d0bc5d31b2546345219e348575eb80e9a0?s=96&d=mm&r=g\",\"caption\":\"redazione\"},\"sameAs\":[\"http:\\\/\\\/www.bellunopress.it\",\"https:\\\/\\\/x.com\\\/bellunopress\"],\"url\":\"https:\\\/\\\/www.bellunopress.it\\\/fr\\\/author\\\/redazione\\\/\"}]}<\/script>\n<!-- \/ Yoast SEO plugin. -->","yoast_head_json":{"title":"Trasparenza retributiva: la nuova frontiera del mercato del lavoro - Bellunopress - Dolomiti","robots":{"index":"index","follow":"follow","max-snippet":"max-snippet:-1","max-image-preview":"max-image-preview:large","max-video-preview":"max-video-preview:-1"},"canonical":"https:\/\/www.bellunopress.it\/fr\/2026\/06\/22\/trasparenza-retributiva-la-nuova-frontiera-del-mercato-del-lavoro\/","og_locale":"fr_FR","og_type":"article","og_title":"Trasparenza retributiva: la nuova frontiera del mercato del lavoro - Bellunopress - Dolomiti","og_description":"Il panorama lavorativo europeo sta vivendo una trasformazione epocale. Dal 7 giugno 2026, l&#8217;Italia ha ufficialmente recepito le direttive comunitarie in materia di trasparenza retributiva, segnando un punto di svolta fondamentale per l&#8217;equit\u00e0 salariale e il rapporto tra aziende e dipendenti. L&#8217;introduzione di misure vincolanti per garantire la parit\u00e0 di retribuzione non \u00e8 solo un [&hellip;]","og_url":"https:\/\/www.bellunopress.it\/fr\/2026\/06\/22\/trasparenza-retributiva-la-nuova-frontiera-del-mercato-del-lavoro\/","og_site_name":"Bellunopress - Dolomiti","article_publisher":"https:\/\/www.facebook.com\/profile.php?id=100008943462799","article_published_time":"2026-06-22T08:00:56+00:00","article_modified_time":"2026-07-06T20:15:51+00:00","og_image":[{"width":524,"height":720,"url":"https:\/\/www.bellunopress.it\/wp-content\/uploads\/2020\/03\/lavoro.jpg","type":"image\/jpeg"}],"author":"redazione","twitter_card":"summary_large_image","twitter_creator":"@bellunopress","twitter_site":"@bellunopress","twitter_misc":{"\u00c9crit par":"redazione","Dur\u00e9e de lecture estim\u00e9e":"2 minutes"},"schema":{"@context":"https:\/\/schema.org","@graph":[{"@type":"Article","@id":"https:\/\/www.bellunopress.it\/2026\/06\/22\/trasparenza-retributiva-la-nuova-frontiera-del-mercato-del-lavoro\/#article","isPartOf":{"@id":"https:\/\/www.bellunopress.it\/2026\/06\/22\/trasparenza-retributiva-la-nuova-frontiera-del-mercato-del-lavoro\/"},"author":{"name":"redazione","@id":"https:\/\/www.bellunopress.it\/#\/schema\/person\/79bb06722b37ece1c03d3e94beb30d73"},"headline":"Trasparenza retributiva: la nuova frontiera del mercato del lavoro","datePublished":"2026-06-22T08:00:56+00:00","dateModified":"2026-07-06T20:15:51+00:00","mainEntityOfPage":{"@id":"https:\/\/www.bellunopress.it\/2026\/06\/22\/trasparenza-retributiva-la-nuova-frontiera-del-mercato-del-lavoro\/"},"wordCount":322,"publisher":{"@id":"https:\/\/www.bellunopress.it\/#organization"},"image":{"@id":"https:\/\/www.bellunopress.it\/2026\/06\/22\/trasparenza-retributiva-la-nuova-frontiera-del-mercato-del-lavoro\/#primaryimage"},"thumbnailUrl":"https:\/\/www.bellunopress.it\/wp-content\/uploads\/2020\/03\/lavoro.jpg","articleSection":["soldi finanza"],"inLanguage":"fr-FR"},{"@type":"WebPage","@id":"https:\/\/www.bellunopress.it\/2026\/06\/22\/trasparenza-retributiva-la-nuova-frontiera-del-mercato-del-lavoro\/","url":"https:\/\/www.bellunopress.it\/2026\/06\/22\/trasparenza-retributiva-la-nuova-frontiera-del-mercato-del-lavoro\/","name":"Trasparenza retributiva: la nuova frontiera del mercato del lavoro - Bellunopress - Dolomiti","isPartOf":{"@id":"https:\/\/www.bellunopress.it\/#website"},"primaryImageOfPage":{"@id":"https:\/\/www.bellunopress.it\/2026\/06\/22\/trasparenza-retributiva-la-nuova-frontiera-del-mercato-del-lavoro\/#primaryimage"},"image":{"@id":"https:\/\/www.bellunopress.it\/2026\/06\/22\/trasparenza-retributiva-la-nuova-frontiera-del-mercato-del-lavoro\/#primaryimage"},"thumbnailUrl":"https:\/\/www.bellunopress.it\/wp-content\/uploads\/2020\/03\/lavoro.jpg","datePublished":"2026-06-22T08:00:56+00:00","dateModified":"2026-07-06T20:15:51+00:00","breadcrumb":{"@id":"https:\/\/www.bellunopress.it\/2026\/06\/22\/trasparenza-retributiva-la-nuova-frontiera-del-mercato-del-lavoro\/#breadcrumb"},"inLanguage":"fr-FR","potentialAction":[{"@type":"ReadAction","target":["https:\/\/www.bellunopress.it\/2026\/06\/22\/trasparenza-retributiva-la-nuova-frontiera-del-mercato-del-lavoro\/"]}]},{"@type":"ImageObject","inLanguage":"fr-FR","@id":"https:\/\/www.bellunopress.it\/2026\/06\/22\/trasparenza-retributiva-la-nuova-frontiera-del-mercato-del-lavoro\/#primaryimage","url":"https:\/\/www.bellunopress.it\/wp-content\/uploads\/2020\/03\/lavoro.jpg","contentUrl":"https:\/\/www.bellunopress.it\/wp-content\/uploads\/2020\/03\/lavoro.jpg","width":524,"height":720},{"@type":"BreadcrumbList","@id":"https:\/\/www.bellunopress.it\/2026\/06\/22\/trasparenza-retributiva-la-nuova-frontiera-del-mercato-del-lavoro\/#breadcrumb","itemListElement":[{"@type":"ListItem","position":1,"name":"Home","item":"https:\/\/www.bellunopress.it\/"},{"@type":"ListItem","position":2,"name":"Trasparenza retributiva: la nuova frontiera del mercato del lavoro"}]},{"@type":"WebSite","@id":"https:\/\/www.bellunopress.it\/#website","url":"https:\/\/www.bellunopress.it\/","name":"Bellunopress - Dolomiti","description":"e-mail: redazione@bellunopress.it","publisher":{"@id":"https:\/\/www.bellunopress.it\/#organization"},"potentialAction":[{"@type":"SearchAction","target":{"@type":"EntryPoint","urlTemplate":"https:\/\/www.bellunopress.it\/?s={search_term_string}"},"query-input":{"@type":"PropertyValueSpecification","valueRequired":true,"valueName":"search_term_string"}}],"inLanguage":"fr-FR"},{"@type":"Organization","@id":"https:\/\/www.bellunopress.it\/#organization","name":"Bellunopress","url":"https:\/\/www.bellunopress.it\/","logo":{"@type":"ImageObject","inLanguage":"fr-FR","@id":"https:\/\/www.bellunopress.it\/#\/schema\/logo\/image\/","url":"https:\/\/www.bellunopress.it\/wp-content\/uploads\/2011\/05\/cropped-logo-bellunopress-.jpg","contentUrl":"https:\/\/www.bellunopress.it\/wp-content\/uploads\/2011\/05\/cropped-logo-bellunopress-.jpg","width":512,"height":512,"caption":"Bellunopress"},"image":{"@id":"https:\/\/www.bellunopress.it\/#\/schema\/logo\/image\/"},"sameAs":["https:\/\/www.facebook.com\/profile.php?id=100008943462799","https:\/\/x.com\/bellunopress","https:\/\/www.linkedin.com\/hp\/?dnr=JBzUWaJfMUw8vbXJJ2tVW5-I3jZKvC4wsoxE&amp;amp;amp;amp;amp;amp;trk=nav_responsive_tab_home","https:\/\/www.youtube.com\/channel\/UCxL0wu1uN0_3_7hGG0306cw"]},{"@type":"Person","@id":"https:\/\/www.bellunopress.it\/#\/schema\/person\/79bb06722b37ece1c03d3e94beb30d73","name":"r\u00e9daction","image":{"@type":"ImageObject","inLanguage":"fr-FR","@id":"https:\/\/secure.gravatar.com\/avatar\/37d968a2e67a6fd04c169c4bdef102d0bc5d31b2546345219e348575eb80e9a0?s=96&d=mm&r=g","url":"https:\/\/secure.gravatar.com\/avatar\/37d968a2e67a6fd04c169c4bdef102d0bc5d31b2546345219e348575eb80e9a0?s=96&d=mm&r=g","contentUrl":"https:\/\/secure.gravatar.com\/avatar\/37d968a2e67a6fd04c169c4bdef102d0bc5d31b2546345219e348575eb80e9a0?s=96&d=mm&r=g","caption":"redazione"},"sameAs":["http:\/\/www.bellunopress.it","https:\/\/x.com\/bellunopress"],"url":"https:\/\/www.bellunopress.it\/fr\/author\/redazione\/"}]}},"_links":{"self":[{"href":"https:\/\/www.bellunopress.it\/fr\/wp-json\/wp\/v2\/posts\/171152","targetHints":{"allow":["GET"]}}],"collection":[{"href":"https:\/\/www.bellunopress.it\/fr\/wp-json\/wp\/v2\/posts"}],"about":[{"href":"https:\/\/www.bellunopress.it\/fr\/wp-json\/wp\/v2\/types\/post"}],"author":[{"embeddable":true,"href":"https:\/\/www.bellunopress.it\/fr\/wp-json\/wp\/v2\/users\/2"}],"replies":[{"embeddable":true,"href":"https:\/\/www.bellunopress.it\/fr\/wp-json\/wp\/v2\/comments?post=171152"}],"version-history":[{"count":4,"href":"https:\/\/www.bellunopress.it\/fr\/wp-json\/wp\/v2\/posts\/171152\/revisions"}],"predecessor-version":[{"id":171730,"href":"https:\/\/www.bellunopress.it\/fr\/wp-json\/wp\/v2\/posts\/171152\/revisions\/171730"}],"wp:featuredmedia":[{"embeddable":true,"href":"https:\/\/www.bellunopress.it\/fr\/wp-json\/wp\/v2\/media\/112979"}],"wp:attachment":[{"href":"https:\/\/www.bellunopress.it\/fr\/wp-json\/wp\/v2\/media?parent=171152"}],"wp:term":[{"taxonomy":"category","embeddable":true,"href":"https:\/\/www.bellunopress.it\/fr\/wp-json\/wp\/v2\/categories?post=171152"},{"taxonomy":"post_tag","embeddable":true,"href":"https:\/\/www.bellunopress.it\/fr\/wp-json\/wp\/v2\/tags?post=171152"}],"curies":[{"name":"wp","href":"https:\/\/api.w.org\/{rel}","templated":true}]}}