{"id":171143,"date":"2026-06-22T12:43:34","date_gmt":"2026-06-22T10:43:34","guid":{"rendered":"https:\/\/www.bellunopress.it\/?p=171143"},"modified":"2026-06-22T12:43:34","modified_gmt":"2026-06-22T10:43:34","slug":"il-coro-minimo-bellunese-sabato-nella-chiesa-di-gron-di-sospirolo","status":"publish","type":"post","link":"https:\/\/www.bellunopress.it\/fr\/2026\/06\/22\/il-coro-minimo-bellunese-sabato-nella-chiesa-di-gron-di-sospirolo\/","title":{"rendered":"Il Coro Minimo Bellunese sabato nella chiesa di Gron di Sospirolo"},"content":{"rendered":"<p>Archiviato il concerto di inizio mese a Villa Rudio Sammartini di Orzes, per il Coro Monti del Sole \u00e8 gi\u00e0 ora di pensare alla prima delle due rassegne corali organizzate nel corso dell\u2019anno.<\/p>\n<p>\u201cCanton San Piero\u201d ritorna per una nuova edizione, e lo fa con una novit\u00e0 importante: la temporanea indisponibilit\u00e0 della chiesa parrocchiale di Sospirolo ha infatti costretto il sodalizio diretto da Luca Lotto e presieduto da Stefano Colle a spostare l\u2019evento nella chiesa di Santa Maria Assunta, nella frazione di Gron.<br \/>\nLa rassegna a ingresso libero, che si terr\u00e0 il prossimo sabato 27 giugno alle ore 20.45, ospiter\u00e0 il Coro Minimo Bellunese, un gruppo che da 65 anni rappresenta un vero e proprio simbolo del territorio provinciale in Italia e all\u2019estero.<\/p>\n<p>La storica formazione corale del capoluogo, fondata dall\u2019indimenticato maestro Lamberto Pietropoli e attualmente diretta da Gianluca Nicolai, arriver\u00e0 a Sospirolo una settimana dopo una trasferta in terra svizzera, una delle tante a cui ha partecipato nel corso della sua lunga attivit\u00e0 iniziata nel 1961. La presenza a \u201cCanton San Piero\u201d \u00e8 l\u2019occasione migliore per suggellare un rapporto di amicizia che ha visto il Coro Monti del Sole partecipare al concerto di Natale 2024, nella chiesa di Santo Stefano a Belluno, e ad un concerto nel tempio ossario di Mussoi lo scorso novembre. Era dunque naturale, per il \u201cMonti del Sole\u201d, ricambiare l\u2019invito e l\u2019ospitalit\u00e0 ricevuta, e l\u2019occasione ideale si \u00e8 presentata con la ventunesima edizione della rassegna sospirolese.<\/p>\n<p>Oltre al rapporto di amicizia e le esperienze concertistiche, ad accomunare le due formazioni c\u2019\u00e8 anche il recentissimo innesto di nuove voci a garantire il ricambio generazionale e portare nuova linfa vitale, qualcosa che \u00e8 assolutamente necessario al proseguimento dell\u2019attivit\u00e0 ma che purtroppo si vede con sempre meno frequenza all\u2019interno delle associazioni, anche al di fuori dell\u2019ambito corale.<\/p>\n<p>\u00abArrivare alla ventunesima edizione della nostra rassegna \u00e8 motivo di grande soddisfazione, ma quest&#8217;anno c&#8217;\u00e8 qualcosa in pi\u00f9 da celebrare. Sia noi sia il coro ospite abbiamo avuto la fortuna di accogliere nuove voci nei nostri organici: un segnale prezioso, perch\u00e9 il futuro di un coro dipende dalla capacit\u00e0 di coinvolgere nuove persone e trasmettere loro la passione per il canto\u00bb dichiara il presidente del Coro Monti del Sole, Stefano Colle. \u00abSiamo inoltre particolarmente lieti di ospitare il Coro Minimo con cui, nell\u2019ultimo periodo, abbiamo condiviso due bellissime esperienze dalle quali \u00e8 nata un&#8217;amicizia sincera, che va oltre l&#8217;aspetto musicale. Questa serata \u00e8 anche un modo per ricambiare l&#8217;accoglienza ricevuta e per confermare quanto il canto corale sappia creare legami autentici tra persone e territori. Vedere nuove leve integrarsi nelle nostre realt\u00e0 e ritrovare sul palco amici con cui condividiamo valori e passione \u00e8 forse il modo migliore per guardare con fiducia al futuro della musica popolare\u00bb.<\/p>","protected":false},"excerpt":{"rendered":"<p>Archiviato il concerto di inizio mese a Villa Rudio Sammartini di Orzes, per il Coro Monti del Sole \u00e8 gi\u00e0 ora di pensare alla prima delle due rassegne corali organizzate nel corso dell\u2019anno. \u201cCanton San Piero\u201d ritorna per una nuova edizione, e lo fa con una novit\u00e0 importante: la temporanea indisponibilit\u00e0 della chiesa parrocchiale di [&hellip;]<\/p>\n","protected":false},"author":2,"featured_media":137892,"comment_status":"closed","ping_status":"open","sticky":false,"template":"","format":"standard","meta":{"footnotes":""},"categories":[27,25],"tags":[],"class_list":["post-171143","post","type-post","status-publish","format-standard","has-post-thumbnail","category-appuntamenti","category-pausa-caffe"],"yoast_head":"<!-- This site is optimized with the Yoast SEO plugin v28.4 - https:\/\/yoast.com\/product\/yoast-seo-wordpress\/ -->\n<title>Il Coro Minimo Bellunese sabato nella chiesa di Gron di Sospirolo - Bellunopress - Dolomiti<\/title>\n<meta name=\"robots\" content=\"index, follow, max-snippet:-1, max-image-preview:large, max-video-preview:-1\" \/>\n<link rel=\"canonical\" href=\"https:\/\/www.bellunopress.it\/fr\/2026\/06\/22\/il-coro-minimo-bellunese-sabato-nella-chiesa-di-gron-di-sospirolo\/\" \/>\n<meta property=\"og:locale\" content=\"fr_FR\" \/>\n<meta property=\"og:type\" content=\"article\" \/>\n<meta property=\"og:title\" content=\"Il Coro Minimo Bellunese sabato nella chiesa di Gron di Sospirolo - Bellunopress - Dolomiti\" \/>\n<meta property=\"og:description\" content=\"Archiviato il concerto di inizio mese a Villa Rudio Sammartini di Orzes, per il Coro Monti del Sole \u00e8 gi\u00e0 ora di pensare alla prima delle due rassegne corali organizzate nel corso dell\u2019anno. \u201cCanton San Piero\u201d ritorna per una nuova edizione, e lo fa con una novit\u00e0 importante: la temporanea indisponibilit\u00e0 della chiesa parrocchiale di [&hellip;]\" \/>\n<meta property=\"og:url\" content=\"https:\/\/www.bellunopress.it\/fr\/2026\/06\/22\/il-coro-minimo-bellunese-sabato-nella-chiesa-di-gron-di-sospirolo\/\" \/>\n<meta property=\"og:site_name\" content=\"Bellunopress - Dolomiti\" \/>\n<meta property=\"article:publisher\" content=\"https:\/\/www.facebook.com\/profile.php?id=100008943462799\" \/>\n<meta property=\"article:published_time\" content=\"2026-06-22T10:43:34+00:00\" \/>\n<meta property=\"og:image\" content=\"https:\/\/www.bellunopress.it\/wp-content\/uploads\/2022\/11\/Coro-minimo-bellunese_edited.jpg\" \/>\n\t<meta property=\"og:image:width\" content=\"1000\" \/>\n\t<meta property=\"og:image:height\" content=\"564\" \/>\n\t<meta property=\"og:image:type\" content=\"image\/jpeg\" \/>\n<meta name=\"author\" content=\"redazione\" \/>\n<meta name=\"twitter:card\" content=\"summary_large_image\" \/>\n<meta name=\"twitter:creator\" content=\"@bellunopress\" \/>\n<meta name=\"twitter:site\" content=\"@bellunopress\" \/>\n<meta name=\"twitter:label1\" content=\"\u00c9crit par\" \/>\n\t<meta name=\"twitter:data1\" content=\"redazione\" \/>\n\t<meta name=\"twitter:label2\" content=\"Dur\u00e9e de lecture estim\u00e9e\" \/>\n\t<meta name=\"twitter:data2\" content=\"3 minutes\" \/>\n<script type=\"application\/ld+json\" class=\"yoast-schema-graph\">{\"@context\":\"https:\\\/\\\/schema.org\",\"@graph\":[{\"@type\":\"Article\",\"@id\":\"https:\\\/\\\/www.bellunopress.it\\\/2026\\\/06\\\/22\\\/il-coro-minimo-bellunese-sabato-nella-chiesa-di-gron-di-sospirolo\\\/#article\",\"isPartOf\":{\"@id\":\"https:\\\/\\\/www.bellunopress.it\\\/2026\\\/06\\\/22\\\/il-coro-minimo-bellunese-sabato-nella-chiesa-di-gron-di-sospirolo\\\/\"},\"author\":{\"name\":\"redazione\",\"@id\":\"https:\\\/\\\/www.bellunopress.it\\\/#\\\/schema\\\/person\\\/79bb06722b37ece1c03d3e94beb30d73\"},\"headline\":\"Il Coro Minimo Bellunese sabato nella chiesa di Gron di Sospirolo\",\"datePublished\":\"2026-06-22T10:43:34+00:00\",\"mainEntityOfPage\":{\"@id\":\"https:\\\/\\\/www.bellunopress.it\\\/2026\\\/06\\\/22\\\/il-coro-minimo-bellunese-sabato-nella-chiesa-di-gron-di-sospirolo\\\/\"},\"wordCount\":470,\"publisher\":{\"@id\":\"https:\\\/\\\/www.bellunopress.it\\\/#organization\"},\"image\":{\"@id\":\"https:\\\/\\\/www.bellunopress.it\\\/2026\\\/06\\\/22\\\/il-coro-minimo-bellunese-sabato-nella-chiesa-di-gron-di-sospirolo\\\/#primaryimage\"},\"thumbnailUrl\":\"https:\\\/\\\/www.bellunopress.it\\\/wp-content\\\/uploads\\\/2022\\\/11\\\/Coro-minimo-bellunese_edited.jpg\",\"articleSection\":[\"Appuntamenti, Eventi\",\"Pausa Caff\u00e8\"],\"inLanguage\":\"fr-FR\"},{\"@type\":\"WebPage\",\"@id\":\"https:\\\/\\\/www.bellunopress.it\\\/2026\\\/06\\\/22\\\/il-coro-minimo-bellunese-sabato-nella-chiesa-di-gron-di-sospirolo\\\/\",\"url\":\"https:\\\/\\\/www.bellunopress.it\\\/2026\\\/06\\\/22\\\/il-coro-minimo-bellunese-sabato-nella-chiesa-di-gron-di-sospirolo\\\/\",\"name\":\"Il Coro Minimo Bellunese sabato nella chiesa di Gron di Sospirolo - Bellunopress - Dolomiti\",\"isPartOf\":{\"@id\":\"https:\\\/\\\/www.bellunopress.it\\\/#website\"},\"primaryImageOfPage\":{\"@id\":\"https:\\\/\\\/www.bellunopress.it\\\/2026\\\/06\\\/22\\\/il-coro-minimo-bellunese-sabato-nella-chiesa-di-gron-di-sospirolo\\\/#primaryimage\"},\"image\":{\"@id\":\"https:\\\/\\\/www.bellunopress.it\\\/2026\\\/06\\\/22\\\/il-coro-minimo-bellunese-sabato-nella-chiesa-di-gron-di-sospirolo\\\/#primaryimage\"},\"thumbnailUrl\":\"https:\\\/\\\/www.bellunopress.it\\\/wp-content\\\/uploads\\\/2022\\\/11\\\/Coro-minimo-bellunese_edited.jpg\",\"datePublished\":\"2026-06-22T10:43:34+00:00\",\"breadcrumb\":{\"@id\":\"https:\\\/\\\/www.bellunopress.it\\\/2026\\\/06\\\/22\\\/il-coro-minimo-bellunese-sabato-nella-chiesa-di-gron-di-sospirolo\\\/#breadcrumb\"},\"inLanguage\":\"fr-FR\",\"potentialAction\":[{\"@type\":\"ReadAction\",\"target\":[\"https:\\\/\\\/www.bellunopress.it\\\/2026\\\/06\\\/22\\\/il-coro-minimo-bellunese-sabato-nella-chiesa-di-gron-di-sospirolo\\\/\"]}]},{\"@type\":\"ImageObject\",\"inLanguage\":\"fr-FR\",\"@id\":\"https:\\\/\\\/www.bellunopress.it\\\/2026\\\/06\\\/22\\\/il-coro-minimo-bellunese-sabato-nella-chiesa-di-gron-di-sospirolo\\\/#primaryimage\",\"url\":\"https:\\\/\\\/www.bellunopress.it\\\/wp-content\\\/uploads\\\/2022\\\/11\\\/Coro-minimo-bellunese_edited.jpg\",\"contentUrl\":\"https:\\\/\\\/www.bellunopress.it\\\/wp-content\\\/uploads\\\/2022\\\/11\\\/Coro-minimo-bellunese_edited.jpg\",\"width\":1000,\"height\":564},{\"@type\":\"BreadcrumbList\",\"@id\":\"https:\\\/\\\/www.bellunopress.it\\\/2026\\\/06\\\/22\\\/il-coro-minimo-bellunese-sabato-nella-chiesa-di-gron-di-sospirolo\\\/#breadcrumb\",\"itemListElement\":[{\"@type\":\"ListItem\",\"position\":1,\"name\":\"Home\",\"item\":\"https:\\\/\\\/www.bellunopress.it\\\/\"},{\"@type\":\"ListItem\",\"position\":2,\"name\":\"Il Coro Minimo Bellunese sabato nella chiesa di Gron di Sospirolo\"}]},{\"@type\":\"WebSite\",\"@id\":\"https:\\\/\\\/www.bellunopress.it\\\/#website\",\"url\":\"https:\\\/\\\/www.bellunopress.it\\\/\",\"name\":\"Bellunopress - Dolomiti\",\"description\":\"e-mail: redazione@bellunopress.it\",\"publisher\":{\"@id\":\"https:\\\/\\\/www.bellunopress.it\\\/#organization\"},\"potentialAction\":[{\"@type\":\"SearchAction\",\"target\":{\"@type\":\"EntryPoint\",\"urlTemplate\":\"https:\\\/\\\/www.bellunopress.it\\\/?s={search_term_string}\"},\"query-input\":{\"@type\":\"PropertyValueSpecification\",\"valueRequired\":true,\"valueName\":\"search_term_string\"}}],\"inLanguage\":\"fr-FR\"},{\"@type\":\"Organization\",\"@id\":\"https:\\\/\\\/www.bellunopress.it\\\/#organization\",\"name\":\"Bellunopress\",\"url\":\"https:\\\/\\\/www.bellunopress.it\\\/\",\"logo\":{\"@type\":\"ImageObject\",\"inLanguage\":\"fr-FR\",\"@id\":\"https:\\\/\\\/www.bellunopress.it\\\/#\\\/schema\\\/logo\\\/image\\\/\",\"url\":\"https:\\\/\\\/www.bellunopress.it\\\/wp-content\\\/uploads\\\/2011\\\/05\\\/cropped-logo-bellunopress-.jpg\",\"contentUrl\":\"https:\\\/\\\/www.bellunopress.it\\\/wp-content\\\/uploads\\\/2011\\\/05\\\/cropped-logo-bellunopress-.jpg\",\"width\":512,\"height\":512,\"caption\":\"Bellunopress\"},\"image\":{\"@id\":\"https:\\\/\\\/www.bellunopress.it\\\/#\\\/schema\\\/logo\\\/image\\\/\"},\"sameAs\":[\"https:\\\/\\\/www.facebook.com\\\/profile.php?id=100008943462799\",\"https:\\\/\\\/x.com\\\/bellunopress\",\"https:\\\/\\\/www.linkedin.com\\\/hp\\\/?dnr=JBzUWaJfMUw8vbXJJ2tVW5-I3jZKvC4wsoxE&amp;amp;amp;amp;amp;amp;trk=nav_responsive_tab_home\",\"https:\\\/\\\/www.youtube.com\\\/channel\\\/UCxL0wu1uN0_3_7hGG0306cw\"]},{\"@type\":\"Person\",\"@id\":\"https:\\\/\\\/www.bellunopress.it\\\/#\\\/schema\\\/person\\\/79bb06722b37ece1c03d3e94beb30d73\",\"name\":\"redazione\",\"image\":{\"@type\":\"ImageObject\",\"inLanguage\":\"fr-FR\",\"@id\":\"https:\\\/\\\/secure.gravatar.com\\\/avatar\\\/37d968a2e67a6fd04c169c4bdef102d0bc5d31b2546345219e348575eb80e9a0?s=96&d=mm&r=g\",\"url\":\"https:\\\/\\\/secure.gravatar.com\\\/avatar\\\/37d968a2e67a6fd04c169c4bdef102d0bc5d31b2546345219e348575eb80e9a0?s=96&d=mm&r=g\",\"contentUrl\":\"https:\\\/\\\/secure.gravatar.com\\\/avatar\\\/37d968a2e67a6fd04c169c4bdef102d0bc5d31b2546345219e348575eb80e9a0?s=96&d=mm&r=g\",\"caption\":\"redazione\"},\"sameAs\":[\"http:\\\/\\\/www.bellunopress.it\",\"https:\\\/\\\/x.com\\\/bellunopress\"],\"url\":\"https:\\\/\\\/www.bellunopress.it\\\/fr\\\/author\\\/redazione\\\/\"}]}<\/script>\n<!-- \/ Yoast SEO plugin. -->","yoast_head_json":{"title":"Il Coro Minimo Bellunese sabato nella chiesa di Gron di Sospirolo - Bellunopress - Dolomiti","robots":{"index":"index","follow":"follow","max-snippet":"max-snippet:-1","max-image-preview":"max-image-preview:large","max-video-preview":"max-video-preview:-1"},"canonical":"https:\/\/www.bellunopress.it\/fr\/2026\/06\/22\/il-coro-minimo-bellunese-sabato-nella-chiesa-di-gron-di-sospirolo\/","og_locale":"fr_FR","og_type":"article","og_title":"Il Coro Minimo Bellunese sabato nella chiesa di Gron di Sospirolo - Bellunopress - Dolomiti","og_description":"Archiviato il concerto di inizio mese a Villa Rudio Sammartini di Orzes, per il Coro Monti del Sole \u00e8 gi\u00e0 ora di pensare alla prima delle due rassegne corali organizzate nel corso dell\u2019anno. \u201cCanton San Piero\u201d ritorna per una nuova edizione, e lo fa con una novit\u00e0 importante: la temporanea indisponibilit\u00e0 della chiesa parrocchiale di [&hellip;]","og_url":"https:\/\/www.bellunopress.it\/fr\/2026\/06\/22\/il-coro-minimo-bellunese-sabato-nella-chiesa-di-gron-di-sospirolo\/","og_site_name":"Bellunopress - Dolomiti","article_publisher":"https:\/\/www.facebook.com\/profile.php?id=100008943462799","article_published_time":"2026-06-22T10:43:34+00:00","og_image":[{"width":1000,"height":564,"url":"https:\/\/www.bellunopress.it\/wp-content\/uploads\/2022\/11\/Coro-minimo-bellunese_edited.jpg","type":"image\/jpeg"}],"author":"redazione","twitter_card":"summary_large_image","twitter_creator":"@bellunopress","twitter_site":"@bellunopress","twitter_misc":{"\u00c9crit par":"redazione","Dur\u00e9e de lecture estim\u00e9e":"3 minutes"},"schema":{"@context":"https:\/\/schema.org","@graph":[{"@type":"Article","@id":"https:\/\/www.bellunopress.it\/2026\/06\/22\/il-coro-minimo-bellunese-sabato-nella-chiesa-di-gron-di-sospirolo\/#article","isPartOf":{"@id":"https:\/\/www.bellunopress.it\/2026\/06\/22\/il-coro-minimo-bellunese-sabato-nella-chiesa-di-gron-di-sospirolo\/"},"author":{"name":"redazione","@id":"https:\/\/www.bellunopress.it\/#\/schema\/person\/79bb06722b37ece1c03d3e94beb30d73"},"headline":"Il Coro Minimo Bellunese sabato nella chiesa di Gron di Sospirolo","datePublished":"2026-06-22T10:43:34+00:00","mainEntityOfPage":{"@id":"https:\/\/www.bellunopress.it\/2026\/06\/22\/il-coro-minimo-bellunese-sabato-nella-chiesa-di-gron-di-sospirolo\/"},"wordCount":470,"publisher":{"@id":"https:\/\/www.bellunopress.it\/#organization"},"image":{"@id":"https:\/\/www.bellunopress.it\/2026\/06\/22\/il-coro-minimo-bellunese-sabato-nella-chiesa-di-gron-di-sospirolo\/#primaryimage"},"thumbnailUrl":"https:\/\/www.bellunopress.it\/wp-content\/uploads\/2022\/11\/Coro-minimo-bellunese_edited.jpg","articleSection":["Appuntamenti, Eventi","Pausa Caff\u00e8"],"inLanguage":"fr-FR"},{"@type":"WebPage","@id":"https:\/\/www.bellunopress.it\/2026\/06\/22\/il-coro-minimo-bellunese-sabato-nella-chiesa-di-gron-di-sospirolo\/","url":"https:\/\/www.bellunopress.it\/2026\/06\/22\/il-coro-minimo-bellunese-sabato-nella-chiesa-di-gron-di-sospirolo\/","name":"Il Coro Minimo Bellunese sabato nella chiesa di Gron di Sospirolo - Bellunopress - Dolomiti","isPartOf":{"@id":"https:\/\/www.bellunopress.it\/#website"},"primaryImageOfPage":{"@id":"https:\/\/www.bellunopress.it\/2026\/06\/22\/il-coro-minimo-bellunese-sabato-nella-chiesa-di-gron-di-sospirolo\/#primaryimage"},"image":{"@id":"https:\/\/www.bellunopress.it\/2026\/06\/22\/il-coro-minimo-bellunese-sabato-nella-chiesa-di-gron-di-sospirolo\/#primaryimage"},"thumbnailUrl":"https:\/\/www.bellunopress.it\/wp-content\/uploads\/2022\/11\/Coro-minimo-bellunese_edited.jpg","datePublished":"2026-06-22T10:43:34+00:00","breadcrumb":{"@id":"https:\/\/www.bellunopress.it\/2026\/06\/22\/il-coro-minimo-bellunese-sabato-nella-chiesa-di-gron-di-sospirolo\/#breadcrumb"},"inLanguage":"fr-FR","potentialAction":[{"@type":"ReadAction","target":["https:\/\/www.bellunopress.it\/2026\/06\/22\/il-coro-minimo-bellunese-sabato-nella-chiesa-di-gron-di-sospirolo\/"]}]},{"@type":"ImageObject","inLanguage":"fr-FR","@id":"https:\/\/www.bellunopress.it\/2026\/06\/22\/il-coro-minimo-bellunese-sabato-nella-chiesa-di-gron-di-sospirolo\/#primaryimage","url":"https:\/\/www.bellunopress.it\/wp-content\/uploads\/2022\/11\/Coro-minimo-bellunese_edited.jpg","contentUrl":"https:\/\/www.bellunopress.it\/wp-content\/uploads\/2022\/11\/Coro-minimo-bellunese_edited.jpg","width":1000,"height":564},{"@type":"BreadcrumbList","@id":"https:\/\/www.bellunopress.it\/2026\/06\/22\/il-coro-minimo-bellunese-sabato-nella-chiesa-di-gron-di-sospirolo\/#breadcrumb","itemListElement":[{"@type":"ListItem","position":1,"name":"Home","item":"https:\/\/www.bellunopress.it\/"},{"@type":"ListItem","position":2,"name":"Il Coro Minimo Bellunese sabato nella chiesa di Gron di Sospirolo"}]},{"@type":"WebSite","@id":"https:\/\/www.bellunopress.it\/#website","url":"https:\/\/www.bellunopress.it\/","name":"Bellunopress - Dolomiti","description":"e-mail: redazione@bellunopress.it","publisher":{"@id":"https:\/\/www.bellunopress.it\/#organization"},"potentialAction":[{"@type":"SearchAction","target":{"@type":"EntryPoint","urlTemplate":"https:\/\/www.bellunopress.it\/?s={search_term_string}"},"query-input":{"@type":"PropertyValueSpecification","valueRequired":true,"valueName":"search_term_string"}}],"inLanguage":"fr-FR"},{"@type":"Organization","@id":"https:\/\/www.bellunopress.it\/#organization","name":"Bellunopress","url":"https:\/\/www.bellunopress.it\/","logo":{"@type":"ImageObject","inLanguage":"fr-FR","@id":"https:\/\/www.bellunopress.it\/#\/schema\/logo\/image\/","url":"https:\/\/www.bellunopress.it\/wp-content\/uploads\/2011\/05\/cropped-logo-bellunopress-.jpg","contentUrl":"https:\/\/www.bellunopress.it\/wp-content\/uploads\/2011\/05\/cropped-logo-bellunopress-.jpg","width":512,"height":512,"caption":"Bellunopress"},"image":{"@id":"https:\/\/www.bellunopress.it\/#\/schema\/logo\/image\/"},"sameAs":["https:\/\/www.facebook.com\/profile.php?id=100008943462799","https:\/\/x.com\/bellunopress","https:\/\/www.linkedin.com\/hp\/?dnr=JBzUWaJfMUw8vbXJJ2tVW5-I3jZKvC4wsoxE&amp;amp;amp;amp;amp;amp;trk=nav_responsive_tab_home","https:\/\/www.youtube.com\/channel\/UCxL0wu1uN0_3_7hGG0306cw"]},{"@type":"Person","@id":"https:\/\/www.bellunopress.it\/#\/schema\/person\/79bb06722b37ece1c03d3e94beb30d73","name":"r\u00e9daction","image":{"@type":"ImageObject","inLanguage":"fr-FR","@id":"https:\/\/secure.gravatar.com\/avatar\/37d968a2e67a6fd04c169c4bdef102d0bc5d31b2546345219e348575eb80e9a0?s=96&d=mm&r=g","url":"https:\/\/secure.gravatar.com\/avatar\/37d968a2e67a6fd04c169c4bdef102d0bc5d31b2546345219e348575eb80e9a0?s=96&d=mm&r=g","contentUrl":"https:\/\/secure.gravatar.com\/avatar\/37d968a2e67a6fd04c169c4bdef102d0bc5d31b2546345219e348575eb80e9a0?s=96&d=mm&r=g","caption":"redazione"},"sameAs":["http:\/\/www.bellunopress.it","https:\/\/x.com\/bellunopress"],"url":"https:\/\/www.bellunopress.it\/fr\/author\/redazione\/"}]}},"_links":{"self":[{"href":"https:\/\/www.bellunopress.it\/fr\/wp-json\/wp\/v2\/posts\/171143","targetHints":{"allow":["GET"]}}],"collection":[{"href":"https:\/\/www.bellunopress.it\/fr\/wp-json\/wp\/v2\/posts"}],"about":[{"href":"https:\/\/www.bellunopress.it\/fr\/wp-json\/wp\/v2\/types\/post"}],"author":[{"embeddable":true,"href":"https:\/\/www.bellunopress.it\/fr\/wp-json\/wp\/v2\/users\/2"}],"replies":[{"embeddable":true,"href":"https:\/\/www.bellunopress.it\/fr\/wp-json\/wp\/v2\/comments?post=171143"}],"version-history":[{"count":1,"href":"https:\/\/www.bellunopress.it\/fr\/wp-json\/wp\/v2\/posts\/171143\/revisions"}],"predecessor-version":[{"id":171144,"href":"https:\/\/www.bellunopress.it\/fr\/wp-json\/wp\/v2\/posts\/171143\/revisions\/171144"}],"wp:featuredmedia":[{"embeddable":true,"href":"https:\/\/www.bellunopress.it\/fr\/wp-json\/wp\/v2\/media\/137892"}],"wp:attachment":[{"href":"https:\/\/www.bellunopress.it\/fr\/wp-json\/wp\/v2\/media?parent=171143"}],"wp:term":[{"taxonomy":"category","embeddable":true,"href":"https:\/\/www.bellunopress.it\/fr\/wp-json\/wp\/v2\/categories?post=171143"},{"taxonomy":"post_tag","embeddable":true,"href":"https:\/\/www.bellunopress.it\/fr\/wp-json\/wp\/v2\/tags?post=171143"}],"curies":[{"name":"wp","href":"https:\/\/api.w.org\/{rel}","templated":true}]}}