{"id":171140,"date":"2026-06-22T12:32:30","date_gmt":"2026-06-22T10:32:30","guid":{"rendered":"https:\/\/www.bellunopress.it\/?p=171140"},"modified":"2026-06-22T12:32:30","modified_gmt":"2026-06-22T10:32:30","slug":"pensiero-e-stile-a-sospirolo-ritorna-la-fiera-sotto-le-stelle","status":"publish","type":"post","link":"https:\/\/www.bellunopress.it\/fr\/2026\/06\/22\/pensiero-e-stile-a-sospirolo-ritorna-la-fiera-sotto-le-stelle\/","title":{"rendered":"Pensiero e stile a Sospirolo. Ritorna la Fiera sotto le stelle"},"content":{"rendered":"<p>Sospirolo, 22\/06\/2026 &#8211; Libert\u00e0 di pensiero e stile. Sar\u00e0 il tema che strizza l&#8217;occhio a indipendenza, classe, eleganza, temi portati sotto i riflettori alla Fiera di Sospirolo, pronta a ritornare in Piazza Lexy per la sua nuova edizione. A unire le forze la Pro loco &#8220;Monti del Sole&#8221;, il bar stuzzicheria Tar\u00e0 Tar\u00e0, i bar La Grotta ed Edel Weiss, il salone di parrucchiera Sue Ellen. Le date sono quelle di sabato 27 e domenica 28 giugno per una formula che unisce musica, spettacolo, artigianato locale.<\/p>\n<p>Il programma prevede sabato alle 16 l&#8217;apertura affidata alle note del dj Paolo Granada; alle 20 emozioni garantite grazie allo spettacolo di acrobatica aerea del gruppo acrosilks, poi la serata continuer\u00e0 con dj Arizona.<\/p>\n<p>Da mattina a sera la domenica si riempie di attivit\u00e0. Sin dalle 9 del mattino ci saranno la fiera mercato con hobbisti locali e prodotti tipici, dunque spazio alla creativit\u00e0 artigianale. Alle 14 si scende in pista con dj Nelio Grandelis, mentre alle 15 spazio allo spettacolo per bambini a cura del duo Spugnetta &amp; c.<\/p>\n<p>Alle 17, fedele al titolo, ecco la sfilata a tema &#8220;Libert\u00e0 di pensiero e stile&#8221; che riveler\u00e0 straordinarie acconciature. Si terr\u00e0 alle 18.30, presso il Centro civico, una novit\u00e0 assoluta per la manifestazione: la sfilata di &#8220;Miss Dolomiti Bellunesi&#8221; in diretta su tutti i canali di Radio Pi\u00f9, partner dell&#8217;evento, con ospiti speciali, accompagnati dalla musica di dj Komoro. L&#8217;iniziativa nasce con l&#8217;obiettivo di esaltare l&#8217;autenticit\u00e0 delle nostre Dolomiti e delle donne che ne rappresentano l&#8217;anima, trasformando la passerella in un&#8217;esperienza che racconta il territorio attraverso emozioni, identit\u00e0 e tradizioni.<\/p>\n<p>Mentre la giuria si ritirer\u00e0 a deliberare, in piazza si terr\u00e0 lo spettacolo di acrobatica area di acrosilks. Ingresso libero a tutti gli eventi.<\/p>","protected":false},"excerpt":{"rendered":"<p>Sospirolo, 22\/06\/2026 &#8211; Libert\u00e0 di pensiero e stile. Sar\u00e0 il tema che strizza l&#8217;occhio a indipendenza, classe, eleganza, temi portati sotto i riflettori alla Fiera di Sospirolo, pronta a ritornare in Piazza Lexy per la sua nuova edizione. A unire le forze la Pro loco &#8220;Monti del Sole&#8221;, il bar stuzzicheria Tar\u00e0 Tar\u00e0, i bar [&hellip;]<\/p>\n","protected":false},"author":2,"featured_media":171141,"comment_status":"closed","ping_status":"open","sticky":false,"template":"","format":"standard","meta":{"footnotes":""},"categories":[8,4],"tags":[],"class_list":["post-171140","post","type-post","status-publish","format-standard","has-post-thumbnail","category-societa-istituzioni","category-sport"],"yoast_head":"<!-- This site is optimized with the Yoast SEO plugin v28.4 - https:\/\/yoast.com\/product\/yoast-seo-wordpress\/ -->\n<title>Pensiero e stile a Sospirolo. Ritorna la Fiera sotto le stelle - Bellunopress - Dolomiti<\/title>\n<meta name=\"robots\" content=\"index, follow, max-snippet:-1, max-image-preview:large, max-video-preview:-1\" \/>\n<link rel=\"canonical\" href=\"https:\/\/www.bellunopress.it\/fr\/2026\/06\/22\/pensiero-e-stile-a-sospirolo-ritorna-la-fiera-sotto-le-stelle\/\" \/>\n<meta property=\"og:locale\" content=\"fr_FR\" \/>\n<meta property=\"og:type\" content=\"article\" \/>\n<meta property=\"og:title\" content=\"Pensiero e stile a Sospirolo. Ritorna la Fiera sotto le stelle - Bellunopress - Dolomiti\" \/>\n<meta property=\"og:description\" content=\"Sospirolo, 22\/06\/2026 &#8211; Libert\u00e0 di pensiero e stile. Sar\u00e0 il tema che strizza l&#8217;occhio a indipendenza, classe, eleganza, temi portati sotto i riflettori alla Fiera di Sospirolo, pronta a ritornare in Piazza Lexy per la sua nuova edizione. A unire le forze la Pro loco &#8220;Monti del Sole&#8221;, il bar stuzzicheria Tar\u00e0 Tar\u00e0, i bar [&hellip;]\" \/>\n<meta property=\"og:url\" content=\"https:\/\/www.bellunopress.it\/fr\/2026\/06\/22\/pensiero-e-stile-a-sospirolo-ritorna-la-fiera-sotto-le-stelle\/\" \/>\n<meta property=\"og:site_name\" content=\"Bellunopress - Dolomiti\" \/>\n<meta property=\"article:publisher\" content=\"https:\/\/www.facebook.com\/profile.php?id=100008943462799\" \/>\n<meta property=\"article:published_time\" content=\"2026-06-22T10:32:30+00:00\" \/>\n<meta property=\"og:image\" content=\"https:\/\/www.bellunopress.it\/wp-content\/uploads\/2026\/06\/Atleti-Fiera-sotto-le-stelle-Sospirolo.jpg\" \/>\n\t<meta property=\"og:image:width\" content=\"600\" \/>\n\t<meta property=\"og:image:height\" content=\"315\" \/>\n\t<meta property=\"og:image:type\" content=\"image\/jpeg\" \/>\n<meta name=\"author\" content=\"redazione\" \/>\n<meta name=\"twitter:card\" content=\"summary_large_image\" \/>\n<meta name=\"twitter:creator\" content=\"@bellunopress\" \/>\n<meta name=\"twitter:site\" content=\"@bellunopress\" \/>\n<meta name=\"twitter:label1\" content=\"\u00c9crit par\" \/>\n\t<meta name=\"twitter:data1\" content=\"redazione\" \/>\n\t<meta name=\"twitter:label2\" content=\"Dur\u00e9e de lecture estim\u00e9e\" \/>\n\t<meta name=\"twitter:data2\" content=\"2 minutes\" \/>\n<script type=\"application\/ld+json\" class=\"yoast-schema-graph\">{\"@context\":\"https:\\\/\\\/schema.org\",\"@graph\":[{\"@type\":\"Article\",\"@id\":\"https:\\\/\\\/www.bellunopress.it\\\/2026\\\/06\\\/22\\\/pensiero-e-stile-a-sospirolo-ritorna-la-fiera-sotto-le-stelle\\\/#article\",\"isPartOf\":{\"@id\":\"https:\\\/\\\/www.bellunopress.it\\\/2026\\\/06\\\/22\\\/pensiero-e-stile-a-sospirolo-ritorna-la-fiera-sotto-le-stelle\\\/\"},\"author\":{\"name\":\"redazione\",\"@id\":\"https:\\\/\\\/www.bellunopress.it\\\/#\\\/schema\\\/person\\\/79bb06722b37ece1c03d3e94beb30d73\"},\"headline\":\"Pensiero e stile a Sospirolo. Ritorna la Fiera sotto le stelle\",\"datePublished\":\"2026-06-22T10:32:30+00:00\",\"mainEntityOfPage\":{\"@id\":\"https:\\\/\\\/www.bellunopress.it\\\/2026\\\/06\\\/22\\\/pensiero-e-stile-a-sospirolo-ritorna-la-fiera-sotto-le-stelle\\\/\"},\"wordCount\":299,\"publisher\":{\"@id\":\"https:\\\/\\\/www.bellunopress.it\\\/#organization\"},\"image\":{\"@id\":\"https:\\\/\\\/www.bellunopress.it\\\/2026\\\/06\\\/22\\\/pensiero-e-stile-a-sospirolo-ritorna-la-fiera-sotto-le-stelle\\\/#primaryimage\"},\"thumbnailUrl\":\"https:\\\/\\\/www.bellunopress.it\\\/wp-content\\\/uploads\\\/2026\\\/06\\\/Atleti-Fiera-sotto-le-stelle-Sospirolo.jpg\",\"articleSection\":[\"Societ\u00e0, Associazioni, Istituzioni\",\"Sport, tempo libero\"],\"inLanguage\":\"fr-FR\"},{\"@type\":\"WebPage\",\"@id\":\"https:\\\/\\\/www.bellunopress.it\\\/2026\\\/06\\\/22\\\/pensiero-e-stile-a-sospirolo-ritorna-la-fiera-sotto-le-stelle\\\/\",\"url\":\"https:\\\/\\\/www.bellunopress.it\\\/2026\\\/06\\\/22\\\/pensiero-e-stile-a-sospirolo-ritorna-la-fiera-sotto-le-stelle\\\/\",\"name\":\"Pensiero e stile a Sospirolo. Ritorna la Fiera sotto le stelle - Bellunopress - Dolomiti\",\"isPartOf\":{\"@id\":\"https:\\\/\\\/www.bellunopress.it\\\/#website\"},\"primaryImageOfPage\":{\"@id\":\"https:\\\/\\\/www.bellunopress.it\\\/2026\\\/06\\\/22\\\/pensiero-e-stile-a-sospirolo-ritorna-la-fiera-sotto-le-stelle\\\/#primaryimage\"},\"image\":{\"@id\":\"https:\\\/\\\/www.bellunopress.it\\\/2026\\\/06\\\/22\\\/pensiero-e-stile-a-sospirolo-ritorna-la-fiera-sotto-le-stelle\\\/#primaryimage\"},\"thumbnailUrl\":\"https:\\\/\\\/www.bellunopress.it\\\/wp-content\\\/uploads\\\/2026\\\/06\\\/Atleti-Fiera-sotto-le-stelle-Sospirolo.jpg\",\"datePublished\":\"2026-06-22T10:32:30+00:00\",\"breadcrumb\":{\"@id\":\"https:\\\/\\\/www.bellunopress.it\\\/2026\\\/06\\\/22\\\/pensiero-e-stile-a-sospirolo-ritorna-la-fiera-sotto-le-stelle\\\/#breadcrumb\"},\"inLanguage\":\"fr-FR\",\"potentialAction\":[{\"@type\":\"ReadAction\",\"target\":[\"https:\\\/\\\/www.bellunopress.it\\\/2026\\\/06\\\/22\\\/pensiero-e-stile-a-sospirolo-ritorna-la-fiera-sotto-le-stelle\\\/\"]}]},{\"@type\":\"ImageObject\",\"inLanguage\":\"fr-FR\",\"@id\":\"https:\\\/\\\/www.bellunopress.it\\\/2026\\\/06\\\/22\\\/pensiero-e-stile-a-sospirolo-ritorna-la-fiera-sotto-le-stelle\\\/#primaryimage\",\"url\":\"https:\\\/\\\/www.bellunopress.it\\\/wp-content\\\/uploads\\\/2026\\\/06\\\/Atleti-Fiera-sotto-le-stelle-Sospirolo.jpg\",\"contentUrl\":\"https:\\\/\\\/www.bellunopress.it\\\/wp-content\\\/uploads\\\/2026\\\/06\\\/Atleti-Fiera-sotto-le-stelle-Sospirolo.jpg\",\"width\":600,\"height\":315},{\"@type\":\"BreadcrumbList\",\"@id\":\"https:\\\/\\\/www.bellunopress.it\\\/2026\\\/06\\\/22\\\/pensiero-e-stile-a-sospirolo-ritorna-la-fiera-sotto-le-stelle\\\/#breadcrumb\",\"itemListElement\":[{\"@type\":\"ListItem\",\"position\":1,\"name\":\"Home\",\"item\":\"https:\\\/\\\/www.bellunopress.it\\\/\"},{\"@type\":\"ListItem\",\"position\":2,\"name\":\"Pensiero e stile a Sospirolo. Ritorna la Fiera sotto le stelle\"}]},{\"@type\":\"WebSite\",\"@id\":\"https:\\\/\\\/www.bellunopress.it\\\/#website\",\"url\":\"https:\\\/\\\/www.bellunopress.it\\\/\",\"name\":\"Bellunopress - Dolomiti\",\"description\":\"e-mail: redazione@bellunopress.it\",\"publisher\":{\"@id\":\"https:\\\/\\\/www.bellunopress.it\\\/#organization\"},\"potentialAction\":[{\"@type\":\"SearchAction\",\"target\":{\"@type\":\"EntryPoint\",\"urlTemplate\":\"https:\\\/\\\/www.bellunopress.it\\\/?s={search_term_string}\"},\"query-input\":{\"@type\":\"PropertyValueSpecification\",\"valueRequired\":true,\"valueName\":\"search_term_string\"}}],\"inLanguage\":\"fr-FR\"},{\"@type\":\"Organization\",\"@id\":\"https:\\\/\\\/www.bellunopress.it\\\/#organization\",\"name\":\"Bellunopress\",\"url\":\"https:\\\/\\\/www.bellunopress.it\\\/\",\"logo\":{\"@type\":\"ImageObject\",\"inLanguage\":\"fr-FR\",\"@id\":\"https:\\\/\\\/www.bellunopress.it\\\/#\\\/schema\\\/logo\\\/image\\\/\",\"url\":\"https:\\\/\\\/www.bellunopress.it\\\/wp-content\\\/uploads\\\/2011\\\/05\\\/cropped-logo-bellunopress-.jpg\",\"contentUrl\":\"https:\\\/\\\/www.bellunopress.it\\\/wp-content\\\/uploads\\\/2011\\\/05\\\/cropped-logo-bellunopress-.jpg\",\"width\":512,\"height\":512,\"caption\":\"Bellunopress\"},\"image\":{\"@id\":\"https:\\\/\\\/www.bellunopress.it\\\/#\\\/schema\\\/logo\\\/image\\\/\"},\"sameAs\":[\"https:\\\/\\\/www.facebook.com\\\/profile.php?id=100008943462799\",\"https:\\\/\\\/x.com\\\/bellunopress\",\"https:\\\/\\\/www.linkedin.com\\\/hp\\\/?dnr=JBzUWaJfMUw8vbXJJ2tVW5-I3jZKvC4wsoxE&amp;amp;amp;amp;amp;amp;trk=nav_responsive_tab_home\",\"https:\\\/\\\/www.youtube.com\\\/channel\\\/UCxL0wu1uN0_3_7hGG0306cw\"]},{\"@type\":\"Person\",\"@id\":\"https:\\\/\\\/www.bellunopress.it\\\/#\\\/schema\\\/person\\\/79bb06722b37ece1c03d3e94beb30d73\",\"name\":\"redazione\",\"image\":{\"@type\":\"ImageObject\",\"inLanguage\":\"fr-FR\",\"@id\":\"https:\\\/\\\/secure.gravatar.com\\\/avatar\\\/37d968a2e67a6fd04c169c4bdef102d0bc5d31b2546345219e348575eb80e9a0?s=96&d=mm&r=g\",\"url\":\"https:\\\/\\\/secure.gravatar.com\\\/avatar\\\/37d968a2e67a6fd04c169c4bdef102d0bc5d31b2546345219e348575eb80e9a0?s=96&d=mm&r=g\",\"contentUrl\":\"https:\\\/\\\/secure.gravatar.com\\\/avatar\\\/37d968a2e67a6fd04c169c4bdef102d0bc5d31b2546345219e348575eb80e9a0?s=96&d=mm&r=g\",\"caption\":\"redazione\"},\"sameAs\":[\"http:\\\/\\\/www.bellunopress.it\",\"https:\\\/\\\/x.com\\\/bellunopress\"],\"url\":\"https:\\\/\\\/www.bellunopress.it\\\/fr\\\/author\\\/redazione\\\/\"}]}<\/script>\n<!-- \/ Yoast SEO plugin. -->","yoast_head_json":{"title":"Pensiero e stile a Sospirolo. Ritorna la Fiera sotto le stelle - Bellunopress - Dolomiti","robots":{"index":"index","follow":"follow","max-snippet":"max-snippet:-1","max-image-preview":"max-image-preview:large","max-video-preview":"max-video-preview:-1"},"canonical":"https:\/\/www.bellunopress.it\/fr\/2026\/06\/22\/pensiero-e-stile-a-sospirolo-ritorna-la-fiera-sotto-le-stelle\/","og_locale":"fr_FR","og_type":"article","og_title":"Pensiero e stile a Sospirolo. Ritorna la Fiera sotto le stelle - Bellunopress - Dolomiti","og_description":"Sospirolo, 22\/06\/2026 &#8211; Libert\u00e0 di pensiero e stile. Sar\u00e0 il tema che strizza l&#8217;occhio a indipendenza, classe, eleganza, temi portati sotto i riflettori alla Fiera di Sospirolo, pronta a ritornare in Piazza Lexy per la sua nuova edizione. A unire le forze la Pro loco &#8220;Monti del Sole&#8221;, il bar stuzzicheria Tar\u00e0 Tar\u00e0, i bar [&hellip;]","og_url":"https:\/\/www.bellunopress.it\/fr\/2026\/06\/22\/pensiero-e-stile-a-sospirolo-ritorna-la-fiera-sotto-le-stelle\/","og_site_name":"Bellunopress - Dolomiti","article_publisher":"https:\/\/www.facebook.com\/profile.php?id=100008943462799","article_published_time":"2026-06-22T10:32:30+00:00","og_image":[{"width":600,"height":315,"url":"https:\/\/www.bellunopress.it\/wp-content\/uploads\/2026\/06\/Atleti-Fiera-sotto-le-stelle-Sospirolo.jpg","type":"image\/jpeg"}],"author":"redazione","twitter_card":"summary_large_image","twitter_creator":"@bellunopress","twitter_site":"@bellunopress","twitter_misc":{"\u00c9crit par":"redazione","Dur\u00e9e de lecture estim\u00e9e":"2 minutes"},"schema":{"@context":"https:\/\/schema.org","@graph":[{"@type":"Article","@id":"https:\/\/www.bellunopress.it\/2026\/06\/22\/pensiero-e-stile-a-sospirolo-ritorna-la-fiera-sotto-le-stelle\/#article","isPartOf":{"@id":"https:\/\/www.bellunopress.it\/2026\/06\/22\/pensiero-e-stile-a-sospirolo-ritorna-la-fiera-sotto-le-stelle\/"},"author":{"name":"redazione","@id":"https:\/\/www.bellunopress.it\/#\/schema\/person\/79bb06722b37ece1c03d3e94beb30d73"},"headline":"Pensiero e stile a Sospirolo. Ritorna la Fiera sotto le stelle","datePublished":"2026-06-22T10:32:30+00:00","mainEntityOfPage":{"@id":"https:\/\/www.bellunopress.it\/2026\/06\/22\/pensiero-e-stile-a-sospirolo-ritorna-la-fiera-sotto-le-stelle\/"},"wordCount":299,"publisher":{"@id":"https:\/\/www.bellunopress.it\/#organization"},"image":{"@id":"https:\/\/www.bellunopress.it\/2026\/06\/22\/pensiero-e-stile-a-sospirolo-ritorna-la-fiera-sotto-le-stelle\/#primaryimage"},"thumbnailUrl":"https:\/\/www.bellunopress.it\/wp-content\/uploads\/2026\/06\/Atleti-Fiera-sotto-le-stelle-Sospirolo.jpg","articleSection":["Societ\u00e0, Associazioni, Istituzioni","Sport, tempo libero"],"inLanguage":"fr-FR"},{"@type":"WebPage","@id":"https:\/\/www.bellunopress.it\/2026\/06\/22\/pensiero-e-stile-a-sospirolo-ritorna-la-fiera-sotto-le-stelle\/","url":"https:\/\/www.bellunopress.it\/2026\/06\/22\/pensiero-e-stile-a-sospirolo-ritorna-la-fiera-sotto-le-stelle\/","name":"Pensiero e stile a Sospirolo. Ritorna la Fiera sotto le stelle - Bellunopress - Dolomiti","isPartOf":{"@id":"https:\/\/www.bellunopress.it\/#website"},"primaryImageOfPage":{"@id":"https:\/\/www.bellunopress.it\/2026\/06\/22\/pensiero-e-stile-a-sospirolo-ritorna-la-fiera-sotto-le-stelle\/#primaryimage"},"image":{"@id":"https:\/\/www.bellunopress.it\/2026\/06\/22\/pensiero-e-stile-a-sospirolo-ritorna-la-fiera-sotto-le-stelle\/#primaryimage"},"thumbnailUrl":"https:\/\/www.bellunopress.it\/wp-content\/uploads\/2026\/06\/Atleti-Fiera-sotto-le-stelle-Sospirolo.jpg","datePublished":"2026-06-22T10:32:30+00:00","breadcrumb":{"@id":"https:\/\/www.bellunopress.it\/2026\/06\/22\/pensiero-e-stile-a-sospirolo-ritorna-la-fiera-sotto-le-stelle\/#breadcrumb"},"inLanguage":"fr-FR","potentialAction":[{"@type":"ReadAction","target":["https:\/\/www.bellunopress.it\/2026\/06\/22\/pensiero-e-stile-a-sospirolo-ritorna-la-fiera-sotto-le-stelle\/"]}]},{"@type":"ImageObject","inLanguage":"fr-FR","@id":"https:\/\/www.bellunopress.it\/2026\/06\/22\/pensiero-e-stile-a-sospirolo-ritorna-la-fiera-sotto-le-stelle\/#primaryimage","url":"https:\/\/www.bellunopress.it\/wp-content\/uploads\/2026\/06\/Atleti-Fiera-sotto-le-stelle-Sospirolo.jpg","contentUrl":"https:\/\/www.bellunopress.it\/wp-content\/uploads\/2026\/06\/Atleti-Fiera-sotto-le-stelle-Sospirolo.jpg","width":600,"height":315},{"@type":"BreadcrumbList","@id":"https:\/\/www.bellunopress.it\/2026\/06\/22\/pensiero-e-stile-a-sospirolo-ritorna-la-fiera-sotto-le-stelle\/#breadcrumb","itemListElement":[{"@type":"ListItem","position":1,"name":"Home","item":"https:\/\/www.bellunopress.it\/"},{"@type":"ListItem","position":2,"name":"Pensiero e stile a Sospirolo. Ritorna la Fiera sotto le stelle"}]},{"@type":"WebSite","@id":"https:\/\/www.bellunopress.it\/#website","url":"https:\/\/www.bellunopress.it\/","name":"Bellunopress - Dolomiti","description":"e-mail: redazione@bellunopress.it","publisher":{"@id":"https:\/\/www.bellunopress.it\/#organization"},"potentialAction":[{"@type":"SearchAction","target":{"@type":"EntryPoint","urlTemplate":"https:\/\/www.bellunopress.it\/?s={search_term_string}"},"query-input":{"@type":"PropertyValueSpecification","valueRequired":true,"valueName":"search_term_string"}}],"inLanguage":"fr-FR"},{"@type":"Organization","@id":"https:\/\/www.bellunopress.it\/#organization","name":"Bellunopress","url":"https:\/\/www.bellunopress.it\/","logo":{"@type":"ImageObject","inLanguage":"fr-FR","@id":"https:\/\/www.bellunopress.it\/#\/schema\/logo\/image\/","url":"https:\/\/www.bellunopress.it\/wp-content\/uploads\/2011\/05\/cropped-logo-bellunopress-.jpg","contentUrl":"https:\/\/www.bellunopress.it\/wp-content\/uploads\/2011\/05\/cropped-logo-bellunopress-.jpg","width":512,"height":512,"caption":"Bellunopress"},"image":{"@id":"https:\/\/www.bellunopress.it\/#\/schema\/logo\/image\/"},"sameAs":["https:\/\/www.facebook.com\/profile.php?id=100008943462799","https:\/\/x.com\/bellunopress","https:\/\/www.linkedin.com\/hp\/?dnr=JBzUWaJfMUw8vbXJJ2tVW5-I3jZKvC4wsoxE&amp;amp;amp;amp;amp;amp;trk=nav_responsive_tab_home","https:\/\/www.youtube.com\/channel\/UCxL0wu1uN0_3_7hGG0306cw"]},{"@type":"Person","@id":"https:\/\/www.bellunopress.it\/#\/schema\/person\/79bb06722b37ece1c03d3e94beb30d73","name":"r\u00e9daction","image":{"@type":"ImageObject","inLanguage":"fr-FR","@id":"https:\/\/secure.gravatar.com\/avatar\/37d968a2e67a6fd04c169c4bdef102d0bc5d31b2546345219e348575eb80e9a0?s=96&d=mm&r=g","url":"https:\/\/secure.gravatar.com\/avatar\/37d968a2e67a6fd04c169c4bdef102d0bc5d31b2546345219e348575eb80e9a0?s=96&d=mm&r=g","contentUrl":"https:\/\/secure.gravatar.com\/avatar\/37d968a2e67a6fd04c169c4bdef102d0bc5d31b2546345219e348575eb80e9a0?s=96&d=mm&r=g","caption":"redazione"},"sameAs":["http:\/\/www.bellunopress.it","https:\/\/x.com\/bellunopress"],"url":"https:\/\/www.bellunopress.it\/fr\/author\/redazione\/"}]}},"_links":{"self":[{"href":"https:\/\/www.bellunopress.it\/fr\/wp-json\/wp\/v2\/posts\/171140","targetHints":{"allow":["GET"]}}],"collection":[{"href":"https:\/\/www.bellunopress.it\/fr\/wp-json\/wp\/v2\/posts"}],"about":[{"href":"https:\/\/www.bellunopress.it\/fr\/wp-json\/wp\/v2\/types\/post"}],"author":[{"embeddable":true,"href":"https:\/\/www.bellunopress.it\/fr\/wp-json\/wp\/v2\/users\/2"}],"replies":[{"embeddable":true,"href":"https:\/\/www.bellunopress.it\/fr\/wp-json\/wp\/v2\/comments?post=171140"}],"version-history":[{"count":1,"href":"https:\/\/www.bellunopress.it\/fr\/wp-json\/wp\/v2\/posts\/171140\/revisions"}],"predecessor-version":[{"id":171142,"href":"https:\/\/www.bellunopress.it\/fr\/wp-json\/wp\/v2\/posts\/171140\/revisions\/171142"}],"wp:featuredmedia":[{"embeddable":true,"href":"https:\/\/www.bellunopress.it\/fr\/wp-json\/wp\/v2\/media\/171141"}],"wp:attachment":[{"href":"https:\/\/www.bellunopress.it\/fr\/wp-json\/wp\/v2\/media?parent=171140"}],"wp:term":[{"taxonomy":"category","embeddable":true,"href":"https:\/\/www.bellunopress.it\/fr\/wp-json\/wp\/v2\/categories?post=171140"},{"taxonomy":"post_tag","embeddable":true,"href":"https:\/\/www.bellunopress.it\/fr\/wp-json\/wp\/v2\/tags?post=171140"}],"curies":[{"name":"wp","href":"https:\/\/api.w.org\/{rel}","templated":true}]}}