{"id":171136,"date":"2026-06-22T10:19:33","date_gmt":"2026-06-22T08:19:33","guid":{"rendered":"https:\/\/www.bellunopress.it\/?p=171136"},"modified":"2026-06-22T10:19:33","modified_gmt":"2026-06-22T08:19:33","slug":"27mo-premio-laura-conti-per-tesi-di-laurea-su-ambiente-sostenibilita-educazione-sicurezza-risparmio-solidarieta","status":"publish","type":"post","link":"https:\/\/www.bellunopress.it\/fr\/2026\/06\/22\/27mo-premio-laura-conti-per-tesi-di-laurea-su-ambiente-sostenibilita-educazione-sicurezza-risparmio-solidarieta\/","title":{"rendered":"27mo Premio Laura Conti per tesi di laurea su Ambiente Sostenibilit\u00e0 Educazione Sicurezza Risparmio Solidariet\u00e0"},"content":{"rendered":"<p>Il Premio \u00e8 nato per ricordare l&#8217;importante figura di &#8220;Laura Conti&#8221;, pioniera delle tematiche ambientaliste negli anni sessanta. Laura Conti fu tra i fondatori della Lega per l&#8217;Ambiente e scrittrice e autrice di talento sulla questione dell&#8217;educazione, dell&#8217;assistenza sociale e d&#8217;ambiente.<\/p>\n<p>Il Premio &#8220;Laura Conti&#8221; ha come obiettivo la valorizzazione e la divulgazione delle tesi di laurea che si occupano delle problematiche legate alla societ\u00e0 sostenibile, alle energie rinnovabili, alla mobilit\u00e0 intelligente, al riciclo, ai rifiuti, alla bioedilizia, al commercio equo, alla difesa della natura, allo studio e alla difesa dei diritti dei consumatori e di molto altro ancora.<\/p>\n<p>Oltre, ai premi in denaro di 1000 euro al vincitore, di 500 euro al secondo classificato e di 250 euro al terzo, il Premio &#8220;Laura Conti&#8221; assegna ogni anno una serie di premi speciali per categoria, inviando ai meritevoli di segnalazione uno specifico attestato. Questo perch\u00e9 la Fondazione ritiene che la maggior parte delle tesi siano il frutto di un grande impegno di ricerca e studio da parte degli studenti e meritano di essere conosciute.<\/p>\n<p>Per tale ragione, i migliori lavori diventano libri editi dall&#8217;Ecoistituto del Veneto, o dalla stessa Fondazione ICU, mentre altri vengono fatti conoscere attraverso la rivista Gaia.<\/p>\n<p>Inoltre, tutte le tesi di laurea, verranno nel tempo archiviate con parole chiave in un database on-line. In questo modo potranno essere trovate per soggetto e i vari autori avranno la possibilit\u00e0 di essere messi in contatto con chi volesse approfondire le tematiche affrontate.<\/p>\n<p>Con oltre 4000 tesi visionate, da 27 anni, la Fondazione Icu, in collaborazione con l&#8217;Ecoistituto del Veneto &#8220;Alex Langer&#8221;, attraverso il Premio Laura Conti, svolge un ruolo significativo nel diffondere e promuovere tematiche di interesse socio-ambientale che sono diventate anche utili strumenti in mano ad associazioni e comitati.<\/p>\n<p>Sono ammesse tesi di tutti i livelli, comprese quelle di dottorato e Master, discusse nelle Universit\u00e0 italiane, negli anni accademici dal 2010-2011 in poi, inviate entro il 30 Novembre 2026 (far\u00e0 fede il timbro postale) presso la sede dell&#8217;Ecoistituto del Veneto e della Fondazione ICU.<\/p>\n<p>La giuria \u00e8 composta da Michele Boato, Anna Ciaperoni, Franco Rigosi, Paolo Stevanato.<\/p>\n<p>Tutte le informazioni per la partecipazione sono reperibili nel sito\u00a0<a href=\"http:\/\/www.ecoistituto-italia.org\/\" target=\"_blank\" rel=\"noopener noreferrer\">www.ecoistituto-italia.org<\/a>, al seguente link\u00a0<a href=\"https:\/\/ecoistituto-italia.org\/cms-4\/form-premio-icu-laura-conti-2025\/\" target=\"_blank\" rel=\"noopener noreferrer\">https:\/\/ecoistituto-italia.org\/cms-4\/form-premio-icu-laura-conti-2025\/<\/a><\/p>","protected":false},"excerpt":{"rendered":"<p>Il Premio \u00e8 nato per ricordare l&#8217;importante figura di &#8220;Laura Conti&#8221;, pioniera delle tematiche ambientaliste negli anni sessanta. Laura Conti fu tra i fondatori della Lega per l&#8217;Ambiente e scrittrice e autrice di talento sulla questione dell&#8217;educazione, dell&#8217;assistenza sociale e d&#8217;ambiente. Il Premio &#8220;Laura Conti&#8221; ha come obiettivo la valorizzazione e la divulgazione delle tesi [&hellip;]<\/p>\n","protected":false},"author":2,"featured_media":143160,"comment_status":"closed","ping_status":"open","sticky":false,"template":"","format":"standard","meta":{"footnotes":""},"categories":[25,15],"tags":[],"class_list":["post-171136","post","type-post","status-publish","format-standard","has-post-thumbnail","category-pausa-caffe","category-scuola"],"yoast_head":"<!-- This site is optimized with the Yoast SEO plugin v28.4 - https:\/\/yoast.com\/product\/yoast-seo-wordpress\/ -->\n<title>27mo Premio Laura Conti per tesi di laurea su Ambiente Sostenibilit\u00e0 Educazione Sicurezza Risparmio Solidariet\u00e0 - Bellunopress - Dolomiti<\/title>\n<meta name=\"robots\" content=\"index, follow, max-snippet:-1, max-image-preview:large, max-video-preview:-1\" \/>\n<link rel=\"canonical\" href=\"https:\/\/www.bellunopress.it\/fr\/2026\/06\/22\/27mo-premio-laura-conti-per-tesi-di-laurea-su-ambiente-sostenibilita-educazione-sicurezza-risparmio-solidarieta\/\" \/>\n<meta property=\"og:locale\" content=\"fr_FR\" \/>\n<meta property=\"og:type\" content=\"article\" \/>\n<meta property=\"og:title\" content=\"27mo Premio Laura Conti per tesi di laurea su Ambiente Sostenibilit\u00e0 Educazione Sicurezza Risparmio Solidariet\u00e0 - Bellunopress - Dolomiti\" \/>\n<meta property=\"og:description\" content=\"Il Premio \u00e8 nato per ricordare l&#8217;importante figura di &#8220;Laura Conti&#8221;, pioniera delle tematiche ambientaliste negli anni sessanta. Laura Conti fu tra i fondatori della Lega per l&#8217;Ambiente e scrittrice e autrice di talento sulla questione dell&#8217;educazione, dell&#8217;assistenza sociale e d&#8217;ambiente. Il Premio &#8220;Laura Conti&#8221; ha come obiettivo la valorizzazione e la divulgazione delle tesi [&hellip;]\" \/>\n<meta property=\"og:url\" content=\"https:\/\/www.bellunopress.it\/fr\/2026\/06\/22\/27mo-premio-laura-conti-per-tesi-di-laurea-su-ambiente-sostenibilita-educazione-sicurezza-risparmio-solidarieta\/\" \/>\n<meta property=\"og:site_name\" content=\"Bellunopress - Dolomiti\" \/>\n<meta property=\"article:publisher\" content=\"https:\/\/www.facebook.com\/profile.php?id=100008943462799\" \/>\n<meta property=\"article:published_time\" content=\"2026-06-22T08:19:33+00:00\" \/>\n<meta property=\"og:image\" content=\"https:\/\/www.bellunopress.it\/wp-content\/uploads\/2023\/07\/laurea.jpg\" \/>\n\t<meta property=\"og:image:width\" content=\"1000\" \/>\n\t<meta property=\"og:image:height\" content=\"667\" \/>\n\t<meta property=\"og:image:type\" content=\"image\/jpeg\" \/>\n<meta name=\"author\" content=\"redazione\" \/>\n<meta name=\"twitter:card\" content=\"summary_large_image\" \/>\n<meta name=\"twitter:creator\" content=\"@bellunopress\" \/>\n<meta name=\"twitter:site\" content=\"@bellunopress\" \/>\n<meta name=\"twitter:label1\" content=\"\u00c9crit par\" \/>\n\t<meta name=\"twitter:data1\" content=\"redazione\" \/>\n\t<meta name=\"twitter:label2\" content=\"Dur\u00e9e de lecture estim\u00e9e\" \/>\n\t<meta name=\"twitter:data2\" content=\"3 minutes\" \/>\n<script type=\"application\/ld+json\" class=\"yoast-schema-graph\">{\"@context\":\"https:\\\/\\\/schema.org\",\"@graph\":[{\"@type\":\"Article\",\"@id\":\"https:\\\/\\\/www.bellunopress.it\\\/2026\\\/06\\\/22\\\/27mo-premio-laura-conti-per-tesi-di-laurea-su-ambiente-sostenibilita-educazione-sicurezza-risparmio-solidarieta\\\/#article\",\"isPartOf\":{\"@id\":\"https:\\\/\\\/www.bellunopress.it\\\/2026\\\/06\\\/22\\\/27mo-premio-laura-conti-per-tesi-di-laurea-su-ambiente-sostenibilita-educazione-sicurezza-risparmio-solidarieta\\\/\"},\"author\":{\"name\":\"redazione\",\"@id\":\"https:\\\/\\\/www.bellunopress.it\\\/#\\\/schema\\\/person\\\/79bb06722b37ece1c03d3e94beb30d73\"},\"headline\":\"27mo Premio Laura Conti per tesi di laurea su Ambiente Sostenibilit\u00e0 Educazione Sicurezza Risparmio Solidariet\u00e0\",\"datePublished\":\"2026-06-22T08:19:33+00:00\",\"mainEntityOfPage\":{\"@id\":\"https:\\\/\\\/www.bellunopress.it\\\/2026\\\/06\\\/22\\\/27mo-premio-laura-conti-per-tesi-di-laurea-su-ambiente-sostenibilita-educazione-sicurezza-risparmio-solidarieta\\\/\"},\"wordCount\":385,\"publisher\":{\"@id\":\"https:\\\/\\\/www.bellunopress.it\\\/#organization\"},\"image\":{\"@id\":\"https:\\\/\\\/www.bellunopress.it\\\/2026\\\/06\\\/22\\\/27mo-premio-laura-conti-per-tesi-di-laurea-su-ambiente-sostenibilita-educazione-sicurezza-risparmio-solidarieta\\\/#primaryimage\"},\"thumbnailUrl\":\"https:\\\/\\\/www.bellunopress.it\\\/wp-content\\\/uploads\\\/2023\\\/07\\\/laurea.jpg\",\"articleSection\":[\"Pausa Caff\u00e8\",\"Scuola\"],\"inLanguage\":\"fr-FR\"},{\"@type\":\"WebPage\",\"@id\":\"https:\\\/\\\/www.bellunopress.it\\\/2026\\\/06\\\/22\\\/27mo-premio-laura-conti-per-tesi-di-laurea-su-ambiente-sostenibilita-educazione-sicurezza-risparmio-solidarieta\\\/\",\"url\":\"https:\\\/\\\/www.bellunopress.it\\\/2026\\\/06\\\/22\\\/27mo-premio-laura-conti-per-tesi-di-laurea-su-ambiente-sostenibilita-educazione-sicurezza-risparmio-solidarieta\\\/\",\"name\":\"27mo Premio Laura Conti per tesi di laurea su Ambiente Sostenibilit\u00e0 Educazione Sicurezza Risparmio Solidariet\u00e0 - Bellunopress - Dolomiti\",\"isPartOf\":{\"@id\":\"https:\\\/\\\/www.bellunopress.it\\\/#website\"},\"primaryImageOfPage\":{\"@id\":\"https:\\\/\\\/www.bellunopress.it\\\/2026\\\/06\\\/22\\\/27mo-premio-laura-conti-per-tesi-di-laurea-su-ambiente-sostenibilita-educazione-sicurezza-risparmio-solidarieta\\\/#primaryimage\"},\"image\":{\"@id\":\"https:\\\/\\\/www.bellunopress.it\\\/2026\\\/06\\\/22\\\/27mo-premio-laura-conti-per-tesi-di-laurea-su-ambiente-sostenibilita-educazione-sicurezza-risparmio-solidarieta\\\/#primaryimage\"},\"thumbnailUrl\":\"https:\\\/\\\/www.bellunopress.it\\\/wp-content\\\/uploads\\\/2023\\\/07\\\/laurea.jpg\",\"datePublished\":\"2026-06-22T08:19:33+00:00\",\"breadcrumb\":{\"@id\":\"https:\\\/\\\/www.bellunopress.it\\\/2026\\\/06\\\/22\\\/27mo-premio-laura-conti-per-tesi-di-laurea-su-ambiente-sostenibilita-educazione-sicurezza-risparmio-solidarieta\\\/#breadcrumb\"},\"inLanguage\":\"fr-FR\",\"potentialAction\":[{\"@type\":\"ReadAction\",\"target\":[\"https:\\\/\\\/www.bellunopress.it\\\/2026\\\/06\\\/22\\\/27mo-premio-laura-conti-per-tesi-di-laurea-su-ambiente-sostenibilita-educazione-sicurezza-risparmio-solidarieta\\\/\"]}]},{\"@type\":\"ImageObject\",\"inLanguage\":\"fr-FR\",\"@id\":\"https:\\\/\\\/www.bellunopress.it\\\/2026\\\/06\\\/22\\\/27mo-premio-laura-conti-per-tesi-di-laurea-su-ambiente-sostenibilita-educazione-sicurezza-risparmio-solidarieta\\\/#primaryimage\",\"url\":\"https:\\\/\\\/www.bellunopress.it\\\/wp-content\\\/uploads\\\/2023\\\/07\\\/laurea.jpg\",\"contentUrl\":\"https:\\\/\\\/www.bellunopress.it\\\/wp-content\\\/uploads\\\/2023\\\/07\\\/laurea.jpg\",\"width\":1000,\"height\":667},{\"@type\":\"BreadcrumbList\",\"@id\":\"https:\\\/\\\/www.bellunopress.it\\\/2026\\\/06\\\/22\\\/27mo-premio-laura-conti-per-tesi-di-laurea-su-ambiente-sostenibilita-educazione-sicurezza-risparmio-solidarieta\\\/#breadcrumb\",\"itemListElement\":[{\"@type\":\"ListItem\",\"position\":1,\"name\":\"Home\",\"item\":\"https:\\\/\\\/www.bellunopress.it\\\/\"},{\"@type\":\"ListItem\",\"position\":2,\"name\":\"27mo Premio Laura Conti per tesi di laurea su Ambiente Sostenibilit\u00e0 Educazione Sicurezza Risparmio Solidariet\u00e0\"}]},{\"@type\":\"WebSite\",\"@id\":\"https:\\\/\\\/www.bellunopress.it\\\/#website\",\"url\":\"https:\\\/\\\/www.bellunopress.it\\\/\",\"name\":\"Bellunopress - Dolomiti\",\"description\":\"e-mail: redazione@bellunopress.it\",\"publisher\":{\"@id\":\"https:\\\/\\\/www.bellunopress.it\\\/#organization\"},\"potentialAction\":[{\"@type\":\"SearchAction\",\"target\":{\"@type\":\"EntryPoint\",\"urlTemplate\":\"https:\\\/\\\/www.bellunopress.it\\\/?s={search_term_string}\"},\"query-input\":{\"@type\":\"PropertyValueSpecification\",\"valueRequired\":true,\"valueName\":\"search_term_string\"}}],\"inLanguage\":\"fr-FR\"},{\"@type\":\"Organization\",\"@id\":\"https:\\\/\\\/www.bellunopress.it\\\/#organization\",\"name\":\"Bellunopress\",\"url\":\"https:\\\/\\\/www.bellunopress.it\\\/\",\"logo\":{\"@type\":\"ImageObject\",\"inLanguage\":\"fr-FR\",\"@id\":\"https:\\\/\\\/www.bellunopress.it\\\/#\\\/schema\\\/logo\\\/image\\\/\",\"url\":\"https:\\\/\\\/www.bellunopress.it\\\/wp-content\\\/uploads\\\/2011\\\/05\\\/cropped-logo-bellunopress-.jpg\",\"contentUrl\":\"https:\\\/\\\/www.bellunopress.it\\\/wp-content\\\/uploads\\\/2011\\\/05\\\/cropped-logo-bellunopress-.jpg\",\"width\":512,\"height\":512,\"caption\":\"Bellunopress\"},\"image\":{\"@id\":\"https:\\\/\\\/www.bellunopress.it\\\/#\\\/schema\\\/logo\\\/image\\\/\"},\"sameAs\":[\"https:\\\/\\\/www.facebook.com\\\/profile.php?id=100008943462799\",\"https:\\\/\\\/x.com\\\/bellunopress\",\"https:\\\/\\\/www.linkedin.com\\\/hp\\\/?dnr=JBzUWaJfMUw8vbXJJ2tVW5-I3jZKvC4wsoxE&amp;amp;amp;amp;amp;amp;trk=nav_responsive_tab_home\",\"https:\\\/\\\/www.youtube.com\\\/channel\\\/UCxL0wu1uN0_3_7hGG0306cw\"]},{\"@type\":\"Person\",\"@id\":\"https:\\\/\\\/www.bellunopress.it\\\/#\\\/schema\\\/person\\\/79bb06722b37ece1c03d3e94beb30d73\",\"name\":\"redazione\",\"image\":{\"@type\":\"ImageObject\",\"inLanguage\":\"fr-FR\",\"@id\":\"https:\\\/\\\/secure.gravatar.com\\\/avatar\\\/37d968a2e67a6fd04c169c4bdef102d0bc5d31b2546345219e348575eb80e9a0?s=96&d=mm&r=g\",\"url\":\"https:\\\/\\\/secure.gravatar.com\\\/avatar\\\/37d968a2e67a6fd04c169c4bdef102d0bc5d31b2546345219e348575eb80e9a0?s=96&d=mm&r=g\",\"contentUrl\":\"https:\\\/\\\/secure.gravatar.com\\\/avatar\\\/37d968a2e67a6fd04c169c4bdef102d0bc5d31b2546345219e348575eb80e9a0?s=96&d=mm&r=g\",\"caption\":\"redazione\"},\"sameAs\":[\"http:\\\/\\\/www.bellunopress.it\",\"https:\\\/\\\/x.com\\\/bellunopress\"],\"url\":\"https:\\\/\\\/www.bellunopress.it\\\/fr\\\/author\\\/redazione\\\/\"}]}<\/script>\n<!-- \/ Yoast SEO plugin. -->","yoast_head_json":{"title":"27mo Premio Laura Conti per tesi di laurea su Ambiente Sostenibilit\u00e0 Educazione Sicurezza Risparmio Solidariet\u00e0 - Bellunopress - Dolomiti","robots":{"index":"index","follow":"follow","max-snippet":"max-snippet:-1","max-image-preview":"max-image-preview:large","max-video-preview":"max-video-preview:-1"},"canonical":"https:\/\/www.bellunopress.it\/fr\/2026\/06\/22\/27mo-premio-laura-conti-per-tesi-di-laurea-su-ambiente-sostenibilita-educazione-sicurezza-risparmio-solidarieta\/","og_locale":"fr_FR","og_type":"article","og_title":"27mo Premio Laura Conti per tesi di laurea su Ambiente Sostenibilit\u00e0 Educazione Sicurezza Risparmio Solidariet\u00e0 - Bellunopress - Dolomiti","og_description":"Il Premio \u00e8 nato per ricordare l&#8217;importante figura di &#8220;Laura Conti&#8221;, pioniera delle tematiche ambientaliste negli anni sessanta. Laura Conti fu tra i fondatori della Lega per l&#8217;Ambiente e scrittrice e autrice di talento sulla questione dell&#8217;educazione, dell&#8217;assistenza sociale e d&#8217;ambiente. Il Premio &#8220;Laura Conti&#8221; ha come obiettivo la valorizzazione e la divulgazione delle tesi [&hellip;]","og_url":"https:\/\/www.bellunopress.it\/fr\/2026\/06\/22\/27mo-premio-laura-conti-per-tesi-di-laurea-su-ambiente-sostenibilita-educazione-sicurezza-risparmio-solidarieta\/","og_site_name":"Bellunopress - Dolomiti","article_publisher":"https:\/\/www.facebook.com\/profile.php?id=100008943462799","article_published_time":"2026-06-22T08:19:33+00:00","og_image":[{"width":1000,"height":667,"url":"https:\/\/www.bellunopress.it\/wp-content\/uploads\/2023\/07\/laurea.jpg","type":"image\/jpeg"}],"author":"redazione","twitter_card":"summary_large_image","twitter_creator":"@bellunopress","twitter_site":"@bellunopress","twitter_misc":{"\u00c9crit par":"redazione","Dur\u00e9e de lecture estim\u00e9e":"3 minutes"},"schema":{"@context":"https:\/\/schema.org","@graph":[{"@type":"Article","@id":"https:\/\/www.bellunopress.it\/2026\/06\/22\/27mo-premio-laura-conti-per-tesi-di-laurea-su-ambiente-sostenibilita-educazione-sicurezza-risparmio-solidarieta\/#article","isPartOf":{"@id":"https:\/\/www.bellunopress.it\/2026\/06\/22\/27mo-premio-laura-conti-per-tesi-di-laurea-su-ambiente-sostenibilita-educazione-sicurezza-risparmio-solidarieta\/"},"author":{"name":"redazione","@id":"https:\/\/www.bellunopress.it\/#\/schema\/person\/79bb06722b37ece1c03d3e94beb30d73"},"headline":"27mo Premio Laura Conti per tesi di laurea su Ambiente Sostenibilit\u00e0 Educazione Sicurezza Risparmio Solidariet\u00e0","datePublished":"2026-06-22T08:19:33+00:00","mainEntityOfPage":{"@id":"https:\/\/www.bellunopress.it\/2026\/06\/22\/27mo-premio-laura-conti-per-tesi-di-laurea-su-ambiente-sostenibilita-educazione-sicurezza-risparmio-solidarieta\/"},"wordCount":385,"publisher":{"@id":"https:\/\/www.bellunopress.it\/#organization"},"image":{"@id":"https:\/\/www.bellunopress.it\/2026\/06\/22\/27mo-premio-laura-conti-per-tesi-di-laurea-su-ambiente-sostenibilita-educazione-sicurezza-risparmio-solidarieta\/#primaryimage"},"thumbnailUrl":"https:\/\/www.bellunopress.it\/wp-content\/uploads\/2023\/07\/laurea.jpg","articleSection":["Pausa Caff\u00e8","Scuola"],"inLanguage":"fr-FR"},{"@type":"WebPage","@id":"https:\/\/www.bellunopress.it\/2026\/06\/22\/27mo-premio-laura-conti-per-tesi-di-laurea-su-ambiente-sostenibilita-educazione-sicurezza-risparmio-solidarieta\/","url":"https:\/\/www.bellunopress.it\/2026\/06\/22\/27mo-premio-laura-conti-per-tesi-di-laurea-su-ambiente-sostenibilita-educazione-sicurezza-risparmio-solidarieta\/","name":"27mo Premio Laura Conti per tesi di laurea su Ambiente Sostenibilit\u00e0 Educazione Sicurezza Risparmio Solidariet\u00e0 - Bellunopress - Dolomiti","isPartOf":{"@id":"https:\/\/www.bellunopress.it\/#website"},"primaryImageOfPage":{"@id":"https:\/\/www.bellunopress.it\/2026\/06\/22\/27mo-premio-laura-conti-per-tesi-di-laurea-su-ambiente-sostenibilita-educazione-sicurezza-risparmio-solidarieta\/#primaryimage"},"image":{"@id":"https:\/\/www.bellunopress.it\/2026\/06\/22\/27mo-premio-laura-conti-per-tesi-di-laurea-su-ambiente-sostenibilita-educazione-sicurezza-risparmio-solidarieta\/#primaryimage"},"thumbnailUrl":"https:\/\/www.bellunopress.it\/wp-content\/uploads\/2023\/07\/laurea.jpg","datePublished":"2026-06-22T08:19:33+00:00","breadcrumb":{"@id":"https:\/\/www.bellunopress.it\/2026\/06\/22\/27mo-premio-laura-conti-per-tesi-di-laurea-su-ambiente-sostenibilita-educazione-sicurezza-risparmio-solidarieta\/#breadcrumb"},"inLanguage":"fr-FR","potentialAction":[{"@type":"ReadAction","target":["https:\/\/www.bellunopress.it\/2026\/06\/22\/27mo-premio-laura-conti-per-tesi-di-laurea-su-ambiente-sostenibilita-educazione-sicurezza-risparmio-solidarieta\/"]}]},{"@type":"ImageObject","inLanguage":"fr-FR","@id":"https:\/\/www.bellunopress.it\/2026\/06\/22\/27mo-premio-laura-conti-per-tesi-di-laurea-su-ambiente-sostenibilita-educazione-sicurezza-risparmio-solidarieta\/#primaryimage","url":"https:\/\/www.bellunopress.it\/wp-content\/uploads\/2023\/07\/laurea.jpg","contentUrl":"https:\/\/www.bellunopress.it\/wp-content\/uploads\/2023\/07\/laurea.jpg","width":1000,"height":667},{"@type":"BreadcrumbList","@id":"https:\/\/www.bellunopress.it\/2026\/06\/22\/27mo-premio-laura-conti-per-tesi-di-laurea-su-ambiente-sostenibilita-educazione-sicurezza-risparmio-solidarieta\/#breadcrumb","itemListElement":[{"@type":"ListItem","position":1,"name":"Home","item":"https:\/\/www.bellunopress.it\/"},{"@type":"ListItem","position":2,"name":"27mo Premio Laura Conti per tesi di laurea su Ambiente Sostenibilit\u00e0 Educazione Sicurezza Risparmio Solidariet\u00e0"}]},{"@type":"WebSite","@id":"https:\/\/www.bellunopress.it\/#website","url":"https:\/\/www.bellunopress.it\/","name":"Bellunopress - Dolomiti","description":"e-mail: redazione@bellunopress.it","publisher":{"@id":"https:\/\/www.bellunopress.it\/#organization"},"potentialAction":[{"@type":"SearchAction","target":{"@type":"EntryPoint","urlTemplate":"https:\/\/www.bellunopress.it\/?s={search_term_string}"},"query-input":{"@type":"PropertyValueSpecification","valueRequired":true,"valueName":"search_term_string"}}],"inLanguage":"fr-FR"},{"@type":"Organization","@id":"https:\/\/www.bellunopress.it\/#organization","name":"Bellunopress","url":"https:\/\/www.bellunopress.it\/","logo":{"@type":"ImageObject","inLanguage":"fr-FR","@id":"https:\/\/www.bellunopress.it\/#\/schema\/logo\/image\/","url":"https:\/\/www.bellunopress.it\/wp-content\/uploads\/2011\/05\/cropped-logo-bellunopress-.jpg","contentUrl":"https:\/\/www.bellunopress.it\/wp-content\/uploads\/2011\/05\/cropped-logo-bellunopress-.jpg","width":512,"height":512,"caption":"Bellunopress"},"image":{"@id":"https:\/\/www.bellunopress.it\/#\/schema\/logo\/image\/"},"sameAs":["https:\/\/www.facebook.com\/profile.php?id=100008943462799","https:\/\/x.com\/bellunopress","https:\/\/www.linkedin.com\/hp\/?dnr=JBzUWaJfMUw8vbXJJ2tVW5-I3jZKvC4wsoxE&amp;amp;amp;amp;amp;amp;trk=nav_responsive_tab_home","https:\/\/www.youtube.com\/channel\/UCxL0wu1uN0_3_7hGG0306cw"]},{"@type":"Person","@id":"https:\/\/www.bellunopress.it\/#\/schema\/person\/79bb06722b37ece1c03d3e94beb30d73","name":"r\u00e9daction","image":{"@type":"ImageObject","inLanguage":"fr-FR","@id":"https:\/\/secure.gravatar.com\/avatar\/37d968a2e67a6fd04c169c4bdef102d0bc5d31b2546345219e348575eb80e9a0?s=96&d=mm&r=g","url":"https:\/\/secure.gravatar.com\/avatar\/37d968a2e67a6fd04c169c4bdef102d0bc5d31b2546345219e348575eb80e9a0?s=96&d=mm&r=g","contentUrl":"https:\/\/secure.gravatar.com\/avatar\/37d968a2e67a6fd04c169c4bdef102d0bc5d31b2546345219e348575eb80e9a0?s=96&d=mm&r=g","caption":"redazione"},"sameAs":["http:\/\/www.bellunopress.it","https:\/\/x.com\/bellunopress"],"url":"https:\/\/www.bellunopress.it\/fr\/author\/redazione\/"}]}},"_links":{"self":[{"href":"https:\/\/www.bellunopress.it\/fr\/wp-json\/wp\/v2\/posts\/171136","targetHints":{"allow":["GET"]}}],"collection":[{"href":"https:\/\/www.bellunopress.it\/fr\/wp-json\/wp\/v2\/posts"}],"about":[{"href":"https:\/\/www.bellunopress.it\/fr\/wp-json\/wp\/v2\/types\/post"}],"author":[{"embeddable":true,"href":"https:\/\/www.bellunopress.it\/fr\/wp-json\/wp\/v2\/users\/2"}],"replies":[{"embeddable":true,"href":"https:\/\/www.bellunopress.it\/fr\/wp-json\/wp\/v2\/comments?post=171136"}],"version-history":[{"count":1,"href":"https:\/\/www.bellunopress.it\/fr\/wp-json\/wp\/v2\/posts\/171136\/revisions"}],"predecessor-version":[{"id":171137,"href":"https:\/\/www.bellunopress.it\/fr\/wp-json\/wp\/v2\/posts\/171136\/revisions\/171137"}],"wp:featuredmedia":[{"embeddable":true,"href":"https:\/\/www.bellunopress.it\/fr\/wp-json\/wp\/v2\/media\/143160"}],"wp:attachment":[{"href":"https:\/\/www.bellunopress.it\/fr\/wp-json\/wp\/v2\/media?parent=171136"}],"wp:term":[{"taxonomy":"category","embeddable":true,"href":"https:\/\/www.bellunopress.it\/fr\/wp-json\/wp\/v2\/categories?post=171136"},{"taxonomy":"post_tag","embeddable":true,"href":"https:\/\/www.bellunopress.it\/fr\/wp-json\/wp\/v2\/tags?post=171136"}],"curies":[{"name":"wp","href":"https:\/\/api.w.org\/{rel}","templated":true}]}}