{"id":171133,"date":"2026-06-22T10:14:10","date_gmt":"2026-06-22T08:14:10","guid":{"rendered":"https:\/\/www.bellunopress.it\/?p=171133"},"modified":"2026-06-22T10:14:10","modified_gmt":"2026-06-22T08:14:10","slug":"al-tramonto-nel-chiostro-gotico-sabato-il-concerto-lirico-al-seminario-di-belluno","status":"publish","type":"post","link":"https:\/\/www.bellunopress.it\/fr\/2026\/06\/22\/al-tramonto-nel-chiostro-gotico-sabato-il-concerto-lirico-al-seminario-di-belluno\/","title":{"rendered":"\u201cAl tramonto nel chiostro gotico\u201d, sabato il concerto lirico al\u00a0Seminario di Belluno"},"content":{"rendered":"<p>Sabato 27 giugno 2026 alle ore 18 appuntamento musicale della rassegna \u201cAl tramonto nel chiostro gotico\u201d al Seminario Gregoriano di Belluno. Verr\u00e0 proposto il concerto lirico \u201cRidonami la calma\u201d che vedr\u00e0 protagonista il mezzosoprano Maria Grazia Feltre, accompagnata dal tenore Stefano Emmi e dai soprani Alessandra Giacobbi e Alessandra Pugliese, con l\u2019accompagnamento al pianoforte di Carlo De Battista.<\/p>\n<p>\u201cRidonami la calma &#8211; ha affermato Maria Grazia Feltre &#8211; \u00e8 il titolo di una romanza di Francesco Paolo Tosti, compositore e cantante della seconda met\u00e0 dell\u2019Ottocento e del primo Novecento, e lo abbiamo voluto come titolo del concerto. La calma \u00e8 una condizione dell\u2019anima spesso profondamente indagata ed evocata nella riflessione filosofica e nella composizione ed esecuzione musicale. Si pensi a Seneca e al suo &#8220;De tranquillitate animi&#8221;, testo in cui il tema centrale \u00e8 la ricerca di una pace interiore perduta. L&#8217;ascolto della musica sinfonica &#8211; ha sottolineato Feltre &#8211; pu\u00f2 isolarci dai pensieri, anche dai pi\u00f9 cupi, perch\u00e9 riesce senza le mediazioni del linguaggio logico-astratto ad entrare in contatto diretto con la dimensione emotiva della mente. Diversamente accade con le romanze e le opere liriche, laddove il testo viene percepito e analizzato incanalando il sentire del fruitore in determinate direzioni. Speriamo di proporre una sequenza di brani che aiutino il nostro pubblico ad abbandonare la quotidianit\u00e0 e a vivere il tempo trascorso nel chiostro in tutta serenit\u00e0 e, appunto, calma\u201d. Il programma prevede, fra le altre, arie di Vivaldi, Verdi e Puccini.<\/p>\n<p>Maria Grazia Feltre e Stefano Emmi hanno fondato nel 2003 l\u2019associazione \u201cAntonio Miari\u201d con lo scopo di diffondere la cultura musicale classica, pi\u00f9 propriamente quella lirica, principalmente nel territorio della provincia di Belluno. Numerosi i loro concerti promossi in provincia e la partecipazione a progetti e iniziative nazionali ed estere, in collaborazione con cantanti, musicisti, musicologi e direttori d\u2019orchestra di primissimo livello.<\/p>\n<p>Si accede al chiostro da via san Pietro 19, al lato destro della chiesa. L\u2019ingresso \u00e8 libero. Sar\u00e0 gradita un\u2019offerta a sostegno delle attivit\u00e0 culturali del Seminario.<\/p>","protected":false},"excerpt":{"rendered":"<p>Sabato 27 giugno 2026 alle ore 18 appuntamento musicale della rassegna \u201cAl tramonto nel chiostro gotico\u201d al Seminario Gregoriano di Belluno. Verr\u00e0 proposto il concerto lirico \u201cRidonami la calma\u201d che vedr\u00e0 protagonista il mezzosoprano Maria Grazia Feltre, accompagnata dal tenore Stefano Emmi e dai soprani Alessandra Giacobbi e Alessandra Pugliese, con l\u2019accompagnamento al pianoforte di [&hellip;]<\/p>\n","protected":false},"author":2,"featured_media":171134,"comment_status":"closed","ping_status":"open","sticky":false,"template":"","format":"standard","meta":{"footnotes":""},"categories":[27,3,25],"tags":[],"class_list":["post-171133","post","type-post","status-publish","format-standard","has-post-thumbnail","category-appuntamenti","category-arte-cultura-spettacoli-scienza-archivi","category-pausa-caffe"],"yoast_head":"<!-- This site is optimized with the Yoast SEO plugin v28.4 - https:\/\/yoast.com\/product\/yoast-seo-wordpress\/ -->\n<title>\u201cAl tramonto nel chiostro gotico\u201d, sabato il concerto lirico al\u00a0Seminario di Belluno - Bellunopress - Dolomiti<\/title>\n<meta name=\"robots\" content=\"index, follow, max-snippet:-1, max-image-preview:large, max-video-preview:-1\" \/>\n<link rel=\"canonical\" href=\"https:\/\/www.bellunopress.it\/fr\/2026\/06\/22\/al-tramonto-nel-chiostro-gotico-sabato-il-concerto-lirico-al-seminario-di-belluno\/\" \/>\n<meta property=\"og:locale\" content=\"fr_FR\" \/>\n<meta property=\"og:type\" content=\"article\" \/>\n<meta property=\"og:title\" content=\"\u201cAl tramonto nel chiostro gotico\u201d, sabato il concerto lirico al\u00a0Seminario di Belluno - Bellunopress - Dolomiti\" \/>\n<meta property=\"og:description\" content=\"Sabato 27 giugno 2026 alle ore 18 appuntamento musicale della rassegna \u201cAl tramonto nel chiostro gotico\u201d al Seminario Gregoriano di Belluno. Verr\u00e0 proposto il concerto lirico \u201cRidonami la calma\u201d che vedr\u00e0 protagonista il mezzosoprano Maria Grazia Feltre, accompagnata dal tenore Stefano Emmi e dai soprani Alessandra Giacobbi e Alessandra Pugliese, con l\u2019accompagnamento al pianoforte di [&hellip;]\" \/>\n<meta property=\"og:url\" content=\"https:\/\/www.bellunopress.it\/fr\/2026\/06\/22\/al-tramonto-nel-chiostro-gotico-sabato-il-concerto-lirico-al-seminario-di-belluno\/\" \/>\n<meta property=\"og:site_name\" content=\"Bellunopress - Dolomiti\" \/>\n<meta property=\"article:publisher\" content=\"https:\/\/www.facebook.com\/profile.php?id=100008943462799\" \/>\n<meta property=\"article:published_time\" content=\"2026-06-22T08:14:10+00:00\" \/>\n<meta property=\"og:image\" content=\"https:\/\/www.bellunopress.it\/wp-content\/uploads\/2026\/06\/Chiostro-gotico-Seminario-Gregoriano.jpg\" \/>\n\t<meta property=\"og:image:width\" content=\"450\" \/>\n\t<meta property=\"og:image:height\" content=\"600\" \/>\n\t<meta property=\"og:image:type\" content=\"image\/jpeg\" \/>\n<meta name=\"author\" content=\"redazione\" \/>\n<meta name=\"twitter:card\" content=\"summary_large_image\" \/>\n<meta name=\"twitter:creator\" content=\"@bellunopress\" \/>\n<meta name=\"twitter:site\" content=\"@bellunopress\" \/>\n<meta name=\"twitter:label1\" content=\"Written by\" \/>\n\t<meta name=\"twitter:data1\" content=\"redazione\" \/>\n\t<meta name=\"twitter:label2\" content=\"Est. reading time\" \/>\n\t<meta name=\"twitter:data2\" content=\"2 minutes\" \/>\n<script type=\"application\/ld+json\" class=\"yoast-schema-graph\">{\"@context\":\"https:\\\/\\\/schema.org\",\"@graph\":[{\"@type\":\"Article\",\"@id\":\"https:\\\/\\\/www.bellunopress.it\\\/2026\\\/06\\\/22\\\/al-tramonto-nel-chiostro-gotico-sabato-il-concerto-lirico-al-seminario-di-belluno\\\/#article\",\"isPartOf\":{\"@id\":\"https:\\\/\\\/www.bellunopress.it\\\/2026\\\/06\\\/22\\\/al-tramonto-nel-chiostro-gotico-sabato-il-concerto-lirico-al-seminario-di-belluno\\\/\"},\"author\":{\"name\":\"redazione\",\"@id\":\"https:\\\/\\\/www.bellunopress.it\\\/#\\\/schema\\\/person\\\/79bb06722b37ece1c03d3e94beb30d73\"},\"headline\":\"\u201cAl tramonto nel chiostro gotico\u201d, sabato il concerto lirico al\u00a0Seminario di Belluno\",\"datePublished\":\"2026-06-22T08:14:10+00:00\",\"mainEntityOfPage\":{\"@id\":\"https:\\\/\\\/www.bellunopress.it\\\/2026\\\/06\\\/22\\\/al-tramonto-nel-chiostro-gotico-sabato-il-concerto-lirico-al-seminario-di-belluno\\\/\"},\"wordCount\":344,\"publisher\":{\"@id\":\"https:\\\/\\\/www.bellunopress.it\\\/#organization\"},\"image\":{\"@id\":\"https:\\\/\\\/www.bellunopress.it\\\/2026\\\/06\\\/22\\\/al-tramonto-nel-chiostro-gotico-sabato-il-concerto-lirico-al-seminario-di-belluno\\\/#primaryimage\"},\"thumbnailUrl\":\"https:\\\/\\\/www.bellunopress.it\\\/wp-content\\\/uploads\\\/2026\\\/06\\\/Chiostro-gotico-Seminario-Gregoriano.jpg\",\"articleSection\":[\"Appuntamenti, Eventi\",\"Arte, Cultura, Spettacoli, Scienza\",\"Pausa Caff\u00e8\"],\"inLanguage\":\"fr-FR\"},{\"@type\":\"WebPage\",\"@id\":\"https:\\\/\\\/www.bellunopress.it\\\/2026\\\/06\\\/22\\\/al-tramonto-nel-chiostro-gotico-sabato-il-concerto-lirico-al-seminario-di-belluno\\\/\",\"url\":\"https:\\\/\\\/www.bellunopress.it\\\/2026\\\/06\\\/22\\\/al-tramonto-nel-chiostro-gotico-sabato-il-concerto-lirico-al-seminario-di-belluno\\\/\",\"name\":\"\u201cAl tramonto nel chiostro gotico\u201d, sabato il concerto lirico al\u00a0Seminario di Belluno - Bellunopress - Dolomiti\",\"isPartOf\":{\"@id\":\"https:\\\/\\\/www.bellunopress.it\\\/#website\"},\"primaryImageOfPage\":{\"@id\":\"https:\\\/\\\/www.bellunopress.it\\\/2026\\\/06\\\/22\\\/al-tramonto-nel-chiostro-gotico-sabato-il-concerto-lirico-al-seminario-di-belluno\\\/#primaryimage\"},\"image\":{\"@id\":\"https:\\\/\\\/www.bellunopress.it\\\/2026\\\/06\\\/22\\\/al-tramonto-nel-chiostro-gotico-sabato-il-concerto-lirico-al-seminario-di-belluno\\\/#primaryimage\"},\"thumbnailUrl\":\"https:\\\/\\\/www.bellunopress.it\\\/wp-content\\\/uploads\\\/2026\\\/06\\\/Chiostro-gotico-Seminario-Gregoriano.jpg\",\"datePublished\":\"2026-06-22T08:14:10+00:00\",\"breadcrumb\":{\"@id\":\"https:\\\/\\\/www.bellunopress.it\\\/2026\\\/06\\\/22\\\/al-tramonto-nel-chiostro-gotico-sabato-il-concerto-lirico-al-seminario-di-belluno\\\/#breadcrumb\"},\"inLanguage\":\"fr-FR\",\"potentialAction\":[{\"@type\":\"ReadAction\",\"target\":[\"https:\\\/\\\/www.bellunopress.it\\\/2026\\\/06\\\/22\\\/al-tramonto-nel-chiostro-gotico-sabato-il-concerto-lirico-al-seminario-di-belluno\\\/\"]}]},{\"@type\":\"ImageObject\",\"inLanguage\":\"fr-FR\",\"@id\":\"https:\\\/\\\/www.bellunopress.it\\\/2026\\\/06\\\/22\\\/al-tramonto-nel-chiostro-gotico-sabato-il-concerto-lirico-al-seminario-di-belluno\\\/#primaryimage\",\"url\":\"https:\\\/\\\/www.bellunopress.it\\\/wp-content\\\/uploads\\\/2026\\\/06\\\/Chiostro-gotico-Seminario-Gregoriano.jpg\",\"contentUrl\":\"https:\\\/\\\/www.bellunopress.it\\\/wp-content\\\/uploads\\\/2026\\\/06\\\/Chiostro-gotico-Seminario-Gregoriano.jpg\",\"width\":450,\"height\":600,\"caption\":\"Chiostro gotico del Seminario Gregoriano di Belluno\"},{\"@type\":\"BreadcrumbList\",\"@id\":\"https:\\\/\\\/www.bellunopress.it\\\/2026\\\/06\\\/22\\\/al-tramonto-nel-chiostro-gotico-sabato-il-concerto-lirico-al-seminario-di-belluno\\\/#breadcrumb\",\"itemListElement\":[{\"@type\":\"ListItem\",\"position\":1,\"name\":\"Home\",\"item\":\"https:\\\/\\\/www.bellunopress.it\\\/\"},{\"@type\":\"ListItem\",\"position\":2,\"name\":\"\u201cAl tramonto nel chiostro gotico\u201d, sabato il concerto lirico al\u00a0Seminario di Belluno\"}]},{\"@type\":\"WebSite\",\"@id\":\"https:\\\/\\\/www.bellunopress.it\\\/#website\",\"url\":\"https:\\\/\\\/www.bellunopress.it\\\/\",\"name\":\"Bellunopress - Dolomiti\",\"description\":\"e-mail: redazione@bellunopress.it\",\"publisher\":{\"@id\":\"https:\\\/\\\/www.bellunopress.it\\\/#organization\"},\"potentialAction\":[{\"@type\":\"SearchAction\",\"target\":{\"@type\":\"EntryPoint\",\"urlTemplate\":\"https:\\\/\\\/www.bellunopress.it\\\/?s={search_term_string}\"},\"query-input\":{\"@type\":\"PropertyValueSpecification\",\"valueRequired\":true,\"valueName\":\"search_term_string\"}}],\"inLanguage\":\"fr-FR\"},{\"@type\":\"Organization\",\"@id\":\"https:\\\/\\\/www.bellunopress.it\\\/#organization\",\"name\":\"Bellunopress\",\"url\":\"https:\\\/\\\/www.bellunopress.it\\\/\",\"logo\":{\"@type\":\"ImageObject\",\"inLanguage\":\"fr-FR\",\"@id\":\"https:\\\/\\\/www.bellunopress.it\\\/#\\\/schema\\\/logo\\\/image\\\/\",\"url\":\"https:\\\/\\\/www.bellunopress.it\\\/wp-content\\\/uploads\\\/2011\\\/05\\\/cropped-logo-bellunopress-.jpg\",\"contentUrl\":\"https:\\\/\\\/www.bellunopress.it\\\/wp-content\\\/uploads\\\/2011\\\/05\\\/cropped-logo-bellunopress-.jpg\",\"width\":512,\"height\":512,\"caption\":\"Bellunopress\"},\"image\":{\"@id\":\"https:\\\/\\\/www.bellunopress.it\\\/#\\\/schema\\\/logo\\\/image\\\/\"},\"sameAs\":[\"https:\\\/\\\/www.facebook.com\\\/profile.php?id=100008943462799\",\"https:\\\/\\\/x.com\\\/bellunopress\",\"https:\\\/\\\/www.linkedin.com\\\/hp\\\/?dnr=JBzUWaJfMUw8vbXJJ2tVW5-I3jZKvC4wsoxE&amp;amp;amp;amp;amp;amp;trk=nav_responsive_tab_home\",\"https:\\\/\\\/www.youtube.com\\\/channel\\\/UCxL0wu1uN0_3_7hGG0306cw\"]},{\"@type\":\"Person\",\"@id\":\"https:\\\/\\\/www.bellunopress.it\\\/#\\\/schema\\\/person\\\/79bb06722b37ece1c03d3e94beb30d73\",\"name\":\"redazione\",\"image\":{\"@type\":\"ImageObject\",\"inLanguage\":\"fr-FR\",\"@id\":\"https:\\\/\\\/secure.gravatar.com\\\/avatar\\\/37d968a2e67a6fd04c169c4bdef102d0bc5d31b2546345219e348575eb80e9a0?s=96&d=mm&r=g\",\"url\":\"https:\\\/\\\/secure.gravatar.com\\\/avatar\\\/37d968a2e67a6fd04c169c4bdef102d0bc5d31b2546345219e348575eb80e9a0?s=96&d=mm&r=g\",\"contentUrl\":\"https:\\\/\\\/secure.gravatar.com\\\/avatar\\\/37d968a2e67a6fd04c169c4bdef102d0bc5d31b2546345219e348575eb80e9a0?s=96&d=mm&r=g\",\"caption\":\"redazione\"},\"sameAs\":[\"http:\\\/\\\/www.bellunopress.it\",\"https:\\\/\\\/x.com\\\/bellunopress\"],\"url\":\"https:\\\/\\\/www.bellunopress.it\\\/fr\\\/author\\\/redazione\\\/\"}]}<\/script>\n<!-- \/ Yoast SEO plugin. -->","yoast_head_json":{"title":"\u201cAl tramonto nel chiostro gotico\u201d, sabato il concerto lirico al\u00a0Seminario di Belluno - Bellunopress - Dolomiti","robots":{"index":"index","follow":"follow","max-snippet":"max-snippet:-1","max-image-preview":"max-image-preview:large","max-video-preview":"max-video-preview:-1"},"canonical":"https:\/\/www.bellunopress.it\/fr\/2026\/06\/22\/al-tramonto-nel-chiostro-gotico-sabato-il-concerto-lirico-al-seminario-di-belluno\/","og_locale":"fr_FR","og_type":"article","og_title":"\u201cAl tramonto nel chiostro gotico\u201d, sabato il concerto lirico al\u00a0Seminario di Belluno - Bellunopress - Dolomiti","og_description":"Sabato 27 giugno 2026 alle ore 18 appuntamento musicale della rassegna \u201cAl tramonto nel chiostro gotico\u201d al Seminario Gregoriano di Belluno. Verr\u00e0 proposto il concerto lirico \u201cRidonami la calma\u201d che vedr\u00e0 protagonista il mezzosoprano Maria Grazia Feltre, accompagnata dal tenore Stefano Emmi e dai soprani Alessandra Giacobbi e Alessandra Pugliese, con l\u2019accompagnamento al pianoforte di [&hellip;]","og_url":"https:\/\/www.bellunopress.it\/fr\/2026\/06\/22\/al-tramonto-nel-chiostro-gotico-sabato-il-concerto-lirico-al-seminario-di-belluno\/","og_site_name":"Bellunopress - Dolomiti","article_publisher":"https:\/\/www.facebook.com\/profile.php?id=100008943462799","article_published_time":"2026-06-22T08:14:10+00:00","og_image":[{"width":450,"height":600,"url":"https:\/\/www.bellunopress.it\/wp-content\/uploads\/2026\/06\/Chiostro-gotico-Seminario-Gregoriano.jpg","type":"image\/jpeg"}],"author":"redazione","twitter_card":"summary_large_image","twitter_creator":"@bellunopress","twitter_site":"@bellunopress","twitter_misc":{"Written by":"redazione","Est. reading time":"2 minutes"},"schema":{"@context":"https:\/\/schema.org","@graph":[{"@type":"Article","@id":"https:\/\/www.bellunopress.it\/2026\/06\/22\/al-tramonto-nel-chiostro-gotico-sabato-il-concerto-lirico-al-seminario-di-belluno\/#article","isPartOf":{"@id":"https:\/\/www.bellunopress.it\/2026\/06\/22\/al-tramonto-nel-chiostro-gotico-sabato-il-concerto-lirico-al-seminario-di-belluno\/"},"author":{"name":"redazione","@id":"https:\/\/www.bellunopress.it\/#\/schema\/person\/79bb06722b37ece1c03d3e94beb30d73"},"headline":"\u201cAl tramonto nel chiostro gotico\u201d, sabato il concerto lirico al\u00a0Seminario di Belluno","datePublished":"2026-06-22T08:14:10+00:00","mainEntityOfPage":{"@id":"https:\/\/www.bellunopress.it\/2026\/06\/22\/al-tramonto-nel-chiostro-gotico-sabato-il-concerto-lirico-al-seminario-di-belluno\/"},"wordCount":344,"publisher":{"@id":"https:\/\/www.bellunopress.it\/#organization"},"image":{"@id":"https:\/\/www.bellunopress.it\/2026\/06\/22\/al-tramonto-nel-chiostro-gotico-sabato-il-concerto-lirico-al-seminario-di-belluno\/#primaryimage"},"thumbnailUrl":"https:\/\/www.bellunopress.it\/wp-content\/uploads\/2026\/06\/Chiostro-gotico-Seminario-Gregoriano.jpg","articleSection":["Appuntamenti, Eventi","Arte, Cultura, Spettacoli, Scienza","Pausa Caff\u00e8"],"inLanguage":"fr-FR"},{"@type":"WebPage","@id":"https:\/\/www.bellunopress.it\/2026\/06\/22\/al-tramonto-nel-chiostro-gotico-sabato-il-concerto-lirico-al-seminario-di-belluno\/","url":"https:\/\/www.bellunopress.it\/2026\/06\/22\/al-tramonto-nel-chiostro-gotico-sabato-il-concerto-lirico-al-seminario-di-belluno\/","name":"\u201cAl tramonto nel chiostro gotico\u201d, sabato il concerto lirico al\u00a0Seminario di Belluno - Bellunopress - Dolomiti","isPartOf":{"@id":"https:\/\/www.bellunopress.it\/#website"},"primaryImageOfPage":{"@id":"https:\/\/www.bellunopress.it\/2026\/06\/22\/al-tramonto-nel-chiostro-gotico-sabato-il-concerto-lirico-al-seminario-di-belluno\/#primaryimage"},"image":{"@id":"https:\/\/www.bellunopress.it\/2026\/06\/22\/al-tramonto-nel-chiostro-gotico-sabato-il-concerto-lirico-al-seminario-di-belluno\/#primaryimage"},"thumbnailUrl":"https:\/\/www.bellunopress.it\/wp-content\/uploads\/2026\/06\/Chiostro-gotico-Seminario-Gregoriano.jpg","datePublished":"2026-06-22T08:14:10+00:00","breadcrumb":{"@id":"https:\/\/www.bellunopress.it\/2026\/06\/22\/al-tramonto-nel-chiostro-gotico-sabato-il-concerto-lirico-al-seminario-di-belluno\/#breadcrumb"},"inLanguage":"fr-FR","potentialAction":[{"@type":"ReadAction","target":["https:\/\/www.bellunopress.it\/2026\/06\/22\/al-tramonto-nel-chiostro-gotico-sabato-il-concerto-lirico-al-seminario-di-belluno\/"]}]},{"@type":"ImageObject","inLanguage":"fr-FR","@id":"https:\/\/www.bellunopress.it\/2026\/06\/22\/al-tramonto-nel-chiostro-gotico-sabato-il-concerto-lirico-al-seminario-di-belluno\/#primaryimage","url":"https:\/\/www.bellunopress.it\/wp-content\/uploads\/2026\/06\/Chiostro-gotico-Seminario-Gregoriano.jpg","contentUrl":"https:\/\/www.bellunopress.it\/wp-content\/uploads\/2026\/06\/Chiostro-gotico-Seminario-Gregoriano.jpg","width":450,"height":600,"caption":"Chiostro gotico del Seminario Gregoriano di Belluno"},{"@type":"BreadcrumbList","@id":"https:\/\/www.bellunopress.it\/2026\/06\/22\/al-tramonto-nel-chiostro-gotico-sabato-il-concerto-lirico-al-seminario-di-belluno\/#breadcrumb","itemListElement":[{"@type":"ListItem","position":1,"name":"Home","item":"https:\/\/www.bellunopress.it\/"},{"@type":"ListItem","position":2,"name":"\u201cAl tramonto nel chiostro gotico\u201d, sabato il concerto lirico al\u00a0Seminario di Belluno"}]},{"@type":"WebSite","@id":"https:\/\/www.bellunopress.it\/#website","url":"https:\/\/www.bellunopress.it\/","name":"Bellunopress - Dolomiti","description":"e-mail: redazione@bellunopress.it","publisher":{"@id":"https:\/\/www.bellunopress.it\/#organization"},"potentialAction":[{"@type":"SearchAction","target":{"@type":"EntryPoint","urlTemplate":"https:\/\/www.bellunopress.it\/?s={search_term_string}"},"query-input":{"@type":"PropertyValueSpecification","valueRequired":true,"valueName":"search_term_string"}}],"inLanguage":"fr-FR"},{"@type":"Organization","@id":"https:\/\/www.bellunopress.it\/#organization","name":"Bellunopress","url":"https:\/\/www.bellunopress.it\/","logo":{"@type":"ImageObject","inLanguage":"fr-FR","@id":"https:\/\/www.bellunopress.it\/#\/schema\/logo\/image\/","url":"https:\/\/www.bellunopress.it\/wp-content\/uploads\/2011\/05\/cropped-logo-bellunopress-.jpg","contentUrl":"https:\/\/www.bellunopress.it\/wp-content\/uploads\/2011\/05\/cropped-logo-bellunopress-.jpg","width":512,"height":512,"caption":"Bellunopress"},"image":{"@id":"https:\/\/www.bellunopress.it\/#\/schema\/logo\/image\/"},"sameAs":["https:\/\/www.facebook.com\/profile.php?id=100008943462799","https:\/\/x.com\/bellunopress","https:\/\/www.linkedin.com\/hp\/?dnr=JBzUWaJfMUw8vbXJJ2tVW5-I3jZKvC4wsoxE&amp;amp;amp;amp;amp;amp;trk=nav_responsive_tab_home","https:\/\/www.youtube.com\/channel\/UCxL0wu1uN0_3_7hGG0306cw"]},{"@type":"Person","@id":"https:\/\/www.bellunopress.it\/#\/schema\/person\/79bb06722b37ece1c03d3e94beb30d73","name":"r\u00e9daction","image":{"@type":"ImageObject","inLanguage":"fr-FR","@id":"https:\/\/secure.gravatar.com\/avatar\/37d968a2e67a6fd04c169c4bdef102d0bc5d31b2546345219e348575eb80e9a0?s=96&d=mm&r=g","url":"https:\/\/secure.gravatar.com\/avatar\/37d968a2e67a6fd04c169c4bdef102d0bc5d31b2546345219e348575eb80e9a0?s=96&d=mm&r=g","contentUrl":"https:\/\/secure.gravatar.com\/avatar\/37d968a2e67a6fd04c169c4bdef102d0bc5d31b2546345219e348575eb80e9a0?s=96&d=mm&r=g","caption":"redazione"},"sameAs":["http:\/\/www.bellunopress.it","https:\/\/x.com\/bellunopress"],"url":"https:\/\/www.bellunopress.it\/fr\/author\/redazione\/"}]}},"_links":{"self":[{"href":"https:\/\/www.bellunopress.it\/fr\/wp-json\/wp\/v2\/posts\/171133","targetHints":{"allow":["GET"]}}],"collection":[{"href":"https:\/\/www.bellunopress.it\/fr\/wp-json\/wp\/v2\/posts"}],"about":[{"href":"https:\/\/www.bellunopress.it\/fr\/wp-json\/wp\/v2\/types\/post"}],"author":[{"embeddable":true,"href":"https:\/\/www.bellunopress.it\/fr\/wp-json\/wp\/v2\/users\/2"}],"replies":[{"embeddable":true,"href":"https:\/\/www.bellunopress.it\/fr\/wp-json\/wp\/v2\/comments?post=171133"}],"version-history":[{"count":1,"href":"https:\/\/www.bellunopress.it\/fr\/wp-json\/wp\/v2\/posts\/171133\/revisions"}],"predecessor-version":[{"id":171135,"href":"https:\/\/www.bellunopress.it\/fr\/wp-json\/wp\/v2\/posts\/171133\/revisions\/171135"}],"wp:featuredmedia":[{"embeddable":true,"href":"https:\/\/www.bellunopress.it\/fr\/wp-json\/wp\/v2\/media\/171134"}],"wp:attachment":[{"href":"https:\/\/www.bellunopress.it\/fr\/wp-json\/wp\/v2\/media?parent=171133"}],"wp:term":[{"taxonomy":"category","embeddable":true,"href":"https:\/\/www.bellunopress.it\/fr\/wp-json\/wp\/v2\/categories?post=171133"},{"taxonomy":"post_tag","embeddable":true,"href":"https:\/\/www.bellunopress.it\/fr\/wp-json\/wp\/v2\/tags?post=171133"}],"curies":[{"name":"wp","href":"https:\/\/api.w.org\/{rel}","templated":true}]}}