{"id":171128,"date":"2026-06-21T19:14:11","date_gmt":"2026-06-21T17:14:11","guid":{"rendered":"https:\/\/www.bellunopress.it\/?p=171128"},"modified":"2026-06-21T19:14:11","modified_gmt":"2026-06-21T17:14:11","slug":"la-leggenda-di-bassano-trionfa-la-jaguar-biondetti-di-perbellini-maccari","status":"publish","type":"post","link":"https:\/\/www.bellunopress.it\/fr\/2026\/06\/21\/la-leggenda-di-bassano-trionfa-la-jaguar-biondetti-di-perbellini-maccari\/","title":{"rendered":"La Leggenda di Bassano: trionfa la Jaguar Biondetti di Perbellini\/Maccari"},"content":{"rendered":"<p>Bassano del Grappa, 21 giugno 2026 &#8211; Si \u00e8 conclusa con una giornata carica di emozioni anche questa edizione de La Leggenda di Bassano &#8211; Trofeo Giannino Marzotto, nona tappa del format di eccellenza dell\u2019Automotoclub Storico Italiano ASI Circuito Tricolore con i patrocini del Ministero della Cultura, Ministero delle Infrastrutture e dei Trasporti, dell\u2019ANCI e della RAI.<\/p>\n<p>La tappa conclusiva ha preso il via di buon\u2019ora da piazza Walther a Bolzano, da dove il convoglio delle vetture storiche si \u00e8 diretto verso l&#8217;Altopiano di Vezzena per un breve rinfresco che ha permesso ai partecipanti di ammirare uno dei panorami pi\u00f9 suggestivi delle montagne a cavallo tra Veneto e Trentino &#8211; Alto Adige.<\/p>\n<p>Proseguendo lungo la Strada del Vino, particolarmente emozionante \u00e8 stato il passaggio ad Asiago, animato da due ali di folla che hanno salutato con entusiasmo il transito delle vetture, confermando il profondo legame che unisce la manifestazione ai territori attraversati.<\/p>\n<p>L\u2019ingresso a Bassano del Grappa ha rappresentato il momento culminante dell\u2019intera manifestazione. Piazza Libert\u00e0, gremita di pubblico, ha accolto gli equipaggi in un\u2019atmosfera di festa e partecipazione, degna conclusione di quattro giornate all\u2019insegna della passione per le auto storiche, dell\u2019amicizia e del turismo lento e di qualit\u00e0. Lasciate le auto in esposizione a beneficio di curiosi ed appassionati, si sono svolte le premiazioni nel suggestivo scenario del Chiostro del Museo Civico, dove sono stati celebrati i protagonisti dell\u2019edizione 2026 e i risultati delle diverse classifiche, in un momento di grande condivisione e riconoscimento per tutti i partecipanti.<\/p>\n<p>Ad aggiudicarsi la classifica assoluta \u00e8 stato l\u2019equipaggio Perbellini\/Maccari su Jaguar Biondetti del 1950, mentre la classifica VIP \u00e8 stata aggiudicata dalla coppia Polacco\/Chemello. Il trofeo Giannino Marzotto, infine, \u00e8 stato assegnato alla spettacolare Ferrari 250 TRI 59\/60 di Alan Cosby. Segue elenco completo dei premiati:<\/p>\n<p>&nbsp;<\/p>\n<p>CLASSIFICA ASSOLUTA<\/p>\n<p>Perbellini\/Maccari &#8211; Jaguar Biondetti &#8211; 1950<br \/>\nPastore\/Marino &#8211; Fiat 508 S &#8211; 1935<br \/>\nEhlen\/Koppel &#8211; Porsche 356 Speedster &#8211; 1956<\/p>\n<p>CATEGORIA VIP<\/p>\n<p>Polacco\/Chemello \u2013 Mercedes-Benz 190 SL \u2013 1959<\/p>\n<p>TROFEO GIANNINO MARZOTTO<\/p>\n<p>Alan Cosby \u2013 Ferrari 250 TRI 59\/60 &#8211; 1960<\/p>\n<p>TROFEO MARIA TERESA DE FILIPPIS (MIGLIOR EQUIPAGGIO FEMMINILE)<\/p>\n<p>Chiminelli\/Chiminelli &#8211; DAX Tojeiro Cobra 427 \u2013 1978<\/p>\n<p>TROFEO CA&#8217; APOLLONIO<\/p>\n<p>Moroni\/Filatondi &#8211; Maserati 200 SI \u2013 1957<\/p>\n<p>TROFEO PAKELO<\/p>\n<p>Rossetti\/Perdicchia &#8211; Maserati A6 GCS \u2013 1954<\/p>\n<p>TROFEO SCUDERIE<\/p>\n<p>Scuderia Musical Watch Veteran Car Club<\/p>\n<p>TROFEO ROSSI GOMME<\/p>\n<p>Brunori\/Arcangeli \u2013 Siata Daina &#8211; 1952<\/p>\n<p>La manifestazione si \u00e8 quindi conclusa presso Villa Caffo Navarrini, a Rossano Veneto, teatro degli ultimi saluti tra organizzatori, equipaggi e partner. Come sempre grande \u00e8 stato il supporto di istituzioni e sponsor, che sono stati menzionati e premiati per il contributo fornito.<\/p>","protected":false},"excerpt":{"rendered":"<p>Bassano del Grappa, 21 giugno 2026 &#8211; Si \u00e8 conclusa con una giornata carica di emozioni anche questa edizione de La Leggenda di Bassano &#8211; Trofeo Giannino Marzotto, nona tappa del format di eccellenza dell\u2019Automotoclub Storico Italiano ASI Circuito Tricolore con i patrocini del Ministero della Cultura, Ministero delle Infrastrutture e dei Trasporti, dell\u2019ANCI e [&hellip;]<\/p>\n","protected":false},"author":2,"featured_media":171129,"comment_status":"closed","ping_status":"open","sticky":false,"template":"","format":"standard","meta":{"footnotes":""},"categories":[4],"tags":[],"class_list":["post-171128","post","type-post","status-publish","format-standard","has-post-thumbnail","category-sport"],"yoast_head":"<!-- This site is optimized with the Yoast SEO plugin v28.4 - https:\/\/yoast.com\/product\/yoast-seo-wordpress\/ -->\n<title>La Leggenda di Bassano: trionfa la Jaguar Biondetti di Perbellini\/Maccari - Bellunopress - Dolomiti<\/title>\n<meta name=\"robots\" content=\"index, follow, max-snippet:-1, max-image-preview:large, max-video-preview:-1\" \/>\n<link rel=\"canonical\" href=\"https:\/\/www.bellunopress.it\/fr\/2026\/06\/21\/la-leggenda-di-bassano-trionfa-la-jaguar-biondetti-di-perbellini-maccari\/\" \/>\n<meta property=\"og:locale\" content=\"fr_FR\" \/>\n<meta property=\"og:type\" content=\"article\" \/>\n<meta property=\"og:title\" content=\"La Leggenda di Bassano: trionfa la Jaguar Biondetti di Perbellini\/Maccari - Bellunopress - Dolomiti\" \/>\n<meta property=\"og:description\" content=\"Bassano del Grappa, 21 giugno 2026 &#8211; Si \u00e8 conclusa con una giornata carica di emozioni anche questa edizione de La Leggenda di Bassano &#8211; Trofeo Giannino Marzotto, nona tappa del format di eccellenza dell\u2019Automotoclub Storico Italiano ASI Circuito Tricolore con i patrocini del Ministero della Cultura, Ministero delle Infrastrutture e dei Trasporti, dell\u2019ANCI e [&hellip;]\" \/>\n<meta property=\"og:url\" content=\"https:\/\/www.bellunopress.it\/fr\/2026\/06\/21\/la-leggenda-di-bassano-trionfa-la-jaguar-biondetti-di-perbellini-maccari\/\" \/>\n<meta property=\"og:site_name\" content=\"Bellunopress - Dolomiti\" \/>\n<meta property=\"article:publisher\" content=\"https:\/\/www.facebook.com\/profile.php?id=100008943462799\" \/>\n<meta property=\"article:published_time\" content=\"2026-06-21T17:14:11+00:00\" \/>\n<meta property=\"og:image\" content=\"https:\/\/www.bellunopress.it\/wp-content\/uploads\/2026\/06\/La-leggenda-di-Bassano.jpg\" \/>\n\t<meta property=\"og:image:width\" content=\"564\" \/>\n\t<meta property=\"og:image:height\" content=\"338\" \/>\n\t<meta property=\"og:image:type\" content=\"image\/jpeg\" \/>\n<meta name=\"author\" content=\"redazione\" \/>\n<meta name=\"twitter:card\" content=\"summary_large_image\" \/>\n<meta name=\"twitter:creator\" content=\"@bellunopress\" \/>\n<meta name=\"twitter:site\" content=\"@bellunopress\" \/>\n<meta name=\"twitter:label1\" content=\"\u00c9crit par\" \/>\n\t<meta name=\"twitter:data1\" content=\"redazione\" \/>\n\t<meta name=\"twitter:label2\" content=\"Dur\u00e9e de lecture estim\u00e9e\" \/>\n\t<meta name=\"twitter:data2\" content=\"3 minutes\" \/>\n<script type=\"application\/ld+json\" class=\"yoast-schema-graph\">{\"@context\":\"https:\\\/\\\/schema.org\",\"@graph\":[{\"@type\":\"Article\",\"@id\":\"https:\\\/\\\/www.bellunopress.it\\\/2026\\\/06\\\/21\\\/la-leggenda-di-bassano-trionfa-la-jaguar-biondetti-di-perbellini-maccari\\\/#article\",\"isPartOf\":{\"@id\":\"https:\\\/\\\/www.bellunopress.it\\\/2026\\\/06\\\/21\\\/la-leggenda-di-bassano-trionfa-la-jaguar-biondetti-di-perbellini-maccari\\\/\"},\"author\":{\"name\":\"redazione\",\"@id\":\"https:\\\/\\\/www.bellunopress.it\\\/#\\\/schema\\\/person\\\/79bb06722b37ece1c03d3e94beb30d73\"},\"headline\":\"La Leggenda di Bassano: trionfa la Jaguar Biondetti di Perbellini\\\/Maccari\",\"datePublished\":\"2026-06-21T17:14:11+00:00\",\"mainEntityOfPage\":{\"@id\":\"https:\\\/\\\/www.bellunopress.it\\\/2026\\\/06\\\/21\\\/la-leggenda-di-bassano-trionfa-la-jaguar-biondetti-di-perbellini-maccari\\\/\"},\"wordCount\":429,\"publisher\":{\"@id\":\"https:\\\/\\\/www.bellunopress.it\\\/#organization\"},\"image\":{\"@id\":\"https:\\\/\\\/www.bellunopress.it\\\/2026\\\/06\\\/21\\\/la-leggenda-di-bassano-trionfa-la-jaguar-biondetti-di-perbellini-maccari\\\/#primaryimage\"},\"thumbnailUrl\":\"https:\\\/\\\/www.bellunopress.it\\\/wp-content\\\/uploads\\\/2026\\\/06\\\/La-leggenda-di-Bassano.jpg\",\"articleSection\":[\"Sport, tempo libero\"],\"inLanguage\":\"fr-FR\"},{\"@type\":\"WebPage\",\"@id\":\"https:\\\/\\\/www.bellunopress.it\\\/2026\\\/06\\\/21\\\/la-leggenda-di-bassano-trionfa-la-jaguar-biondetti-di-perbellini-maccari\\\/\",\"url\":\"https:\\\/\\\/www.bellunopress.it\\\/2026\\\/06\\\/21\\\/la-leggenda-di-bassano-trionfa-la-jaguar-biondetti-di-perbellini-maccari\\\/\",\"name\":\"La Leggenda di Bassano: trionfa la Jaguar Biondetti di Perbellini\\\/Maccari - Bellunopress - Dolomiti\",\"isPartOf\":{\"@id\":\"https:\\\/\\\/www.bellunopress.it\\\/#website\"},\"primaryImageOfPage\":{\"@id\":\"https:\\\/\\\/www.bellunopress.it\\\/2026\\\/06\\\/21\\\/la-leggenda-di-bassano-trionfa-la-jaguar-biondetti-di-perbellini-maccari\\\/#primaryimage\"},\"image\":{\"@id\":\"https:\\\/\\\/www.bellunopress.it\\\/2026\\\/06\\\/21\\\/la-leggenda-di-bassano-trionfa-la-jaguar-biondetti-di-perbellini-maccari\\\/#primaryimage\"},\"thumbnailUrl\":\"https:\\\/\\\/www.bellunopress.it\\\/wp-content\\\/uploads\\\/2026\\\/06\\\/La-leggenda-di-Bassano.jpg\",\"datePublished\":\"2026-06-21T17:14:11+00:00\",\"breadcrumb\":{\"@id\":\"https:\\\/\\\/www.bellunopress.it\\\/2026\\\/06\\\/21\\\/la-leggenda-di-bassano-trionfa-la-jaguar-biondetti-di-perbellini-maccari\\\/#breadcrumb\"},\"inLanguage\":\"fr-FR\",\"potentialAction\":[{\"@type\":\"ReadAction\",\"target\":[\"https:\\\/\\\/www.bellunopress.it\\\/2026\\\/06\\\/21\\\/la-leggenda-di-bassano-trionfa-la-jaguar-biondetti-di-perbellini-maccari\\\/\"]}]},{\"@type\":\"ImageObject\",\"inLanguage\":\"fr-FR\",\"@id\":\"https:\\\/\\\/www.bellunopress.it\\\/2026\\\/06\\\/21\\\/la-leggenda-di-bassano-trionfa-la-jaguar-biondetti-di-perbellini-maccari\\\/#primaryimage\",\"url\":\"https:\\\/\\\/www.bellunopress.it\\\/wp-content\\\/uploads\\\/2026\\\/06\\\/La-leggenda-di-Bassano.jpg\",\"contentUrl\":\"https:\\\/\\\/www.bellunopress.it\\\/wp-content\\\/uploads\\\/2026\\\/06\\\/La-leggenda-di-Bassano.jpg\",\"width\":564,\"height\":338},{\"@type\":\"BreadcrumbList\",\"@id\":\"https:\\\/\\\/www.bellunopress.it\\\/2026\\\/06\\\/21\\\/la-leggenda-di-bassano-trionfa-la-jaguar-biondetti-di-perbellini-maccari\\\/#breadcrumb\",\"itemListElement\":[{\"@type\":\"ListItem\",\"position\":1,\"name\":\"Home\",\"item\":\"https:\\\/\\\/www.bellunopress.it\\\/\"},{\"@type\":\"ListItem\",\"position\":2,\"name\":\"La Leggenda di Bassano: trionfa la Jaguar Biondetti di Perbellini\\\/Maccari\"}]},{\"@type\":\"WebSite\",\"@id\":\"https:\\\/\\\/www.bellunopress.it\\\/#website\",\"url\":\"https:\\\/\\\/www.bellunopress.it\\\/\",\"name\":\"Bellunopress - Dolomiti\",\"description\":\"e-mail: redazione@bellunopress.it\",\"publisher\":{\"@id\":\"https:\\\/\\\/www.bellunopress.it\\\/#organization\"},\"potentialAction\":[{\"@type\":\"SearchAction\",\"target\":{\"@type\":\"EntryPoint\",\"urlTemplate\":\"https:\\\/\\\/www.bellunopress.it\\\/?s={search_term_string}\"},\"query-input\":{\"@type\":\"PropertyValueSpecification\",\"valueRequired\":true,\"valueName\":\"search_term_string\"}}],\"inLanguage\":\"fr-FR\"},{\"@type\":\"Organization\",\"@id\":\"https:\\\/\\\/www.bellunopress.it\\\/#organization\",\"name\":\"Bellunopress\",\"url\":\"https:\\\/\\\/www.bellunopress.it\\\/\",\"logo\":{\"@type\":\"ImageObject\",\"inLanguage\":\"fr-FR\",\"@id\":\"https:\\\/\\\/www.bellunopress.it\\\/#\\\/schema\\\/logo\\\/image\\\/\",\"url\":\"https:\\\/\\\/www.bellunopress.it\\\/wp-content\\\/uploads\\\/2011\\\/05\\\/cropped-logo-bellunopress-.jpg\",\"contentUrl\":\"https:\\\/\\\/www.bellunopress.it\\\/wp-content\\\/uploads\\\/2011\\\/05\\\/cropped-logo-bellunopress-.jpg\",\"width\":512,\"height\":512,\"caption\":\"Bellunopress\"},\"image\":{\"@id\":\"https:\\\/\\\/www.bellunopress.it\\\/#\\\/schema\\\/logo\\\/image\\\/\"},\"sameAs\":[\"https:\\\/\\\/www.facebook.com\\\/profile.php?id=100008943462799\",\"https:\\\/\\\/x.com\\\/bellunopress\",\"https:\\\/\\\/www.linkedin.com\\\/hp\\\/?dnr=JBzUWaJfMUw8vbXJJ2tVW5-I3jZKvC4wsoxE&amp;amp;amp;amp;amp;amp;trk=nav_responsive_tab_home\",\"https:\\\/\\\/www.youtube.com\\\/channel\\\/UCxL0wu1uN0_3_7hGG0306cw\"]},{\"@type\":\"Person\",\"@id\":\"https:\\\/\\\/www.bellunopress.it\\\/#\\\/schema\\\/person\\\/79bb06722b37ece1c03d3e94beb30d73\",\"name\":\"redazione\",\"image\":{\"@type\":\"ImageObject\",\"inLanguage\":\"fr-FR\",\"@id\":\"https:\\\/\\\/secure.gravatar.com\\\/avatar\\\/37d968a2e67a6fd04c169c4bdef102d0bc5d31b2546345219e348575eb80e9a0?s=96&d=mm&r=g\",\"url\":\"https:\\\/\\\/secure.gravatar.com\\\/avatar\\\/37d968a2e67a6fd04c169c4bdef102d0bc5d31b2546345219e348575eb80e9a0?s=96&d=mm&r=g\",\"contentUrl\":\"https:\\\/\\\/secure.gravatar.com\\\/avatar\\\/37d968a2e67a6fd04c169c4bdef102d0bc5d31b2546345219e348575eb80e9a0?s=96&d=mm&r=g\",\"caption\":\"redazione\"},\"sameAs\":[\"http:\\\/\\\/www.bellunopress.it\",\"https:\\\/\\\/x.com\\\/bellunopress\"],\"url\":\"https:\\\/\\\/www.bellunopress.it\\\/fr\\\/author\\\/redazione\\\/\"}]}<\/script>\n<!-- \/ Yoast SEO plugin. -->","yoast_head_json":{"title":"La Leggenda di Bassano: trionfa la Jaguar Biondetti di Perbellini\/Maccari - Bellunopress - Dolomiti","robots":{"index":"index","follow":"follow","max-snippet":"max-snippet:-1","max-image-preview":"max-image-preview:large","max-video-preview":"max-video-preview:-1"},"canonical":"https:\/\/www.bellunopress.it\/fr\/2026\/06\/21\/la-leggenda-di-bassano-trionfa-la-jaguar-biondetti-di-perbellini-maccari\/","og_locale":"fr_FR","og_type":"article","og_title":"La Leggenda di Bassano: trionfa la Jaguar Biondetti di Perbellini\/Maccari - Bellunopress - Dolomiti","og_description":"Bassano del Grappa, 21 giugno 2026 &#8211; Si \u00e8 conclusa con una giornata carica di emozioni anche questa edizione de La Leggenda di Bassano &#8211; Trofeo Giannino Marzotto, nona tappa del format di eccellenza dell\u2019Automotoclub Storico Italiano ASI Circuito Tricolore con i patrocini del Ministero della Cultura, Ministero delle Infrastrutture e dei Trasporti, dell\u2019ANCI e [&hellip;]","og_url":"https:\/\/www.bellunopress.it\/fr\/2026\/06\/21\/la-leggenda-di-bassano-trionfa-la-jaguar-biondetti-di-perbellini-maccari\/","og_site_name":"Bellunopress - Dolomiti","article_publisher":"https:\/\/www.facebook.com\/profile.php?id=100008943462799","article_published_time":"2026-06-21T17:14:11+00:00","og_image":[{"width":564,"height":338,"url":"https:\/\/www.bellunopress.it\/wp-content\/uploads\/2026\/06\/La-leggenda-di-Bassano.jpg","type":"image\/jpeg"}],"author":"redazione","twitter_card":"summary_large_image","twitter_creator":"@bellunopress","twitter_site":"@bellunopress","twitter_misc":{"\u00c9crit par":"redazione","Dur\u00e9e de lecture estim\u00e9e":"3 minutes"},"schema":{"@context":"https:\/\/schema.org","@graph":[{"@type":"Article","@id":"https:\/\/www.bellunopress.it\/2026\/06\/21\/la-leggenda-di-bassano-trionfa-la-jaguar-biondetti-di-perbellini-maccari\/#article","isPartOf":{"@id":"https:\/\/www.bellunopress.it\/2026\/06\/21\/la-leggenda-di-bassano-trionfa-la-jaguar-biondetti-di-perbellini-maccari\/"},"author":{"name":"redazione","@id":"https:\/\/www.bellunopress.it\/#\/schema\/person\/79bb06722b37ece1c03d3e94beb30d73"},"headline":"La Leggenda di Bassano: trionfa la Jaguar Biondetti di Perbellini\/Maccari","datePublished":"2026-06-21T17:14:11+00:00","mainEntityOfPage":{"@id":"https:\/\/www.bellunopress.it\/2026\/06\/21\/la-leggenda-di-bassano-trionfa-la-jaguar-biondetti-di-perbellini-maccari\/"},"wordCount":429,"publisher":{"@id":"https:\/\/www.bellunopress.it\/#organization"},"image":{"@id":"https:\/\/www.bellunopress.it\/2026\/06\/21\/la-leggenda-di-bassano-trionfa-la-jaguar-biondetti-di-perbellini-maccari\/#primaryimage"},"thumbnailUrl":"https:\/\/www.bellunopress.it\/wp-content\/uploads\/2026\/06\/La-leggenda-di-Bassano.jpg","articleSection":["Sport, tempo libero"],"inLanguage":"fr-FR"},{"@type":"WebPage","@id":"https:\/\/www.bellunopress.it\/2026\/06\/21\/la-leggenda-di-bassano-trionfa-la-jaguar-biondetti-di-perbellini-maccari\/","url":"https:\/\/www.bellunopress.it\/2026\/06\/21\/la-leggenda-di-bassano-trionfa-la-jaguar-biondetti-di-perbellini-maccari\/","name":"La Leggenda di Bassano: trionfa la Jaguar Biondetti di Perbellini\/Maccari - Bellunopress - Dolomiti","isPartOf":{"@id":"https:\/\/www.bellunopress.it\/#website"},"primaryImageOfPage":{"@id":"https:\/\/www.bellunopress.it\/2026\/06\/21\/la-leggenda-di-bassano-trionfa-la-jaguar-biondetti-di-perbellini-maccari\/#primaryimage"},"image":{"@id":"https:\/\/www.bellunopress.it\/2026\/06\/21\/la-leggenda-di-bassano-trionfa-la-jaguar-biondetti-di-perbellini-maccari\/#primaryimage"},"thumbnailUrl":"https:\/\/www.bellunopress.it\/wp-content\/uploads\/2026\/06\/La-leggenda-di-Bassano.jpg","datePublished":"2026-06-21T17:14:11+00:00","breadcrumb":{"@id":"https:\/\/www.bellunopress.it\/2026\/06\/21\/la-leggenda-di-bassano-trionfa-la-jaguar-biondetti-di-perbellini-maccari\/#breadcrumb"},"inLanguage":"fr-FR","potentialAction":[{"@type":"ReadAction","target":["https:\/\/www.bellunopress.it\/2026\/06\/21\/la-leggenda-di-bassano-trionfa-la-jaguar-biondetti-di-perbellini-maccari\/"]}]},{"@type":"ImageObject","inLanguage":"fr-FR","@id":"https:\/\/www.bellunopress.it\/2026\/06\/21\/la-leggenda-di-bassano-trionfa-la-jaguar-biondetti-di-perbellini-maccari\/#primaryimage","url":"https:\/\/www.bellunopress.it\/wp-content\/uploads\/2026\/06\/La-leggenda-di-Bassano.jpg","contentUrl":"https:\/\/www.bellunopress.it\/wp-content\/uploads\/2026\/06\/La-leggenda-di-Bassano.jpg","width":564,"height":338},{"@type":"BreadcrumbList","@id":"https:\/\/www.bellunopress.it\/2026\/06\/21\/la-leggenda-di-bassano-trionfa-la-jaguar-biondetti-di-perbellini-maccari\/#breadcrumb","itemListElement":[{"@type":"ListItem","position":1,"name":"Home","item":"https:\/\/www.bellunopress.it\/"},{"@type":"ListItem","position":2,"name":"La Leggenda di Bassano: trionfa la Jaguar Biondetti di Perbellini\/Maccari"}]},{"@type":"WebSite","@id":"https:\/\/www.bellunopress.it\/#website","url":"https:\/\/www.bellunopress.it\/","name":"Bellunopress - Dolomiti","description":"e-mail: redazione@bellunopress.it","publisher":{"@id":"https:\/\/www.bellunopress.it\/#organization"},"potentialAction":[{"@type":"SearchAction","target":{"@type":"EntryPoint","urlTemplate":"https:\/\/www.bellunopress.it\/?s={search_term_string}"},"query-input":{"@type":"PropertyValueSpecification","valueRequired":true,"valueName":"search_term_string"}}],"inLanguage":"fr-FR"},{"@type":"Organization","@id":"https:\/\/www.bellunopress.it\/#organization","name":"Bellunopress","url":"https:\/\/www.bellunopress.it\/","logo":{"@type":"ImageObject","inLanguage":"fr-FR","@id":"https:\/\/www.bellunopress.it\/#\/schema\/logo\/image\/","url":"https:\/\/www.bellunopress.it\/wp-content\/uploads\/2011\/05\/cropped-logo-bellunopress-.jpg","contentUrl":"https:\/\/www.bellunopress.it\/wp-content\/uploads\/2011\/05\/cropped-logo-bellunopress-.jpg","width":512,"height":512,"caption":"Bellunopress"},"image":{"@id":"https:\/\/www.bellunopress.it\/#\/schema\/logo\/image\/"},"sameAs":["https:\/\/www.facebook.com\/profile.php?id=100008943462799","https:\/\/x.com\/bellunopress","https:\/\/www.linkedin.com\/hp\/?dnr=JBzUWaJfMUw8vbXJJ2tVW5-I3jZKvC4wsoxE&amp;amp;amp;amp;amp;amp;trk=nav_responsive_tab_home","https:\/\/www.youtube.com\/channel\/UCxL0wu1uN0_3_7hGG0306cw"]},{"@type":"Person","@id":"https:\/\/www.bellunopress.it\/#\/schema\/person\/79bb06722b37ece1c03d3e94beb30d73","name":"r\u00e9daction","image":{"@type":"ImageObject","inLanguage":"fr-FR","@id":"https:\/\/secure.gravatar.com\/avatar\/37d968a2e67a6fd04c169c4bdef102d0bc5d31b2546345219e348575eb80e9a0?s=96&d=mm&r=g","url":"https:\/\/secure.gravatar.com\/avatar\/37d968a2e67a6fd04c169c4bdef102d0bc5d31b2546345219e348575eb80e9a0?s=96&d=mm&r=g","contentUrl":"https:\/\/secure.gravatar.com\/avatar\/37d968a2e67a6fd04c169c4bdef102d0bc5d31b2546345219e348575eb80e9a0?s=96&d=mm&r=g","caption":"redazione"},"sameAs":["http:\/\/www.bellunopress.it","https:\/\/x.com\/bellunopress"],"url":"https:\/\/www.bellunopress.it\/fr\/author\/redazione\/"}]}},"_links":{"self":[{"href":"https:\/\/www.bellunopress.it\/fr\/wp-json\/wp\/v2\/posts\/171128","targetHints":{"allow":["GET"]}}],"collection":[{"href":"https:\/\/www.bellunopress.it\/fr\/wp-json\/wp\/v2\/posts"}],"about":[{"href":"https:\/\/www.bellunopress.it\/fr\/wp-json\/wp\/v2\/types\/post"}],"author":[{"embeddable":true,"href":"https:\/\/www.bellunopress.it\/fr\/wp-json\/wp\/v2\/users\/2"}],"replies":[{"embeddable":true,"href":"https:\/\/www.bellunopress.it\/fr\/wp-json\/wp\/v2\/comments?post=171128"}],"version-history":[{"count":1,"href":"https:\/\/www.bellunopress.it\/fr\/wp-json\/wp\/v2\/posts\/171128\/revisions"}],"predecessor-version":[{"id":171132,"href":"https:\/\/www.bellunopress.it\/fr\/wp-json\/wp\/v2\/posts\/171128\/revisions\/171132"}],"wp:featuredmedia":[{"embeddable":true,"href":"https:\/\/www.bellunopress.it\/fr\/wp-json\/wp\/v2\/media\/171129"}],"wp:attachment":[{"href":"https:\/\/www.bellunopress.it\/fr\/wp-json\/wp\/v2\/media?parent=171128"}],"wp:term":[{"taxonomy":"category","embeddable":true,"href":"https:\/\/www.bellunopress.it\/fr\/wp-json\/wp\/v2\/categories?post=171128"},{"taxonomy":"post_tag","embeddable":true,"href":"https:\/\/www.bellunopress.it\/fr\/wp-json\/wp\/v2\/tags?post=171128"}],"curies":[{"name":"wp","href":"https:\/\/api.w.org\/{rel}","templated":true}]}}