{"id":171125,"date":"2026-06-21T14:08:16","date_gmt":"2026-06-21T12:08:16","guid":{"rendered":"https:\/\/www.bellunopress.it\/?p=171125"},"modified":"2026-06-21T14:08:16","modified_gmt":"2026-06-21T12:08:16","slug":"inaugurata-la-nuove-sede-del-partito-democratico-a-belluno","status":"publish","type":"post","link":"https:\/\/www.bellunopress.it\/fr\/2026\/06\/21\/inaugurata-la-nuove-sede-del-partito-democratico-a-belluno\/","title":{"rendered":"Inaugurata la nuove sede del Partito democratico a Belluno"},"content":{"rendered":"<p>Belluno, 21\/06\/2026 &#8211; Taglio del nastro per la nuova sede del PD Citt\u00e0 di Belluno. L&#8217;inaugurazione ufficiale del circolo in Piazza Castello 23 ha attratto oltre una cinquantina di simpatizzanti, nonostante l&#8217;afoso sabato mattina bellunese.<\/p>\n<p>I nuovi locali sono stati ripensati e allestiti per fungere da spazio politico, sociale e culturale. L&#8217;apertura si colloca strategicamente a un anno esatto dalle elezioni comunali. L&#8217;obiettivo primario \u00e8 proporre un&#8217;alternativa solida e condivisa per la guida di Palazzo Rosso, costruendo una visione di citt\u00e0 partendo dal basso, attraverso il coinvolgimento diretto dei quartieri e delle frazioni.<\/p>\n<p>\u00abQuesto spazio non sar\u00e0 un&#8217;ascolteria, ma un luogo di confronto con la cittadinanza e di vera partecipazione\u00bb, dichiara Davide Noro, segretario dell&#8217;Unione comunale del PD Belluno. \u00abIn questi ultimi anni abbiamo tracciato un percorso e individuato alcune priorit\u00e0 per il comune capoluogo. In primo luogo, una Belluno che torni ad essere citt\u00e0 dei bambini e delle famiglie, perch\u00e9 \u00e8 impensabile che il comune pi\u00f9 grande della provincia sia quello con le rette del nido pi\u00f9 alte di tutto il Veneto. Vogliamo poi una citt\u00e0 sostenibile: ci sono 30 mila abitanti e 60 mila macchine, l&#8217;auto non pu\u00f2 essere l&#8217;unico mezzo di trasporto per muoversi nel comune. In questo senso, va ripristinato un servizio pubblico degno di questo nome, perch\u00e9 Trillo \u00e8 stato un fallimento, tranne che per le casse e gli utili di Dolomitibus. Infine, Belluno deve tornare ad essere protagonista della vita culturale di questo territorio. Negli ultimi anni abbiamo sentito parlare dei contenitori culturali solo in termini di costi e mai come opportunit\u00e0: \u00e8 tempo di un cambio di passo e soprattutto di approccio.&#8221;<\/p>\n<p>Dello stesso avviso Alessandro Del Bianco, segretario provinciale del PD e consigliere regionale: &#8220;In meno di un anno \u00e8 la seconda nuova sede che inauguriamo. Non esiste nessun altro partito comparabile in privincia. In un mondo che si trincera dietro il digitale siamo contenti e fieri di andare in controcorrente. Lo sforzo da questo punto di vista \u00e8 importante ma abbiamo visto che i risultati stanno arrivando. Siamo sempre pi\u00f9 radicati e attrattivi per i giovani, dopo il grande sforzo di questi anni tra iniziative ed eventi. La sede di Belluno non vuole essere un riferimento solo per noi, ma una casa aperta a tutti i gruppi di centrosinistra cittadini con cui stiamo lavorando sia su base provinciale che in vista delle comunali del prossimo anno. Le sfide che ci attendono saranno impegnative ma questi momenti caricano tutti di entusiasmo.&#8221;<\/p>\n<p>Insomma, con questa inaugurazione, il PD d\u00e0 ufficialmente il via al percorso programmatico in vista del 2027.<\/p>","protected":false},"excerpt":{"rendered":"<p>Belluno, 21\/06\/2026 &#8211; Taglio del nastro per la nuova sede del PD Citt\u00e0 di Belluno. L&#8217;inaugurazione ufficiale del circolo in Piazza Castello 23 ha attratto oltre una cinquantina di simpatizzanti, nonostante l&#8217;afoso sabato mattina bellunese. I nuovi locali sono stati ripensati e allestiti per fungere da spazio politico, sociale e culturale. L&#8217;apertura si colloca strategicamente [&hellip;]<\/p>\n","protected":false},"author":2,"featured_media":171126,"comment_status":"closed","ping_status":"open","sticky":false,"template":"","format":"standard","meta":{"footnotes":""},"categories":[5,26],"tags":[],"class_list":["post-171125","post","type-post","status-publish","format-standard","has-post-thumbnail","category-cronaca","category-prima-pagina"],"yoast_head":"<!-- This site is optimized with the Yoast SEO plugin v28.4 - https:\/\/yoast.com\/product\/yoast-seo-wordpress\/ -->\n<title>Inaugurata la nuove sede del Partito democratico a Belluno - Bellunopress - Dolomiti<\/title>\n<meta name=\"robots\" content=\"index, follow, max-snippet:-1, max-image-preview:large, max-video-preview:-1\" \/>\n<link rel=\"canonical\" href=\"https:\/\/www.bellunopress.it\/fr\/2026\/06\/21\/inaugurata-la-nuove-sede-del-partito-democratico-a-belluno\/\" \/>\n<meta property=\"og:locale\" content=\"fr_FR\" \/>\n<meta property=\"og:type\" content=\"article\" \/>\n<meta property=\"og:title\" content=\"Inaugurata la nuove sede del Partito democratico a Belluno - Bellunopress - Dolomiti\" \/>\n<meta property=\"og:description\" content=\"Belluno, 21\/06\/2026 &#8211; Taglio del nastro per la nuova sede del PD Citt\u00e0 di Belluno. L&#8217;inaugurazione ufficiale del circolo in Piazza Castello 23 ha attratto oltre una cinquantina di simpatizzanti, nonostante l&#8217;afoso sabato mattina bellunese. I nuovi locali sono stati ripensati e allestiti per fungere da spazio politico, sociale e culturale. L&#8217;apertura si colloca strategicamente [&hellip;]\" \/>\n<meta property=\"og:url\" content=\"https:\/\/www.bellunopress.it\/fr\/2026\/06\/21\/inaugurata-la-nuove-sede-del-partito-democratico-a-belluno\/\" \/>\n<meta property=\"og:site_name\" content=\"Bellunopress - Dolomiti\" \/>\n<meta property=\"article:publisher\" content=\"https:\/\/www.facebook.com\/profile.php?id=100008943462799\" \/>\n<meta property=\"article:published_time\" content=\"2026-06-21T12:08:16+00:00\" \/>\n<meta property=\"og:image\" content=\"https:\/\/www.bellunopress.it\/wp-content\/uploads\/2026\/06\/inaugurazione-sede-pd-belluno.jpeg\" \/>\n\t<meta property=\"og:image:width\" content=\"391\" \/>\n\t<meta property=\"og:image:height\" content=\"500\" \/>\n\t<meta property=\"og:image:type\" content=\"image\/jpeg\" \/>\n<meta name=\"author\" content=\"redazione\" \/>\n<meta name=\"twitter:card\" content=\"summary_large_image\" \/>\n<meta name=\"twitter:creator\" content=\"@bellunopress\" \/>\n<meta name=\"twitter:site\" content=\"@bellunopress\" \/>\n<meta name=\"twitter:label1\" content=\"\u00c9crit par\" \/>\n\t<meta name=\"twitter:data1\" content=\"redazione\" \/>\n\t<meta name=\"twitter:label2\" content=\"Dur\u00e9e de lecture estim\u00e9e\" \/>\n\t<meta name=\"twitter:data2\" content=\"3 minutes\" \/>\n<script type=\"application\/ld+json\" class=\"yoast-schema-graph\">{\"@context\":\"https:\\\/\\\/schema.org\",\"@graph\":[{\"@type\":\"Article\",\"@id\":\"https:\\\/\\\/www.bellunopress.it\\\/2026\\\/06\\\/21\\\/inaugurata-la-nuove-sede-del-partito-democratico-a-belluno\\\/#article\",\"isPartOf\":{\"@id\":\"https:\\\/\\\/www.bellunopress.it\\\/2026\\\/06\\\/21\\\/inaugurata-la-nuove-sede-del-partito-democratico-a-belluno\\\/\"},\"author\":{\"name\":\"redazione\",\"@id\":\"https:\\\/\\\/www.bellunopress.it\\\/#\\\/schema\\\/person\\\/79bb06722b37ece1c03d3e94beb30d73\"},\"headline\":\"Inaugurata la nuove sede del Partito democratico a Belluno\",\"datePublished\":\"2026-06-21T12:08:16+00:00\",\"mainEntityOfPage\":{\"@id\":\"https:\\\/\\\/www.bellunopress.it\\\/2026\\\/06\\\/21\\\/inaugurata-la-nuove-sede-del-partito-democratico-a-belluno\\\/\"},\"wordCount\":433,\"publisher\":{\"@id\":\"https:\\\/\\\/www.bellunopress.it\\\/#organization\"},\"image\":{\"@id\":\"https:\\\/\\\/www.bellunopress.it\\\/2026\\\/06\\\/21\\\/inaugurata-la-nuove-sede-del-partito-democratico-a-belluno\\\/#primaryimage\"},\"thumbnailUrl\":\"https:\\\/\\\/www.bellunopress.it\\\/wp-content\\\/uploads\\\/2026\\\/06\\\/inaugurazione-sede-pd-belluno.jpeg\",\"articleSection\":[\"Cronaca\\\/Politica\",\"Prima Pagina\"],\"inLanguage\":\"fr-FR\"},{\"@type\":\"WebPage\",\"@id\":\"https:\\\/\\\/www.bellunopress.it\\\/2026\\\/06\\\/21\\\/inaugurata-la-nuove-sede-del-partito-democratico-a-belluno\\\/\",\"url\":\"https:\\\/\\\/www.bellunopress.it\\\/2026\\\/06\\\/21\\\/inaugurata-la-nuove-sede-del-partito-democratico-a-belluno\\\/\",\"name\":\"Inaugurata la nuove sede del Partito democratico a Belluno - Bellunopress - Dolomiti\",\"isPartOf\":{\"@id\":\"https:\\\/\\\/www.bellunopress.it\\\/#website\"},\"primaryImageOfPage\":{\"@id\":\"https:\\\/\\\/www.bellunopress.it\\\/2026\\\/06\\\/21\\\/inaugurata-la-nuove-sede-del-partito-democratico-a-belluno\\\/#primaryimage\"},\"image\":{\"@id\":\"https:\\\/\\\/www.bellunopress.it\\\/2026\\\/06\\\/21\\\/inaugurata-la-nuove-sede-del-partito-democratico-a-belluno\\\/#primaryimage\"},\"thumbnailUrl\":\"https:\\\/\\\/www.bellunopress.it\\\/wp-content\\\/uploads\\\/2026\\\/06\\\/inaugurazione-sede-pd-belluno.jpeg\",\"datePublished\":\"2026-06-21T12:08:16+00:00\",\"breadcrumb\":{\"@id\":\"https:\\\/\\\/www.bellunopress.it\\\/2026\\\/06\\\/21\\\/inaugurata-la-nuove-sede-del-partito-democratico-a-belluno\\\/#breadcrumb\"},\"inLanguage\":\"fr-FR\",\"potentialAction\":[{\"@type\":\"ReadAction\",\"target\":[\"https:\\\/\\\/www.bellunopress.it\\\/2026\\\/06\\\/21\\\/inaugurata-la-nuove-sede-del-partito-democratico-a-belluno\\\/\"]}]},{\"@type\":\"ImageObject\",\"inLanguage\":\"fr-FR\",\"@id\":\"https:\\\/\\\/www.bellunopress.it\\\/2026\\\/06\\\/21\\\/inaugurata-la-nuove-sede-del-partito-democratico-a-belluno\\\/#primaryimage\",\"url\":\"https:\\\/\\\/www.bellunopress.it\\\/wp-content\\\/uploads\\\/2026\\\/06\\\/inaugurazione-sede-pd-belluno.jpeg\",\"contentUrl\":\"https:\\\/\\\/www.bellunopress.it\\\/wp-content\\\/uploads\\\/2026\\\/06\\\/inaugurazione-sede-pd-belluno.jpeg\",\"width\":391,\"height\":500},{\"@type\":\"BreadcrumbList\",\"@id\":\"https:\\\/\\\/www.bellunopress.it\\\/2026\\\/06\\\/21\\\/inaugurata-la-nuove-sede-del-partito-democratico-a-belluno\\\/#breadcrumb\",\"itemListElement\":[{\"@type\":\"ListItem\",\"position\":1,\"name\":\"Home\",\"item\":\"https:\\\/\\\/www.bellunopress.it\\\/\"},{\"@type\":\"ListItem\",\"position\":2,\"name\":\"Inaugurata la nuove sede del Partito democratico a Belluno\"}]},{\"@type\":\"WebSite\",\"@id\":\"https:\\\/\\\/www.bellunopress.it\\\/#website\",\"url\":\"https:\\\/\\\/www.bellunopress.it\\\/\",\"name\":\"Bellunopress - Dolomiti\",\"description\":\"e-mail: redazione@bellunopress.it\",\"publisher\":{\"@id\":\"https:\\\/\\\/www.bellunopress.it\\\/#organization\"},\"potentialAction\":[{\"@type\":\"SearchAction\",\"target\":{\"@type\":\"EntryPoint\",\"urlTemplate\":\"https:\\\/\\\/www.bellunopress.it\\\/?s={search_term_string}\"},\"query-input\":{\"@type\":\"PropertyValueSpecification\",\"valueRequired\":true,\"valueName\":\"search_term_string\"}}],\"inLanguage\":\"fr-FR\"},{\"@type\":\"Organization\",\"@id\":\"https:\\\/\\\/www.bellunopress.it\\\/#organization\",\"name\":\"Bellunopress\",\"url\":\"https:\\\/\\\/www.bellunopress.it\\\/\",\"logo\":{\"@type\":\"ImageObject\",\"inLanguage\":\"fr-FR\",\"@id\":\"https:\\\/\\\/www.bellunopress.it\\\/#\\\/schema\\\/logo\\\/image\\\/\",\"url\":\"https:\\\/\\\/www.bellunopress.it\\\/wp-content\\\/uploads\\\/2011\\\/05\\\/cropped-logo-bellunopress-.jpg\",\"contentUrl\":\"https:\\\/\\\/www.bellunopress.it\\\/wp-content\\\/uploads\\\/2011\\\/05\\\/cropped-logo-bellunopress-.jpg\",\"width\":512,\"height\":512,\"caption\":\"Bellunopress\"},\"image\":{\"@id\":\"https:\\\/\\\/www.bellunopress.it\\\/#\\\/schema\\\/logo\\\/image\\\/\"},\"sameAs\":[\"https:\\\/\\\/www.facebook.com\\\/profile.php?id=100008943462799\",\"https:\\\/\\\/x.com\\\/bellunopress\",\"https:\\\/\\\/www.linkedin.com\\\/hp\\\/?dnr=JBzUWaJfMUw8vbXJJ2tVW5-I3jZKvC4wsoxE&amp;amp;amp;amp;amp;amp;trk=nav_responsive_tab_home\",\"https:\\\/\\\/www.youtube.com\\\/channel\\\/UCxL0wu1uN0_3_7hGG0306cw\"]},{\"@type\":\"Person\",\"@id\":\"https:\\\/\\\/www.bellunopress.it\\\/#\\\/schema\\\/person\\\/79bb06722b37ece1c03d3e94beb30d73\",\"name\":\"redazione\",\"image\":{\"@type\":\"ImageObject\",\"inLanguage\":\"fr-FR\",\"@id\":\"https:\\\/\\\/secure.gravatar.com\\\/avatar\\\/37d968a2e67a6fd04c169c4bdef102d0bc5d31b2546345219e348575eb80e9a0?s=96&d=mm&r=g\",\"url\":\"https:\\\/\\\/secure.gravatar.com\\\/avatar\\\/37d968a2e67a6fd04c169c4bdef102d0bc5d31b2546345219e348575eb80e9a0?s=96&d=mm&r=g\",\"contentUrl\":\"https:\\\/\\\/secure.gravatar.com\\\/avatar\\\/37d968a2e67a6fd04c169c4bdef102d0bc5d31b2546345219e348575eb80e9a0?s=96&d=mm&r=g\",\"caption\":\"redazione\"},\"sameAs\":[\"http:\\\/\\\/www.bellunopress.it\",\"https:\\\/\\\/x.com\\\/bellunopress\"],\"url\":\"https:\\\/\\\/www.bellunopress.it\\\/fr\\\/author\\\/redazione\\\/\"}]}<\/script>\n<!-- \/ Yoast SEO plugin. -->","yoast_head_json":{"title":"Inaugurata la nuove sede del Partito democratico a Belluno - Bellunopress - Dolomiti","robots":{"index":"index","follow":"follow","max-snippet":"max-snippet:-1","max-image-preview":"max-image-preview:large","max-video-preview":"max-video-preview:-1"},"canonical":"https:\/\/www.bellunopress.it\/fr\/2026\/06\/21\/inaugurata-la-nuove-sede-del-partito-democratico-a-belluno\/","og_locale":"fr_FR","og_type":"article","og_title":"Inaugurata la nuove sede del Partito democratico a Belluno - Bellunopress - Dolomiti","og_description":"Belluno, 21\/06\/2026 &#8211; Taglio del nastro per la nuova sede del PD Citt\u00e0 di Belluno. L&#8217;inaugurazione ufficiale del circolo in Piazza Castello 23 ha attratto oltre una cinquantina di simpatizzanti, nonostante l&#8217;afoso sabato mattina bellunese. I nuovi locali sono stati ripensati e allestiti per fungere da spazio politico, sociale e culturale. L&#8217;apertura si colloca strategicamente [&hellip;]","og_url":"https:\/\/www.bellunopress.it\/fr\/2026\/06\/21\/inaugurata-la-nuove-sede-del-partito-democratico-a-belluno\/","og_site_name":"Bellunopress - Dolomiti","article_publisher":"https:\/\/www.facebook.com\/profile.php?id=100008943462799","article_published_time":"2026-06-21T12:08:16+00:00","og_image":[{"width":391,"height":500,"url":"https:\/\/www.bellunopress.it\/wp-content\/uploads\/2026\/06\/inaugurazione-sede-pd-belluno.jpeg","type":"image\/jpeg"}],"author":"redazione","twitter_card":"summary_large_image","twitter_creator":"@bellunopress","twitter_site":"@bellunopress","twitter_misc":{"\u00c9crit par":"redazione","Dur\u00e9e de lecture estim\u00e9e":"3 minutes"},"schema":{"@context":"https:\/\/schema.org","@graph":[{"@type":"Article","@id":"https:\/\/www.bellunopress.it\/2026\/06\/21\/inaugurata-la-nuove-sede-del-partito-democratico-a-belluno\/#article","isPartOf":{"@id":"https:\/\/www.bellunopress.it\/2026\/06\/21\/inaugurata-la-nuove-sede-del-partito-democratico-a-belluno\/"},"author":{"name":"redazione","@id":"https:\/\/www.bellunopress.it\/#\/schema\/person\/79bb06722b37ece1c03d3e94beb30d73"},"headline":"Inaugurata la nuove sede del Partito democratico a Belluno","datePublished":"2026-06-21T12:08:16+00:00","mainEntityOfPage":{"@id":"https:\/\/www.bellunopress.it\/2026\/06\/21\/inaugurata-la-nuove-sede-del-partito-democratico-a-belluno\/"},"wordCount":433,"publisher":{"@id":"https:\/\/www.bellunopress.it\/#organization"},"image":{"@id":"https:\/\/www.bellunopress.it\/2026\/06\/21\/inaugurata-la-nuove-sede-del-partito-democratico-a-belluno\/#primaryimage"},"thumbnailUrl":"https:\/\/www.bellunopress.it\/wp-content\/uploads\/2026\/06\/inaugurazione-sede-pd-belluno.jpeg","articleSection":["Cronaca\/Politica","Prima Pagina"],"inLanguage":"fr-FR"},{"@type":"WebPage","@id":"https:\/\/www.bellunopress.it\/2026\/06\/21\/inaugurata-la-nuove-sede-del-partito-democratico-a-belluno\/","url":"https:\/\/www.bellunopress.it\/2026\/06\/21\/inaugurata-la-nuove-sede-del-partito-democratico-a-belluno\/","name":"Inaugurata la nuove sede del Partito democratico a Belluno - Bellunopress - Dolomiti","isPartOf":{"@id":"https:\/\/www.bellunopress.it\/#website"},"primaryImageOfPage":{"@id":"https:\/\/www.bellunopress.it\/2026\/06\/21\/inaugurata-la-nuove-sede-del-partito-democratico-a-belluno\/#primaryimage"},"image":{"@id":"https:\/\/www.bellunopress.it\/2026\/06\/21\/inaugurata-la-nuove-sede-del-partito-democratico-a-belluno\/#primaryimage"},"thumbnailUrl":"https:\/\/www.bellunopress.it\/wp-content\/uploads\/2026\/06\/inaugurazione-sede-pd-belluno.jpeg","datePublished":"2026-06-21T12:08:16+00:00","breadcrumb":{"@id":"https:\/\/www.bellunopress.it\/2026\/06\/21\/inaugurata-la-nuove-sede-del-partito-democratico-a-belluno\/#breadcrumb"},"inLanguage":"fr-FR","potentialAction":[{"@type":"ReadAction","target":["https:\/\/www.bellunopress.it\/2026\/06\/21\/inaugurata-la-nuove-sede-del-partito-democratico-a-belluno\/"]}]},{"@type":"ImageObject","inLanguage":"fr-FR","@id":"https:\/\/www.bellunopress.it\/2026\/06\/21\/inaugurata-la-nuove-sede-del-partito-democratico-a-belluno\/#primaryimage","url":"https:\/\/www.bellunopress.it\/wp-content\/uploads\/2026\/06\/inaugurazione-sede-pd-belluno.jpeg","contentUrl":"https:\/\/www.bellunopress.it\/wp-content\/uploads\/2026\/06\/inaugurazione-sede-pd-belluno.jpeg","width":391,"height":500},{"@type":"BreadcrumbList","@id":"https:\/\/www.bellunopress.it\/2026\/06\/21\/inaugurata-la-nuove-sede-del-partito-democratico-a-belluno\/#breadcrumb","itemListElement":[{"@type":"ListItem","position":1,"name":"Home","item":"https:\/\/www.bellunopress.it\/"},{"@type":"ListItem","position":2,"name":"Inaugurata la nuove sede del Partito democratico a Belluno"}]},{"@type":"WebSite","@id":"https:\/\/www.bellunopress.it\/#website","url":"https:\/\/www.bellunopress.it\/","name":"Bellunopress - Dolomiti","description":"e-mail: redazione@bellunopress.it","publisher":{"@id":"https:\/\/www.bellunopress.it\/#organization"},"potentialAction":[{"@type":"SearchAction","target":{"@type":"EntryPoint","urlTemplate":"https:\/\/www.bellunopress.it\/?s={search_term_string}"},"query-input":{"@type":"PropertyValueSpecification","valueRequired":true,"valueName":"search_term_string"}}],"inLanguage":"fr-FR"},{"@type":"Organization","@id":"https:\/\/www.bellunopress.it\/#organization","name":"Bellunopress","url":"https:\/\/www.bellunopress.it\/","logo":{"@type":"ImageObject","inLanguage":"fr-FR","@id":"https:\/\/www.bellunopress.it\/#\/schema\/logo\/image\/","url":"https:\/\/www.bellunopress.it\/wp-content\/uploads\/2011\/05\/cropped-logo-bellunopress-.jpg","contentUrl":"https:\/\/www.bellunopress.it\/wp-content\/uploads\/2011\/05\/cropped-logo-bellunopress-.jpg","width":512,"height":512,"caption":"Bellunopress"},"image":{"@id":"https:\/\/www.bellunopress.it\/#\/schema\/logo\/image\/"},"sameAs":["https:\/\/www.facebook.com\/profile.php?id=100008943462799","https:\/\/x.com\/bellunopress","https:\/\/www.linkedin.com\/hp\/?dnr=JBzUWaJfMUw8vbXJJ2tVW5-I3jZKvC4wsoxE&amp;amp;amp;amp;amp;amp;trk=nav_responsive_tab_home","https:\/\/www.youtube.com\/channel\/UCxL0wu1uN0_3_7hGG0306cw"]},{"@type":"Person","@id":"https:\/\/www.bellunopress.it\/#\/schema\/person\/79bb06722b37ece1c03d3e94beb30d73","name":"r\u00e9daction","image":{"@type":"ImageObject","inLanguage":"fr-FR","@id":"https:\/\/secure.gravatar.com\/avatar\/37d968a2e67a6fd04c169c4bdef102d0bc5d31b2546345219e348575eb80e9a0?s=96&d=mm&r=g","url":"https:\/\/secure.gravatar.com\/avatar\/37d968a2e67a6fd04c169c4bdef102d0bc5d31b2546345219e348575eb80e9a0?s=96&d=mm&r=g","contentUrl":"https:\/\/secure.gravatar.com\/avatar\/37d968a2e67a6fd04c169c4bdef102d0bc5d31b2546345219e348575eb80e9a0?s=96&d=mm&r=g","caption":"redazione"},"sameAs":["http:\/\/www.bellunopress.it","https:\/\/x.com\/bellunopress"],"url":"https:\/\/www.bellunopress.it\/fr\/author\/redazione\/"}]}},"_links":{"self":[{"href":"https:\/\/www.bellunopress.it\/fr\/wp-json\/wp\/v2\/posts\/171125","targetHints":{"allow":["GET"]}}],"collection":[{"href":"https:\/\/www.bellunopress.it\/fr\/wp-json\/wp\/v2\/posts"}],"about":[{"href":"https:\/\/www.bellunopress.it\/fr\/wp-json\/wp\/v2\/types\/post"}],"author":[{"embeddable":true,"href":"https:\/\/www.bellunopress.it\/fr\/wp-json\/wp\/v2\/users\/2"}],"replies":[{"embeddable":true,"href":"https:\/\/www.bellunopress.it\/fr\/wp-json\/wp\/v2\/comments?post=171125"}],"version-history":[{"count":1,"href":"https:\/\/www.bellunopress.it\/fr\/wp-json\/wp\/v2\/posts\/171125\/revisions"}],"predecessor-version":[{"id":171127,"href":"https:\/\/www.bellunopress.it\/fr\/wp-json\/wp\/v2\/posts\/171125\/revisions\/171127"}],"wp:featuredmedia":[{"embeddable":true,"href":"https:\/\/www.bellunopress.it\/fr\/wp-json\/wp\/v2\/media\/171126"}],"wp:attachment":[{"href":"https:\/\/www.bellunopress.it\/fr\/wp-json\/wp\/v2\/media?parent=171125"}],"wp:term":[{"taxonomy":"category","embeddable":true,"href":"https:\/\/www.bellunopress.it\/fr\/wp-json\/wp\/v2\/categories?post=171125"},{"taxonomy":"post_tag","embeddable":true,"href":"https:\/\/www.bellunopress.it\/fr\/wp-json\/wp\/v2\/tags?post=171125"}],"curies":[{"name":"wp","href":"https:\/\/api.w.org\/{rel}","templated":true}]}}