{"id":171120,"date":"2026-06-21T12:20:58","date_gmt":"2026-06-21T10:20:58","guid":{"rendered":"https:\/\/www.bellunopress.it\/?p=171120"},"modified":"2026-06-21T12:21:49","modified_gmt":"2026-06-21T10:21:49","slug":"belluno-il-passo-di-lato-di-oscar-de-pellegrin-inizia-il-totosindaco-2027","status":"publish","type":"post","link":"https:\/\/www.bellunopress.it\/fr\/2026\/06\/21\/belluno-il-passo-di-lato-di-oscar-de-pellegrin-inizia-il-totosindaco-2027\/","title":{"rendered":"Belluno, il passo di lato di Oscar De Pellegrin: inizia il totosindaco 2027"},"content":{"rendered":"<p>La decisione \u00e8 oramai ufficiale, il sindaco di Belluno Oscar De Pellegrin non si ricandider\u00e0 come Primo cittadino alle imminenti amministrative del 2027, ma parteciper\u00e0 solo come candidato consigliere.<\/p>\n<p>Motivazioni di salute, ha dichiarato. E non fatichiamo a credergli. Guidare un capoluogo di provincia richiede una tempra d\u2019acciaio e un\u2019energia costante, qualit\u00e0 che De Pellegrin, sia pur dotato di tempra di campione olimpionico, ha messo a dura prova, affrontando anche delicati interventi chirurgici durante il suo mandato. Oltre a dover resistere a una serie di continui stress che hanno turbato la citt\u00e0. Dall&#8217;incredibile e surreale caso della cordata algerino-bellunese che vantava a chiacchiere 100 milioni disponibili per il rilancio del Nevegal, al caso dell&#8217;ex distributore Agip di Baldenich, ancora fermo, al blitz del taglio degli alberi in via Feltre. C&#8217;\u00e8 inoltre la parabola politica di questa maggioranza che amministra il Comune capoluogo, costellata di frizioni e abbandoni, con le uscite di consiglieri, le dimissioni degli assessori Buttignon e Roccon. Fino al recente, logorante caso politico legato all\u2019assessore Dal Pont, coinvolto indirettamente nelle cronache dell&#8217;episodio di violenza che ha scosso il centro citt\u00e0. Insomma un clima di tensione continua, stress, incertezze, ricomposizioni forzate, che non ha certamente giovato alla salute del Primo cittadino.<\/p>\n<p>Ora, per\u00f2, si apre in un orizzonte di grande incertezza.\u00a0A destra e a sinistra, i partiti sono gi\u00e0 in fermento. Se per il centrodestra si tratta di trovare un nuovo equilibrio e un nuovo asso nella manica con effetto sorpresa, dopo aver perso per strada pezzi importanti del progetto originale, per il centrosinistra la sfida \u00e8 altrettanto complessa: occorre capire se questa spaccatura e questo indebolimento della maggioranza siano l\u2019occasione per costruire un\u2019alternativa solida, o se il centrodestra, seppur tra mille difficolt\u00e0, riuscir\u00e0 a ritrovare, come sua tradizione, una sintesi credibile.<\/p>\n<p>Belluno si trova di fronte a un bivio. La scelta di De Pellegrin, che con ammirevole onest\u00e0 ha ammesso di non poter garantire altri cinque anni di dedizione totale, \u00e8 un atto di realismo. Ma per la citt\u00e0, il 2027 non \u00e8 pi\u00f9 un traguardo lontano: \u00e8 gi\u00e0 oggi. Le forze politiche dovranno ora dimostrare di saper guardare oltre le proprie beghe interne e i casi di cronaca, tornando a parlare di una visione di citt\u00e0 che, in questi anni, \u00e8 apparsa spesso oscurata dalle ombre di un palazzo in perenne ricerca di stabilit\u00e0.<\/p>\n<p>(rdn)<\/p>","protected":false},"excerpt":{"rendered":"<p>La decisione \u00e8 oramai ufficiale, il sindaco di Belluno Oscar De Pellegrin non si ricandider\u00e0 come Primo cittadino alle imminenti amministrative del 2027, ma parteciper\u00e0 solo come candidato consigliere. Motivazioni di salute, ha dichiarato. E non fatichiamo a credergli. Guidare un capoluogo di provincia richiede una tempra d\u2019acciaio e un\u2019energia costante, qualit\u00e0 che De Pellegrin, [&hellip;]<\/p>\n","protected":false},"author":2,"featured_media":135245,"comment_status":"closed","ping_status":"open","sticky":false,"template":"","format":"standard","meta":{"footnotes":""},"categories":[5,26],"tags":[],"class_list":["post-171120","post","type-post","status-publish","format-standard","has-post-thumbnail","category-cronaca","category-prima-pagina"],"yoast_head":"<!-- This site is optimized with the Yoast SEO plugin v28.4 - https:\/\/yoast.com\/product\/yoast-seo-wordpress\/ -->\n<title>Belluno, il passo di lato di Oscar De Pellegrin: inizia il totosindaco 2027 - Bellunopress - Dolomiti<\/title>\n<meta name=\"robots\" content=\"index, follow, max-snippet:-1, max-image-preview:large, max-video-preview:-1\" \/>\n<link rel=\"canonical\" href=\"https:\/\/www.bellunopress.it\/fr\/2026\/06\/21\/belluno-il-passo-di-lato-di-oscar-de-pellegrin-inizia-il-totosindaco-2027\/\" \/>\n<meta property=\"og:locale\" content=\"fr_FR\" \/>\n<meta property=\"og:type\" content=\"article\" \/>\n<meta property=\"og:title\" content=\"Belluno, il passo di lato di Oscar De Pellegrin: inizia il totosindaco 2027 - Bellunopress - Dolomiti\" \/>\n<meta property=\"og:description\" content=\"La decisione \u00e8 oramai ufficiale, il sindaco di Belluno Oscar De Pellegrin non si ricandider\u00e0 come Primo cittadino alle imminenti amministrative del 2027, ma parteciper\u00e0 solo come candidato consigliere. Motivazioni di salute, ha dichiarato. E non fatichiamo a credergli. Guidare un capoluogo di provincia richiede una tempra d\u2019acciaio e un\u2019energia costante, qualit\u00e0 che De Pellegrin, [&hellip;]\" \/>\n<meta property=\"og:url\" content=\"https:\/\/www.bellunopress.it\/fr\/2026\/06\/21\/belluno-il-passo-di-lato-di-oscar-de-pellegrin-inizia-il-totosindaco-2027\/\" \/>\n<meta property=\"og:site_name\" content=\"Bellunopress - Dolomiti\" \/>\n<meta property=\"article:publisher\" content=\"https:\/\/www.facebook.com\/profile.php?id=100008943462799\" \/>\n<meta property=\"article:published_time\" content=\"2026-06-21T10:20:58+00:00\" \/>\n<meta property=\"article:modified_time\" content=\"2026-06-21T10:21:49+00:00\" \/>\n<meta property=\"og:image\" content=\"https:\/\/www.bellunopress.it\/wp-content\/uploads\/2022\/07\/Oscar-De-Pellegrin-sindaco-di-Belluno_edited.jpg\" \/>\n\t<meta property=\"og:image:width\" content=\"803\" \/>\n\t<meta property=\"og:image:height\" content=\"1000\" \/>\n\t<meta property=\"og:image:type\" content=\"image\/jpeg\" \/>\n<meta name=\"author\" content=\"redazione\" \/>\n<meta name=\"twitter:card\" content=\"summary_large_image\" \/>\n<meta name=\"twitter:creator\" content=\"@bellunopress\" \/>\n<meta name=\"twitter:site\" content=\"@bellunopress\" \/>\n<meta name=\"twitter:label1\" content=\"\u00c9crit par\" \/>\n\t<meta name=\"twitter:data1\" content=\"redazione\" \/>\n\t<meta name=\"twitter:label2\" content=\"Dur\u00e9e de lecture estim\u00e9e\" \/>\n\t<meta name=\"twitter:data2\" content=\"3 minutes\" \/>\n<script type=\"application\/ld+json\" class=\"yoast-schema-graph\">{\"@context\":\"https:\\\/\\\/schema.org\",\"@graph\":[{\"@type\":\"Article\",\"@id\":\"https:\\\/\\\/www.bellunopress.it\\\/2026\\\/06\\\/21\\\/belluno-il-passo-di-lato-di-oscar-de-pellegrin-inizia-il-totosindaco-2027\\\/#article\",\"isPartOf\":{\"@id\":\"https:\\\/\\\/www.bellunopress.it\\\/2026\\\/06\\\/21\\\/belluno-il-passo-di-lato-di-oscar-de-pellegrin-inizia-il-totosindaco-2027\\\/\"},\"author\":{\"name\":\"redazione\",\"@id\":\"https:\\\/\\\/www.bellunopress.it\\\/#\\\/schema\\\/person\\\/79bb06722b37ece1c03d3e94beb30d73\"},\"headline\":\"Belluno, il passo di lato di Oscar De Pellegrin: inizia il totosindaco 2027\",\"datePublished\":\"2026-06-21T10:20:58+00:00\",\"dateModified\":\"2026-06-21T10:21:49+00:00\",\"mainEntityOfPage\":{\"@id\":\"https:\\\/\\\/www.bellunopress.it\\\/2026\\\/06\\\/21\\\/belluno-il-passo-di-lato-di-oscar-de-pellegrin-inizia-il-totosindaco-2027\\\/\"},\"wordCount\":400,\"publisher\":{\"@id\":\"https:\\\/\\\/www.bellunopress.it\\\/#organization\"},\"image\":{\"@id\":\"https:\\\/\\\/www.bellunopress.it\\\/2026\\\/06\\\/21\\\/belluno-il-passo-di-lato-di-oscar-de-pellegrin-inizia-il-totosindaco-2027\\\/#primaryimage\"},\"thumbnailUrl\":\"https:\\\/\\\/www.bellunopress.it\\\/wp-content\\\/uploads\\\/2022\\\/07\\\/Oscar-De-Pellegrin-sindaco-di-Belluno_edited.jpg\",\"articleSection\":[\"Cronaca\\\/Politica\",\"Prima Pagina\"],\"inLanguage\":\"fr-FR\"},{\"@type\":\"WebPage\",\"@id\":\"https:\\\/\\\/www.bellunopress.it\\\/2026\\\/06\\\/21\\\/belluno-il-passo-di-lato-di-oscar-de-pellegrin-inizia-il-totosindaco-2027\\\/\",\"url\":\"https:\\\/\\\/www.bellunopress.it\\\/2026\\\/06\\\/21\\\/belluno-il-passo-di-lato-di-oscar-de-pellegrin-inizia-il-totosindaco-2027\\\/\",\"name\":\"Belluno, il passo di lato di Oscar De Pellegrin: inizia il totosindaco 2027 - Bellunopress - Dolomiti\",\"isPartOf\":{\"@id\":\"https:\\\/\\\/www.bellunopress.it\\\/#website\"},\"primaryImageOfPage\":{\"@id\":\"https:\\\/\\\/www.bellunopress.it\\\/2026\\\/06\\\/21\\\/belluno-il-passo-di-lato-di-oscar-de-pellegrin-inizia-il-totosindaco-2027\\\/#primaryimage\"},\"image\":{\"@id\":\"https:\\\/\\\/www.bellunopress.it\\\/2026\\\/06\\\/21\\\/belluno-il-passo-di-lato-di-oscar-de-pellegrin-inizia-il-totosindaco-2027\\\/#primaryimage\"},\"thumbnailUrl\":\"https:\\\/\\\/www.bellunopress.it\\\/wp-content\\\/uploads\\\/2022\\\/07\\\/Oscar-De-Pellegrin-sindaco-di-Belluno_edited.jpg\",\"datePublished\":\"2026-06-21T10:20:58+00:00\",\"dateModified\":\"2026-06-21T10:21:49+00:00\",\"breadcrumb\":{\"@id\":\"https:\\\/\\\/www.bellunopress.it\\\/2026\\\/06\\\/21\\\/belluno-il-passo-di-lato-di-oscar-de-pellegrin-inizia-il-totosindaco-2027\\\/#breadcrumb\"},\"inLanguage\":\"fr-FR\",\"potentialAction\":[{\"@type\":\"ReadAction\",\"target\":[\"https:\\\/\\\/www.bellunopress.it\\\/2026\\\/06\\\/21\\\/belluno-il-passo-di-lato-di-oscar-de-pellegrin-inizia-il-totosindaco-2027\\\/\"]}]},{\"@type\":\"ImageObject\",\"inLanguage\":\"fr-FR\",\"@id\":\"https:\\\/\\\/www.bellunopress.it\\\/2026\\\/06\\\/21\\\/belluno-il-passo-di-lato-di-oscar-de-pellegrin-inizia-il-totosindaco-2027\\\/#primaryimage\",\"url\":\"https:\\\/\\\/www.bellunopress.it\\\/wp-content\\\/uploads\\\/2022\\\/07\\\/Oscar-De-Pellegrin-sindaco-di-Belluno_edited.jpg\",\"contentUrl\":\"https:\\\/\\\/www.bellunopress.it\\\/wp-content\\\/uploads\\\/2022\\\/07\\\/Oscar-De-Pellegrin-sindaco-di-Belluno_edited.jpg\",\"width\":803,\"height\":1000,\"caption\":\"Oscar De Pellegrin, sindaco di Belluno\"},{\"@type\":\"BreadcrumbList\",\"@id\":\"https:\\\/\\\/www.bellunopress.it\\\/2026\\\/06\\\/21\\\/belluno-il-passo-di-lato-di-oscar-de-pellegrin-inizia-il-totosindaco-2027\\\/#breadcrumb\",\"itemListElement\":[{\"@type\":\"ListItem\",\"position\":1,\"name\":\"Home\",\"item\":\"https:\\\/\\\/www.bellunopress.it\\\/\"},{\"@type\":\"ListItem\",\"position\":2,\"name\":\"Belluno, il passo di lato di Oscar De Pellegrin: inizia il totosindaco 2027\"}]},{\"@type\":\"WebSite\",\"@id\":\"https:\\\/\\\/www.bellunopress.it\\\/#website\",\"url\":\"https:\\\/\\\/www.bellunopress.it\\\/\",\"name\":\"Bellunopress - Dolomiti\",\"description\":\"e-mail: redazione@bellunopress.it\",\"publisher\":{\"@id\":\"https:\\\/\\\/www.bellunopress.it\\\/#organization\"},\"potentialAction\":[{\"@type\":\"SearchAction\",\"target\":{\"@type\":\"EntryPoint\",\"urlTemplate\":\"https:\\\/\\\/www.bellunopress.it\\\/?s={search_term_string}\"},\"query-input\":{\"@type\":\"PropertyValueSpecification\",\"valueRequired\":true,\"valueName\":\"search_term_string\"}}],\"inLanguage\":\"fr-FR\"},{\"@type\":\"Organization\",\"@id\":\"https:\\\/\\\/www.bellunopress.it\\\/#organization\",\"name\":\"Bellunopress\",\"url\":\"https:\\\/\\\/www.bellunopress.it\\\/\",\"logo\":{\"@type\":\"ImageObject\",\"inLanguage\":\"fr-FR\",\"@id\":\"https:\\\/\\\/www.bellunopress.it\\\/#\\\/schema\\\/logo\\\/image\\\/\",\"url\":\"https:\\\/\\\/www.bellunopress.it\\\/wp-content\\\/uploads\\\/2011\\\/05\\\/cropped-logo-bellunopress-.jpg\",\"contentUrl\":\"https:\\\/\\\/www.bellunopress.it\\\/wp-content\\\/uploads\\\/2011\\\/05\\\/cropped-logo-bellunopress-.jpg\",\"width\":512,\"height\":512,\"caption\":\"Bellunopress\"},\"image\":{\"@id\":\"https:\\\/\\\/www.bellunopress.it\\\/#\\\/schema\\\/logo\\\/image\\\/\"},\"sameAs\":[\"https:\\\/\\\/www.facebook.com\\\/profile.php?id=100008943462799\",\"https:\\\/\\\/x.com\\\/bellunopress\",\"https:\\\/\\\/www.linkedin.com\\\/hp\\\/?dnr=JBzUWaJfMUw8vbXJJ2tVW5-I3jZKvC4wsoxE&amp;amp;amp;amp;amp;amp;trk=nav_responsive_tab_home\",\"https:\\\/\\\/www.youtube.com\\\/channel\\\/UCxL0wu1uN0_3_7hGG0306cw\"]},{\"@type\":\"Person\",\"@id\":\"https:\\\/\\\/www.bellunopress.it\\\/#\\\/schema\\\/person\\\/79bb06722b37ece1c03d3e94beb30d73\",\"name\":\"redazione\",\"image\":{\"@type\":\"ImageObject\",\"inLanguage\":\"fr-FR\",\"@id\":\"https:\\\/\\\/secure.gravatar.com\\\/avatar\\\/37d968a2e67a6fd04c169c4bdef102d0bc5d31b2546345219e348575eb80e9a0?s=96&d=mm&r=g\",\"url\":\"https:\\\/\\\/secure.gravatar.com\\\/avatar\\\/37d968a2e67a6fd04c169c4bdef102d0bc5d31b2546345219e348575eb80e9a0?s=96&d=mm&r=g\",\"contentUrl\":\"https:\\\/\\\/secure.gravatar.com\\\/avatar\\\/37d968a2e67a6fd04c169c4bdef102d0bc5d31b2546345219e348575eb80e9a0?s=96&d=mm&r=g\",\"caption\":\"redazione\"},\"sameAs\":[\"http:\\\/\\\/www.bellunopress.it\",\"https:\\\/\\\/x.com\\\/bellunopress\"],\"url\":\"https:\\\/\\\/www.bellunopress.it\\\/fr\\\/author\\\/redazione\\\/\"}]}<\/script>\n<!-- \/ Yoast SEO plugin. -->","yoast_head_json":{"title":"Belluno, il passo di lato di Oscar De Pellegrin: inizia il totosindaco 2027 - Bellunopress - Dolomiti","robots":{"index":"index","follow":"follow","max-snippet":"max-snippet:-1","max-image-preview":"max-image-preview:large","max-video-preview":"max-video-preview:-1"},"canonical":"https:\/\/www.bellunopress.it\/fr\/2026\/06\/21\/belluno-il-passo-di-lato-di-oscar-de-pellegrin-inizia-il-totosindaco-2027\/","og_locale":"fr_FR","og_type":"article","og_title":"Belluno, il passo di lato di Oscar De Pellegrin: inizia il totosindaco 2027 - Bellunopress - Dolomiti","og_description":"La decisione \u00e8 oramai ufficiale, il sindaco di Belluno Oscar De Pellegrin non si ricandider\u00e0 come Primo cittadino alle imminenti amministrative del 2027, ma parteciper\u00e0 solo come candidato consigliere. Motivazioni di salute, ha dichiarato. E non fatichiamo a credergli. Guidare un capoluogo di provincia richiede una tempra d\u2019acciaio e un\u2019energia costante, qualit\u00e0 che De Pellegrin, [&hellip;]","og_url":"https:\/\/www.bellunopress.it\/fr\/2026\/06\/21\/belluno-il-passo-di-lato-di-oscar-de-pellegrin-inizia-il-totosindaco-2027\/","og_site_name":"Bellunopress - Dolomiti","article_publisher":"https:\/\/www.facebook.com\/profile.php?id=100008943462799","article_published_time":"2026-06-21T10:20:58+00:00","article_modified_time":"2026-06-21T10:21:49+00:00","og_image":[{"width":803,"height":1000,"url":"https:\/\/www.bellunopress.it\/wp-content\/uploads\/2022\/07\/Oscar-De-Pellegrin-sindaco-di-Belluno_edited.jpg","type":"image\/jpeg"}],"author":"redazione","twitter_card":"summary_large_image","twitter_creator":"@bellunopress","twitter_site":"@bellunopress","twitter_misc":{"\u00c9crit par":"redazione","Dur\u00e9e de lecture estim\u00e9e":"3 minutes"},"schema":{"@context":"https:\/\/schema.org","@graph":[{"@type":"Article","@id":"https:\/\/www.bellunopress.it\/2026\/06\/21\/belluno-il-passo-di-lato-di-oscar-de-pellegrin-inizia-il-totosindaco-2027\/#article","isPartOf":{"@id":"https:\/\/www.bellunopress.it\/2026\/06\/21\/belluno-il-passo-di-lato-di-oscar-de-pellegrin-inizia-il-totosindaco-2027\/"},"author":{"name":"redazione","@id":"https:\/\/www.bellunopress.it\/#\/schema\/person\/79bb06722b37ece1c03d3e94beb30d73"},"headline":"Belluno, il passo di lato di Oscar De Pellegrin: inizia il totosindaco 2027","datePublished":"2026-06-21T10:20:58+00:00","dateModified":"2026-06-21T10:21:49+00:00","mainEntityOfPage":{"@id":"https:\/\/www.bellunopress.it\/2026\/06\/21\/belluno-il-passo-di-lato-di-oscar-de-pellegrin-inizia-il-totosindaco-2027\/"},"wordCount":400,"publisher":{"@id":"https:\/\/www.bellunopress.it\/#organization"},"image":{"@id":"https:\/\/www.bellunopress.it\/2026\/06\/21\/belluno-il-passo-di-lato-di-oscar-de-pellegrin-inizia-il-totosindaco-2027\/#primaryimage"},"thumbnailUrl":"https:\/\/www.bellunopress.it\/wp-content\/uploads\/2022\/07\/Oscar-De-Pellegrin-sindaco-di-Belluno_edited.jpg","articleSection":["Cronaca\/Politica","Prima Pagina"],"inLanguage":"fr-FR"},{"@type":"WebPage","@id":"https:\/\/www.bellunopress.it\/2026\/06\/21\/belluno-il-passo-di-lato-di-oscar-de-pellegrin-inizia-il-totosindaco-2027\/","url":"https:\/\/www.bellunopress.it\/2026\/06\/21\/belluno-il-passo-di-lato-di-oscar-de-pellegrin-inizia-il-totosindaco-2027\/","name":"Belluno, il passo di lato di Oscar De Pellegrin: inizia il totosindaco 2027 - Bellunopress - Dolomiti","isPartOf":{"@id":"https:\/\/www.bellunopress.it\/#website"},"primaryImageOfPage":{"@id":"https:\/\/www.bellunopress.it\/2026\/06\/21\/belluno-il-passo-di-lato-di-oscar-de-pellegrin-inizia-il-totosindaco-2027\/#primaryimage"},"image":{"@id":"https:\/\/www.bellunopress.it\/2026\/06\/21\/belluno-il-passo-di-lato-di-oscar-de-pellegrin-inizia-il-totosindaco-2027\/#primaryimage"},"thumbnailUrl":"https:\/\/www.bellunopress.it\/wp-content\/uploads\/2022\/07\/Oscar-De-Pellegrin-sindaco-di-Belluno_edited.jpg","datePublished":"2026-06-21T10:20:58+00:00","dateModified":"2026-06-21T10:21:49+00:00","breadcrumb":{"@id":"https:\/\/www.bellunopress.it\/2026\/06\/21\/belluno-il-passo-di-lato-di-oscar-de-pellegrin-inizia-il-totosindaco-2027\/#breadcrumb"},"inLanguage":"fr-FR","potentialAction":[{"@type":"ReadAction","target":["https:\/\/www.bellunopress.it\/2026\/06\/21\/belluno-il-passo-di-lato-di-oscar-de-pellegrin-inizia-il-totosindaco-2027\/"]}]},{"@type":"ImageObject","inLanguage":"fr-FR","@id":"https:\/\/www.bellunopress.it\/2026\/06\/21\/belluno-il-passo-di-lato-di-oscar-de-pellegrin-inizia-il-totosindaco-2027\/#primaryimage","url":"https:\/\/www.bellunopress.it\/wp-content\/uploads\/2022\/07\/Oscar-De-Pellegrin-sindaco-di-Belluno_edited.jpg","contentUrl":"https:\/\/www.bellunopress.it\/wp-content\/uploads\/2022\/07\/Oscar-De-Pellegrin-sindaco-di-Belluno_edited.jpg","width":803,"height":1000,"caption":"Oscar De Pellegrin, sindaco di Belluno"},{"@type":"BreadcrumbList","@id":"https:\/\/www.bellunopress.it\/2026\/06\/21\/belluno-il-passo-di-lato-di-oscar-de-pellegrin-inizia-il-totosindaco-2027\/#breadcrumb","itemListElement":[{"@type":"ListItem","position":1,"name":"Home","item":"https:\/\/www.bellunopress.it\/"},{"@type":"ListItem","position":2,"name":"Belluno, il passo di lato di Oscar De Pellegrin: inizia il totosindaco 2027"}]},{"@type":"WebSite","@id":"https:\/\/www.bellunopress.it\/#website","url":"https:\/\/www.bellunopress.it\/","name":"Bellunopress - Dolomiti","description":"e-mail: redazione@bellunopress.it","publisher":{"@id":"https:\/\/www.bellunopress.it\/#organization"},"potentialAction":[{"@type":"SearchAction","target":{"@type":"EntryPoint","urlTemplate":"https:\/\/www.bellunopress.it\/?s={search_term_string}"},"query-input":{"@type":"PropertyValueSpecification","valueRequired":true,"valueName":"search_term_string"}}],"inLanguage":"fr-FR"},{"@type":"Organization","@id":"https:\/\/www.bellunopress.it\/#organization","name":"Bellunopress","url":"https:\/\/www.bellunopress.it\/","logo":{"@type":"ImageObject","inLanguage":"fr-FR","@id":"https:\/\/www.bellunopress.it\/#\/schema\/logo\/image\/","url":"https:\/\/www.bellunopress.it\/wp-content\/uploads\/2011\/05\/cropped-logo-bellunopress-.jpg","contentUrl":"https:\/\/www.bellunopress.it\/wp-content\/uploads\/2011\/05\/cropped-logo-bellunopress-.jpg","width":512,"height":512,"caption":"Bellunopress"},"image":{"@id":"https:\/\/www.bellunopress.it\/#\/schema\/logo\/image\/"},"sameAs":["https:\/\/www.facebook.com\/profile.php?id=100008943462799","https:\/\/x.com\/bellunopress","https:\/\/www.linkedin.com\/hp\/?dnr=JBzUWaJfMUw8vbXJJ2tVW5-I3jZKvC4wsoxE&amp;amp;amp;amp;amp;amp;trk=nav_responsive_tab_home","https:\/\/www.youtube.com\/channel\/UCxL0wu1uN0_3_7hGG0306cw"]},{"@type":"Person","@id":"https:\/\/www.bellunopress.it\/#\/schema\/person\/79bb06722b37ece1c03d3e94beb30d73","name":"r\u00e9daction","image":{"@type":"ImageObject","inLanguage":"fr-FR","@id":"https:\/\/secure.gravatar.com\/avatar\/37d968a2e67a6fd04c169c4bdef102d0bc5d31b2546345219e348575eb80e9a0?s=96&d=mm&r=g","url":"https:\/\/secure.gravatar.com\/avatar\/37d968a2e67a6fd04c169c4bdef102d0bc5d31b2546345219e348575eb80e9a0?s=96&d=mm&r=g","contentUrl":"https:\/\/secure.gravatar.com\/avatar\/37d968a2e67a6fd04c169c4bdef102d0bc5d31b2546345219e348575eb80e9a0?s=96&d=mm&r=g","caption":"redazione"},"sameAs":["http:\/\/www.bellunopress.it","https:\/\/x.com\/bellunopress"],"url":"https:\/\/www.bellunopress.it\/fr\/author\/redazione\/"}]}},"_links":{"self":[{"href":"https:\/\/www.bellunopress.it\/fr\/wp-json\/wp\/v2\/posts\/171120","targetHints":{"allow":["GET"]}}],"collection":[{"href":"https:\/\/www.bellunopress.it\/fr\/wp-json\/wp\/v2\/posts"}],"about":[{"href":"https:\/\/www.bellunopress.it\/fr\/wp-json\/wp\/v2\/types\/post"}],"author":[{"embeddable":true,"href":"https:\/\/www.bellunopress.it\/fr\/wp-json\/wp\/v2\/users\/2"}],"replies":[{"embeddable":true,"href":"https:\/\/www.bellunopress.it\/fr\/wp-json\/wp\/v2\/comments?post=171120"}],"version-history":[{"count":2,"href":"https:\/\/www.bellunopress.it\/fr\/wp-json\/wp\/v2\/posts\/171120\/revisions"}],"predecessor-version":[{"id":171122,"href":"https:\/\/www.bellunopress.it\/fr\/wp-json\/wp\/v2\/posts\/171120\/revisions\/171122"}],"wp:featuredmedia":[{"embeddable":true,"href":"https:\/\/www.bellunopress.it\/fr\/wp-json\/wp\/v2\/media\/135245"}],"wp:attachment":[{"href":"https:\/\/www.bellunopress.it\/fr\/wp-json\/wp\/v2\/media?parent=171120"}],"wp:term":[{"taxonomy":"category","embeddable":true,"href":"https:\/\/www.bellunopress.it\/fr\/wp-json\/wp\/v2\/categories?post=171120"},{"taxonomy":"post_tag","embeddable":true,"href":"https:\/\/www.bellunopress.it\/fr\/wp-json\/wp\/v2\/tags?post=171120"}],"curies":[{"name":"wp","href":"https:\/\/api.w.org\/{rel}","templated":true}]}}