{"id":171117,"date":"2026-06-21T11:32:18","date_gmt":"2026-06-21T09:32:18","guid":{"rendered":"https:\/\/www.bellunopress.it\/?p=171117"},"modified":"2026-06-21T11:32:18","modified_gmt":"2026-06-21T09:32:18","slug":"villa-buzzati-celebra-un-doppio-anniversario-20-anni-di-giardino-buzzati-e-120-anni-dalla-nascita-di-dino","status":"publish","type":"post","link":"https:\/\/www.bellunopress.it\/fr\/2026\/06\/21\/villa-buzzati-celebra-un-doppio-anniversario-20-anni-di-giardino-buzzati-e-120-anni-dalla-nascita-di-dino\/","title":{"rendered":"Villa Buzzati celebra un doppio anniversario: 20 anni di \u201cGiardino Buzzati\u201d e 120 anni dalla nascita di Dino"},"content":{"rendered":"<p data-path-to-node=\"3\">Il 2026 segna un traguardo eccezionale per la cultura bellunese: ricorrono infatti i 120 anni dalla nascita di Dino Buzzati e, contemporaneamente, si festeggiano i 20 anni di attivit\u00e0 dell\u2019Associazione Culturale Villa Buzzati San Pellegrino \u2013 Il Granaio.<\/p>\n<p data-path-to-node=\"4\">Nata nel 2006 con l\u2019intuizione di trasformare la casa natale dello scrittore in un ponte tra la realt\u00e0 locale e il panorama culturale internazionale, l\u2019Associazione celebra questo doppio anniversario con un\u2019edizione speciale del festival estivo Giardino Buzzati. La storica Villa di Via Visome riapre i suoi spazi \u2013 giardino e Granaio \u2013 offrendo una programmazione multidisciplinare che intreccia musica, cinema, letteratura e teatro, arricchita quest\u2019anno da un\u2019area food curata da produttori locali.<\/p>\n<p data-path-to-node=\"6\">La rassegna si conferma un laboratorio di riflessione e arte, con un calendario fitto di appuntamenti dall&#8217;11 al 19 luglio 2026:<\/p>\n<ul data-path-to-node=\"7\">\n<li>\n<p data-path-to-node=\"7,0,0\"><b data-path-to-node=\"7,0,0\" data-index-in-node=\"0\">Sabato 11 luglio (Musica e Cinema):<\/b> L&#8217;apertura \u00e8 dedicata al legame tra suono e visione. Si inizia alle 19.30 con la live performance di Angelo Trabace al pianoforte, che presenter\u00e0 la colonna sonora del film <i data-path-to-node=\"7,0,0\" data-index-in-node=\"209\">Orfeo<\/i>, un viaggio tra classico e contemporaneo. Alle 21.15 seguir\u00e0 la proiezione di <i data-path-to-node=\"7,0,0\" data-index-in-node=\"293\">Orfeo<\/i>, lungometraggio del regista Virgilio Villoresi, liberamente tratto dal <i data-path-to-node=\"7,0,0\" data-index-in-node=\"370\">Poema a fumetti<\/i> di Buzzati. Il film, pluripremiato e designato &#8220;Film della Critica&#8221;, \u00e8 un&#8217;opera d&#8217;avanguardia che fonde live action e stop-motion.<\/p>\n<\/li>\n<li>\n<p data-path-to-node=\"7,1,0\"><b data-path-to-node=\"7,1,0\" data-index-in-node=\"0\">Luned\u00ec 13 luglio (Scienza e Letteratura):<\/b> Danilo Giordano, geologo e ricercatore, presenter\u00e0 il suo libro <b data-path-to-node=\"7,1,0\" data-index-in-node=\"106\"><i data-path-to-node=\"7,1,0\" data-index-in-node=\"106\">&#8220;<\/i><\/b><i data-path-to-node=\"7,1,0\" data-index-in-node=\"106\">Ma le Dolomiti, cosa sono?&#8221;<\/i>. Una serata originale che analizza le montagne bellunesi partendo dagli scritti di Dino Buzzati, in un dialogo tra scienza e letteratura.<\/p>\n<\/li>\n<li>\n<p data-path-to-node=\"7,2,0\"><b data-path-to-node=\"7,2,0\" data-index-in-node=\"0\">Marted\u00ec 14 luglio (Letture):<\/b> La rassegna <i data-path-to-node=\"7,2,0\" data-index-in-node=\"41\">LeggereLeSere<\/i> si sposta in villa con <i data-path-to-node=\"7,2,0\" data-index-in-node=\"78\">&#8220;Le muse, ancora!&#8221;<\/i>, letture tratte da <i data-path-to-node=\"7,2,0\" data-index-in-node=\"116\">La vendetta delle muse<\/i> di Serena Dandini, accompagnate dalle voci delle &#8220;Bretelle Lasche&#8221; e dalla musica di Antonio Andrich.<\/p>\n<\/li>\n<li>\n<p data-path-to-node=\"7,3,0\"><b data-path-to-node=\"7,3,0\" data-index-in-node=\"0\">Gioved\u00ec 16 luglio (Poesia):<\/b> Un incontro intimo dedicato alla poetessa Amelia Rosselli, dal titolo <i data-path-to-node=\"7,3,0\" data-index-in-node=\"98\">&#8220;Parliamo di Amelia&#8221;<\/i>, curato da Roberta Lanave e Camilla Sandri Bellezza. Non una lezione, ma un&#8217;indagine collettiva sulla forza della sua opera.<\/p>\n<\/li>\n<li>\n<p data-path-to-node=\"7,4,0\"><b data-path-to-node=\"7,4,0\" data-index-in-node=\"0\">Sabato 18 luglio (Teatro):<\/b> In scena <i data-path-to-node=\"7,4,0\" data-index-in-node=\"36\">&#8220;Il reggimento parte all\u2019alba&#8221;<\/i>, adattamento teatrale di Giuseppe Nitti tratto da uno degli ultimi, intensi scritti di Buzzati. Un viaggio poetico sull&#8217;accettazione del fine vita e sul legame eterno con le proprie radici.<\/p>\n<\/li>\n<li>\n<p data-path-to-node=\"7,5,0\"><b data-path-to-node=\"7,5,0\" data-index-in-node=\"0\">Domenica 19 luglio (Musica):<\/b> Il festival si chiude con<strong> <i data-path-to-node=\"7,5,0\" data-index-in-node=\"55\">&#8220;Cantastorie (prove di\u2026)&#8221;<\/i>,<\/strong> spettacolo musico-teatrale di e con Max Solinas e il musicista Nicola Pilat Spina, che esplora temi universali come silenzio, guerra, cambiamento e libert\u00e0.<\/p>\n<\/li>\n<\/ul>\n<p data-path-to-node=\"9\">A corollario degli eventi, il 18 e 19 luglio, l\u2019attrice e formatrice Antonella Morassutti (pronipote di Dino Buzzati) terr\u00e0 il laboratorio di lettura espressiva <i data-path-to-node=\"9\" data-index-in-node=\"161\">&#8220;La voce che incanta&#8221;<\/i>. Un&#8217;occasione per adulti, principianti ed esperti, per esplorare le potenzialit\u00e0 della propria voce attraverso testi di Buzzati e altri autori. (Iscrizioni entro il 5 luglio).<\/p>\n<p data-path-to-node=\"10\">Villa Buzzati si prepara dunque a un\u2019estate di grande fermento, confermandosi ancora una volta il cuore pulsante della memoria viva di Dino Buzzati e un punto di riferimento fondamentale per l\u2019arte e la cultura nel territorio bellunese.<\/p>","protected":false},"excerpt":{"rendered":"<p>Il 2026 segna un traguardo eccezionale per la cultura bellunese: ricorrono infatti i 120 anni dalla nascita di Dino Buzzati e, contemporaneamente, si festeggiano i 20 anni di attivit\u00e0 dell\u2019Associazione Culturale Villa Buzzati San Pellegrino \u2013 Il Granaio. Nata nel 2006 con l\u2019intuizione di trasformare la casa natale dello scrittore in un ponte tra la [&hellip;]<\/p>\n","protected":false},"author":2,"featured_media":171118,"comment_status":"closed","ping_status":"open","sticky":false,"template":"","format":"standard","meta":{"footnotes":""},"categories":[27,3,25],"tags":[],"class_list":["post-171117","post","type-post","status-publish","format-standard","has-post-thumbnail","category-appuntamenti","category-arte-cultura-spettacoli-scienza-archivi","category-pausa-caffe"],"yoast_head":"<!-- This site is optimized with the Yoast SEO plugin v28.4 - https:\/\/yoast.com\/product\/yoast-seo-wordpress\/ -->\n<title>Villa Buzzati celebra un doppio anniversario: 20 anni di \u201cGiardino Buzzati\u201d e 120 anni dalla nascita di Dino - Bellunopress - Dolomiti<\/title>\n<meta name=\"robots\" content=\"index, follow, max-snippet:-1, max-image-preview:large, max-video-preview:-1\" \/>\n<link rel=\"canonical\" href=\"https:\/\/www.bellunopress.it\/fr\/2026\/06\/21\/villa-buzzati-celebra-un-doppio-anniversario-20-anni-di-giardino-buzzati-e-120-anni-dalla-nascita-di-dino\/\" \/>\n<meta property=\"og:locale\" content=\"fr_FR\" \/>\n<meta property=\"og:type\" content=\"article\" \/>\n<meta property=\"og:title\" content=\"Villa Buzzati celebra un doppio anniversario: 20 anni di \u201cGiardino Buzzati\u201d e 120 anni dalla nascita di Dino - Bellunopress - Dolomiti\" \/>\n<meta property=\"og:description\" content=\"Il 2026 segna un traguardo eccezionale per la cultura bellunese: ricorrono infatti i 120 anni dalla nascita di Dino Buzzati e, contemporaneamente, si festeggiano i 20 anni di attivit\u00e0 dell\u2019Associazione Culturale Villa Buzzati San Pellegrino \u2013 Il Granaio. Nata nel 2006 con l\u2019intuizione di trasformare la casa natale dello scrittore in un ponte tra la [&hellip;]\" \/>\n<meta property=\"og:url\" content=\"https:\/\/www.bellunopress.it\/fr\/2026\/06\/21\/villa-buzzati-celebra-un-doppio-anniversario-20-anni-di-giardino-buzzati-e-120-anni-dalla-nascita-di-dino\/\" \/>\n<meta property=\"og:site_name\" content=\"Bellunopress - Dolomiti\" \/>\n<meta property=\"article:publisher\" content=\"https:\/\/www.facebook.com\/profile.php?id=100008943462799\" \/>\n<meta property=\"article:published_time\" content=\"2026-06-21T09:32:18+00:00\" \/>\n<meta property=\"og:image\" content=\"https:\/\/www.bellunopress.it\/wp-content\/uploads\/2026\/06\/Giardino-Buzzati.jpg\" \/>\n\t<meta property=\"og:image:width\" content=\"500\" \/>\n\t<meta property=\"og:image:height\" content=\"375\" \/>\n\t<meta property=\"og:image:type\" content=\"image\/jpeg\" \/>\n<meta name=\"author\" content=\"redazione\" \/>\n<meta name=\"twitter:card\" content=\"summary_large_image\" \/>\n<meta name=\"twitter:creator\" content=\"@bellunopress\" \/>\n<meta name=\"twitter:site\" content=\"@bellunopress\" \/>\n<meta name=\"twitter:label1\" content=\"\u00c9crit par\" \/>\n\t<meta name=\"twitter:data1\" content=\"redazione\" \/>\n\t<meta name=\"twitter:label2\" content=\"Dur\u00e9e de lecture estim\u00e9e\" \/>\n\t<meta name=\"twitter:data2\" content=\"3 minutes\" \/>\n<script type=\"application\/ld+json\" class=\"yoast-schema-graph\">{\"@context\":\"https:\\\/\\\/schema.org\",\"@graph\":[{\"@type\":\"Article\",\"@id\":\"https:\\\/\\\/www.bellunopress.it\\\/2026\\\/06\\\/21\\\/villa-buzzati-celebra-un-doppio-anniversario-20-anni-di-giardino-buzzati-e-120-anni-dalla-nascita-di-dino\\\/#article\",\"isPartOf\":{\"@id\":\"https:\\\/\\\/www.bellunopress.it\\\/2026\\\/06\\\/21\\\/villa-buzzati-celebra-un-doppio-anniversario-20-anni-di-giardino-buzzati-e-120-anni-dalla-nascita-di-dino\\\/\"},\"author\":{\"name\":\"redazione\",\"@id\":\"https:\\\/\\\/www.bellunopress.it\\\/#\\\/schema\\\/person\\\/79bb06722b37ece1c03d3e94beb30d73\"},\"headline\":\"Villa Buzzati celebra un doppio anniversario: 20 anni di \u201cGiardino Buzzati\u201d e 120 anni dalla nascita di Dino\",\"datePublished\":\"2026-06-21T09:32:18+00:00\",\"mainEntityOfPage\":{\"@id\":\"https:\\\/\\\/www.bellunopress.it\\\/2026\\\/06\\\/21\\\/villa-buzzati-celebra-un-doppio-anniversario-20-anni-di-giardino-buzzati-e-120-anni-dalla-nascita-di-dino\\\/\"},\"wordCount\":498,\"publisher\":{\"@id\":\"https:\\\/\\\/www.bellunopress.it\\\/#organization\"},\"image\":{\"@id\":\"https:\\\/\\\/www.bellunopress.it\\\/2026\\\/06\\\/21\\\/villa-buzzati-celebra-un-doppio-anniversario-20-anni-di-giardino-buzzati-e-120-anni-dalla-nascita-di-dino\\\/#primaryimage\"},\"thumbnailUrl\":\"https:\\\/\\\/www.bellunopress.it\\\/wp-content\\\/uploads\\\/2026\\\/06\\\/Giardino-Buzzati.jpg\",\"articleSection\":[\"Appuntamenti, Eventi\",\"Arte, Cultura, Spettacoli, Scienza\",\"Pausa Caff\u00e8\"],\"inLanguage\":\"fr-FR\"},{\"@type\":\"WebPage\",\"@id\":\"https:\\\/\\\/www.bellunopress.it\\\/2026\\\/06\\\/21\\\/villa-buzzati-celebra-un-doppio-anniversario-20-anni-di-giardino-buzzati-e-120-anni-dalla-nascita-di-dino\\\/\",\"url\":\"https:\\\/\\\/www.bellunopress.it\\\/2026\\\/06\\\/21\\\/villa-buzzati-celebra-un-doppio-anniversario-20-anni-di-giardino-buzzati-e-120-anni-dalla-nascita-di-dino\\\/\",\"name\":\"Villa Buzzati celebra un doppio anniversario: 20 anni di \u201cGiardino Buzzati\u201d e 120 anni dalla nascita di Dino - Bellunopress - Dolomiti\",\"isPartOf\":{\"@id\":\"https:\\\/\\\/www.bellunopress.it\\\/#website\"},\"primaryImageOfPage\":{\"@id\":\"https:\\\/\\\/www.bellunopress.it\\\/2026\\\/06\\\/21\\\/villa-buzzati-celebra-un-doppio-anniversario-20-anni-di-giardino-buzzati-e-120-anni-dalla-nascita-di-dino\\\/#primaryimage\"},\"image\":{\"@id\":\"https:\\\/\\\/www.bellunopress.it\\\/2026\\\/06\\\/21\\\/villa-buzzati-celebra-un-doppio-anniversario-20-anni-di-giardino-buzzati-e-120-anni-dalla-nascita-di-dino\\\/#primaryimage\"},\"thumbnailUrl\":\"https:\\\/\\\/www.bellunopress.it\\\/wp-content\\\/uploads\\\/2026\\\/06\\\/Giardino-Buzzati.jpg\",\"datePublished\":\"2026-06-21T09:32:18+00:00\",\"breadcrumb\":{\"@id\":\"https:\\\/\\\/www.bellunopress.it\\\/2026\\\/06\\\/21\\\/villa-buzzati-celebra-un-doppio-anniversario-20-anni-di-giardino-buzzati-e-120-anni-dalla-nascita-di-dino\\\/#breadcrumb\"},\"inLanguage\":\"fr-FR\",\"potentialAction\":[{\"@type\":\"ReadAction\",\"target\":[\"https:\\\/\\\/www.bellunopress.it\\\/2026\\\/06\\\/21\\\/villa-buzzati-celebra-un-doppio-anniversario-20-anni-di-giardino-buzzati-e-120-anni-dalla-nascita-di-dino\\\/\"]}]},{\"@type\":\"ImageObject\",\"inLanguage\":\"fr-FR\",\"@id\":\"https:\\\/\\\/www.bellunopress.it\\\/2026\\\/06\\\/21\\\/villa-buzzati-celebra-un-doppio-anniversario-20-anni-di-giardino-buzzati-e-120-anni-dalla-nascita-di-dino\\\/#primaryimage\",\"url\":\"https:\\\/\\\/www.bellunopress.it\\\/wp-content\\\/uploads\\\/2026\\\/06\\\/Giardino-Buzzati.jpg\",\"contentUrl\":\"https:\\\/\\\/www.bellunopress.it\\\/wp-content\\\/uploads\\\/2026\\\/06\\\/Giardino-Buzzati.jpg\",\"width\":500,\"height\":375,\"caption\":\"Giardino Buzzati - Belluno\"},{\"@type\":\"BreadcrumbList\",\"@id\":\"https:\\\/\\\/www.bellunopress.it\\\/2026\\\/06\\\/21\\\/villa-buzzati-celebra-un-doppio-anniversario-20-anni-di-giardino-buzzati-e-120-anni-dalla-nascita-di-dino\\\/#breadcrumb\",\"itemListElement\":[{\"@type\":\"ListItem\",\"position\":1,\"name\":\"Home\",\"item\":\"https:\\\/\\\/www.bellunopress.it\\\/\"},{\"@type\":\"ListItem\",\"position\":2,\"name\":\"Villa Buzzati celebra un doppio anniversario: 20 anni di \u201cGiardino Buzzati\u201d e 120 anni dalla nascita di Dino\"}]},{\"@type\":\"WebSite\",\"@id\":\"https:\\\/\\\/www.bellunopress.it\\\/#website\",\"url\":\"https:\\\/\\\/www.bellunopress.it\\\/\",\"name\":\"Bellunopress - Dolomiti\",\"description\":\"e-mail: redazione@bellunopress.it\",\"publisher\":{\"@id\":\"https:\\\/\\\/www.bellunopress.it\\\/#organization\"},\"potentialAction\":[{\"@type\":\"SearchAction\",\"target\":{\"@type\":\"EntryPoint\",\"urlTemplate\":\"https:\\\/\\\/www.bellunopress.it\\\/?s={search_term_string}\"},\"query-input\":{\"@type\":\"PropertyValueSpecification\",\"valueRequired\":true,\"valueName\":\"search_term_string\"}}],\"inLanguage\":\"fr-FR\"},{\"@type\":\"Organization\",\"@id\":\"https:\\\/\\\/www.bellunopress.it\\\/#organization\",\"name\":\"Bellunopress\",\"url\":\"https:\\\/\\\/www.bellunopress.it\\\/\",\"logo\":{\"@type\":\"ImageObject\",\"inLanguage\":\"fr-FR\",\"@id\":\"https:\\\/\\\/www.bellunopress.it\\\/#\\\/schema\\\/logo\\\/image\\\/\",\"url\":\"https:\\\/\\\/www.bellunopress.it\\\/wp-content\\\/uploads\\\/2011\\\/05\\\/cropped-logo-bellunopress-.jpg\",\"contentUrl\":\"https:\\\/\\\/www.bellunopress.it\\\/wp-content\\\/uploads\\\/2011\\\/05\\\/cropped-logo-bellunopress-.jpg\",\"width\":512,\"height\":512,\"caption\":\"Bellunopress\"},\"image\":{\"@id\":\"https:\\\/\\\/www.bellunopress.it\\\/#\\\/schema\\\/logo\\\/image\\\/\"},\"sameAs\":[\"https:\\\/\\\/www.facebook.com\\\/profile.php?id=100008943462799\",\"https:\\\/\\\/x.com\\\/bellunopress\",\"https:\\\/\\\/www.linkedin.com\\\/hp\\\/?dnr=JBzUWaJfMUw8vbXJJ2tVW5-I3jZKvC4wsoxE&amp;amp;amp;amp;amp;amp;trk=nav_responsive_tab_home\",\"https:\\\/\\\/www.youtube.com\\\/channel\\\/UCxL0wu1uN0_3_7hGG0306cw\"]},{\"@type\":\"Person\",\"@id\":\"https:\\\/\\\/www.bellunopress.it\\\/#\\\/schema\\\/person\\\/79bb06722b37ece1c03d3e94beb30d73\",\"name\":\"redazione\",\"image\":{\"@type\":\"ImageObject\",\"inLanguage\":\"fr-FR\",\"@id\":\"https:\\\/\\\/secure.gravatar.com\\\/avatar\\\/37d968a2e67a6fd04c169c4bdef102d0bc5d31b2546345219e348575eb80e9a0?s=96&d=mm&r=g\",\"url\":\"https:\\\/\\\/secure.gravatar.com\\\/avatar\\\/37d968a2e67a6fd04c169c4bdef102d0bc5d31b2546345219e348575eb80e9a0?s=96&d=mm&r=g\",\"contentUrl\":\"https:\\\/\\\/secure.gravatar.com\\\/avatar\\\/37d968a2e67a6fd04c169c4bdef102d0bc5d31b2546345219e348575eb80e9a0?s=96&d=mm&r=g\",\"caption\":\"redazione\"},\"sameAs\":[\"http:\\\/\\\/www.bellunopress.it\",\"https:\\\/\\\/x.com\\\/bellunopress\"],\"url\":\"https:\\\/\\\/www.bellunopress.it\\\/fr\\\/author\\\/redazione\\\/\"}]}<\/script>\n<!-- \/ Yoast SEO plugin. -->","yoast_head_json":{"title":"Villa Buzzati celebra un doppio anniversario: 20 anni di \u201cGiardino Buzzati\u201d e 120 anni dalla nascita di Dino - Bellunopress - Dolomiti","robots":{"index":"index","follow":"follow","max-snippet":"max-snippet:-1","max-image-preview":"max-image-preview:large","max-video-preview":"max-video-preview:-1"},"canonical":"https:\/\/www.bellunopress.it\/fr\/2026\/06\/21\/villa-buzzati-celebra-un-doppio-anniversario-20-anni-di-giardino-buzzati-e-120-anni-dalla-nascita-di-dino\/","og_locale":"fr_FR","og_type":"article","og_title":"Villa Buzzati celebra un doppio anniversario: 20 anni di \u201cGiardino Buzzati\u201d e 120 anni dalla nascita di Dino - Bellunopress - Dolomiti","og_description":"Il 2026 segna un traguardo eccezionale per la cultura bellunese: ricorrono infatti i 120 anni dalla nascita di Dino Buzzati e, contemporaneamente, si festeggiano i 20 anni di attivit\u00e0 dell\u2019Associazione Culturale Villa Buzzati San Pellegrino \u2013 Il Granaio. Nata nel 2006 con l\u2019intuizione di trasformare la casa natale dello scrittore in un ponte tra la [&hellip;]","og_url":"https:\/\/www.bellunopress.it\/fr\/2026\/06\/21\/villa-buzzati-celebra-un-doppio-anniversario-20-anni-di-giardino-buzzati-e-120-anni-dalla-nascita-di-dino\/","og_site_name":"Bellunopress - Dolomiti","article_publisher":"https:\/\/www.facebook.com\/profile.php?id=100008943462799","article_published_time":"2026-06-21T09:32:18+00:00","og_image":[{"width":500,"height":375,"url":"https:\/\/www.bellunopress.it\/wp-content\/uploads\/2026\/06\/Giardino-Buzzati.jpg","type":"image\/jpeg"}],"author":"redazione","twitter_card":"summary_large_image","twitter_creator":"@bellunopress","twitter_site":"@bellunopress","twitter_misc":{"\u00c9crit par":"redazione","Dur\u00e9e de lecture estim\u00e9e":"3 minutes"},"schema":{"@context":"https:\/\/schema.org","@graph":[{"@type":"Article","@id":"https:\/\/www.bellunopress.it\/2026\/06\/21\/villa-buzzati-celebra-un-doppio-anniversario-20-anni-di-giardino-buzzati-e-120-anni-dalla-nascita-di-dino\/#article","isPartOf":{"@id":"https:\/\/www.bellunopress.it\/2026\/06\/21\/villa-buzzati-celebra-un-doppio-anniversario-20-anni-di-giardino-buzzati-e-120-anni-dalla-nascita-di-dino\/"},"author":{"name":"redazione","@id":"https:\/\/www.bellunopress.it\/#\/schema\/person\/79bb06722b37ece1c03d3e94beb30d73"},"headline":"Villa Buzzati celebra un doppio anniversario: 20 anni di \u201cGiardino Buzzati\u201d e 120 anni dalla nascita di Dino","datePublished":"2026-06-21T09:32:18+00:00","mainEntityOfPage":{"@id":"https:\/\/www.bellunopress.it\/2026\/06\/21\/villa-buzzati-celebra-un-doppio-anniversario-20-anni-di-giardino-buzzati-e-120-anni-dalla-nascita-di-dino\/"},"wordCount":498,"publisher":{"@id":"https:\/\/www.bellunopress.it\/#organization"},"image":{"@id":"https:\/\/www.bellunopress.it\/2026\/06\/21\/villa-buzzati-celebra-un-doppio-anniversario-20-anni-di-giardino-buzzati-e-120-anni-dalla-nascita-di-dino\/#primaryimage"},"thumbnailUrl":"https:\/\/www.bellunopress.it\/wp-content\/uploads\/2026\/06\/Giardino-Buzzati.jpg","articleSection":["Appuntamenti, Eventi","Arte, Cultura, Spettacoli, Scienza","Pausa Caff\u00e8"],"inLanguage":"fr-FR"},{"@type":"WebPage","@id":"https:\/\/www.bellunopress.it\/2026\/06\/21\/villa-buzzati-celebra-un-doppio-anniversario-20-anni-di-giardino-buzzati-e-120-anni-dalla-nascita-di-dino\/","url":"https:\/\/www.bellunopress.it\/2026\/06\/21\/villa-buzzati-celebra-un-doppio-anniversario-20-anni-di-giardino-buzzati-e-120-anni-dalla-nascita-di-dino\/","name":"Villa Buzzati celebra un doppio anniversario: 20 anni di \u201cGiardino Buzzati\u201d e 120 anni dalla nascita di Dino - Bellunopress - Dolomiti","isPartOf":{"@id":"https:\/\/www.bellunopress.it\/#website"},"primaryImageOfPage":{"@id":"https:\/\/www.bellunopress.it\/2026\/06\/21\/villa-buzzati-celebra-un-doppio-anniversario-20-anni-di-giardino-buzzati-e-120-anni-dalla-nascita-di-dino\/#primaryimage"},"image":{"@id":"https:\/\/www.bellunopress.it\/2026\/06\/21\/villa-buzzati-celebra-un-doppio-anniversario-20-anni-di-giardino-buzzati-e-120-anni-dalla-nascita-di-dino\/#primaryimage"},"thumbnailUrl":"https:\/\/www.bellunopress.it\/wp-content\/uploads\/2026\/06\/Giardino-Buzzati.jpg","datePublished":"2026-06-21T09:32:18+00:00","breadcrumb":{"@id":"https:\/\/www.bellunopress.it\/2026\/06\/21\/villa-buzzati-celebra-un-doppio-anniversario-20-anni-di-giardino-buzzati-e-120-anni-dalla-nascita-di-dino\/#breadcrumb"},"inLanguage":"fr-FR","potentialAction":[{"@type":"ReadAction","target":["https:\/\/www.bellunopress.it\/2026\/06\/21\/villa-buzzati-celebra-un-doppio-anniversario-20-anni-di-giardino-buzzati-e-120-anni-dalla-nascita-di-dino\/"]}]},{"@type":"ImageObject","inLanguage":"fr-FR","@id":"https:\/\/www.bellunopress.it\/2026\/06\/21\/villa-buzzati-celebra-un-doppio-anniversario-20-anni-di-giardino-buzzati-e-120-anni-dalla-nascita-di-dino\/#primaryimage","url":"https:\/\/www.bellunopress.it\/wp-content\/uploads\/2026\/06\/Giardino-Buzzati.jpg","contentUrl":"https:\/\/www.bellunopress.it\/wp-content\/uploads\/2026\/06\/Giardino-Buzzati.jpg","width":500,"height":375,"caption":"Giardino Buzzati - Belluno"},{"@type":"BreadcrumbList","@id":"https:\/\/www.bellunopress.it\/2026\/06\/21\/villa-buzzati-celebra-un-doppio-anniversario-20-anni-di-giardino-buzzati-e-120-anni-dalla-nascita-di-dino\/#breadcrumb","itemListElement":[{"@type":"ListItem","position":1,"name":"Home","item":"https:\/\/www.bellunopress.it\/"},{"@type":"ListItem","position":2,"name":"Villa Buzzati celebra un doppio anniversario: 20 anni di \u201cGiardino Buzzati\u201d e 120 anni dalla nascita di Dino"}]},{"@type":"WebSite","@id":"https:\/\/www.bellunopress.it\/#website","url":"https:\/\/www.bellunopress.it\/","name":"Bellunopress - Dolomiti","description":"e-mail: redazione@bellunopress.it","publisher":{"@id":"https:\/\/www.bellunopress.it\/#organization"},"potentialAction":[{"@type":"SearchAction","target":{"@type":"EntryPoint","urlTemplate":"https:\/\/www.bellunopress.it\/?s={search_term_string}"},"query-input":{"@type":"PropertyValueSpecification","valueRequired":true,"valueName":"search_term_string"}}],"inLanguage":"fr-FR"},{"@type":"Organization","@id":"https:\/\/www.bellunopress.it\/#organization","name":"Bellunopress","url":"https:\/\/www.bellunopress.it\/","logo":{"@type":"ImageObject","inLanguage":"fr-FR","@id":"https:\/\/www.bellunopress.it\/#\/schema\/logo\/image\/","url":"https:\/\/www.bellunopress.it\/wp-content\/uploads\/2011\/05\/cropped-logo-bellunopress-.jpg","contentUrl":"https:\/\/www.bellunopress.it\/wp-content\/uploads\/2011\/05\/cropped-logo-bellunopress-.jpg","width":512,"height":512,"caption":"Bellunopress"},"image":{"@id":"https:\/\/www.bellunopress.it\/#\/schema\/logo\/image\/"},"sameAs":["https:\/\/www.facebook.com\/profile.php?id=100008943462799","https:\/\/x.com\/bellunopress","https:\/\/www.linkedin.com\/hp\/?dnr=JBzUWaJfMUw8vbXJJ2tVW5-I3jZKvC4wsoxE&amp;amp;amp;amp;amp;amp;trk=nav_responsive_tab_home","https:\/\/www.youtube.com\/channel\/UCxL0wu1uN0_3_7hGG0306cw"]},{"@type":"Person","@id":"https:\/\/www.bellunopress.it\/#\/schema\/person\/79bb06722b37ece1c03d3e94beb30d73","name":"r\u00e9daction","image":{"@type":"ImageObject","inLanguage":"fr-FR","@id":"https:\/\/secure.gravatar.com\/avatar\/37d968a2e67a6fd04c169c4bdef102d0bc5d31b2546345219e348575eb80e9a0?s=96&d=mm&r=g","url":"https:\/\/secure.gravatar.com\/avatar\/37d968a2e67a6fd04c169c4bdef102d0bc5d31b2546345219e348575eb80e9a0?s=96&d=mm&r=g","contentUrl":"https:\/\/secure.gravatar.com\/avatar\/37d968a2e67a6fd04c169c4bdef102d0bc5d31b2546345219e348575eb80e9a0?s=96&d=mm&r=g","caption":"redazione"},"sameAs":["http:\/\/www.bellunopress.it","https:\/\/x.com\/bellunopress"],"url":"https:\/\/www.bellunopress.it\/fr\/author\/redazione\/"}]}},"_links":{"self":[{"href":"https:\/\/www.bellunopress.it\/fr\/wp-json\/wp\/v2\/posts\/171117","targetHints":{"allow":["GET"]}}],"collection":[{"href":"https:\/\/www.bellunopress.it\/fr\/wp-json\/wp\/v2\/posts"}],"about":[{"href":"https:\/\/www.bellunopress.it\/fr\/wp-json\/wp\/v2\/types\/post"}],"author":[{"embeddable":true,"href":"https:\/\/www.bellunopress.it\/fr\/wp-json\/wp\/v2\/users\/2"}],"replies":[{"embeddable":true,"href":"https:\/\/www.bellunopress.it\/fr\/wp-json\/wp\/v2\/comments?post=171117"}],"version-history":[{"count":1,"href":"https:\/\/www.bellunopress.it\/fr\/wp-json\/wp\/v2\/posts\/171117\/revisions"}],"predecessor-version":[{"id":171119,"href":"https:\/\/www.bellunopress.it\/fr\/wp-json\/wp\/v2\/posts\/171117\/revisions\/171119"}],"wp:featuredmedia":[{"embeddable":true,"href":"https:\/\/www.bellunopress.it\/fr\/wp-json\/wp\/v2\/media\/171118"}],"wp:attachment":[{"href":"https:\/\/www.bellunopress.it\/fr\/wp-json\/wp\/v2\/media?parent=171117"}],"wp:term":[{"taxonomy":"category","embeddable":true,"href":"https:\/\/www.bellunopress.it\/fr\/wp-json\/wp\/v2\/categories?post=171117"},{"taxonomy":"post_tag","embeddable":true,"href":"https:\/\/www.bellunopress.it\/fr\/wp-json\/wp\/v2\/tags?post=171117"}],"curies":[{"name":"wp","href":"https:\/\/api.w.org\/{rel}","templated":true}]}}