{"id":171100,"date":"2026-06-20T14:51:12","date_gmt":"2026-06-20T12:51:12","guid":{"rendered":"https:\/\/www.bellunopress.it\/?p=171100"},"modified":"2026-06-20T18:02:05","modified_gmt":"2026-06-20T16:02:05","slug":"ginnastica-artistica-finale-world-cup-artica-dolomiti-conquista-30-podi","status":"publish","type":"post","link":"https:\/\/www.bellunopress.it\/fr\/2026\/06\/20\/ginnastica-artistica-finale-world-cup-artica-dolomiti-conquista-30-podi\/","title":{"rendered":"Ginnastica artistica, finale World Cup: Artica Dolomiti conquista 30 podi"},"content":{"rendered":"<p>Ricchissimo il bottino di podi che la squadra Artica Dolomiti di Belluno porta a casa dopo aver partecipato alla finale World Cup di ginnastica artistica svoltasi a Caorle (Venezia) sabato 6 e domenica 7 giugno 2026.<\/p>\n<p>Nonostante gi\u00e0 fossero importanti i risultati conquistati durante il campionato e dunque gi\u00e0 notevoli fossero state le soddisfazioni raggiunte nelle fasi di selezione, le ginnaste dell&#8217;Artica Dolomiti hanno saputo migliorarsi ulteriormente e lo hanno dimostrato in finale gareggiando con serenit\u00e0, ma anche con la determinazione e la sicurezza di ci\u00f2 che soprattutto nelle settimane precedenti la gara, erano riuscite a perfezionare.<\/p>\n<p>Il campionato Interregionale World Cup di ginnastica artistica \u00e8 stato organizzato dall&#8217;Ente Sportivo Associazione Italiana Cultura Sport Regione Veneto ed ha contato la partecipazione di circa 1400 ginnaste. Da questa numerosa cifra di atleti, si sono qualificate alla finale World Cup in 400 finaliste.<\/p>\n<p>La squadra bellunese Artica Dolomiti della Dolomiti Blog SSD con Presidente Davide Capponi, ha partecipato con 29 ginnaste preparate ed accompagnate in gara dall&#8217; istruttrice Cristina Riberto unitamente alle colleghe Manuela Salamon, Raffaella Da Re e Cristina Santafede.<\/p>\n<p>Alle ginnaste, dalla categoria Senior fino alla categoria Giovanissime, sono stati assegnati ben: 11 ORI, 6 ARGENTI, 5 BRONZI<br \/>\ned a tutte le piccine, in tenera et\u00e0 della categoria esordiente, sono stati consegnati 8 bei riconoscimenti.<\/p>\n<p><strong>Partendo dal livello Esperto2,<\/strong><\/p>\n<p>MARTINA MOROBIANCO (Senior 2009), con grande soddisfazione, ha ricevuto la coppa salendo sul 2\u00b0 gradino del podio nella classifica generale data dalla somma dei migliori tre attrezzi eseguiti, essendosi infatti meritatamente piazzata 1\u00b0 assoluta in trave, 1\u00b0 assoluta alle parallele, 3\u00b0 al volteggio ed anche 5\u00b0 al corpo libero.<\/p>\n<p>Continuando con le Senior al livello Esperto1, tutte si sono ulteriormente migliorate e:<\/p>\n<p>SARA DE BETTIO (2010) ha effettuato una buonissima gara in tutte le esibizioni eseguite ed ha ricevuto la coppa della 1\u00b0 qualificata in classifica generale evidenziandosi in particolare con l&#8217; oro assoluto alle parallele, la 3\u00b0 posizione assoluta alla trave e, a pari merito: la 3\u00b0 al volteggio e la 4\u00b0 al trampolino.<\/p>\n<p>SARA FONTANA (2009) ha ottenuto la coppa di 3\u00b0 classificata a pari merito di punteggio nella classifica generale.<br \/>\nHa ben migliorato la trave giungendo 2\u00b0 assoluta e, a pari merito, si \u00e8 posizionata 4\u00b0 sia al corpo libero che al trampolino e 5\u00b0 al volteggio.<\/p>\n<p>CATERINA PERISSINOTTO (2007) ha raggiunto la 3\u00b0 posizione assoluta nella classifica generale ottenendo anche 2 ori derivanti dalla 1\u00b0 posizione assoluta su due attrezzi. Sale infatti sul gradino pi\u00f9 alto del podio quale 1\u00b0 assoluta al volteggio ed inoltre, con pari merito di punteggio, risulta anche 1\u00b0 classificata al corpo libero. Nelle classifiche di specialit\u00e0, giunge 3\u00b0 alle parallele, 4\u00b0 alla trave e 5\u00b0al trampolino.<\/p>\n<p>MATILDE DAL FARRA (2010) sale per ben due volte sul podio classificandosi, nelle classifiche di specialit\u00e0 all&#8217; attrezzo, 1\u00b0 con l&#8217;oro alle parallele e 2\u00b0 con l&#8217;argento alla trave, oltre ad essere giunta anche 4\u00b0 a pari merito al corpo libero.<\/p>\n<p>RACHELE BALDOVIN (2010) conferma la sua solida preparazione alla trave ottenendo il bronzo di 3\u00b0 classificata ed inoltre si \u00e8 ben posizionata al volteggio.<\/p>\n<p><strong>Anche entrambe le Junior Esperto1 sono salite sul podio:<\/strong><\/p>\n<p>BEATRICE FIABANE (2012) ha ottenuto una doppietta di ori sulle classifiche per attrezzo, classificandosi 1\u00b0 sia alle parallele che al corpo libero e si \u00e8 piazzata 7\u00b0 alla trave.<\/p>\n<p>AURORA DAL FARRA (2011) ha raggiunto l&#8217;oro della 1\u00b0 posizione assoluta al volteggio ed anche lei ha ben svolto la trave.<\/p>\n<p><strong>Importanti risultati sono proseguiti anche con le Giovani Esperto1:<\/strong><\/p>\n<p>ANGELA LISTA (2013) \u00e8 ulteriormente migliorata rispetto alle qualificazioni ed ha vinto la coppa della 1\u00b0 posizione nella classifica generale, dimostrando completezza sui vari attrezzi presentati.<br \/>\nSi \u00e8 piazzata, infatti, 1\u00b0 assoluta al volteggio, 3\u00b0 assoluta in trave, 4\u00b0 al corpo libero e 6\u00b0 alle parallele.<\/p>\n<p>CARLOTTA CAVALET (2013) \u00e8 salita sul podio vincendo l&#8217;oro con la 1\u00b0 posizione nella classifica di specialit\u00e0 all&#8217;attrezzo del volteggio.<br \/>\nSi \u00e8 posizionata anche 4\u00b0 alle parallele e 7\u00b0 alla trave.<\/p>\n<p>MARTINA DA RONCHI (2013) migliorandosi al corpo libero, ha conquistato l&#8217;argento sul 2\u00b0 gradino del podio nella relativa classifica di specialit\u00e0 ed ha ricevuto anche il bronzo con la 3\u00b0posizione all&#8217;attrezzo delle parallele, oltre a posizionarsi 5\u00b0 a pari merito al trampolino.<\/p>\n<p>MARGHERITA FAVARO (2014) ha raggiunto la 7\u00b0 posizione sulla classifica per attrezzo al volteggio, l&#8217;8\u00b0 alle parallele e la 9\u00b0 al trampolino.<\/p>\n<p><strong>Continuando ulteriormente con il livello Esperto 1, alla categoria Ragazze,<\/strong><br \/>\nLUDOVICA SOMMACAL (2015) si \u00e8 classificata 4\u00b0 al volteggio con la 3\u00b0 posizione a pari merito di punteggio sulla classifica di specialit\u00e0 e si \u00e8 anche piazzata 7\u00b0 all&#8217;attrezzo del trampolino.<\/p>\n<p><strong>Passando al livello Intermedio 2<\/strong>, notevoli miglioramenti hanno visto protagoniste la categoria Ragazze:<\/p>\n<p>NICOLE MAZZUCCO (2016) ha svolto una buona gara su tutti gli attrezzi presentati e si \u00e8 infatti classificata 4\u00b0 a pari merito sulla classifica generale.<br \/>\nE&#8217; anche salita per ben due volte sul podio ottenendo l&#8217;oro sulla classifica di specialit\u00e0 alle parallele e l&#8217;argento con la 2\u00b0 posizione assoluta alla trave. All&#8217; attrezzo del trampolino si \u00e8 anche classificata 5\u00b0.<\/p>\n<p>ANGELICA SCARTON (2016) \u00e8 salita sul 3\u00b0 gradino del podio ricevendo il bronzo al corpo libero.<br \/>\nE&#8217; giunta anche 6\u00b0 nella classifica delle parallele e 7\u00b0 al trampolino.<\/p>\n<p>VERONICA RIZZO (2016), si \u00e8 posizionata 4\u00b0 nella classifica di specialit\u00e0 alle parallele, 5\u00b0 in quella del corpo libero e 8\u00b0 all&#8217; attrezzo trave.<\/p>\n<p>CHIARA ZAMPIERI (2016) ha ricevuto la medaglia classificandosi 1\u00b0 all&#8217; attrezzo della trave. ed ha anche raggiunto la 9\u00b0 posizione sulla classifica delle parallele.<\/p>\n<p><strong>I podi continuano anche con le Giovanissime Intermedio 2:<\/strong><\/p>\n<p>ISABEL LAMBERTI (2017) \u00e8 salita infatti sul 2\u00b0 gradino del podio ricevendo l&#8217;argento sulla classifica di specialit\u00e0 alle parallele ed ha ricevuto il bronzo con la 3\u00b0 posizione alla trave, oltre ad aver svolto un buon volteggio.<\/p>\n<p>REBECCA SCOLA (2017) ha ricevuto l&#8217;argento classificandosi alla 2\u00b0 posizione della classifica di specialit\u00e0 alla trave, si \u00e8 piazzata anche 5\u00b0 in quella delle parallele e 7\u00b0 a pari merito al trampolino.<\/p>\n<p>ARIANNA ZOLDAN (2017) si \u00e8 classificata 4\u00b0 all&#8217;attrezzo delle parallele ed ha svolto una buona prova alla trave.<\/p>\n<p>GRETA BALBINOT (2017) si \u00e8 ben classificata alle parallele ed ha svolto una buona prova al trampolino.<\/p>\n<p>Passando alle ginnaste in pi\u00f9 tenera et\u00e0, tutte le esordienti hanno ricevuto un favoloso riconoscimento individuale e, restando sul livello <strong>Intermedio 2<\/strong>, una bella grinta \u00e8 stata dimostrata da MATILDE BIANCHET (2021), la pi\u00f9 giovane del gruppo, che si \u00e8 cimentata in gara su ben quattro attrezzi ed ha eseguito delle buone prove in particolare al trampolino ed alle parallele.<\/p>\n<p>Belle soddisfazioni sono state raggiunte anche dalle <strong>Esordienti Base 2<\/strong>. Tutte hanno gareggiato su tre attrezzi ed hanno saputo dimostrare un buon atteggiamento gareggiando con serenit\u00e0, ma anche con impegno.<\/p>\n<p>AURORA TIPALDI (2020) ha dimostrato un notevole miglioramento ed ha eseguito una gara nel complesso molto buona sia a livello generale che in particolare al volteggio ed alla trave.<\/p>\n<p>Anche la compagna di squadra GIORGIA MARRA (2020) ha presentato grandi miglioramenti sia nel generale dei vari attrezzi che nel dettaglio su trave e trampolino.<\/p>\n<p>Lo stesso dicasi di MAYA TOMASI (2019) che ha saputo portare in gara un volteggio ben eseguito ed una buona trave.<\/p>\n<p>Alle prime esperienze, invece, si sono esibite le altre esordienti che hanno comunque tutte saputo eseguire bene le proprie prove ai vari attrezzi, in particolare:<br \/>\nROSA GRECUCCIO (2020) alla trave ed al volteggio,<br \/>\nVITTORIA VALT (2019) al trampolino ed al volteggio,<br \/>\nLUDOVICA TIPALDI (2019) al volteggio ed alla trave,<br \/>\nMARIA VIKTORIA RODIA (2019) al volteggio ed al trampolino.<\/p>\n<p>Pur garantendo un meritato riposo estivo nella 2\u00b0 settimana di giugno e in tutto agosto, la societ\u00e0 Aics Dolomiti Blog SSD ha organizzato anche vari allenamenti per il periodo estivo, a giugno e luglio, che si terranno al Centro Sportivo Spes Arena di Belluno.<\/p>\n<p>La gara di Caorle (Ve), ha permesso a tutte le ginnaste della squadra di condividere insieme l&#8217;esperienza della finale World Cup e di unire i tanti e notevoli risultati ottenuti da ogni componente dell&#8217;ARTICA DOLOMITI condividendoli, con grande felicit\u00e0, insieme a tutte le ginnaste del gruppo.<\/p>","protected":false},"excerpt":{"rendered":"<p>Ricchissimo il bottino di podi che la squadra Artica Dolomiti di Belluno porta a casa dopo aver partecipato alla finale World Cup di ginnastica artistica svoltasi a Caorle (Venezia) sabato 6 e domenica 7 giugno 2026. Nonostante gi\u00e0 fossero importanti i risultati conquistati durante il campionato e dunque gi\u00e0 notevoli fossero state le soddisfazioni raggiunte [&hellip;]<\/p>\n","protected":false},"author":2,"featured_media":171101,"comment_status":"closed","ping_status":"open","sticky":false,"template":"","format":"standard","meta":{"footnotes":""},"categories":[25,4],"tags":[],"class_list":["post-171100","post","type-post","status-publish","format-standard","has-post-thumbnail","category-pausa-caffe","category-sport"],"yoast_head":"<!-- This site is optimized with the Yoast SEO plugin v28.4 - https:\/\/yoast.com\/product\/yoast-seo-wordpress\/ -->\n<title>Ginnastica artistica, finale World Cup: Artica Dolomiti conquista 30 podi - Bellunopress - Dolomiti<\/title>\n<meta name=\"robots\" content=\"index, follow, max-snippet:-1, max-image-preview:large, max-video-preview:-1\" \/>\n<link rel=\"canonical\" href=\"https:\/\/www.bellunopress.it\/fr\/2026\/06\/20\/ginnastica-artistica-finale-world-cup-artica-dolomiti-conquista-30-podi\/\" \/>\n<meta property=\"og:locale\" content=\"fr_FR\" \/>\n<meta property=\"og:type\" content=\"article\" \/>\n<meta property=\"og:title\" content=\"Ginnastica artistica, finale World Cup: Artica Dolomiti conquista 30 podi - Bellunopress - Dolomiti\" \/>\n<meta property=\"og:description\" content=\"Ricchissimo il bottino di podi che la squadra Artica Dolomiti di Belluno porta a casa dopo aver partecipato alla finale World Cup di ginnastica artistica svoltasi a Caorle (Venezia) sabato 6 e domenica 7 giugno 2026. Nonostante gi\u00e0 fossero importanti i risultati conquistati durante il campionato e dunque gi\u00e0 notevoli fossero state le soddisfazioni raggiunte [&hellip;]\" \/>\n<meta property=\"og:url\" content=\"https:\/\/www.bellunopress.it\/fr\/2026\/06\/20\/ginnastica-artistica-finale-world-cup-artica-dolomiti-conquista-30-podi\/\" \/>\n<meta property=\"og:site_name\" content=\"Bellunopress - Dolomiti\" \/>\n<meta property=\"article:publisher\" content=\"https:\/\/www.facebook.com\/profile.php?id=100008943462799\" \/>\n<meta property=\"article:published_time\" content=\"2026-06-20T12:51:12+00:00\" \/>\n<meta property=\"article:modified_time\" content=\"2026-06-20T16:02:05+00:00\" \/>\n<meta property=\"og:image\" content=\"https:\/\/www.bellunopress.it\/wp-content\/uploads\/2026\/06\/Artica-Dolomiti.jpg\" \/>\n\t<meta property=\"og:image:width\" content=\"450\" \/>\n\t<meta property=\"og:image:height\" content=\"600\" \/>\n\t<meta property=\"og:image:type\" content=\"image\/jpeg\" \/>\n<meta name=\"author\" content=\"redazione\" \/>\n<meta name=\"twitter:card\" content=\"summary_large_image\" \/>\n<meta name=\"twitter:creator\" content=\"@bellunopress\" \/>\n<meta name=\"twitter:site\" content=\"@bellunopress\" \/>\n<meta name=\"twitter:label1\" content=\"\u00c9crit par\" \/>\n\t<meta name=\"twitter:data1\" content=\"redazione\" \/>\n\t<meta name=\"twitter:label2\" content=\"Dur\u00e9e de lecture estim\u00e9e\" \/>\n\t<meta name=\"twitter:data2\" content=\"8 minutes\" \/>\n<script type=\"application\/ld+json\" class=\"yoast-schema-graph\">{\"@context\":\"https:\\\/\\\/schema.org\",\"@graph\":[{\"@type\":\"Article\",\"@id\":\"https:\\\/\\\/www.bellunopress.it\\\/2026\\\/06\\\/20\\\/ginnastica-artistica-finale-world-cup-artica-dolomiti-conquista-30-podi\\\/#article\",\"isPartOf\":{\"@id\":\"https:\\\/\\\/www.bellunopress.it\\\/2026\\\/06\\\/20\\\/ginnastica-artistica-finale-world-cup-artica-dolomiti-conquista-30-podi\\\/\"},\"author\":{\"name\":\"redazione\",\"@id\":\"https:\\\/\\\/www.bellunopress.it\\\/#\\\/schema\\\/person\\\/79bb06722b37ece1c03d3e94beb30d73\"},\"headline\":\"Ginnastica artistica, finale World Cup: Artica Dolomiti conquista 30 podi\",\"datePublished\":\"2026-06-20T12:51:12+00:00\",\"dateModified\":\"2026-06-20T16:02:05+00:00\",\"mainEntityOfPage\":{\"@id\":\"https:\\\/\\\/www.bellunopress.it\\\/2026\\\/06\\\/20\\\/ginnastica-artistica-finale-world-cup-artica-dolomiti-conquista-30-podi\\\/\"},\"wordCount\":1236,\"publisher\":{\"@id\":\"https:\\\/\\\/www.bellunopress.it\\\/#organization\"},\"image\":{\"@id\":\"https:\\\/\\\/www.bellunopress.it\\\/2026\\\/06\\\/20\\\/ginnastica-artistica-finale-world-cup-artica-dolomiti-conquista-30-podi\\\/#primaryimage\"},\"thumbnailUrl\":\"https:\\\/\\\/www.bellunopress.it\\\/wp-content\\\/uploads\\\/2026\\\/06\\\/Artica-Dolomiti.jpg\",\"articleSection\":[\"Pausa Caff\u00e8\",\"Sport, tempo libero\"],\"inLanguage\":\"fr-FR\"},{\"@type\":\"WebPage\",\"@id\":\"https:\\\/\\\/www.bellunopress.it\\\/2026\\\/06\\\/20\\\/ginnastica-artistica-finale-world-cup-artica-dolomiti-conquista-30-podi\\\/\",\"url\":\"https:\\\/\\\/www.bellunopress.it\\\/2026\\\/06\\\/20\\\/ginnastica-artistica-finale-world-cup-artica-dolomiti-conquista-30-podi\\\/\",\"name\":\"Ginnastica artistica, finale World Cup: Artica Dolomiti conquista 30 podi - Bellunopress - Dolomiti\",\"isPartOf\":{\"@id\":\"https:\\\/\\\/www.bellunopress.it\\\/#website\"},\"primaryImageOfPage\":{\"@id\":\"https:\\\/\\\/www.bellunopress.it\\\/2026\\\/06\\\/20\\\/ginnastica-artistica-finale-world-cup-artica-dolomiti-conquista-30-podi\\\/#primaryimage\"},\"image\":{\"@id\":\"https:\\\/\\\/www.bellunopress.it\\\/2026\\\/06\\\/20\\\/ginnastica-artistica-finale-world-cup-artica-dolomiti-conquista-30-podi\\\/#primaryimage\"},\"thumbnailUrl\":\"https:\\\/\\\/www.bellunopress.it\\\/wp-content\\\/uploads\\\/2026\\\/06\\\/Artica-Dolomiti.jpg\",\"datePublished\":\"2026-06-20T12:51:12+00:00\",\"dateModified\":\"2026-06-20T16:02:05+00:00\",\"breadcrumb\":{\"@id\":\"https:\\\/\\\/www.bellunopress.it\\\/2026\\\/06\\\/20\\\/ginnastica-artistica-finale-world-cup-artica-dolomiti-conquista-30-podi\\\/#breadcrumb\"},\"inLanguage\":\"fr-FR\",\"potentialAction\":[{\"@type\":\"ReadAction\",\"target\":[\"https:\\\/\\\/www.bellunopress.it\\\/2026\\\/06\\\/20\\\/ginnastica-artistica-finale-world-cup-artica-dolomiti-conquista-30-podi\\\/\"]}]},{\"@type\":\"ImageObject\",\"inLanguage\":\"fr-FR\",\"@id\":\"https:\\\/\\\/www.bellunopress.it\\\/2026\\\/06\\\/20\\\/ginnastica-artistica-finale-world-cup-artica-dolomiti-conquista-30-podi\\\/#primaryimage\",\"url\":\"https:\\\/\\\/www.bellunopress.it\\\/wp-content\\\/uploads\\\/2026\\\/06\\\/Artica-Dolomiti.jpg\",\"contentUrl\":\"https:\\\/\\\/www.bellunopress.it\\\/wp-content\\\/uploads\\\/2026\\\/06\\\/Artica-Dolomiti.jpg\",\"width\":450,\"height\":600,\"caption\":\"Finale World Cup\"},{\"@type\":\"BreadcrumbList\",\"@id\":\"https:\\\/\\\/www.bellunopress.it\\\/2026\\\/06\\\/20\\\/ginnastica-artistica-finale-world-cup-artica-dolomiti-conquista-30-podi\\\/#breadcrumb\",\"itemListElement\":[{\"@type\":\"ListItem\",\"position\":1,\"name\":\"Home\",\"item\":\"https:\\\/\\\/www.bellunopress.it\\\/\"},{\"@type\":\"ListItem\",\"position\":2,\"name\":\"Ginnastica artistica, finale World Cup: Artica Dolomiti conquista 30 podi\"}]},{\"@type\":\"WebSite\",\"@id\":\"https:\\\/\\\/www.bellunopress.it\\\/#website\",\"url\":\"https:\\\/\\\/www.bellunopress.it\\\/\",\"name\":\"Bellunopress - Dolomiti\",\"description\":\"e-mail: redazione@bellunopress.it\",\"publisher\":{\"@id\":\"https:\\\/\\\/www.bellunopress.it\\\/#organization\"},\"potentialAction\":[{\"@type\":\"SearchAction\",\"target\":{\"@type\":\"EntryPoint\",\"urlTemplate\":\"https:\\\/\\\/www.bellunopress.it\\\/?s={search_term_string}\"},\"query-input\":{\"@type\":\"PropertyValueSpecification\",\"valueRequired\":true,\"valueName\":\"search_term_string\"}}],\"inLanguage\":\"fr-FR\"},{\"@type\":\"Organization\",\"@id\":\"https:\\\/\\\/www.bellunopress.it\\\/#organization\",\"name\":\"Bellunopress\",\"url\":\"https:\\\/\\\/www.bellunopress.it\\\/\",\"logo\":{\"@type\":\"ImageObject\",\"inLanguage\":\"fr-FR\",\"@id\":\"https:\\\/\\\/www.bellunopress.it\\\/#\\\/schema\\\/logo\\\/image\\\/\",\"url\":\"https:\\\/\\\/www.bellunopress.it\\\/wp-content\\\/uploads\\\/2011\\\/05\\\/cropped-logo-bellunopress-.jpg\",\"contentUrl\":\"https:\\\/\\\/www.bellunopress.it\\\/wp-content\\\/uploads\\\/2011\\\/05\\\/cropped-logo-bellunopress-.jpg\",\"width\":512,\"height\":512,\"caption\":\"Bellunopress\"},\"image\":{\"@id\":\"https:\\\/\\\/www.bellunopress.it\\\/#\\\/schema\\\/logo\\\/image\\\/\"},\"sameAs\":[\"https:\\\/\\\/www.facebook.com\\\/profile.php?id=100008943462799\",\"https:\\\/\\\/x.com\\\/bellunopress\",\"https:\\\/\\\/www.linkedin.com\\\/hp\\\/?dnr=JBzUWaJfMUw8vbXJJ2tVW5-I3jZKvC4wsoxE&amp;amp;amp;amp;amp;amp;trk=nav_responsive_tab_home\",\"https:\\\/\\\/www.youtube.com\\\/channel\\\/UCxL0wu1uN0_3_7hGG0306cw\"]},{\"@type\":\"Person\",\"@id\":\"https:\\\/\\\/www.bellunopress.it\\\/#\\\/schema\\\/person\\\/79bb06722b37ece1c03d3e94beb30d73\",\"name\":\"redazione\",\"image\":{\"@type\":\"ImageObject\",\"inLanguage\":\"fr-FR\",\"@id\":\"https:\\\/\\\/secure.gravatar.com\\\/avatar\\\/37d968a2e67a6fd04c169c4bdef102d0bc5d31b2546345219e348575eb80e9a0?s=96&d=mm&r=g\",\"url\":\"https:\\\/\\\/secure.gravatar.com\\\/avatar\\\/37d968a2e67a6fd04c169c4bdef102d0bc5d31b2546345219e348575eb80e9a0?s=96&d=mm&r=g\",\"contentUrl\":\"https:\\\/\\\/secure.gravatar.com\\\/avatar\\\/37d968a2e67a6fd04c169c4bdef102d0bc5d31b2546345219e348575eb80e9a0?s=96&d=mm&r=g\",\"caption\":\"redazione\"},\"sameAs\":[\"http:\\\/\\\/www.bellunopress.it\",\"https:\\\/\\\/x.com\\\/bellunopress\"],\"url\":\"https:\\\/\\\/www.bellunopress.it\\\/fr\\\/author\\\/redazione\\\/\"}]}<\/script>\n<!-- \/ Yoast SEO plugin. -->","yoast_head_json":{"title":"Ginnastica artistica, finale World Cup: Artica Dolomiti conquista 30 podi - Bellunopress - Dolomiti","robots":{"index":"index","follow":"follow","max-snippet":"max-snippet:-1","max-image-preview":"max-image-preview:large","max-video-preview":"max-video-preview:-1"},"canonical":"https:\/\/www.bellunopress.it\/fr\/2026\/06\/20\/ginnastica-artistica-finale-world-cup-artica-dolomiti-conquista-30-podi\/","og_locale":"fr_FR","og_type":"article","og_title":"Ginnastica artistica, finale World Cup: Artica Dolomiti conquista 30 podi - Bellunopress - Dolomiti","og_description":"Ricchissimo il bottino di podi che la squadra Artica Dolomiti di Belluno porta a casa dopo aver partecipato alla finale World Cup di ginnastica artistica svoltasi a Caorle (Venezia) sabato 6 e domenica 7 giugno 2026. Nonostante gi\u00e0 fossero importanti i risultati conquistati durante il campionato e dunque gi\u00e0 notevoli fossero state le soddisfazioni raggiunte [&hellip;]","og_url":"https:\/\/www.bellunopress.it\/fr\/2026\/06\/20\/ginnastica-artistica-finale-world-cup-artica-dolomiti-conquista-30-podi\/","og_site_name":"Bellunopress - Dolomiti","article_publisher":"https:\/\/www.facebook.com\/profile.php?id=100008943462799","article_published_time":"2026-06-20T12:51:12+00:00","article_modified_time":"2026-06-20T16:02:05+00:00","og_image":[{"width":450,"height":600,"url":"https:\/\/www.bellunopress.it\/wp-content\/uploads\/2026\/06\/Artica-Dolomiti.jpg","type":"image\/jpeg"}],"author":"redazione","twitter_card":"summary_large_image","twitter_creator":"@bellunopress","twitter_site":"@bellunopress","twitter_misc":{"\u00c9crit par":"redazione","Dur\u00e9e de lecture estim\u00e9e":"8 minutes"},"schema":{"@context":"https:\/\/schema.org","@graph":[{"@type":"Article","@id":"https:\/\/www.bellunopress.it\/2026\/06\/20\/ginnastica-artistica-finale-world-cup-artica-dolomiti-conquista-30-podi\/#article","isPartOf":{"@id":"https:\/\/www.bellunopress.it\/2026\/06\/20\/ginnastica-artistica-finale-world-cup-artica-dolomiti-conquista-30-podi\/"},"author":{"name":"redazione","@id":"https:\/\/www.bellunopress.it\/#\/schema\/person\/79bb06722b37ece1c03d3e94beb30d73"},"headline":"Ginnastica artistica, finale World Cup: Artica Dolomiti conquista 30 podi","datePublished":"2026-06-20T12:51:12+00:00","dateModified":"2026-06-20T16:02:05+00:00","mainEntityOfPage":{"@id":"https:\/\/www.bellunopress.it\/2026\/06\/20\/ginnastica-artistica-finale-world-cup-artica-dolomiti-conquista-30-podi\/"},"wordCount":1236,"publisher":{"@id":"https:\/\/www.bellunopress.it\/#organization"},"image":{"@id":"https:\/\/www.bellunopress.it\/2026\/06\/20\/ginnastica-artistica-finale-world-cup-artica-dolomiti-conquista-30-podi\/#primaryimage"},"thumbnailUrl":"https:\/\/www.bellunopress.it\/wp-content\/uploads\/2026\/06\/Artica-Dolomiti.jpg","articleSection":["Pausa Caff\u00e8","Sport, tempo libero"],"inLanguage":"fr-FR"},{"@type":"WebPage","@id":"https:\/\/www.bellunopress.it\/2026\/06\/20\/ginnastica-artistica-finale-world-cup-artica-dolomiti-conquista-30-podi\/","url":"https:\/\/www.bellunopress.it\/2026\/06\/20\/ginnastica-artistica-finale-world-cup-artica-dolomiti-conquista-30-podi\/","name":"Ginnastica artistica, finale World Cup: Artica Dolomiti conquista 30 podi - Bellunopress - Dolomiti","isPartOf":{"@id":"https:\/\/www.bellunopress.it\/#website"},"primaryImageOfPage":{"@id":"https:\/\/www.bellunopress.it\/2026\/06\/20\/ginnastica-artistica-finale-world-cup-artica-dolomiti-conquista-30-podi\/#primaryimage"},"image":{"@id":"https:\/\/www.bellunopress.it\/2026\/06\/20\/ginnastica-artistica-finale-world-cup-artica-dolomiti-conquista-30-podi\/#primaryimage"},"thumbnailUrl":"https:\/\/www.bellunopress.it\/wp-content\/uploads\/2026\/06\/Artica-Dolomiti.jpg","datePublished":"2026-06-20T12:51:12+00:00","dateModified":"2026-06-20T16:02:05+00:00","breadcrumb":{"@id":"https:\/\/www.bellunopress.it\/2026\/06\/20\/ginnastica-artistica-finale-world-cup-artica-dolomiti-conquista-30-podi\/#breadcrumb"},"inLanguage":"fr-FR","potentialAction":[{"@type":"ReadAction","target":["https:\/\/www.bellunopress.it\/2026\/06\/20\/ginnastica-artistica-finale-world-cup-artica-dolomiti-conquista-30-podi\/"]}]},{"@type":"ImageObject","inLanguage":"fr-FR","@id":"https:\/\/www.bellunopress.it\/2026\/06\/20\/ginnastica-artistica-finale-world-cup-artica-dolomiti-conquista-30-podi\/#primaryimage","url":"https:\/\/www.bellunopress.it\/wp-content\/uploads\/2026\/06\/Artica-Dolomiti.jpg","contentUrl":"https:\/\/www.bellunopress.it\/wp-content\/uploads\/2026\/06\/Artica-Dolomiti.jpg","width":450,"height":600,"caption":"Finale World Cup"},{"@type":"BreadcrumbList","@id":"https:\/\/www.bellunopress.it\/2026\/06\/20\/ginnastica-artistica-finale-world-cup-artica-dolomiti-conquista-30-podi\/#breadcrumb","itemListElement":[{"@type":"ListItem","position":1,"name":"Home","item":"https:\/\/www.bellunopress.it\/"},{"@type":"ListItem","position":2,"name":"Ginnastica artistica, finale World Cup: Artica Dolomiti conquista 30 podi"}]},{"@type":"WebSite","@id":"https:\/\/www.bellunopress.it\/#website","url":"https:\/\/www.bellunopress.it\/","name":"Bellunopress - Dolomiti","description":"e-mail: redazione@bellunopress.it","publisher":{"@id":"https:\/\/www.bellunopress.it\/#organization"},"potentialAction":[{"@type":"SearchAction","target":{"@type":"EntryPoint","urlTemplate":"https:\/\/www.bellunopress.it\/?s={search_term_string}"},"query-input":{"@type":"PropertyValueSpecification","valueRequired":true,"valueName":"search_term_string"}}],"inLanguage":"fr-FR"},{"@type":"Organization","@id":"https:\/\/www.bellunopress.it\/#organization","name":"Bellunopress","url":"https:\/\/www.bellunopress.it\/","logo":{"@type":"ImageObject","inLanguage":"fr-FR","@id":"https:\/\/www.bellunopress.it\/#\/schema\/logo\/image\/","url":"https:\/\/www.bellunopress.it\/wp-content\/uploads\/2011\/05\/cropped-logo-bellunopress-.jpg","contentUrl":"https:\/\/www.bellunopress.it\/wp-content\/uploads\/2011\/05\/cropped-logo-bellunopress-.jpg","width":512,"height":512,"caption":"Bellunopress"},"image":{"@id":"https:\/\/www.bellunopress.it\/#\/schema\/logo\/image\/"},"sameAs":["https:\/\/www.facebook.com\/profile.php?id=100008943462799","https:\/\/x.com\/bellunopress","https:\/\/www.linkedin.com\/hp\/?dnr=JBzUWaJfMUw8vbXJJ2tVW5-I3jZKvC4wsoxE&amp;amp;amp;amp;amp;amp;trk=nav_responsive_tab_home","https:\/\/www.youtube.com\/channel\/UCxL0wu1uN0_3_7hGG0306cw"]},{"@type":"Person","@id":"https:\/\/www.bellunopress.it\/#\/schema\/person\/79bb06722b37ece1c03d3e94beb30d73","name":"r\u00e9daction","image":{"@type":"ImageObject","inLanguage":"fr-FR","@id":"https:\/\/secure.gravatar.com\/avatar\/37d968a2e67a6fd04c169c4bdef102d0bc5d31b2546345219e348575eb80e9a0?s=96&d=mm&r=g","url":"https:\/\/secure.gravatar.com\/avatar\/37d968a2e67a6fd04c169c4bdef102d0bc5d31b2546345219e348575eb80e9a0?s=96&d=mm&r=g","contentUrl":"https:\/\/secure.gravatar.com\/avatar\/37d968a2e67a6fd04c169c4bdef102d0bc5d31b2546345219e348575eb80e9a0?s=96&d=mm&r=g","caption":"redazione"},"sameAs":["http:\/\/www.bellunopress.it","https:\/\/x.com\/bellunopress"],"url":"https:\/\/www.bellunopress.it\/fr\/author\/redazione\/"}]}},"_links":{"self":[{"href":"https:\/\/www.bellunopress.it\/fr\/wp-json\/wp\/v2\/posts\/171100","targetHints":{"allow":["GET"]}}],"collection":[{"href":"https:\/\/www.bellunopress.it\/fr\/wp-json\/wp\/v2\/posts"}],"about":[{"href":"https:\/\/www.bellunopress.it\/fr\/wp-json\/wp\/v2\/types\/post"}],"author":[{"embeddable":true,"href":"https:\/\/www.bellunopress.it\/fr\/wp-json\/wp\/v2\/users\/2"}],"replies":[{"embeddable":true,"href":"https:\/\/www.bellunopress.it\/fr\/wp-json\/wp\/v2\/comments?post=171100"}],"version-history":[{"count":4,"href":"https:\/\/www.bellunopress.it\/fr\/wp-json\/wp\/v2\/posts\/171100\/revisions"}],"predecessor-version":[{"id":171108,"href":"https:\/\/www.bellunopress.it\/fr\/wp-json\/wp\/v2\/posts\/171100\/revisions\/171108"}],"wp:featuredmedia":[{"embeddable":true,"href":"https:\/\/www.bellunopress.it\/fr\/wp-json\/wp\/v2\/media\/171101"}],"wp:attachment":[{"href":"https:\/\/www.bellunopress.it\/fr\/wp-json\/wp\/v2\/media?parent=171100"}],"wp:term":[{"taxonomy":"category","embeddable":true,"href":"https:\/\/www.bellunopress.it\/fr\/wp-json\/wp\/v2\/categories?post=171100"},{"taxonomy":"post_tag","embeddable":true,"href":"https:\/\/www.bellunopress.it\/fr\/wp-json\/wp\/v2\/tags?post=171100"}],"curies":[{"name":"wp","href":"https:\/\/api.w.org\/{rel}","templated":true}]}}