{"id":171096,"date":"2026-06-20T12:44:36","date_gmt":"2026-06-20T10:44:36","guid":{"rendered":"https:\/\/www.bellunopress.it\/?p=171096"},"modified":"2026-06-20T12:44:36","modified_gmt":"2026-06-20T10:44:36","slug":"i-guardiani-delle-spiagge-quando-i-gabbiani-diventano-le-sentinelle-delladriatico","status":"publish","type":"post","link":"https:\/\/www.bellunopress.it\/fr\/2026\/06\/20\/i-guardiani-delle-spiagge-quando-i-gabbiani-diventano-le-sentinelle-delladriatico\/","title":{"rendered":"I guardiani delle spiagge: quando i gabbiani diventano le sentinelle dell&#8217;Adriatico"},"content":{"rendered":"<p data-path-to-node=\"1\">Belluno, 20 giugno 2026 &#8211; Se nelle scorse settimane, tra le colline di <b data-path-to-node=\"1\" data-index-in-node=\"45\">Cusighe<\/b> a Belluno, abbiamo assistito alla &#8220;scuola di difesa&#8221; aerea delle cornacchie, non \u00e8 raro imbattersi in uno scenario analogo una volta raggiunte le coste del nostro Adriatico. In questo periodo dell&#8217;anno, le spiagge e le zone limitrofe si trasformano nel teatro di un\u2019operazione di protezione silenziosa ma visibile, orchestrata dai veri dominatori del litorale: i gabbiani.<\/p>\n<p data-path-to-node=\"2\">Proprio nel mese di giugno, infatti, il ciclo vitale di queste creature raggiunge una fase critica. I pulcini, usciti dal guscio, iniziano a esplorare il mondo, avventurandosi in goffe ma coraggiose <b data-path-to-node=\"2\" data-index-in-node=\"199\">prove di volo<\/b>. \u00c8 in questo frangente che l&#8217;istinto protettivo dei genitori si accende, trasformando pacifici (o meglio, opportunisti) frequentatori di spiagge in sentinelle inflessibili.<\/p>\n<p data-path-to-node=\"5\"><img loading=\"lazy\" decoding=\"async\" class=\"aligncenter size-full wp-image-171097\" src=\"https:\/\/www.bellunopress.it\/wp-content\/uploads\/2026\/06\/viale-alberato-mare.jpg\" alt=\"\" width=\"600\" height=\"450\" srcset=\"https:\/\/www.bellunopress.it\/wp-content\/uploads\/2026\/06\/viale-alberato-mare.jpg 600w, https:\/\/www.bellunopress.it\/wp-content\/uploads\/2026\/06\/viale-alberato-mare-500x375.jpg 500w, https:\/\/www.bellunopress.it\/wp-content\/uploads\/2026\/06\/viale-alberato-mare-560x420.jpg 560w, https:\/\/www.bellunopress.it\/wp-content\/uploads\/2026\/06\/viale-alberato-mare-80x60.jpg 80w, https:\/\/www.bellunopress.it\/wp-content\/uploads\/2026\/06\/viale-alberato-mare-150x113.jpg 150w, https:\/\/www.bellunopress.it\/wp-content\/uploads\/2026\/06\/viale-alberato-mare-300x225.jpg 300w\" sizes=\"auto, (max-width: 600px) 100vw, 600px\" \/><\/p>\n<p data-path-to-node=\"5\">Vi \u00e8 mai capitato di passeggiare lungo un viale e sentirvi improvvisamente presi di mira da una serie di picchiate aeree? Sappiate che non siete stati vittima di un attacco sconsiderato. I gabbiani, al pari dei corvidi bellunesi, applicano una strategia di dissuasione basata sul movimento:<\/p>\n<ul data-path-to-node=\"6\">\n<li>\n<p data-path-to-node=\"6,0,0\">Il picchiaggio mirato: il gabbiano si lancia verso l&#8217;intruso a velocit\u00e0 sostenuta, virando all&#8217;ultimo secondo e sfiorando la testa di chiunque si avvicini troppo al nido o al piccolo che sta provando a volare.<\/p>\n<\/li>\n<li>\n<p data-path-to-node=\"6,1,0\">La comunicazione del pericolo: questo gesto non mira a colpire, ma a creare un forte stress nell&#8217;intruso. \u00c8 un &#8220;segnale di divieto&#8221; visivo estremamente efficace. Il gabbiano sta comunicando chiaramente: <i data-path-to-node=\"6,1,0\" data-index-in-node=\"203\">&#8220;Ti ho visto, sei troppo vicino, allontanati immediatamente&#8221;<\/i>.<\/p>\n<\/li>\n<li>\n<p data-path-to-node=\"6,2,0\">Vocalizzazioni d&#8217;allarme: a differenza dei corvidi, che usano richiami metallici e rauchi, i gabbiani accompagnano le picchiate con urla stridule e incessanti. Questi versi servono a richiamare l&#8217;attenzione di altri membri della colonia, che spesso accorrono in aiuto, creando un &#8220;cordone di sicurezza&#8221; aereo attorno al punto critico.<\/p>\n<\/li>\n<\/ul>\n<p data-path-to-node=\"8\">Il mese di giugno rappresenta per le popolazioni di gabbiani dell&#8217;Adriatico il momento della massima vulnerabilit\u00e0. I piccoli non sono ancora pienamente autonomi e i genitori sanno che ogni potenziale minaccia \u2013 che sia un cane, un turista o un altro predatore \u2013 deve essere neutralizzata sul nascere.<\/p>\n<p data-path-to-node=\"9\">Sebbene la scena possa apparire intimidatoria, \u00e8 importante ricordare che non sono attacchi volontari. Il gabbiano non ha alcun interesse a colpirci fisicamente; il suo unico obiettivo \u00e8 la sopravvivenza della prole. La sua ostinazione \u00e8, in realt\u00e0, una forma estrema di dedizione genitoriale.<\/p>\n<p data-path-to-node=\"12\">Se vi accorgete di essere il bersaglio di queste manovre di avvertimento, la condotta da seguire \u00e8 semplice e dettata dal buon senso:<\/p>\n<ol start=\"1\" data-path-to-node=\"13\">\n<li>\n<p data-path-to-node=\"13,0,0\">Non reagire: non agitate le braccia e non cercate di scacciare gli uccelli, poich\u00e9 questo aumenterebbe solo il loro livello di allerta e aggressivit\u00e0.<\/p>\n<\/li>\n<li>\n<p data-path-to-node=\"13,1,0\">Allontanarsi lentamente: il modo migliore per far cessare il &#8220;bombardamento&#8221; \u00e8 aumentare la distanza dal nido o dal piccolo. Appena superata la zona di rispetto (spesso bastano pochi metri), il gabbiano smetter\u00e0 immediatamente le picchiate, riprendendo le sue normali attivit\u00e0.<\/p>\n<\/li>\n<li>\n<p data-path-to-node=\"13,2,0\">Osservare da lontano: se volete osservare le prove di volo dei piccoli, fatelo a debita distanza e magari con un binocolo. \u00c8 un momento affascinante della natura che merita di essere rispettato.<\/p>\n<\/li>\n<\/ol>\n<p data-path-to-node=\"14\">In definitiva, la difesa dei nidi sia che avvenga tra i boschi prealpini di Belluno, sia che avvenga tra le sabbie dell&#8217;Adriatico, ci insegna una lezione preziosa: la natura ha un linguaggio fatto di distanze e segnali. Imparare a leggerli \u00e8 il primo passo per una convivenza pi\u00f9 consapevole e rispettosa con la fauna che condivide con noi il territorio.<\/p>","protected":false},"excerpt":{"rendered":"<p>Belluno, 20 giugno 2026 &#8211; Se nelle scorse settimane, tra le colline di Cusighe a Belluno, abbiamo assistito alla &#8220;scuola di difesa&#8221; aerea delle cornacchie, non \u00e8 raro imbattersi in uno scenario analogo una volta raggiunte le coste del nostro Adriatico. In questo periodo dell&#8217;anno, le spiagge e le zone limitrofe si trasformano nel teatro [&hellip;]<\/p>\n","protected":false},"author":2,"featured_media":171098,"comment_status":"closed","ping_status":"open","sticky":false,"template":"","format":"standard","meta":{"footnotes":""},"categories":[38,25],"tags":[],"class_list":["post-171096","post","type-post","status-publish","format-standard","has-post-thumbnail","category-natura-ambiente","category-pausa-caffe"],"yoast_head":"<!-- This site is optimized with the Yoast SEO plugin v28.4 - https:\/\/yoast.com\/product\/yoast-seo-wordpress\/ -->\n<title>I guardiani delle spiagge: quando i gabbiani diventano le sentinelle dell&#039;Adriatico - Bellunopress - Dolomiti<\/title>\n<meta name=\"robots\" content=\"index, follow, max-snippet:-1, max-image-preview:large, max-video-preview:-1\" \/>\n<link rel=\"canonical\" href=\"https:\/\/www.bellunopress.it\/fr\/2026\/06\/20\/i-guardiani-delle-spiagge-quando-i-gabbiani-diventano-le-sentinelle-delladriatico\/\" \/>\n<meta property=\"og:locale\" content=\"fr_FR\" \/>\n<meta property=\"og:type\" content=\"article\" \/>\n<meta property=\"og:title\" content=\"I guardiani delle spiagge: quando i gabbiani diventano le sentinelle dell&#039;Adriatico - Bellunopress - Dolomiti\" \/>\n<meta property=\"og:description\" content=\"Belluno, 20 giugno 2026 &#8211; Se nelle scorse settimane, tra le colline di Cusighe a Belluno, abbiamo assistito alla &#8220;scuola di difesa&#8221; aerea delle cornacchie, non \u00e8 raro imbattersi in uno scenario analogo una volta raggiunte le coste del nostro Adriatico. In questo periodo dell&#8217;anno, le spiagge e le zone limitrofe si trasformano nel teatro [&hellip;]\" \/>\n<meta property=\"og:url\" content=\"https:\/\/www.bellunopress.it\/fr\/2026\/06\/20\/i-guardiani-delle-spiagge-quando-i-gabbiani-diventano-le-sentinelle-delladriatico\/\" \/>\n<meta property=\"og:site_name\" content=\"Bellunopress - Dolomiti\" \/>\n<meta property=\"article:publisher\" content=\"https:\/\/www.facebook.com\/profile.php?id=100008943462799\" \/>\n<meta property=\"article:published_time\" content=\"2026-06-20T10:44:36+00:00\" \/>\n<meta property=\"og:image\" content=\"https:\/\/www.bellunopress.it\/wp-content\/uploads\/2026\/06\/gabbiano-in-picchiata.jpg\" \/>\n\t<meta property=\"og:image:width\" content=\"600\" \/>\n\t<meta property=\"og:image:height\" content=\"451\" \/>\n\t<meta property=\"og:image:type\" content=\"image\/jpeg\" \/>\n<meta name=\"author\" content=\"redazione\" \/>\n<meta name=\"twitter:card\" content=\"summary_large_image\" \/>\n<meta name=\"twitter:creator\" content=\"@bellunopress\" \/>\n<meta name=\"twitter:site\" content=\"@bellunopress\" \/>\n<meta name=\"twitter:label1\" content=\"Written by\" \/>\n\t<meta name=\"twitter:data1\" content=\"redazione\" \/>\n\t<meta name=\"twitter:label2\" content=\"Est. reading time\" \/>\n\t<meta name=\"twitter:data2\" content=\"4 minutes\" \/>\n<script type=\"application\/ld+json\" class=\"yoast-schema-graph\">{\"@context\":\"https:\\\/\\\/schema.org\",\"@graph\":[{\"@type\":\"Article\",\"@id\":\"https:\\\/\\\/www.bellunopress.it\\\/2026\\\/06\\\/20\\\/i-guardiani-delle-spiagge-quando-i-gabbiani-diventano-le-sentinelle-delladriatico\\\/#article\",\"isPartOf\":{\"@id\":\"https:\\\/\\\/www.bellunopress.it\\\/2026\\\/06\\\/20\\\/i-guardiani-delle-spiagge-quando-i-gabbiani-diventano-le-sentinelle-delladriatico\\\/\"},\"author\":{\"name\":\"redazione\",\"@id\":\"https:\\\/\\\/www.bellunopress.it\\\/#\\\/schema\\\/person\\\/79bb06722b37ece1c03d3e94beb30d73\"},\"headline\":\"I guardiani delle spiagge: quando i gabbiani diventano le sentinelle dell&#8217;Adriatico\",\"datePublished\":\"2026-06-20T10:44:36+00:00\",\"mainEntityOfPage\":{\"@id\":\"https:\\\/\\\/www.bellunopress.it\\\/2026\\\/06\\\/20\\\/i-guardiani-delle-spiagge-quando-i-gabbiani-diventano-le-sentinelle-delladriatico\\\/\"},\"wordCount\":570,\"publisher\":{\"@id\":\"https:\\\/\\\/www.bellunopress.it\\\/#organization\"},\"image\":{\"@id\":\"https:\\\/\\\/www.bellunopress.it\\\/2026\\\/06\\\/20\\\/i-guardiani-delle-spiagge-quando-i-gabbiani-diventano-le-sentinelle-delladriatico\\\/#primaryimage\"},\"thumbnailUrl\":\"https:\\\/\\\/www.bellunopress.it\\\/wp-content\\\/uploads\\\/2026\\\/06\\\/gabbiano-in-picchiata.jpg\",\"articleSection\":[\"Meteo, natura, ambiente, animali\",\"Pausa Caff\u00e8\"],\"inLanguage\":\"fr-FR\"},{\"@type\":\"WebPage\",\"@id\":\"https:\\\/\\\/www.bellunopress.it\\\/2026\\\/06\\\/20\\\/i-guardiani-delle-spiagge-quando-i-gabbiani-diventano-le-sentinelle-delladriatico\\\/\",\"url\":\"https:\\\/\\\/www.bellunopress.it\\\/2026\\\/06\\\/20\\\/i-guardiani-delle-spiagge-quando-i-gabbiani-diventano-le-sentinelle-delladriatico\\\/\",\"name\":\"I guardiani delle spiagge: quando i gabbiani diventano le sentinelle dell'Adriatico - Bellunopress - Dolomiti\",\"isPartOf\":{\"@id\":\"https:\\\/\\\/www.bellunopress.it\\\/#website\"},\"primaryImageOfPage\":{\"@id\":\"https:\\\/\\\/www.bellunopress.it\\\/2026\\\/06\\\/20\\\/i-guardiani-delle-spiagge-quando-i-gabbiani-diventano-le-sentinelle-delladriatico\\\/#primaryimage\"},\"image\":{\"@id\":\"https:\\\/\\\/www.bellunopress.it\\\/2026\\\/06\\\/20\\\/i-guardiani-delle-spiagge-quando-i-gabbiani-diventano-le-sentinelle-delladriatico\\\/#primaryimage\"},\"thumbnailUrl\":\"https:\\\/\\\/www.bellunopress.it\\\/wp-content\\\/uploads\\\/2026\\\/06\\\/gabbiano-in-picchiata.jpg\",\"datePublished\":\"2026-06-20T10:44:36+00:00\",\"breadcrumb\":{\"@id\":\"https:\\\/\\\/www.bellunopress.it\\\/2026\\\/06\\\/20\\\/i-guardiani-delle-spiagge-quando-i-gabbiani-diventano-le-sentinelle-delladriatico\\\/#breadcrumb\"},\"inLanguage\":\"fr-FR\",\"potentialAction\":[{\"@type\":\"ReadAction\",\"target\":[\"https:\\\/\\\/www.bellunopress.it\\\/2026\\\/06\\\/20\\\/i-guardiani-delle-spiagge-quando-i-gabbiani-diventano-le-sentinelle-delladriatico\\\/\"]}]},{\"@type\":\"ImageObject\",\"inLanguage\":\"fr-FR\",\"@id\":\"https:\\\/\\\/www.bellunopress.it\\\/2026\\\/06\\\/20\\\/i-guardiani-delle-spiagge-quando-i-gabbiani-diventano-le-sentinelle-delladriatico\\\/#primaryimage\",\"url\":\"https:\\\/\\\/www.bellunopress.it\\\/wp-content\\\/uploads\\\/2026\\\/06\\\/gabbiano-in-picchiata.jpg\",\"contentUrl\":\"https:\\\/\\\/www.bellunopress.it\\\/wp-content\\\/uploads\\\/2026\\\/06\\\/gabbiano-in-picchiata.jpg\",\"width\":600,\"height\":451},{\"@type\":\"BreadcrumbList\",\"@id\":\"https:\\\/\\\/www.bellunopress.it\\\/2026\\\/06\\\/20\\\/i-guardiani-delle-spiagge-quando-i-gabbiani-diventano-le-sentinelle-delladriatico\\\/#breadcrumb\",\"itemListElement\":[{\"@type\":\"ListItem\",\"position\":1,\"name\":\"Home\",\"item\":\"https:\\\/\\\/www.bellunopress.it\\\/\"},{\"@type\":\"ListItem\",\"position\":2,\"name\":\"I guardiani delle spiagge: quando i gabbiani diventano le sentinelle dell&#8217;Adriatico\"}]},{\"@type\":\"WebSite\",\"@id\":\"https:\\\/\\\/www.bellunopress.it\\\/#website\",\"url\":\"https:\\\/\\\/www.bellunopress.it\\\/\",\"name\":\"Bellunopress - Dolomiti\",\"description\":\"e-mail: redazione@bellunopress.it\",\"publisher\":{\"@id\":\"https:\\\/\\\/www.bellunopress.it\\\/#organization\"},\"potentialAction\":[{\"@type\":\"SearchAction\",\"target\":{\"@type\":\"EntryPoint\",\"urlTemplate\":\"https:\\\/\\\/www.bellunopress.it\\\/?s={search_term_string}\"},\"query-input\":{\"@type\":\"PropertyValueSpecification\",\"valueRequired\":true,\"valueName\":\"search_term_string\"}}],\"inLanguage\":\"fr-FR\"},{\"@type\":\"Organization\",\"@id\":\"https:\\\/\\\/www.bellunopress.it\\\/#organization\",\"name\":\"Bellunopress\",\"url\":\"https:\\\/\\\/www.bellunopress.it\\\/\",\"logo\":{\"@type\":\"ImageObject\",\"inLanguage\":\"fr-FR\",\"@id\":\"https:\\\/\\\/www.bellunopress.it\\\/#\\\/schema\\\/logo\\\/image\\\/\",\"url\":\"https:\\\/\\\/www.bellunopress.it\\\/wp-content\\\/uploads\\\/2011\\\/05\\\/cropped-logo-bellunopress-.jpg\",\"contentUrl\":\"https:\\\/\\\/www.bellunopress.it\\\/wp-content\\\/uploads\\\/2011\\\/05\\\/cropped-logo-bellunopress-.jpg\",\"width\":512,\"height\":512,\"caption\":\"Bellunopress\"},\"image\":{\"@id\":\"https:\\\/\\\/www.bellunopress.it\\\/#\\\/schema\\\/logo\\\/image\\\/\"},\"sameAs\":[\"https:\\\/\\\/www.facebook.com\\\/profile.php?id=100008943462799\",\"https:\\\/\\\/x.com\\\/bellunopress\",\"https:\\\/\\\/www.linkedin.com\\\/hp\\\/?dnr=JBzUWaJfMUw8vbXJJ2tVW5-I3jZKvC4wsoxE&amp;amp;amp;amp;amp;amp;trk=nav_responsive_tab_home\",\"https:\\\/\\\/www.youtube.com\\\/channel\\\/UCxL0wu1uN0_3_7hGG0306cw\"]},{\"@type\":\"Person\",\"@id\":\"https:\\\/\\\/www.bellunopress.it\\\/#\\\/schema\\\/person\\\/79bb06722b37ece1c03d3e94beb30d73\",\"name\":\"redazione\",\"image\":{\"@type\":\"ImageObject\",\"inLanguage\":\"fr-FR\",\"@id\":\"https:\\\/\\\/secure.gravatar.com\\\/avatar\\\/37d968a2e67a6fd04c169c4bdef102d0bc5d31b2546345219e348575eb80e9a0?s=96&d=mm&r=g\",\"url\":\"https:\\\/\\\/secure.gravatar.com\\\/avatar\\\/37d968a2e67a6fd04c169c4bdef102d0bc5d31b2546345219e348575eb80e9a0?s=96&d=mm&r=g\",\"contentUrl\":\"https:\\\/\\\/secure.gravatar.com\\\/avatar\\\/37d968a2e67a6fd04c169c4bdef102d0bc5d31b2546345219e348575eb80e9a0?s=96&d=mm&r=g\",\"caption\":\"redazione\"},\"sameAs\":[\"http:\\\/\\\/www.bellunopress.it\",\"https:\\\/\\\/x.com\\\/bellunopress\"],\"url\":\"https:\\\/\\\/www.bellunopress.it\\\/fr\\\/author\\\/redazione\\\/\"}]}<\/script>\n<!-- \/ Yoast SEO plugin. -->","yoast_head_json":{"title":"I guardiani delle spiagge: quando i gabbiani diventano le sentinelle dell'Adriatico - Bellunopress - Dolomiti","robots":{"index":"index","follow":"follow","max-snippet":"max-snippet:-1","max-image-preview":"max-image-preview:large","max-video-preview":"max-video-preview:-1"},"canonical":"https:\/\/www.bellunopress.it\/fr\/2026\/06\/20\/i-guardiani-delle-spiagge-quando-i-gabbiani-diventano-le-sentinelle-delladriatico\/","og_locale":"fr_FR","og_type":"article","og_title":"I guardiani delle spiagge: quando i gabbiani diventano le sentinelle dell'Adriatico - Bellunopress - Dolomiti","og_description":"Belluno, 20 giugno 2026 &#8211; Se nelle scorse settimane, tra le colline di Cusighe a Belluno, abbiamo assistito alla &#8220;scuola di difesa&#8221; aerea delle cornacchie, non \u00e8 raro imbattersi in uno scenario analogo una volta raggiunte le coste del nostro Adriatico. In questo periodo dell&#8217;anno, le spiagge e le zone limitrofe si trasformano nel teatro [&hellip;]","og_url":"https:\/\/www.bellunopress.it\/fr\/2026\/06\/20\/i-guardiani-delle-spiagge-quando-i-gabbiani-diventano-le-sentinelle-delladriatico\/","og_site_name":"Bellunopress - Dolomiti","article_publisher":"https:\/\/www.facebook.com\/profile.php?id=100008943462799","article_published_time":"2026-06-20T10:44:36+00:00","og_image":[{"width":600,"height":451,"url":"https:\/\/www.bellunopress.it\/wp-content\/uploads\/2026\/06\/gabbiano-in-picchiata.jpg","type":"image\/jpeg"}],"author":"redazione","twitter_card":"summary_large_image","twitter_creator":"@bellunopress","twitter_site":"@bellunopress","twitter_misc":{"Written by":"redazione","Est. reading time":"4 minutes"},"schema":{"@context":"https:\/\/schema.org","@graph":[{"@type":"Article","@id":"https:\/\/www.bellunopress.it\/2026\/06\/20\/i-guardiani-delle-spiagge-quando-i-gabbiani-diventano-le-sentinelle-delladriatico\/#article","isPartOf":{"@id":"https:\/\/www.bellunopress.it\/2026\/06\/20\/i-guardiani-delle-spiagge-quando-i-gabbiani-diventano-le-sentinelle-delladriatico\/"},"author":{"name":"redazione","@id":"https:\/\/www.bellunopress.it\/#\/schema\/person\/79bb06722b37ece1c03d3e94beb30d73"},"headline":"I guardiani delle spiagge: quando i gabbiani diventano le sentinelle dell&#8217;Adriatico","datePublished":"2026-06-20T10:44:36+00:00","mainEntityOfPage":{"@id":"https:\/\/www.bellunopress.it\/2026\/06\/20\/i-guardiani-delle-spiagge-quando-i-gabbiani-diventano-le-sentinelle-delladriatico\/"},"wordCount":570,"publisher":{"@id":"https:\/\/www.bellunopress.it\/#organization"},"image":{"@id":"https:\/\/www.bellunopress.it\/2026\/06\/20\/i-guardiani-delle-spiagge-quando-i-gabbiani-diventano-le-sentinelle-delladriatico\/#primaryimage"},"thumbnailUrl":"https:\/\/www.bellunopress.it\/wp-content\/uploads\/2026\/06\/gabbiano-in-picchiata.jpg","articleSection":["Meteo, natura, ambiente, animali","Pausa Caff\u00e8"],"inLanguage":"fr-FR"},{"@type":"WebPage","@id":"https:\/\/www.bellunopress.it\/2026\/06\/20\/i-guardiani-delle-spiagge-quando-i-gabbiani-diventano-le-sentinelle-delladriatico\/","url":"https:\/\/www.bellunopress.it\/2026\/06\/20\/i-guardiani-delle-spiagge-quando-i-gabbiani-diventano-le-sentinelle-delladriatico\/","name":"I guardiani delle spiagge: quando i gabbiani diventano le sentinelle dell'Adriatico - Bellunopress - Dolomiti","isPartOf":{"@id":"https:\/\/www.bellunopress.it\/#website"},"primaryImageOfPage":{"@id":"https:\/\/www.bellunopress.it\/2026\/06\/20\/i-guardiani-delle-spiagge-quando-i-gabbiani-diventano-le-sentinelle-delladriatico\/#primaryimage"},"image":{"@id":"https:\/\/www.bellunopress.it\/2026\/06\/20\/i-guardiani-delle-spiagge-quando-i-gabbiani-diventano-le-sentinelle-delladriatico\/#primaryimage"},"thumbnailUrl":"https:\/\/www.bellunopress.it\/wp-content\/uploads\/2026\/06\/gabbiano-in-picchiata.jpg","datePublished":"2026-06-20T10:44:36+00:00","breadcrumb":{"@id":"https:\/\/www.bellunopress.it\/2026\/06\/20\/i-guardiani-delle-spiagge-quando-i-gabbiani-diventano-le-sentinelle-delladriatico\/#breadcrumb"},"inLanguage":"fr-FR","potentialAction":[{"@type":"ReadAction","target":["https:\/\/www.bellunopress.it\/2026\/06\/20\/i-guardiani-delle-spiagge-quando-i-gabbiani-diventano-le-sentinelle-delladriatico\/"]}]},{"@type":"ImageObject","inLanguage":"fr-FR","@id":"https:\/\/www.bellunopress.it\/2026\/06\/20\/i-guardiani-delle-spiagge-quando-i-gabbiani-diventano-le-sentinelle-delladriatico\/#primaryimage","url":"https:\/\/www.bellunopress.it\/wp-content\/uploads\/2026\/06\/gabbiano-in-picchiata.jpg","contentUrl":"https:\/\/www.bellunopress.it\/wp-content\/uploads\/2026\/06\/gabbiano-in-picchiata.jpg","width":600,"height":451},{"@type":"BreadcrumbList","@id":"https:\/\/www.bellunopress.it\/2026\/06\/20\/i-guardiani-delle-spiagge-quando-i-gabbiani-diventano-le-sentinelle-delladriatico\/#breadcrumb","itemListElement":[{"@type":"ListItem","position":1,"name":"Home","item":"https:\/\/www.bellunopress.it\/"},{"@type":"ListItem","position":2,"name":"I guardiani delle spiagge: quando i gabbiani diventano le sentinelle dell&#8217;Adriatico"}]},{"@type":"WebSite","@id":"https:\/\/www.bellunopress.it\/#website","url":"https:\/\/www.bellunopress.it\/","name":"Bellunopress - Dolomiti","description":"e-mail: redazione@bellunopress.it","publisher":{"@id":"https:\/\/www.bellunopress.it\/#organization"},"potentialAction":[{"@type":"SearchAction","target":{"@type":"EntryPoint","urlTemplate":"https:\/\/www.bellunopress.it\/?s={search_term_string}"},"query-input":{"@type":"PropertyValueSpecification","valueRequired":true,"valueName":"search_term_string"}}],"inLanguage":"fr-FR"},{"@type":"Organization","@id":"https:\/\/www.bellunopress.it\/#organization","name":"Bellunopress","url":"https:\/\/www.bellunopress.it\/","logo":{"@type":"ImageObject","inLanguage":"fr-FR","@id":"https:\/\/www.bellunopress.it\/#\/schema\/logo\/image\/","url":"https:\/\/www.bellunopress.it\/wp-content\/uploads\/2011\/05\/cropped-logo-bellunopress-.jpg","contentUrl":"https:\/\/www.bellunopress.it\/wp-content\/uploads\/2011\/05\/cropped-logo-bellunopress-.jpg","width":512,"height":512,"caption":"Bellunopress"},"image":{"@id":"https:\/\/www.bellunopress.it\/#\/schema\/logo\/image\/"},"sameAs":["https:\/\/www.facebook.com\/profile.php?id=100008943462799","https:\/\/x.com\/bellunopress","https:\/\/www.linkedin.com\/hp\/?dnr=JBzUWaJfMUw8vbXJJ2tVW5-I3jZKvC4wsoxE&amp;amp;amp;amp;amp;amp;trk=nav_responsive_tab_home","https:\/\/www.youtube.com\/channel\/UCxL0wu1uN0_3_7hGG0306cw"]},{"@type":"Person","@id":"https:\/\/www.bellunopress.it\/#\/schema\/person\/79bb06722b37ece1c03d3e94beb30d73","name":"r\u00e9daction","image":{"@type":"ImageObject","inLanguage":"fr-FR","@id":"https:\/\/secure.gravatar.com\/avatar\/37d968a2e67a6fd04c169c4bdef102d0bc5d31b2546345219e348575eb80e9a0?s=96&d=mm&r=g","url":"https:\/\/secure.gravatar.com\/avatar\/37d968a2e67a6fd04c169c4bdef102d0bc5d31b2546345219e348575eb80e9a0?s=96&d=mm&r=g","contentUrl":"https:\/\/secure.gravatar.com\/avatar\/37d968a2e67a6fd04c169c4bdef102d0bc5d31b2546345219e348575eb80e9a0?s=96&d=mm&r=g","caption":"redazione"},"sameAs":["http:\/\/www.bellunopress.it","https:\/\/x.com\/bellunopress"],"url":"https:\/\/www.bellunopress.it\/fr\/author\/redazione\/"}]}},"_links":{"self":[{"href":"https:\/\/www.bellunopress.it\/fr\/wp-json\/wp\/v2\/posts\/171096","targetHints":{"allow":["GET"]}}],"collection":[{"href":"https:\/\/www.bellunopress.it\/fr\/wp-json\/wp\/v2\/posts"}],"about":[{"href":"https:\/\/www.bellunopress.it\/fr\/wp-json\/wp\/v2\/types\/post"}],"author":[{"embeddable":true,"href":"https:\/\/www.bellunopress.it\/fr\/wp-json\/wp\/v2\/users\/2"}],"replies":[{"embeddable":true,"href":"https:\/\/www.bellunopress.it\/fr\/wp-json\/wp\/v2\/comments?post=171096"}],"version-history":[{"count":1,"href":"https:\/\/www.bellunopress.it\/fr\/wp-json\/wp\/v2\/posts\/171096\/revisions"}],"predecessor-version":[{"id":171099,"href":"https:\/\/www.bellunopress.it\/fr\/wp-json\/wp\/v2\/posts\/171096\/revisions\/171099"}],"wp:featuredmedia":[{"embeddable":true,"href":"https:\/\/www.bellunopress.it\/fr\/wp-json\/wp\/v2\/media\/171098"}],"wp:attachment":[{"href":"https:\/\/www.bellunopress.it\/fr\/wp-json\/wp\/v2\/media?parent=171096"}],"wp:term":[{"taxonomy":"category","embeddable":true,"href":"https:\/\/www.bellunopress.it\/fr\/wp-json\/wp\/v2\/categories?post=171096"},{"taxonomy":"post_tag","embeddable":true,"href":"https:\/\/www.bellunopress.it\/fr\/wp-json\/wp\/v2\/tags?post=171096"}],"curies":[{"name":"wp","href":"https:\/\/api.w.org\/{rel}","templated":true}]}}