{"id":171086,"date":"2026-06-19T20:32:14","date_gmt":"2026-06-19T18:32:14","guid":{"rendered":"https:\/\/www.bellunopress.it\/?p=171086"},"modified":"2026-06-19T20:33:38","modified_gmt":"2026-06-19T18:33:38","slug":"sanita-lettera-aperta-del-sindaco-di-danta","status":"publish","type":"post","link":"https:\/\/www.bellunopress.it\/fr\/2026\/06\/19\/sanita-lettera-aperta-del-sindaco-di-danta\/","title":{"rendered":"Sanit\u00e0. Lettera aperta del sindaco di Danta"},"content":{"rendered":"<p>Sono costretto, mio malgrado, a scrivere queste righe in risposta ad alcuni attacchi ricevuti da alcuni colleghi a seguito degli eventi accaduti durante la scorsa Conferenza dei Sindaci.<\/p>\n<p>Sono amareggiato di leggere tante falsit\u00e0 sui fatti accaduti in Conferenza: come rappresentanti di Giovani&amp;Futuro non abbiamo chiesto nulla di pi\u00f9 di rispettare i regolamenti in vigore e rispettare la libert\u00e0 di opinione di ognuno. Credo sia legittimo avere uno sguardo e un&#8217;opinione diversa dagli altri: ritengo che il mio ruolo sia rappresentare nelle sedi opportune le difficolt\u00e0 che mi vengono raccontate dalle persone e, in virt\u00f9 di questo, credo di essere legittimato ad esprimermi nel modo e nelle forme che ritengo pi\u00f9 corrette per rappresentare questi disagi.<\/p>\n<p>Alcuni colleghi sostengono che un voto non eccellente equivalga ad alimentare la diffidenza nella sanit\u00e0: io credo invece sia un modo per dimostrare ai nostri cittadini che portiamo nelle sedi decisionali i loro problemi reali e che non vogliamo fermarci ai numeri e ai grafici. Per me e per Giovani&amp;Futuro, da sempre, contano le persone prima dei numeri e delle statistiche. Questo \u00e8 il mio modo di intendere il mio ruolo: io non mi sono permesso di giudicare il pensiero dei colleghi, pur non condividendolo, e credo che lo stesso trattamento dovrebbe essere riservato a parti invertite.<\/p>\n<p>Purtroppo questo non accade e sono molto dispiaciuto: forse qualcuno pensa che a 26 anni non si possa esprimere la propria idea liberamente o non si sia degni come gli altri di occupare alcuni ruoli. \u00c8 un problema della politica, anche locale, come si pu\u00f2 facilmente dedurre, e questi comportamenti allontanano sempre di pi\u00f9 le nuove generazioni dai contesti amministrativi e i cittadini dalla partecipazione democratica. Noi siamo eletti per rappresentare le istanze dei nostri concittadini e di quanti si rivolgono a noi per chiedere una soluzione: se abdichiamo al nostro ruolo primario di tutela dei cittadini, veniamo meno ai<br \/>\nnostri doveri e al nostro giuramento.<\/p>\n<p>Continuer\u00f2 a sostenere la mia posizione, che deriva dalle storie e dai racconti quotidiani e non dai soli numeri o grafici. Ritengo che, oggi pi\u00f9 che mai, mettere al centro le persone vere e non le statistiche sia necessario e imprescindibile: sono contento di averlo fatto anche in Conferenza dei Sindaci, anche se questo pu\u00f2 aver infastidito qualcuno tra i miei colleghi.<br \/>\nRingrazio Giovani&amp;Futuro che mi permette ogni giorno di ricordarmi che, oltre i freddi numeri, ci sono persone che chiedono solo di essere viste e considerate e non di essere trattate come casi isolati privi di importanza statistica.<\/p>\n<p>Nel merito della richiesta di annullamento degli esiti della votazione, per la quale alcuni colleghi invocano una non ben definita mancanza di coerenza, la questione \u00e8 di carattere procedurale e sostanziale e non di opinione politica. Le votazioni non sono proposte da votare a maggioranza, ma espressione della volont\u00e0 collettiva dell&#8217;organo: per questo ogni voto deve avere la stessa importanza e lo stesso peso.<br \/>\nAbbiamo chiesto di rivalutare la decisione presa dalla Presidenza e di ristabilire la correttezza del voto: ne va della credibilit\u00e0 della Conferenza stessa davanti alle Istituzioni e all&#8217;opinione pubblica.<br \/>\nNon sono le divergenze di opinione a creare sfiducia e disilussione, ma la volont\u00e0 di far prevalere la posizione di una maggioranza su ogni altra posizione differente. Non credo che la sanit\u00e0 di questo territorio sia da massimo dei voti, come d&#8217;altronde pensano quasi tutti i cittadini che incontro e ascolto quotidianamente: se difendere queste persone significa per<br \/>\nqualcuno essere scriteriati o prevenuti, allora qualcuno sta sbagliando mestiere.<\/p>\n<p>Demonizzare chi ha un pensiero diverso \u00e8 un atteggiamento che lede la fiducia dei cittadini verso le istituzioni e indebolisce la democrazia, che invece richiede sempre confronto aperto tra punti di vista differenti.<br \/>\nResta il rammarico nel sapere che chi dovrebbe promuovere per primo il dialogo e la conciliazione tra visioni differenti non accetti la posizione diversa di un collega.<br \/>\nNella speranza di un cambiamento migliorativo, saluto cordialmente e ringrazio per lo spazio che vorrete dedicarmi.<\/p>\n<p><strong>IL SINDACO DI DANTA DI CADORE,<\/strong><br \/>\n<strong>dott. Thomas Menia Corbanese<\/strong><br \/>\n<strong>Danta di Cadore, 19 giugno 2026<\/strong><\/p>\n<p>&nbsp;<\/p>\n<p>Alla Conferenza dei Sindaci<br \/>\ndell\u2019Azienda ULSS 1 Dolomiti<br \/>\nAl Presidente della Conferenza dei Sindaci dell\u2019Azienda ULSS 1 Dolomiti<br \/>\nAlla Segreteria della Conferenza dei Sindaci<br \/>\ne, p.c.<br \/>\nAlla Regione del Veneto,<br \/>\nArea Sanit\u00e0 e Sociale;<br \/>\nAi Sindaci componenti la Conferenza dei Sindaci dell\u2019Azienda ULSS 1 Dolomiti;<br \/>\nAl Prefetto di Belluno,<br \/>\ndott. Antonello Roccoberton;<br \/>\nOggetto: Istanza di annullamento e\/o rettifica in autotutela dell\u2019esito della votazione<br \/>\nrelativa alla valutazione del Commissario\/Direttore dell\u2019Azienda ULSS 1 Dolomiti \u2013<br \/>\nrichiesta di corretta applicazione dell\u2019art. 19 del Regolamento e rideterminazione<br \/>\ndell\u2019esito mediante media dei voti espressi<br \/>\nI sottoscritti:<br \/>\nThomas Menia Corbanese,<br \/>\nSindaco del Comune di Danta di Cadore;<br \/>\nLuca Olivotto,<br \/>\nSindaco del Comune di Borca di Cadore;<br \/>\nin qualit\u00e0 di componenti della Conferenza dei Sindaci dell\u2019Azienda ULSS 1 Dolomiti,<br \/>\ncon riferimento alla seduta della Conferenza dei Sindaci nella quale \u00e8 stata trattata la<br \/>\nvalutazione sull\u2019operato del Commissario dell\u2019Azienda ULSS 1 Dolomiti, tenutasi in data 18<br \/>\ngiugno 2026<br \/>\nPremesso che:<br \/>\n\u25cf il Regolamento della Conferenza dei Sindaci attribuisce alla Conferenza, tra le<br \/>\nproprie funzioni, quella di esprimere la valutazione sull\u2019operato del Direttore Generale<br \/>\nper la parte di competenza;<br \/>\n\u25cf l\u2019art. 19 del Regolamento disciplina le votazioni distinguendo chiaramente tra:<br \/>\n\u25cb il comma 2, secondo cui \u201cogni proposta messa a votazione si intende<br \/>\napprovata quando abbia raccolto la maggioranza assoluta dei presenti, con<br \/>\nvotazione di norma palese\u201d;<br \/>\n\u25cb il comma 3, secondo cui \u201cle decisioni e giudizi su persone sono espressi con<br \/>\nvotazione segreta\u201d;<br \/>\n\u25cb il comma 6, secondo cui, terminata la votazione, il Presidente \u201cproclama<br \/>\nl\u2019esito della votazione\u201d;<br \/>\n\u25cf nel caso in oggetto non risulta essere stata posta in votazione una generica<br \/>\nproposta, bens\u00ec una valutazione riferita all\u2019operato di una persona, ossia del<br \/>\nCommissario dell\u2019Azienda ULSS 1 Dolomiti e, proprio per tale ragione, la votazione \u00e8<br \/>\nstata richiesta ed effettuata a scrutinio segreto, conformemente all\u2019art. 19, comma 3,<br \/>\ndel Regolamento;<br \/>\n\u25cf a quanto risulta, tuttavia, l\u2019esito della votazione non sarebbe stato determinato sulla<br \/>\nbase della media dei voti effettivamente espressi, ma sarebbe stato proclamato il<br \/>\nmassimo dei voti sul presupposto che la maggioranza dei votanti avrebbe attribuito il<br \/>\npunteggio massimo;<br \/>\nConsiderato che<br \/>\n\u25cf l\u2019applicazione dell\u2019art. 19, comma 2, non appare pertinente al caso concreto, poich\u00e9<br \/>\ntale disposizione riguarda l\u2019approvazione o il rigetto di una proposta, non la<br \/>\ndeterminazione di un punteggio valutativo individuale;<br \/>\n\u25cf la valutazione dell\u2019operato del Commissario non pu\u00f2 essere trattata come una<br \/>\ndeliberazione binaria \u201capprovata\/non approvata\u201d, ma deve rappresentare fedelmente<br \/>\nil risultato dei voti espressi dai componenti della Conferenza;<br \/>\n\u25cf qualora siano stati espressi voti numerici o punteggi differenziati, l\u2019esito corretto non<br \/>\npu\u00f2 essere ricondotto automaticamente al punteggio massimo solo perch\u00e9 tale<br \/>\npunteggio \u00e8 stato espresso dalla maggioranza dei votanti;<br \/>\n\u25cf una simile modalit\u00e0 rischia di alterare il contenuto sostanziale della votazione,<br \/>\ncomprimendo il valore dei voti difformi e sostituendo alla risultanza effettiva dello<br \/>\nscrutinio una diversa determinazione non corrispondente alla pluralit\u00e0 dei voti<br \/>\nespressi;<br \/>\n\u25cf il Presidente, ai sensi del Regolamento, \u00e8 tenuto a proclamare l\u2019esito della votazione,<br \/>\nnon a modificarne o reinterpretarne il risultato in senso maggioritario quando la<br \/>\nvotazione ha natura valutativa e numerica;<br \/>\n\u25cf la proclamazione del punteggio massimo, ove non corrispondente alla media o al<br \/>\nrisultato effettivo dei voti segreti espressi, pu\u00f2 integrare violazione del Regolamento,<br \/>\nerrata applicazione dell\u2019art. 19, travisamento dell\u2019esito della votazione, eccesso di<br \/>\npotere, difetto di istruttoria, difetto di motivazione e lesione dei principi di imparzialit\u00e0,<br \/>\ntrasparenza, correttezza e buon andamento dell\u2019azione amministrativa;<br \/>\n\u25cf l\u2019eventuale trasmissione alla Regione di un esito non corrispondente al risultato<br \/>\neffettivo dello scrutinio rischia di incidere impropriamente sul procedimento regionale<br \/>\ndi valutazione, attribuendo alla Conferenza dei Sindaci una volont\u00e0 diversa da quella<br \/>\nrealmente risultante dai voti espressi;<br \/>\ntutto ci\u00f2 premesso e considerato,<br \/>\ni sottoscritti chiedono<br \/>\n1. di procedere con urgenza all\u2019annullamento e\/o alla rettifica in autotutela dell\u2019esito<br \/>\nproclamato, qualora lo stesso sia stato determinato applicando il criterio della<br \/>\nmaggioranza di cui all\u2019art. 19, comma 2, anzich\u00e9 il criterio coerente con la natura<br \/>\nvalutativa della votazione;<br \/>\n2. di rideterminare l\u2019esito della votazione mediante media aritmetica dei voti\/punteggi<br \/>\neffettivamente espressi dai componenti aventi diritto, nel rispetto della segretezza del<br \/>\nvoto e della reale risultanza dello scrutinio;<br \/>\n3. di rettificare conseguentemente il verbale della seduta e ogni atto collegato,<br \/>\nriportando l\u2019esito corretto della votazione;<br \/>\n4. di sospendere, ove non ancora effettuata, la trasmissione alla Regione del Veneto<br \/>\ndell\u2019esito della valutazione oppure, se gi\u00e0 trasmessa, di inviare tempestivamente alla<br \/>\nRegione una comunicazione integrativa e rettificativa;<br \/>\n5. di trasmettere copia della presente istanza a tutti i Sindaci componenti la<br \/>\nConferenza;<br \/>\n6. di mettere a disposizione dei sottoscritti, quali componenti della Conferenza, il<br \/>\nverbale integrale della seduta, il prospetto riepilogativo dei voti espressi, le modalit\u00e0<br \/>\ndi calcolo adottate, l\u2019eventuale atto trasmesso alla Regione e ogni documento<br \/>\nistruttorio relativo alla votazione.<br \/>\nSi evidenzia che la presente richiesta non investe il merito delle valutazioni espresse dai<br \/>\nsingoli Sindaci, bens\u00ec la corretta rappresentazione dell\u2019esito della votazione segreta e il<br \/>\nrispetto delle regole procedurali stabilite dal Regolamento della Conferenza.<br \/>\nResta inteso che, in difetto di tempestivo riscontro e di eventuale rettifica, i sottoscritti si<br \/>\nriservano ogni ulteriore iniziativa nelle sedi amministrative, istituzionali e giurisdizionali<br \/>\ncompetenti a tutela della correttezza del procedimento e della fedele rappresentazione della<br \/>\nvolont\u00e0 dell\u2019organo collegiale.<br \/>\nCordiali saluti.<br \/>\nThomas Menia Corbanese<br \/>\nSindaco del Comune di Danta di Cadore<br \/>\nLuca Olivotto<br \/>\nSindaco del Comune di Borca di Cadore<\/p>","protected":false},"excerpt":{"rendered":"<p>Sono costretto, mio malgrado, a scrivere queste righe in risposta ad alcuni attacchi ricevuti da alcuni colleghi a seguito degli eventi accaduti durante la scorsa Conferenza dei Sindaci. Sono amareggiato di leggere tante falsit\u00e0 sui fatti accaduti in Conferenza: come rappresentanti di Giovani&amp;Futuro non abbiamo chiesto nulla di pi\u00f9 di rispettare i regolamenti in vigore [&hellip;]<\/p>\n","protected":false},"author":2,"featured_media":165877,"comment_status":"closed","ping_status":"open","sticky":false,"template":"","format":"standard","meta":{"footnotes":""},"categories":[1,26,17],"tags":[],"class_list":["post-171086","post","type-post","status-publish","format-standard","has-post-thumbnail","category-leo","category-prima-pagina","category-sanita"],"yoast_head":"<!-- This site is optimized with the Yoast SEO plugin v28.4 - https:\/\/yoast.com\/product\/yoast-seo-wordpress\/ -->\n<title>Sanit\u00e0. Lettera aperta del sindaco di Danta - Bellunopress - Dolomiti<\/title>\n<meta name=\"robots\" content=\"index, follow, max-snippet:-1, max-image-preview:large, max-video-preview:-1\" \/>\n<link rel=\"canonical\" href=\"https:\/\/www.bellunopress.it\/fr\/2026\/06\/19\/sanita-lettera-aperta-del-sindaco-di-danta\/\" \/>\n<meta property=\"og:locale\" content=\"fr_FR\" \/>\n<meta property=\"og:type\" content=\"article\" \/>\n<meta property=\"og:title\" content=\"Sanit\u00e0. Lettera aperta del sindaco di Danta - Bellunopress - Dolomiti\" \/>\n<meta property=\"og:description\" content=\"Sono costretto, mio malgrado, a scrivere queste righe in risposta ad alcuni attacchi ricevuti da alcuni colleghi a seguito degli eventi accaduti durante la scorsa Conferenza dei Sindaci. Sono amareggiato di leggere tante falsit\u00e0 sui fatti accaduti in Conferenza: come rappresentanti di Giovani&amp;Futuro non abbiamo chiesto nulla di pi\u00f9 di rispettare i regolamenti in vigore [&hellip;]\" \/>\n<meta property=\"og:url\" content=\"https:\/\/www.bellunopress.it\/fr\/2026\/06\/19\/sanita-lettera-aperta-del-sindaco-di-danta\/\" \/>\n<meta property=\"og:site_name\" content=\"Bellunopress - Dolomiti\" \/>\n<meta property=\"article:publisher\" content=\"https:\/\/www.facebook.com\/profile.php?id=100008943462799\" \/>\n<meta property=\"article:published_time\" content=\"2026-06-19T18:32:14+00:00\" \/>\n<meta property=\"article:modified_time\" content=\"2026-06-19T18:33:38+00:00\" \/>\n<meta property=\"og:image\" content=\"https:\/\/www.bellunopress.it\/wp-content\/uploads\/2025\/12\/Thomas-Menia-Corbanese-sindaco-Danta.jpg\" \/>\n\t<meta property=\"og:image:width\" content=\"800\" \/>\n\t<meta property=\"og:image:height\" content=\"717\" \/>\n\t<meta property=\"og:image:type\" content=\"image\/jpeg\" \/>\n<meta name=\"author\" content=\"redazione\" \/>\n<meta name=\"twitter:card\" content=\"summary_large_image\" \/>\n<meta name=\"twitter:creator\" content=\"@bellunopress\" \/>\n<meta name=\"twitter:site\" content=\"@bellunopress\" \/>\n<meta name=\"twitter:label1\" content=\"Written by\" \/>\n\t<meta name=\"twitter:data1\" content=\"redazione\" \/>\n\t<meta name=\"twitter:label2\" content=\"Est. reading time\" \/>\n\t<meta name=\"twitter:data2\" content=\"9 minutes\" \/>\n<script type=\"application\/ld+json\" class=\"yoast-schema-graph\">{\"@context\":\"https:\\\/\\\/schema.org\",\"@graph\":[{\"@type\":\"Article\",\"@id\":\"https:\\\/\\\/www.bellunopress.it\\\/2026\\\/06\\\/19\\\/sanita-lettera-aperta-del-sindaco-di-danta\\\/#article\",\"isPartOf\":{\"@id\":\"https:\\\/\\\/www.bellunopress.it\\\/2026\\\/06\\\/19\\\/sanita-lettera-aperta-del-sindaco-di-danta\\\/\"},\"author\":{\"name\":\"redazione\",\"@id\":\"https:\\\/\\\/www.bellunopress.it\\\/#\\\/schema\\\/person\\\/79bb06722b37ece1c03d3e94beb30d73\"},\"headline\":\"Sanit\u00e0. Lettera aperta del sindaco di Danta\",\"datePublished\":\"2026-06-19T18:32:14+00:00\",\"dateModified\":\"2026-06-19T18:33:38+00:00\",\"mainEntityOfPage\":{\"@id\":\"https:\\\/\\\/www.bellunopress.it\\\/2026\\\/06\\\/19\\\/sanita-lettera-aperta-del-sindaco-di-danta\\\/\"},\"wordCount\":1546,\"publisher\":{\"@id\":\"https:\\\/\\\/www.bellunopress.it\\\/#organization\"},\"image\":{\"@id\":\"https:\\\/\\\/www.bellunopress.it\\\/2026\\\/06\\\/19\\\/sanita-lettera-aperta-del-sindaco-di-danta\\\/#primaryimage\"},\"thumbnailUrl\":\"https:\\\/\\\/www.bellunopress.it\\\/wp-content\\\/uploads\\\/2025\\\/12\\\/Thomas-Menia-Corbanese-sindaco-Danta.jpg\",\"articleSection\":[\"Lettere Opinioni\",\"Prima Pagina\",\"Sanit\u00e0 Medicina\"],\"inLanguage\":\"fr-FR\"},{\"@type\":\"WebPage\",\"@id\":\"https:\\\/\\\/www.bellunopress.it\\\/2026\\\/06\\\/19\\\/sanita-lettera-aperta-del-sindaco-di-danta\\\/\",\"url\":\"https:\\\/\\\/www.bellunopress.it\\\/2026\\\/06\\\/19\\\/sanita-lettera-aperta-del-sindaco-di-danta\\\/\",\"name\":\"Sanit\u00e0. Lettera aperta del sindaco di Danta - Bellunopress - Dolomiti\",\"isPartOf\":{\"@id\":\"https:\\\/\\\/www.bellunopress.it\\\/#website\"},\"primaryImageOfPage\":{\"@id\":\"https:\\\/\\\/www.bellunopress.it\\\/2026\\\/06\\\/19\\\/sanita-lettera-aperta-del-sindaco-di-danta\\\/#primaryimage\"},\"image\":{\"@id\":\"https:\\\/\\\/www.bellunopress.it\\\/2026\\\/06\\\/19\\\/sanita-lettera-aperta-del-sindaco-di-danta\\\/#primaryimage\"},\"thumbnailUrl\":\"https:\\\/\\\/www.bellunopress.it\\\/wp-content\\\/uploads\\\/2025\\\/12\\\/Thomas-Menia-Corbanese-sindaco-Danta.jpg\",\"datePublished\":\"2026-06-19T18:32:14+00:00\",\"dateModified\":\"2026-06-19T18:33:38+00:00\",\"breadcrumb\":{\"@id\":\"https:\\\/\\\/www.bellunopress.it\\\/2026\\\/06\\\/19\\\/sanita-lettera-aperta-del-sindaco-di-danta\\\/#breadcrumb\"},\"inLanguage\":\"fr-FR\",\"potentialAction\":[{\"@type\":\"ReadAction\",\"target\":[\"https:\\\/\\\/www.bellunopress.it\\\/2026\\\/06\\\/19\\\/sanita-lettera-aperta-del-sindaco-di-danta\\\/\"]}]},{\"@type\":\"ImageObject\",\"inLanguage\":\"fr-FR\",\"@id\":\"https:\\\/\\\/www.bellunopress.it\\\/2026\\\/06\\\/19\\\/sanita-lettera-aperta-del-sindaco-di-danta\\\/#primaryimage\",\"url\":\"https:\\\/\\\/www.bellunopress.it\\\/wp-content\\\/uploads\\\/2025\\\/12\\\/Thomas-Menia-Corbanese-sindaco-Danta.jpg\",\"contentUrl\":\"https:\\\/\\\/www.bellunopress.it\\\/wp-content\\\/uploads\\\/2025\\\/12\\\/Thomas-Menia-Corbanese-sindaco-Danta.jpg\",\"width\":800,\"height\":717,\"caption\":\"Thomas Menia Corbanese, sindaco di Danta di Cadore\"},{\"@type\":\"BreadcrumbList\",\"@id\":\"https:\\\/\\\/www.bellunopress.it\\\/2026\\\/06\\\/19\\\/sanita-lettera-aperta-del-sindaco-di-danta\\\/#breadcrumb\",\"itemListElement\":[{\"@type\":\"ListItem\",\"position\":1,\"name\":\"Home\",\"item\":\"https:\\\/\\\/www.bellunopress.it\\\/\"},{\"@type\":\"ListItem\",\"position\":2,\"name\":\"Sanit\u00e0. Lettera aperta del sindaco di Danta\"}]},{\"@type\":\"WebSite\",\"@id\":\"https:\\\/\\\/www.bellunopress.it\\\/#website\",\"url\":\"https:\\\/\\\/www.bellunopress.it\\\/\",\"name\":\"Bellunopress - Dolomiti\",\"description\":\"e-mail: redazione@bellunopress.it\",\"publisher\":{\"@id\":\"https:\\\/\\\/www.bellunopress.it\\\/#organization\"},\"potentialAction\":[{\"@type\":\"SearchAction\",\"target\":{\"@type\":\"EntryPoint\",\"urlTemplate\":\"https:\\\/\\\/www.bellunopress.it\\\/?s={search_term_string}\"},\"query-input\":{\"@type\":\"PropertyValueSpecification\",\"valueRequired\":true,\"valueName\":\"search_term_string\"}}],\"inLanguage\":\"fr-FR\"},{\"@type\":\"Organization\",\"@id\":\"https:\\\/\\\/www.bellunopress.it\\\/#organization\",\"name\":\"Bellunopress\",\"url\":\"https:\\\/\\\/www.bellunopress.it\\\/\",\"logo\":{\"@type\":\"ImageObject\",\"inLanguage\":\"fr-FR\",\"@id\":\"https:\\\/\\\/www.bellunopress.it\\\/#\\\/schema\\\/logo\\\/image\\\/\",\"url\":\"https:\\\/\\\/www.bellunopress.it\\\/wp-content\\\/uploads\\\/2011\\\/05\\\/cropped-logo-bellunopress-.jpg\",\"contentUrl\":\"https:\\\/\\\/www.bellunopress.it\\\/wp-content\\\/uploads\\\/2011\\\/05\\\/cropped-logo-bellunopress-.jpg\",\"width\":512,\"height\":512,\"caption\":\"Bellunopress\"},\"image\":{\"@id\":\"https:\\\/\\\/www.bellunopress.it\\\/#\\\/schema\\\/logo\\\/image\\\/\"},\"sameAs\":[\"https:\\\/\\\/www.facebook.com\\\/profile.php?id=100008943462799\",\"https:\\\/\\\/x.com\\\/bellunopress\",\"https:\\\/\\\/www.linkedin.com\\\/hp\\\/?dnr=JBzUWaJfMUw8vbXJJ2tVW5-I3jZKvC4wsoxE&amp;amp;amp;amp;amp;amp;trk=nav_responsive_tab_home\",\"https:\\\/\\\/www.youtube.com\\\/channel\\\/UCxL0wu1uN0_3_7hGG0306cw\"]},{\"@type\":\"Person\",\"@id\":\"https:\\\/\\\/www.bellunopress.it\\\/#\\\/schema\\\/person\\\/79bb06722b37ece1c03d3e94beb30d73\",\"name\":\"redazione\",\"image\":{\"@type\":\"ImageObject\",\"inLanguage\":\"fr-FR\",\"@id\":\"https:\\\/\\\/secure.gravatar.com\\\/avatar\\\/37d968a2e67a6fd04c169c4bdef102d0bc5d31b2546345219e348575eb80e9a0?s=96&d=mm&r=g\",\"url\":\"https:\\\/\\\/secure.gravatar.com\\\/avatar\\\/37d968a2e67a6fd04c169c4bdef102d0bc5d31b2546345219e348575eb80e9a0?s=96&d=mm&r=g\",\"contentUrl\":\"https:\\\/\\\/secure.gravatar.com\\\/avatar\\\/37d968a2e67a6fd04c169c4bdef102d0bc5d31b2546345219e348575eb80e9a0?s=96&d=mm&r=g\",\"caption\":\"redazione\"},\"sameAs\":[\"http:\\\/\\\/www.bellunopress.it\",\"https:\\\/\\\/x.com\\\/bellunopress\"],\"url\":\"https:\\\/\\\/www.bellunopress.it\\\/fr\\\/author\\\/redazione\\\/\"}]}<\/script>\n<!-- \/ Yoast SEO plugin. -->","yoast_head_json":{"title":"Sanit\u00e0. Lettera aperta del sindaco di Danta - Bellunopress - Dolomiti","robots":{"index":"index","follow":"follow","max-snippet":"max-snippet:-1","max-image-preview":"max-image-preview:large","max-video-preview":"max-video-preview:-1"},"canonical":"https:\/\/www.bellunopress.it\/fr\/2026\/06\/19\/sanita-lettera-aperta-del-sindaco-di-danta\/","og_locale":"fr_FR","og_type":"article","og_title":"Sanit\u00e0. Lettera aperta del sindaco di Danta - Bellunopress - Dolomiti","og_description":"Sono costretto, mio malgrado, a scrivere queste righe in risposta ad alcuni attacchi ricevuti da alcuni colleghi a seguito degli eventi accaduti durante la scorsa Conferenza dei Sindaci. Sono amareggiato di leggere tante falsit\u00e0 sui fatti accaduti in Conferenza: come rappresentanti di Giovani&amp;Futuro non abbiamo chiesto nulla di pi\u00f9 di rispettare i regolamenti in vigore [&hellip;]","og_url":"https:\/\/www.bellunopress.it\/fr\/2026\/06\/19\/sanita-lettera-aperta-del-sindaco-di-danta\/","og_site_name":"Bellunopress - Dolomiti","article_publisher":"https:\/\/www.facebook.com\/profile.php?id=100008943462799","article_published_time":"2026-06-19T18:32:14+00:00","article_modified_time":"2026-06-19T18:33:38+00:00","og_image":[{"width":800,"height":717,"url":"https:\/\/www.bellunopress.it\/wp-content\/uploads\/2025\/12\/Thomas-Menia-Corbanese-sindaco-Danta.jpg","type":"image\/jpeg"}],"author":"redazione","twitter_card":"summary_large_image","twitter_creator":"@bellunopress","twitter_site":"@bellunopress","twitter_misc":{"Written by":"redazione","Est. reading time":"9 minutes"},"schema":{"@context":"https:\/\/schema.org","@graph":[{"@type":"Article","@id":"https:\/\/www.bellunopress.it\/2026\/06\/19\/sanita-lettera-aperta-del-sindaco-di-danta\/#article","isPartOf":{"@id":"https:\/\/www.bellunopress.it\/2026\/06\/19\/sanita-lettera-aperta-del-sindaco-di-danta\/"},"author":{"name":"redazione","@id":"https:\/\/www.bellunopress.it\/#\/schema\/person\/79bb06722b37ece1c03d3e94beb30d73"},"headline":"Sanit\u00e0. Lettera aperta del sindaco di Danta","datePublished":"2026-06-19T18:32:14+00:00","dateModified":"2026-06-19T18:33:38+00:00","mainEntityOfPage":{"@id":"https:\/\/www.bellunopress.it\/2026\/06\/19\/sanita-lettera-aperta-del-sindaco-di-danta\/"},"wordCount":1546,"publisher":{"@id":"https:\/\/www.bellunopress.it\/#organization"},"image":{"@id":"https:\/\/www.bellunopress.it\/2026\/06\/19\/sanita-lettera-aperta-del-sindaco-di-danta\/#primaryimage"},"thumbnailUrl":"https:\/\/www.bellunopress.it\/wp-content\/uploads\/2025\/12\/Thomas-Menia-Corbanese-sindaco-Danta.jpg","articleSection":["Lettere Opinioni","Prima Pagina","Sanit\u00e0 Medicina"],"inLanguage":"fr-FR"},{"@type":"WebPage","@id":"https:\/\/www.bellunopress.it\/2026\/06\/19\/sanita-lettera-aperta-del-sindaco-di-danta\/","url":"https:\/\/www.bellunopress.it\/2026\/06\/19\/sanita-lettera-aperta-del-sindaco-di-danta\/","name":"Sanit\u00e0. Lettera aperta del sindaco di Danta - Bellunopress - Dolomiti","isPartOf":{"@id":"https:\/\/www.bellunopress.it\/#website"},"primaryImageOfPage":{"@id":"https:\/\/www.bellunopress.it\/2026\/06\/19\/sanita-lettera-aperta-del-sindaco-di-danta\/#primaryimage"},"image":{"@id":"https:\/\/www.bellunopress.it\/2026\/06\/19\/sanita-lettera-aperta-del-sindaco-di-danta\/#primaryimage"},"thumbnailUrl":"https:\/\/www.bellunopress.it\/wp-content\/uploads\/2025\/12\/Thomas-Menia-Corbanese-sindaco-Danta.jpg","datePublished":"2026-06-19T18:32:14+00:00","dateModified":"2026-06-19T18:33:38+00:00","breadcrumb":{"@id":"https:\/\/www.bellunopress.it\/2026\/06\/19\/sanita-lettera-aperta-del-sindaco-di-danta\/#breadcrumb"},"inLanguage":"fr-FR","potentialAction":[{"@type":"ReadAction","target":["https:\/\/www.bellunopress.it\/2026\/06\/19\/sanita-lettera-aperta-del-sindaco-di-danta\/"]}]},{"@type":"ImageObject","inLanguage":"fr-FR","@id":"https:\/\/www.bellunopress.it\/2026\/06\/19\/sanita-lettera-aperta-del-sindaco-di-danta\/#primaryimage","url":"https:\/\/www.bellunopress.it\/wp-content\/uploads\/2025\/12\/Thomas-Menia-Corbanese-sindaco-Danta.jpg","contentUrl":"https:\/\/www.bellunopress.it\/wp-content\/uploads\/2025\/12\/Thomas-Menia-Corbanese-sindaco-Danta.jpg","width":800,"height":717,"caption":"Thomas Menia Corbanese, sindaco di Danta di Cadore"},{"@type":"BreadcrumbList","@id":"https:\/\/www.bellunopress.it\/2026\/06\/19\/sanita-lettera-aperta-del-sindaco-di-danta\/#breadcrumb","itemListElement":[{"@type":"ListItem","position":1,"name":"Home","item":"https:\/\/www.bellunopress.it\/"},{"@type":"ListItem","position":2,"name":"Sanit\u00e0. Lettera aperta del sindaco di Danta"}]},{"@type":"WebSite","@id":"https:\/\/www.bellunopress.it\/#website","url":"https:\/\/www.bellunopress.it\/","name":"Bellunopress - Dolomiti","description":"e-mail: redazione@bellunopress.it","publisher":{"@id":"https:\/\/www.bellunopress.it\/#organization"},"potentialAction":[{"@type":"SearchAction","target":{"@type":"EntryPoint","urlTemplate":"https:\/\/www.bellunopress.it\/?s={search_term_string}"},"query-input":{"@type":"PropertyValueSpecification","valueRequired":true,"valueName":"search_term_string"}}],"inLanguage":"fr-FR"},{"@type":"Organization","@id":"https:\/\/www.bellunopress.it\/#organization","name":"Bellunopress","url":"https:\/\/www.bellunopress.it\/","logo":{"@type":"ImageObject","inLanguage":"fr-FR","@id":"https:\/\/www.bellunopress.it\/#\/schema\/logo\/image\/","url":"https:\/\/www.bellunopress.it\/wp-content\/uploads\/2011\/05\/cropped-logo-bellunopress-.jpg","contentUrl":"https:\/\/www.bellunopress.it\/wp-content\/uploads\/2011\/05\/cropped-logo-bellunopress-.jpg","width":512,"height":512,"caption":"Bellunopress"},"image":{"@id":"https:\/\/www.bellunopress.it\/#\/schema\/logo\/image\/"},"sameAs":["https:\/\/www.facebook.com\/profile.php?id=100008943462799","https:\/\/x.com\/bellunopress","https:\/\/www.linkedin.com\/hp\/?dnr=JBzUWaJfMUw8vbXJJ2tVW5-I3jZKvC4wsoxE&amp;amp;amp;amp;amp;amp;trk=nav_responsive_tab_home","https:\/\/www.youtube.com\/channel\/UCxL0wu1uN0_3_7hGG0306cw"]},{"@type":"Person","@id":"https:\/\/www.bellunopress.it\/#\/schema\/person\/79bb06722b37ece1c03d3e94beb30d73","name":"r\u00e9daction","image":{"@type":"ImageObject","inLanguage":"fr-FR","@id":"https:\/\/secure.gravatar.com\/avatar\/37d968a2e67a6fd04c169c4bdef102d0bc5d31b2546345219e348575eb80e9a0?s=96&d=mm&r=g","url":"https:\/\/secure.gravatar.com\/avatar\/37d968a2e67a6fd04c169c4bdef102d0bc5d31b2546345219e348575eb80e9a0?s=96&d=mm&r=g","contentUrl":"https:\/\/secure.gravatar.com\/avatar\/37d968a2e67a6fd04c169c4bdef102d0bc5d31b2546345219e348575eb80e9a0?s=96&d=mm&r=g","caption":"redazione"},"sameAs":["http:\/\/www.bellunopress.it","https:\/\/x.com\/bellunopress"],"url":"https:\/\/www.bellunopress.it\/fr\/author\/redazione\/"}]}},"_links":{"self":[{"href":"https:\/\/www.bellunopress.it\/fr\/wp-json\/wp\/v2\/posts\/171086","targetHints":{"allow":["GET"]}}],"collection":[{"href":"https:\/\/www.bellunopress.it\/fr\/wp-json\/wp\/v2\/posts"}],"about":[{"href":"https:\/\/www.bellunopress.it\/fr\/wp-json\/wp\/v2\/types\/post"}],"author":[{"embeddable":true,"href":"https:\/\/www.bellunopress.it\/fr\/wp-json\/wp\/v2\/users\/2"}],"replies":[{"embeddable":true,"href":"https:\/\/www.bellunopress.it\/fr\/wp-json\/wp\/v2\/comments?post=171086"}],"version-history":[{"count":3,"href":"https:\/\/www.bellunopress.it\/fr\/wp-json\/wp\/v2\/posts\/171086\/revisions"}],"predecessor-version":[{"id":171089,"href":"https:\/\/www.bellunopress.it\/fr\/wp-json\/wp\/v2\/posts\/171086\/revisions\/171089"}],"wp:featuredmedia":[{"embeddable":true,"href":"https:\/\/www.bellunopress.it\/fr\/wp-json\/wp\/v2\/media\/165877"}],"wp:attachment":[{"href":"https:\/\/www.bellunopress.it\/fr\/wp-json\/wp\/v2\/media?parent=171086"}],"wp:term":[{"taxonomy":"category","embeddable":true,"href":"https:\/\/www.bellunopress.it\/fr\/wp-json\/wp\/v2\/categories?post=171086"},{"taxonomy":"post_tag","embeddable":true,"href":"https:\/\/www.bellunopress.it\/fr\/wp-json\/wp\/v2\/tags?post=171086"}],"curies":[{"name":"wp","href":"https:\/\/api.w.org\/{rel}","templated":true}]}}