{"id":171084,"date":"2026-06-19T15:31:14","date_gmt":"2026-06-19T13:31:14","guid":{"rendered":"https:\/\/www.bellunopress.it\/?p=171084"},"modified":"2026-06-19T15:31:14","modified_gmt":"2026-06-19T13:31:14","slug":"mostra-dellartigianato-artistico-e-tradizionale-citta-di-feltre-40ma-edizione","status":"publish","type":"post","link":"https:\/\/www.bellunopress.it\/fr\/2026\/06\/19\/mostra-dellartigianato-artistico-e-tradizionale-citta-di-feltre-40ma-edizione\/","title":{"rendered":"Mostra dell\u2019Artigianato Artistico e Tradizionale Citt\u00e0 di Feltre, 40ma edizione"},"content":{"rendered":"<p><strong>Quarant\u2019anni di saper fare, creativit\u00e0 e tradizione. Dal 25 al 28 giugno si incontrano a Feltre mestieri, arti e materiali patrimonio della nostra cultura artigiana.<\/strong><\/p>\n<p>Feltre, 19 giugno 2026 &#8211;\u00a0Quarant\u2019anni di storia, di passione e di valorizzazione del lavoro artigiano.<br \/>\nDal 25 al 28 giugno Feltre ospiter\u00e0 la quarantesima edizione della Mostra dell\u2019Artigianato Artistico e Tradizionale Citt\u00e0 di Feltre, un traguardo di assoluto prestigio per una manifestazione che, nel corso di quattro decenni, \u00e8 diventata un punto di riferimento nazionale per la promozione dell\u2019eccellenza artigiana.<\/p>\n<p>Nata con l\u2019obiettivo di raccontare il valore del lavoro manuale e delle antiche tecniche di lavorazione, la Mostra ha saputo evolversi nel tempo mantenendo intatta la propria identit\u00e0. Per quarant\u2019anni il centro storico di Feltre \u00e8 stato palcoscenico, teatro e laboratorio del sapere dei maestri artigiani provenienti dal Veneto e da tutta Italia, offrendo a migliaia di visitatori la possibilit\u00e0 di conoscere da vicino tradizioni, materiali e competenze tramandate di generazione in generazione.<br \/>\nL\u2019edizione 2026 punter\u00e0 in modo particolare sull\u2019esperienza diretta e sul coinvolgimento del pubblico. Tra gli elementi caratterizzanti della manifestazione ci saranno infatti le dimostrazioni dal vivo dei mestieri artigiani, con maestri e artigiani impegnati nelle piazze e negli spazi espositivi nella realizzazione, tra l\u2019altro, di maschere artistiche, opere di mosaico, lavorazioni del legno e della carta, creazioni in vetro di Murano, ceramica, ferro battuto e bronzo. Un\u2019occasione unica per osservare da vicino il processo creativo e produttivo che sta dietro a ogni manufatto, cogliendone il valore culturale oltre che artistico.<\/p>\n<p>Accanto alle dimostrazioni dei mestieri e agli spazi espositivi, la quarantesima edizione della Mostra confermer\u00e0 alcuni degli appuntamenti pi\u00f9 attesi e rappresentativi della manifestazione. Torneranno infatti i tradizionali concorsi dedicati alla lavorazione del ferro battuto, con il prestigioso Concorso di Forgiatura e il Premio \u201cCarlo Rizzarda\u201d, che vedranno protagonisti numerosi fabbri e maestri artigiani provenienti da diverse regioni italiane, chiamati a confrontarsi in prove di abilit\u00e0, tecnica e creativit\u00e0.<br \/>\nLa Mostra sar\u00e0 inoltre l&#8217;occasione per scoprire e vivere appieno la citt\u00e0 di Feltre. Durante i quattro giorni della manifestazione il centro storico si animer\u00e0 con un ricco calendario di iniziative culturali, esposizioni artistiche, mostre tematiche e aperture straordinarie di palazzi, musei e luoghi di interesse, offrendo ai visitatori l&#8217;opportunit\u00e0 di immergersi nella storia e nell&#8217;identit\u00e0 della citt\u00e0. Un invito a conoscere non solo l&#8217;eccellenza dell&#8217;artigianato, ma anche il patrimonio storico, architettonico e culturale che rende Feltre una delle realt\u00e0 pi\u00f9 affascinanti del Veneto.<\/p>\n<p>Accanto all\u2019artigianato trover\u00e0 spazio un ricco programma di eventi e spettacoli. La serata inaugurale di gioved\u00ec vedr\u00e0 protagonisti i giovani musicisti della Scuola Comunale di Musica \u201cSandi\u201d di Feltre, mentre il venerd\u00ec proporr\u00e0 su palco la Black Gold in uno spettacolo di soul, R&amp;B e jazz. Uno dei momenti pi\u00f9 attesi sar\u00e0 l\u2019appuntamento di sabato 27 giugno in Piazza Maggiore con Pierpaolo Foti, violinista e compositore di fama internazionale, che offrir\u00e0 al pubblico uno spettacolo suggestivo e coinvolgente, capace di fondere musica, emozioni e la straordinaria scenografia naturale del centro storico feltrino in un continuo rimando tra musica classica econtemporanea.<\/p>\n<p>\u201cRaggiungere il traguardo della quarantesima edizione rappresenta per noi motivo di grande orgoglio e soddisfazione\u201d, sottolinea il presidente del Comitato Organizzatore, Luciano Gesiot. \u201cAbbiamo voluto celebrare questo importante anniversario puntando con decisione sull\u2019eccellenza e sulla qualit\u00e0 degli espositori, selezionati con ancora maggiore attenzione rispetto al passato. Il nostro obiettivo non \u00e8 soltanto mostrare oggetti belli e di pregio, ma offrire ai visitatori l\u2019esperienza autentica del costruire, del creare e del fare artigiano. Vogliamo che chi visita la Mostra possa comprendere il valore del lavoro, della manualit\u00e0 e della creativit\u00e0 che stanno dietro ogni opera, entrando in contatto diretto con gli artigiani e con le loro storie. Un obiettivo che il Comitato organizzatore ha deciso di perseguire quest\u2019anno \u2013 non senza uno sforzo organizzativo supplementare \u2013 anche con la riproposizione dell\u2019ingresso gratuito, reso possibile grazie al supporto di enti, istituzioni e partner privati a cui va il nostro sincero ringraziamento per il supporto prezioso che garantiscono alla manifestazione\u201d.<\/p>","protected":false},"excerpt":{"rendered":"<p>Quarant\u2019anni di saper fare, creativit\u00e0 e tradizione. Dal 25 al 28 giugno si incontrano a Feltre mestieri, arti e materiali patrimonio della nostra cultura artigiana. Feltre, 19 giugno 2026 &#8211;\u00a0Quarant\u2019anni di storia, di passione e di valorizzazione del lavoro artigiano. Dal 25 al 28 giugno Feltre ospiter\u00e0 la quarantesima edizione della Mostra dell\u2019Artigianato Artistico e [&hellip;]<\/p>\n","protected":false},"author":2,"featured_media":151867,"comment_status":"closed","ping_status":"open","sticky":false,"template":"","format":"standard","meta":{"footnotes":""},"categories":[27,3,8],"tags":[],"class_list":["post-171084","post","type-post","status-publish","format-standard","has-post-thumbnail","category-appuntamenti","category-arte-cultura-spettacoli-scienza-archivi","category-societa-istituzioni"],"yoast_head":"<!-- This site is optimized with the Yoast SEO plugin v28.4 - https:\/\/yoast.com\/product\/yoast-seo-wordpress\/ -->\n<title>Mostra dell\u2019Artigianato Artistico e Tradizionale Citt\u00e0 di Feltre, 40ma edizione - Bellunopress - Dolomiti<\/title>\n<meta name=\"robots\" content=\"index, follow, max-snippet:-1, max-image-preview:large, max-video-preview:-1\" \/>\n<link rel=\"canonical\" href=\"https:\/\/www.bellunopress.it\/fr\/2026\/06\/19\/mostra-dellartigianato-artistico-e-tradizionale-citta-di-feltre-40ma-edizione\/\" \/>\n<meta property=\"og:locale\" content=\"fr_FR\" \/>\n<meta property=\"og:type\" content=\"article\" \/>\n<meta property=\"og:title\" content=\"Mostra dell\u2019Artigianato Artistico e Tradizionale Citt\u00e0 di Feltre, 40ma edizione - Bellunopress - Dolomiti\" \/>\n<meta property=\"og:description\" content=\"Quarant\u2019anni di saper fare, creativit\u00e0 e tradizione. Dal 25 al 28 giugno si incontrano a Feltre mestieri, arti e materiali patrimonio della nostra cultura artigiana. Feltre, 19 giugno 2026 &#8211;\u00a0Quarant\u2019anni di storia, di passione e di valorizzazione del lavoro artigiano. Dal 25 al 28 giugno Feltre ospiter\u00e0 la quarantesima edizione della Mostra dell\u2019Artigianato Artistico e [&hellip;]\" \/>\n<meta property=\"og:url\" content=\"https:\/\/www.bellunopress.it\/fr\/2026\/06\/19\/mostra-dellartigianato-artistico-e-tradizionale-citta-di-feltre-40ma-edizione\/\" \/>\n<meta property=\"og:site_name\" content=\"Bellunopress - Dolomiti\" \/>\n<meta property=\"article:publisher\" content=\"https:\/\/www.facebook.com\/profile.php?id=100008943462799\" \/>\n<meta property=\"article:published_time\" content=\"2026-06-19T13:31:14+00:00\" \/>\n<meta property=\"og:image\" content=\"https:\/\/www.bellunopress.it\/wp-content\/uploads\/2024\/06\/Apertura-Mostra-Artigianato-Feltre-2024_edited.jpg\" \/>\n\t<meta property=\"og:image:width\" content=\"1000\" \/>\n\t<meta property=\"og:image:height\" content=\"563\" \/>\n\t<meta property=\"og:image:type\" content=\"image\/jpeg\" \/>\n<meta name=\"author\" content=\"redazione\" \/>\n<meta name=\"twitter:card\" content=\"summary_large_image\" \/>\n<meta name=\"twitter:creator\" content=\"@bellunopress\" \/>\n<meta name=\"twitter:site\" content=\"@bellunopress\" \/>\n<meta name=\"twitter:label1\" content=\"Written by\" \/>\n\t<meta name=\"twitter:data1\" content=\"redazione\" \/>\n\t<meta name=\"twitter:label2\" content=\"Est. reading time\" \/>\n\t<meta name=\"twitter:data2\" content=\"4 minutes\" \/>\n<script type=\"application\/ld+json\" class=\"yoast-schema-graph\">{\"@context\":\"https:\\\/\\\/schema.org\",\"@graph\":[{\"@type\":\"Article\",\"@id\":\"https:\\\/\\\/www.bellunopress.it\\\/2026\\\/06\\\/19\\\/mostra-dellartigianato-artistico-e-tradizionale-citta-di-feltre-40ma-edizione\\\/#article\",\"isPartOf\":{\"@id\":\"https:\\\/\\\/www.bellunopress.it\\\/2026\\\/06\\\/19\\\/mostra-dellartigianato-artistico-e-tradizionale-citta-di-feltre-40ma-edizione\\\/\"},\"author\":{\"name\":\"redazione\",\"@id\":\"https:\\\/\\\/www.bellunopress.it\\\/#\\\/schema\\\/person\\\/79bb06722b37ece1c03d3e94beb30d73\"},\"headline\":\"Mostra dell\u2019Artigianato Artistico e Tradizionale Citt\u00e0 di Feltre, 40ma edizione\",\"datePublished\":\"2026-06-19T13:31:14+00:00\",\"mainEntityOfPage\":{\"@id\":\"https:\\\/\\\/www.bellunopress.it\\\/2026\\\/06\\\/19\\\/mostra-dellartigianato-artistico-e-tradizionale-citta-di-feltre-40ma-edizione\\\/\"},\"wordCount\":680,\"publisher\":{\"@id\":\"https:\\\/\\\/www.bellunopress.it\\\/#organization\"},\"image\":{\"@id\":\"https:\\\/\\\/www.bellunopress.it\\\/2026\\\/06\\\/19\\\/mostra-dellartigianato-artistico-e-tradizionale-citta-di-feltre-40ma-edizione\\\/#primaryimage\"},\"thumbnailUrl\":\"https:\\\/\\\/www.bellunopress.it\\\/wp-content\\\/uploads\\\/2024\\\/06\\\/Apertura-Mostra-Artigianato-Feltre-2024_edited.jpg\",\"articleSection\":[\"Appuntamenti, Eventi\",\"Arte, Cultura, Spettacoli, Scienza\",\"Societ\u00e0, Associazioni, Istituzioni\"],\"inLanguage\":\"fr-FR\"},{\"@type\":\"WebPage\",\"@id\":\"https:\\\/\\\/www.bellunopress.it\\\/2026\\\/06\\\/19\\\/mostra-dellartigianato-artistico-e-tradizionale-citta-di-feltre-40ma-edizione\\\/\",\"url\":\"https:\\\/\\\/www.bellunopress.it\\\/2026\\\/06\\\/19\\\/mostra-dellartigianato-artistico-e-tradizionale-citta-di-feltre-40ma-edizione\\\/\",\"name\":\"Mostra dell\u2019Artigianato Artistico e Tradizionale Citt\u00e0 di Feltre, 40ma edizione - Bellunopress - Dolomiti\",\"isPartOf\":{\"@id\":\"https:\\\/\\\/www.bellunopress.it\\\/#website\"},\"primaryImageOfPage\":{\"@id\":\"https:\\\/\\\/www.bellunopress.it\\\/2026\\\/06\\\/19\\\/mostra-dellartigianato-artistico-e-tradizionale-citta-di-feltre-40ma-edizione\\\/#primaryimage\"},\"image\":{\"@id\":\"https:\\\/\\\/www.bellunopress.it\\\/2026\\\/06\\\/19\\\/mostra-dellartigianato-artistico-e-tradizionale-citta-di-feltre-40ma-edizione\\\/#primaryimage\"},\"thumbnailUrl\":\"https:\\\/\\\/www.bellunopress.it\\\/wp-content\\\/uploads\\\/2024\\\/06\\\/Apertura-Mostra-Artigianato-Feltre-2024_edited.jpg\",\"datePublished\":\"2026-06-19T13:31:14+00:00\",\"breadcrumb\":{\"@id\":\"https:\\\/\\\/www.bellunopress.it\\\/2026\\\/06\\\/19\\\/mostra-dellartigianato-artistico-e-tradizionale-citta-di-feltre-40ma-edizione\\\/#breadcrumb\"},\"inLanguage\":\"fr-FR\",\"potentialAction\":[{\"@type\":\"ReadAction\",\"target\":[\"https:\\\/\\\/www.bellunopress.it\\\/2026\\\/06\\\/19\\\/mostra-dellartigianato-artistico-e-tradizionale-citta-di-feltre-40ma-edizione\\\/\"]}]},{\"@type\":\"ImageObject\",\"inLanguage\":\"fr-FR\",\"@id\":\"https:\\\/\\\/www.bellunopress.it\\\/2026\\\/06\\\/19\\\/mostra-dellartigianato-artistico-e-tradizionale-citta-di-feltre-40ma-edizione\\\/#primaryimage\",\"url\":\"https:\\\/\\\/www.bellunopress.it\\\/wp-content\\\/uploads\\\/2024\\\/06\\\/Apertura-Mostra-Artigianato-Feltre-2024_edited.jpg\",\"contentUrl\":\"https:\\\/\\\/www.bellunopress.it\\\/wp-content\\\/uploads\\\/2024\\\/06\\\/Apertura-Mostra-Artigianato-Feltre-2024_edited.jpg\",\"width\":1000,\"height\":563},{\"@type\":\"BreadcrumbList\",\"@id\":\"https:\\\/\\\/www.bellunopress.it\\\/2026\\\/06\\\/19\\\/mostra-dellartigianato-artistico-e-tradizionale-citta-di-feltre-40ma-edizione\\\/#breadcrumb\",\"itemListElement\":[{\"@type\":\"ListItem\",\"position\":1,\"name\":\"Home\",\"item\":\"https:\\\/\\\/www.bellunopress.it\\\/\"},{\"@type\":\"ListItem\",\"position\":2,\"name\":\"Mostra dell\u2019Artigianato Artistico e Tradizionale Citt\u00e0 di Feltre, 40ma edizione\"}]},{\"@type\":\"WebSite\",\"@id\":\"https:\\\/\\\/www.bellunopress.it\\\/#website\",\"url\":\"https:\\\/\\\/www.bellunopress.it\\\/\",\"name\":\"Bellunopress - Dolomiti\",\"description\":\"e-mail: redazione@bellunopress.it\",\"publisher\":{\"@id\":\"https:\\\/\\\/www.bellunopress.it\\\/#organization\"},\"potentialAction\":[{\"@type\":\"SearchAction\",\"target\":{\"@type\":\"EntryPoint\",\"urlTemplate\":\"https:\\\/\\\/www.bellunopress.it\\\/?s={search_term_string}\"},\"query-input\":{\"@type\":\"PropertyValueSpecification\",\"valueRequired\":true,\"valueName\":\"search_term_string\"}}],\"inLanguage\":\"fr-FR\"},{\"@type\":\"Organization\",\"@id\":\"https:\\\/\\\/www.bellunopress.it\\\/#organization\",\"name\":\"Bellunopress\",\"url\":\"https:\\\/\\\/www.bellunopress.it\\\/\",\"logo\":{\"@type\":\"ImageObject\",\"inLanguage\":\"fr-FR\",\"@id\":\"https:\\\/\\\/www.bellunopress.it\\\/#\\\/schema\\\/logo\\\/image\\\/\",\"url\":\"https:\\\/\\\/www.bellunopress.it\\\/wp-content\\\/uploads\\\/2011\\\/05\\\/cropped-logo-bellunopress-.jpg\",\"contentUrl\":\"https:\\\/\\\/www.bellunopress.it\\\/wp-content\\\/uploads\\\/2011\\\/05\\\/cropped-logo-bellunopress-.jpg\",\"width\":512,\"height\":512,\"caption\":\"Bellunopress\"},\"image\":{\"@id\":\"https:\\\/\\\/www.bellunopress.it\\\/#\\\/schema\\\/logo\\\/image\\\/\"},\"sameAs\":[\"https:\\\/\\\/www.facebook.com\\\/profile.php?id=100008943462799\",\"https:\\\/\\\/x.com\\\/bellunopress\",\"https:\\\/\\\/www.linkedin.com\\\/hp\\\/?dnr=JBzUWaJfMUw8vbXJJ2tVW5-I3jZKvC4wsoxE&amp;amp;amp;amp;amp;amp;trk=nav_responsive_tab_home\",\"https:\\\/\\\/www.youtube.com\\\/channel\\\/UCxL0wu1uN0_3_7hGG0306cw\"]},{\"@type\":\"Person\",\"@id\":\"https:\\\/\\\/www.bellunopress.it\\\/#\\\/schema\\\/person\\\/79bb06722b37ece1c03d3e94beb30d73\",\"name\":\"redazione\",\"image\":{\"@type\":\"ImageObject\",\"inLanguage\":\"fr-FR\",\"@id\":\"https:\\\/\\\/secure.gravatar.com\\\/avatar\\\/37d968a2e67a6fd04c169c4bdef102d0bc5d31b2546345219e348575eb80e9a0?s=96&d=mm&r=g\",\"url\":\"https:\\\/\\\/secure.gravatar.com\\\/avatar\\\/37d968a2e67a6fd04c169c4bdef102d0bc5d31b2546345219e348575eb80e9a0?s=96&d=mm&r=g\",\"contentUrl\":\"https:\\\/\\\/secure.gravatar.com\\\/avatar\\\/37d968a2e67a6fd04c169c4bdef102d0bc5d31b2546345219e348575eb80e9a0?s=96&d=mm&r=g\",\"caption\":\"redazione\"},\"sameAs\":[\"http:\\\/\\\/www.bellunopress.it\",\"https:\\\/\\\/x.com\\\/bellunopress\"],\"url\":\"https:\\\/\\\/www.bellunopress.it\\\/fr\\\/author\\\/redazione\\\/\"}]}<\/script>\n<!-- \/ Yoast SEO plugin. -->","yoast_head_json":{"title":"Mostra dell\u2019Artigianato Artistico e Tradizionale Citt\u00e0 di Feltre, 40ma edizione - Bellunopress - Dolomiti","robots":{"index":"index","follow":"follow","max-snippet":"max-snippet:-1","max-image-preview":"max-image-preview:large","max-video-preview":"max-video-preview:-1"},"canonical":"https:\/\/www.bellunopress.it\/fr\/2026\/06\/19\/mostra-dellartigianato-artistico-e-tradizionale-citta-di-feltre-40ma-edizione\/","og_locale":"fr_FR","og_type":"article","og_title":"Mostra dell\u2019Artigianato Artistico e Tradizionale Citt\u00e0 di Feltre, 40ma edizione - Bellunopress - Dolomiti","og_description":"Quarant\u2019anni di saper fare, creativit\u00e0 e tradizione. Dal 25 al 28 giugno si incontrano a Feltre mestieri, arti e materiali patrimonio della nostra cultura artigiana. Feltre, 19 giugno 2026 &#8211;\u00a0Quarant\u2019anni di storia, di passione e di valorizzazione del lavoro artigiano. Dal 25 al 28 giugno Feltre ospiter\u00e0 la quarantesima edizione della Mostra dell\u2019Artigianato Artistico e [&hellip;]","og_url":"https:\/\/www.bellunopress.it\/fr\/2026\/06\/19\/mostra-dellartigianato-artistico-e-tradizionale-citta-di-feltre-40ma-edizione\/","og_site_name":"Bellunopress - Dolomiti","article_publisher":"https:\/\/www.facebook.com\/profile.php?id=100008943462799","article_published_time":"2026-06-19T13:31:14+00:00","og_image":[{"width":1000,"height":563,"url":"https:\/\/www.bellunopress.it\/wp-content\/uploads\/2024\/06\/Apertura-Mostra-Artigianato-Feltre-2024_edited.jpg","type":"image\/jpeg"}],"author":"redazione","twitter_card":"summary_large_image","twitter_creator":"@bellunopress","twitter_site":"@bellunopress","twitter_misc":{"Written by":"redazione","Est. reading time":"4 minutes"},"schema":{"@context":"https:\/\/schema.org","@graph":[{"@type":"Article","@id":"https:\/\/www.bellunopress.it\/2026\/06\/19\/mostra-dellartigianato-artistico-e-tradizionale-citta-di-feltre-40ma-edizione\/#article","isPartOf":{"@id":"https:\/\/www.bellunopress.it\/2026\/06\/19\/mostra-dellartigianato-artistico-e-tradizionale-citta-di-feltre-40ma-edizione\/"},"author":{"name":"redazione","@id":"https:\/\/www.bellunopress.it\/#\/schema\/person\/79bb06722b37ece1c03d3e94beb30d73"},"headline":"Mostra dell\u2019Artigianato Artistico e Tradizionale Citt\u00e0 di Feltre, 40ma edizione","datePublished":"2026-06-19T13:31:14+00:00","mainEntityOfPage":{"@id":"https:\/\/www.bellunopress.it\/2026\/06\/19\/mostra-dellartigianato-artistico-e-tradizionale-citta-di-feltre-40ma-edizione\/"},"wordCount":680,"publisher":{"@id":"https:\/\/www.bellunopress.it\/#organization"},"image":{"@id":"https:\/\/www.bellunopress.it\/2026\/06\/19\/mostra-dellartigianato-artistico-e-tradizionale-citta-di-feltre-40ma-edizione\/#primaryimage"},"thumbnailUrl":"https:\/\/www.bellunopress.it\/wp-content\/uploads\/2024\/06\/Apertura-Mostra-Artigianato-Feltre-2024_edited.jpg","articleSection":["Appuntamenti, Eventi","Arte, Cultura, Spettacoli, Scienza","Societ\u00e0, Associazioni, Istituzioni"],"inLanguage":"fr-FR"},{"@type":"WebPage","@id":"https:\/\/www.bellunopress.it\/2026\/06\/19\/mostra-dellartigianato-artistico-e-tradizionale-citta-di-feltre-40ma-edizione\/","url":"https:\/\/www.bellunopress.it\/2026\/06\/19\/mostra-dellartigianato-artistico-e-tradizionale-citta-di-feltre-40ma-edizione\/","name":"Mostra dell\u2019Artigianato Artistico e Tradizionale Citt\u00e0 di Feltre, 40ma edizione - Bellunopress - Dolomiti","isPartOf":{"@id":"https:\/\/www.bellunopress.it\/#website"},"primaryImageOfPage":{"@id":"https:\/\/www.bellunopress.it\/2026\/06\/19\/mostra-dellartigianato-artistico-e-tradizionale-citta-di-feltre-40ma-edizione\/#primaryimage"},"image":{"@id":"https:\/\/www.bellunopress.it\/2026\/06\/19\/mostra-dellartigianato-artistico-e-tradizionale-citta-di-feltre-40ma-edizione\/#primaryimage"},"thumbnailUrl":"https:\/\/www.bellunopress.it\/wp-content\/uploads\/2024\/06\/Apertura-Mostra-Artigianato-Feltre-2024_edited.jpg","datePublished":"2026-06-19T13:31:14+00:00","breadcrumb":{"@id":"https:\/\/www.bellunopress.it\/2026\/06\/19\/mostra-dellartigianato-artistico-e-tradizionale-citta-di-feltre-40ma-edizione\/#breadcrumb"},"inLanguage":"fr-FR","potentialAction":[{"@type":"ReadAction","target":["https:\/\/www.bellunopress.it\/2026\/06\/19\/mostra-dellartigianato-artistico-e-tradizionale-citta-di-feltre-40ma-edizione\/"]}]},{"@type":"ImageObject","inLanguage":"fr-FR","@id":"https:\/\/www.bellunopress.it\/2026\/06\/19\/mostra-dellartigianato-artistico-e-tradizionale-citta-di-feltre-40ma-edizione\/#primaryimage","url":"https:\/\/www.bellunopress.it\/wp-content\/uploads\/2024\/06\/Apertura-Mostra-Artigianato-Feltre-2024_edited.jpg","contentUrl":"https:\/\/www.bellunopress.it\/wp-content\/uploads\/2024\/06\/Apertura-Mostra-Artigianato-Feltre-2024_edited.jpg","width":1000,"height":563},{"@type":"BreadcrumbList","@id":"https:\/\/www.bellunopress.it\/2026\/06\/19\/mostra-dellartigianato-artistico-e-tradizionale-citta-di-feltre-40ma-edizione\/#breadcrumb","itemListElement":[{"@type":"ListItem","position":1,"name":"Home","item":"https:\/\/www.bellunopress.it\/"},{"@type":"ListItem","position":2,"name":"Mostra dell\u2019Artigianato Artistico e Tradizionale Citt\u00e0 di Feltre, 40ma edizione"}]},{"@type":"WebSite","@id":"https:\/\/www.bellunopress.it\/#website","url":"https:\/\/www.bellunopress.it\/","name":"Bellunopress - Dolomiti","description":"e-mail: redazione@bellunopress.it","publisher":{"@id":"https:\/\/www.bellunopress.it\/#organization"},"potentialAction":[{"@type":"SearchAction","target":{"@type":"EntryPoint","urlTemplate":"https:\/\/www.bellunopress.it\/?s={search_term_string}"},"query-input":{"@type":"PropertyValueSpecification","valueRequired":true,"valueName":"search_term_string"}}],"inLanguage":"fr-FR"},{"@type":"Organization","@id":"https:\/\/www.bellunopress.it\/#organization","name":"Bellunopress","url":"https:\/\/www.bellunopress.it\/","logo":{"@type":"ImageObject","inLanguage":"fr-FR","@id":"https:\/\/www.bellunopress.it\/#\/schema\/logo\/image\/","url":"https:\/\/www.bellunopress.it\/wp-content\/uploads\/2011\/05\/cropped-logo-bellunopress-.jpg","contentUrl":"https:\/\/www.bellunopress.it\/wp-content\/uploads\/2011\/05\/cropped-logo-bellunopress-.jpg","width":512,"height":512,"caption":"Bellunopress"},"image":{"@id":"https:\/\/www.bellunopress.it\/#\/schema\/logo\/image\/"},"sameAs":["https:\/\/www.facebook.com\/profile.php?id=100008943462799","https:\/\/x.com\/bellunopress","https:\/\/www.linkedin.com\/hp\/?dnr=JBzUWaJfMUw8vbXJJ2tVW5-I3jZKvC4wsoxE&amp;amp;amp;amp;amp;amp;trk=nav_responsive_tab_home","https:\/\/www.youtube.com\/channel\/UCxL0wu1uN0_3_7hGG0306cw"]},{"@type":"Person","@id":"https:\/\/www.bellunopress.it\/#\/schema\/person\/79bb06722b37ece1c03d3e94beb30d73","name":"r\u00e9daction","image":{"@type":"ImageObject","inLanguage":"fr-FR","@id":"https:\/\/secure.gravatar.com\/avatar\/37d968a2e67a6fd04c169c4bdef102d0bc5d31b2546345219e348575eb80e9a0?s=96&d=mm&r=g","url":"https:\/\/secure.gravatar.com\/avatar\/37d968a2e67a6fd04c169c4bdef102d0bc5d31b2546345219e348575eb80e9a0?s=96&d=mm&r=g","contentUrl":"https:\/\/secure.gravatar.com\/avatar\/37d968a2e67a6fd04c169c4bdef102d0bc5d31b2546345219e348575eb80e9a0?s=96&d=mm&r=g","caption":"redazione"},"sameAs":["http:\/\/www.bellunopress.it","https:\/\/x.com\/bellunopress"],"url":"https:\/\/www.bellunopress.it\/fr\/author\/redazione\/"}]}},"_links":{"self":[{"href":"https:\/\/www.bellunopress.it\/fr\/wp-json\/wp\/v2\/posts\/171084","targetHints":{"allow":["GET"]}}],"collection":[{"href":"https:\/\/www.bellunopress.it\/fr\/wp-json\/wp\/v2\/posts"}],"about":[{"href":"https:\/\/www.bellunopress.it\/fr\/wp-json\/wp\/v2\/types\/post"}],"author":[{"embeddable":true,"href":"https:\/\/www.bellunopress.it\/fr\/wp-json\/wp\/v2\/users\/2"}],"replies":[{"embeddable":true,"href":"https:\/\/www.bellunopress.it\/fr\/wp-json\/wp\/v2\/comments?post=171084"}],"version-history":[{"count":1,"href":"https:\/\/www.bellunopress.it\/fr\/wp-json\/wp\/v2\/posts\/171084\/revisions"}],"predecessor-version":[{"id":171085,"href":"https:\/\/www.bellunopress.it\/fr\/wp-json\/wp\/v2\/posts\/171084\/revisions\/171085"}],"wp:featuredmedia":[{"embeddable":true,"href":"https:\/\/www.bellunopress.it\/fr\/wp-json\/wp\/v2\/media\/151867"}],"wp:attachment":[{"href":"https:\/\/www.bellunopress.it\/fr\/wp-json\/wp\/v2\/media?parent=171084"}],"wp:term":[{"taxonomy":"category","embeddable":true,"href":"https:\/\/www.bellunopress.it\/fr\/wp-json\/wp\/v2\/categories?post=171084"},{"taxonomy":"post_tag","embeddable":true,"href":"https:\/\/www.bellunopress.it\/fr\/wp-json\/wp\/v2\/tags?post=171084"}],"curies":[{"name":"wp","href":"https:\/\/api.w.org\/{rel}","templated":true}]}}