{"id":171082,"date":"2026-06-19T15:12:10","date_gmt":"2026-06-19T13:12:10","guid":{"rendered":"https:\/\/www.bellunopress.it\/?p=171082"},"modified":"2026-06-19T15:12:10","modified_gmt":"2026-06-19T13:12:10","slug":"belluno-domenica-in-piazza-duomo-il-concerto-della-filarmonica","status":"publish","type":"post","link":"https:\/\/www.bellunopress.it\/fr\/2026\/06\/19\/belluno-domenica-in-piazza-duomo-il-concerto-della-filarmonica\/","title":{"rendered":"Belluno. Domenica in piazza Duomo il concerto della Filarmonica"},"content":{"rendered":"<p><strong>Iniziativa a cura della Filarmonica di Belluno per il 21 giugno, giorno del solstizio d&#8217;estate e della Festa della Musica<\/strong><\/p>\n<p>Belluno &#8211; Domenica 21 giugno alle ore 21.00, nella splendida cornice di Piazza Duomo, la Citt\u00e0 Splendente si unisce alla &#8220;grande orchestra&#8221; che risuona in occasione della Festa della Musica con il tradizionale Concerto di Gala che celebra il 159\u00b0 anniversario della Filarmonica di Belluno 1867. Un momento perfetto che unisce varie ricorrenze nel giorno che nel calendario inaugura la bella stagione. Come iniziativa la Festa della Musica nasce in Francia nel 1982 e in breve diviene una ricorrenza internazionale con l&#8217;obiettivo di animare la vita sociale delle citt\u00e0 e creare un grande evento collettivo senza frontiere n\u00e9 vincoli, con concerti gratuiti e performance diffusi ovunque: la festa di tutte le musiche e di tutti i musicisti, l&#8217;incontro tra generi, culture e modalit\u00e0 diverse di vivere il mondo delle note.<\/p>\n<p>Per l&#8217;occasione, la Piazza sar\u00e0 allestita per accogliere il pubblico tra i magnifici palazzi storici che la circondano. Nella magica atmosfera del solstizio d&#8217;estate, la musica accompagner\u00e0 la serata con un programma capace di regalare emozioni, serenit\u00e0 e autentica condivisione.<\/p>\n<p>La Filarmonica di Belluno e la Scuola Comunale di Musica &#8220;Antonio Miari&#8221; sono le pi\u00f9 antiche istituzioni musicali della citt\u00e0, svolgono la propria attivit\u00e0 senza interruzioni dalla met\u00e0 del XIX secolo. Nel corso della sua lunga storia, la Filarmonica si \u00e8 evoluta fino a diventare una prestigiosa orchestra di fiati, apprezzata da un pubblico sempre numeroso e fedele che segue con entusiasmo i suoi concerti.<\/p>\n<p>Un appuntamento da non perdere per celebrare insieme la musica, la tradizione e l&#8217;arrivo dell&#8217;estate. Accesso libero.<\/p>\n<p>La Festa della Musica in Italia viene organizzata dall&#8217;AIPFM (Associazione Italiana per la Promozione della Festa della Musica) con il patrocinio del Ministero della Cultura.<\/p>\n<p>&nbsp;<\/p>","protected":false},"excerpt":{"rendered":"<p>Iniziativa a cura della Filarmonica di Belluno per il 21 giugno, giorno del solstizio d&#8217;estate e della Festa della Musica Belluno &#8211; Domenica 21 giugno alle ore 21.00, nella splendida cornice di Piazza Duomo, la Citt\u00e0 Splendente si unisce alla &#8220;grande orchestra&#8221; che risuona in occasione della Festa della Musica con il tradizionale Concerto di [&hellip;]<\/p>\n","protected":false},"author":2,"featured_media":159281,"comment_status":"closed","ping_status":"open","sticky":false,"template":"","format":"standard","meta":{"footnotes":""},"categories":[27,25],"tags":[],"class_list":["post-171082","post","type-post","status-publish","format-standard","has-post-thumbnail","category-appuntamenti","category-pausa-caffe"],"yoast_head":"<!-- This site is optimized with the Yoast SEO plugin v28.4 - https:\/\/yoast.com\/product\/yoast-seo-wordpress\/ -->\n<title>Belluno. Domenica in piazza Duomo il concerto della Filarmonica - Bellunopress - Dolomiti<\/title>\n<meta name=\"robots\" content=\"index, follow, max-snippet:-1, max-image-preview:large, max-video-preview:-1\" \/>\n<link rel=\"canonical\" href=\"https:\/\/www.bellunopress.it\/fr\/2026\/06\/19\/belluno-domenica-in-piazza-duomo-il-concerto-della-filarmonica\/\" \/>\n<meta property=\"og:locale\" content=\"fr_FR\" \/>\n<meta property=\"og:type\" content=\"article\" \/>\n<meta property=\"og:title\" content=\"Belluno. Domenica in piazza Duomo il concerto della Filarmonica - Bellunopress - Dolomiti\" \/>\n<meta property=\"og:description\" content=\"Iniziativa a cura della Filarmonica di Belluno per il 21 giugno, giorno del solstizio d&#8217;estate e della Festa della Musica Belluno &#8211; Domenica 21 giugno alle ore 21.00, nella splendida cornice di Piazza Duomo, la Citt\u00e0 Splendente si unisce alla &#8220;grande orchestra&#8221; che risuona in occasione della Festa della Musica con il tradizionale Concerto di [&hellip;]\" \/>\n<meta property=\"og:url\" content=\"https:\/\/www.bellunopress.it\/fr\/2026\/06\/19\/belluno-domenica-in-piazza-duomo-il-concerto-della-filarmonica\/\" \/>\n<meta property=\"og:site_name\" content=\"Bellunopress - Dolomiti\" \/>\n<meta property=\"article:publisher\" content=\"https:\/\/www.facebook.com\/profile.php?id=100008943462799\" \/>\n<meta property=\"article:published_time\" content=\"2026-06-19T13:12:10+00:00\" \/>\n<meta property=\"og:image\" content=\"https:\/\/www.bellunopress.it\/wp-content\/uploads\/2025\/04\/Filarmonica-Belluno_edited.jpg\" \/>\n\t<meta property=\"og:image:width\" content=\"1000\" \/>\n\t<meta property=\"og:image:height\" content=\"750\" \/>\n\t<meta property=\"og:image:type\" content=\"image\/jpeg\" \/>\n<meta name=\"author\" content=\"redazione\" \/>\n<meta name=\"twitter:card\" content=\"summary_large_image\" \/>\n<meta name=\"twitter:creator\" content=\"@bellunopress\" \/>\n<meta name=\"twitter:site\" content=\"@bellunopress\" \/>\n<meta name=\"twitter:label1\" content=\"\u00c9crit par\" \/>\n\t<meta name=\"twitter:data1\" content=\"redazione\" \/>\n\t<meta name=\"twitter:label2\" content=\"Dur\u00e9e de lecture estim\u00e9e\" \/>\n\t<meta name=\"twitter:data2\" content=\"2 minutes\" \/>\n<script type=\"application\/ld+json\" class=\"yoast-schema-graph\">{\"@context\":\"https:\\\/\\\/schema.org\",\"@graph\":[{\"@type\":\"Article\",\"@id\":\"https:\\\/\\\/www.bellunopress.it\\\/2026\\\/06\\\/19\\\/belluno-domenica-in-piazza-duomo-il-concerto-della-filarmonica\\\/#article\",\"isPartOf\":{\"@id\":\"https:\\\/\\\/www.bellunopress.it\\\/2026\\\/06\\\/19\\\/belluno-domenica-in-piazza-duomo-il-concerto-della-filarmonica\\\/\"},\"author\":{\"name\":\"redazione\",\"@id\":\"https:\\\/\\\/www.bellunopress.it\\\/#\\\/schema\\\/person\\\/79bb06722b37ece1c03d3e94beb30d73\"},\"headline\":\"Belluno. Domenica in piazza Duomo il concerto della Filarmonica\",\"datePublished\":\"2026-06-19T13:12:10+00:00\",\"mainEntityOfPage\":{\"@id\":\"https:\\\/\\\/www.bellunopress.it\\\/2026\\\/06\\\/19\\\/belluno-domenica-in-piazza-duomo-il-concerto-della-filarmonica\\\/\"},\"wordCount\":308,\"publisher\":{\"@id\":\"https:\\\/\\\/www.bellunopress.it\\\/#organization\"},\"image\":{\"@id\":\"https:\\\/\\\/www.bellunopress.it\\\/2026\\\/06\\\/19\\\/belluno-domenica-in-piazza-duomo-il-concerto-della-filarmonica\\\/#primaryimage\"},\"thumbnailUrl\":\"https:\\\/\\\/www.bellunopress.it\\\/wp-content\\\/uploads\\\/2025\\\/04\\\/Filarmonica-Belluno_edited.jpg\",\"articleSection\":[\"Appuntamenti, Eventi\",\"Pausa Caff\u00e8\"],\"inLanguage\":\"fr-FR\"},{\"@type\":\"WebPage\",\"@id\":\"https:\\\/\\\/www.bellunopress.it\\\/2026\\\/06\\\/19\\\/belluno-domenica-in-piazza-duomo-il-concerto-della-filarmonica\\\/\",\"url\":\"https:\\\/\\\/www.bellunopress.it\\\/2026\\\/06\\\/19\\\/belluno-domenica-in-piazza-duomo-il-concerto-della-filarmonica\\\/\",\"name\":\"Belluno. Domenica in piazza Duomo il concerto della Filarmonica - Bellunopress - Dolomiti\",\"isPartOf\":{\"@id\":\"https:\\\/\\\/www.bellunopress.it\\\/#website\"},\"primaryImageOfPage\":{\"@id\":\"https:\\\/\\\/www.bellunopress.it\\\/2026\\\/06\\\/19\\\/belluno-domenica-in-piazza-duomo-il-concerto-della-filarmonica\\\/#primaryimage\"},\"image\":{\"@id\":\"https:\\\/\\\/www.bellunopress.it\\\/2026\\\/06\\\/19\\\/belluno-domenica-in-piazza-duomo-il-concerto-della-filarmonica\\\/#primaryimage\"},\"thumbnailUrl\":\"https:\\\/\\\/www.bellunopress.it\\\/wp-content\\\/uploads\\\/2025\\\/04\\\/Filarmonica-Belluno_edited.jpg\",\"datePublished\":\"2026-06-19T13:12:10+00:00\",\"breadcrumb\":{\"@id\":\"https:\\\/\\\/www.bellunopress.it\\\/2026\\\/06\\\/19\\\/belluno-domenica-in-piazza-duomo-il-concerto-della-filarmonica\\\/#breadcrumb\"},\"inLanguage\":\"fr-FR\",\"potentialAction\":[{\"@type\":\"ReadAction\",\"target\":[\"https:\\\/\\\/www.bellunopress.it\\\/2026\\\/06\\\/19\\\/belluno-domenica-in-piazza-duomo-il-concerto-della-filarmonica\\\/\"]}]},{\"@type\":\"ImageObject\",\"inLanguage\":\"fr-FR\",\"@id\":\"https:\\\/\\\/www.bellunopress.it\\\/2026\\\/06\\\/19\\\/belluno-domenica-in-piazza-duomo-il-concerto-della-filarmonica\\\/#primaryimage\",\"url\":\"https:\\\/\\\/www.bellunopress.it\\\/wp-content\\\/uploads\\\/2025\\\/04\\\/Filarmonica-Belluno_edited.jpg\",\"contentUrl\":\"https:\\\/\\\/www.bellunopress.it\\\/wp-content\\\/uploads\\\/2025\\\/04\\\/Filarmonica-Belluno_edited.jpg\",\"width\":1000,\"height\":750},{\"@type\":\"BreadcrumbList\",\"@id\":\"https:\\\/\\\/www.bellunopress.it\\\/2026\\\/06\\\/19\\\/belluno-domenica-in-piazza-duomo-il-concerto-della-filarmonica\\\/#breadcrumb\",\"itemListElement\":[{\"@type\":\"ListItem\",\"position\":1,\"name\":\"Home\",\"item\":\"https:\\\/\\\/www.bellunopress.it\\\/\"},{\"@type\":\"ListItem\",\"position\":2,\"name\":\"Belluno. Domenica in piazza Duomo il concerto della Filarmonica\"}]},{\"@type\":\"WebSite\",\"@id\":\"https:\\\/\\\/www.bellunopress.it\\\/#website\",\"url\":\"https:\\\/\\\/www.bellunopress.it\\\/\",\"name\":\"Bellunopress - Dolomiti\",\"description\":\"e-mail: redazione@bellunopress.it\",\"publisher\":{\"@id\":\"https:\\\/\\\/www.bellunopress.it\\\/#organization\"},\"potentialAction\":[{\"@type\":\"SearchAction\",\"target\":{\"@type\":\"EntryPoint\",\"urlTemplate\":\"https:\\\/\\\/www.bellunopress.it\\\/?s={search_term_string}\"},\"query-input\":{\"@type\":\"PropertyValueSpecification\",\"valueRequired\":true,\"valueName\":\"search_term_string\"}}],\"inLanguage\":\"fr-FR\"},{\"@type\":\"Organization\",\"@id\":\"https:\\\/\\\/www.bellunopress.it\\\/#organization\",\"name\":\"Bellunopress\",\"url\":\"https:\\\/\\\/www.bellunopress.it\\\/\",\"logo\":{\"@type\":\"ImageObject\",\"inLanguage\":\"fr-FR\",\"@id\":\"https:\\\/\\\/www.bellunopress.it\\\/#\\\/schema\\\/logo\\\/image\\\/\",\"url\":\"https:\\\/\\\/www.bellunopress.it\\\/wp-content\\\/uploads\\\/2011\\\/05\\\/cropped-logo-bellunopress-.jpg\",\"contentUrl\":\"https:\\\/\\\/www.bellunopress.it\\\/wp-content\\\/uploads\\\/2011\\\/05\\\/cropped-logo-bellunopress-.jpg\",\"width\":512,\"height\":512,\"caption\":\"Bellunopress\"},\"image\":{\"@id\":\"https:\\\/\\\/www.bellunopress.it\\\/#\\\/schema\\\/logo\\\/image\\\/\"},\"sameAs\":[\"https:\\\/\\\/www.facebook.com\\\/profile.php?id=100008943462799\",\"https:\\\/\\\/x.com\\\/bellunopress\",\"https:\\\/\\\/www.linkedin.com\\\/hp\\\/?dnr=JBzUWaJfMUw8vbXJJ2tVW5-I3jZKvC4wsoxE&amp;amp;amp;amp;amp;amp;trk=nav_responsive_tab_home\",\"https:\\\/\\\/www.youtube.com\\\/channel\\\/UCxL0wu1uN0_3_7hGG0306cw\"]},{\"@type\":\"Person\",\"@id\":\"https:\\\/\\\/www.bellunopress.it\\\/#\\\/schema\\\/person\\\/79bb06722b37ece1c03d3e94beb30d73\",\"name\":\"redazione\",\"image\":{\"@type\":\"ImageObject\",\"inLanguage\":\"fr-FR\",\"@id\":\"https:\\\/\\\/secure.gravatar.com\\\/avatar\\\/37d968a2e67a6fd04c169c4bdef102d0bc5d31b2546345219e348575eb80e9a0?s=96&d=mm&r=g\",\"url\":\"https:\\\/\\\/secure.gravatar.com\\\/avatar\\\/37d968a2e67a6fd04c169c4bdef102d0bc5d31b2546345219e348575eb80e9a0?s=96&d=mm&r=g\",\"contentUrl\":\"https:\\\/\\\/secure.gravatar.com\\\/avatar\\\/37d968a2e67a6fd04c169c4bdef102d0bc5d31b2546345219e348575eb80e9a0?s=96&d=mm&r=g\",\"caption\":\"redazione\"},\"sameAs\":[\"http:\\\/\\\/www.bellunopress.it\",\"https:\\\/\\\/x.com\\\/bellunopress\"],\"url\":\"https:\\\/\\\/www.bellunopress.it\\\/fr\\\/author\\\/redazione\\\/\"}]}<\/script>\n<!-- \/ Yoast SEO plugin. -->","yoast_head_json":{"title":"Belluno. Domenica in piazza Duomo il concerto della Filarmonica - Bellunopress - Dolomiti","robots":{"index":"index","follow":"follow","max-snippet":"max-snippet:-1","max-image-preview":"max-image-preview:large","max-video-preview":"max-video-preview:-1"},"canonical":"https:\/\/www.bellunopress.it\/fr\/2026\/06\/19\/belluno-domenica-in-piazza-duomo-il-concerto-della-filarmonica\/","og_locale":"fr_FR","og_type":"article","og_title":"Belluno. Domenica in piazza Duomo il concerto della Filarmonica - Bellunopress - Dolomiti","og_description":"Iniziativa a cura della Filarmonica di Belluno per il 21 giugno, giorno del solstizio d&#8217;estate e della Festa della Musica Belluno &#8211; Domenica 21 giugno alle ore 21.00, nella splendida cornice di Piazza Duomo, la Citt\u00e0 Splendente si unisce alla &#8220;grande orchestra&#8221; che risuona in occasione della Festa della Musica con il tradizionale Concerto di [&hellip;]","og_url":"https:\/\/www.bellunopress.it\/fr\/2026\/06\/19\/belluno-domenica-in-piazza-duomo-il-concerto-della-filarmonica\/","og_site_name":"Bellunopress - Dolomiti","article_publisher":"https:\/\/www.facebook.com\/profile.php?id=100008943462799","article_published_time":"2026-06-19T13:12:10+00:00","og_image":[{"width":1000,"height":750,"url":"https:\/\/www.bellunopress.it\/wp-content\/uploads\/2025\/04\/Filarmonica-Belluno_edited.jpg","type":"image\/jpeg"}],"author":"redazione","twitter_card":"summary_large_image","twitter_creator":"@bellunopress","twitter_site":"@bellunopress","twitter_misc":{"\u00c9crit par":"redazione","Dur\u00e9e de lecture estim\u00e9e":"2 minutes"},"schema":{"@context":"https:\/\/schema.org","@graph":[{"@type":"Article","@id":"https:\/\/www.bellunopress.it\/2026\/06\/19\/belluno-domenica-in-piazza-duomo-il-concerto-della-filarmonica\/#article","isPartOf":{"@id":"https:\/\/www.bellunopress.it\/2026\/06\/19\/belluno-domenica-in-piazza-duomo-il-concerto-della-filarmonica\/"},"author":{"name":"redazione","@id":"https:\/\/www.bellunopress.it\/#\/schema\/person\/79bb06722b37ece1c03d3e94beb30d73"},"headline":"Belluno. Domenica in piazza Duomo il concerto della Filarmonica","datePublished":"2026-06-19T13:12:10+00:00","mainEntityOfPage":{"@id":"https:\/\/www.bellunopress.it\/2026\/06\/19\/belluno-domenica-in-piazza-duomo-il-concerto-della-filarmonica\/"},"wordCount":308,"publisher":{"@id":"https:\/\/www.bellunopress.it\/#organization"},"image":{"@id":"https:\/\/www.bellunopress.it\/2026\/06\/19\/belluno-domenica-in-piazza-duomo-il-concerto-della-filarmonica\/#primaryimage"},"thumbnailUrl":"https:\/\/www.bellunopress.it\/wp-content\/uploads\/2025\/04\/Filarmonica-Belluno_edited.jpg","articleSection":["Appuntamenti, Eventi","Pausa Caff\u00e8"],"inLanguage":"fr-FR"},{"@type":"WebPage","@id":"https:\/\/www.bellunopress.it\/2026\/06\/19\/belluno-domenica-in-piazza-duomo-il-concerto-della-filarmonica\/","url":"https:\/\/www.bellunopress.it\/2026\/06\/19\/belluno-domenica-in-piazza-duomo-il-concerto-della-filarmonica\/","name":"Belluno. Domenica in piazza Duomo il concerto della Filarmonica - Bellunopress - Dolomiti","isPartOf":{"@id":"https:\/\/www.bellunopress.it\/#website"},"primaryImageOfPage":{"@id":"https:\/\/www.bellunopress.it\/2026\/06\/19\/belluno-domenica-in-piazza-duomo-il-concerto-della-filarmonica\/#primaryimage"},"image":{"@id":"https:\/\/www.bellunopress.it\/2026\/06\/19\/belluno-domenica-in-piazza-duomo-il-concerto-della-filarmonica\/#primaryimage"},"thumbnailUrl":"https:\/\/www.bellunopress.it\/wp-content\/uploads\/2025\/04\/Filarmonica-Belluno_edited.jpg","datePublished":"2026-06-19T13:12:10+00:00","breadcrumb":{"@id":"https:\/\/www.bellunopress.it\/2026\/06\/19\/belluno-domenica-in-piazza-duomo-il-concerto-della-filarmonica\/#breadcrumb"},"inLanguage":"fr-FR","potentialAction":[{"@type":"ReadAction","target":["https:\/\/www.bellunopress.it\/2026\/06\/19\/belluno-domenica-in-piazza-duomo-il-concerto-della-filarmonica\/"]}]},{"@type":"ImageObject","inLanguage":"fr-FR","@id":"https:\/\/www.bellunopress.it\/2026\/06\/19\/belluno-domenica-in-piazza-duomo-il-concerto-della-filarmonica\/#primaryimage","url":"https:\/\/www.bellunopress.it\/wp-content\/uploads\/2025\/04\/Filarmonica-Belluno_edited.jpg","contentUrl":"https:\/\/www.bellunopress.it\/wp-content\/uploads\/2025\/04\/Filarmonica-Belluno_edited.jpg","width":1000,"height":750},{"@type":"BreadcrumbList","@id":"https:\/\/www.bellunopress.it\/2026\/06\/19\/belluno-domenica-in-piazza-duomo-il-concerto-della-filarmonica\/#breadcrumb","itemListElement":[{"@type":"ListItem","position":1,"name":"Home","item":"https:\/\/www.bellunopress.it\/"},{"@type":"ListItem","position":2,"name":"Belluno. Domenica in piazza Duomo il concerto della Filarmonica"}]},{"@type":"WebSite","@id":"https:\/\/www.bellunopress.it\/#website","url":"https:\/\/www.bellunopress.it\/","name":"Bellunopress - Dolomiti","description":"e-mail: redazione@bellunopress.it","publisher":{"@id":"https:\/\/www.bellunopress.it\/#organization"},"potentialAction":[{"@type":"SearchAction","target":{"@type":"EntryPoint","urlTemplate":"https:\/\/www.bellunopress.it\/?s={search_term_string}"},"query-input":{"@type":"PropertyValueSpecification","valueRequired":true,"valueName":"search_term_string"}}],"inLanguage":"fr-FR"},{"@type":"Organization","@id":"https:\/\/www.bellunopress.it\/#organization","name":"Bellunopress","url":"https:\/\/www.bellunopress.it\/","logo":{"@type":"ImageObject","inLanguage":"fr-FR","@id":"https:\/\/www.bellunopress.it\/#\/schema\/logo\/image\/","url":"https:\/\/www.bellunopress.it\/wp-content\/uploads\/2011\/05\/cropped-logo-bellunopress-.jpg","contentUrl":"https:\/\/www.bellunopress.it\/wp-content\/uploads\/2011\/05\/cropped-logo-bellunopress-.jpg","width":512,"height":512,"caption":"Bellunopress"},"image":{"@id":"https:\/\/www.bellunopress.it\/#\/schema\/logo\/image\/"},"sameAs":["https:\/\/www.facebook.com\/profile.php?id=100008943462799","https:\/\/x.com\/bellunopress","https:\/\/www.linkedin.com\/hp\/?dnr=JBzUWaJfMUw8vbXJJ2tVW5-I3jZKvC4wsoxE&amp;amp;amp;amp;amp;amp;trk=nav_responsive_tab_home","https:\/\/www.youtube.com\/channel\/UCxL0wu1uN0_3_7hGG0306cw"]},{"@type":"Person","@id":"https:\/\/www.bellunopress.it\/#\/schema\/person\/79bb06722b37ece1c03d3e94beb30d73","name":"r\u00e9daction","image":{"@type":"ImageObject","inLanguage":"fr-FR","@id":"https:\/\/secure.gravatar.com\/avatar\/37d968a2e67a6fd04c169c4bdef102d0bc5d31b2546345219e348575eb80e9a0?s=96&d=mm&r=g","url":"https:\/\/secure.gravatar.com\/avatar\/37d968a2e67a6fd04c169c4bdef102d0bc5d31b2546345219e348575eb80e9a0?s=96&d=mm&r=g","contentUrl":"https:\/\/secure.gravatar.com\/avatar\/37d968a2e67a6fd04c169c4bdef102d0bc5d31b2546345219e348575eb80e9a0?s=96&d=mm&r=g","caption":"redazione"},"sameAs":["http:\/\/www.bellunopress.it","https:\/\/x.com\/bellunopress"],"url":"https:\/\/www.bellunopress.it\/fr\/author\/redazione\/"}]}},"_links":{"self":[{"href":"https:\/\/www.bellunopress.it\/fr\/wp-json\/wp\/v2\/posts\/171082","targetHints":{"allow":["GET"]}}],"collection":[{"href":"https:\/\/www.bellunopress.it\/fr\/wp-json\/wp\/v2\/posts"}],"about":[{"href":"https:\/\/www.bellunopress.it\/fr\/wp-json\/wp\/v2\/types\/post"}],"author":[{"embeddable":true,"href":"https:\/\/www.bellunopress.it\/fr\/wp-json\/wp\/v2\/users\/2"}],"replies":[{"embeddable":true,"href":"https:\/\/www.bellunopress.it\/fr\/wp-json\/wp\/v2\/comments?post=171082"}],"version-history":[{"count":1,"href":"https:\/\/www.bellunopress.it\/fr\/wp-json\/wp\/v2\/posts\/171082\/revisions"}],"predecessor-version":[{"id":171083,"href":"https:\/\/www.bellunopress.it\/fr\/wp-json\/wp\/v2\/posts\/171082\/revisions\/171083"}],"wp:featuredmedia":[{"embeddable":true,"href":"https:\/\/www.bellunopress.it\/fr\/wp-json\/wp\/v2\/media\/159281"}],"wp:attachment":[{"href":"https:\/\/www.bellunopress.it\/fr\/wp-json\/wp\/v2\/media?parent=171082"}],"wp:term":[{"taxonomy":"category","embeddable":true,"href":"https:\/\/www.bellunopress.it\/fr\/wp-json\/wp\/v2\/categories?post=171082"},{"taxonomy":"post_tag","embeddable":true,"href":"https:\/\/www.bellunopress.it\/fr\/wp-json\/wp\/v2\/tags?post=171082"}],"curies":[{"name":"wp","href":"https:\/\/api.w.org\/{rel}","templated":true}]}}