{"id":171079,"date":"2026-06-19T13:52:27","date_gmt":"2026-06-19T11:52:27","guid":{"rendered":"https:\/\/www.bellunopress.it\/?p=171079"},"modified":"2026-06-19T13:52:27","modified_gmt":"2026-06-19T11:52:27","slug":"sanita-schiesaro-pieno-riconoscimento-allulss-1-dolomiti-critiche-strumentali-rischiano-di-danneggiare-la-fiducia-dei-cittadini-nella-sanita-pubblica","status":"publish","type":"post","link":"https:\/\/www.bellunopress.it\/fr\/2026\/06\/19\/sanita-schiesaro-pieno-riconoscimento-allulss-1-dolomiti-critiche-strumentali-rischiano-di-danneggiare-la-fiducia-dei-cittadini-nella-sanita-pubblica\/","title":{"rendered":"Sanit\u00e0, Schiesaro: \u201cPieno riconoscimento all\u2019ULSS 1 Dolomiti. Critiche strumentali rischiano di danneggiare la fiducia dei cittadini nella sanit\u00e0 pubblica\u201d"},"content":{"rendered":"<p>&#8220;La Conferenza dei Sindaci bellunesi ha espresso la propria valutazione sull\u2019operato dell\u2019ULSS 1 Dolomiti, confermando il raggiungimento del massimo dei voti. Un risultato che, da parte mia, \u00e8 meritevole del pi\u00f9 profondo ringraziamento al Commissario Giuseppe Dal Ben, alla Direzione Strategica e a tutti i collaboratori dell\u2019Azienda sanitaria per il lavoro svolto nel corso del 2025&#8221;.<\/p>\n<p>Lo sostiene Mauro Schiesaro, sindaco di Vigo di Cadore.<\/p>\n<p>&#8220;Parlo con il doppio sguardo di chi ha maturato oltre trent\u2019anni di esperienza nella professione medica e, oggi, ricopre anche il ruolo di Sindaco. &#8211; prosegue Schiesaro &#8211; Proprio per questo ritengo doverose alcune riflessioni su quanto accaduto e su alcune prese di posizione emerse pubblicamente.<br \/>\nAppare quantomeno contraddittorio pretendere un voto segreto per poi contestarne l\u2019esito fino a chiederne l\u2019annullamento, rendendo di fatto pubblico un giudizio che, per volont\u00e0 degli stessi proponenti, avrebbe dovuto rimanere riservato.<br \/>\nAncora pi\u00f9 grave \u00e8 il fatto che le contestazioni espresse non siano state accompagnate da motivazioni solide, credibili e realmente contestualizzate rispetto all\u2019operato complessivo dell\u2019ULSS 1 Dolomiti. Un giudizio negativo rivolto all\u2019intera Azienda sanitaria non riguarda solo il Commissario, ma coinvolge inevitabilmente la Direzione Strategica, il personale medico, gli operatori socio-sanitari, il comparto e tutte le professionalit\u00e0 che ogni giorno garantiscono servizi essenziali ai cittadini.<br \/>\nSono state sollevate questioni relative ai contratti dei medici convenzionati, che non sono dipendenti dell\u2019ULSS e la cui gestione segue percorsi e sedi specifiche, anche sindacali. Sono state richiamate criticit\u00e0 informatiche che non possono certo essere attribuite alla responsabilit\u00e0 diretta degli amministratori locali. Al di l\u00e0 di questi aspetti, non \u00e8 emerso nulla che possa giustificare un attacco cos\u00ec pesante alla sanit\u00e0 pubblica bellunese e alla stessa Conferenza dei Sindaci.<\/p>\n<p>Chi valuta la sanit\u00e0 del nostro territorio\u00a0 &#8211;\u00a0 sottolinea il sindaco Schiesaro &#8211; non pu\u00f2 ignorare il quadro nazionale e regionale in cui essa opera: una carenza diffusa di professionisti della salute, ulteriormente aggravata in provincia di Belluno da condizioni geografiche, logistiche e abitative particolarmente complesse, cui comunque l\u2019ULSS ha fatto fronte con tutti i mezzi a propria disposizione. Fingere che tutto questo non esista significa offrire ai cittadini una lettura parziale e pericolosa della realt\u00e0.<br \/>\nAl contrario, i dati illustrati dal Commissario Dal Ben mostrano un incremento delle prestazioni, un ampliamento dell\u2019offerta sanitaria anche nelle sedi periferiche, una particolare attenzione verso i residenti delle aree pi\u00f9 disagiate, un aumento della spesa per il personale e la copertura delle apicalit\u00e0. Sono numeri concreti, non opinioni.<\/p>\n<p>Va inoltre ricordato il successo organizzativo della manifestazione olimpica e paralimpica anche sotto il profilo sanitario. Un risultato che ha coinvolto in modo importante il personale dell\u2019ULSS 1 Dolomiti e che lascia al territorio un\u2019eredit\u00e0 tangibile e intangibile che fino a pochi anni fa sarebbe stata difficilmente immaginabile.<br \/>\nIl sistema sanitario \u00e8 certamente perfettibile e nessuno pu\u00f2 pensare che riesca sempre a ottenere un consenso unanime. Ma ci\u00f2 che conta \u00e8 riconoscere lo sforzo compiuto per garantire pari opportunit\u00e0 di cura a tutti: dai pi\u00f9 piccoli agli anziani fragili, dai centri principali alle zone pi\u00f9 periferiche, sempre nel rispetto delle normative nazionali e regionali.<br \/>\nMortificare tutto questo con giudizi strumentali e privi di basi solide rappresenta un gesto di grande irresponsabilit\u00e0. Chi ha ruoli istituzionali dovrebbe contribuire ad avvicinare i cittadini alla sanit\u00e0 pubblica, non alimentare sfiducia attraverso polemiche che non tengono conto della complessit\u00e0 reale del sistema.<\/p>\n<p>Per queste ragioni &#8211; conclude il dottor Schiesaro &#8211; confermo il mio pieno riconoscimento all\u2019operato dell\u2019ULSS 1 Dolomiti, del Commissario Dal Ben, della Direzione Strategica e di tutto il personale sanitario e socio-sanitario che ogni giorno lavora per il nostro territorio<\/p>","protected":false},"excerpt":{"rendered":"<p>&#8220;La Conferenza dei Sindaci bellunesi ha espresso la propria valutazione sull\u2019operato dell\u2019ULSS 1 Dolomiti, confermando il raggiungimento del massimo dei voti. Un risultato che, da parte mia, \u00e8 meritevole del pi\u00f9 profondo ringraziamento al Commissario Giuseppe Dal Ben, alla Direzione Strategica e a tutti i collaboratori dell\u2019Azienda sanitaria per il lavoro svolto nel corso del [&hellip;]<\/p>\n","protected":false},"author":2,"featured_media":171080,"comment_status":"closed","ping_status":"open","sticky":false,"template":"","format":"standard","meta":{"footnotes":""},"categories":[26,17],"tags":[],"class_list":["post-171079","post","type-post","status-publish","format-standard","has-post-thumbnail","category-prima-pagina","category-sanita"],"yoast_head":"<!-- This site is optimized with the Yoast SEO plugin v28.4 - https:\/\/yoast.com\/product\/yoast-seo-wordpress\/ -->\n<title>Sanit\u00e0, Schiesaro: \u201cPieno riconoscimento all\u2019ULSS 1 Dolomiti. Critiche strumentali rischiano di danneggiare la fiducia dei cittadini nella sanit\u00e0 pubblica\u201d - Bellunopress - Dolomiti<\/title>\n<meta name=\"robots\" content=\"index, follow, max-snippet:-1, max-image-preview:large, max-video-preview:-1\" \/>\n<link rel=\"canonical\" href=\"https:\/\/www.bellunopress.it\/fr\/2026\/06\/19\/sanita-schiesaro-pieno-riconoscimento-allulss-1-dolomiti-critiche-strumentali-rischiano-di-danneggiare-la-fiducia-dei-cittadini-nella-sanita-pubblica\/\" \/>\n<meta property=\"og:locale\" content=\"fr_FR\" \/>\n<meta property=\"og:type\" content=\"article\" \/>\n<meta property=\"og:title\" content=\"Sanit\u00e0, Schiesaro: \u201cPieno riconoscimento all\u2019ULSS 1 Dolomiti. Critiche strumentali rischiano di danneggiare la fiducia dei cittadini nella sanit\u00e0 pubblica\u201d - Bellunopress - Dolomiti\" \/>\n<meta property=\"og:description\" content=\"&#8220;La Conferenza dei Sindaci bellunesi ha espresso la propria valutazione sull\u2019operato dell\u2019ULSS 1 Dolomiti, confermando il raggiungimento del massimo dei voti. Un risultato che, da parte mia, \u00e8 meritevole del pi\u00f9 profondo ringraziamento al Commissario Giuseppe Dal Ben, alla Direzione Strategica e a tutti i collaboratori dell\u2019Azienda sanitaria per il lavoro svolto nel corso del [&hellip;]\" \/>\n<meta property=\"og:url\" content=\"https:\/\/www.bellunopress.it\/fr\/2026\/06\/19\/sanita-schiesaro-pieno-riconoscimento-allulss-1-dolomiti-critiche-strumentali-rischiano-di-danneggiare-la-fiducia-dei-cittadini-nella-sanita-pubblica\/\" \/>\n<meta property=\"og:site_name\" content=\"Bellunopress - Dolomiti\" \/>\n<meta property=\"article:publisher\" content=\"https:\/\/www.facebook.com\/profile.php?id=100008943462799\" \/>\n<meta property=\"article:published_time\" content=\"2026-06-19T11:52:27+00:00\" \/>\n<meta property=\"og:image\" content=\"https:\/\/www.bellunopress.it\/wp-content\/uploads\/2026\/06\/Mauro-Schiesaro-sindaco-di-Vigo-di-Cad.jpg\" \/>\n\t<meta property=\"og:image:width\" content=\"500\" \/>\n\t<meta property=\"og:image:height\" content=\"466\" \/>\n\t<meta property=\"og:image:type\" content=\"image\/jpeg\" \/>\n<meta name=\"author\" content=\"redazione\" \/>\n<meta name=\"twitter:card\" content=\"summary_large_image\" \/>\n<meta name=\"twitter:creator\" content=\"@bellunopress\" \/>\n<meta name=\"twitter:site\" content=\"@bellunopress\" \/>\n<meta name=\"twitter:label1\" content=\"Written by\" \/>\n\t<meta name=\"twitter:data1\" content=\"redazione\" \/>\n\t<meta name=\"twitter:label2\" content=\"Est. reading time\" \/>\n\t<meta name=\"twitter:data2\" content=\"4 minutes\" \/>\n<script type=\"application\/ld+json\" class=\"yoast-schema-graph\">{\"@context\":\"https:\\\/\\\/schema.org\",\"@graph\":[{\"@type\":\"Article\",\"@id\":\"https:\\\/\\\/www.bellunopress.it\\\/2026\\\/06\\\/19\\\/sanita-schiesaro-pieno-riconoscimento-allulss-1-dolomiti-critiche-strumentali-rischiano-di-danneggiare-la-fiducia-dei-cittadini-nella-sanita-pubblica\\\/#article\",\"isPartOf\":{\"@id\":\"https:\\\/\\\/www.bellunopress.it\\\/2026\\\/06\\\/19\\\/sanita-schiesaro-pieno-riconoscimento-allulss-1-dolomiti-critiche-strumentali-rischiano-di-danneggiare-la-fiducia-dei-cittadini-nella-sanita-pubblica\\\/\"},\"author\":{\"name\":\"redazione\",\"@id\":\"https:\\\/\\\/www.bellunopress.it\\\/#\\\/schema\\\/person\\\/79bb06722b37ece1c03d3e94beb30d73\"},\"headline\":\"Sanit\u00e0, Schiesaro: \u201cPieno riconoscimento all\u2019ULSS 1 Dolomiti. Critiche strumentali rischiano di danneggiare la fiducia dei cittadini nella sanit\u00e0 pubblica\u201d\",\"datePublished\":\"2026-06-19T11:52:27+00:00\",\"mainEntityOfPage\":{\"@id\":\"https:\\\/\\\/www.bellunopress.it\\\/2026\\\/06\\\/19\\\/sanita-schiesaro-pieno-riconoscimento-allulss-1-dolomiti-critiche-strumentali-rischiano-di-danneggiare-la-fiducia-dei-cittadini-nella-sanita-pubblica\\\/\"},\"wordCount\":616,\"publisher\":{\"@id\":\"https:\\\/\\\/www.bellunopress.it\\\/#organization\"},\"image\":{\"@id\":\"https:\\\/\\\/www.bellunopress.it\\\/2026\\\/06\\\/19\\\/sanita-schiesaro-pieno-riconoscimento-allulss-1-dolomiti-critiche-strumentali-rischiano-di-danneggiare-la-fiducia-dei-cittadini-nella-sanita-pubblica\\\/#primaryimage\"},\"thumbnailUrl\":\"https:\\\/\\\/www.bellunopress.it\\\/wp-content\\\/uploads\\\/2026\\\/06\\\/Mauro-Schiesaro-sindaco-di-Vigo-di-Cad.jpg\",\"articleSection\":[\"Prima Pagina\",\"Sanit\u00e0 Medicina\"],\"inLanguage\":\"fr-FR\"},{\"@type\":\"WebPage\",\"@id\":\"https:\\\/\\\/www.bellunopress.it\\\/2026\\\/06\\\/19\\\/sanita-schiesaro-pieno-riconoscimento-allulss-1-dolomiti-critiche-strumentali-rischiano-di-danneggiare-la-fiducia-dei-cittadini-nella-sanita-pubblica\\\/\",\"url\":\"https:\\\/\\\/www.bellunopress.it\\\/2026\\\/06\\\/19\\\/sanita-schiesaro-pieno-riconoscimento-allulss-1-dolomiti-critiche-strumentali-rischiano-di-danneggiare-la-fiducia-dei-cittadini-nella-sanita-pubblica\\\/\",\"name\":\"Sanit\u00e0, Schiesaro: \u201cPieno riconoscimento all\u2019ULSS 1 Dolomiti. Critiche strumentali rischiano di danneggiare la fiducia dei cittadini nella sanit\u00e0 pubblica\u201d - Bellunopress - Dolomiti\",\"isPartOf\":{\"@id\":\"https:\\\/\\\/www.bellunopress.it\\\/#website\"},\"primaryImageOfPage\":{\"@id\":\"https:\\\/\\\/www.bellunopress.it\\\/2026\\\/06\\\/19\\\/sanita-schiesaro-pieno-riconoscimento-allulss-1-dolomiti-critiche-strumentali-rischiano-di-danneggiare-la-fiducia-dei-cittadini-nella-sanita-pubblica\\\/#primaryimage\"},\"image\":{\"@id\":\"https:\\\/\\\/www.bellunopress.it\\\/2026\\\/06\\\/19\\\/sanita-schiesaro-pieno-riconoscimento-allulss-1-dolomiti-critiche-strumentali-rischiano-di-danneggiare-la-fiducia-dei-cittadini-nella-sanita-pubblica\\\/#primaryimage\"},\"thumbnailUrl\":\"https:\\\/\\\/www.bellunopress.it\\\/wp-content\\\/uploads\\\/2026\\\/06\\\/Mauro-Schiesaro-sindaco-di-Vigo-di-Cad.jpg\",\"datePublished\":\"2026-06-19T11:52:27+00:00\",\"breadcrumb\":{\"@id\":\"https:\\\/\\\/www.bellunopress.it\\\/2026\\\/06\\\/19\\\/sanita-schiesaro-pieno-riconoscimento-allulss-1-dolomiti-critiche-strumentali-rischiano-di-danneggiare-la-fiducia-dei-cittadini-nella-sanita-pubblica\\\/#breadcrumb\"},\"inLanguage\":\"fr-FR\",\"potentialAction\":[{\"@type\":\"ReadAction\",\"target\":[\"https:\\\/\\\/www.bellunopress.it\\\/2026\\\/06\\\/19\\\/sanita-schiesaro-pieno-riconoscimento-allulss-1-dolomiti-critiche-strumentali-rischiano-di-danneggiare-la-fiducia-dei-cittadini-nella-sanita-pubblica\\\/\"]}]},{\"@type\":\"ImageObject\",\"inLanguage\":\"fr-FR\",\"@id\":\"https:\\\/\\\/www.bellunopress.it\\\/2026\\\/06\\\/19\\\/sanita-schiesaro-pieno-riconoscimento-allulss-1-dolomiti-critiche-strumentali-rischiano-di-danneggiare-la-fiducia-dei-cittadini-nella-sanita-pubblica\\\/#primaryimage\",\"url\":\"https:\\\/\\\/www.bellunopress.it\\\/wp-content\\\/uploads\\\/2026\\\/06\\\/Mauro-Schiesaro-sindaco-di-Vigo-di-Cad.jpg\",\"contentUrl\":\"https:\\\/\\\/www.bellunopress.it\\\/wp-content\\\/uploads\\\/2026\\\/06\\\/Mauro-Schiesaro-sindaco-di-Vigo-di-Cad.jpg\",\"width\":500,\"height\":466,\"caption\":\"Mauro Schiesaro, sindaco di Vigo di Cadore\"},{\"@type\":\"BreadcrumbList\",\"@id\":\"https:\\\/\\\/www.bellunopress.it\\\/2026\\\/06\\\/19\\\/sanita-schiesaro-pieno-riconoscimento-allulss-1-dolomiti-critiche-strumentali-rischiano-di-danneggiare-la-fiducia-dei-cittadini-nella-sanita-pubblica\\\/#breadcrumb\",\"itemListElement\":[{\"@type\":\"ListItem\",\"position\":1,\"name\":\"Home\",\"item\":\"https:\\\/\\\/www.bellunopress.it\\\/\"},{\"@type\":\"ListItem\",\"position\":2,\"name\":\"Sanit\u00e0, Schiesaro: \u201cPieno riconoscimento all\u2019ULSS 1 Dolomiti. Critiche strumentali rischiano di danneggiare la fiducia dei cittadini nella sanit\u00e0 pubblica\u201d\"}]},{\"@type\":\"WebSite\",\"@id\":\"https:\\\/\\\/www.bellunopress.it\\\/#website\",\"url\":\"https:\\\/\\\/www.bellunopress.it\\\/\",\"name\":\"Bellunopress - Dolomiti\",\"description\":\"e-mail: redazione@bellunopress.it\",\"publisher\":{\"@id\":\"https:\\\/\\\/www.bellunopress.it\\\/#organization\"},\"potentialAction\":[{\"@type\":\"SearchAction\",\"target\":{\"@type\":\"EntryPoint\",\"urlTemplate\":\"https:\\\/\\\/www.bellunopress.it\\\/?s={search_term_string}\"},\"query-input\":{\"@type\":\"PropertyValueSpecification\",\"valueRequired\":true,\"valueName\":\"search_term_string\"}}],\"inLanguage\":\"fr-FR\"},{\"@type\":\"Organization\",\"@id\":\"https:\\\/\\\/www.bellunopress.it\\\/#organization\",\"name\":\"Bellunopress\",\"url\":\"https:\\\/\\\/www.bellunopress.it\\\/\",\"logo\":{\"@type\":\"ImageObject\",\"inLanguage\":\"fr-FR\",\"@id\":\"https:\\\/\\\/www.bellunopress.it\\\/#\\\/schema\\\/logo\\\/image\\\/\",\"url\":\"https:\\\/\\\/www.bellunopress.it\\\/wp-content\\\/uploads\\\/2011\\\/05\\\/cropped-logo-bellunopress-.jpg\",\"contentUrl\":\"https:\\\/\\\/www.bellunopress.it\\\/wp-content\\\/uploads\\\/2011\\\/05\\\/cropped-logo-bellunopress-.jpg\",\"width\":512,\"height\":512,\"caption\":\"Bellunopress\"},\"image\":{\"@id\":\"https:\\\/\\\/www.bellunopress.it\\\/#\\\/schema\\\/logo\\\/image\\\/\"},\"sameAs\":[\"https:\\\/\\\/www.facebook.com\\\/profile.php?id=100008943462799\",\"https:\\\/\\\/x.com\\\/bellunopress\",\"https:\\\/\\\/www.linkedin.com\\\/hp\\\/?dnr=JBzUWaJfMUw8vbXJJ2tVW5-I3jZKvC4wsoxE&amp;amp;amp;amp;amp;amp;trk=nav_responsive_tab_home\",\"https:\\\/\\\/www.youtube.com\\\/channel\\\/UCxL0wu1uN0_3_7hGG0306cw\"]},{\"@type\":\"Person\",\"@id\":\"https:\\\/\\\/www.bellunopress.it\\\/#\\\/schema\\\/person\\\/79bb06722b37ece1c03d3e94beb30d73\",\"name\":\"redazione\",\"image\":{\"@type\":\"ImageObject\",\"inLanguage\":\"fr-FR\",\"@id\":\"https:\\\/\\\/secure.gravatar.com\\\/avatar\\\/37d968a2e67a6fd04c169c4bdef102d0bc5d31b2546345219e348575eb80e9a0?s=96&d=mm&r=g\",\"url\":\"https:\\\/\\\/secure.gravatar.com\\\/avatar\\\/37d968a2e67a6fd04c169c4bdef102d0bc5d31b2546345219e348575eb80e9a0?s=96&d=mm&r=g\",\"contentUrl\":\"https:\\\/\\\/secure.gravatar.com\\\/avatar\\\/37d968a2e67a6fd04c169c4bdef102d0bc5d31b2546345219e348575eb80e9a0?s=96&d=mm&r=g\",\"caption\":\"redazione\"},\"sameAs\":[\"http:\\\/\\\/www.bellunopress.it\",\"https:\\\/\\\/x.com\\\/bellunopress\"],\"url\":\"https:\\\/\\\/www.bellunopress.it\\\/fr\\\/author\\\/redazione\\\/\"}]}<\/script>\n<!-- \/ Yoast SEO plugin. -->","yoast_head_json":{"title":"Sanit\u00e0, Schiesaro: \u201cPieno riconoscimento all\u2019ULSS 1 Dolomiti. Critiche strumentali rischiano di danneggiare la fiducia dei cittadini nella sanit\u00e0 pubblica\u201d - Bellunopress - Dolomiti","robots":{"index":"index","follow":"follow","max-snippet":"max-snippet:-1","max-image-preview":"max-image-preview:large","max-video-preview":"max-video-preview:-1"},"canonical":"https:\/\/www.bellunopress.it\/fr\/2026\/06\/19\/sanita-schiesaro-pieno-riconoscimento-allulss-1-dolomiti-critiche-strumentali-rischiano-di-danneggiare-la-fiducia-dei-cittadini-nella-sanita-pubblica\/","og_locale":"fr_FR","og_type":"article","og_title":"Sanit\u00e0, Schiesaro: \u201cPieno riconoscimento all\u2019ULSS 1 Dolomiti. Critiche strumentali rischiano di danneggiare la fiducia dei cittadini nella sanit\u00e0 pubblica\u201d - Bellunopress - Dolomiti","og_description":"&#8220;La Conferenza dei Sindaci bellunesi ha espresso la propria valutazione sull\u2019operato dell\u2019ULSS 1 Dolomiti, confermando il raggiungimento del massimo dei voti. Un risultato che, da parte mia, \u00e8 meritevole del pi\u00f9 profondo ringraziamento al Commissario Giuseppe Dal Ben, alla Direzione Strategica e a tutti i collaboratori dell\u2019Azienda sanitaria per il lavoro svolto nel corso del [&hellip;]","og_url":"https:\/\/www.bellunopress.it\/fr\/2026\/06\/19\/sanita-schiesaro-pieno-riconoscimento-allulss-1-dolomiti-critiche-strumentali-rischiano-di-danneggiare-la-fiducia-dei-cittadini-nella-sanita-pubblica\/","og_site_name":"Bellunopress - Dolomiti","article_publisher":"https:\/\/www.facebook.com\/profile.php?id=100008943462799","article_published_time":"2026-06-19T11:52:27+00:00","og_image":[{"width":500,"height":466,"url":"https:\/\/www.bellunopress.it\/wp-content\/uploads\/2026\/06\/Mauro-Schiesaro-sindaco-di-Vigo-di-Cad.jpg","type":"image\/jpeg"}],"author":"redazione","twitter_card":"summary_large_image","twitter_creator":"@bellunopress","twitter_site":"@bellunopress","twitter_misc":{"Written by":"redazione","Est. reading time":"4 minutes"},"schema":{"@context":"https:\/\/schema.org","@graph":[{"@type":"Article","@id":"https:\/\/www.bellunopress.it\/2026\/06\/19\/sanita-schiesaro-pieno-riconoscimento-allulss-1-dolomiti-critiche-strumentali-rischiano-di-danneggiare-la-fiducia-dei-cittadini-nella-sanita-pubblica\/#article","isPartOf":{"@id":"https:\/\/www.bellunopress.it\/2026\/06\/19\/sanita-schiesaro-pieno-riconoscimento-allulss-1-dolomiti-critiche-strumentali-rischiano-di-danneggiare-la-fiducia-dei-cittadini-nella-sanita-pubblica\/"},"author":{"name":"redazione","@id":"https:\/\/www.bellunopress.it\/#\/schema\/person\/79bb06722b37ece1c03d3e94beb30d73"},"headline":"Sanit\u00e0, Schiesaro: \u201cPieno riconoscimento all\u2019ULSS 1 Dolomiti. Critiche strumentali rischiano di danneggiare la fiducia dei cittadini nella sanit\u00e0 pubblica\u201d","datePublished":"2026-06-19T11:52:27+00:00","mainEntityOfPage":{"@id":"https:\/\/www.bellunopress.it\/2026\/06\/19\/sanita-schiesaro-pieno-riconoscimento-allulss-1-dolomiti-critiche-strumentali-rischiano-di-danneggiare-la-fiducia-dei-cittadini-nella-sanita-pubblica\/"},"wordCount":616,"publisher":{"@id":"https:\/\/www.bellunopress.it\/#organization"},"image":{"@id":"https:\/\/www.bellunopress.it\/2026\/06\/19\/sanita-schiesaro-pieno-riconoscimento-allulss-1-dolomiti-critiche-strumentali-rischiano-di-danneggiare-la-fiducia-dei-cittadini-nella-sanita-pubblica\/#primaryimage"},"thumbnailUrl":"https:\/\/www.bellunopress.it\/wp-content\/uploads\/2026\/06\/Mauro-Schiesaro-sindaco-di-Vigo-di-Cad.jpg","articleSection":["Prima Pagina","Sanit\u00e0 Medicina"],"inLanguage":"fr-FR"},{"@type":"WebPage","@id":"https:\/\/www.bellunopress.it\/2026\/06\/19\/sanita-schiesaro-pieno-riconoscimento-allulss-1-dolomiti-critiche-strumentali-rischiano-di-danneggiare-la-fiducia-dei-cittadini-nella-sanita-pubblica\/","url":"https:\/\/www.bellunopress.it\/2026\/06\/19\/sanita-schiesaro-pieno-riconoscimento-allulss-1-dolomiti-critiche-strumentali-rischiano-di-danneggiare-la-fiducia-dei-cittadini-nella-sanita-pubblica\/","name":"Sanit\u00e0, Schiesaro: \u201cPieno riconoscimento all\u2019ULSS 1 Dolomiti. Critiche strumentali rischiano di danneggiare la fiducia dei cittadini nella sanit\u00e0 pubblica\u201d - Bellunopress - Dolomiti","isPartOf":{"@id":"https:\/\/www.bellunopress.it\/#website"},"primaryImageOfPage":{"@id":"https:\/\/www.bellunopress.it\/2026\/06\/19\/sanita-schiesaro-pieno-riconoscimento-allulss-1-dolomiti-critiche-strumentali-rischiano-di-danneggiare-la-fiducia-dei-cittadini-nella-sanita-pubblica\/#primaryimage"},"image":{"@id":"https:\/\/www.bellunopress.it\/2026\/06\/19\/sanita-schiesaro-pieno-riconoscimento-allulss-1-dolomiti-critiche-strumentali-rischiano-di-danneggiare-la-fiducia-dei-cittadini-nella-sanita-pubblica\/#primaryimage"},"thumbnailUrl":"https:\/\/www.bellunopress.it\/wp-content\/uploads\/2026\/06\/Mauro-Schiesaro-sindaco-di-Vigo-di-Cad.jpg","datePublished":"2026-06-19T11:52:27+00:00","breadcrumb":{"@id":"https:\/\/www.bellunopress.it\/2026\/06\/19\/sanita-schiesaro-pieno-riconoscimento-allulss-1-dolomiti-critiche-strumentali-rischiano-di-danneggiare-la-fiducia-dei-cittadini-nella-sanita-pubblica\/#breadcrumb"},"inLanguage":"fr-FR","potentialAction":[{"@type":"ReadAction","target":["https:\/\/www.bellunopress.it\/2026\/06\/19\/sanita-schiesaro-pieno-riconoscimento-allulss-1-dolomiti-critiche-strumentali-rischiano-di-danneggiare-la-fiducia-dei-cittadini-nella-sanita-pubblica\/"]}]},{"@type":"ImageObject","inLanguage":"fr-FR","@id":"https:\/\/www.bellunopress.it\/2026\/06\/19\/sanita-schiesaro-pieno-riconoscimento-allulss-1-dolomiti-critiche-strumentali-rischiano-di-danneggiare-la-fiducia-dei-cittadini-nella-sanita-pubblica\/#primaryimage","url":"https:\/\/www.bellunopress.it\/wp-content\/uploads\/2026\/06\/Mauro-Schiesaro-sindaco-di-Vigo-di-Cad.jpg","contentUrl":"https:\/\/www.bellunopress.it\/wp-content\/uploads\/2026\/06\/Mauro-Schiesaro-sindaco-di-Vigo-di-Cad.jpg","width":500,"height":466,"caption":"Mauro Schiesaro, sindaco di Vigo di Cadore"},{"@type":"BreadcrumbList","@id":"https:\/\/www.bellunopress.it\/2026\/06\/19\/sanita-schiesaro-pieno-riconoscimento-allulss-1-dolomiti-critiche-strumentali-rischiano-di-danneggiare-la-fiducia-dei-cittadini-nella-sanita-pubblica\/#breadcrumb","itemListElement":[{"@type":"ListItem","position":1,"name":"Home","item":"https:\/\/www.bellunopress.it\/"},{"@type":"ListItem","position":2,"name":"Sanit\u00e0, Schiesaro: \u201cPieno riconoscimento all\u2019ULSS 1 Dolomiti. Critiche strumentali rischiano di danneggiare la fiducia dei cittadini nella sanit\u00e0 pubblica\u201d"}]},{"@type":"WebSite","@id":"https:\/\/www.bellunopress.it\/#website","url":"https:\/\/www.bellunopress.it\/","name":"Bellunopress - Dolomiti","description":"e-mail: redazione@bellunopress.it","publisher":{"@id":"https:\/\/www.bellunopress.it\/#organization"},"potentialAction":[{"@type":"SearchAction","target":{"@type":"EntryPoint","urlTemplate":"https:\/\/www.bellunopress.it\/?s={search_term_string}"},"query-input":{"@type":"PropertyValueSpecification","valueRequired":true,"valueName":"search_term_string"}}],"inLanguage":"fr-FR"},{"@type":"Organization","@id":"https:\/\/www.bellunopress.it\/#organization","name":"Bellunopress","url":"https:\/\/www.bellunopress.it\/","logo":{"@type":"ImageObject","inLanguage":"fr-FR","@id":"https:\/\/www.bellunopress.it\/#\/schema\/logo\/image\/","url":"https:\/\/www.bellunopress.it\/wp-content\/uploads\/2011\/05\/cropped-logo-bellunopress-.jpg","contentUrl":"https:\/\/www.bellunopress.it\/wp-content\/uploads\/2011\/05\/cropped-logo-bellunopress-.jpg","width":512,"height":512,"caption":"Bellunopress"},"image":{"@id":"https:\/\/www.bellunopress.it\/#\/schema\/logo\/image\/"},"sameAs":["https:\/\/www.facebook.com\/profile.php?id=100008943462799","https:\/\/x.com\/bellunopress","https:\/\/www.linkedin.com\/hp\/?dnr=JBzUWaJfMUw8vbXJJ2tVW5-I3jZKvC4wsoxE&amp;amp;amp;amp;amp;amp;trk=nav_responsive_tab_home","https:\/\/www.youtube.com\/channel\/UCxL0wu1uN0_3_7hGG0306cw"]},{"@type":"Person","@id":"https:\/\/www.bellunopress.it\/#\/schema\/person\/79bb06722b37ece1c03d3e94beb30d73","name":"r\u00e9daction","image":{"@type":"ImageObject","inLanguage":"fr-FR","@id":"https:\/\/secure.gravatar.com\/avatar\/37d968a2e67a6fd04c169c4bdef102d0bc5d31b2546345219e348575eb80e9a0?s=96&d=mm&r=g","url":"https:\/\/secure.gravatar.com\/avatar\/37d968a2e67a6fd04c169c4bdef102d0bc5d31b2546345219e348575eb80e9a0?s=96&d=mm&r=g","contentUrl":"https:\/\/secure.gravatar.com\/avatar\/37d968a2e67a6fd04c169c4bdef102d0bc5d31b2546345219e348575eb80e9a0?s=96&d=mm&r=g","caption":"redazione"},"sameAs":["http:\/\/www.bellunopress.it","https:\/\/x.com\/bellunopress"],"url":"https:\/\/www.bellunopress.it\/fr\/author\/redazione\/"}]}},"_links":{"self":[{"href":"https:\/\/www.bellunopress.it\/fr\/wp-json\/wp\/v2\/posts\/171079","targetHints":{"allow":["GET"]}}],"collection":[{"href":"https:\/\/www.bellunopress.it\/fr\/wp-json\/wp\/v2\/posts"}],"about":[{"href":"https:\/\/www.bellunopress.it\/fr\/wp-json\/wp\/v2\/types\/post"}],"author":[{"embeddable":true,"href":"https:\/\/www.bellunopress.it\/fr\/wp-json\/wp\/v2\/users\/2"}],"replies":[{"embeddable":true,"href":"https:\/\/www.bellunopress.it\/fr\/wp-json\/wp\/v2\/comments?post=171079"}],"version-history":[{"count":1,"href":"https:\/\/www.bellunopress.it\/fr\/wp-json\/wp\/v2\/posts\/171079\/revisions"}],"predecessor-version":[{"id":171081,"href":"https:\/\/www.bellunopress.it\/fr\/wp-json\/wp\/v2\/posts\/171079\/revisions\/171081"}],"wp:featuredmedia":[{"embeddable":true,"href":"https:\/\/www.bellunopress.it\/fr\/wp-json\/wp\/v2\/media\/171080"}],"wp:attachment":[{"href":"https:\/\/www.bellunopress.it\/fr\/wp-json\/wp\/v2\/media?parent=171079"}],"wp:term":[{"taxonomy":"category","embeddable":true,"href":"https:\/\/www.bellunopress.it\/fr\/wp-json\/wp\/v2\/categories?post=171079"},{"taxonomy":"post_tag","embeddable":true,"href":"https:\/\/www.bellunopress.it\/fr\/wp-json\/wp\/v2\/tags?post=171079"}],"curies":[{"name":"wp","href":"https:\/\/api.w.org\/{rel}","templated":true}]}}