{"id":171075,"date":"2026-06-19T13:07:10","date_gmt":"2026-06-19T11:07:10","guid":{"rendered":"https:\/\/www.bellunopress.it\/?p=171075"},"modified":"2026-06-19T13:07:10","modified_gmt":"2026-06-19T11:07:10","slug":"fermato-a-un-posto-di-blocco-sulla-ss51-arrestato-38enne-ricercato-da-anni","status":"publish","type":"post","link":"https:\/\/www.bellunopress.it\/fr\/2026\/06\/19\/fermato-a-un-posto-di-blocco-sulla-ss51-arrestato-38enne-ricercato-da-anni\/","title":{"rendered":"Fermato a un posto di blocco sulla SS51: arrestato 38enne ricercato da anni"},"content":{"rendered":"<p>Longarone &#8211; Un controllo di routine lungo la strada statale 51 d\u2019Alemagna si \u00e8 trasformato, nella notte del 14 giugno scorso, nell&#8217;arresto di un uomo su cui pendeva un ordine di carcerazione da quasi un decennio.<\/p>\n<p>La pattuglia della Sezione Polizia Stradale di Belluno, impegnata nei consueti servizi di vigilanza stradale nel Comune di Longarone, ha intimato l\u2019alt a un SUV di colore nero che procedeva in direzione di Cortina d\u2019Ampezzo. A bordo del veicolo viaggiavano tre uomini, la cui presenza ha insospettito gli agenti, spingendoli a procedere a un controllo pi\u00f9 approfondito.<\/p>\n<p>Dagli accertamenti effettuati in banca dati \u00e8 emerso che uno dei passeggeri, un cittadino di nazionalit\u00e0 albanese di 38 anni, era destinatario di un ordine di carcerazione emesso nel 2017 dalla Procura della Repubblica presso il Tribunale di Treviso. L&#8217;uomo doveva scontare un cumulo di pena di un anno di reclusione per diversi reati commessi nella provincia trevigiana, tra cui possesso di strumenti atti allo scasso, porto abusivo di armi e resistenza a pubblico ufficiale.<\/p>\n<p>Il provvedimento, tuttavia, non era mai stato eseguito poich\u00e9 il trentottenne, subito dopo i fatti, aveva fatto perdere le proprie tracce riparando all\u2019estero, dove ha soggiornato per diversi anni.<\/p>\n<p>Gli agenti della Stradale, con il supporto dell\u2019Ufficio Prevenzione Generale della Questura di Belluno, hanno accompagnato i tre uomini in ufficio per completare le verifiche. Una volta confermata l&#8217;identit\u00e0 e la pendenza del mandato, il trentottenne \u00e8 stato dichiarato in arresto. Al termine delle formalit\u00e0 di rito, l&#8217;uomo \u00e8 stato condotto presso la Casa Circondariale di Baldenich, dove dovr\u00e0 espiare la pena detentiva.<\/p>\n<p>L\u2019operazione rientra nel piano di potenziamento dei controlli del territorio predisposto dalla Polizia di Stato per il fine settimana, finalizzato al monitoraggio capillare delle principali arterie stradali e delle aree extraurbane, a garanzia della sicurezza dei cittadini.<\/p>\n<p>&nbsp;<\/p>\n<p>&nbsp;<\/p>\n<p>&nbsp;<\/p>\n<p>&nbsp;<\/p>","protected":false},"excerpt":{"rendered":"<p>Longarone &#8211; Un controllo di routine lungo la strada statale 51 d\u2019Alemagna si \u00e8 trasformato, nella notte del 14 giugno scorso, nell&#8217;arresto di un uomo su cui pendeva un ordine di carcerazione da quasi un decennio. La pattuglia della Sezione Polizia Stradale di Belluno, impegnata nei consueti servizi di vigilanza stradale nel Comune di Longarone, [&hellip;]<\/p>\n","protected":false},"author":2,"featured_media":159185,"comment_status":"closed","ping_status":"open","sticky":false,"template":"","format":"standard","meta":{"footnotes":""},"categories":[5,26],"tags":[],"class_list":["post-171075","post","type-post","status-publish","format-standard","has-post-thumbnail","category-cronaca","category-prima-pagina"],"yoast_head":"<!-- This site is optimized with the Yoast SEO plugin v28.4 - https:\/\/yoast.com\/product\/yoast-seo-wordpress\/ -->\n<title>Fermato a un posto di blocco sulla SS51: arrestato 38enne ricercato da anni - Bellunopress - Dolomiti<\/title>\n<meta name=\"robots\" content=\"index, follow, max-snippet:-1, max-image-preview:large, max-video-preview:-1\" \/>\n<link rel=\"canonical\" href=\"https:\/\/www.bellunopress.it\/fr\/2026\/06\/19\/fermato-a-un-posto-di-blocco-sulla-ss51-arrestato-38enne-ricercato-da-anni\/\" \/>\n<meta property=\"og:locale\" content=\"fr_FR\" \/>\n<meta property=\"og:type\" content=\"article\" \/>\n<meta property=\"og:title\" content=\"Fermato a un posto di blocco sulla SS51: arrestato 38enne ricercato da anni - Bellunopress - Dolomiti\" \/>\n<meta property=\"og:description\" content=\"Longarone &#8211; Un controllo di routine lungo la strada statale 51 d\u2019Alemagna si \u00e8 trasformato, nella notte del 14 giugno scorso, nell&#8217;arresto di un uomo su cui pendeva un ordine di carcerazione da quasi un decennio. La pattuglia della Sezione Polizia Stradale di Belluno, impegnata nei consueti servizi di vigilanza stradale nel Comune di Longarone, [&hellip;]\" \/>\n<meta property=\"og:url\" content=\"https:\/\/www.bellunopress.it\/fr\/2026\/06\/19\/fermato-a-un-posto-di-blocco-sulla-ss51-arrestato-38enne-ricercato-da-anni\/\" \/>\n<meta property=\"og:site_name\" content=\"Bellunopress - Dolomiti\" \/>\n<meta property=\"article:publisher\" content=\"https:\/\/www.facebook.com\/profile.php?id=100008943462799\" \/>\n<meta property=\"article:published_time\" content=\"2026-06-19T11:07:10+00:00\" \/>\n<meta property=\"og:image\" content=\"https:\/\/www.bellunopress.it\/wp-content\/uploads\/2025\/04\/Alfa-Stelvio-Polizia-stradale_edited.jpg\" \/>\n\t<meta property=\"og:image:width\" content=\"882\" \/>\n\t<meta property=\"og:image:height\" content=\"732\" \/>\n\t<meta property=\"og:image:type\" content=\"image\/jpeg\" \/>\n<meta name=\"author\" content=\"redazione\" \/>\n<meta name=\"twitter:card\" content=\"summary_large_image\" \/>\n<meta name=\"twitter:creator\" content=\"@bellunopress\" \/>\n<meta name=\"twitter:site\" content=\"@bellunopress\" \/>\n<meta name=\"twitter:label1\" content=\"\u00c9crit par\" \/>\n\t<meta name=\"twitter:data1\" content=\"redazione\" \/>\n\t<meta name=\"twitter:label2\" content=\"Dur\u00e9e de lecture estim\u00e9e\" \/>\n\t<meta name=\"twitter:data2\" content=\"2 minutes\" \/>\n<script type=\"application\/ld+json\" class=\"yoast-schema-graph\">{\"@context\":\"https:\\\/\\\/schema.org\",\"@graph\":[{\"@type\":\"Article\",\"@id\":\"https:\\\/\\\/www.bellunopress.it\\\/2026\\\/06\\\/19\\\/fermato-a-un-posto-di-blocco-sulla-ss51-arrestato-38enne-ricercato-da-anni\\\/#article\",\"isPartOf\":{\"@id\":\"https:\\\/\\\/www.bellunopress.it\\\/2026\\\/06\\\/19\\\/fermato-a-un-posto-di-blocco-sulla-ss51-arrestato-38enne-ricercato-da-anni\\\/\"},\"author\":{\"name\":\"redazione\",\"@id\":\"https:\\\/\\\/www.bellunopress.it\\\/#\\\/schema\\\/person\\\/79bb06722b37ece1c03d3e94beb30d73\"},\"headline\":\"Fermato a un posto di blocco sulla SS51: arrestato 38enne ricercato da anni\",\"datePublished\":\"2026-06-19T11:07:10+00:00\",\"mainEntityOfPage\":{\"@id\":\"https:\\\/\\\/www.bellunopress.it\\\/2026\\\/06\\\/19\\\/fermato-a-un-posto-di-blocco-sulla-ss51-arrestato-38enne-ricercato-da-anni\\\/\"},\"wordCount\":316,\"publisher\":{\"@id\":\"https:\\\/\\\/www.bellunopress.it\\\/#organization\"},\"image\":{\"@id\":\"https:\\\/\\\/www.bellunopress.it\\\/2026\\\/06\\\/19\\\/fermato-a-un-posto-di-blocco-sulla-ss51-arrestato-38enne-ricercato-da-anni\\\/#primaryimage\"},\"thumbnailUrl\":\"https:\\\/\\\/www.bellunopress.it\\\/wp-content\\\/uploads\\\/2025\\\/04\\\/Alfa-Stelvio-Polizia-stradale_edited.jpg\",\"articleSection\":[\"Cronaca\\\/Politica\",\"Prima Pagina\"],\"inLanguage\":\"fr-FR\"},{\"@type\":\"WebPage\",\"@id\":\"https:\\\/\\\/www.bellunopress.it\\\/2026\\\/06\\\/19\\\/fermato-a-un-posto-di-blocco-sulla-ss51-arrestato-38enne-ricercato-da-anni\\\/\",\"url\":\"https:\\\/\\\/www.bellunopress.it\\\/2026\\\/06\\\/19\\\/fermato-a-un-posto-di-blocco-sulla-ss51-arrestato-38enne-ricercato-da-anni\\\/\",\"name\":\"Fermato a un posto di blocco sulla SS51: arrestato 38enne ricercato da anni - Bellunopress - Dolomiti\",\"isPartOf\":{\"@id\":\"https:\\\/\\\/www.bellunopress.it\\\/#website\"},\"primaryImageOfPage\":{\"@id\":\"https:\\\/\\\/www.bellunopress.it\\\/2026\\\/06\\\/19\\\/fermato-a-un-posto-di-blocco-sulla-ss51-arrestato-38enne-ricercato-da-anni\\\/#primaryimage\"},\"image\":{\"@id\":\"https:\\\/\\\/www.bellunopress.it\\\/2026\\\/06\\\/19\\\/fermato-a-un-posto-di-blocco-sulla-ss51-arrestato-38enne-ricercato-da-anni\\\/#primaryimage\"},\"thumbnailUrl\":\"https:\\\/\\\/www.bellunopress.it\\\/wp-content\\\/uploads\\\/2025\\\/04\\\/Alfa-Stelvio-Polizia-stradale_edited.jpg\",\"datePublished\":\"2026-06-19T11:07:10+00:00\",\"breadcrumb\":{\"@id\":\"https:\\\/\\\/www.bellunopress.it\\\/2026\\\/06\\\/19\\\/fermato-a-un-posto-di-blocco-sulla-ss51-arrestato-38enne-ricercato-da-anni\\\/#breadcrumb\"},\"inLanguage\":\"fr-FR\",\"potentialAction\":[{\"@type\":\"ReadAction\",\"target\":[\"https:\\\/\\\/www.bellunopress.it\\\/2026\\\/06\\\/19\\\/fermato-a-un-posto-di-blocco-sulla-ss51-arrestato-38enne-ricercato-da-anni\\\/\"]}]},{\"@type\":\"ImageObject\",\"inLanguage\":\"fr-FR\",\"@id\":\"https:\\\/\\\/www.bellunopress.it\\\/2026\\\/06\\\/19\\\/fermato-a-un-posto-di-blocco-sulla-ss51-arrestato-38enne-ricercato-da-anni\\\/#primaryimage\",\"url\":\"https:\\\/\\\/www.bellunopress.it\\\/wp-content\\\/uploads\\\/2025\\\/04\\\/Alfa-Stelvio-Polizia-stradale_edited.jpg\",\"contentUrl\":\"https:\\\/\\\/www.bellunopress.it\\\/wp-content\\\/uploads\\\/2025\\\/04\\\/Alfa-Stelvio-Polizia-stradale_edited.jpg\",\"width\":882,\"height\":732},{\"@type\":\"BreadcrumbList\",\"@id\":\"https:\\\/\\\/www.bellunopress.it\\\/2026\\\/06\\\/19\\\/fermato-a-un-posto-di-blocco-sulla-ss51-arrestato-38enne-ricercato-da-anni\\\/#breadcrumb\",\"itemListElement\":[{\"@type\":\"ListItem\",\"position\":1,\"name\":\"Home\",\"item\":\"https:\\\/\\\/www.bellunopress.it\\\/\"},{\"@type\":\"ListItem\",\"position\":2,\"name\":\"Fermato a un posto di blocco sulla SS51: arrestato 38enne ricercato da anni\"}]},{\"@type\":\"WebSite\",\"@id\":\"https:\\\/\\\/www.bellunopress.it\\\/#website\",\"url\":\"https:\\\/\\\/www.bellunopress.it\\\/\",\"name\":\"Bellunopress - Dolomiti\",\"description\":\"e-mail: redazione@bellunopress.it\",\"publisher\":{\"@id\":\"https:\\\/\\\/www.bellunopress.it\\\/#organization\"},\"potentialAction\":[{\"@type\":\"SearchAction\",\"target\":{\"@type\":\"EntryPoint\",\"urlTemplate\":\"https:\\\/\\\/www.bellunopress.it\\\/?s={search_term_string}\"},\"query-input\":{\"@type\":\"PropertyValueSpecification\",\"valueRequired\":true,\"valueName\":\"search_term_string\"}}],\"inLanguage\":\"fr-FR\"},{\"@type\":\"Organization\",\"@id\":\"https:\\\/\\\/www.bellunopress.it\\\/#organization\",\"name\":\"Bellunopress\",\"url\":\"https:\\\/\\\/www.bellunopress.it\\\/\",\"logo\":{\"@type\":\"ImageObject\",\"inLanguage\":\"fr-FR\",\"@id\":\"https:\\\/\\\/www.bellunopress.it\\\/#\\\/schema\\\/logo\\\/image\\\/\",\"url\":\"https:\\\/\\\/www.bellunopress.it\\\/wp-content\\\/uploads\\\/2011\\\/05\\\/cropped-logo-bellunopress-.jpg\",\"contentUrl\":\"https:\\\/\\\/www.bellunopress.it\\\/wp-content\\\/uploads\\\/2011\\\/05\\\/cropped-logo-bellunopress-.jpg\",\"width\":512,\"height\":512,\"caption\":\"Bellunopress\"},\"image\":{\"@id\":\"https:\\\/\\\/www.bellunopress.it\\\/#\\\/schema\\\/logo\\\/image\\\/\"},\"sameAs\":[\"https:\\\/\\\/www.facebook.com\\\/profile.php?id=100008943462799\",\"https:\\\/\\\/x.com\\\/bellunopress\",\"https:\\\/\\\/www.linkedin.com\\\/hp\\\/?dnr=JBzUWaJfMUw8vbXJJ2tVW5-I3jZKvC4wsoxE&amp;amp;amp;amp;amp;amp;trk=nav_responsive_tab_home\",\"https:\\\/\\\/www.youtube.com\\\/channel\\\/UCxL0wu1uN0_3_7hGG0306cw\"]},{\"@type\":\"Person\",\"@id\":\"https:\\\/\\\/www.bellunopress.it\\\/#\\\/schema\\\/person\\\/79bb06722b37ece1c03d3e94beb30d73\",\"name\":\"redazione\",\"image\":{\"@type\":\"ImageObject\",\"inLanguage\":\"fr-FR\",\"@id\":\"https:\\\/\\\/secure.gravatar.com\\\/avatar\\\/37d968a2e67a6fd04c169c4bdef102d0bc5d31b2546345219e348575eb80e9a0?s=96&d=mm&r=g\",\"url\":\"https:\\\/\\\/secure.gravatar.com\\\/avatar\\\/37d968a2e67a6fd04c169c4bdef102d0bc5d31b2546345219e348575eb80e9a0?s=96&d=mm&r=g\",\"contentUrl\":\"https:\\\/\\\/secure.gravatar.com\\\/avatar\\\/37d968a2e67a6fd04c169c4bdef102d0bc5d31b2546345219e348575eb80e9a0?s=96&d=mm&r=g\",\"caption\":\"redazione\"},\"sameAs\":[\"http:\\\/\\\/www.bellunopress.it\",\"https:\\\/\\\/x.com\\\/bellunopress\"],\"url\":\"https:\\\/\\\/www.bellunopress.it\\\/fr\\\/author\\\/redazione\\\/\"}]}<\/script>\n<!-- \/ Yoast SEO plugin. -->","yoast_head_json":{"title":"Fermato a un posto di blocco sulla SS51: arrestato 38enne ricercato da anni - Bellunopress - Dolomiti","robots":{"index":"index","follow":"follow","max-snippet":"max-snippet:-1","max-image-preview":"max-image-preview:large","max-video-preview":"max-video-preview:-1"},"canonical":"https:\/\/www.bellunopress.it\/fr\/2026\/06\/19\/fermato-a-un-posto-di-blocco-sulla-ss51-arrestato-38enne-ricercato-da-anni\/","og_locale":"fr_FR","og_type":"article","og_title":"Fermato a un posto di blocco sulla SS51: arrestato 38enne ricercato da anni - Bellunopress - Dolomiti","og_description":"Longarone &#8211; Un controllo di routine lungo la strada statale 51 d\u2019Alemagna si \u00e8 trasformato, nella notte del 14 giugno scorso, nell&#8217;arresto di un uomo su cui pendeva un ordine di carcerazione da quasi un decennio. La pattuglia della Sezione Polizia Stradale di Belluno, impegnata nei consueti servizi di vigilanza stradale nel Comune di Longarone, [&hellip;]","og_url":"https:\/\/www.bellunopress.it\/fr\/2026\/06\/19\/fermato-a-un-posto-di-blocco-sulla-ss51-arrestato-38enne-ricercato-da-anni\/","og_site_name":"Bellunopress - Dolomiti","article_publisher":"https:\/\/www.facebook.com\/profile.php?id=100008943462799","article_published_time":"2026-06-19T11:07:10+00:00","og_image":[{"width":882,"height":732,"url":"https:\/\/www.bellunopress.it\/wp-content\/uploads\/2025\/04\/Alfa-Stelvio-Polizia-stradale_edited.jpg","type":"image\/jpeg"}],"author":"redazione","twitter_card":"summary_large_image","twitter_creator":"@bellunopress","twitter_site":"@bellunopress","twitter_misc":{"\u00c9crit par":"redazione","Dur\u00e9e de lecture estim\u00e9e":"2 minutes"},"schema":{"@context":"https:\/\/schema.org","@graph":[{"@type":"Article","@id":"https:\/\/www.bellunopress.it\/2026\/06\/19\/fermato-a-un-posto-di-blocco-sulla-ss51-arrestato-38enne-ricercato-da-anni\/#article","isPartOf":{"@id":"https:\/\/www.bellunopress.it\/2026\/06\/19\/fermato-a-un-posto-di-blocco-sulla-ss51-arrestato-38enne-ricercato-da-anni\/"},"author":{"name":"redazione","@id":"https:\/\/www.bellunopress.it\/#\/schema\/person\/79bb06722b37ece1c03d3e94beb30d73"},"headline":"Fermato a un posto di blocco sulla SS51: arrestato 38enne ricercato da anni","datePublished":"2026-06-19T11:07:10+00:00","mainEntityOfPage":{"@id":"https:\/\/www.bellunopress.it\/2026\/06\/19\/fermato-a-un-posto-di-blocco-sulla-ss51-arrestato-38enne-ricercato-da-anni\/"},"wordCount":316,"publisher":{"@id":"https:\/\/www.bellunopress.it\/#organization"},"image":{"@id":"https:\/\/www.bellunopress.it\/2026\/06\/19\/fermato-a-un-posto-di-blocco-sulla-ss51-arrestato-38enne-ricercato-da-anni\/#primaryimage"},"thumbnailUrl":"https:\/\/www.bellunopress.it\/wp-content\/uploads\/2025\/04\/Alfa-Stelvio-Polizia-stradale_edited.jpg","articleSection":["Cronaca\/Politica","Prima Pagina"],"inLanguage":"fr-FR"},{"@type":"WebPage","@id":"https:\/\/www.bellunopress.it\/2026\/06\/19\/fermato-a-un-posto-di-blocco-sulla-ss51-arrestato-38enne-ricercato-da-anni\/","url":"https:\/\/www.bellunopress.it\/2026\/06\/19\/fermato-a-un-posto-di-blocco-sulla-ss51-arrestato-38enne-ricercato-da-anni\/","name":"Fermato a un posto di blocco sulla SS51: arrestato 38enne ricercato da anni - Bellunopress - Dolomiti","isPartOf":{"@id":"https:\/\/www.bellunopress.it\/#website"},"primaryImageOfPage":{"@id":"https:\/\/www.bellunopress.it\/2026\/06\/19\/fermato-a-un-posto-di-blocco-sulla-ss51-arrestato-38enne-ricercato-da-anni\/#primaryimage"},"image":{"@id":"https:\/\/www.bellunopress.it\/2026\/06\/19\/fermato-a-un-posto-di-blocco-sulla-ss51-arrestato-38enne-ricercato-da-anni\/#primaryimage"},"thumbnailUrl":"https:\/\/www.bellunopress.it\/wp-content\/uploads\/2025\/04\/Alfa-Stelvio-Polizia-stradale_edited.jpg","datePublished":"2026-06-19T11:07:10+00:00","breadcrumb":{"@id":"https:\/\/www.bellunopress.it\/2026\/06\/19\/fermato-a-un-posto-di-blocco-sulla-ss51-arrestato-38enne-ricercato-da-anni\/#breadcrumb"},"inLanguage":"fr-FR","potentialAction":[{"@type":"ReadAction","target":["https:\/\/www.bellunopress.it\/2026\/06\/19\/fermato-a-un-posto-di-blocco-sulla-ss51-arrestato-38enne-ricercato-da-anni\/"]}]},{"@type":"ImageObject","inLanguage":"fr-FR","@id":"https:\/\/www.bellunopress.it\/2026\/06\/19\/fermato-a-un-posto-di-blocco-sulla-ss51-arrestato-38enne-ricercato-da-anni\/#primaryimage","url":"https:\/\/www.bellunopress.it\/wp-content\/uploads\/2025\/04\/Alfa-Stelvio-Polizia-stradale_edited.jpg","contentUrl":"https:\/\/www.bellunopress.it\/wp-content\/uploads\/2025\/04\/Alfa-Stelvio-Polizia-stradale_edited.jpg","width":882,"height":732},{"@type":"BreadcrumbList","@id":"https:\/\/www.bellunopress.it\/2026\/06\/19\/fermato-a-un-posto-di-blocco-sulla-ss51-arrestato-38enne-ricercato-da-anni\/#breadcrumb","itemListElement":[{"@type":"ListItem","position":1,"name":"Home","item":"https:\/\/www.bellunopress.it\/"},{"@type":"ListItem","position":2,"name":"Fermato a un posto di blocco sulla SS51: arrestato 38enne ricercato da anni"}]},{"@type":"WebSite","@id":"https:\/\/www.bellunopress.it\/#website","url":"https:\/\/www.bellunopress.it\/","name":"Bellunopress - Dolomiti","description":"e-mail: redazione@bellunopress.it","publisher":{"@id":"https:\/\/www.bellunopress.it\/#organization"},"potentialAction":[{"@type":"SearchAction","target":{"@type":"EntryPoint","urlTemplate":"https:\/\/www.bellunopress.it\/?s={search_term_string}"},"query-input":{"@type":"PropertyValueSpecification","valueRequired":true,"valueName":"search_term_string"}}],"inLanguage":"fr-FR"},{"@type":"Organization","@id":"https:\/\/www.bellunopress.it\/#organization","name":"Bellunopress","url":"https:\/\/www.bellunopress.it\/","logo":{"@type":"ImageObject","inLanguage":"fr-FR","@id":"https:\/\/www.bellunopress.it\/#\/schema\/logo\/image\/","url":"https:\/\/www.bellunopress.it\/wp-content\/uploads\/2011\/05\/cropped-logo-bellunopress-.jpg","contentUrl":"https:\/\/www.bellunopress.it\/wp-content\/uploads\/2011\/05\/cropped-logo-bellunopress-.jpg","width":512,"height":512,"caption":"Bellunopress"},"image":{"@id":"https:\/\/www.bellunopress.it\/#\/schema\/logo\/image\/"},"sameAs":["https:\/\/www.facebook.com\/profile.php?id=100008943462799","https:\/\/x.com\/bellunopress","https:\/\/www.linkedin.com\/hp\/?dnr=JBzUWaJfMUw8vbXJJ2tVW5-I3jZKvC4wsoxE&amp;amp;amp;amp;amp;amp;trk=nav_responsive_tab_home","https:\/\/www.youtube.com\/channel\/UCxL0wu1uN0_3_7hGG0306cw"]},{"@type":"Person","@id":"https:\/\/www.bellunopress.it\/#\/schema\/person\/79bb06722b37ece1c03d3e94beb30d73","name":"r\u00e9daction","image":{"@type":"ImageObject","inLanguage":"fr-FR","@id":"https:\/\/secure.gravatar.com\/avatar\/37d968a2e67a6fd04c169c4bdef102d0bc5d31b2546345219e348575eb80e9a0?s=96&d=mm&r=g","url":"https:\/\/secure.gravatar.com\/avatar\/37d968a2e67a6fd04c169c4bdef102d0bc5d31b2546345219e348575eb80e9a0?s=96&d=mm&r=g","contentUrl":"https:\/\/secure.gravatar.com\/avatar\/37d968a2e67a6fd04c169c4bdef102d0bc5d31b2546345219e348575eb80e9a0?s=96&d=mm&r=g","caption":"redazione"},"sameAs":["http:\/\/www.bellunopress.it","https:\/\/x.com\/bellunopress"],"url":"https:\/\/www.bellunopress.it\/fr\/author\/redazione\/"}]}},"_links":{"self":[{"href":"https:\/\/www.bellunopress.it\/fr\/wp-json\/wp\/v2\/posts\/171075","targetHints":{"allow":["GET"]}}],"collection":[{"href":"https:\/\/www.bellunopress.it\/fr\/wp-json\/wp\/v2\/posts"}],"about":[{"href":"https:\/\/www.bellunopress.it\/fr\/wp-json\/wp\/v2\/types\/post"}],"author":[{"embeddable":true,"href":"https:\/\/www.bellunopress.it\/fr\/wp-json\/wp\/v2\/users\/2"}],"replies":[{"embeddable":true,"href":"https:\/\/www.bellunopress.it\/fr\/wp-json\/wp\/v2\/comments?post=171075"}],"version-history":[{"count":1,"href":"https:\/\/www.bellunopress.it\/fr\/wp-json\/wp\/v2\/posts\/171075\/revisions"}],"predecessor-version":[{"id":171076,"href":"https:\/\/www.bellunopress.it\/fr\/wp-json\/wp\/v2\/posts\/171075\/revisions\/171076"}],"wp:featuredmedia":[{"embeddable":true,"href":"https:\/\/www.bellunopress.it\/fr\/wp-json\/wp\/v2\/media\/159185"}],"wp:attachment":[{"href":"https:\/\/www.bellunopress.it\/fr\/wp-json\/wp\/v2\/media?parent=171075"}],"wp:term":[{"taxonomy":"category","embeddable":true,"href":"https:\/\/www.bellunopress.it\/fr\/wp-json\/wp\/v2\/categories?post=171075"},{"taxonomy":"post_tag","embeddable":true,"href":"https:\/\/www.bellunopress.it\/fr\/wp-json\/wp\/v2\/tags?post=171075"}],"curies":[{"name":"wp","href":"https:\/\/api.w.org\/{rel}","templated":true}]}}