{"id":171071,"date":"2026-06-19T07:03:50","date_gmt":"2026-06-19T05:03:50","guid":{"rendered":"https:\/\/www.bellunopress.it\/?p=171071"},"modified":"2026-06-19T07:03:50","modified_gmt":"2026-06-19T05:03:50","slug":"val-di-canzoi-riapre-il-punto-di-ristoro-di-orsera","status":"publish","type":"post","link":"https:\/\/www.bellunopress.it\/fr\/2026\/06\/19\/val-di-canzoi-riapre-il-punto-di-ristoro-di-orsera\/","title":{"rendered":"Val di Canzoi, riapre il punto di ristoro di Orsera"},"content":{"rendered":"<div class=\"container\">\n<div id=\"model-response-message-contentr_ee42912715ab9683\" class=\"markdown markdown-main-panel enable-luminous-fast-follows enable-updated-hr-color\" dir=\"ltr\" aria-live=\"polite\" aria-busy=\"false\">\n<p data-path-to-node=\"3\">Cesiomaggiore, 19\/06\/2026\u00a0\u2013 Buone notizie per gli amanti della montagna e per il turismo locale. L\u2019Amministrazione comunale di Cesiomaggiore ha annunciato ufficialmente la riapertura del punto di ristoro di Orsera, in Val di Canzoi, uno dei luoghi pi\u00f9 amati e frequentati dai visitatori e porta di accesso privilegiata al Parco Nazionale delle Dolomiti Bellunesi.<\/p>\n<p data-path-to-node=\"4\">La struttura torner\u00e0 operativa grazie all&#8217;aggiudicazione della gestione alla ditta Il Banda S.r.l., risultata vincitrice a seguito della procedura pubblica indetta dal Comune. Il chiosco di Orsera, situato in un contesto naturalistico di grande pregio, rappresenta un nodo nevralgico per l&#8217;accoglienza di escursionisti, famiglie e residenti, offrendo servizi indispensabili per chi sceglie di trascorrere le proprie giornate tra le vette bellunesi.<\/p>\n<p data-path-to-node=\"6\">\u00abEsprimo grande soddisfazione per il fatto che anche quest\u2019anno si sia riusciti a garantire l\u2019apertura del punto di ristoro\u00bb, ha commentato Carlo Vigna, Assessore al Turismo di Cesiomaggiore. \u00abLa presenza di un servizio di accoglienza e ristoro in Val di Canzoi \u00e8 fondamentale per la valorizzazione del territorio. Orsera non \u00e8 soltanto un\u2019attivit\u00e0 economica, ma un vero punto di riferimento che rende la valle pi\u00f9 fruibile e attrattiva\u00bb.<\/p>\n<p data-path-to-node=\"7\">L\u2019Assessore ha inoltre rivolto un augurio di buon lavoro ai nuovi gestori e un sentito ringraziamento agli uffici comunali, il cui impegno \u00e8 stato decisivo per completare l&#8217;iter burocratico in tempo utile per l&#8217;avvio della stagione estiva.<\/p>\n<p data-path-to-node=\"9\">La riapertura di questa stagione \u00e8 solo il primo passo di un percorso di valorizzazione pi\u00f9 ampio. Il Comune ha infatti confermato che nei prossimi mesi prender\u00e0 il via il cantiere di riqualificazione dell\u2019edificio principale.<\/p>\n<p data-path-to-node=\"10\">L\u2019intervento mira a modernizzare e ampliare i servizi offerti, con l\u2019obiettivo strategico di potenziare l\u2019attrattivit\u00e0 turistica della Val di Canzoi. La visione dell\u2019Amministrazione \u00e8 quella di favorire uno sviluppo sostenibile, capace di mettere a sistema gli investimenti pubblici con l&#8217;iniziativa privata, consolidando la valle come una meta di eccellenza per il turismo montano.<\/p>\n<\/div>\n<\/div>","protected":false},"excerpt":{"rendered":"<p>Cesiomaggiore, 19\/06\/2026\u00a0\u2013 Buone notizie per gli amanti della montagna e per il turismo locale. L\u2019Amministrazione comunale di Cesiomaggiore ha annunciato ufficialmente la riapertura del punto di ristoro di Orsera, in Val di Canzoi, uno dei luoghi pi\u00f9 amati e frequentati dai visitatori e porta di accesso privilegiata al Parco Nazionale delle Dolomiti Bellunesi. La struttura [&hellip;]<\/p>\n","protected":false},"author":2,"featured_media":149205,"comment_status":"closed","ping_status":"open","sticky":false,"template":"","format":"standard","meta":{"footnotes":""},"categories":[25,4],"tags":[],"class_list":["post-171071","post","type-post","status-publish","format-standard","has-post-thumbnail","category-pausa-caffe","category-sport"],"yoast_head":"<!-- This site is optimized with the Yoast SEO plugin v28.4 - https:\/\/yoast.com\/product\/yoast-seo-wordpress\/ -->\n<title>Val di Canzoi, riapre il punto di ristoro di Orsera - Bellunopress - Dolomiti<\/title>\n<meta name=\"robots\" content=\"index, follow, max-snippet:-1, max-image-preview:large, max-video-preview:-1\" \/>\n<link rel=\"canonical\" href=\"https:\/\/www.bellunopress.it\/fr\/2026\/06\/19\/val-di-canzoi-riapre-il-punto-di-ristoro-di-orsera\/\" \/>\n<meta property=\"og:locale\" content=\"fr_FR\" \/>\n<meta property=\"og:type\" content=\"article\" \/>\n<meta property=\"og:title\" content=\"Val di Canzoi, riapre il punto di ristoro di Orsera - Bellunopress - Dolomiti\" \/>\n<meta property=\"og:description\" content=\"Cesiomaggiore, 19\/06\/2026\u00a0\u2013 Buone notizie per gli amanti della montagna e per il turismo locale. L\u2019Amministrazione comunale di Cesiomaggiore ha annunciato ufficialmente la riapertura del punto di ristoro di Orsera, in Val di Canzoi, uno dei luoghi pi\u00f9 amati e frequentati dai visitatori e porta di accesso privilegiata al Parco Nazionale delle Dolomiti Bellunesi. La struttura [&hellip;]\" \/>\n<meta property=\"og:url\" content=\"https:\/\/www.bellunopress.it\/fr\/2026\/06\/19\/val-di-canzoi-riapre-il-punto-di-ristoro-di-orsera\/\" \/>\n<meta property=\"og:site_name\" content=\"Bellunopress - Dolomiti\" \/>\n<meta property=\"article:publisher\" content=\"https:\/\/www.facebook.com\/profile.php?id=100008943462799\" \/>\n<meta property=\"article:published_time\" content=\"2026-06-19T05:03:50+00:00\" \/>\n<meta property=\"og:image\" content=\"https:\/\/www.bellunopress.it\/wp-content\/uploads\/2024\/03\/Locazione_turistica_ValCanzoi-Orsera-Cesiomaggiore_edited.jpg\" \/>\n\t<meta property=\"og:image:width\" content=\"1000\" \/>\n\t<meta property=\"og:image:height\" content=\"625\" \/>\n\t<meta property=\"og:image:type\" content=\"image\/jpeg\" \/>\n<meta name=\"author\" content=\"redazione\" \/>\n<meta name=\"twitter:card\" content=\"summary_large_image\" \/>\n<meta name=\"twitter:creator\" content=\"@bellunopress\" \/>\n<meta name=\"twitter:site\" content=\"@bellunopress\" \/>\n<meta name=\"twitter:label1\" content=\"\u00c9crit par\" \/>\n\t<meta name=\"twitter:data1\" content=\"redazione\" \/>\n\t<meta name=\"twitter:label2\" content=\"Dur\u00e9e de lecture estim\u00e9e\" \/>\n\t<meta name=\"twitter:data2\" content=\"2 minutes\" \/>\n<script type=\"application\/ld+json\" class=\"yoast-schema-graph\">{\"@context\":\"https:\\\/\\\/schema.org\",\"@graph\":[{\"@type\":\"Article\",\"@id\":\"https:\\\/\\\/www.bellunopress.it\\\/2026\\\/06\\\/19\\\/val-di-canzoi-riapre-il-punto-di-ristoro-di-orsera\\\/#article\",\"isPartOf\":{\"@id\":\"https:\\\/\\\/www.bellunopress.it\\\/2026\\\/06\\\/19\\\/val-di-canzoi-riapre-il-punto-di-ristoro-di-orsera\\\/\"},\"author\":{\"name\":\"redazione\",\"@id\":\"https:\\\/\\\/www.bellunopress.it\\\/#\\\/schema\\\/person\\\/79bb06722b37ece1c03d3e94beb30d73\"},\"headline\":\"Val di Canzoi, riapre il punto di ristoro di Orsera\",\"datePublished\":\"2026-06-19T05:03:50+00:00\",\"mainEntityOfPage\":{\"@id\":\"https:\\\/\\\/www.bellunopress.it\\\/2026\\\/06\\\/19\\\/val-di-canzoi-riapre-il-punto-di-ristoro-di-orsera\\\/\"},\"wordCount\":328,\"publisher\":{\"@id\":\"https:\\\/\\\/www.bellunopress.it\\\/#organization\"},\"image\":{\"@id\":\"https:\\\/\\\/www.bellunopress.it\\\/2026\\\/06\\\/19\\\/val-di-canzoi-riapre-il-punto-di-ristoro-di-orsera\\\/#primaryimage\"},\"thumbnailUrl\":\"https:\\\/\\\/www.bellunopress.it\\\/wp-content\\\/uploads\\\/2024\\\/03\\\/Locazione_turistica_ValCanzoi-Orsera-Cesiomaggiore_edited.jpg\",\"articleSection\":[\"Pausa Caff\u00e8\",\"Sport, tempo libero\"],\"inLanguage\":\"fr-FR\"},{\"@type\":\"WebPage\",\"@id\":\"https:\\\/\\\/www.bellunopress.it\\\/2026\\\/06\\\/19\\\/val-di-canzoi-riapre-il-punto-di-ristoro-di-orsera\\\/\",\"url\":\"https:\\\/\\\/www.bellunopress.it\\\/2026\\\/06\\\/19\\\/val-di-canzoi-riapre-il-punto-di-ristoro-di-orsera\\\/\",\"name\":\"Val di Canzoi, riapre il punto di ristoro di Orsera - Bellunopress - Dolomiti\",\"isPartOf\":{\"@id\":\"https:\\\/\\\/www.bellunopress.it\\\/#website\"},\"primaryImageOfPage\":{\"@id\":\"https:\\\/\\\/www.bellunopress.it\\\/2026\\\/06\\\/19\\\/val-di-canzoi-riapre-il-punto-di-ristoro-di-orsera\\\/#primaryimage\"},\"image\":{\"@id\":\"https:\\\/\\\/www.bellunopress.it\\\/2026\\\/06\\\/19\\\/val-di-canzoi-riapre-il-punto-di-ristoro-di-orsera\\\/#primaryimage\"},\"thumbnailUrl\":\"https:\\\/\\\/www.bellunopress.it\\\/wp-content\\\/uploads\\\/2024\\\/03\\\/Locazione_turistica_ValCanzoi-Orsera-Cesiomaggiore_edited.jpg\",\"datePublished\":\"2026-06-19T05:03:50+00:00\",\"breadcrumb\":{\"@id\":\"https:\\\/\\\/www.bellunopress.it\\\/2026\\\/06\\\/19\\\/val-di-canzoi-riapre-il-punto-di-ristoro-di-orsera\\\/#breadcrumb\"},\"inLanguage\":\"fr-FR\",\"potentialAction\":[{\"@type\":\"ReadAction\",\"target\":[\"https:\\\/\\\/www.bellunopress.it\\\/2026\\\/06\\\/19\\\/val-di-canzoi-riapre-il-punto-di-ristoro-di-orsera\\\/\"]}]},{\"@type\":\"ImageObject\",\"inLanguage\":\"fr-FR\",\"@id\":\"https:\\\/\\\/www.bellunopress.it\\\/2026\\\/06\\\/19\\\/val-di-canzoi-riapre-il-punto-di-ristoro-di-orsera\\\/#primaryimage\",\"url\":\"https:\\\/\\\/www.bellunopress.it\\\/wp-content\\\/uploads\\\/2024\\\/03\\\/Locazione_turistica_ValCanzoi-Orsera-Cesiomaggiore_edited.jpg\",\"contentUrl\":\"https:\\\/\\\/www.bellunopress.it\\\/wp-content\\\/uploads\\\/2024\\\/03\\\/Locazione_turistica_ValCanzoi-Orsera-Cesiomaggiore_edited.jpg\",\"width\":1000,\"height\":625,\"caption\":\"Orsera, Val Canzoi (Marzo 2024)\"},{\"@type\":\"BreadcrumbList\",\"@id\":\"https:\\\/\\\/www.bellunopress.it\\\/2026\\\/06\\\/19\\\/val-di-canzoi-riapre-il-punto-di-ristoro-di-orsera\\\/#breadcrumb\",\"itemListElement\":[{\"@type\":\"ListItem\",\"position\":1,\"name\":\"Home\",\"item\":\"https:\\\/\\\/www.bellunopress.it\\\/\"},{\"@type\":\"ListItem\",\"position\":2,\"name\":\"Val di Canzoi, riapre il punto di ristoro di Orsera\"}]},{\"@type\":\"WebSite\",\"@id\":\"https:\\\/\\\/www.bellunopress.it\\\/#website\",\"url\":\"https:\\\/\\\/www.bellunopress.it\\\/\",\"name\":\"Bellunopress - Dolomiti\",\"description\":\"e-mail: redazione@bellunopress.it\",\"publisher\":{\"@id\":\"https:\\\/\\\/www.bellunopress.it\\\/#organization\"},\"potentialAction\":[{\"@type\":\"SearchAction\",\"target\":{\"@type\":\"EntryPoint\",\"urlTemplate\":\"https:\\\/\\\/www.bellunopress.it\\\/?s={search_term_string}\"},\"query-input\":{\"@type\":\"PropertyValueSpecification\",\"valueRequired\":true,\"valueName\":\"search_term_string\"}}],\"inLanguage\":\"fr-FR\"},{\"@type\":\"Organization\",\"@id\":\"https:\\\/\\\/www.bellunopress.it\\\/#organization\",\"name\":\"Bellunopress\",\"url\":\"https:\\\/\\\/www.bellunopress.it\\\/\",\"logo\":{\"@type\":\"ImageObject\",\"inLanguage\":\"fr-FR\",\"@id\":\"https:\\\/\\\/www.bellunopress.it\\\/#\\\/schema\\\/logo\\\/image\\\/\",\"url\":\"https:\\\/\\\/www.bellunopress.it\\\/wp-content\\\/uploads\\\/2011\\\/05\\\/cropped-logo-bellunopress-.jpg\",\"contentUrl\":\"https:\\\/\\\/www.bellunopress.it\\\/wp-content\\\/uploads\\\/2011\\\/05\\\/cropped-logo-bellunopress-.jpg\",\"width\":512,\"height\":512,\"caption\":\"Bellunopress\"},\"image\":{\"@id\":\"https:\\\/\\\/www.bellunopress.it\\\/#\\\/schema\\\/logo\\\/image\\\/\"},\"sameAs\":[\"https:\\\/\\\/www.facebook.com\\\/profile.php?id=100008943462799\",\"https:\\\/\\\/x.com\\\/bellunopress\",\"https:\\\/\\\/www.linkedin.com\\\/hp\\\/?dnr=JBzUWaJfMUw8vbXJJ2tVW5-I3jZKvC4wsoxE&amp;amp;amp;amp;amp;amp;trk=nav_responsive_tab_home\",\"https:\\\/\\\/www.youtube.com\\\/channel\\\/UCxL0wu1uN0_3_7hGG0306cw\"]},{\"@type\":\"Person\",\"@id\":\"https:\\\/\\\/www.bellunopress.it\\\/#\\\/schema\\\/person\\\/79bb06722b37ece1c03d3e94beb30d73\",\"name\":\"redazione\",\"image\":{\"@type\":\"ImageObject\",\"inLanguage\":\"fr-FR\",\"@id\":\"https:\\\/\\\/secure.gravatar.com\\\/avatar\\\/37d968a2e67a6fd04c169c4bdef102d0bc5d31b2546345219e348575eb80e9a0?s=96&d=mm&r=g\",\"url\":\"https:\\\/\\\/secure.gravatar.com\\\/avatar\\\/37d968a2e67a6fd04c169c4bdef102d0bc5d31b2546345219e348575eb80e9a0?s=96&d=mm&r=g\",\"contentUrl\":\"https:\\\/\\\/secure.gravatar.com\\\/avatar\\\/37d968a2e67a6fd04c169c4bdef102d0bc5d31b2546345219e348575eb80e9a0?s=96&d=mm&r=g\",\"caption\":\"redazione\"},\"sameAs\":[\"http:\\\/\\\/www.bellunopress.it\",\"https:\\\/\\\/x.com\\\/bellunopress\"],\"url\":\"https:\\\/\\\/www.bellunopress.it\\\/fr\\\/author\\\/redazione\\\/\"}]}<\/script>\n<!-- \/ Yoast SEO plugin. -->","yoast_head_json":{"title":"Val di Canzoi, riapre il punto di ristoro di Orsera - Bellunopress - Dolomiti","robots":{"index":"index","follow":"follow","max-snippet":"max-snippet:-1","max-image-preview":"max-image-preview:large","max-video-preview":"max-video-preview:-1"},"canonical":"https:\/\/www.bellunopress.it\/fr\/2026\/06\/19\/val-di-canzoi-riapre-il-punto-di-ristoro-di-orsera\/","og_locale":"fr_FR","og_type":"article","og_title":"Val di Canzoi, riapre il punto di ristoro di Orsera - Bellunopress - Dolomiti","og_description":"Cesiomaggiore, 19\/06\/2026\u00a0\u2013 Buone notizie per gli amanti della montagna e per il turismo locale. L\u2019Amministrazione comunale di Cesiomaggiore ha annunciato ufficialmente la riapertura del punto di ristoro di Orsera, in Val di Canzoi, uno dei luoghi pi\u00f9 amati e frequentati dai visitatori e porta di accesso privilegiata al Parco Nazionale delle Dolomiti Bellunesi. La struttura [&hellip;]","og_url":"https:\/\/www.bellunopress.it\/fr\/2026\/06\/19\/val-di-canzoi-riapre-il-punto-di-ristoro-di-orsera\/","og_site_name":"Bellunopress - Dolomiti","article_publisher":"https:\/\/www.facebook.com\/profile.php?id=100008943462799","article_published_time":"2026-06-19T05:03:50+00:00","og_image":[{"width":1000,"height":625,"url":"https:\/\/www.bellunopress.it\/wp-content\/uploads\/2024\/03\/Locazione_turistica_ValCanzoi-Orsera-Cesiomaggiore_edited.jpg","type":"image\/jpeg"}],"author":"redazione","twitter_card":"summary_large_image","twitter_creator":"@bellunopress","twitter_site":"@bellunopress","twitter_misc":{"\u00c9crit par":"redazione","Dur\u00e9e de lecture estim\u00e9e":"2 minutes"},"schema":{"@context":"https:\/\/schema.org","@graph":[{"@type":"Article","@id":"https:\/\/www.bellunopress.it\/2026\/06\/19\/val-di-canzoi-riapre-il-punto-di-ristoro-di-orsera\/#article","isPartOf":{"@id":"https:\/\/www.bellunopress.it\/2026\/06\/19\/val-di-canzoi-riapre-il-punto-di-ristoro-di-orsera\/"},"author":{"name":"redazione","@id":"https:\/\/www.bellunopress.it\/#\/schema\/person\/79bb06722b37ece1c03d3e94beb30d73"},"headline":"Val di Canzoi, riapre il punto di ristoro di Orsera","datePublished":"2026-06-19T05:03:50+00:00","mainEntityOfPage":{"@id":"https:\/\/www.bellunopress.it\/2026\/06\/19\/val-di-canzoi-riapre-il-punto-di-ristoro-di-orsera\/"},"wordCount":328,"publisher":{"@id":"https:\/\/www.bellunopress.it\/#organization"},"image":{"@id":"https:\/\/www.bellunopress.it\/2026\/06\/19\/val-di-canzoi-riapre-il-punto-di-ristoro-di-orsera\/#primaryimage"},"thumbnailUrl":"https:\/\/www.bellunopress.it\/wp-content\/uploads\/2024\/03\/Locazione_turistica_ValCanzoi-Orsera-Cesiomaggiore_edited.jpg","articleSection":["Pausa Caff\u00e8","Sport, tempo libero"],"inLanguage":"fr-FR"},{"@type":"WebPage","@id":"https:\/\/www.bellunopress.it\/2026\/06\/19\/val-di-canzoi-riapre-il-punto-di-ristoro-di-orsera\/","url":"https:\/\/www.bellunopress.it\/2026\/06\/19\/val-di-canzoi-riapre-il-punto-di-ristoro-di-orsera\/","name":"Val di Canzoi, riapre il punto di ristoro di Orsera - Bellunopress - Dolomiti","isPartOf":{"@id":"https:\/\/www.bellunopress.it\/#website"},"primaryImageOfPage":{"@id":"https:\/\/www.bellunopress.it\/2026\/06\/19\/val-di-canzoi-riapre-il-punto-di-ristoro-di-orsera\/#primaryimage"},"image":{"@id":"https:\/\/www.bellunopress.it\/2026\/06\/19\/val-di-canzoi-riapre-il-punto-di-ristoro-di-orsera\/#primaryimage"},"thumbnailUrl":"https:\/\/www.bellunopress.it\/wp-content\/uploads\/2024\/03\/Locazione_turistica_ValCanzoi-Orsera-Cesiomaggiore_edited.jpg","datePublished":"2026-06-19T05:03:50+00:00","breadcrumb":{"@id":"https:\/\/www.bellunopress.it\/2026\/06\/19\/val-di-canzoi-riapre-il-punto-di-ristoro-di-orsera\/#breadcrumb"},"inLanguage":"fr-FR","potentialAction":[{"@type":"ReadAction","target":["https:\/\/www.bellunopress.it\/2026\/06\/19\/val-di-canzoi-riapre-il-punto-di-ristoro-di-orsera\/"]}]},{"@type":"ImageObject","inLanguage":"fr-FR","@id":"https:\/\/www.bellunopress.it\/2026\/06\/19\/val-di-canzoi-riapre-il-punto-di-ristoro-di-orsera\/#primaryimage","url":"https:\/\/www.bellunopress.it\/wp-content\/uploads\/2024\/03\/Locazione_turistica_ValCanzoi-Orsera-Cesiomaggiore_edited.jpg","contentUrl":"https:\/\/www.bellunopress.it\/wp-content\/uploads\/2024\/03\/Locazione_turistica_ValCanzoi-Orsera-Cesiomaggiore_edited.jpg","width":1000,"height":625,"caption":"Orsera, Val Canzoi (Marzo 2024)"},{"@type":"BreadcrumbList","@id":"https:\/\/www.bellunopress.it\/2026\/06\/19\/val-di-canzoi-riapre-il-punto-di-ristoro-di-orsera\/#breadcrumb","itemListElement":[{"@type":"ListItem","position":1,"name":"Home","item":"https:\/\/www.bellunopress.it\/"},{"@type":"ListItem","position":2,"name":"Val di Canzoi, riapre il punto di ristoro di Orsera"}]},{"@type":"WebSite","@id":"https:\/\/www.bellunopress.it\/#website","url":"https:\/\/www.bellunopress.it\/","name":"Bellunopress - Dolomiti","description":"e-mail: redazione@bellunopress.it","publisher":{"@id":"https:\/\/www.bellunopress.it\/#organization"},"potentialAction":[{"@type":"SearchAction","target":{"@type":"EntryPoint","urlTemplate":"https:\/\/www.bellunopress.it\/?s={search_term_string}"},"query-input":{"@type":"PropertyValueSpecification","valueRequired":true,"valueName":"search_term_string"}}],"inLanguage":"fr-FR"},{"@type":"Organization","@id":"https:\/\/www.bellunopress.it\/#organization","name":"Bellunopress","url":"https:\/\/www.bellunopress.it\/","logo":{"@type":"ImageObject","inLanguage":"fr-FR","@id":"https:\/\/www.bellunopress.it\/#\/schema\/logo\/image\/","url":"https:\/\/www.bellunopress.it\/wp-content\/uploads\/2011\/05\/cropped-logo-bellunopress-.jpg","contentUrl":"https:\/\/www.bellunopress.it\/wp-content\/uploads\/2011\/05\/cropped-logo-bellunopress-.jpg","width":512,"height":512,"caption":"Bellunopress"},"image":{"@id":"https:\/\/www.bellunopress.it\/#\/schema\/logo\/image\/"},"sameAs":["https:\/\/www.facebook.com\/profile.php?id=100008943462799","https:\/\/x.com\/bellunopress","https:\/\/www.linkedin.com\/hp\/?dnr=JBzUWaJfMUw8vbXJJ2tVW5-I3jZKvC4wsoxE&amp;amp;amp;amp;amp;amp;trk=nav_responsive_tab_home","https:\/\/www.youtube.com\/channel\/UCxL0wu1uN0_3_7hGG0306cw"]},{"@type":"Person","@id":"https:\/\/www.bellunopress.it\/#\/schema\/person\/79bb06722b37ece1c03d3e94beb30d73","name":"r\u00e9daction","image":{"@type":"ImageObject","inLanguage":"fr-FR","@id":"https:\/\/secure.gravatar.com\/avatar\/37d968a2e67a6fd04c169c4bdef102d0bc5d31b2546345219e348575eb80e9a0?s=96&d=mm&r=g","url":"https:\/\/secure.gravatar.com\/avatar\/37d968a2e67a6fd04c169c4bdef102d0bc5d31b2546345219e348575eb80e9a0?s=96&d=mm&r=g","contentUrl":"https:\/\/secure.gravatar.com\/avatar\/37d968a2e67a6fd04c169c4bdef102d0bc5d31b2546345219e348575eb80e9a0?s=96&d=mm&r=g","caption":"redazione"},"sameAs":["http:\/\/www.bellunopress.it","https:\/\/x.com\/bellunopress"],"url":"https:\/\/www.bellunopress.it\/fr\/author\/redazione\/"}]}},"_links":{"self":[{"href":"https:\/\/www.bellunopress.it\/fr\/wp-json\/wp\/v2\/posts\/171071","targetHints":{"allow":["GET"]}}],"collection":[{"href":"https:\/\/www.bellunopress.it\/fr\/wp-json\/wp\/v2\/posts"}],"about":[{"href":"https:\/\/www.bellunopress.it\/fr\/wp-json\/wp\/v2\/types\/post"}],"author":[{"embeddable":true,"href":"https:\/\/www.bellunopress.it\/fr\/wp-json\/wp\/v2\/users\/2"}],"replies":[{"embeddable":true,"href":"https:\/\/www.bellunopress.it\/fr\/wp-json\/wp\/v2\/comments?post=171071"}],"version-history":[{"count":1,"href":"https:\/\/www.bellunopress.it\/fr\/wp-json\/wp\/v2\/posts\/171071\/revisions"}],"predecessor-version":[{"id":171072,"href":"https:\/\/www.bellunopress.it\/fr\/wp-json\/wp\/v2\/posts\/171071\/revisions\/171072"}],"wp:featuredmedia":[{"embeddable":true,"href":"https:\/\/www.bellunopress.it\/fr\/wp-json\/wp\/v2\/media\/149205"}],"wp:attachment":[{"href":"https:\/\/www.bellunopress.it\/fr\/wp-json\/wp\/v2\/media?parent=171071"}],"wp:term":[{"taxonomy":"category","embeddable":true,"href":"https:\/\/www.bellunopress.it\/fr\/wp-json\/wp\/v2\/categories?post=171071"},{"taxonomy":"post_tag","embeddable":true,"href":"https:\/\/www.bellunopress.it\/fr\/wp-json\/wp\/v2\/tags?post=171071"}],"curies":[{"name":"wp","href":"https:\/\/api.w.org\/{rel}","templated":true}]}}